{"id":139064,"date":"2021-03-25T23:51:14","date_gmt":"2021-03-26T02:51:14","guid":{"rendered":"http:\/\/diariotextual.com\/inicio\/?p=139064"},"modified":"2021-03-26T09:21:04","modified_gmt":"2021-03-26T12:21:04","slug":"farana-nuevo-intendente-de-santa-isabel-a-paturlanne-le-falto-escuchar","status":"publish","type":"post","link":"https:\/\/diariotextual.com\/inicio\/index.php\/2021\/03\/25\/farana-nuevo-intendente-de-santa-isabel-a-paturlanne-le-falto-escuchar\/","title":{"rendered":"Farana, nuevo intendente de Santa Isabel: \u201cA Paturlanne le falt\u00f3 escuchar\u201d"},"content":{"rendered":"\n<p>Guillermo Farana se convirti\u00f3 en la noche de este jueves en el nuevo intendente del pueblo de Santa Isabel, luego de haber impulsado y logrado<strong><a href=\"http:\/\/diariotextual.com\/inicio\/index.php\/2021\/03\/25\/el-concejo-en-una-maniobra-anunciada-echo-a-la-intendenta-paturlanne\/\" target=\"_blank\" rel=\"noreferrer noopener\"> la destituci\u00f3n de Marta Paturlanne<\/a><\/strong>, a quien acus\u00f3 de irregularidades administrativas y de pagos nos justificados. \u201cA Paturlanne le falt\u00f3 autocr\u00edtica. Le falt\u00f3 escuchar las voces\u201d, dijo segundos despu\u00e9s de jurar sobre una Biblia.<\/p>\n\n\n\n<p>\u201cNo todos sabemos todo. A veces nos equivocamos\u201d, dijo, en referencia a Paturlanne. \u201cNo todos tenemos que saber la Ley Org\u00e1nica de Municipalidades o la Ley de Contabilidad. Y no culpemos a la gente que recibi\u00f3 los pagos irregulares, porque la que cometi\u00f3 los errores administrativos fue Paturlanne. Ellos tambi\u00e9n fueron v\u00edctimas\u201d, dijo.<\/p>\n\n\n\n<p>\u201cGast\u00f3 un mill\u00f3n de pesos en asesores contables y legales y ninguno le permiti\u00f3 hacer un procedimiento correcto para justificar los pagos&#8230;\u201d, expres\u00f3.<\/p>\n\n\n\n<p>\u201cMa\u00f1ana estaremos en la municipalidad. El pueblo es de todos y la municipalidad es de todos\u201d, sostuvo.<\/p>\n\n\n\n<p>Tambi\u00e9n le dedic\u00f3 un p\u00e1rrafo al Gobierno de Sergio Ziliotto. \u201cLe agradezco que no haya intervenido (la intendencia). Ha permitido que funcionaran las instituciones. No se llev\u00f3 por cosas que le llegaban de otros sectores\u201d, sostuvo.<\/p>\n\n\n\n<figure class=\"wp-block-embed is-type-wp-embed is-provider-diario-textual wp-block-embed-diario-textual\"><div class=\"wp-block-embed__wrapper\">\n<blockquote class=\"wp-embedded-content\" data-secret=\"ewnzKAaX9W\"><a href=\"http:\/\/diariotextual.com\/inicio\/index.php\/2021\/03\/25\/el-concejo-en-una-maniobra-anunciada-echo-a-la-intendenta-paturlanne\/\">El concejo, en una maniobra anunciada, ech\u00f3 a la intendenta Paturlanne<\/a><\/blockquote><iframe class=\"wp-embedded-content\" sandbox=\"allow-scripts\" security=\"restricted\" style=\"position: absolute; clip: rect(1px, 1px, 1px, 1px);\" title=\"\u00abEl concejo, en una maniobra anunciada, ech\u00f3 a la intendenta Paturlanne\u00bb \u2014 Diario Textual\" src=\"http:\/\/diariotextual.com\/inicio\/index.php\/2021\/03\/25\/el-concejo-en-una-maniobra-anunciada-echo-a-la-intendenta-paturlanne\/embed\/#?secret=ewnzKAaX9W\" data-secret=\"ewnzKAaX9W\" width=\"600\" height=\"338\" frameborder=\"0\" marginwidth=\"0\" marginheight=\"0\" scrolling=\"no\"><\/iframe>\n<\/div><\/figure>\n\n\n\n<p><strong>El pueblo de Santa Isabel vivi\u00f3 este jueves un d\u00eda hist\u00f3rico: el<\/strong>&nbsp;<strong>concejo deliberante aprob\u00f3<\/strong>, en una sesi\u00f3n especial y por mayor\u00eda de 4 votos contra 2, la&nbsp;<strong>destituci\u00f3n<\/strong>&nbsp;de la intendenta&nbsp;<strong>Paturlanne<\/strong>&nbsp;(Frejupa, peronismo). La jefa comunal&nbsp;<strong>no se present\u00f3 a la audiencia, pero envi\u00f3 una nota de descargo por las 25 presuntas irregularidades<\/strong>, entre ellos pagos no justificados,&nbsp;se\u00f1aladas por una comisi\u00f3n investigadora. Dijo que<strong>&nbsp;no cometi\u00f3 delitos y que por eso no hay elementos para echarla<\/strong>. Sin embargo,&nbsp;<strong>en una maniobra que se ven\u00eda cocinando desde el a\u00f1o pasado y con un final cantado, la desplazaron con 4 votos de concejales del peronismo y del macrismo y 2 en contra del peronismo. En su lugar, tom\u00f3 el sill\u00f3n municipal Guillermo Farana<\/strong>. Afuera del recinto, bajo la lluvia, hubo aplausos de un grupo de pobladores.<\/p>\n\n\n\n<p>La acusaci\u00f3n fue impulsada por Farana. Precisamente uno de sus compa\u00f1eros de boleta en las elecciones de 2019. \u201cNo me importa ser intendente. Yo solo quiere que todo sea transparente\u201d, dijo Farana, al responder a los se\u00f1alamientos por su embestida contra la jefe comunal.<\/p>\n\n\n\n<p>Paturlanne -militante de la marinista l\u00ednea Convergencia y sin experiencia en la gesti\u00f3n pol\u00edtica- recibi\u00f3 un pueblo sumido en un grave desmanejo, luego de a\u00f1os de gobierno del vernista Jos\u00e9 Luis Rodr\u00edguez.<\/p>\n\n\n\n<p>En ese marco, y bajo la pandemia, tom\u00f3 una serie de medidas que enojaron a Farana, a sus exsocios pol\u00edticos y a los opositores.<\/p>\n\n\n\n<p>Ya a mediados de 2020, la relaci\u00f3n se tens\u00f3 y el vice decidi\u00f3 avanzar contra Paturlanne. Incluso, a fines del a\u00f1o pasado, logr\u00f3 suspenderla y ocupar el sill\u00f3n durante un mes.<\/p>\n\n\n\n<p>La sesi\u00f3n especial de este jueves comenz\u00f3 minutos a las 19.20 horas, con una fuerte presencia policial.<\/p>\n\n\n\n<p>En un primer momento, los concejales leyeron la acusaci\u00f3n de la comisi\u00f3n investigadora. Se trat\u00f3 de una acusaci\u00f3n realizada por Bernardo Ocejo, con 25 puntos en los que se\u00f1al\u00f3 presuntas irregularidades.<\/p>\n\n\n\n<p>Entre otras acusaciones, Paturlanne -quien el a\u00f1o ya hab\u00eda sido suspendida por los concejales, aunque luego logr\u00f3 ser repuesta en el cargo por la Justicia- fue imputada de aumentarse su salario y el de sus funcionarios en diciembre de 2019 sin autorizaci\u00f3n del cuerpo deliberativo (posteriormente decidi\u00f3 donar su salario); de no presentar a tiempo los balances mensuales y rendiciones de cuentas (NdeR: posteriormente hubo balances que se presentaron; incluso este jueves 25 intent\u00f3 presentar m\u00e1s balances, pero llamativamente el concejo no los acept\u00f3); de no presentar a tiempo los presupuestos; de no responder pedidos de informes; de bonificaciones de tasas a sus allegados; de contratar a empleados en forma irregular; y hasta de pagar unos 80 mil pesos a un vecino por alquileres adeudados del lugar donde se estableci\u00f3 la sede partidaria del PJ, unidad b\u00e1sica de campa\u00f1a, ajenos al municipio.<\/p>\n\n\n\n<p>Adem\u00e1s, la acusaron de una \u201comisi\u00f3n de presentar declaraci\u00f3n jurada de sus bienes\u201d; de no realizar inventarios de los bienes municipales; de hacer transferencias irregulares de dinero a abogados; de no dar \u201cinformaci\u00f3n a la comisi\u00f3n investigadora\u201d; y de efectuar \u201ctransferencias sin concursos de precios\u201d.<\/p>\n\n\n\n<p>Luego se ley\u00f3 la nota entregada por la jefa comunal. Dijo, al cuestionar la acusaci\u00f3n, que el procedimiento de hoy \u201cno est\u00e1 fijado por ley\u201d, que se \u201cha violado el principio de debido proceso\u201d y que en el concejo se han \u201catropellado los derechos pol\u00edticos\u201d.<\/p>\n\n\n\n<p>La jefa comunal sostuvo que no cometi\u00f3 delito. \u201cReconozco haber realizado algunos actos por desconocimiento, pero nunca con la voluntad de cometer una ilegalidad\u201d, sostuvo.<\/p>\n\n\n\n<p>Paturlanne expres\u00f3 que por \u201cfalta de experiencia y desconocimiento en la materia\u201d se presentaron con demoras las rendiciones de cuentas. \u201cSiempre hubo voluntad de presentar las rendiciones. Nunca hubo voluntad de ocultar nada\u201d, expres\u00f3.<\/p>\n\n\n\n<p>Los concejales entraron, a las 19.50 horas, a un cuarto intermedio. Retomaron la sesi\u00f3n a las 20.35 horas, con la aprobaci\u00f3n de la destituci\u00f3n.<\/p>\n\n\n\n<p><strong>Por la destituci\u00f3n votaron los peronistas Guillermo Farana y Cristian Echegaray y los macristas Bibiana Garc\u00eda y Bernardo Ocejo.<\/strong><\/p>\n\n\n\n<p><strong>En contra del desplazamiento lo hicieron los peronistas Fabricio Dom\u00ednguez y Mar\u00eda Elizabeth Cabral.<\/strong><\/p>\n\n\n\n<p>Farana y los otros tres concejales dijeron, al votar, que en la investigaci\u00f3n e imputaci\u00f3n se respet\u00f3 la Ley Org\u00e1nica de Municipalidades y Comisiones de Fomento de La Pampa. Tambi\u00e9n, sostuvieron, \u201cse ha respetado el derecho de defensa y la independencia y objetividad\u201d de los concejales que la investigaron y se \u201cha acreditado la totalidad de las irregularidades\u201d investigadas.<\/p>\n\n\n\n<p>A su vez, dijeron que<strong>&nbsp;\u201cresult\u00f3 irrelevante el descargo\u201d realizado hoy por Paturlanne<\/strong>.<\/p>\n\n\n\n<p>Incluso&nbsp;<strong>resaltaron que la intendenta \u201cha provocado un perjuicio econ\u00f3mico a la intendencia\u201d&nbsp;y ha \u201cimpedido el control\u201d&nbsp;<\/strong>de los actos de gobierno.<\/p>\n","protected":false},"excerpt":{"rendered":"<p>Guillermo Farana se convirti\u00f3 en la noche de este jueves en el nuevo intendente del pueblo de Santa Isabel, luego de haber impulsado y logrado la destituci\u00f3n de Marta Paturlanne,&hellip;<\/p>\n","protected":false},"author":3,"featured_media":139066,"comment_status":"closed","ping_status":"open","sticky":false,"template":"","format":"standard","meta":{"_acf_changed":false,"footnotes":""},"categories":[10,8],"tags":[],"class_list":["post-139064","post","type-post","status-publish","format-standard","has-post-thumbnail","hentry","category-portada-2","category-politica"],"acf":[],"yoast_head":"<!-- This site is optimized with the Yoast SEO plugin v27.5 - https:\/\/yoast.com\/product\/yoast-seo-wordpress\/ -->\n<title>Farana, nuevo intendente de Santa Isabel: \u201cA Paturlanne le falt\u00f3 escuchar\u201d - Diario Textual<\/title>\n<meta name=\"robots\" content=\"index, follow, max-snippet:-1, max-image-preview:large, max-video-preview:-1\" \/>\n<link rel=\"canonical\" href=\"https:\/\/diariotextual.com\/inicio\/index.php\/2021\/03\/25\/farana-nuevo-intendente-de-santa-isabel-a-paturlanne-le-falto-escuchar\/\" \/>\n<meta property=\"og:locale\" content=\"es_ES\" \/>\n<meta property=\"og:type\" content=\"article\" \/>\n<meta property=\"og:title\" content=\"Farana, nuevo intendente de Santa Isabel: \u201cA Paturlanne le falt\u00f3 escuchar\u201d - Diario Textual\" \/>\n<meta property=\"og:description\" content=\"Guillermo Farana se convirti\u00f3 en la noche de este jueves en el nuevo intendente del pueblo de Santa Isabel, luego de haber impulsado y logrado la destituci\u00f3n de Marta Paturlanne,&hellip;\" \/>\n<meta property=\"og:url\" content=\"https:\/\/diariotextual.com\/inicio\/index.php\/2021\/03\/25\/farana-nuevo-intendente-de-santa-isabel-a-paturlanne-le-falto-escuchar\/\" \/>\n<meta property=\"og:site_name\" content=\"Diario Textual\" \/>\n<meta property=\"article:publisher\" content=\"https:\/\/www.facebook.com\/eltextual\" \/>\n<meta property=\"article:published_time\" content=\"2021-03-26T02:51:14+00:00\" \/>\n<meta property=\"article:modified_time\" content=\"2021-03-26T12:21:04+00:00\" \/>\n<meta property=\"og:image\" content=\"https:\/\/diariotextual.com\/inicio\/wp-content\/uploads\/2021\/03\/faranaguillermo0002.jpg\" \/>\n\t<meta property=\"og:image:width\" content=\"957\" \/>\n\t<meta property=\"og:image:height\" content=\"662\" \/>\n\t<meta property=\"og:image:type\" content=\"image\/jpeg\" \/>\n<meta name=\"author\" content=\"Diario1 Diario1\" \/>\n<meta name=\"twitter:card\" content=\"summary_large_image\" \/>\n<meta name=\"twitter:creator\" content=\"@eltextual\" \/>\n<meta name=\"twitter:site\" content=\"@eltextual\" \/>\n<meta name=\"twitter:label1\" content=\"Escrito por\" \/>\n\t<meta name=\"twitter:data1\" content=\"Diario1 Diario1\" \/>\n\t<meta name=\"twitter:label2\" content=\"Tiempo de lectura\" \/>\n\t<meta name=\"twitter:data2\" content=\"5 minutos\" \/>\n<script type=\"application\/ld+json\" class=\"yoast-schema-graph\">{\"@context\":\"https:\\\/\\\/schema.org\",\"@graph\":[{\"@type\":\"Article\",\"@id\":\"https:\\\/\\\/diariotextual.com\\\/inicio\\\/index.php\\\/2021\\\/03\\\/25\\\/farana-nuevo-intendente-de-santa-isabel-a-paturlanne-le-falto-escuchar\\\/#article\",\"isPartOf\":{\"@id\":\"https:\\\/\\\/diariotextual.com\\\/inicio\\\/index.php\\\/2021\\\/03\\\/25\\\/farana-nuevo-intendente-de-santa-isabel-a-paturlanne-le-falto-escuchar\\\/\"},\"author\":{\"name\":\"Diario1 Diario1\",\"@id\":\"https:\\\/\\\/diariotextual.com\\\/inicio\\\/#\\\/schema\\\/person\\\/418fc4093c33e86ed41562db3508f958\"},\"headline\":\"Farana, nuevo intendente de Santa Isabel: \u201cA Paturlanne le falt\u00f3 escuchar\u201d\",\"datePublished\":\"2021-03-26T02:51:14+00:00\",\"dateModified\":\"2021-03-26T12:21:04+00:00\",\"mainEntityOfPage\":{\"@id\":\"https:\\\/\\\/diariotextual.com\\\/inicio\\\/index.php\\\/2021\\\/03\\\/25\\\/farana-nuevo-intendente-de-santa-isabel-a-paturlanne-le-falto-escuchar\\\/\"},\"wordCount\":1026,\"publisher\":{\"@id\":\"https:\\\/\\\/diariotextual.com\\\/inicio\\\/#organization\"},\"image\":{\"@id\":\"https:\\\/\\\/diariotextual.com\\\/inicio\\\/index.php\\\/2021\\\/03\\\/25\\\/farana-nuevo-intendente-de-santa-isabel-a-paturlanne-le-falto-escuchar\\\/#primaryimage\"},\"thumbnailUrl\":\"https:\\\/\\\/diariotextual.com\\\/inicio\\\/wp-content\\\/uploads\\\/2021\\\/03\\\/faranaguillermo0002.jpg\",\"articleSection\":[\"A - PORTADA2\",\"POLITICA\"],\"inLanguage\":\"es\"},{\"@type\":\"WebPage\",\"@id\":\"https:\\\/\\\/diariotextual.com\\\/inicio\\\/index.php\\\/2021\\\/03\\\/25\\\/farana-nuevo-intendente-de-santa-isabel-a-paturlanne-le-falto-escuchar\\\/\",\"url\":\"https:\\\/\\\/diariotextual.com\\\/inicio\\\/index.php\\\/2021\\\/03\\\/25\\\/farana-nuevo-intendente-de-santa-isabel-a-paturlanne-le-falto-escuchar\\\/\",\"name\":\"Farana, nuevo intendente de Santa Isabel: \u201cA Paturlanne le falt\u00f3 escuchar\u201d - Diario Textual\",\"isPartOf\":{\"@id\":\"https:\\\/\\\/diariotextual.com\\\/inicio\\\/#website\"},\"primaryImageOfPage\":{\"@id\":\"https:\\\/\\\/diariotextual.com\\\/inicio\\\/index.php\\\/2021\\\/03\\\/25\\\/farana-nuevo-intendente-de-santa-isabel-a-paturlanne-le-falto-escuchar\\\/#primaryimage\"},\"image\":{\"@id\":\"https:\\\/\\\/diariotextual.com\\\/inicio\\\/index.php\\\/2021\\\/03\\\/25\\\/farana-nuevo-intendente-de-santa-isabel-a-paturlanne-le-falto-escuchar\\\/#primaryimage\"},\"thumbnailUrl\":\"https:\\\/\\\/diariotextual.com\\\/inicio\\\/wp-content\\\/uploads\\\/2021\\\/03\\\/faranaguillermo0002.jpg\",\"datePublished\":\"2021-03-26T02:51:14+00:00\",\"dateModified\":\"2021-03-26T12:21:04+00:00\",\"breadcrumb\":{\"@id\":\"https:\\\/\\\/diariotextual.com\\\/inicio\\\/index.php\\\/2021\\\/03\\\/25\\\/farana-nuevo-intendente-de-santa-isabel-a-paturlanne-le-falto-escuchar\\\/#breadcrumb\"},\"inLanguage\":\"es\",\"potentialAction\":[{\"@type\":\"ReadAction\",\"target\":[\"https:\\\/\\\/diariotextual.com\\\/inicio\\\/index.php\\\/2021\\\/03\\\/25\\\/farana-nuevo-intendente-de-santa-isabel-a-paturlanne-le-falto-escuchar\\\/\"]}]},{\"@type\":\"ImageObject\",\"inLanguage\":\"es\",\"@id\":\"https:\\\/\\\/diariotextual.com\\\/inicio\\\/index.php\\\/2021\\\/03\\\/25\\\/farana-nuevo-intendente-de-santa-isabel-a-paturlanne-le-falto-escuchar\\\/#primaryimage\",\"url\":\"https:\\\/\\\/diariotextual.com\\\/inicio\\\/wp-content\\\/uploads\\\/2021\\\/03\\\/faranaguillermo0002.jpg\",\"contentUrl\":\"https:\\\/\\\/diariotextual.com\\\/inicio\\\/wp-content\\\/uploads\\\/2021\\\/03\\\/faranaguillermo0002.jpg\",\"width\":957,\"height\":662},{\"@type\":\"BreadcrumbList\",\"@id\":\"https:\\\/\\\/diariotextual.com\\\/inicio\\\/index.php\\\/2021\\\/03\\\/25\\\/farana-nuevo-intendente-de-santa-isabel-a-paturlanne-le-falto-escuchar\\\/#breadcrumb\",\"itemListElement\":[{\"@type\":\"ListItem\",\"position\":1,\"name\":\"Portada\",\"item\":\"https:\\\/\\\/diariotextual.com\\\/inicio\\\/\"},{\"@type\":\"ListItem\",\"position\":2,\"name\":\"Farana, nuevo intendente de Santa Isabel: \u201cA Paturlanne le falt\u00f3 escuchar\u201d\"}]},{\"@type\":\"WebSite\",\"@id\":\"https:\\\/\\\/diariotextual.com\\\/inicio\\\/#website\",\"url\":\"https:\\\/\\\/diariotextual.com\\\/inicio\\\/\",\"name\":\"Diario Textual\",\"description\":\"\",\"publisher\":{\"@id\":\"https:\\\/\\\/diariotextual.com\\\/inicio\\\/#organization\"},\"potentialAction\":[{\"@type\":\"SearchAction\",\"target\":{\"@type\":\"EntryPoint\",\"urlTemplate\":\"https:\\\/\\\/diariotextual.com\\\/inicio\\\/?s={search_term_string}\"},\"query-input\":{\"@type\":\"PropertyValueSpecification\",\"valueRequired\":true,\"valueName\":\"search_term_string\"}}],\"inLanguage\":\"es\"},{\"@type\":\"Organization\",\"@id\":\"https:\\\/\\\/diariotextual.com\\\/inicio\\\/#organization\",\"name\":\"Diario Textual\",\"url\":\"https:\\\/\\\/diariotextual.com\\\/inicio\\\/\",\"logo\":{\"@type\":\"ImageObject\",\"inLanguage\":\"es\",\"@id\":\"https:\\\/\\\/diariotextual.com\\\/inicio\\\/#\\\/schema\\\/logo\\\/image\\\/\",\"url\":\"https:\\\/\\\/diariotextual.com\\\/inicio\\\/wp-content\\\/uploads\\\/2023\\\/05\\\/logotextual1.jpg\",\"contentUrl\":\"https:\\\/\\\/diariotextual.com\\\/inicio\\\/wp-content\\\/uploads\\\/2023\\\/05\\\/logotextual1.jpg\",\"width\":516,\"height\":76,\"caption\":\"Diario Textual\"},\"image\":{\"@id\":\"https:\\\/\\\/diariotextual.com\\\/inicio\\\/#\\\/schema\\\/logo\\\/image\\\/\"},\"sameAs\":[\"https:\\\/\\\/www.facebook.com\\\/eltextual\",\"https:\\\/\\\/x.com\\\/eltextual\",\"http:\\\/\\\/www.instagram.com\\\/eltextual\"]},{\"@type\":\"Person\",\"@id\":\"https:\\\/\\\/diariotextual.com\\\/inicio\\\/#\\\/schema\\\/person\\\/418fc4093c33e86ed41562db3508f958\",\"name\":\"Diario1 Diario1\",\"image\":{\"@type\":\"ImageObject\",\"inLanguage\":\"es\",\"@id\":\"https:\\\/\\\/secure.gravatar.com\\\/avatar\\\/9167d280179c85bc18be67aa7eda765854300033af4896dd779b608640f2ef7a?s=96&d=mm&r=g\",\"url\":\"https:\\\/\\\/secure.gravatar.com\\\/avatar\\\/9167d280179c85bc18be67aa7eda765854300033af4896dd779b608640f2ef7a?s=96&d=mm&r=g\",\"contentUrl\":\"https:\\\/\\\/secure.gravatar.com\\\/avatar\\\/9167d280179c85bc18be67aa7eda765854300033af4896dd779b608640f2ef7a?s=96&d=mm&r=g\",\"caption\":\"Diario1 Diario1\"},\"url\":\"https:\\\/\\\/diariotextual.com\\\/inicio\\\/index.php\\\/author\\\/diario1\\\/\"}]}<\/script>\n<!-- \/ Yoast SEO plugin. -->","yoast_head_json":{"title":"Farana, nuevo intendente de Santa Isabel: \u201cA Paturlanne le falt\u00f3 escuchar\u201d - Diario Textual","robots":{"index":"index","follow":"follow","max-snippet":"max-snippet:-1","max-image-preview":"max-image-preview:large","max-video-preview":"max-video-preview:-1"},"canonical":"https:\/\/diariotextual.com\/inicio\/index.php\/2021\/03\/25\/farana-nuevo-intendente-de-santa-isabel-a-paturlanne-le-falto-escuchar\/","og_locale":"es_ES","og_type":"article","og_title":"Farana, nuevo intendente de Santa Isabel: \u201cA Paturlanne le falt\u00f3 escuchar\u201d - Diario Textual","og_description":"Guillermo Farana se convirti\u00f3 en la noche de este jueves en el nuevo intendente del pueblo de Santa Isabel, luego de haber impulsado y logrado la destituci\u00f3n de Marta Paturlanne,&hellip;","og_url":"https:\/\/diariotextual.com\/inicio\/index.php\/2021\/03\/25\/farana-nuevo-intendente-de-santa-isabel-a-paturlanne-le-falto-escuchar\/","og_site_name":"Diario Textual","article_publisher":"https:\/\/www.facebook.com\/eltextual","article_published_time":"2021-03-26T02:51:14+00:00","article_modified_time":"2021-03-26T12:21:04+00:00","og_image":[{"width":957,"height":662,"url":"https:\/\/diariotextual.com\/inicio\/wp-content\/uploads\/2021\/03\/faranaguillermo0002.jpg","type":"image\/jpeg"}],"author":"Diario1 Diario1","twitter_card":"summary_large_image","twitter_creator":"@eltextual","twitter_site":"@eltextual","twitter_misc":{"Escrito por":"Diario1 Diario1","Tiempo de lectura":"5 minutos"},"schema":{"@context":"https:\/\/schema.org","@graph":[{"@type":"Article","@id":"https:\/\/diariotextual.com\/inicio\/index.php\/2021\/03\/25\/farana-nuevo-intendente-de-santa-isabel-a-paturlanne-le-falto-escuchar\/#article","isPartOf":{"@id":"https:\/\/diariotextual.com\/inicio\/index.php\/2021\/03\/25\/farana-nuevo-intendente-de-santa-isabel-a-paturlanne-le-falto-escuchar\/"},"author":{"name":"Diario1 Diario1","@id":"https:\/\/diariotextual.com\/inicio\/#\/schema\/person\/418fc4093c33e86ed41562db3508f958"},"headline":"Farana, nuevo intendente de Santa Isabel: \u201cA Paturlanne le falt\u00f3 escuchar\u201d","datePublished":"2021-03-26T02:51:14+00:00","dateModified":"2021-03-26T12:21:04+00:00","mainEntityOfPage":{"@id":"https:\/\/diariotextual.com\/inicio\/index.php\/2021\/03\/25\/farana-nuevo-intendente-de-santa-isabel-a-paturlanne-le-falto-escuchar\/"},"wordCount":1026,"publisher":{"@id":"https:\/\/diariotextual.com\/inicio\/#organization"},"image":{"@id":"https:\/\/diariotextual.com\/inicio\/index.php\/2021\/03\/25\/farana-nuevo-intendente-de-santa-isabel-a-paturlanne-le-falto-escuchar\/#primaryimage"},"thumbnailUrl":"https:\/\/diariotextual.com\/inicio\/wp-content\/uploads\/2021\/03\/faranaguillermo0002.jpg","articleSection":["A - PORTADA2","POLITICA"],"inLanguage":"es"},{"@type":"WebPage","@id":"https:\/\/diariotextual.com\/inicio\/index.php\/2021\/03\/25\/farana-nuevo-intendente-de-santa-isabel-a-paturlanne-le-falto-escuchar\/","url":"https:\/\/diariotextual.com\/inicio\/index.php\/2021\/03\/25\/farana-nuevo-intendente-de-santa-isabel-a-paturlanne-le-falto-escuchar\/","name":"Farana, nuevo intendente de Santa Isabel: \u201cA Paturlanne le falt\u00f3 escuchar\u201d - Diario Textual","isPartOf":{"@id":"https:\/\/diariotextual.com\/inicio\/#website"},"primaryImageOfPage":{"@id":"https:\/\/diariotextual.com\/inicio\/index.php\/2021\/03\/25\/farana-nuevo-intendente-de-santa-isabel-a-paturlanne-le-falto-escuchar\/#primaryimage"},"image":{"@id":"https:\/\/diariotextual.com\/inicio\/index.php\/2021\/03\/25\/farana-nuevo-intendente-de-santa-isabel-a-paturlanne-le-falto-escuchar\/#primaryimage"},"thumbnailUrl":"https:\/\/diariotextual.com\/inicio\/wp-content\/uploads\/2021\/03\/faranaguillermo0002.jpg","datePublished":"2021-03-26T02:51:14+00:00","dateModified":"2021-03-26T12:21:04+00:00","breadcrumb":{"@id":"https:\/\/diariotextual.com\/inicio\/index.php\/2021\/03\/25\/farana-nuevo-intendente-de-santa-isabel-a-paturlanne-le-falto-escuchar\/#breadcrumb"},"inLanguage":"es","potentialAction":[{"@type":"ReadAction","target":["https:\/\/diariotextual.com\/inicio\/index.php\/2021\/03\/25\/farana-nuevo-intendente-de-santa-isabel-a-paturlanne-le-falto-escuchar\/"]}]},{"@type":"ImageObject","inLanguage":"es","@id":"https:\/\/diariotextual.com\/inicio\/index.php\/2021\/03\/25\/farana-nuevo-intendente-de-santa-isabel-a-paturlanne-le-falto-escuchar\/#primaryimage","url":"https:\/\/diariotextual.com\/inicio\/wp-content\/uploads\/2021\/03\/faranaguillermo0002.jpg","contentUrl":"https:\/\/diariotextual.com\/inicio\/wp-content\/uploads\/2021\/03\/faranaguillermo0002.jpg","width":957,"height":662},{"@type":"BreadcrumbList","@id":"https:\/\/diariotextual.com\/inicio\/index.php\/2021\/03\/25\/farana-nuevo-intendente-de-santa-isabel-a-paturlanne-le-falto-escuchar\/#breadcrumb","itemListElement":[{"@type":"ListItem","position":1,"name":"Portada","item":"https:\/\/diariotextual.com\/inicio\/"},{"@type":"ListItem","position":2,"name":"Farana, nuevo intendente de Santa Isabel: \u201cA Paturlanne le falt\u00f3 escuchar\u201d"}]},{"@type":"WebSite","@id":"https:\/\/diariotextual.com\/inicio\/#website","url":"https:\/\/diariotextual.com\/inicio\/","name":"Diario Textual","description":"","publisher":{"@id":"https:\/\/diariotextual.com\/inicio\/#organization"},"potentialAction":[{"@type":"SearchAction","target":{"@type":"EntryPoint","urlTemplate":"https:\/\/diariotextual.com\/inicio\/?s={search_term_string}"},"query-input":{"@type":"PropertyValueSpecification","valueRequired":true,"valueName":"search_term_string"}}],"inLanguage":"es"},{"@type":"Organization","@id":"https:\/\/diariotextual.com\/inicio\/#organization","name":"Diario Textual","url":"https:\/\/diariotextual.com\/inicio\/","logo":{"@type":"ImageObject","inLanguage":"es","@id":"https:\/\/diariotextual.com\/inicio\/#\/schema\/logo\/image\/","url":"https:\/\/diariotextual.com\/inicio\/wp-content\/uploads\/2023\/05\/logotextual1.jpg","contentUrl":"https:\/\/diariotextual.com\/inicio\/wp-content\/uploads\/2023\/05\/logotextual1.jpg","width":516,"height":76,"caption":"Diario Textual"},"image":{"@id":"https:\/\/diariotextual.com\/inicio\/#\/schema\/logo\/image\/"},"sameAs":["https:\/\/www.facebook.com\/eltextual","https:\/\/x.com\/eltextual","http:\/\/www.instagram.com\/eltextual"]},{"@type":"Person","@id":"https:\/\/diariotextual.com\/inicio\/#\/schema\/person\/418fc4093c33e86ed41562db3508f958","name":"Diario1 Diario1","image":{"@type":"ImageObject","inLanguage":"es","@id":"https:\/\/secure.gravatar.com\/avatar\/9167d280179c85bc18be67aa7eda765854300033af4896dd779b608640f2ef7a?s=96&d=mm&r=g","url":"https:\/\/secure.gravatar.com\/avatar\/9167d280179c85bc18be67aa7eda765854300033af4896dd779b608640f2ef7a?s=96&d=mm&r=g","contentUrl":"https:\/\/secure.gravatar.com\/avatar\/9167d280179c85bc18be67aa7eda765854300033af4896dd779b608640f2ef7a?s=96&d=mm&r=g","caption":"Diario1 Diario1"},"url":"https:\/\/diariotextual.com\/inicio\/index.php\/author\/diario1\/"}]}},"_links":{"self":[{"href":"https:\/\/diariotextual.com\/inicio\/index.php\/wp-json\/wp\/v2\/posts\/139064","targetHints":{"allow":["GET"]}}],"collection":[{"href":"https:\/\/diariotextual.com\/inicio\/index.php\/wp-json\/wp\/v2\/posts"}],"about":[{"href":"https:\/\/diariotextual.com\/inicio\/index.php\/wp-json\/wp\/v2\/types\/post"}],"author":[{"embeddable":true,"href":"https:\/\/diariotextual.com\/inicio\/index.php\/wp-json\/wp\/v2\/users\/3"}],"replies":[{"embeddable":true,"href":"https:\/\/diariotextual.com\/inicio\/index.php\/wp-json\/wp\/v2\/comments?post=139064"}],"version-history":[{"count":5,"href":"https:\/\/diariotextual.com\/inicio\/index.php\/wp-json\/wp\/v2\/posts\/139064\/revisions"}],"predecessor-version":[{"id":139075,"href":"https:\/\/diariotextual.com\/inicio\/index.php\/wp-json\/wp\/v2\/posts\/139064\/revisions\/139075"}],"wp:featuredmedia":[{"embeddable":true,"href":"https:\/\/diariotextual.com\/inicio\/index.php\/wp-json\/wp\/v2\/media\/139066"}],"wp:attachment":[{"href":"https:\/\/diariotextual.com\/inicio\/index.php\/wp-json\/wp\/v2\/media?parent=139064"}],"wp:term":[{"taxonomy":"category","embeddable":true,"href":"https:\/\/diariotextual.com\/inicio\/index.php\/wp-json\/wp\/v2\/categories?post=139064"},{"taxonomy":"post_tag","embeddable":true,"href":"https:\/\/diariotextual.com\/inicio\/index.php\/wp-json\/wp\/v2\/tags?post=139064"}],"curies":[{"name":"wp","href":"https:\/\/api.w.org\/{rel}","templated":true}]}}