{"id":139101,"date":"2021-03-26T10:29:39","date_gmt":"2021-03-26T13:29:39","guid":{"rendered":"http:\/\/diariotextual.com\/inicio\/?p=139101"},"modified":"2021-03-26T12:49:06","modified_gmt":"2021-03-26T15:49:06","slug":"corte-de-atencion-a-osecac-queremos-discutir-nuevas-condiciones-de-trabajo","status":"publish","type":"post","link":"https:\/\/diariotextual.com\/inicio\/index.php\/2021\/03\/26\/corte-de-atencion-a-osecac-queremos-discutir-nuevas-condiciones-de-trabajo\/","title":{"rendered":"Corte a Osecac: \u201cQueremos discutir nuevas condiciones de trabajo\u201d, dicen ginec\u00f3logos"},"content":{"rendered":"\n<p>El vicepresidente de la <strong>Asociaci\u00f3n de Ginec\u00f3logos y Obstetras La Pampa<\/strong>, Nicol\u00e1s Mu\u00f1oz, sali\u00f3 a explicar por qu\u00e9 cortaron la atenci\u00f3n a los afiliados de <strong>Osecac<\/strong> y <strong>Osde<\/strong>. <strong>\u201cQueremos discutir un nuevo nomenclador y nuevas condiciones de trabajo\u201d<\/strong> porque <strong>\u201clos valores (de las prestaciones) est\u00e1n sumamente atrasados\u201d<\/strong>, dijo a Diario Textual. <\/p>\n\n\n\n<figure class=\"wp-block-embed is-type-wp-embed is-provider-diario-textual wp-block-embed-diario-textual\"><div class=\"wp-block-embed__wrapper\">\n<blockquote class=\"wp-embedded-content\" data-secret=\"VouYWXvFvL\"><a href=\"http:\/\/diariotextual.com\/inicio\/index.php\/2021\/03\/25\/ginecologos-cortaron-atencion-a-osecac-y-el-cec-pide-que-no-desamparen-a-los-trabajadores\/\">Ginec\u00f3logos cortaron atenci\u00f3n a Osecac y el CEC pide que \u201cno desamparen a los trabajadores\u201d<\/a><\/blockquote><iframe class=\"wp-embedded-content\" sandbox=\"allow-scripts\" security=\"restricted\" style=\"position: absolute; clip: rect(1px, 1px, 1px, 1px);\" title=\"\u00abGinec\u00f3logos cortaron atenci\u00f3n a Osecac y el CEC pide que \u201cno desamparen a los trabajadores\u201d\u00bb \u2014 Diario Textual\" src=\"http:\/\/diariotextual.com\/inicio\/index.php\/2021\/03\/25\/ginecologos-cortaron-atencion-a-osecac-y-el-cec-pide-que-no-desamparen-a-los-trabajadores\/embed\/#?secret=VouYWXvFvL\" data-secret=\"VouYWXvFvL\" width=\"600\" height=\"338\" frameborder=\"0\" marginwidth=\"0\" marginheight=\"0\" scrolling=\"no\"><\/iframe>\n<\/div><\/figure>\n\n\n\n<p>Mu\u00f1oz explic\u00f3 la situaci\u00f3n con los afiliados a la obra social de los trabajadores y trabajadoras de comercio, luego de que el subsecretario del Centro Empleados de Comercio de Santa Rosa, Rodrigo Genoni, denunciara p\u00fablicamente el corte de prestaciones y cuestionara a los profesionales por \u201cdesatender\u201d y \u201cdesamparar\u201d a los afiliados.<\/p>\n\n\n\n<p>\u201cLa realidad es que venimos reclamando al Colegio M\u00e9dico, que es el que firma los convenios con las obras sociales, desde julio del a\u00f1o pasado por los valores sumamente atrasados que tenemos. Reclamamos las mismas condiciones de trabajo que otras provincias, como Chubut, donde la misma obra social Osecac reconoce un nomenclador diferente a nuestro, que es del a\u00f1o 70\u201d, explic\u00f3 Mu\u00f1oz.<\/p>\n\n\n\n<p>\u201cNo estamos reclamando porque se nos ocurre cobrar una determinada cantidad de plata por las prestaciones, sino que queremos discutir nuevas condiciones de trabajo\u201d, remarc\u00f3.<\/p>\n\n\n\n<p>El corte de la atenci\u00f3n se resolvi\u00f3 el 19 de febrero pasado. \u201cCuando renunciamos a seguir con las prestaciones seguimos trabajando un mes, porque eso es lo que corresponde por convenio. Y en ese \u00faltimo mes se busc\u00f3 negociar, acordar. Pero no tuvimos respuestas a las notas que enviamos al Colegio M\u00e9dico\u201d, dijo.<\/p>\n\n\n\n<p>\u201cNosotros tenemos intenciones de trabajar, pero si en otra provincia tienen otro nomenclador, \u00bfpor qu\u00e9 ac\u00e1 no?\u201d, se pregunt\u00f3.<\/p>\n\n\n\n<p>\u201cNo queremos desatender a la gente y pretendemos que se solucione cuanto antes\u201d, agreg\u00f3.<\/p>\n\n\n\n<p><\/p>\n","protected":false},"excerpt":{"rendered":"<p>El vicepresidente de la Asociaci\u00f3n de Ginec\u00f3logos y Obstetras La Pampa, Nicol\u00e1s Mu\u00f1oz, sali\u00f3 a explicar por qu\u00e9 cortaron la atenci\u00f3n a los afiliados de Osecac y Osde. \u201cQueremos discutir&hellip;<\/p>\n","protected":false},"author":7,"featured_media":139102,"comment_status":"closed","ping_status":"open","sticky":false,"template":"","format":"standard","meta":{"_acf_changed":false,"footnotes":""},"categories":[10,12],"tags":[5230,5231],"class_list":["post-139101","post","type-post","status-publish","format-standard","has-post-thumbnail","hentry","category-portada-2","category-sociedad","tag-ginecologos-2","tag-osecac"],"acf":[],"yoast_head":"<!-- This site is optimized with the Yoast SEO plugin v27.5 - https:\/\/yoast.com\/product\/yoast-seo-wordpress\/ -->\n<title>Corte a Osecac: \u201cQueremos discutir nuevas condiciones de trabajo\u201d, dicen ginec\u00f3logos - Diario Textual<\/title>\n<meta name=\"robots\" content=\"index, follow, max-snippet:-1, max-image-preview:large, max-video-preview:-1\" \/>\n<link rel=\"canonical\" href=\"https:\/\/diariotextual.com\/inicio\/index.php\/2021\/03\/26\/corte-de-atencion-a-osecac-queremos-discutir-nuevas-condiciones-de-trabajo\/\" \/>\n<meta property=\"og:locale\" content=\"es_ES\" \/>\n<meta property=\"og:type\" content=\"article\" \/>\n<meta property=\"og:title\" content=\"Corte a Osecac: \u201cQueremos discutir nuevas condiciones de trabajo\u201d, dicen ginec\u00f3logos - Diario Textual\" \/>\n<meta property=\"og:description\" content=\"El vicepresidente de la Asociaci\u00f3n de Ginec\u00f3logos y Obstetras La Pampa, Nicol\u00e1s Mu\u00f1oz, sali\u00f3 a explicar por qu\u00e9 cortaron la atenci\u00f3n a los afiliados de Osecac y Osde. \u201cQueremos discutir&hellip;\" \/>\n<meta property=\"og:url\" content=\"https:\/\/diariotextual.com\/inicio\/index.php\/2021\/03\/26\/corte-de-atencion-a-osecac-queremos-discutir-nuevas-condiciones-de-trabajo\/\" \/>\n<meta property=\"og:site_name\" content=\"Diario Textual\" \/>\n<meta property=\"article:publisher\" content=\"https:\/\/www.facebook.com\/eltextual\" \/>\n<meta property=\"article:published_time\" content=\"2021-03-26T13:29:39+00:00\" \/>\n<meta property=\"article:modified_time\" content=\"2021-03-26T15:49:06+00:00\" \/>\n<meta property=\"og:image\" content=\"https:\/\/diariotextual.com\/inicio\/wp-content\/uploads\/2021\/03\/ginecologosilustrativa1.jpg\" \/>\n\t<meta property=\"og:image:width\" content=\"700\" \/>\n\t<meta property=\"og:image:height\" content=\"366\" \/>\n\t<meta property=\"og:image:type\" content=\"image\/jpeg\" \/>\n<meta name=\"author\" content=\"diario5\" \/>\n<meta name=\"twitter:card\" content=\"summary_large_image\" \/>\n<meta name=\"twitter:creator\" content=\"@eltextual\" \/>\n<meta name=\"twitter:site\" content=\"@eltextual\" \/>\n<meta name=\"twitter:label1\" content=\"Escrito por\" \/>\n\t<meta name=\"twitter:data1\" content=\"diario5\" \/>\n\t<meta name=\"twitter:label2\" content=\"Tiempo de lectura\" \/>\n\t<meta name=\"twitter:data2\" content=\"2 minutos\" \/>\n<script type=\"application\/ld+json\" class=\"yoast-schema-graph\">{\"@context\":\"https:\\\/\\\/schema.org\",\"@graph\":[{\"@type\":\"Article\",\"@id\":\"https:\\\/\\\/diariotextual.com\\\/inicio\\\/index.php\\\/2021\\\/03\\\/26\\\/corte-de-atencion-a-osecac-queremos-discutir-nuevas-condiciones-de-trabajo\\\/#article\",\"isPartOf\":{\"@id\":\"https:\\\/\\\/diariotextual.com\\\/inicio\\\/index.php\\\/2021\\\/03\\\/26\\\/corte-de-atencion-a-osecac-queremos-discutir-nuevas-condiciones-de-trabajo\\\/\"},\"author\":{\"name\":\"diario5\",\"@id\":\"https:\\\/\\\/diariotextual.com\\\/inicio\\\/#\\\/schema\\\/person\\\/c7834961ad8b29b1d9cdbf4571299067\"},\"headline\":\"Corte a Osecac: \u201cQueremos discutir nuevas condiciones de trabajo\u201d, dicen ginec\u00f3logos\",\"datePublished\":\"2021-03-26T13:29:39+00:00\",\"dateModified\":\"2021-03-26T15:49:06+00:00\",\"mainEntityOfPage\":{\"@id\":\"https:\\\/\\\/diariotextual.com\\\/inicio\\\/index.php\\\/2021\\\/03\\\/26\\\/corte-de-atencion-a-osecac-queremos-discutir-nuevas-condiciones-de-trabajo\\\/\"},\"wordCount\":307,\"publisher\":{\"@id\":\"https:\\\/\\\/diariotextual.com\\\/inicio\\\/#organization\"},\"image\":{\"@id\":\"https:\\\/\\\/diariotextual.com\\\/inicio\\\/index.php\\\/2021\\\/03\\\/26\\\/corte-de-atencion-a-osecac-queremos-discutir-nuevas-condiciones-de-trabajo\\\/#primaryimage\"},\"thumbnailUrl\":\"https:\\\/\\\/diariotextual.com\\\/inicio\\\/wp-content\\\/uploads\\\/2021\\\/03\\\/ginecologosilustrativa1.jpg\",\"keywords\":[\"ginecologos\",\"osecac\"],\"articleSection\":[\"A - PORTADA2\",\"SOCIEDAD\"],\"inLanguage\":\"es\"},{\"@type\":\"WebPage\",\"@id\":\"https:\\\/\\\/diariotextual.com\\\/inicio\\\/index.php\\\/2021\\\/03\\\/26\\\/corte-de-atencion-a-osecac-queremos-discutir-nuevas-condiciones-de-trabajo\\\/\",\"url\":\"https:\\\/\\\/diariotextual.com\\\/inicio\\\/index.php\\\/2021\\\/03\\\/26\\\/corte-de-atencion-a-osecac-queremos-discutir-nuevas-condiciones-de-trabajo\\\/\",\"name\":\"Corte a Osecac: \u201cQueremos discutir nuevas condiciones de trabajo\u201d, dicen ginec\u00f3logos - Diario Textual\",\"isPartOf\":{\"@id\":\"https:\\\/\\\/diariotextual.com\\\/inicio\\\/#website\"},\"primaryImageOfPage\":{\"@id\":\"https:\\\/\\\/diariotextual.com\\\/inicio\\\/index.php\\\/2021\\\/03\\\/26\\\/corte-de-atencion-a-osecac-queremos-discutir-nuevas-condiciones-de-trabajo\\\/#primaryimage\"},\"image\":{\"@id\":\"https:\\\/\\\/diariotextual.com\\\/inicio\\\/index.php\\\/2021\\\/03\\\/26\\\/corte-de-atencion-a-osecac-queremos-discutir-nuevas-condiciones-de-trabajo\\\/#primaryimage\"},\"thumbnailUrl\":\"https:\\\/\\\/diariotextual.com\\\/inicio\\\/wp-content\\\/uploads\\\/2021\\\/03\\\/ginecologosilustrativa1.jpg\",\"datePublished\":\"2021-03-26T13:29:39+00:00\",\"dateModified\":\"2021-03-26T15:49:06+00:00\",\"breadcrumb\":{\"@id\":\"https:\\\/\\\/diariotextual.com\\\/inicio\\\/index.php\\\/2021\\\/03\\\/26\\\/corte-de-atencion-a-osecac-queremos-discutir-nuevas-condiciones-de-trabajo\\\/#breadcrumb\"},\"inLanguage\":\"es\",\"potentialAction\":[{\"@type\":\"ReadAction\",\"target\":[\"https:\\\/\\\/diariotextual.com\\\/inicio\\\/index.php\\\/2021\\\/03\\\/26\\\/corte-de-atencion-a-osecac-queremos-discutir-nuevas-condiciones-de-trabajo\\\/\"]}]},{\"@type\":\"ImageObject\",\"inLanguage\":\"es\",\"@id\":\"https:\\\/\\\/diariotextual.com\\\/inicio\\\/index.php\\\/2021\\\/03\\\/26\\\/corte-de-atencion-a-osecac-queremos-discutir-nuevas-condiciones-de-trabajo\\\/#primaryimage\",\"url\":\"https:\\\/\\\/diariotextual.com\\\/inicio\\\/wp-content\\\/uploads\\\/2021\\\/03\\\/ginecologosilustrativa1.jpg\",\"contentUrl\":\"https:\\\/\\\/diariotextual.com\\\/inicio\\\/wp-content\\\/uploads\\\/2021\\\/03\\\/ginecologosilustrativa1.jpg\",\"width\":700,\"height\":366},{\"@type\":\"BreadcrumbList\",\"@id\":\"https:\\\/\\\/diariotextual.com\\\/inicio\\\/index.php\\\/2021\\\/03\\\/26\\\/corte-de-atencion-a-osecac-queremos-discutir-nuevas-condiciones-de-trabajo\\\/#breadcrumb\",\"itemListElement\":[{\"@type\":\"ListItem\",\"position\":1,\"name\":\"Portada\",\"item\":\"https:\\\/\\\/diariotextual.com\\\/inicio\\\/\"},{\"@type\":\"ListItem\",\"position\":2,\"name\":\"Corte a Osecac: \u201cQueremos discutir nuevas condiciones de trabajo\u201d, dicen ginec\u00f3logos\"}]},{\"@type\":\"WebSite\",\"@id\":\"https:\\\/\\\/diariotextual.com\\\/inicio\\\/#website\",\"url\":\"https:\\\/\\\/diariotextual.com\\\/inicio\\\/\",\"name\":\"Diario Textual\",\"description\":\"\",\"publisher\":{\"@id\":\"https:\\\/\\\/diariotextual.com\\\/inicio\\\/#organization\"},\"potentialAction\":[{\"@type\":\"SearchAction\",\"target\":{\"@type\":\"EntryPoint\",\"urlTemplate\":\"https:\\\/\\\/diariotextual.com\\\/inicio\\\/?s={search_term_string}\"},\"query-input\":{\"@type\":\"PropertyValueSpecification\",\"valueRequired\":true,\"valueName\":\"search_term_string\"}}],\"inLanguage\":\"es\"},{\"@type\":\"Organization\",\"@id\":\"https:\\\/\\\/diariotextual.com\\\/inicio\\\/#organization\",\"name\":\"Diario Textual\",\"url\":\"https:\\\/\\\/diariotextual.com\\\/inicio\\\/\",\"logo\":{\"@type\":\"ImageObject\",\"inLanguage\":\"es\",\"@id\":\"https:\\\/\\\/diariotextual.com\\\/inicio\\\/#\\\/schema\\\/logo\\\/image\\\/\",\"url\":\"https:\\\/\\\/diariotextual.com\\\/inicio\\\/wp-content\\\/uploads\\\/2023\\\/05\\\/logotextual1.jpg\",\"contentUrl\":\"https:\\\/\\\/diariotextual.com\\\/inicio\\\/wp-content\\\/uploads\\\/2023\\\/05\\\/logotextual1.jpg\",\"width\":516,\"height\":76,\"caption\":\"Diario Textual\"},\"image\":{\"@id\":\"https:\\\/\\\/diariotextual.com\\\/inicio\\\/#\\\/schema\\\/logo\\\/image\\\/\"},\"sameAs\":[\"https:\\\/\\\/www.facebook.com\\\/eltextual\",\"https:\\\/\\\/x.com\\\/eltextual\",\"http:\\\/\\\/www.instagram.com\\\/eltextual\"]},{\"@type\":\"Person\",\"@id\":\"https:\\\/\\\/diariotextual.com\\\/inicio\\\/#\\\/schema\\\/person\\\/c7834961ad8b29b1d9cdbf4571299067\",\"name\":\"diario5\",\"image\":{\"@type\":\"ImageObject\",\"inLanguage\":\"es\",\"@id\":\"https:\\\/\\\/secure.gravatar.com\\\/avatar\\\/948c893b847ca6df68216ead81b63f363408ec9b0f600fefc0641ce78613b111?s=96&d=mm&r=g\",\"url\":\"https:\\\/\\\/secure.gravatar.com\\\/avatar\\\/948c893b847ca6df68216ead81b63f363408ec9b0f600fefc0641ce78613b111?s=96&d=mm&r=g\",\"contentUrl\":\"https:\\\/\\\/secure.gravatar.com\\\/avatar\\\/948c893b847ca6df68216ead81b63f363408ec9b0f600fefc0641ce78613b111?s=96&d=mm&r=g\",\"caption\":\"diario5\"},\"url\":\"https:\\\/\\\/diariotextual.com\\\/inicio\\\/index.php\\\/author\\\/diario5\\\/\"}]}<\/script>\n<!-- \/ Yoast SEO plugin. -->","yoast_head_json":{"title":"Corte a Osecac: \u201cQueremos discutir nuevas condiciones de trabajo\u201d, dicen ginec\u00f3logos - Diario Textual","robots":{"index":"index","follow":"follow","max-snippet":"max-snippet:-1","max-image-preview":"max-image-preview:large","max-video-preview":"max-video-preview:-1"},"canonical":"https:\/\/diariotextual.com\/inicio\/index.php\/2021\/03\/26\/corte-de-atencion-a-osecac-queremos-discutir-nuevas-condiciones-de-trabajo\/","og_locale":"es_ES","og_type":"article","og_title":"Corte a Osecac: \u201cQueremos discutir nuevas condiciones de trabajo\u201d, dicen ginec\u00f3logos - Diario Textual","og_description":"El vicepresidente de la Asociaci\u00f3n de Ginec\u00f3logos y Obstetras La Pampa, Nicol\u00e1s Mu\u00f1oz, sali\u00f3 a explicar por qu\u00e9 cortaron la atenci\u00f3n a los afiliados de Osecac y Osde. \u201cQueremos discutir&hellip;","og_url":"https:\/\/diariotextual.com\/inicio\/index.php\/2021\/03\/26\/corte-de-atencion-a-osecac-queremos-discutir-nuevas-condiciones-de-trabajo\/","og_site_name":"Diario Textual","article_publisher":"https:\/\/www.facebook.com\/eltextual","article_published_time":"2021-03-26T13:29:39+00:00","article_modified_time":"2021-03-26T15:49:06+00:00","og_image":[{"width":700,"height":366,"url":"https:\/\/diariotextual.com\/inicio\/wp-content\/uploads\/2021\/03\/ginecologosilustrativa1.jpg","type":"image\/jpeg"}],"author":"diario5","twitter_card":"summary_large_image","twitter_creator":"@eltextual","twitter_site":"@eltextual","twitter_misc":{"Escrito por":"diario5","Tiempo de lectura":"2 minutos"},"schema":{"@context":"https:\/\/schema.org","@graph":[{"@type":"Article","@id":"https:\/\/diariotextual.com\/inicio\/index.php\/2021\/03\/26\/corte-de-atencion-a-osecac-queremos-discutir-nuevas-condiciones-de-trabajo\/#article","isPartOf":{"@id":"https:\/\/diariotextual.com\/inicio\/index.php\/2021\/03\/26\/corte-de-atencion-a-osecac-queremos-discutir-nuevas-condiciones-de-trabajo\/"},"author":{"name":"diario5","@id":"https:\/\/diariotextual.com\/inicio\/#\/schema\/person\/c7834961ad8b29b1d9cdbf4571299067"},"headline":"Corte a Osecac: \u201cQueremos discutir nuevas condiciones de trabajo\u201d, dicen ginec\u00f3logos","datePublished":"2021-03-26T13:29:39+00:00","dateModified":"2021-03-26T15:49:06+00:00","mainEntityOfPage":{"@id":"https:\/\/diariotextual.com\/inicio\/index.php\/2021\/03\/26\/corte-de-atencion-a-osecac-queremos-discutir-nuevas-condiciones-de-trabajo\/"},"wordCount":307,"publisher":{"@id":"https:\/\/diariotextual.com\/inicio\/#organization"},"image":{"@id":"https:\/\/diariotextual.com\/inicio\/index.php\/2021\/03\/26\/corte-de-atencion-a-osecac-queremos-discutir-nuevas-condiciones-de-trabajo\/#primaryimage"},"thumbnailUrl":"https:\/\/diariotextual.com\/inicio\/wp-content\/uploads\/2021\/03\/ginecologosilustrativa1.jpg","keywords":["ginecologos","osecac"],"articleSection":["A - PORTADA2","SOCIEDAD"],"inLanguage":"es"},{"@type":"WebPage","@id":"https:\/\/diariotextual.com\/inicio\/index.php\/2021\/03\/26\/corte-de-atencion-a-osecac-queremos-discutir-nuevas-condiciones-de-trabajo\/","url":"https:\/\/diariotextual.com\/inicio\/index.php\/2021\/03\/26\/corte-de-atencion-a-osecac-queremos-discutir-nuevas-condiciones-de-trabajo\/","name":"Corte a Osecac: \u201cQueremos discutir nuevas condiciones de trabajo\u201d, dicen ginec\u00f3logos - Diario Textual","isPartOf":{"@id":"https:\/\/diariotextual.com\/inicio\/#website"},"primaryImageOfPage":{"@id":"https:\/\/diariotextual.com\/inicio\/index.php\/2021\/03\/26\/corte-de-atencion-a-osecac-queremos-discutir-nuevas-condiciones-de-trabajo\/#primaryimage"},"image":{"@id":"https:\/\/diariotextual.com\/inicio\/index.php\/2021\/03\/26\/corte-de-atencion-a-osecac-queremos-discutir-nuevas-condiciones-de-trabajo\/#primaryimage"},"thumbnailUrl":"https:\/\/diariotextual.com\/inicio\/wp-content\/uploads\/2021\/03\/ginecologosilustrativa1.jpg","datePublished":"2021-03-26T13:29:39+00:00","dateModified":"2021-03-26T15:49:06+00:00","breadcrumb":{"@id":"https:\/\/diariotextual.com\/inicio\/index.php\/2021\/03\/26\/corte-de-atencion-a-osecac-queremos-discutir-nuevas-condiciones-de-trabajo\/#breadcrumb"},"inLanguage":"es","potentialAction":[{"@type":"ReadAction","target":["https:\/\/diariotextual.com\/inicio\/index.php\/2021\/03\/26\/corte-de-atencion-a-osecac-queremos-discutir-nuevas-condiciones-de-trabajo\/"]}]},{"@type":"ImageObject","inLanguage":"es","@id":"https:\/\/diariotextual.com\/inicio\/index.php\/2021\/03\/26\/corte-de-atencion-a-osecac-queremos-discutir-nuevas-condiciones-de-trabajo\/#primaryimage","url":"https:\/\/diariotextual.com\/inicio\/wp-content\/uploads\/2021\/03\/ginecologosilustrativa1.jpg","contentUrl":"https:\/\/diariotextual.com\/inicio\/wp-content\/uploads\/2021\/03\/ginecologosilustrativa1.jpg","width":700,"height":366},{"@type":"BreadcrumbList","@id":"https:\/\/diariotextual.com\/inicio\/index.php\/2021\/03\/26\/corte-de-atencion-a-osecac-queremos-discutir-nuevas-condiciones-de-trabajo\/#breadcrumb","itemListElement":[{"@type":"ListItem","position":1,"name":"Portada","item":"https:\/\/diariotextual.com\/inicio\/"},{"@type":"ListItem","position":2,"name":"Corte a Osecac: \u201cQueremos discutir nuevas condiciones de trabajo\u201d, dicen ginec\u00f3logos"}]},{"@type":"WebSite","@id":"https:\/\/diariotextual.com\/inicio\/#website","url":"https:\/\/diariotextual.com\/inicio\/","name":"Diario Textual","description":"","publisher":{"@id":"https:\/\/diariotextual.com\/inicio\/#organization"},"potentialAction":[{"@type":"SearchAction","target":{"@type":"EntryPoint","urlTemplate":"https:\/\/diariotextual.com\/inicio\/?s={search_term_string}"},"query-input":{"@type":"PropertyValueSpecification","valueRequired":true,"valueName":"search_term_string"}}],"inLanguage":"es"},{"@type":"Organization","@id":"https:\/\/diariotextual.com\/inicio\/#organization","name":"Diario Textual","url":"https:\/\/diariotextual.com\/inicio\/","logo":{"@type":"ImageObject","inLanguage":"es","@id":"https:\/\/diariotextual.com\/inicio\/#\/schema\/logo\/image\/","url":"https:\/\/diariotextual.com\/inicio\/wp-content\/uploads\/2023\/05\/logotextual1.jpg","contentUrl":"https:\/\/diariotextual.com\/inicio\/wp-content\/uploads\/2023\/05\/logotextual1.jpg","width":516,"height":76,"caption":"Diario Textual"},"image":{"@id":"https:\/\/diariotextual.com\/inicio\/#\/schema\/logo\/image\/"},"sameAs":["https:\/\/www.facebook.com\/eltextual","https:\/\/x.com\/eltextual","http:\/\/www.instagram.com\/eltextual"]},{"@type":"Person","@id":"https:\/\/diariotextual.com\/inicio\/#\/schema\/person\/c7834961ad8b29b1d9cdbf4571299067","name":"diario5","image":{"@type":"ImageObject","inLanguage":"es","@id":"https:\/\/secure.gravatar.com\/avatar\/948c893b847ca6df68216ead81b63f363408ec9b0f600fefc0641ce78613b111?s=96&d=mm&r=g","url":"https:\/\/secure.gravatar.com\/avatar\/948c893b847ca6df68216ead81b63f363408ec9b0f600fefc0641ce78613b111?s=96&d=mm&r=g","contentUrl":"https:\/\/secure.gravatar.com\/avatar\/948c893b847ca6df68216ead81b63f363408ec9b0f600fefc0641ce78613b111?s=96&d=mm&r=g","caption":"diario5"},"url":"https:\/\/diariotextual.com\/inicio\/index.php\/author\/diario5\/"}]}},"_links":{"self":[{"href":"https:\/\/diariotextual.com\/inicio\/index.php\/wp-json\/wp\/v2\/posts\/139101","targetHints":{"allow":["GET"]}}],"collection":[{"href":"https:\/\/diariotextual.com\/inicio\/index.php\/wp-json\/wp\/v2\/posts"}],"about":[{"href":"https:\/\/diariotextual.com\/inicio\/index.php\/wp-json\/wp\/v2\/types\/post"}],"author":[{"embeddable":true,"href":"https:\/\/diariotextual.com\/inicio\/index.php\/wp-json\/wp\/v2\/users\/7"}],"replies":[{"embeddable":true,"href":"https:\/\/diariotextual.com\/inicio\/index.php\/wp-json\/wp\/v2\/comments?post=139101"}],"version-history":[{"count":3,"href":"https:\/\/diariotextual.com\/inicio\/index.php\/wp-json\/wp\/v2\/posts\/139101\/revisions"}],"predecessor-version":[{"id":139105,"href":"https:\/\/diariotextual.com\/inicio\/index.php\/wp-json\/wp\/v2\/posts\/139101\/revisions\/139105"}],"wp:featuredmedia":[{"embeddable":true,"href":"https:\/\/diariotextual.com\/inicio\/index.php\/wp-json\/wp\/v2\/media\/139102"}],"wp:attachment":[{"href":"https:\/\/diariotextual.com\/inicio\/index.php\/wp-json\/wp\/v2\/media?parent=139101"}],"wp:term":[{"taxonomy":"category","embeddable":true,"href":"https:\/\/diariotextual.com\/inicio\/index.php\/wp-json\/wp\/v2\/categories?post=139101"},{"taxonomy":"post_tag","embeddable":true,"href":"https:\/\/diariotextual.com\/inicio\/index.php\/wp-json\/wp\/v2\/tags?post=139101"}],"curies":[{"name":"wp","href":"https:\/\/api.w.org\/{rel}","templated":true}]}}