{"id":139221,"date":"2021-03-27T13:04:00","date_gmt":"2021-03-27T16:04:00","guid":{"rendered":"http:\/\/diariotextual.com\/inicio\/?p=139221"},"modified":"2021-03-27T15:08:05","modified_gmt":"2021-03-27T18:08:05","slug":"acha-dolor-por-la-muerte-de-un-veterano-de-la-guerra-de-malvinas","status":"publish","type":"post","link":"https:\/\/diariotextual.com\/inicio\/index.php\/2021\/03\/27\/acha-dolor-por-la-muerte-de-un-veterano-de-la-guerra-de-malvinas\/","title":{"rendered":"Dolor en Acha por la muerte de un veterano de la Guerra de Malvinas"},"content":{"rendered":"\n<p><strong>Miguel \u00c1ngel Guzm\u00e1n<\/strong>, veterano de la<strong> Guerra de Malvinas <\/strong>que resid\u00eda en General Acha, muri\u00f3 durante este s\u00e1bado, seg\u00fan informaron sus camaradas a Diario Textual.<\/p>\n\n\n\n<p>Seg\u00fan contaron, se le hab\u00eda detectado una enfermedad oncol\u00f3gica desde hace al menos un mes. Muri\u00f3 en la cl\u00ednica Faerac, en Santa Rosa.<\/p>\n\n\n\n<p>Guzm\u00e1n hab\u00eda nacido en Acha el 24 de octubre de 1962. Curso sus estudios en la Escuela N\u00b0 145. Ya a los 18 a\u00f1os fue sorteado para el servicio militar y fue incorporado y trasladado a Puerto Belgrano, donde permaneci\u00f3 dos meses.<\/p>\n\n\n\n<p>&nbsp;Posteriormente fue destinado al Crucero General Belgrano. Su trabajo fue llevar los quemadores con petr\u00f3leo en calderas.<\/p>\n\n\n\n<p>El 2 de mayo de 1982, mientras navegaba, el crucero fue atacados por un submarino brit\u00e1nico que realiz\u00f3 dos dispararos con torpedos. Uno dio en la proa y el otro en la sala de m\u00e1quinas.<\/p>\n\n\n\n<p><strong>De los 1.093 tripulantes que ten\u00eda a bordo, murieron 323<\/strong>, casi la mitad del total de muertos argentinos en la guerra. Unos 770 lograron sobrevivir en balsas inflables,<\/p>\n\n\n\n<p>Guzm\u00e1n permaneci\u00f3 desde las 16 horas de ese d\u00eda hasta las 0 horas del d\u00eda siguiente en el mar. Fue rescatado por el Destructor Piedra Buena. Cuando cumpli\u00f3 el a\u00f1o obligatorio, lo dieron de baja y regres\u00f3 a su pueblo natal.<\/p>\n\n\n\n<p>El 2 de abril de 2019, una calle del sur de Acha se inaugur\u00f3 con su nombre. El 2 de mayo de 2020, en tanto, polic\u00edas le rindieron un homenaje frente a su casa.<\/p>\n\n\n\n<figure class=\"wp-block-embed is-type-wp-embed is-provider-diario-textual wp-block-embed-diario-textual\"><div class=\"wp-block-embed__wrapper\">\n<blockquote class=\"wp-embedded-content\" data-secret=\"U51kF5PZrv\"><a href=\"http:\/\/diariotextual.com\/inicio\/index.php\/2020\/05\/02\/centro-veteranos-recordo-los-cuatro-pampeanos-muertos-belgrano\/\">Centro de Veteranos record\u00f3 a los cuatro pampeanos muertos en el Belgrano<\/a><\/blockquote><iframe class=\"wp-embedded-content\" sandbox=\"allow-scripts\" security=\"restricted\" style=\"position: absolute; clip: rect(1px, 1px, 1px, 1px);\" title=\"\u00abCentro de Veteranos record\u00f3 a los cuatro pampeanos muertos en el Belgrano\u00bb \u2014 Diario Textual\" src=\"http:\/\/diariotextual.com\/inicio\/index.php\/2020\/05\/02\/centro-veteranos-recordo-los-cuatro-pampeanos-muertos-belgrano\/embed\/#?secret=U51kF5PZrv\" data-secret=\"U51kF5PZrv\" width=\"600\" height=\"338\" frameborder=\"0\" marginwidth=\"0\" marginheight=\"0\" scrolling=\"no\"><\/iframe>\n<\/div><\/figure>\n","protected":false},"excerpt":{"rendered":"<p>Miguel \u00c1ngel Guzm\u00e1n, veterano de la Guerra de Malvinas que resid\u00eda en General Acha, muri\u00f3 durante este s\u00e1bado, seg\u00fan informaron sus camaradas a Diario Textual. Seg\u00fan contaron, se le hab\u00eda&hellip;<\/p>\n","protected":false},"author":3,"featured_media":139223,"comment_status":"closed","ping_status":"open","sticky":false,"template":"","format":"standard","meta":{"_acf_changed":false,"footnotes":""},"categories":[10,12],"tags":[],"class_list":["post-139221","post","type-post","status-publish","format-standard","has-post-thumbnail","hentry","category-portada-2","category-sociedad"],"acf":[],"yoast_head":"<!-- This site is optimized with the Yoast SEO plugin v27.5 - https:\/\/yoast.com\/product\/yoast-seo-wordpress\/ -->\n<title>Dolor en Acha por la muerte de un veterano de la Guerra de Malvinas - Diario Textual<\/title>\n<meta name=\"robots\" content=\"index, follow, max-snippet:-1, max-image-preview:large, max-video-preview:-1\" \/>\n<link rel=\"canonical\" href=\"https:\/\/diariotextual.com\/inicio\/index.php\/2021\/03\/27\/acha-dolor-por-la-muerte-de-un-veterano-de-la-guerra-de-malvinas\/\" \/>\n<meta property=\"og:locale\" content=\"es_ES\" \/>\n<meta property=\"og:type\" content=\"article\" \/>\n<meta property=\"og:title\" content=\"Dolor en Acha por la muerte de un veterano de la Guerra de Malvinas - Diario Textual\" \/>\n<meta property=\"og:description\" content=\"Miguel \u00c1ngel Guzm\u00e1n, veterano de la Guerra de Malvinas que resid\u00eda en General Acha, muri\u00f3 durante este s\u00e1bado, seg\u00fan informaron sus camaradas a Diario Textual. Seg\u00fan contaron, se le hab\u00eda&hellip;\" \/>\n<meta property=\"og:url\" content=\"https:\/\/diariotextual.com\/inicio\/index.php\/2021\/03\/27\/acha-dolor-por-la-muerte-de-un-veterano-de-la-guerra-de-malvinas\/\" \/>\n<meta property=\"og:site_name\" content=\"Diario Textual\" \/>\n<meta property=\"article:publisher\" content=\"https:\/\/www.facebook.com\/eltextual\" \/>\n<meta property=\"article:published_time\" content=\"2021-03-27T16:04:00+00:00\" \/>\n<meta property=\"article:modified_time\" content=\"2021-03-27T18:08:05+00:00\" \/>\n<meta property=\"og:image\" content=\"https:\/\/diariotextual.com\/inicio\/wp-content\/uploads\/2021\/03\/guzmanmiguelangelveteranobelgrano001.jpg\" \/>\n\t<meta property=\"og:image:width\" content=\"854\" \/>\n\t<meta property=\"og:image:height\" content=\"564\" \/>\n\t<meta property=\"og:image:type\" content=\"image\/jpeg\" \/>\n<meta name=\"author\" content=\"Diario1 Diario1\" \/>\n<meta name=\"twitter:card\" content=\"summary_large_image\" \/>\n<meta name=\"twitter:creator\" content=\"@eltextual\" \/>\n<meta name=\"twitter:site\" content=\"@eltextual\" \/>\n<meta name=\"twitter:label1\" content=\"Escrito por\" \/>\n\t<meta name=\"twitter:data1\" content=\"Diario1 Diario1\" \/>\n\t<meta name=\"twitter:label2\" content=\"Tiempo de lectura\" \/>\n\t<meta name=\"twitter:data2\" content=\"2 minutos\" \/>\n<script type=\"application\/ld+json\" class=\"yoast-schema-graph\">{\"@context\":\"https:\\\/\\\/schema.org\",\"@graph\":[{\"@type\":\"Article\",\"@id\":\"https:\\\/\\\/diariotextual.com\\\/inicio\\\/index.php\\\/2021\\\/03\\\/27\\\/acha-dolor-por-la-muerte-de-un-veterano-de-la-guerra-de-malvinas\\\/#article\",\"isPartOf\":{\"@id\":\"https:\\\/\\\/diariotextual.com\\\/inicio\\\/index.php\\\/2021\\\/03\\\/27\\\/acha-dolor-por-la-muerte-de-un-veterano-de-la-guerra-de-malvinas\\\/\"},\"author\":{\"name\":\"Diario1 Diario1\",\"@id\":\"https:\\\/\\\/diariotextual.com\\\/inicio\\\/#\\\/schema\\\/person\\\/418fc4093c33e86ed41562db3508f958\"},\"headline\":\"Dolor en Acha por la muerte de un veterano de la Guerra de Malvinas\",\"datePublished\":\"2021-03-27T16:04:00+00:00\",\"dateModified\":\"2021-03-27T18:08:05+00:00\",\"mainEntityOfPage\":{\"@id\":\"https:\\\/\\\/diariotextual.com\\\/inicio\\\/index.php\\\/2021\\\/03\\\/27\\\/acha-dolor-por-la-muerte-de-un-veterano-de-la-guerra-de-malvinas\\\/\"},\"wordCount\":272,\"publisher\":{\"@id\":\"https:\\\/\\\/diariotextual.com\\\/inicio\\\/#organization\"},\"image\":{\"@id\":\"https:\\\/\\\/diariotextual.com\\\/inicio\\\/index.php\\\/2021\\\/03\\\/27\\\/acha-dolor-por-la-muerte-de-un-veterano-de-la-guerra-de-malvinas\\\/#primaryimage\"},\"thumbnailUrl\":\"https:\\\/\\\/diariotextual.com\\\/inicio\\\/wp-content\\\/uploads\\\/2021\\\/03\\\/guzmanmiguelangelveteranobelgrano001.jpg\",\"articleSection\":[\"A - PORTADA2\",\"SOCIEDAD\"],\"inLanguage\":\"es\"},{\"@type\":\"WebPage\",\"@id\":\"https:\\\/\\\/diariotextual.com\\\/inicio\\\/index.php\\\/2021\\\/03\\\/27\\\/acha-dolor-por-la-muerte-de-un-veterano-de-la-guerra-de-malvinas\\\/\",\"url\":\"https:\\\/\\\/diariotextual.com\\\/inicio\\\/index.php\\\/2021\\\/03\\\/27\\\/acha-dolor-por-la-muerte-de-un-veterano-de-la-guerra-de-malvinas\\\/\",\"name\":\"Dolor en Acha por la muerte de un veterano de la Guerra de Malvinas - Diario Textual\",\"isPartOf\":{\"@id\":\"https:\\\/\\\/diariotextual.com\\\/inicio\\\/#website\"},\"primaryImageOfPage\":{\"@id\":\"https:\\\/\\\/diariotextual.com\\\/inicio\\\/index.php\\\/2021\\\/03\\\/27\\\/acha-dolor-por-la-muerte-de-un-veterano-de-la-guerra-de-malvinas\\\/#primaryimage\"},\"image\":{\"@id\":\"https:\\\/\\\/diariotextual.com\\\/inicio\\\/index.php\\\/2021\\\/03\\\/27\\\/acha-dolor-por-la-muerte-de-un-veterano-de-la-guerra-de-malvinas\\\/#primaryimage\"},\"thumbnailUrl\":\"https:\\\/\\\/diariotextual.com\\\/inicio\\\/wp-content\\\/uploads\\\/2021\\\/03\\\/guzmanmiguelangelveteranobelgrano001.jpg\",\"datePublished\":\"2021-03-27T16:04:00+00:00\",\"dateModified\":\"2021-03-27T18:08:05+00:00\",\"breadcrumb\":{\"@id\":\"https:\\\/\\\/diariotextual.com\\\/inicio\\\/index.php\\\/2021\\\/03\\\/27\\\/acha-dolor-por-la-muerte-de-un-veterano-de-la-guerra-de-malvinas\\\/#breadcrumb\"},\"inLanguage\":\"es\",\"potentialAction\":[{\"@type\":\"ReadAction\",\"target\":[\"https:\\\/\\\/diariotextual.com\\\/inicio\\\/index.php\\\/2021\\\/03\\\/27\\\/acha-dolor-por-la-muerte-de-un-veterano-de-la-guerra-de-malvinas\\\/\"]}]},{\"@type\":\"ImageObject\",\"inLanguage\":\"es\",\"@id\":\"https:\\\/\\\/diariotextual.com\\\/inicio\\\/index.php\\\/2021\\\/03\\\/27\\\/acha-dolor-por-la-muerte-de-un-veterano-de-la-guerra-de-malvinas\\\/#primaryimage\",\"url\":\"https:\\\/\\\/diariotextual.com\\\/inicio\\\/wp-content\\\/uploads\\\/2021\\\/03\\\/guzmanmiguelangelveteranobelgrano001.jpg\",\"contentUrl\":\"https:\\\/\\\/diariotextual.com\\\/inicio\\\/wp-content\\\/uploads\\\/2021\\\/03\\\/guzmanmiguelangelveteranobelgrano001.jpg\",\"width\":854,\"height\":564},{\"@type\":\"BreadcrumbList\",\"@id\":\"https:\\\/\\\/diariotextual.com\\\/inicio\\\/index.php\\\/2021\\\/03\\\/27\\\/acha-dolor-por-la-muerte-de-un-veterano-de-la-guerra-de-malvinas\\\/#breadcrumb\",\"itemListElement\":[{\"@type\":\"ListItem\",\"position\":1,\"name\":\"Portada\",\"item\":\"https:\\\/\\\/diariotextual.com\\\/inicio\\\/\"},{\"@type\":\"ListItem\",\"position\":2,\"name\":\"Dolor en Acha por la muerte de un veterano de la Guerra de Malvinas\"}]},{\"@type\":\"WebSite\",\"@id\":\"https:\\\/\\\/diariotextual.com\\\/inicio\\\/#website\",\"url\":\"https:\\\/\\\/diariotextual.com\\\/inicio\\\/\",\"name\":\"Diario Textual\",\"description\":\"\",\"publisher\":{\"@id\":\"https:\\\/\\\/diariotextual.com\\\/inicio\\\/#organization\"},\"potentialAction\":[{\"@type\":\"SearchAction\",\"target\":{\"@type\":\"EntryPoint\",\"urlTemplate\":\"https:\\\/\\\/diariotextual.com\\\/inicio\\\/?s={search_term_string}\"},\"query-input\":{\"@type\":\"PropertyValueSpecification\",\"valueRequired\":true,\"valueName\":\"search_term_string\"}}],\"inLanguage\":\"es\"},{\"@type\":\"Organization\",\"@id\":\"https:\\\/\\\/diariotextual.com\\\/inicio\\\/#organization\",\"name\":\"Diario Textual\",\"url\":\"https:\\\/\\\/diariotextual.com\\\/inicio\\\/\",\"logo\":{\"@type\":\"ImageObject\",\"inLanguage\":\"es\",\"@id\":\"https:\\\/\\\/diariotextual.com\\\/inicio\\\/#\\\/schema\\\/logo\\\/image\\\/\",\"url\":\"https:\\\/\\\/diariotextual.com\\\/inicio\\\/wp-content\\\/uploads\\\/2023\\\/05\\\/logotextual1.jpg\",\"contentUrl\":\"https:\\\/\\\/diariotextual.com\\\/inicio\\\/wp-content\\\/uploads\\\/2023\\\/05\\\/logotextual1.jpg\",\"width\":516,\"height\":76,\"caption\":\"Diario Textual\"},\"image\":{\"@id\":\"https:\\\/\\\/diariotextual.com\\\/inicio\\\/#\\\/schema\\\/logo\\\/image\\\/\"},\"sameAs\":[\"https:\\\/\\\/www.facebook.com\\\/eltextual\",\"https:\\\/\\\/x.com\\\/eltextual\",\"http:\\\/\\\/www.instagram.com\\\/eltextual\"]},{\"@type\":\"Person\",\"@id\":\"https:\\\/\\\/diariotextual.com\\\/inicio\\\/#\\\/schema\\\/person\\\/418fc4093c33e86ed41562db3508f958\",\"name\":\"Diario1 Diario1\",\"image\":{\"@type\":\"ImageObject\",\"inLanguage\":\"es\",\"@id\":\"https:\\\/\\\/secure.gravatar.com\\\/avatar\\\/9167d280179c85bc18be67aa7eda765854300033af4896dd779b608640f2ef7a?s=96&d=mm&r=g\",\"url\":\"https:\\\/\\\/secure.gravatar.com\\\/avatar\\\/9167d280179c85bc18be67aa7eda765854300033af4896dd779b608640f2ef7a?s=96&d=mm&r=g\",\"contentUrl\":\"https:\\\/\\\/secure.gravatar.com\\\/avatar\\\/9167d280179c85bc18be67aa7eda765854300033af4896dd779b608640f2ef7a?s=96&d=mm&r=g\",\"caption\":\"Diario1 Diario1\"},\"url\":\"https:\\\/\\\/diariotextual.com\\\/inicio\\\/index.php\\\/author\\\/diario1\\\/\"}]}<\/script>\n<!-- \/ Yoast SEO plugin. -->","yoast_head_json":{"title":"Dolor en Acha por la muerte de un veterano de la Guerra de Malvinas - Diario Textual","robots":{"index":"index","follow":"follow","max-snippet":"max-snippet:-1","max-image-preview":"max-image-preview:large","max-video-preview":"max-video-preview:-1"},"canonical":"https:\/\/diariotextual.com\/inicio\/index.php\/2021\/03\/27\/acha-dolor-por-la-muerte-de-un-veterano-de-la-guerra-de-malvinas\/","og_locale":"es_ES","og_type":"article","og_title":"Dolor en Acha por la muerte de un veterano de la Guerra de Malvinas - Diario Textual","og_description":"Miguel \u00c1ngel Guzm\u00e1n, veterano de la Guerra de Malvinas que resid\u00eda en General Acha, muri\u00f3 durante este s\u00e1bado, seg\u00fan informaron sus camaradas a Diario Textual. Seg\u00fan contaron, se le hab\u00eda&hellip;","og_url":"https:\/\/diariotextual.com\/inicio\/index.php\/2021\/03\/27\/acha-dolor-por-la-muerte-de-un-veterano-de-la-guerra-de-malvinas\/","og_site_name":"Diario Textual","article_publisher":"https:\/\/www.facebook.com\/eltextual","article_published_time":"2021-03-27T16:04:00+00:00","article_modified_time":"2021-03-27T18:08:05+00:00","og_image":[{"width":854,"height":564,"url":"https:\/\/diariotextual.com\/inicio\/wp-content\/uploads\/2021\/03\/guzmanmiguelangelveteranobelgrano001.jpg","type":"image\/jpeg"}],"author":"Diario1 Diario1","twitter_card":"summary_large_image","twitter_creator":"@eltextual","twitter_site":"@eltextual","twitter_misc":{"Escrito por":"Diario1 Diario1","Tiempo de lectura":"2 minutos"},"schema":{"@context":"https:\/\/schema.org","@graph":[{"@type":"Article","@id":"https:\/\/diariotextual.com\/inicio\/index.php\/2021\/03\/27\/acha-dolor-por-la-muerte-de-un-veterano-de-la-guerra-de-malvinas\/#article","isPartOf":{"@id":"https:\/\/diariotextual.com\/inicio\/index.php\/2021\/03\/27\/acha-dolor-por-la-muerte-de-un-veterano-de-la-guerra-de-malvinas\/"},"author":{"name":"Diario1 Diario1","@id":"https:\/\/diariotextual.com\/inicio\/#\/schema\/person\/418fc4093c33e86ed41562db3508f958"},"headline":"Dolor en Acha por la muerte de un veterano de la Guerra de Malvinas","datePublished":"2021-03-27T16:04:00+00:00","dateModified":"2021-03-27T18:08:05+00:00","mainEntityOfPage":{"@id":"https:\/\/diariotextual.com\/inicio\/index.php\/2021\/03\/27\/acha-dolor-por-la-muerte-de-un-veterano-de-la-guerra-de-malvinas\/"},"wordCount":272,"publisher":{"@id":"https:\/\/diariotextual.com\/inicio\/#organization"},"image":{"@id":"https:\/\/diariotextual.com\/inicio\/index.php\/2021\/03\/27\/acha-dolor-por-la-muerte-de-un-veterano-de-la-guerra-de-malvinas\/#primaryimage"},"thumbnailUrl":"https:\/\/diariotextual.com\/inicio\/wp-content\/uploads\/2021\/03\/guzmanmiguelangelveteranobelgrano001.jpg","articleSection":["A - PORTADA2","SOCIEDAD"],"inLanguage":"es"},{"@type":"WebPage","@id":"https:\/\/diariotextual.com\/inicio\/index.php\/2021\/03\/27\/acha-dolor-por-la-muerte-de-un-veterano-de-la-guerra-de-malvinas\/","url":"https:\/\/diariotextual.com\/inicio\/index.php\/2021\/03\/27\/acha-dolor-por-la-muerte-de-un-veterano-de-la-guerra-de-malvinas\/","name":"Dolor en Acha por la muerte de un veterano de la Guerra de Malvinas - Diario Textual","isPartOf":{"@id":"https:\/\/diariotextual.com\/inicio\/#website"},"primaryImageOfPage":{"@id":"https:\/\/diariotextual.com\/inicio\/index.php\/2021\/03\/27\/acha-dolor-por-la-muerte-de-un-veterano-de-la-guerra-de-malvinas\/#primaryimage"},"image":{"@id":"https:\/\/diariotextual.com\/inicio\/index.php\/2021\/03\/27\/acha-dolor-por-la-muerte-de-un-veterano-de-la-guerra-de-malvinas\/#primaryimage"},"thumbnailUrl":"https:\/\/diariotextual.com\/inicio\/wp-content\/uploads\/2021\/03\/guzmanmiguelangelveteranobelgrano001.jpg","datePublished":"2021-03-27T16:04:00+00:00","dateModified":"2021-03-27T18:08:05+00:00","breadcrumb":{"@id":"https:\/\/diariotextual.com\/inicio\/index.php\/2021\/03\/27\/acha-dolor-por-la-muerte-de-un-veterano-de-la-guerra-de-malvinas\/#breadcrumb"},"inLanguage":"es","potentialAction":[{"@type":"ReadAction","target":["https:\/\/diariotextual.com\/inicio\/index.php\/2021\/03\/27\/acha-dolor-por-la-muerte-de-un-veterano-de-la-guerra-de-malvinas\/"]}]},{"@type":"ImageObject","inLanguage":"es","@id":"https:\/\/diariotextual.com\/inicio\/index.php\/2021\/03\/27\/acha-dolor-por-la-muerte-de-un-veterano-de-la-guerra-de-malvinas\/#primaryimage","url":"https:\/\/diariotextual.com\/inicio\/wp-content\/uploads\/2021\/03\/guzmanmiguelangelveteranobelgrano001.jpg","contentUrl":"https:\/\/diariotextual.com\/inicio\/wp-content\/uploads\/2021\/03\/guzmanmiguelangelveteranobelgrano001.jpg","width":854,"height":564},{"@type":"BreadcrumbList","@id":"https:\/\/diariotextual.com\/inicio\/index.php\/2021\/03\/27\/acha-dolor-por-la-muerte-de-un-veterano-de-la-guerra-de-malvinas\/#breadcrumb","itemListElement":[{"@type":"ListItem","position":1,"name":"Portada","item":"https:\/\/diariotextual.com\/inicio\/"},{"@type":"ListItem","position":2,"name":"Dolor en Acha por la muerte de un veterano de la Guerra de Malvinas"}]},{"@type":"WebSite","@id":"https:\/\/diariotextual.com\/inicio\/#website","url":"https:\/\/diariotextual.com\/inicio\/","name":"Diario Textual","description":"","publisher":{"@id":"https:\/\/diariotextual.com\/inicio\/#organization"},"potentialAction":[{"@type":"SearchAction","target":{"@type":"EntryPoint","urlTemplate":"https:\/\/diariotextual.com\/inicio\/?s={search_term_string}"},"query-input":{"@type":"PropertyValueSpecification","valueRequired":true,"valueName":"search_term_string"}}],"inLanguage":"es"},{"@type":"Organization","@id":"https:\/\/diariotextual.com\/inicio\/#organization","name":"Diario Textual","url":"https:\/\/diariotextual.com\/inicio\/","logo":{"@type":"ImageObject","inLanguage":"es","@id":"https:\/\/diariotextual.com\/inicio\/#\/schema\/logo\/image\/","url":"https:\/\/diariotextual.com\/inicio\/wp-content\/uploads\/2023\/05\/logotextual1.jpg","contentUrl":"https:\/\/diariotextual.com\/inicio\/wp-content\/uploads\/2023\/05\/logotextual1.jpg","width":516,"height":76,"caption":"Diario Textual"},"image":{"@id":"https:\/\/diariotextual.com\/inicio\/#\/schema\/logo\/image\/"},"sameAs":["https:\/\/www.facebook.com\/eltextual","https:\/\/x.com\/eltextual","http:\/\/www.instagram.com\/eltextual"]},{"@type":"Person","@id":"https:\/\/diariotextual.com\/inicio\/#\/schema\/person\/418fc4093c33e86ed41562db3508f958","name":"Diario1 Diario1","image":{"@type":"ImageObject","inLanguage":"es","@id":"https:\/\/secure.gravatar.com\/avatar\/9167d280179c85bc18be67aa7eda765854300033af4896dd779b608640f2ef7a?s=96&d=mm&r=g","url":"https:\/\/secure.gravatar.com\/avatar\/9167d280179c85bc18be67aa7eda765854300033af4896dd779b608640f2ef7a?s=96&d=mm&r=g","contentUrl":"https:\/\/secure.gravatar.com\/avatar\/9167d280179c85bc18be67aa7eda765854300033af4896dd779b608640f2ef7a?s=96&d=mm&r=g","caption":"Diario1 Diario1"},"url":"https:\/\/diariotextual.com\/inicio\/index.php\/author\/diario1\/"}]}},"_links":{"self":[{"href":"https:\/\/diariotextual.com\/inicio\/index.php\/wp-json\/wp\/v2\/posts\/139221","targetHints":{"allow":["GET"]}}],"collection":[{"href":"https:\/\/diariotextual.com\/inicio\/index.php\/wp-json\/wp\/v2\/posts"}],"about":[{"href":"https:\/\/diariotextual.com\/inicio\/index.php\/wp-json\/wp\/v2\/types\/post"}],"author":[{"embeddable":true,"href":"https:\/\/diariotextual.com\/inicio\/index.php\/wp-json\/wp\/v2\/users\/3"}],"replies":[{"embeddable":true,"href":"https:\/\/diariotextual.com\/inicio\/index.php\/wp-json\/wp\/v2\/comments?post=139221"}],"version-history":[{"count":4,"href":"https:\/\/diariotextual.com\/inicio\/index.php\/wp-json\/wp\/v2\/posts\/139221\/revisions"}],"predecessor-version":[{"id":139231,"href":"https:\/\/diariotextual.com\/inicio\/index.php\/wp-json\/wp\/v2\/posts\/139221\/revisions\/139231"}],"wp:featuredmedia":[{"embeddable":true,"href":"https:\/\/diariotextual.com\/inicio\/index.php\/wp-json\/wp\/v2\/media\/139223"}],"wp:attachment":[{"href":"https:\/\/diariotextual.com\/inicio\/index.php\/wp-json\/wp\/v2\/media?parent=139221"}],"wp:term":[{"taxonomy":"category","embeddable":true,"href":"https:\/\/diariotextual.com\/inicio\/index.php\/wp-json\/wp\/v2\/categories?post=139221"},{"taxonomy":"post_tag","embeddable":true,"href":"https:\/\/diariotextual.com\/inicio\/index.php\/wp-json\/wp\/v2\/tags?post=139221"}],"curies":[{"name":"wp","href":"https:\/\/api.w.org\/{rel}","templated":true}]}}