{"id":139226,"date":"2021-03-27T13:42:54","date_gmt":"2021-03-27T16:42:54","guid":{"rendered":"http:\/\/diariotextual.com\/inicio\/?p=139226"},"modified":"2021-03-27T20:36:31","modified_gmt":"2021-03-27T23:36:31","slug":"ardohain-y-un-mensaje-a-la-ucr-una-interna-para-definir-candidatos-nos-haria-bien","status":"publish","type":"post","link":"https:\/\/diariotextual.com\/inicio\/index.php\/2021\/03\/27\/ardohain-y-un-mensaje-a-la-ucr-una-interna-para-definir-candidatos-nos-haria-bien\/","title":{"rendered":"Ardohain y un mensaje a la UCR: \u201cUna interna para definir candidatos nos har\u00eda bien\u201d"},"content":{"rendered":"\n<p>El diputado provincial <strong>Mart\u00edn Ardohain (PRO)<\/strong> dijo este s\u00e1bado que para ganarle al oficialismo en las elecciones legislativas hay que \u201c<strong>armar un gran frente\u201d<\/strong> con el radicalismo, los socios actuales del MoFePa, UNIR y el MID y otras fuerzas que se sumen. Y opin\u00f3 que <strong>\u201cuna interna hoy har\u00eda bien\u201d<\/strong> para que los candidatos y candidatas los defina la gente.<\/p>\n\n\n\n<p>Ardohain, en declaraciones a <strong>Radio Textual (LU 33)<\/strong> confirm\u00f3 la intenci\u00f3n de ir en un frente con la UCR en las legislativas de este a\u00f1o y dej\u00f3 la posibilidad de ampliarlo.<\/p>\n\n\n\n<p>\u201cPara ganarle al oficialismo hay que armar un gran frente. Y as\u00ed y todo no es f\u00e1cil\u201d, dijo.<\/p>\n\n\n\n<p>\u201cMuchas cosas hicimos mal. Cre\u00edmos que la sociedad iba a ver m\u00e1s all\u00e1 del humo que nos vendieron desde un aparato, de un relato\u201d, se\u00f1al\u00f3 a modo de autocr\u00edtica. \u201cFuimos ingenuos\u201d. <\/p>\n\n\n\n<p>\u201cEl Gobierno nacional defraud\u00f3 a mucha gente. Hay un desencanto. La gente va a volver a mirar a la oposici\u00f3n. Hay que hacer un frente grande\u201d, insisti\u00f3.<\/p>\n\n\n\n<p>\u00bfC\u00f3mo se podr\u00edan dirimir las candidaturas si van a las legislativas con la UCR en Juntos por el Cambio? \u201cCreo que una interna hoy nos har\u00eda bien para que los candidatos los defina la gente\u201d, dijo.<\/p>\n","protected":false},"excerpt":{"rendered":"<p>El diputado provincial Mart\u00edn Ardohain (PRO) dijo este s\u00e1bado que para ganarle al oficialismo en las elecciones legislativas hay que \u201carmar un gran frente\u201d con el radicalismo, los socios actuales&hellip;<\/p>\n","protected":false},"author":7,"featured_media":100469,"comment_status":"closed","ping_status":"open","sticky":false,"template":"","format":"standard","meta":{"_acf_changed":false,"footnotes":""},"categories":[10,8],"tags":[],"class_list":["post-139226","post","type-post","status-publish","format-standard","has-post-thumbnail","hentry","category-portada-2","category-politica"],"acf":[],"yoast_head":"<!-- This site is optimized with the Yoast SEO plugin v27.5 - https:\/\/yoast.com\/product\/yoast-seo-wordpress\/ -->\n<title>Ardohain y un mensaje a la UCR: \u201cUna interna para definir candidatos nos har\u00eda bien\u201d - Diario Textual<\/title>\n<meta name=\"robots\" content=\"index, follow, max-snippet:-1, max-image-preview:large, max-video-preview:-1\" \/>\n<link rel=\"canonical\" href=\"https:\/\/diariotextual.com\/inicio\/index.php\/2021\/03\/27\/ardohain-y-un-mensaje-a-la-ucr-una-interna-para-definir-candidatos-nos-haria-bien\/\" \/>\n<meta property=\"og:locale\" content=\"es_ES\" \/>\n<meta property=\"og:type\" content=\"article\" \/>\n<meta property=\"og:title\" content=\"Ardohain y un mensaje a la UCR: \u201cUna interna para definir candidatos nos har\u00eda bien\u201d - Diario Textual\" \/>\n<meta property=\"og:description\" content=\"El diputado provincial Mart\u00edn Ardohain (PRO) dijo este s\u00e1bado que para ganarle al oficialismo en las elecciones legislativas hay que \u201carmar un gran frente\u201d con el radicalismo, los socios actuales&hellip;\" \/>\n<meta property=\"og:url\" content=\"https:\/\/diariotextual.com\/inicio\/index.php\/2021\/03\/27\/ardohain-y-un-mensaje-a-la-ucr-una-interna-para-definir-candidatos-nos-haria-bien\/\" \/>\n<meta property=\"og:site_name\" content=\"Diario Textual\" \/>\n<meta property=\"article:publisher\" content=\"https:\/\/www.facebook.com\/eltextual\" \/>\n<meta property=\"article:published_time\" content=\"2021-03-27T16:42:54+00:00\" \/>\n<meta property=\"article:modified_time\" content=\"2021-03-27T23:36:31+00:00\" \/>\n<meta property=\"og:image\" content=\"https:\/\/diariotextual.com\/inicio\/wp-content\/uploads\/2020\/07\/ardohainmartin2020-4.jpeg\" \/>\n\t<meta property=\"og:image:width\" content=\"885\" \/>\n\t<meta property=\"og:image:height\" content=\"576\" \/>\n\t<meta property=\"og:image:type\" content=\"image\/jpeg\" \/>\n<meta name=\"author\" content=\"diario5\" \/>\n<meta name=\"twitter:card\" content=\"summary_large_image\" \/>\n<meta name=\"twitter:creator\" content=\"@eltextual\" \/>\n<meta name=\"twitter:site\" content=\"@eltextual\" \/>\n<meta name=\"twitter:label1\" content=\"Escrito por\" \/>\n\t<meta name=\"twitter:data1\" content=\"diario5\" \/>\n\t<meta name=\"twitter:label2\" content=\"Tiempo de lectura\" \/>\n\t<meta name=\"twitter:data2\" content=\"1 minuto\" \/>\n<script type=\"application\/ld+json\" class=\"yoast-schema-graph\">{\"@context\":\"https:\\\/\\\/schema.org\",\"@graph\":[{\"@type\":\"Article\",\"@id\":\"https:\\\/\\\/diariotextual.com\\\/inicio\\\/index.php\\\/2021\\\/03\\\/27\\\/ardohain-y-un-mensaje-a-la-ucr-una-interna-para-definir-candidatos-nos-haria-bien\\\/#article\",\"isPartOf\":{\"@id\":\"https:\\\/\\\/diariotextual.com\\\/inicio\\\/index.php\\\/2021\\\/03\\\/27\\\/ardohain-y-un-mensaje-a-la-ucr-una-interna-para-definir-candidatos-nos-haria-bien\\\/\"},\"author\":{\"name\":\"diario5\",\"@id\":\"https:\\\/\\\/diariotextual.com\\\/inicio\\\/#\\\/schema\\\/person\\\/c7834961ad8b29b1d9cdbf4571299067\"},\"headline\":\"Ardohain y un mensaje a la UCR: \u201cUna interna para definir candidatos nos har\u00eda bien\u201d\",\"datePublished\":\"2021-03-27T16:42:54+00:00\",\"dateModified\":\"2021-03-27T23:36:31+00:00\",\"mainEntityOfPage\":{\"@id\":\"https:\\\/\\\/diariotextual.com\\\/inicio\\\/index.php\\\/2021\\\/03\\\/27\\\/ardohain-y-un-mensaje-a-la-ucr-una-interna-para-definir-candidatos-nos-haria-bien\\\/\"},\"wordCount\":232,\"publisher\":{\"@id\":\"https:\\\/\\\/diariotextual.com\\\/inicio\\\/#organization\"},\"image\":{\"@id\":\"https:\\\/\\\/diariotextual.com\\\/inicio\\\/index.php\\\/2021\\\/03\\\/27\\\/ardohain-y-un-mensaje-a-la-ucr-una-interna-para-definir-candidatos-nos-haria-bien\\\/#primaryimage\"},\"thumbnailUrl\":\"https:\\\/\\\/diariotextual.com\\\/inicio\\\/wp-content\\\/uploads\\\/2020\\\/07\\\/ardohainmartin2020-4.jpeg\",\"articleSection\":[\"A - PORTADA2\",\"POLITICA\"],\"inLanguage\":\"es\"},{\"@type\":\"WebPage\",\"@id\":\"https:\\\/\\\/diariotextual.com\\\/inicio\\\/index.php\\\/2021\\\/03\\\/27\\\/ardohain-y-un-mensaje-a-la-ucr-una-interna-para-definir-candidatos-nos-haria-bien\\\/\",\"url\":\"https:\\\/\\\/diariotextual.com\\\/inicio\\\/index.php\\\/2021\\\/03\\\/27\\\/ardohain-y-un-mensaje-a-la-ucr-una-interna-para-definir-candidatos-nos-haria-bien\\\/\",\"name\":\"Ardohain y un mensaje a la UCR: \u201cUna interna para definir candidatos nos har\u00eda bien\u201d - Diario Textual\",\"isPartOf\":{\"@id\":\"https:\\\/\\\/diariotextual.com\\\/inicio\\\/#website\"},\"primaryImageOfPage\":{\"@id\":\"https:\\\/\\\/diariotextual.com\\\/inicio\\\/index.php\\\/2021\\\/03\\\/27\\\/ardohain-y-un-mensaje-a-la-ucr-una-interna-para-definir-candidatos-nos-haria-bien\\\/#primaryimage\"},\"image\":{\"@id\":\"https:\\\/\\\/diariotextual.com\\\/inicio\\\/index.php\\\/2021\\\/03\\\/27\\\/ardohain-y-un-mensaje-a-la-ucr-una-interna-para-definir-candidatos-nos-haria-bien\\\/#primaryimage\"},\"thumbnailUrl\":\"https:\\\/\\\/diariotextual.com\\\/inicio\\\/wp-content\\\/uploads\\\/2020\\\/07\\\/ardohainmartin2020-4.jpeg\",\"datePublished\":\"2021-03-27T16:42:54+00:00\",\"dateModified\":\"2021-03-27T23:36:31+00:00\",\"breadcrumb\":{\"@id\":\"https:\\\/\\\/diariotextual.com\\\/inicio\\\/index.php\\\/2021\\\/03\\\/27\\\/ardohain-y-un-mensaje-a-la-ucr-una-interna-para-definir-candidatos-nos-haria-bien\\\/#breadcrumb\"},\"inLanguage\":\"es\",\"potentialAction\":[{\"@type\":\"ReadAction\",\"target\":[\"https:\\\/\\\/diariotextual.com\\\/inicio\\\/index.php\\\/2021\\\/03\\\/27\\\/ardohain-y-un-mensaje-a-la-ucr-una-interna-para-definir-candidatos-nos-haria-bien\\\/\"]}]},{\"@type\":\"ImageObject\",\"inLanguage\":\"es\",\"@id\":\"https:\\\/\\\/diariotextual.com\\\/inicio\\\/index.php\\\/2021\\\/03\\\/27\\\/ardohain-y-un-mensaje-a-la-ucr-una-interna-para-definir-candidatos-nos-haria-bien\\\/#primaryimage\",\"url\":\"https:\\\/\\\/diariotextual.com\\\/inicio\\\/wp-content\\\/uploads\\\/2020\\\/07\\\/ardohainmartin2020-4.jpeg\",\"contentUrl\":\"https:\\\/\\\/diariotextual.com\\\/inicio\\\/wp-content\\\/uploads\\\/2020\\\/07\\\/ardohainmartin2020-4.jpeg\",\"width\":885,\"height\":576},{\"@type\":\"BreadcrumbList\",\"@id\":\"https:\\\/\\\/diariotextual.com\\\/inicio\\\/index.php\\\/2021\\\/03\\\/27\\\/ardohain-y-un-mensaje-a-la-ucr-una-interna-para-definir-candidatos-nos-haria-bien\\\/#breadcrumb\",\"itemListElement\":[{\"@type\":\"ListItem\",\"position\":1,\"name\":\"Portada\",\"item\":\"https:\\\/\\\/diariotextual.com\\\/inicio\\\/\"},{\"@type\":\"ListItem\",\"position\":2,\"name\":\"Ardohain y un mensaje a la UCR: \u201cUna interna para definir candidatos nos har\u00eda bien\u201d\"}]},{\"@type\":\"WebSite\",\"@id\":\"https:\\\/\\\/diariotextual.com\\\/inicio\\\/#website\",\"url\":\"https:\\\/\\\/diariotextual.com\\\/inicio\\\/\",\"name\":\"Diario Textual\",\"description\":\"\",\"publisher\":{\"@id\":\"https:\\\/\\\/diariotextual.com\\\/inicio\\\/#organization\"},\"potentialAction\":[{\"@type\":\"SearchAction\",\"target\":{\"@type\":\"EntryPoint\",\"urlTemplate\":\"https:\\\/\\\/diariotextual.com\\\/inicio\\\/?s={search_term_string}\"},\"query-input\":{\"@type\":\"PropertyValueSpecification\",\"valueRequired\":true,\"valueName\":\"search_term_string\"}}],\"inLanguage\":\"es\"},{\"@type\":\"Organization\",\"@id\":\"https:\\\/\\\/diariotextual.com\\\/inicio\\\/#organization\",\"name\":\"Diario Textual\",\"url\":\"https:\\\/\\\/diariotextual.com\\\/inicio\\\/\",\"logo\":{\"@type\":\"ImageObject\",\"inLanguage\":\"es\",\"@id\":\"https:\\\/\\\/diariotextual.com\\\/inicio\\\/#\\\/schema\\\/logo\\\/image\\\/\",\"url\":\"https:\\\/\\\/diariotextual.com\\\/inicio\\\/wp-content\\\/uploads\\\/2023\\\/05\\\/logotextual1.jpg\",\"contentUrl\":\"https:\\\/\\\/diariotextual.com\\\/inicio\\\/wp-content\\\/uploads\\\/2023\\\/05\\\/logotextual1.jpg\",\"width\":516,\"height\":76,\"caption\":\"Diario Textual\"},\"image\":{\"@id\":\"https:\\\/\\\/diariotextual.com\\\/inicio\\\/#\\\/schema\\\/logo\\\/image\\\/\"},\"sameAs\":[\"https:\\\/\\\/www.facebook.com\\\/eltextual\",\"https:\\\/\\\/x.com\\\/eltextual\",\"http:\\\/\\\/www.instagram.com\\\/eltextual\"]},{\"@type\":\"Person\",\"@id\":\"https:\\\/\\\/diariotextual.com\\\/inicio\\\/#\\\/schema\\\/person\\\/c7834961ad8b29b1d9cdbf4571299067\",\"name\":\"diario5\",\"image\":{\"@type\":\"ImageObject\",\"inLanguage\":\"es\",\"@id\":\"https:\\\/\\\/secure.gravatar.com\\\/avatar\\\/948c893b847ca6df68216ead81b63f363408ec9b0f600fefc0641ce78613b111?s=96&d=mm&r=g\",\"url\":\"https:\\\/\\\/secure.gravatar.com\\\/avatar\\\/948c893b847ca6df68216ead81b63f363408ec9b0f600fefc0641ce78613b111?s=96&d=mm&r=g\",\"contentUrl\":\"https:\\\/\\\/secure.gravatar.com\\\/avatar\\\/948c893b847ca6df68216ead81b63f363408ec9b0f600fefc0641ce78613b111?s=96&d=mm&r=g\",\"caption\":\"diario5\"},\"url\":\"https:\\\/\\\/diariotextual.com\\\/inicio\\\/index.php\\\/author\\\/diario5\\\/\"}]}<\/script>\n<!-- \/ Yoast SEO plugin. -->","yoast_head_json":{"title":"Ardohain y un mensaje a la UCR: \u201cUna interna para definir candidatos nos har\u00eda bien\u201d - Diario Textual","robots":{"index":"index","follow":"follow","max-snippet":"max-snippet:-1","max-image-preview":"max-image-preview:large","max-video-preview":"max-video-preview:-1"},"canonical":"https:\/\/diariotextual.com\/inicio\/index.php\/2021\/03\/27\/ardohain-y-un-mensaje-a-la-ucr-una-interna-para-definir-candidatos-nos-haria-bien\/","og_locale":"es_ES","og_type":"article","og_title":"Ardohain y un mensaje a la UCR: \u201cUna interna para definir candidatos nos har\u00eda bien\u201d - Diario Textual","og_description":"El diputado provincial Mart\u00edn Ardohain (PRO) dijo este s\u00e1bado que para ganarle al oficialismo en las elecciones legislativas hay que \u201carmar un gran frente\u201d con el radicalismo, los socios actuales&hellip;","og_url":"https:\/\/diariotextual.com\/inicio\/index.php\/2021\/03\/27\/ardohain-y-un-mensaje-a-la-ucr-una-interna-para-definir-candidatos-nos-haria-bien\/","og_site_name":"Diario Textual","article_publisher":"https:\/\/www.facebook.com\/eltextual","article_published_time":"2021-03-27T16:42:54+00:00","article_modified_time":"2021-03-27T23:36:31+00:00","og_image":[{"width":885,"height":576,"url":"https:\/\/diariotextual.com\/inicio\/wp-content\/uploads\/2020\/07\/ardohainmartin2020-4.jpeg","type":"image\/jpeg"}],"author":"diario5","twitter_card":"summary_large_image","twitter_creator":"@eltextual","twitter_site":"@eltextual","twitter_misc":{"Escrito por":"diario5","Tiempo de lectura":"1 minuto"},"schema":{"@context":"https:\/\/schema.org","@graph":[{"@type":"Article","@id":"https:\/\/diariotextual.com\/inicio\/index.php\/2021\/03\/27\/ardohain-y-un-mensaje-a-la-ucr-una-interna-para-definir-candidatos-nos-haria-bien\/#article","isPartOf":{"@id":"https:\/\/diariotextual.com\/inicio\/index.php\/2021\/03\/27\/ardohain-y-un-mensaje-a-la-ucr-una-interna-para-definir-candidatos-nos-haria-bien\/"},"author":{"name":"diario5","@id":"https:\/\/diariotextual.com\/inicio\/#\/schema\/person\/c7834961ad8b29b1d9cdbf4571299067"},"headline":"Ardohain y un mensaje a la UCR: \u201cUna interna para definir candidatos nos har\u00eda bien\u201d","datePublished":"2021-03-27T16:42:54+00:00","dateModified":"2021-03-27T23:36:31+00:00","mainEntityOfPage":{"@id":"https:\/\/diariotextual.com\/inicio\/index.php\/2021\/03\/27\/ardohain-y-un-mensaje-a-la-ucr-una-interna-para-definir-candidatos-nos-haria-bien\/"},"wordCount":232,"publisher":{"@id":"https:\/\/diariotextual.com\/inicio\/#organization"},"image":{"@id":"https:\/\/diariotextual.com\/inicio\/index.php\/2021\/03\/27\/ardohain-y-un-mensaje-a-la-ucr-una-interna-para-definir-candidatos-nos-haria-bien\/#primaryimage"},"thumbnailUrl":"https:\/\/diariotextual.com\/inicio\/wp-content\/uploads\/2020\/07\/ardohainmartin2020-4.jpeg","articleSection":["A - PORTADA2","POLITICA"],"inLanguage":"es"},{"@type":"WebPage","@id":"https:\/\/diariotextual.com\/inicio\/index.php\/2021\/03\/27\/ardohain-y-un-mensaje-a-la-ucr-una-interna-para-definir-candidatos-nos-haria-bien\/","url":"https:\/\/diariotextual.com\/inicio\/index.php\/2021\/03\/27\/ardohain-y-un-mensaje-a-la-ucr-una-interna-para-definir-candidatos-nos-haria-bien\/","name":"Ardohain y un mensaje a la UCR: \u201cUna interna para definir candidatos nos har\u00eda bien\u201d - Diario Textual","isPartOf":{"@id":"https:\/\/diariotextual.com\/inicio\/#website"},"primaryImageOfPage":{"@id":"https:\/\/diariotextual.com\/inicio\/index.php\/2021\/03\/27\/ardohain-y-un-mensaje-a-la-ucr-una-interna-para-definir-candidatos-nos-haria-bien\/#primaryimage"},"image":{"@id":"https:\/\/diariotextual.com\/inicio\/index.php\/2021\/03\/27\/ardohain-y-un-mensaje-a-la-ucr-una-interna-para-definir-candidatos-nos-haria-bien\/#primaryimage"},"thumbnailUrl":"https:\/\/diariotextual.com\/inicio\/wp-content\/uploads\/2020\/07\/ardohainmartin2020-4.jpeg","datePublished":"2021-03-27T16:42:54+00:00","dateModified":"2021-03-27T23:36:31+00:00","breadcrumb":{"@id":"https:\/\/diariotextual.com\/inicio\/index.php\/2021\/03\/27\/ardohain-y-un-mensaje-a-la-ucr-una-interna-para-definir-candidatos-nos-haria-bien\/#breadcrumb"},"inLanguage":"es","potentialAction":[{"@type":"ReadAction","target":["https:\/\/diariotextual.com\/inicio\/index.php\/2021\/03\/27\/ardohain-y-un-mensaje-a-la-ucr-una-interna-para-definir-candidatos-nos-haria-bien\/"]}]},{"@type":"ImageObject","inLanguage":"es","@id":"https:\/\/diariotextual.com\/inicio\/index.php\/2021\/03\/27\/ardohain-y-un-mensaje-a-la-ucr-una-interna-para-definir-candidatos-nos-haria-bien\/#primaryimage","url":"https:\/\/diariotextual.com\/inicio\/wp-content\/uploads\/2020\/07\/ardohainmartin2020-4.jpeg","contentUrl":"https:\/\/diariotextual.com\/inicio\/wp-content\/uploads\/2020\/07\/ardohainmartin2020-4.jpeg","width":885,"height":576},{"@type":"BreadcrumbList","@id":"https:\/\/diariotextual.com\/inicio\/index.php\/2021\/03\/27\/ardohain-y-un-mensaje-a-la-ucr-una-interna-para-definir-candidatos-nos-haria-bien\/#breadcrumb","itemListElement":[{"@type":"ListItem","position":1,"name":"Portada","item":"https:\/\/diariotextual.com\/inicio\/"},{"@type":"ListItem","position":2,"name":"Ardohain y un mensaje a la UCR: \u201cUna interna para definir candidatos nos har\u00eda bien\u201d"}]},{"@type":"WebSite","@id":"https:\/\/diariotextual.com\/inicio\/#website","url":"https:\/\/diariotextual.com\/inicio\/","name":"Diario Textual","description":"","publisher":{"@id":"https:\/\/diariotextual.com\/inicio\/#organization"},"potentialAction":[{"@type":"SearchAction","target":{"@type":"EntryPoint","urlTemplate":"https:\/\/diariotextual.com\/inicio\/?s={search_term_string}"},"query-input":{"@type":"PropertyValueSpecification","valueRequired":true,"valueName":"search_term_string"}}],"inLanguage":"es"},{"@type":"Organization","@id":"https:\/\/diariotextual.com\/inicio\/#organization","name":"Diario Textual","url":"https:\/\/diariotextual.com\/inicio\/","logo":{"@type":"ImageObject","inLanguage":"es","@id":"https:\/\/diariotextual.com\/inicio\/#\/schema\/logo\/image\/","url":"https:\/\/diariotextual.com\/inicio\/wp-content\/uploads\/2023\/05\/logotextual1.jpg","contentUrl":"https:\/\/diariotextual.com\/inicio\/wp-content\/uploads\/2023\/05\/logotextual1.jpg","width":516,"height":76,"caption":"Diario Textual"},"image":{"@id":"https:\/\/diariotextual.com\/inicio\/#\/schema\/logo\/image\/"},"sameAs":["https:\/\/www.facebook.com\/eltextual","https:\/\/x.com\/eltextual","http:\/\/www.instagram.com\/eltextual"]},{"@type":"Person","@id":"https:\/\/diariotextual.com\/inicio\/#\/schema\/person\/c7834961ad8b29b1d9cdbf4571299067","name":"diario5","image":{"@type":"ImageObject","inLanguage":"es","@id":"https:\/\/secure.gravatar.com\/avatar\/948c893b847ca6df68216ead81b63f363408ec9b0f600fefc0641ce78613b111?s=96&d=mm&r=g","url":"https:\/\/secure.gravatar.com\/avatar\/948c893b847ca6df68216ead81b63f363408ec9b0f600fefc0641ce78613b111?s=96&d=mm&r=g","contentUrl":"https:\/\/secure.gravatar.com\/avatar\/948c893b847ca6df68216ead81b63f363408ec9b0f600fefc0641ce78613b111?s=96&d=mm&r=g","caption":"diario5"},"url":"https:\/\/diariotextual.com\/inicio\/index.php\/author\/diario5\/"}]}},"_links":{"self":[{"href":"https:\/\/diariotextual.com\/inicio\/index.php\/wp-json\/wp\/v2\/posts\/139226","targetHints":{"allow":["GET"]}}],"collection":[{"href":"https:\/\/diariotextual.com\/inicio\/index.php\/wp-json\/wp\/v2\/posts"}],"about":[{"href":"https:\/\/diariotextual.com\/inicio\/index.php\/wp-json\/wp\/v2\/types\/post"}],"author":[{"embeddable":true,"href":"https:\/\/diariotextual.com\/inicio\/index.php\/wp-json\/wp\/v2\/users\/7"}],"replies":[{"embeddable":true,"href":"https:\/\/diariotextual.com\/inicio\/index.php\/wp-json\/wp\/v2\/comments?post=139226"}],"version-history":[{"count":2,"href":"https:\/\/diariotextual.com\/inicio\/index.php\/wp-json\/wp\/v2\/posts\/139226\/revisions"}],"predecessor-version":[{"id":139228,"href":"https:\/\/diariotextual.com\/inicio\/index.php\/wp-json\/wp\/v2\/posts\/139226\/revisions\/139228"}],"wp:featuredmedia":[{"embeddable":true,"href":"https:\/\/diariotextual.com\/inicio\/index.php\/wp-json\/wp\/v2\/media\/100469"}],"wp:attachment":[{"href":"https:\/\/diariotextual.com\/inicio\/index.php\/wp-json\/wp\/v2\/media?parent=139226"}],"wp:term":[{"taxonomy":"category","embeddable":true,"href":"https:\/\/diariotextual.com\/inicio\/index.php\/wp-json\/wp\/v2\/categories?post=139226"},{"taxonomy":"post_tag","embeddable":true,"href":"https:\/\/diariotextual.com\/inicio\/index.php\/wp-json\/wp\/v2\/tags?post=139226"}],"curies":[{"name":"wp","href":"https:\/\/api.w.org\/{rel}","templated":true}]}}