{"id":139476,"date":"2021-03-29T14:44:01","date_gmt":"2021-03-29T17:44:01","guid":{"rendered":"http:\/\/diariotextual.com\/inicio\/?p=139476"},"modified":"2021-03-29T14:44:02","modified_gmt":"2021-03-29T17:44:02","slug":"evangelicos-en-politica-en-uno-apuestan-por-roberto-torres-en-la-pampa","status":"publish","type":"post","link":"https:\/\/diariotextual.com\/inicio\/index.php\/2021\/03\/29\/evangelicos-en-politica-en-uno-apuestan-por-roberto-torres-en-la-pampa\/","title":{"rendered":"Evang\u00e9licos en pol\u00edtica: en UNO apuestan por Roberto Torres en La Pampa"},"content":{"rendered":"\n<p><strong>Walter Ghione, pastor rosarino y legislador provincial santafesino<\/strong> que encabeza la Junta Promotora Nacional de UNO (Una Nueva Oportunidad), admiti\u00f3 que<strong> trabajar\u00e1n desde el sector evang\u00e9lico para que el exconcejal santarrose\u00f1o Roberto Torres (Pueblo Nuevo) sea candidato a intendente<\/strong> en Santa Rosa en el 2023.<\/p>\n\n\n\n<p>Con el objetivo de enfrentar electoralmente al Frente de Todos, Ghione afirm\u00f3: \u201c<strong>La idea es seguir creciendo en la territorialidad de las concejal\u00edas, presidencias comunales, intendencias;<\/strong> eso es muy importante; pero necesitar\u00edamos una intendencia para poder mostrar nuestra base pol\u00edtica en acci\u00f3n concreta para transformar alguna ciudad\u201d.<\/p>\n\n\n\n<p>Y en di\u00e1logo con Letra P, dio los <strong>nombres de dos de los alfiles de UNO en los que conf\u00eda para alcanzar ese objetivo: la neuquina Marisa Torres San Juan en Plottier y el pastor pampeano Roberto Torres en Santa Rosa.<\/strong><\/p>\n\n\n\n<p>\u201cHay que entender que si no nos unimos todos contra ese adversario y damos cabida a que ganen esta elecci\u00f3n (por las pr\u00f3ximas legislativas), lamentablemente vamos a tener kirchnerismo por los pr\u00f3ximos diez a\u00f1os\u201d, dijo.<\/p>\n\n\n\n<p>La<strong> fuerza partidaria, sustentada sobre la base de la militancia en las iglesias cristianas, tuvo su g\u00e9nesis en 2019 con el batacazo electoral de Amalia Granata en Santa Fe<\/strong>, donde por primera vez la territorialidad evang\u00e9lica se uni\u00f3 a la exposici\u00f3n p\u00fablica de la panelista y vedette para cosechar 287 mil votos y lograr seis bancas con una agenda celeste. Tambi\u00e9n fue clave el protagonismo opositor que tuvo esta comunidad de fe en la batalla por la ley de aborto, tanto en 2018 como a fines del a\u00f1o pasado, cuando finalmente fue sancionada.<\/p>\n\n\n\n<p>Ahora, UNO va por m\u00e1s: proyecci\u00f3n nacional con esp\u00edritu frentista, opositor y federal. En este sentido, el espacio pol\u00edtico busca denodadamente conseguir personer\u00eda en las provincias donde tiene representaci\u00f3n. No obstante, <strong>sus referentes cuestionan las demoras en la actuaci\u00f3n de la C\u00e1mara Nacional Electoral. \u201cHicimos presentaciones en diez de las 14 provincias donde estamos, pero lamentablemente la justicia electoral se toma su buen tiempo <\/strong>para aprobarte el partido\u201d, se quej\u00f3 Ghione.<\/p>\n\n\n\n<p>El <strong>pastor Ghione comanda el armado nacional de UNO secundado por Ana Valoy, la tucumana que se opuso a la Ley Micaela y est\u00e1 al frente del Observatorio de la Familia en el municipio de Yerba Buena<\/strong>; Diego Villamayor, el abogado bonaerense que fue funcionario de la cartera educativa durante la gesti\u00f3n de Mar\u00eda Eugenia Vidal; Leandro Jacobi, responsable de la construcci\u00f3n de Cambiemos en Entre R\u00edos; el pastor Roberto Torres, exconcejal de Santa Rosa (La Pampa) por Pueblo Nuevo; la concejala Marisa Torres San Juan, fundadora del Movimiento Ciudadano Activa en Plottier (Neuqu\u00e9n), y el pastor Walther Lucero en Mendoza. Tambi\u00e9n suman al encuadre Gabriela Sosa en Corrientes, Oscar Krause en Formosa, Rodrigo Guiti\u00e1n en Salta, Daniel Molina en C\u00f3rdoba, Pablo Galarza en Chubut y Brian Encinas en la Ciudad de Buenos Aires.<\/p>\n\n\n\n<p>Ghione reconoci\u00f3 que las<strong> conversaciones con Juntos por el Cambio (JxC) son las m\u00e1s serias para tejer alianzas electorales, pero tambi\u00e9n dicen haber recibido propuestas del incipiente frente de derecha Encuentro Federal<\/strong>, que re\u00fane a Ricardo L\u00f3pez Murphy, Jos\u00e9 Luis Espert y Javier Milei y acaba de sumar a sus filas a la tambi\u00e9n evang\u00e9lica Cynthia Hotton y su armado Valores.<\/p>\n\n\n\n<p>\u201cSabemos que<strong> hay una reticencia de la UCR para que nos acoplemos, porque (los radicales) est\u00e1n m\u00e1s del lado del progresismo de izquierda y nosotros estamos tirando para el otro lado<\/strong>\u201d, admiti\u00f3 el referente evang\u00e9lico, pero matiz\u00f3: \u201cNo nos definimos de derecha, porque no cabemos en esa cuesti\u00f3n. No somos nacionalistas, somos conservadores, s\u00ed, y populares, porque venimos de muchos lugares donde se despliega nuestro accionar social y territorial\u201d.<\/p>\n\n\n\n<p>Ghione <strong>apel\u00f3 a la muletilla \u201cno nos une el amor sino el espanto\u201d<\/strong> para graficar su inter\u00e9s por el armado de un gran frente opositor ante las elecciones de medio turno, aunque no descart\u00f3 en ir por afuera si no prospera el intento de unidad. Tambi\u00e9n sostuvo que <strong>le preocupa que el pa\u00eds se convierta en \u201cuna nueva Venezuela\u201d en la que se conculquen las libertades individuales y republicanas. <\/strong>\u201cVamos hacia eso, si el FdT sigue en el poder\u201d, advirti\u00f3.<\/p>\n\n\n\n<p>Esta movida partidaria de los pastores <strong>no cuenta con la bendici\u00f3n de la Alianza Cristiana de Iglesias de la Rep\u00fablica Argentina (ACIERA)<\/strong>, que, sin embargo, apoya que sus fieles incursionen en pol\u00edtica; pero se nutre de la experiencia del vecino Brasil, donde el poder y la influencia del evangelismo son clave para sustentar la gobernabilidad del presidente Jair Bolsonaro.<\/p>\n","protected":false},"excerpt":{"rendered":"<p>Walter Ghione, pastor rosarino y legislador provincial santafesino que encabeza la Junta Promotora Nacional de UNO (Una Nueva Oportunidad), admiti\u00f3 que trabajar\u00e1n desde el sector evang\u00e9lico para que el exconcejal&hellip;<\/p>\n","protected":false},"author":5,"featured_media":20864,"comment_status":"closed","ping_status":"open","sticky":false,"template":"","format":"standard","meta":{"_acf_changed":false,"footnotes":""},"categories":[4,8],"tags":[2976,1491,5244,5245],"class_list":["post-139476","post","type-post","status-publish","format-standard","has-post-thumbnail","hentry","category-destacadas","category-politica","tag-evangelicos","tag-pueblo-nuevo","tag-roberto-torres","tag-uno"],"acf":[],"yoast_head":"<!-- This site is optimized with the Yoast SEO plugin v27.5 - https:\/\/yoast.com\/product\/yoast-seo-wordpress\/ -->\n<title>Evang\u00e9licos en pol\u00edtica: en UNO apuestan por Roberto Torres en La Pampa - Diario Textual<\/title>\n<meta name=\"robots\" content=\"index, follow, max-snippet:-1, max-image-preview:large, max-video-preview:-1\" \/>\n<link rel=\"canonical\" href=\"https:\/\/diariotextual.com\/inicio\/index.php\/2021\/03\/29\/evangelicos-en-politica-en-uno-apuestan-por-roberto-torres-en-la-pampa\/\" \/>\n<meta property=\"og:locale\" content=\"es_ES\" \/>\n<meta property=\"og:type\" content=\"article\" \/>\n<meta property=\"og:title\" content=\"Evang\u00e9licos en pol\u00edtica: en UNO apuestan por Roberto Torres en La Pampa - Diario Textual\" \/>\n<meta property=\"og:description\" content=\"Walter Ghione, pastor rosarino y legislador provincial santafesino que encabeza la Junta Promotora Nacional de UNO (Una Nueva Oportunidad), admiti\u00f3 que trabajar\u00e1n desde el sector evang\u00e9lico para que el exconcejal&hellip;\" \/>\n<meta property=\"og:url\" content=\"https:\/\/diariotextual.com\/inicio\/index.php\/2021\/03\/29\/evangelicos-en-politica-en-uno-apuestan-por-roberto-torres-en-la-pampa\/\" \/>\n<meta property=\"og:site_name\" content=\"Diario Textual\" \/>\n<meta property=\"article:publisher\" content=\"https:\/\/www.facebook.com\/eltextual\" \/>\n<meta property=\"article:published_time\" content=\"2021-03-29T17:44:01+00:00\" \/>\n<meta property=\"article:modified_time\" content=\"2021-03-29T17:44:02+00:00\" \/>\n<meta property=\"og:image\" content=\"https:\/\/diariotextual.com\/inicio\/wp-content\/uploads\/2018\/09\/torresrobertoconcejal.jpg\" \/>\n\t<meta property=\"og:image:width\" content=\"700\" \/>\n\t<meta property=\"og:image:height\" content=\"482\" \/>\n\t<meta property=\"og:image:type\" content=\"image\/jpeg\" \/>\n<meta name=\"author\" content=\"diario3\" \/>\n<meta name=\"twitter:card\" content=\"summary_large_image\" \/>\n<meta name=\"twitter:creator\" content=\"@eltextual\" \/>\n<meta name=\"twitter:site\" content=\"@eltextual\" \/>\n<meta name=\"twitter:label1\" content=\"Escrito por\" \/>\n\t<meta name=\"twitter:data1\" content=\"diario3\" \/>\n\t<meta name=\"twitter:label2\" content=\"Tiempo de lectura\" \/>\n\t<meta name=\"twitter:data2\" content=\"4 minutos\" \/>\n<script type=\"application\/ld+json\" class=\"yoast-schema-graph\">{\"@context\":\"https:\\\/\\\/schema.org\",\"@graph\":[{\"@type\":\"Article\",\"@id\":\"https:\\\/\\\/diariotextual.com\\\/inicio\\\/index.php\\\/2021\\\/03\\\/29\\\/evangelicos-en-politica-en-uno-apuestan-por-roberto-torres-en-la-pampa\\\/#article\",\"isPartOf\":{\"@id\":\"https:\\\/\\\/diariotextual.com\\\/inicio\\\/index.php\\\/2021\\\/03\\\/29\\\/evangelicos-en-politica-en-uno-apuestan-por-roberto-torres-en-la-pampa\\\/\"},\"author\":{\"name\":\"diario3\",\"@id\":\"https:\\\/\\\/diariotextual.com\\\/inicio\\\/#\\\/schema\\\/person\\\/a1b6f563e0ee944c60f98119389a4d9f\"},\"headline\":\"Evang\u00e9licos en pol\u00edtica: en UNO apuestan por Roberto Torres en La Pampa\",\"datePublished\":\"2021-03-29T17:44:01+00:00\",\"dateModified\":\"2021-03-29T17:44:02+00:00\",\"mainEntityOfPage\":{\"@id\":\"https:\\\/\\\/diariotextual.com\\\/inicio\\\/index.php\\\/2021\\\/03\\\/29\\\/evangelicos-en-politica-en-uno-apuestan-por-roberto-torres-en-la-pampa\\\/\"},\"wordCount\":795,\"publisher\":{\"@id\":\"https:\\\/\\\/diariotextual.com\\\/inicio\\\/#organization\"},\"image\":{\"@id\":\"https:\\\/\\\/diariotextual.com\\\/inicio\\\/index.php\\\/2021\\\/03\\\/29\\\/evangelicos-en-politica-en-uno-apuestan-por-roberto-torres-en-la-pampa\\\/#primaryimage\"},\"thumbnailUrl\":\"https:\\\/\\\/diariotextual.com\\\/inicio\\\/wp-content\\\/uploads\\\/2018\\\/09\\\/torresrobertoconcejal.jpg\",\"keywords\":[\"evangelicos\",\"Pueblo Nuevo\",\"Roberto Torres\",\"UNO\"],\"articleSection\":[\"A - DESTACADAS (mod 16)\",\"POLITICA\"],\"inLanguage\":\"es\"},{\"@type\":\"WebPage\",\"@id\":\"https:\\\/\\\/diariotextual.com\\\/inicio\\\/index.php\\\/2021\\\/03\\\/29\\\/evangelicos-en-politica-en-uno-apuestan-por-roberto-torres-en-la-pampa\\\/\",\"url\":\"https:\\\/\\\/diariotextual.com\\\/inicio\\\/index.php\\\/2021\\\/03\\\/29\\\/evangelicos-en-politica-en-uno-apuestan-por-roberto-torres-en-la-pampa\\\/\",\"name\":\"Evang\u00e9licos en pol\u00edtica: en UNO apuestan por Roberto Torres en La Pampa - Diario Textual\",\"isPartOf\":{\"@id\":\"https:\\\/\\\/diariotextual.com\\\/inicio\\\/#website\"},\"primaryImageOfPage\":{\"@id\":\"https:\\\/\\\/diariotextual.com\\\/inicio\\\/index.php\\\/2021\\\/03\\\/29\\\/evangelicos-en-politica-en-uno-apuestan-por-roberto-torres-en-la-pampa\\\/#primaryimage\"},\"image\":{\"@id\":\"https:\\\/\\\/diariotextual.com\\\/inicio\\\/index.php\\\/2021\\\/03\\\/29\\\/evangelicos-en-politica-en-uno-apuestan-por-roberto-torres-en-la-pampa\\\/#primaryimage\"},\"thumbnailUrl\":\"https:\\\/\\\/diariotextual.com\\\/inicio\\\/wp-content\\\/uploads\\\/2018\\\/09\\\/torresrobertoconcejal.jpg\",\"datePublished\":\"2021-03-29T17:44:01+00:00\",\"dateModified\":\"2021-03-29T17:44:02+00:00\",\"breadcrumb\":{\"@id\":\"https:\\\/\\\/diariotextual.com\\\/inicio\\\/index.php\\\/2021\\\/03\\\/29\\\/evangelicos-en-politica-en-uno-apuestan-por-roberto-torres-en-la-pampa\\\/#breadcrumb\"},\"inLanguage\":\"es\",\"potentialAction\":[{\"@type\":\"ReadAction\",\"target\":[\"https:\\\/\\\/diariotextual.com\\\/inicio\\\/index.php\\\/2021\\\/03\\\/29\\\/evangelicos-en-politica-en-uno-apuestan-por-roberto-torres-en-la-pampa\\\/\"]}]},{\"@type\":\"ImageObject\",\"inLanguage\":\"es\",\"@id\":\"https:\\\/\\\/diariotextual.com\\\/inicio\\\/index.php\\\/2021\\\/03\\\/29\\\/evangelicos-en-politica-en-uno-apuestan-por-roberto-torres-en-la-pampa\\\/#primaryimage\",\"url\":\"https:\\\/\\\/diariotextual.com\\\/inicio\\\/wp-content\\\/uploads\\\/2018\\\/09\\\/torresrobertoconcejal.jpg\",\"contentUrl\":\"https:\\\/\\\/diariotextual.com\\\/inicio\\\/wp-content\\\/uploads\\\/2018\\\/09\\\/torresrobertoconcejal.jpg\",\"width\":700,\"height\":482},{\"@type\":\"BreadcrumbList\",\"@id\":\"https:\\\/\\\/diariotextual.com\\\/inicio\\\/index.php\\\/2021\\\/03\\\/29\\\/evangelicos-en-politica-en-uno-apuestan-por-roberto-torres-en-la-pampa\\\/#breadcrumb\",\"itemListElement\":[{\"@type\":\"ListItem\",\"position\":1,\"name\":\"Portada\",\"item\":\"https:\\\/\\\/diariotextual.com\\\/inicio\\\/\"},{\"@type\":\"ListItem\",\"position\":2,\"name\":\"Evang\u00e9licos en pol\u00edtica: en UNO apuestan por Roberto Torres en La Pampa\"}]},{\"@type\":\"WebSite\",\"@id\":\"https:\\\/\\\/diariotextual.com\\\/inicio\\\/#website\",\"url\":\"https:\\\/\\\/diariotextual.com\\\/inicio\\\/\",\"name\":\"Diario Textual\",\"description\":\"\",\"publisher\":{\"@id\":\"https:\\\/\\\/diariotextual.com\\\/inicio\\\/#organization\"},\"potentialAction\":[{\"@type\":\"SearchAction\",\"target\":{\"@type\":\"EntryPoint\",\"urlTemplate\":\"https:\\\/\\\/diariotextual.com\\\/inicio\\\/?s={search_term_string}\"},\"query-input\":{\"@type\":\"PropertyValueSpecification\",\"valueRequired\":true,\"valueName\":\"search_term_string\"}}],\"inLanguage\":\"es\"},{\"@type\":\"Organization\",\"@id\":\"https:\\\/\\\/diariotextual.com\\\/inicio\\\/#organization\",\"name\":\"Diario Textual\",\"url\":\"https:\\\/\\\/diariotextual.com\\\/inicio\\\/\",\"logo\":{\"@type\":\"ImageObject\",\"inLanguage\":\"es\",\"@id\":\"https:\\\/\\\/diariotextual.com\\\/inicio\\\/#\\\/schema\\\/logo\\\/image\\\/\",\"url\":\"https:\\\/\\\/diariotextual.com\\\/inicio\\\/wp-content\\\/uploads\\\/2023\\\/05\\\/logotextual1.jpg\",\"contentUrl\":\"https:\\\/\\\/diariotextual.com\\\/inicio\\\/wp-content\\\/uploads\\\/2023\\\/05\\\/logotextual1.jpg\",\"width\":516,\"height\":76,\"caption\":\"Diario Textual\"},\"image\":{\"@id\":\"https:\\\/\\\/diariotextual.com\\\/inicio\\\/#\\\/schema\\\/logo\\\/image\\\/\"},\"sameAs\":[\"https:\\\/\\\/www.facebook.com\\\/eltextual\",\"https:\\\/\\\/x.com\\\/eltextual\",\"http:\\\/\\\/www.instagram.com\\\/eltextual\"]},{\"@type\":\"Person\",\"@id\":\"https:\\\/\\\/diariotextual.com\\\/inicio\\\/#\\\/schema\\\/person\\\/a1b6f563e0ee944c60f98119389a4d9f\",\"name\":\"diario3\",\"image\":{\"@type\":\"ImageObject\",\"inLanguage\":\"es\",\"@id\":\"https:\\\/\\\/secure.gravatar.com\\\/avatar\\\/5e7ee62c82fc04d9dd79d746a390d93c69c43223e5faeeb3ea9461ef752bfc5d?s=96&d=mm&r=g\",\"url\":\"https:\\\/\\\/secure.gravatar.com\\\/avatar\\\/5e7ee62c82fc04d9dd79d746a390d93c69c43223e5faeeb3ea9461ef752bfc5d?s=96&d=mm&r=g\",\"contentUrl\":\"https:\\\/\\\/secure.gravatar.com\\\/avatar\\\/5e7ee62c82fc04d9dd79d746a390d93c69c43223e5faeeb3ea9461ef752bfc5d?s=96&d=mm&r=g\",\"caption\":\"diario3\"},\"url\":\"https:\\\/\\\/diariotextual.com\\\/inicio\\\/index.php\\\/author\\\/diario3\\\/\"}]}<\/script>\n<!-- \/ Yoast SEO plugin. -->","yoast_head_json":{"title":"Evang\u00e9licos en pol\u00edtica: en UNO apuestan por Roberto Torres en La Pampa - Diario Textual","robots":{"index":"index","follow":"follow","max-snippet":"max-snippet:-1","max-image-preview":"max-image-preview:large","max-video-preview":"max-video-preview:-1"},"canonical":"https:\/\/diariotextual.com\/inicio\/index.php\/2021\/03\/29\/evangelicos-en-politica-en-uno-apuestan-por-roberto-torres-en-la-pampa\/","og_locale":"es_ES","og_type":"article","og_title":"Evang\u00e9licos en pol\u00edtica: en UNO apuestan por Roberto Torres en La Pampa - Diario Textual","og_description":"Walter Ghione, pastor rosarino y legislador provincial santafesino que encabeza la Junta Promotora Nacional de UNO (Una Nueva Oportunidad), admiti\u00f3 que trabajar\u00e1n desde el sector evang\u00e9lico para que el exconcejal&hellip;","og_url":"https:\/\/diariotextual.com\/inicio\/index.php\/2021\/03\/29\/evangelicos-en-politica-en-uno-apuestan-por-roberto-torres-en-la-pampa\/","og_site_name":"Diario Textual","article_publisher":"https:\/\/www.facebook.com\/eltextual","article_published_time":"2021-03-29T17:44:01+00:00","article_modified_time":"2021-03-29T17:44:02+00:00","og_image":[{"width":700,"height":482,"url":"https:\/\/diariotextual.com\/inicio\/wp-content\/uploads\/2018\/09\/torresrobertoconcejal.jpg","type":"image\/jpeg"}],"author":"diario3","twitter_card":"summary_large_image","twitter_creator":"@eltextual","twitter_site":"@eltextual","twitter_misc":{"Escrito por":"diario3","Tiempo de lectura":"4 minutos"},"schema":{"@context":"https:\/\/schema.org","@graph":[{"@type":"Article","@id":"https:\/\/diariotextual.com\/inicio\/index.php\/2021\/03\/29\/evangelicos-en-politica-en-uno-apuestan-por-roberto-torres-en-la-pampa\/#article","isPartOf":{"@id":"https:\/\/diariotextual.com\/inicio\/index.php\/2021\/03\/29\/evangelicos-en-politica-en-uno-apuestan-por-roberto-torres-en-la-pampa\/"},"author":{"name":"diario3","@id":"https:\/\/diariotextual.com\/inicio\/#\/schema\/person\/a1b6f563e0ee944c60f98119389a4d9f"},"headline":"Evang\u00e9licos en pol\u00edtica: en UNO apuestan por Roberto Torres en La Pampa","datePublished":"2021-03-29T17:44:01+00:00","dateModified":"2021-03-29T17:44:02+00:00","mainEntityOfPage":{"@id":"https:\/\/diariotextual.com\/inicio\/index.php\/2021\/03\/29\/evangelicos-en-politica-en-uno-apuestan-por-roberto-torres-en-la-pampa\/"},"wordCount":795,"publisher":{"@id":"https:\/\/diariotextual.com\/inicio\/#organization"},"image":{"@id":"https:\/\/diariotextual.com\/inicio\/index.php\/2021\/03\/29\/evangelicos-en-politica-en-uno-apuestan-por-roberto-torres-en-la-pampa\/#primaryimage"},"thumbnailUrl":"https:\/\/diariotextual.com\/inicio\/wp-content\/uploads\/2018\/09\/torresrobertoconcejal.jpg","keywords":["evangelicos","Pueblo Nuevo","Roberto Torres","UNO"],"articleSection":["A - DESTACADAS (mod 16)","POLITICA"],"inLanguage":"es"},{"@type":"WebPage","@id":"https:\/\/diariotextual.com\/inicio\/index.php\/2021\/03\/29\/evangelicos-en-politica-en-uno-apuestan-por-roberto-torres-en-la-pampa\/","url":"https:\/\/diariotextual.com\/inicio\/index.php\/2021\/03\/29\/evangelicos-en-politica-en-uno-apuestan-por-roberto-torres-en-la-pampa\/","name":"Evang\u00e9licos en pol\u00edtica: en UNO apuestan por Roberto Torres en La Pampa - Diario Textual","isPartOf":{"@id":"https:\/\/diariotextual.com\/inicio\/#website"},"primaryImageOfPage":{"@id":"https:\/\/diariotextual.com\/inicio\/index.php\/2021\/03\/29\/evangelicos-en-politica-en-uno-apuestan-por-roberto-torres-en-la-pampa\/#primaryimage"},"image":{"@id":"https:\/\/diariotextual.com\/inicio\/index.php\/2021\/03\/29\/evangelicos-en-politica-en-uno-apuestan-por-roberto-torres-en-la-pampa\/#primaryimage"},"thumbnailUrl":"https:\/\/diariotextual.com\/inicio\/wp-content\/uploads\/2018\/09\/torresrobertoconcejal.jpg","datePublished":"2021-03-29T17:44:01+00:00","dateModified":"2021-03-29T17:44:02+00:00","breadcrumb":{"@id":"https:\/\/diariotextual.com\/inicio\/index.php\/2021\/03\/29\/evangelicos-en-politica-en-uno-apuestan-por-roberto-torres-en-la-pampa\/#breadcrumb"},"inLanguage":"es","potentialAction":[{"@type":"ReadAction","target":["https:\/\/diariotextual.com\/inicio\/index.php\/2021\/03\/29\/evangelicos-en-politica-en-uno-apuestan-por-roberto-torres-en-la-pampa\/"]}]},{"@type":"ImageObject","inLanguage":"es","@id":"https:\/\/diariotextual.com\/inicio\/index.php\/2021\/03\/29\/evangelicos-en-politica-en-uno-apuestan-por-roberto-torres-en-la-pampa\/#primaryimage","url":"https:\/\/diariotextual.com\/inicio\/wp-content\/uploads\/2018\/09\/torresrobertoconcejal.jpg","contentUrl":"https:\/\/diariotextual.com\/inicio\/wp-content\/uploads\/2018\/09\/torresrobertoconcejal.jpg","width":700,"height":482},{"@type":"BreadcrumbList","@id":"https:\/\/diariotextual.com\/inicio\/index.php\/2021\/03\/29\/evangelicos-en-politica-en-uno-apuestan-por-roberto-torres-en-la-pampa\/#breadcrumb","itemListElement":[{"@type":"ListItem","position":1,"name":"Portada","item":"https:\/\/diariotextual.com\/inicio\/"},{"@type":"ListItem","position":2,"name":"Evang\u00e9licos en pol\u00edtica: en UNO apuestan por Roberto Torres en La Pampa"}]},{"@type":"WebSite","@id":"https:\/\/diariotextual.com\/inicio\/#website","url":"https:\/\/diariotextual.com\/inicio\/","name":"Diario Textual","description":"","publisher":{"@id":"https:\/\/diariotextual.com\/inicio\/#organization"},"potentialAction":[{"@type":"SearchAction","target":{"@type":"EntryPoint","urlTemplate":"https:\/\/diariotextual.com\/inicio\/?s={search_term_string}"},"query-input":{"@type":"PropertyValueSpecification","valueRequired":true,"valueName":"search_term_string"}}],"inLanguage":"es"},{"@type":"Organization","@id":"https:\/\/diariotextual.com\/inicio\/#organization","name":"Diario Textual","url":"https:\/\/diariotextual.com\/inicio\/","logo":{"@type":"ImageObject","inLanguage":"es","@id":"https:\/\/diariotextual.com\/inicio\/#\/schema\/logo\/image\/","url":"https:\/\/diariotextual.com\/inicio\/wp-content\/uploads\/2023\/05\/logotextual1.jpg","contentUrl":"https:\/\/diariotextual.com\/inicio\/wp-content\/uploads\/2023\/05\/logotextual1.jpg","width":516,"height":76,"caption":"Diario Textual"},"image":{"@id":"https:\/\/diariotextual.com\/inicio\/#\/schema\/logo\/image\/"},"sameAs":["https:\/\/www.facebook.com\/eltextual","https:\/\/x.com\/eltextual","http:\/\/www.instagram.com\/eltextual"]},{"@type":"Person","@id":"https:\/\/diariotextual.com\/inicio\/#\/schema\/person\/a1b6f563e0ee944c60f98119389a4d9f","name":"diario3","image":{"@type":"ImageObject","inLanguage":"es","@id":"https:\/\/secure.gravatar.com\/avatar\/5e7ee62c82fc04d9dd79d746a390d93c69c43223e5faeeb3ea9461ef752bfc5d?s=96&d=mm&r=g","url":"https:\/\/secure.gravatar.com\/avatar\/5e7ee62c82fc04d9dd79d746a390d93c69c43223e5faeeb3ea9461ef752bfc5d?s=96&d=mm&r=g","contentUrl":"https:\/\/secure.gravatar.com\/avatar\/5e7ee62c82fc04d9dd79d746a390d93c69c43223e5faeeb3ea9461ef752bfc5d?s=96&d=mm&r=g","caption":"diario3"},"url":"https:\/\/diariotextual.com\/inicio\/index.php\/author\/diario3\/"}]}},"_links":{"self":[{"href":"https:\/\/diariotextual.com\/inicio\/index.php\/wp-json\/wp\/v2\/posts\/139476","targetHints":{"allow":["GET"]}}],"collection":[{"href":"https:\/\/diariotextual.com\/inicio\/index.php\/wp-json\/wp\/v2\/posts"}],"about":[{"href":"https:\/\/diariotextual.com\/inicio\/index.php\/wp-json\/wp\/v2\/types\/post"}],"author":[{"embeddable":true,"href":"https:\/\/diariotextual.com\/inicio\/index.php\/wp-json\/wp\/v2\/users\/5"}],"replies":[{"embeddable":true,"href":"https:\/\/diariotextual.com\/inicio\/index.php\/wp-json\/wp\/v2\/comments?post=139476"}],"version-history":[{"count":1,"href":"https:\/\/diariotextual.com\/inicio\/index.php\/wp-json\/wp\/v2\/posts\/139476\/revisions"}],"predecessor-version":[{"id":139477,"href":"https:\/\/diariotextual.com\/inicio\/index.php\/wp-json\/wp\/v2\/posts\/139476\/revisions\/139477"}],"wp:featuredmedia":[{"embeddable":true,"href":"https:\/\/diariotextual.com\/inicio\/index.php\/wp-json\/wp\/v2\/media\/20864"}],"wp:attachment":[{"href":"https:\/\/diariotextual.com\/inicio\/index.php\/wp-json\/wp\/v2\/media?parent=139476"}],"wp:term":[{"taxonomy":"category","embeddable":true,"href":"https:\/\/diariotextual.com\/inicio\/index.php\/wp-json\/wp\/v2\/categories?post=139476"},{"taxonomy":"post_tag","embeddable":true,"href":"https:\/\/diariotextual.com\/inicio\/index.php\/wp-json\/wp\/v2\/tags?post=139476"}],"curies":[{"name":"wp","href":"https:\/\/api.w.org\/{rel}","templated":true}]}}