{"id":139630,"date":"2021-03-30T15:07:35","date_gmt":"2021-03-30T18:07:35","guid":{"rendered":"http:\/\/diariotextual.com\/inicio\/?p=139630"},"modified":"2021-03-31T10:41:04","modified_gmt":"2021-03-31T13:41:04","slug":"avendano-cuestiono-la-alianza-espurea-del-concejal-del-fpb-y-de-jxc-en-uriburu","status":"publish","type":"post","link":"https:\/\/diariotextual.com\/inicio\/index.php\/2021\/03\/30\/avendano-cuestiono-la-alianza-espurea-del-concejal-del-fpb-y-de-jxc-en-uriburu\/","title":{"rendered":"Avenda\u00f1o cuestion\u00f3 la \u201calianza esp\u00farea\u201d del concejal del FPB con JxC en Uriburu"},"content":{"rendered":"\n<p><strong>Leonardo \u201cTapera\u201d Avenda\u00f1o<\/strong>, diputado provincial y fundador del <strong>Frente Peronista Barrial<\/strong>, sali\u00f3 a cuestionar al concejal de su espacio de Uriburu por<strong><a href=\"http:\/\/diariotextual.com\/inicio\/index.php\/2021\/03\/30\/uri-3\/\" target=\"_blank\" rel=\"noreferrer noopener\"> volver a hacer una \u201calianza esp\u00farea\u201d con ediles de Juntos por el Cambio<\/a><\/strong> para<strong> quedarse con la presidencia del cuerpo deliberativo<\/strong>.<\/p>\n\n\n\n<p>\u201cSomos consecuentes respecto a la defensa de la representaci\u00f3n popular\u201d, dijo Avenda\u00f1o, en un comunicado de prensa. \u201cAs\u00ed como rechazamos el golpe institucional en Santa Isabel, tambi\u00e9n lo hacemos con este intento de debilitar al intendente de Uriburu, en esta<strong> alianza esp\u00farea<\/strong> que el FPB no reconoce ni legitima\u201d, lanz\u00f3 el dirigente peronista.<\/p>\n\n\n\n<p>Anoche, tal como inform\u00f3 Diario Textual, la oposici\u00f3n al intendente peronista&nbsp;<strong>Pascual Fern\u00e1ndez&nbsp;<\/strong>se puso de acuerdo y&nbsp;<strong>se reparti\u00f3 los cargos en el Concejo Deliberante&nbsp;<\/strong>durante la sesi\u00f3n preparatoria del lunes.&nbsp;<strong>La alianza entre el representante del Frente Peronista Barrial, Angel Roser\u00f3 (que lleg\u00f3 en la boleta del frente peronista Frejupa y que se ali\u00f3 a la oposici\u00f3n), y las dos edilas de Cambiemos se qued\u00f3 con los tres cargos del cuerpo deliberante. Los dos representantes del Frejupa se abstuvieron de votar y avalar el reparto.<\/strong><\/p>\n\n\n\n<p>De esta manera,<strong>&nbsp;Roser\u00f3 del FPB se qued\u00f3 nuevamente con la presidencia, Emilce Muller de Cambiemos con la vicepresidencia y su par Mar\u00eda Isabel Lorenzo con la secretar\u00eda.<\/strong><\/p>\n\n\n\n<p><\/p>\n\n\n\n<figure class=\"wp-block-embed is-type-wp-embed is-provider-diario-textual wp-block-embed-diario-textual\"><div class=\"wp-block-embed__wrapper\">\n<blockquote class=\"wp-embedded-content\" data-secret=\"D43nm8R8Iz\"><a href=\"http:\/\/diariotextual.com\/inicio\/index.php\/2021\/03\/30\/uri-3\/\">Uriburu: la oposici\u00f3n se reparti\u00f3 los cargos en el concejo<\/a><\/blockquote><iframe class=\"wp-embedded-content\" sandbox=\"allow-scripts\" security=\"restricted\" style=\"position: absolute; clip: rect(1px, 1px, 1px, 1px);\" title=\"\u00abUriburu: la oposici\u00f3n se reparti\u00f3 los cargos en el concejo\u00bb \u2014 Diario Textual\" src=\"http:\/\/diariotextual.com\/inicio\/index.php\/2021\/03\/30\/uri-3\/embed\/#?secret=D43nm8R8Iz\" data-secret=\"D43nm8R8Iz\" width=\"600\" height=\"338\" frameborder=\"0\" marginwidth=\"0\" marginheight=\"0\" scrolling=\"no\"><\/iframe>\n<\/div><\/figure>\n\n\n\n<p>El comunicado de Avenda\u00f1o es el siguiente:<\/p>\n\n\n<p><em>\u201cTodo partido u organizaci\u00f3n tiene una conducci\u00f3n y una org\u00e1nica para su funcionamiento y toma de decisiones. En ese sentido, el Frente Peronista Barrial act\u00faa de acuerdo a esa l\u00f3gica y debate las posturas y las acciones que lleva a cabo sobre el territorio.<\/em><\/p>\n<p><em>Ante el desconocimiento de esa autoridad y la falta de alineamiento del concejal \u00c1ngel Roser\u00f3, tanto en la l\u00ednea interna del FPB como en la alianza estrat\u00e9gica electoral del FRE.JU.PA.,<strong> la conducci\u00f3n ha decidido desautorizar la representaci\u00f3n del militante que opt\u00f3 por un proyecto personal e individual<\/strong> que se contrapone con la tradici\u00f3n que caracteriza a la militancia frentista.<\/em><\/p>\n<p><em>Siempre hemos defendido desde los diferentes sectores en que estuvimos, y estamos participando, el respeto de la voluntad popular, por lo tanto, reafirmamos nuestro compromiso con la intendencia de Uriburu.<\/em><\/p>\n<p><em>La historia refrenda una toma de posici\u00f3n que no s\u00f3lo se condiciona con el FPB, sino que ha estado presente en diversos frentes y organizaciones con una clara la postura de Leonardo Avenda\u00f1o en cuanto a la defensa de la democracia y de la institucionalidad. En consecuencia, <strong>Roser\u00f3 ha cometido un acto de indisciplina<\/strong> que afecta el funcionamiento de la comuna y se antepone a la estrategia de la conducci\u00f3n, la cual siempre estuvo en sinton\u00eda con el proyecto nacional y popular y jam\u00e1s sac\u00f3, m\u00e1s all\u00e1 de las internas y las decisiones del partido, los pies del plato peronista.<\/em><\/p>\n<p><em>Repudiamos este emprendimiento personal que no forma parte de la construcci\u00f3n pol\u00edtica colectiva del FPB, y nunca hemos avalado alianzas que no concilian con nuestra postura ideol\u00f3gica, porque Cambiemos o PRO o FREPAM est\u00e1n en las ant\u00edpodas de la doctrina justicialista.<\/em><\/p>\n<p><em>Y como somos consecuentes respecto a la defensa de la representaci\u00f3n popular,<strong> as\u00ed como rechazamos el golpe institucional en Santa Isabel, tambi\u00e9n lo hacemos con este intento de debilitar al intendente de Uriburu, en esta alianza esp\u00farea que el FPB no reconoce ni legitima.<\/strong><\/em><\/p>\n<p><em>A\u00fan as\u00ed, antes las declaraciones de Pascual Fern\u00e1ndez, endilgando las contradicciones del diputado provincial, debemos aclararle dos cuestiones pertinentes, si se avanzara sobre su mandato como sucedi\u00f3 con Marta Paturlanne<strong>, seremos los primeros en poner el cuerpo y defender el aval que le ha dado el pueblo por cuatro a\u00f1os, pero tambi\u00e9n le recordamos que as\u00ed como se rasga la vestiduras por la institucionalidad<\/strong>, desde ya, cuando afecta s\u00f3lo a su comuna, no lo hemos visto solidarizarse con la intendenta de Santa Isabel, lo que demuestra su doble vara ante el significado de las contradicciones\u201d.<\/em><\/p>\n<p><\/p>","protected":false},"excerpt":{"rendered":"<p>Leonardo \u201cTapera\u201d Avenda\u00f1o, diputado provincial y fundador del Frente Peronista Barrial, sali\u00f3 a cuestionar al concejal de su espacio de Uriburu por volver a hacer una \u201calianza esp\u00farea\u201d con ediles&hellip;<\/p>\n","protected":false},"author":3,"featured_media":12057,"comment_status":"closed","ping_status":"open","sticky":false,"template":"","format":"standard","meta":{"_acf_changed":false,"footnotes":""},"categories":[11,8],"tags":[4250],"class_list":["post-139630","post","type-post","status-publish","format-standard","has-post-thumbnail","hentry","category-que-pasa","category-politica","tag-avendano"],"acf":[],"yoast_head":"<!-- This site is optimized with the Yoast SEO plugin v27.5 - https:\/\/yoast.com\/product\/yoast-seo-wordpress\/ -->\n<title>Avenda\u00f1o cuestion\u00f3 la \u201calianza esp\u00farea\u201d del concejal del FPB con JxC en Uriburu - Diario Textual<\/title>\n<meta name=\"robots\" content=\"index, follow, max-snippet:-1, max-image-preview:large, max-video-preview:-1\" \/>\n<link rel=\"canonical\" href=\"https:\/\/diariotextual.com\/inicio\/index.php\/2021\/03\/30\/avendano-cuestiono-la-alianza-espurea-del-concejal-del-fpb-y-de-jxc-en-uriburu\/\" \/>\n<meta property=\"og:locale\" content=\"es_ES\" \/>\n<meta property=\"og:type\" content=\"article\" \/>\n<meta property=\"og:title\" content=\"Avenda\u00f1o cuestion\u00f3 la \u201calianza esp\u00farea\u201d del concejal del FPB con JxC en Uriburu - Diario Textual\" \/>\n<meta property=\"og:description\" content=\"Leonardo \u201cTapera\u201d Avenda\u00f1o, diputado provincial y fundador del Frente Peronista Barrial, sali\u00f3 a cuestionar al concejal de su espacio de Uriburu por volver a hacer una \u201calianza esp\u00farea\u201d con ediles&hellip;\" \/>\n<meta property=\"og:url\" content=\"https:\/\/diariotextual.com\/inicio\/index.php\/2021\/03\/30\/avendano-cuestiono-la-alianza-espurea-del-concejal-del-fpb-y-de-jxc-en-uriburu\/\" \/>\n<meta property=\"og:site_name\" content=\"Diario Textual\" \/>\n<meta property=\"article:publisher\" content=\"https:\/\/www.facebook.com\/eltextual\" \/>\n<meta property=\"article:published_time\" content=\"2021-03-30T18:07:35+00:00\" \/>\n<meta property=\"article:modified_time\" content=\"2021-03-31T13:41:04+00:00\" \/>\n<meta property=\"og:image\" content=\"https:\/\/diariotextual.com\/inicio\/wp-content\/uploads\/2018\/06\/avendanoleonardo3333.jpg\" \/>\n\t<meta property=\"og:image:width\" content=\"998\" \/>\n\t<meta property=\"og:image:height\" content=\"688\" \/>\n\t<meta property=\"og:image:type\" content=\"image\/jpeg\" \/>\n<meta name=\"author\" content=\"Diario1 Diario1\" \/>\n<meta name=\"twitter:card\" content=\"summary_large_image\" \/>\n<meta name=\"twitter:creator\" content=\"@eltextual\" \/>\n<meta name=\"twitter:site\" content=\"@eltextual\" \/>\n<meta name=\"twitter:label1\" content=\"Escrito por\" \/>\n\t<meta name=\"twitter:data1\" content=\"Diario1 Diario1\" \/>\n\t<meta name=\"twitter:label2\" content=\"Tiempo de lectura\" \/>\n\t<meta name=\"twitter:data2\" content=\"3 minutos\" \/>\n<script type=\"application\/ld+json\" class=\"yoast-schema-graph\">{\"@context\":\"https:\\\/\\\/schema.org\",\"@graph\":[{\"@type\":\"Article\",\"@id\":\"https:\\\/\\\/diariotextual.com\\\/inicio\\\/index.php\\\/2021\\\/03\\\/30\\\/avendano-cuestiono-la-alianza-espurea-del-concejal-del-fpb-y-de-jxc-en-uriburu\\\/#article\",\"isPartOf\":{\"@id\":\"https:\\\/\\\/diariotextual.com\\\/inicio\\\/index.php\\\/2021\\\/03\\\/30\\\/avendano-cuestiono-la-alianza-espurea-del-concejal-del-fpb-y-de-jxc-en-uriburu\\\/\"},\"author\":{\"name\":\"Diario1 Diario1\",\"@id\":\"https:\\\/\\\/diariotextual.com\\\/inicio\\\/#\\\/schema\\\/person\\\/418fc4093c33e86ed41562db3508f958\"},\"headline\":\"Avenda\u00f1o cuestion\u00f3 la \u201calianza esp\u00farea\u201d del concejal del FPB con JxC en Uriburu\",\"datePublished\":\"2021-03-30T18:07:35+00:00\",\"dateModified\":\"2021-03-31T13:41:04+00:00\",\"mainEntityOfPage\":{\"@id\":\"https:\\\/\\\/diariotextual.com\\\/inicio\\\/index.php\\\/2021\\\/03\\\/30\\\/avendano-cuestiono-la-alianza-espurea-del-concejal-del-fpb-y-de-jxc-en-uriburu\\\/\"},\"wordCount\":704,\"publisher\":{\"@id\":\"https:\\\/\\\/diariotextual.com\\\/inicio\\\/#organization\"},\"image\":{\"@id\":\"https:\\\/\\\/diariotextual.com\\\/inicio\\\/index.php\\\/2021\\\/03\\\/30\\\/avendano-cuestiono-la-alianza-espurea-del-concejal-del-fpb-y-de-jxc-en-uriburu\\\/#primaryimage\"},\"thumbnailUrl\":\"https:\\\/\\\/diariotextual.com\\\/inicio\\\/wp-content\\\/uploads\\\/2018\\\/06\\\/avendanoleonardo3333.jpg\",\"keywords\":[\"avenda\u00f1o\"],\"articleSection\":[\"A - QUE PASA (al costado)\",\"POLITICA\"],\"inLanguage\":\"es\"},{\"@type\":\"WebPage\",\"@id\":\"https:\\\/\\\/diariotextual.com\\\/inicio\\\/index.php\\\/2021\\\/03\\\/30\\\/avendano-cuestiono-la-alianza-espurea-del-concejal-del-fpb-y-de-jxc-en-uriburu\\\/\",\"url\":\"https:\\\/\\\/diariotextual.com\\\/inicio\\\/index.php\\\/2021\\\/03\\\/30\\\/avendano-cuestiono-la-alianza-espurea-del-concejal-del-fpb-y-de-jxc-en-uriburu\\\/\",\"name\":\"Avenda\u00f1o cuestion\u00f3 la \u201calianza esp\u00farea\u201d del concejal del FPB con JxC en Uriburu - Diario Textual\",\"isPartOf\":{\"@id\":\"https:\\\/\\\/diariotextual.com\\\/inicio\\\/#website\"},\"primaryImageOfPage\":{\"@id\":\"https:\\\/\\\/diariotextual.com\\\/inicio\\\/index.php\\\/2021\\\/03\\\/30\\\/avendano-cuestiono-la-alianza-espurea-del-concejal-del-fpb-y-de-jxc-en-uriburu\\\/#primaryimage\"},\"image\":{\"@id\":\"https:\\\/\\\/diariotextual.com\\\/inicio\\\/index.php\\\/2021\\\/03\\\/30\\\/avendano-cuestiono-la-alianza-espurea-del-concejal-del-fpb-y-de-jxc-en-uriburu\\\/#primaryimage\"},\"thumbnailUrl\":\"https:\\\/\\\/diariotextual.com\\\/inicio\\\/wp-content\\\/uploads\\\/2018\\\/06\\\/avendanoleonardo3333.jpg\",\"datePublished\":\"2021-03-30T18:07:35+00:00\",\"dateModified\":\"2021-03-31T13:41:04+00:00\",\"breadcrumb\":{\"@id\":\"https:\\\/\\\/diariotextual.com\\\/inicio\\\/index.php\\\/2021\\\/03\\\/30\\\/avendano-cuestiono-la-alianza-espurea-del-concejal-del-fpb-y-de-jxc-en-uriburu\\\/#breadcrumb\"},\"inLanguage\":\"es\",\"potentialAction\":[{\"@type\":\"ReadAction\",\"target\":[\"https:\\\/\\\/diariotextual.com\\\/inicio\\\/index.php\\\/2021\\\/03\\\/30\\\/avendano-cuestiono-la-alianza-espurea-del-concejal-del-fpb-y-de-jxc-en-uriburu\\\/\"]}]},{\"@type\":\"ImageObject\",\"inLanguage\":\"es\",\"@id\":\"https:\\\/\\\/diariotextual.com\\\/inicio\\\/index.php\\\/2021\\\/03\\\/30\\\/avendano-cuestiono-la-alianza-espurea-del-concejal-del-fpb-y-de-jxc-en-uriburu\\\/#primaryimage\",\"url\":\"https:\\\/\\\/diariotextual.com\\\/inicio\\\/wp-content\\\/uploads\\\/2018\\\/06\\\/avendanoleonardo3333.jpg\",\"contentUrl\":\"https:\\\/\\\/diariotextual.com\\\/inicio\\\/wp-content\\\/uploads\\\/2018\\\/06\\\/avendanoleonardo3333.jpg\",\"width\":998,\"height\":688},{\"@type\":\"BreadcrumbList\",\"@id\":\"https:\\\/\\\/diariotextual.com\\\/inicio\\\/index.php\\\/2021\\\/03\\\/30\\\/avendano-cuestiono-la-alianza-espurea-del-concejal-del-fpb-y-de-jxc-en-uriburu\\\/#breadcrumb\",\"itemListElement\":[{\"@type\":\"ListItem\",\"position\":1,\"name\":\"Portada\",\"item\":\"https:\\\/\\\/diariotextual.com\\\/inicio\\\/\"},{\"@type\":\"ListItem\",\"position\":2,\"name\":\"Avenda\u00f1o cuestion\u00f3 la \u201calianza esp\u00farea\u201d del concejal del FPB con JxC en Uriburu\"}]},{\"@type\":\"WebSite\",\"@id\":\"https:\\\/\\\/diariotextual.com\\\/inicio\\\/#website\",\"url\":\"https:\\\/\\\/diariotextual.com\\\/inicio\\\/\",\"name\":\"Diario Textual\",\"description\":\"\",\"publisher\":{\"@id\":\"https:\\\/\\\/diariotextual.com\\\/inicio\\\/#organization\"},\"potentialAction\":[{\"@type\":\"SearchAction\",\"target\":{\"@type\":\"EntryPoint\",\"urlTemplate\":\"https:\\\/\\\/diariotextual.com\\\/inicio\\\/?s={search_term_string}\"},\"query-input\":{\"@type\":\"PropertyValueSpecification\",\"valueRequired\":true,\"valueName\":\"search_term_string\"}}],\"inLanguage\":\"es\"},{\"@type\":\"Organization\",\"@id\":\"https:\\\/\\\/diariotextual.com\\\/inicio\\\/#organization\",\"name\":\"Diario Textual\",\"url\":\"https:\\\/\\\/diariotextual.com\\\/inicio\\\/\",\"logo\":{\"@type\":\"ImageObject\",\"inLanguage\":\"es\",\"@id\":\"https:\\\/\\\/diariotextual.com\\\/inicio\\\/#\\\/schema\\\/logo\\\/image\\\/\",\"url\":\"https:\\\/\\\/diariotextual.com\\\/inicio\\\/wp-content\\\/uploads\\\/2023\\\/05\\\/logotextual1.jpg\",\"contentUrl\":\"https:\\\/\\\/diariotextual.com\\\/inicio\\\/wp-content\\\/uploads\\\/2023\\\/05\\\/logotextual1.jpg\",\"width\":516,\"height\":76,\"caption\":\"Diario Textual\"},\"image\":{\"@id\":\"https:\\\/\\\/diariotextual.com\\\/inicio\\\/#\\\/schema\\\/logo\\\/image\\\/\"},\"sameAs\":[\"https:\\\/\\\/www.facebook.com\\\/eltextual\",\"https:\\\/\\\/x.com\\\/eltextual\",\"http:\\\/\\\/www.instagram.com\\\/eltextual\"]},{\"@type\":\"Person\",\"@id\":\"https:\\\/\\\/diariotextual.com\\\/inicio\\\/#\\\/schema\\\/person\\\/418fc4093c33e86ed41562db3508f958\",\"name\":\"Diario1 Diario1\",\"image\":{\"@type\":\"ImageObject\",\"inLanguage\":\"es\",\"@id\":\"https:\\\/\\\/secure.gravatar.com\\\/avatar\\\/9167d280179c85bc18be67aa7eda765854300033af4896dd779b608640f2ef7a?s=96&d=mm&r=g\",\"url\":\"https:\\\/\\\/secure.gravatar.com\\\/avatar\\\/9167d280179c85bc18be67aa7eda765854300033af4896dd779b608640f2ef7a?s=96&d=mm&r=g\",\"contentUrl\":\"https:\\\/\\\/secure.gravatar.com\\\/avatar\\\/9167d280179c85bc18be67aa7eda765854300033af4896dd779b608640f2ef7a?s=96&d=mm&r=g\",\"caption\":\"Diario1 Diario1\"},\"url\":\"https:\\\/\\\/diariotextual.com\\\/inicio\\\/index.php\\\/author\\\/diario1\\\/\"}]}<\/script>\n<!-- \/ Yoast SEO plugin. -->","yoast_head_json":{"title":"Avenda\u00f1o cuestion\u00f3 la \u201calianza esp\u00farea\u201d del concejal del FPB con JxC en Uriburu - Diario Textual","robots":{"index":"index","follow":"follow","max-snippet":"max-snippet:-1","max-image-preview":"max-image-preview:large","max-video-preview":"max-video-preview:-1"},"canonical":"https:\/\/diariotextual.com\/inicio\/index.php\/2021\/03\/30\/avendano-cuestiono-la-alianza-espurea-del-concejal-del-fpb-y-de-jxc-en-uriburu\/","og_locale":"es_ES","og_type":"article","og_title":"Avenda\u00f1o cuestion\u00f3 la \u201calianza esp\u00farea\u201d del concejal del FPB con JxC en Uriburu - Diario Textual","og_description":"Leonardo \u201cTapera\u201d Avenda\u00f1o, diputado provincial y fundador del Frente Peronista Barrial, sali\u00f3 a cuestionar al concejal de su espacio de Uriburu por volver a hacer una \u201calianza esp\u00farea\u201d con ediles&hellip;","og_url":"https:\/\/diariotextual.com\/inicio\/index.php\/2021\/03\/30\/avendano-cuestiono-la-alianza-espurea-del-concejal-del-fpb-y-de-jxc-en-uriburu\/","og_site_name":"Diario Textual","article_publisher":"https:\/\/www.facebook.com\/eltextual","article_published_time":"2021-03-30T18:07:35+00:00","article_modified_time":"2021-03-31T13:41:04+00:00","og_image":[{"width":998,"height":688,"url":"https:\/\/diariotextual.com\/inicio\/wp-content\/uploads\/2018\/06\/avendanoleonardo3333.jpg","type":"image\/jpeg"}],"author":"Diario1 Diario1","twitter_card":"summary_large_image","twitter_creator":"@eltextual","twitter_site":"@eltextual","twitter_misc":{"Escrito por":"Diario1 Diario1","Tiempo de lectura":"3 minutos"},"schema":{"@context":"https:\/\/schema.org","@graph":[{"@type":"Article","@id":"https:\/\/diariotextual.com\/inicio\/index.php\/2021\/03\/30\/avendano-cuestiono-la-alianza-espurea-del-concejal-del-fpb-y-de-jxc-en-uriburu\/#article","isPartOf":{"@id":"https:\/\/diariotextual.com\/inicio\/index.php\/2021\/03\/30\/avendano-cuestiono-la-alianza-espurea-del-concejal-del-fpb-y-de-jxc-en-uriburu\/"},"author":{"name":"Diario1 Diario1","@id":"https:\/\/diariotextual.com\/inicio\/#\/schema\/person\/418fc4093c33e86ed41562db3508f958"},"headline":"Avenda\u00f1o cuestion\u00f3 la \u201calianza esp\u00farea\u201d del concejal del FPB con JxC en Uriburu","datePublished":"2021-03-30T18:07:35+00:00","dateModified":"2021-03-31T13:41:04+00:00","mainEntityOfPage":{"@id":"https:\/\/diariotextual.com\/inicio\/index.php\/2021\/03\/30\/avendano-cuestiono-la-alianza-espurea-del-concejal-del-fpb-y-de-jxc-en-uriburu\/"},"wordCount":704,"publisher":{"@id":"https:\/\/diariotextual.com\/inicio\/#organization"},"image":{"@id":"https:\/\/diariotextual.com\/inicio\/index.php\/2021\/03\/30\/avendano-cuestiono-la-alianza-espurea-del-concejal-del-fpb-y-de-jxc-en-uriburu\/#primaryimage"},"thumbnailUrl":"https:\/\/diariotextual.com\/inicio\/wp-content\/uploads\/2018\/06\/avendanoleonardo3333.jpg","keywords":["avenda\u00f1o"],"articleSection":["A - QUE PASA (al costado)","POLITICA"],"inLanguage":"es"},{"@type":"WebPage","@id":"https:\/\/diariotextual.com\/inicio\/index.php\/2021\/03\/30\/avendano-cuestiono-la-alianza-espurea-del-concejal-del-fpb-y-de-jxc-en-uriburu\/","url":"https:\/\/diariotextual.com\/inicio\/index.php\/2021\/03\/30\/avendano-cuestiono-la-alianza-espurea-del-concejal-del-fpb-y-de-jxc-en-uriburu\/","name":"Avenda\u00f1o cuestion\u00f3 la \u201calianza esp\u00farea\u201d del concejal del FPB con JxC en Uriburu - Diario Textual","isPartOf":{"@id":"https:\/\/diariotextual.com\/inicio\/#website"},"primaryImageOfPage":{"@id":"https:\/\/diariotextual.com\/inicio\/index.php\/2021\/03\/30\/avendano-cuestiono-la-alianza-espurea-del-concejal-del-fpb-y-de-jxc-en-uriburu\/#primaryimage"},"image":{"@id":"https:\/\/diariotextual.com\/inicio\/index.php\/2021\/03\/30\/avendano-cuestiono-la-alianza-espurea-del-concejal-del-fpb-y-de-jxc-en-uriburu\/#primaryimage"},"thumbnailUrl":"https:\/\/diariotextual.com\/inicio\/wp-content\/uploads\/2018\/06\/avendanoleonardo3333.jpg","datePublished":"2021-03-30T18:07:35+00:00","dateModified":"2021-03-31T13:41:04+00:00","breadcrumb":{"@id":"https:\/\/diariotextual.com\/inicio\/index.php\/2021\/03\/30\/avendano-cuestiono-la-alianza-espurea-del-concejal-del-fpb-y-de-jxc-en-uriburu\/#breadcrumb"},"inLanguage":"es","potentialAction":[{"@type":"ReadAction","target":["https:\/\/diariotextual.com\/inicio\/index.php\/2021\/03\/30\/avendano-cuestiono-la-alianza-espurea-del-concejal-del-fpb-y-de-jxc-en-uriburu\/"]}]},{"@type":"ImageObject","inLanguage":"es","@id":"https:\/\/diariotextual.com\/inicio\/index.php\/2021\/03\/30\/avendano-cuestiono-la-alianza-espurea-del-concejal-del-fpb-y-de-jxc-en-uriburu\/#primaryimage","url":"https:\/\/diariotextual.com\/inicio\/wp-content\/uploads\/2018\/06\/avendanoleonardo3333.jpg","contentUrl":"https:\/\/diariotextual.com\/inicio\/wp-content\/uploads\/2018\/06\/avendanoleonardo3333.jpg","width":998,"height":688},{"@type":"BreadcrumbList","@id":"https:\/\/diariotextual.com\/inicio\/index.php\/2021\/03\/30\/avendano-cuestiono-la-alianza-espurea-del-concejal-del-fpb-y-de-jxc-en-uriburu\/#breadcrumb","itemListElement":[{"@type":"ListItem","position":1,"name":"Portada","item":"https:\/\/diariotextual.com\/inicio\/"},{"@type":"ListItem","position":2,"name":"Avenda\u00f1o cuestion\u00f3 la \u201calianza esp\u00farea\u201d del concejal del FPB con JxC en Uriburu"}]},{"@type":"WebSite","@id":"https:\/\/diariotextual.com\/inicio\/#website","url":"https:\/\/diariotextual.com\/inicio\/","name":"Diario Textual","description":"","publisher":{"@id":"https:\/\/diariotextual.com\/inicio\/#organization"},"potentialAction":[{"@type":"SearchAction","target":{"@type":"EntryPoint","urlTemplate":"https:\/\/diariotextual.com\/inicio\/?s={search_term_string}"},"query-input":{"@type":"PropertyValueSpecification","valueRequired":true,"valueName":"search_term_string"}}],"inLanguage":"es"},{"@type":"Organization","@id":"https:\/\/diariotextual.com\/inicio\/#organization","name":"Diario Textual","url":"https:\/\/diariotextual.com\/inicio\/","logo":{"@type":"ImageObject","inLanguage":"es","@id":"https:\/\/diariotextual.com\/inicio\/#\/schema\/logo\/image\/","url":"https:\/\/diariotextual.com\/inicio\/wp-content\/uploads\/2023\/05\/logotextual1.jpg","contentUrl":"https:\/\/diariotextual.com\/inicio\/wp-content\/uploads\/2023\/05\/logotextual1.jpg","width":516,"height":76,"caption":"Diario Textual"},"image":{"@id":"https:\/\/diariotextual.com\/inicio\/#\/schema\/logo\/image\/"},"sameAs":["https:\/\/www.facebook.com\/eltextual","https:\/\/x.com\/eltextual","http:\/\/www.instagram.com\/eltextual"]},{"@type":"Person","@id":"https:\/\/diariotextual.com\/inicio\/#\/schema\/person\/418fc4093c33e86ed41562db3508f958","name":"Diario1 Diario1","image":{"@type":"ImageObject","inLanguage":"es","@id":"https:\/\/secure.gravatar.com\/avatar\/9167d280179c85bc18be67aa7eda765854300033af4896dd779b608640f2ef7a?s=96&d=mm&r=g","url":"https:\/\/secure.gravatar.com\/avatar\/9167d280179c85bc18be67aa7eda765854300033af4896dd779b608640f2ef7a?s=96&d=mm&r=g","contentUrl":"https:\/\/secure.gravatar.com\/avatar\/9167d280179c85bc18be67aa7eda765854300033af4896dd779b608640f2ef7a?s=96&d=mm&r=g","caption":"Diario1 Diario1"},"url":"https:\/\/diariotextual.com\/inicio\/index.php\/author\/diario1\/"}]}},"_links":{"self":[{"href":"https:\/\/diariotextual.com\/inicio\/index.php\/wp-json\/wp\/v2\/posts\/139630","targetHints":{"allow":["GET"]}}],"collection":[{"href":"https:\/\/diariotextual.com\/inicio\/index.php\/wp-json\/wp\/v2\/posts"}],"about":[{"href":"https:\/\/diariotextual.com\/inicio\/index.php\/wp-json\/wp\/v2\/types\/post"}],"author":[{"embeddable":true,"href":"https:\/\/diariotextual.com\/inicio\/index.php\/wp-json\/wp\/v2\/users\/3"}],"replies":[{"embeddable":true,"href":"https:\/\/diariotextual.com\/inicio\/index.php\/wp-json\/wp\/v2\/comments?post=139630"}],"version-history":[{"count":7,"href":"https:\/\/diariotextual.com\/inicio\/index.php\/wp-json\/wp\/v2\/posts\/139630\/revisions"}],"predecessor-version":[{"id":139732,"href":"https:\/\/diariotextual.com\/inicio\/index.php\/wp-json\/wp\/v2\/posts\/139630\/revisions\/139732"}],"wp:featuredmedia":[{"embeddable":true,"href":"https:\/\/diariotextual.com\/inicio\/index.php\/wp-json\/wp\/v2\/media\/12057"}],"wp:attachment":[{"href":"https:\/\/diariotextual.com\/inicio\/index.php\/wp-json\/wp\/v2\/media?parent=139630"}],"wp:term":[{"taxonomy":"category","embeddable":true,"href":"https:\/\/diariotextual.com\/inicio\/index.php\/wp-json\/wp\/v2\/categories?post=139630"},{"taxonomy":"post_tag","embeddable":true,"href":"https:\/\/diariotextual.com\/inicio\/index.php\/wp-json\/wp\/v2\/tags?post=139630"}],"curies":[{"name":"wp","href":"https:\/\/api.w.org\/{rel}","templated":true}]}}