{"id":139678,"date":"2021-03-30T20:01:00","date_gmt":"2021-03-30T23:01:00","guid":{"rendered":"http:\/\/diariotextual.com\/inicio\/?p=139678"},"modified":"2021-03-31T08:58:29","modified_gmt":"2021-03-31T11:58:29","slug":"en-el-pj-ya-hay-quienes-piden-cerrar-la-pampa-para-que-no-entren-las-nuevas-cepas-del-covid","status":"publish","type":"post","link":"https:\/\/diariotextual.com\/inicio\/index.php\/2021\/03\/30\/en-el-pj-ya-hay-quienes-piden-cerrar-la-pampa-para-que-no-entren-las-nuevas-cepas-del-covid\/","title":{"rendered":"En el PJ ya hay quienes piden \u201ccerrar\u201d La Pampa para que  no entren las nuevas cepas del covid"},"content":{"rendered":"\n<p><strong>En Casa de Gobierno, por el momento, no quieren volver a \u201ccerrar\u201d La Pampa. Ya lo dijo hace unos d\u00edas el gobernador Sergio Ziliotto y el ministro Rub\u00e9n Kohan: la intenci\u00f3n es, al menos por el momento y mientras se sostenga el actual estatus sanitario, mantener todas las actividades sin cambios. Sin embargo, ya se escuchan voces para restringir la circulaci\u00f3n desde otras provincias hacia La Pampa. Una de esas voces es la de Juan Grotto, dirigente de la agrupaci\u00f3n peronista Pampero.<\/strong><\/p>\n\n\n\n<p>El a\u00f1o pasado, al desatarse la pandemia, ya se hab\u00eda adelantado al pedido de cuarentena. \u201cNuevamente, como hace poco m\u00e1s de un a\u00f1o, el 17 de marzo de 2020, humildemente le solicito que dicte urgente, un decreto que restrinja el ingreso de personas a La Pampa, sin afectar el ingreso de productos esenciales para la vida y la econom\u00eda\u201d, sostuvo Grotto en un posteo en las redes sociales. \u201cPor eso es fundamental el trabajo de control que se realice en las camineras\u201d.<\/p>\n\n\n\n<p>El dirigente record\u00f3 que se detectaron en la Ciudad de Buenos Aires, Provincia de Buenos Aires y C\u00f3rdoba, casos de las variantes del virus de Reino Unido, Manaos, R\u00edo de Janeiro y California sin nexo epidemiol\u00f3gico ni contacto estrecho con viajeros. \u201cEs decir, circulan en el pa\u00eds. Estas cepas han sido asociadas a una mayor tasa de transmisi\u00f3n y a un mayor riesgo de hospitalizaciones y muerte\u201d, expres\u00f3.<\/p>\n\n\n\n<p>\u201cRegular el ingreso de las personas a La Pampa, puede significar no tener que restringir la circulaci\u00f3n interna de la provincia y, por ende, proteger la econom\u00eda interna y la educaci\u00f3n\u201d, agreg\u00f3.<\/p>\n\n\n\n<p>\u201cEn La Pampa no tenemos vacunadas a todas las personas de alto riesgo. Adem\u00e1s, aun no se conoce el comportamiento de las nuevas cepas en las personas vacunadas. Esta decisi\u00f3n nos da tiempo. Por tomar decisiones oportunas, el a\u00f1o pasado, en La Pampa, logramos tener una mejor calidad de vida y menos muertes\u201d, dijo.<\/p>\n\n\n\n<p>\u201cProtejamos la salud, la educaci\u00f3n y el trabajo de las pampeanas y los pampeanos. Volvamos a hacerlo\u201d, finaliz\u00f3 con su pedido al gobernador.<\/p>\n\n\n\n<figure class=\"wp-block-embed is-type-wp-embed is-provider-diario-textual wp-block-embed-diario-textual\"><div class=\"wp-block-embed__wrapper\">\n<blockquote class=\"wp-embedded-content\" data-secret=\"yO7eW023jZ\"><a href=\"http:\/\/diariotextual.com\/inicio\/index.php\/2021\/03\/30\/la-cepa-de-manaos-tiene-capacidad-de-reinfectar-poder-duplicado-y-ya-esta-en-la-argentina\/\">La cepa de Manaos tiene capacidad de reinfectar, poder duplicado y ya est\u00e1 en la Argentina<\/a><\/blockquote><iframe class=\"wp-embedded-content\" sandbox=\"allow-scripts\" security=\"restricted\" style=\"position: absolute; clip: rect(1px, 1px, 1px, 1px);\" title=\"\u00abLa cepa de Manaos tiene capacidad de reinfectar, poder duplicado y ya est\u00e1 en la Argentina\u00bb \u2014 Diario Textual\" src=\"http:\/\/diariotextual.com\/inicio\/index.php\/2021\/03\/30\/la-cepa-de-manaos-tiene-capacidad-de-reinfectar-poder-duplicado-y-ya-esta-en-la-argentina\/embed\/#?secret=yO7eW023jZ\" data-secret=\"yO7eW023jZ\" width=\"600\" height=\"338\" frameborder=\"0\" marginwidth=\"0\" marginheight=\"0\" scrolling=\"no\"><\/iframe>\n<\/div><\/figure>\n","protected":false},"excerpt":{"rendered":"<p>En Casa de Gobierno, por el momento, no quieren volver a \u201ccerrar\u201d La Pampa. Ya lo dijo hace unos d\u00edas el gobernador Sergio Ziliotto y el ministro Rub\u00e9n Kohan: la&hellip;<\/p>\n","protected":false},"author":3,"featured_media":98304,"comment_status":"closed","ping_status":"open","sticky":false,"template":"","format":"standard","meta":{"_acf_changed":false,"footnotes":""},"categories":[10,8],"tags":[2899,184,3608],"class_list":["post-139678","post","type-post","status-publish","format-standard","has-post-thumbnail","hentry","category-portada-2","category-politica","tag-covid","tag-grotto","tag-pampero"],"acf":[],"yoast_head":"<!-- This site is optimized with the Yoast SEO plugin v27.5 - https:\/\/yoast.com\/product\/yoast-seo-wordpress\/ -->\n<title>En el PJ ya hay quienes piden \u201ccerrar\u201d La Pampa para que no entren las nuevas cepas del covid - Diario Textual<\/title>\n<meta name=\"robots\" content=\"index, follow, max-snippet:-1, max-image-preview:large, max-video-preview:-1\" \/>\n<link rel=\"canonical\" href=\"https:\/\/diariotextual.com\/inicio\/index.php\/2021\/03\/30\/en-el-pj-ya-hay-quienes-piden-cerrar-la-pampa-para-que-no-entren-las-nuevas-cepas-del-covid\/\" \/>\n<meta property=\"og:locale\" content=\"es_ES\" \/>\n<meta property=\"og:type\" content=\"article\" \/>\n<meta property=\"og:title\" content=\"En el PJ ya hay quienes piden \u201ccerrar\u201d La Pampa para que no entren las nuevas cepas del covid - Diario Textual\" \/>\n<meta property=\"og:description\" content=\"En Casa de Gobierno, por el momento, no quieren volver a \u201ccerrar\u201d La Pampa. Ya lo dijo hace unos d\u00edas el gobernador Sergio Ziliotto y el ministro Rub\u00e9n Kohan: la&hellip;\" \/>\n<meta property=\"og:url\" content=\"https:\/\/diariotextual.com\/inicio\/index.php\/2021\/03\/30\/en-el-pj-ya-hay-quienes-piden-cerrar-la-pampa-para-que-no-entren-las-nuevas-cepas-del-covid\/\" \/>\n<meta property=\"og:site_name\" content=\"Diario Textual\" \/>\n<meta property=\"article:publisher\" content=\"https:\/\/www.facebook.com\/eltextual\" \/>\n<meta property=\"article:published_time\" content=\"2021-03-30T23:01:00+00:00\" \/>\n<meta property=\"article:modified_time\" content=\"2021-03-31T11:58:29+00:00\" \/>\n<meta property=\"og:image\" content=\"https:\/\/diariotextual.com\/inicio\/wp-content\/uploads\/2020\/06\/coronaviruscamioneros2020-1.jpg\" \/>\n\t<meta property=\"og:image:width\" content=\"900\" \/>\n\t<meta property=\"og:image:height\" content=\"507\" \/>\n\t<meta property=\"og:image:type\" content=\"image\/jpeg\" \/>\n<meta name=\"author\" content=\"Diario1 Diario1\" \/>\n<meta name=\"twitter:card\" content=\"summary_large_image\" \/>\n<meta name=\"twitter:creator\" content=\"@eltextual\" \/>\n<meta name=\"twitter:site\" content=\"@eltextual\" \/>\n<meta name=\"twitter:label1\" content=\"Escrito por\" \/>\n\t<meta name=\"twitter:data1\" content=\"Diario1 Diario1\" \/>\n\t<meta name=\"twitter:label2\" content=\"Tiempo de lectura\" \/>\n\t<meta name=\"twitter:data2\" content=\"2 minutos\" \/>\n<script type=\"application\/ld+json\" class=\"yoast-schema-graph\">{\"@context\":\"https:\\\/\\\/schema.org\",\"@graph\":[{\"@type\":\"Article\",\"@id\":\"https:\\\/\\\/diariotextual.com\\\/inicio\\\/index.php\\\/2021\\\/03\\\/30\\\/en-el-pj-ya-hay-quienes-piden-cerrar-la-pampa-para-que-no-entren-las-nuevas-cepas-del-covid\\\/#article\",\"isPartOf\":{\"@id\":\"https:\\\/\\\/diariotextual.com\\\/inicio\\\/index.php\\\/2021\\\/03\\\/30\\\/en-el-pj-ya-hay-quienes-piden-cerrar-la-pampa-para-que-no-entren-las-nuevas-cepas-del-covid\\\/\"},\"author\":{\"name\":\"Diario1 Diario1\",\"@id\":\"https:\\\/\\\/diariotextual.com\\\/inicio\\\/#\\\/schema\\\/person\\\/418fc4093c33e86ed41562db3508f958\"},\"headline\":\"En el PJ ya hay quienes piden \u201ccerrar\u201d La Pampa para que no entren las nuevas cepas del covid\",\"datePublished\":\"2021-03-30T23:01:00+00:00\",\"dateModified\":\"2021-03-31T11:58:29+00:00\",\"mainEntityOfPage\":{\"@id\":\"https:\\\/\\\/diariotextual.com\\\/inicio\\\/index.php\\\/2021\\\/03\\\/30\\\/en-el-pj-ya-hay-quienes-piden-cerrar-la-pampa-para-que-no-entren-las-nuevas-cepas-del-covid\\\/\"},\"wordCount\":387,\"publisher\":{\"@id\":\"https:\\\/\\\/diariotextual.com\\\/inicio\\\/#organization\"},\"image\":{\"@id\":\"https:\\\/\\\/diariotextual.com\\\/inicio\\\/index.php\\\/2021\\\/03\\\/30\\\/en-el-pj-ya-hay-quienes-piden-cerrar-la-pampa-para-que-no-entren-las-nuevas-cepas-del-covid\\\/#primaryimage\"},\"thumbnailUrl\":\"https:\\\/\\\/diariotextual.com\\\/inicio\\\/wp-content\\\/uploads\\\/2020\\\/06\\\/coronaviruscamioneros2020-1.jpg\",\"keywords\":[\"covid\",\"grotto\",\"pampero\"],\"articleSection\":[\"A - PORTADA2\",\"POLITICA\"],\"inLanguage\":\"es\"},{\"@type\":\"WebPage\",\"@id\":\"https:\\\/\\\/diariotextual.com\\\/inicio\\\/index.php\\\/2021\\\/03\\\/30\\\/en-el-pj-ya-hay-quienes-piden-cerrar-la-pampa-para-que-no-entren-las-nuevas-cepas-del-covid\\\/\",\"url\":\"https:\\\/\\\/diariotextual.com\\\/inicio\\\/index.php\\\/2021\\\/03\\\/30\\\/en-el-pj-ya-hay-quienes-piden-cerrar-la-pampa-para-que-no-entren-las-nuevas-cepas-del-covid\\\/\",\"name\":\"En el PJ ya hay quienes piden \u201ccerrar\u201d La Pampa para que no entren las nuevas cepas del covid - Diario Textual\",\"isPartOf\":{\"@id\":\"https:\\\/\\\/diariotextual.com\\\/inicio\\\/#website\"},\"primaryImageOfPage\":{\"@id\":\"https:\\\/\\\/diariotextual.com\\\/inicio\\\/index.php\\\/2021\\\/03\\\/30\\\/en-el-pj-ya-hay-quienes-piden-cerrar-la-pampa-para-que-no-entren-las-nuevas-cepas-del-covid\\\/#primaryimage\"},\"image\":{\"@id\":\"https:\\\/\\\/diariotextual.com\\\/inicio\\\/index.php\\\/2021\\\/03\\\/30\\\/en-el-pj-ya-hay-quienes-piden-cerrar-la-pampa-para-que-no-entren-las-nuevas-cepas-del-covid\\\/#primaryimage\"},\"thumbnailUrl\":\"https:\\\/\\\/diariotextual.com\\\/inicio\\\/wp-content\\\/uploads\\\/2020\\\/06\\\/coronaviruscamioneros2020-1.jpg\",\"datePublished\":\"2021-03-30T23:01:00+00:00\",\"dateModified\":\"2021-03-31T11:58:29+00:00\",\"breadcrumb\":{\"@id\":\"https:\\\/\\\/diariotextual.com\\\/inicio\\\/index.php\\\/2021\\\/03\\\/30\\\/en-el-pj-ya-hay-quienes-piden-cerrar-la-pampa-para-que-no-entren-las-nuevas-cepas-del-covid\\\/#breadcrumb\"},\"inLanguage\":\"es\",\"potentialAction\":[{\"@type\":\"ReadAction\",\"target\":[\"https:\\\/\\\/diariotextual.com\\\/inicio\\\/index.php\\\/2021\\\/03\\\/30\\\/en-el-pj-ya-hay-quienes-piden-cerrar-la-pampa-para-que-no-entren-las-nuevas-cepas-del-covid\\\/\"]}]},{\"@type\":\"ImageObject\",\"inLanguage\":\"es\",\"@id\":\"https:\\\/\\\/diariotextual.com\\\/inicio\\\/index.php\\\/2021\\\/03\\\/30\\\/en-el-pj-ya-hay-quienes-piden-cerrar-la-pampa-para-que-no-entren-las-nuevas-cepas-del-covid\\\/#primaryimage\",\"url\":\"https:\\\/\\\/diariotextual.com\\\/inicio\\\/wp-content\\\/uploads\\\/2020\\\/06\\\/coronaviruscamioneros2020-1.jpg\",\"contentUrl\":\"https:\\\/\\\/diariotextual.com\\\/inicio\\\/wp-content\\\/uploads\\\/2020\\\/06\\\/coronaviruscamioneros2020-1.jpg\",\"width\":900,\"height\":507},{\"@type\":\"BreadcrumbList\",\"@id\":\"https:\\\/\\\/diariotextual.com\\\/inicio\\\/index.php\\\/2021\\\/03\\\/30\\\/en-el-pj-ya-hay-quienes-piden-cerrar-la-pampa-para-que-no-entren-las-nuevas-cepas-del-covid\\\/#breadcrumb\",\"itemListElement\":[{\"@type\":\"ListItem\",\"position\":1,\"name\":\"Portada\",\"item\":\"https:\\\/\\\/diariotextual.com\\\/inicio\\\/\"},{\"@type\":\"ListItem\",\"position\":2,\"name\":\"En el PJ ya hay quienes piden \u201ccerrar\u201d La Pampa para que no entren las nuevas cepas del covid\"}]},{\"@type\":\"WebSite\",\"@id\":\"https:\\\/\\\/diariotextual.com\\\/inicio\\\/#website\",\"url\":\"https:\\\/\\\/diariotextual.com\\\/inicio\\\/\",\"name\":\"Diario Textual\",\"description\":\"\",\"publisher\":{\"@id\":\"https:\\\/\\\/diariotextual.com\\\/inicio\\\/#organization\"},\"potentialAction\":[{\"@type\":\"SearchAction\",\"target\":{\"@type\":\"EntryPoint\",\"urlTemplate\":\"https:\\\/\\\/diariotextual.com\\\/inicio\\\/?s={search_term_string}\"},\"query-input\":{\"@type\":\"PropertyValueSpecification\",\"valueRequired\":true,\"valueName\":\"search_term_string\"}}],\"inLanguage\":\"es\"},{\"@type\":\"Organization\",\"@id\":\"https:\\\/\\\/diariotextual.com\\\/inicio\\\/#organization\",\"name\":\"Diario Textual\",\"url\":\"https:\\\/\\\/diariotextual.com\\\/inicio\\\/\",\"logo\":{\"@type\":\"ImageObject\",\"inLanguage\":\"es\",\"@id\":\"https:\\\/\\\/diariotextual.com\\\/inicio\\\/#\\\/schema\\\/logo\\\/image\\\/\",\"url\":\"https:\\\/\\\/diariotextual.com\\\/inicio\\\/wp-content\\\/uploads\\\/2023\\\/05\\\/logotextual1.jpg\",\"contentUrl\":\"https:\\\/\\\/diariotextual.com\\\/inicio\\\/wp-content\\\/uploads\\\/2023\\\/05\\\/logotextual1.jpg\",\"width\":516,\"height\":76,\"caption\":\"Diario Textual\"},\"image\":{\"@id\":\"https:\\\/\\\/diariotextual.com\\\/inicio\\\/#\\\/schema\\\/logo\\\/image\\\/\"},\"sameAs\":[\"https:\\\/\\\/www.facebook.com\\\/eltextual\",\"https:\\\/\\\/x.com\\\/eltextual\",\"http:\\\/\\\/www.instagram.com\\\/eltextual\"]},{\"@type\":\"Person\",\"@id\":\"https:\\\/\\\/diariotextual.com\\\/inicio\\\/#\\\/schema\\\/person\\\/418fc4093c33e86ed41562db3508f958\",\"name\":\"Diario1 Diario1\",\"image\":{\"@type\":\"ImageObject\",\"inLanguage\":\"es\",\"@id\":\"https:\\\/\\\/secure.gravatar.com\\\/avatar\\\/9167d280179c85bc18be67aa7eda765854300033af4896dd779b608640f2ef7a?s=96&d=mm&r=g\",\"url\":\"https:\\\/\\\/secure.gravatar.com\\\/avatar\\\/9167d280179c85bc18be67aa7eda765854300033af4896dd779b608640f2ef7a?s=96&d=mm&r=g\",\"contentUrl\":\"https:\\\/\\\/secure.gravatar.com\\\/avatar\\\/9167d280179c85bc18be67aa7eda765854300033af4896dd779b608640f2ef7a?s=96&d=mm&r=g\",\"caption\":\"Diario1 Diario1\"},\"url\":\"https:\\\/\\\/diariotextual.com\\\/inicio\\\/index.php\\\/author\\\/diario1\\\/\"}]}<\/script>\n<!-- \/ Yoast SEO plugin. -->","yoast_head_json":{"title":"En el PJ ya hay quienes piden \u201ccerrar\u201d La Pampa para que no entren las nuevas cepas del covid - Diario Textual","robots":{"index":"index","follow":"follow","max-snippet":"max-snippet:-1","max-image-preview":"max-image-preview:large","max-video-preview":"max-video-preview:-1"},"canonical":"https:\/\/diariotextual.com\/inicio\/index.php\/2021\/03\/30\/en-el-pj-ya-hay-quienes-piden-cerrar-la-pampa-para-que-no-entren-las-nuevas-cepas-del-covid\/","og_locale":"es_ES","og_type":"article","og_title":"En el PJ ya hay quienes piden \u201ccerrar\u201d La Pampa para que no entren las nuevas cepas del covid - Diario Textual","og_description":"En Casa de Gobierno, por el momento, no quieren volver a \u201ccerrar\u201d La Pampa. Ya lo dijo hace unos d\u00edas el gobernador Sergio Ziliotto y el ministro Rub\u00e9n Kohan: la&hellip;","og_url":"https:\/\/diariotextual.com\/inicio\/index.php\/2021\/03\/30\/en-el-pj-ya-hay-quienes-piden-cerrar-la-pampa-para-que-no-entren-las-nuevas-cepas-del-covid\/","og_site_name":"Diario Textual","article_publisher":"https:\/\/www.facebook.com\/eltextual","article_published_time":"2021-03-30T23:01:00+00:00","article_modified_time":"2021-03-31T11:58:29+00:00","og_image":[{"width":900,"height":507,"url":"https:\/\/diariotextual.com\/inicio\/wp-content\/uploads\/2020\/06\/coronaviruscamioneros2020-1.jpg","type":"image\/jpeg"}],"author":"Diario1 Diario1","twitter_card":"summary_large_image","twitter_creator":"@eltextual","twitter_site":"@eltextual","twitter_misc":{"Escrito por":"Diario1 Diario1","Tiempo de lectura":"2 minutos"},"schema":{"@context":"https:\/\/schema.org","@graph":[{"@type":"Article","@id":"https:\/\/diariotextual.com\/inicio\/index.php\/2021\/03\/30\/en-el-pj-ya-hay-quienes-piden-cerrar-la-pampa-para-que-no-entren-las-nuevas-cepas-del-covid\/#article","isPartOf":{"@id":"https:\/\/diariotextual.com\/inicio\/index.php\/2021\/03\/30\/en-el-pj-ya-hay-quienes-piden-cerrar-la-pampa-para-que-no-entren-las-nuevas-cepas-del-covid\/"},"author":{"name":"Diario1 Diario1","@id":"https:\/\/diariotextual.com\/inicio\/#\/schema\/person\/418fc4093c33e86ed41562db3508f958"},"headline":"En el PJ ya hay quienes piden \u201ccerrar\u201d La Pampa para que no entren las nuevas cepas del covid","datePublished":"2021-03-30T23:01:00+00:00","dateModified":"2021-03-31T11:58:29+00:00","mainEntityOfPage":{"@id":"https:\/\/diariotextual.com\/inicio\/index.php\/2021\/03\/30\/en-el-pj-ya-hay-quienes-piden-cerrar-la-pampa-para-que-no-entren-las-nuevas-cepas-del-covid\/"},"wordCount":387,"publisher":{"@id":"https:\/\/diariotextual.com\/inicio\/#organization"},"image":{"@id":"https:\/\/diariotextual.com\/inicio\/index.php\/2021\/03\/30\/en-el-pj-ya-hay-quienes-piden-cerrar-la-pampa-para-que-no-entren-las-nuevas-cepas-del-covid\/#primaryimage"},"thumbnailUrl":"https:\/\/diariotextual.com\/inicio\/wp-content\/uploads\/2020\/06\/coronaviruscamioneros2020-1.jpg","keywords":["covid","grotto","pampero"],"articleSection":["A - PORTADA2","POLITICA"],"inLanguage":"es"},{"@type":"WebPage","@id":"https:\/\/diariotextual.com\/inicio\/index.php\/2021\/03\/30\/en-el-pj-ya-hay-quienes-piden-cerrar-la-pampa-para-que-no-entren-las-nuevas-cepas-del-covid\/","url":"https:\/\/diariotextual.com\/inicio\/index.php\/2021\/03\/30\/en-el-pj-ya-hay-quienes-piden-cerrar-la-pampa-para-que-no-entren-las-nuevas-cepas-del-covid\/","name":"En el PJ ya hay quienes piden \u201ccerrar\u201d La Pampa para que no entren las nuevas cepas del covid - Diario Textual","isPartOf":{"@id":"https:\/\/diariotextual.com\/inicio\/#website"},"primaryImageOfPage":{"@id":"https:\/\/diariotextual.com\/inicio\/index.php\/2021\/03\/30\/en-el-pj-ya-hay-quienes-piden-cerrar-la-pampa-para-que-no-entren-las-nuevas-cepas-del-covid\/#primaryimage"},"image":{"@id":"https:\/\/diariotextual.com\/inicio\/index.php\/2021\/03\/30\/en-el-pj-ya-hay-quienes-piden-cerrar-la-pampa-para-que-no-entren-las-nuevas-cepas-del-covid\/#primaryimage"},"thumbnailUrl":"https:\/\/diariotextual.com\/inicio\/wp-content\/uploads\/2020\/06\/coronaviruscamioneros2020-1.jpg","datePublished":"2021-03-30T23:01:00+00:00","dateModified":"2021-03-31T11:58:29+00:00","breadcrumb":{"@id":"https:\/\/diariotextual.com\/inicio\/index.php\/2021\/03\/30\/en-el-pj-ya-hay-quienes-piden-cerrar-la-pampa-para-que-no-entren-las-nuevas-cepas-del-covid\/#breadcrumb"},"inLanguage":"es","potentialAction":[{"@type":"ReadAction","target":["https:\/\/diariotextual.com\/inicio\/index.php\/2021\/03\/30\/en-el-pj-ya-hay-quienes-piden-cerrar-la-pampa-para-que-no-entren-las-nuevas-cepas-del-covid\/"]}]},{"@type":"ImageObject","inLanguage":"es","@id":"https:\/\/diariotextual.com\/inicio\/index.php\/2021\/03\/30\/en-el-pj-ya-hay-quienes-piden-cerrar-la-pampa-para-que-no-entren-las-nuevas-cepas-del-covid\/#primaryimage","url":"https:\/\/diariotextual.com\/inicio\/wp-content\/uploads\/2020\/06\/coronaviruscamioneros2020-1.jpg","contentUrl":"https:\/\/diariotextual.com\/inicio\/wp-content\/uploads\/2020\/06\/coronaviruscamioneros2020-1.jpg","width":900,"height":507},{"@type":"BreadcrumbList","@id":"https:\/\/diariotextual.com\/inicio\/index.php\/2021\/03\/30\/en-el-pj-ya-hay-quienes-piden-cerrar-la-pampa-para-que-no-entren-las-nuevas-cepas-del-covid\/#breadcrumb","itemListElement":[{"@type":"ListItem","position":1,"name":"Portada","item":"https:\/\/diariotextual.com\/inicio\/"},{"@type":"ListItem","position":2,"name":"En el PJ ya hay quienes piden \u201ccerrar\u201d La Pampa para que no entren las nuevas cepas del covid"}]},{"@type":"WebSite","@id":"https:\/\/diariotextual.com\/inicio\/#website","url":"https:\/\/diariotextual.com\/inicio\/","name":"Diario Textual","description":"","publisher":{"@id":"https:\/\/diariotextual.com\/inicio\/#organization"},"potentialAction":[{"@type":"SearchAction","target":{"@type":"EntryPoint","urlTemplate":"https:\/\/diariotextual.com\/inicio\/?s={search_term_string}"},"query-input":{"@type":"PropertyValueSpecification","valueRequired":true,"valueName":"search_term_string"}}],"inLanguage":"es"},{"@type":"Organization","@id":"https:\/\/diariotextual.com\/inicio\/#organization","name":"Diario Textual","url":"https:\/\/diariotextual.com\/inicio\/","logo":{"@type":"ImageObject","inLanguage":"es","@id":"https:\/\/diariotextual.com\/inicio\/#\/schema\/logo\/image\/","url":"https:\/\/diariotextual.com\/inicio\/wp-content\/uploads\/2023\/05\/logotextual1.jpg","contentUrl":"https:\/\/diariotextual.com\/inicio\/wp-content\/uploads\/2023\/05\/logotextual1.jpg","width":516,"height":76,"caption":"Diario Textual"},"image":{"@id":"https:\/\/diariotextual.com\/inicio\/#\/schema\/logo\/image\/"},"sameAs":["https:\/\/www.facebook.com\/eltextual","https:\/\/x.com\/eltextual","http:\/\/www.instagram.com\/eltextual"]},{"@type":"Person","@id":"https:\/\/diariotextual.com\/inicio\/#\/schema\/person\/418fc4093c33e86ed41562db3508f958","name":"Diario1 Diario1","image":{"@type":"ImageObject","inLanguage":"es","@id":"https:\/\/secure.gravatar.com\/avatar\/9167d280179c85bc18be67aa7eda765854300033af4896dd779b608640f2ef7a?s=96&d=mm&r=g","url":"https:\/\/secure.gravatar.com\/avatar\/9167d280179c85bc18be67aa7eda765854300033af4896dd779b608640f2ef7a?s=96&d=mm&r=g","contentUrl":"https:\/\/secure.gravatar.com\/avatar\/9167d280179c85bc18be67aa7eda765854300033af4896dd779b608640f2ef7a?s=96&d=mm&r=g","caption":"Diario1 Diario1"},"url":"https:\/\/diariotextual.com\/inicio\/index.php\/author\/diario1\/"}]}},"_links":{"self":[{"href":"https:\/\/diariotextual.com\/inicio\/index.php\/wp-json\/wp\/v2\/posts\/139678","targetHints":{"allow":["GET"]}}],"collection":[{"href":"https:\/\/diariotextual.com\/inicio\/index.php\/wp-json\/wp\/v2\/posts"}],"about":[{"href":"https:\/\/diariotextual.com\/inicio\/index.php\/wp-json\/wp\/v2\/types\/post"}],"author":[{"embeddable":true,"href":"https:\/\/diariotextual.com\/inicio\/index.php\/wp-json\/wp\/v2\/users\/3"}],"replies":[{"embeddable":true,"href":"https:\/\/diariotextual.com\/inicio\/index.php\/wp-json\/wp\/v2\/comments?post=139678"}],"version-history":[{"count":4,"href":"https:\/\/diariotextual.com\/inicio\/index.php\/wp-json\/wp\/v2\/posts\/139678\/revisions"}],"predecessor-version":[{"id":139682,"href":"https:\/\/diariotextual.com\/inicio\/index.php\/wp-json\/wp\/v2\/posts\/139678\/revisions\/139682"}],"wp:featuredmedia":[{"embeddable":true,"href":"https:\/\/diariotextual.com\/inicio\/index.php\/wp-json\/wp\/v2\/media\/98304"}],"wp:attachment":[{"href":"https:\/\/diariotextual.com\/inicio\/index.php\/wp-json\/wp\/v2\/media?parent=139678"}],"wp:term":[{"taxonomy":"category","embeddable":true,"href":"https:\/\/diariotextual.com\/inicio\/index.php\/wp-json\/wp\/v2\/categories?post=139678"},{"taxonomy":"post_tag","embeddable":true,"href":"https:\/\/diariotextual.com\/inicio\/index.php\/wp-json\/wp\/v2\/tags?post=139678"}],"curies":[{"name":"wp","href":"https:\/\/api.w.org\/{rel}","templated":true}]}}