{"id":139745,"date":"2021-03-31T16:21:33","date_gmt":"2021-03-31T19:21:33","guid":{"rendered":"http:\/\/diariotextual.com\/inicio\/?p=139745"},"modified":"2021-03-31T20:38:44","modified_gmt":"2021-03-31T23:38:44","slug":"segun-el-indec-la-pandemia-no-aumento-la-pobreza-en-la-pampa-se-mantiene-en-el-33","status":"publish","type":"post","link":"https:\/\/diariotextual.com\/inicio\/index.php\/2021\/03\/31\/segun-el-indec-la-pandemia-no-aumento-la-pobreza-en-la-pampa-se-mantiene-en-el-33\/","title":{"rendered":"Seg\u00fan el Indec, la pandemia no aument\u00f3 la pobreza en La Pampa: se mantiene en el 33%"},"content":{"rendered":"\n<p><strong>El Instituto Nacional de Estad\u00edstica y Censos (Indec) dio a conocer hoy los \u00edndices de la pobreza. En la Argentina ascendi\u00f3 al 42% en el segundo semestre del 2020, con un incremento de casi siete puntos porcentuales respecto del mismo per\u00edodo del 2019, en tanto que en La Pampa no hubo mayores cambios y se ubic\u00f3 en el 33,5%. Es decir, incluso cuatro d\u00e9cimas por debajo de la del segundo semestre de 2020, cuando se ubic\u00f3 en el 33,9%.<\/strong><\/p>\n\n\n\n<p>En rigor,<strong> se trata de mediciones del conglomerado Santa Rosa \u2013 Toay. Entre ambas ciudades, hay 42.879 personas en la pobreza y 8956 en la indigencia.<\/strong><\/p>\n\n\n\n<p>\u201cEl porcentaje de hogares por debajo de la l\u00ednea de pobreza (LP) alcanz\u00f3 el 31,6%; en estos residen el 42% de las personas. Dentro de este conjunto se distingue un 7,8% de hogares por debajo de la l\u00ednea de indigencia (LI), que incluyen al 10,5% de las personas\u201d, inform\u00f3 el Indec.<\/p>\n\n\n\n<figure class=\"wp-block-embed is-type-rich is-provider-twitter wp-block-embed-twitter\"><div class=\"wp-block-embed__wrapper\">\n<blockquote class=\"twitter-tweet\" data-width=\"550\" data-dnt=\"true\"><p lang=\"es\" dir=\"ltr\"><a href=\"https:\/\/twitter.com\/hashtag\/DatoINDEC?src=hash&amp;ref_src=twsrc%5Etfw\">#DatoINDEC<\/a><br>La pobreza alcanz\u00f3 al 42% de las personas y al 31,6% de los hogares en el 2\u00b0 semestre de 2020<a href=\"https:\/\/t.co\/fxIJYsx5AM\">https:\/\/t.co\/fxIJYsx5AM<\/a> <a href=\"https:\/\/t.co\/lPtIEL82AR\">pic.twitter.com\/lPtIEL82AR<\/a><\/p>&mdash; INDEC Argentina (@INDECArgentina) <a href=\"https:\/\/twitter.com\/INDECArgentina\/status\/1377334921488830464?ref_src=twsrc%5Etfw\">March 31, 2021<\/a><\/blockquote><script async src=\"https:\/\/platform.twitter.com\/widgets.js\" charset=\"utf-8\"><\/script>\n<\/div><\/figure>\n\n\n\n<p>\u201cEsto implica que, para el universo de los 31 aglomerados urbanos de la EPH, por debajo de la LP se encuentran 2.926.890 hogares que incluyen a 12.000.998 personas y, dentro de ese conjunto, 720.678 hogares se encuentran por debajo de la LI, e incluyen a 3.007.177 personas indigentes\u201d, detall\u00f3.<\/p>\n\n\n\n<p>\u201cEl ingreso total familiar promedio de los hogares pobres fue de $29.567, mientras la Canasta b\u00e1sica total (CBT) promedio del mismo grupo de hogares alcanz\u00f3 los $50.854, por lo que la brecha se ubic\u00f3 en 41,9%, el valor m\u00e1s alto de la serie por quinto semestre consecutivo. De esta manera, no solo hubo un aumento en la incidencia de pobreza respecto del primer semestre de 2020, sino que la situaci\u00f3n de las personas bajo la LP empeor\u00f3 por la mayor distancia entre sus ingresos y la CBT\u201d, indic\u00f3.<\/p>\n\n\n\n<p>\u201cDado que la incidencia de la pobreza y la indigencia resulta de la capacidad de los hogares de acceder a la canasta b\u00e1sica alimentaria (CBA) y a la canasta b\u00e1sica total (CBT) mediante sus ingresos monetarios, y que la brecha es la distancia entre los ingresos y las canastas, se observ\u00f3 que en el segundo semestre de 2020: En la comparaci\u00f3n interanual crecieron ambos indicadores: los hogares pobres lo hicieron en 5,7 punto porcentual y las personas bajo la l\u00ednea de pobreza, en 6,5 p.p.; mientras que los hogares indigentes aumentaron en 2,1 p.p. y las personas bajo la l\u00ednea de indigencia, en 2,5 p.p. Con respecto al primer semestre de 2020, se registr\u00f3 un aumento de la pobreza (+1,1 punto porcentual) mientras que la indigencia se mantuvo en el mismo valor para el conjunto de la poblaci\u00f3n cubierta por la encuesta\u201d, detall\u00f3 el organismo que conduce Marco Lavagna.<\/p>\n\n\n\n<p>En el primer semestre del 2020, la pobreza fue del 40,9% y la indigencia del 8,1%, aunque la medici\u00f3n correcta debe hacerse contra el mismo per\u00edodo del a\u00f1o previo.<\/p>\n\n\n\n<p>En comparaci\u00f3n con la \u00faltima medici\u00f3n de 2018, en el segundo semestre de 2019 las estimaciones del INDEC registraron un aumento en las tasas de pobreza e indigencia: el porcentaje de hogares pobres experiment\u00f3 un incremento interanual de 2,5 puntos porcentuales y la proporci\u00f3n de hogares indigentes se elev\u00f3 en 0,9 puntos porcentuales. A su vez, el porcentaje de la poblaci\u00f3n en situaci\u00f3n de pobreza aument\u00f3 3,5 puntos porcentuales y la proporci\u00f3n de indigentes lo hizo en 1,3 puntos porcentuales.<\/p>\n\n\n\n<p>\u201cComo resultado de la evoluci\u00f3n se\u00f1alada, la pobreza afectaba en la segunda mitad de 2019 al 25,9% de los hogares y al 35,5% de la poblaci\u00f3n. La indigencia, por su parte, pesaba sobre el 5,7% de los hogares y el 8,0% de la poblaci\u00f3n\u201d, inform\u00f3 el Indec un a\u00f1o atr\u00e1s.<\/p>\n\n\n\n<p>Si se extrapolara la medici\u00f3n de los aglomerados urbanos que realiza el Indec a la poblaci\u00f3n de todo el pa\u00eds, se concluir\u00eda que la pobreza afectaba a fines del a\u00f1o pasado a 19,4 millones de personas, 3,2 millones m\u00e1s que antes de la pandemia; se trata de la tasa m\u00e1s alta desde 2004, cuando lleg\u00f3 al 44,3 por ciento.<\/p>\n\n\n\n<p>La tasa m\u00e1s alta de pobreza se alcanz\u00f3 luego de la explosi\u00f3n de la convertibilidad registrada a fines del 2001, ya que en octubre de 2002 ascendi\u00f3 al 57,5% de la poblaci\u00f3n y al 45,7% de los hogares. A partir de entonces se aplic\u00f3 el plan Jefes y Jefas de Hogar y, a partir de fines de 2009, la Asignaci\u00f3n Universal por Hijo (AUH), que permitieron contener pero a la vez suavizar las cifras totales de pobreza.<\/p>\n\n\n\n<figure class=\"wp-block-image size-large\"><img fetchpriority=\"high\" decoding=\"async\" width=\"1024\" height=\"628\" src=\"http:\/\/diariotextual.com\/inicio\/wp-content\/uploads\/2019\/07\/asentamientoelsalitral2019-29-1024x628.jpg\" alt=\"\" class=\"wp-image-56480\" srcset=\"https:\/\/diariotextual.com\/inicio\/wp-content\/uploads\/2019\/07\/asentamientoelsalitral2019-29-1024x628.jpg 1024w, https:\/\/diariotextual.com\/inicio\/wp-content\/uploads\/2019\/07\/asentamientoelsalitral2019-29-300x184.jpg 300w, https:\/\/diariotextual.com\/inicio\/wp-content\/uploads\/2019\/07\/asentamientoelsalitral2019-29-768x471.jpg 768w, https:\/\/diariotextual.com\/inicio\/wp-content\/uploads\/2019\/07\/asentamientoelsalitral2019-29-1170x718.jpg 1170w, https:\/\/diariotextual.com\/inicio\/wp-content\/uploads\/2019\/07\/asentamientoelsalitral2019-29-585x359.jpg 585w, https:\/\/diariotextual.com\/inicio\/wp-content\/uploads\/2019\/07\/asentamientoelsalitral2019-29.jpg 1500w\" sizes=\"(max-width: 1024px) 100vw, 1024px\" \/><\/figure>\n\n\n\n<p>Aunque en la primera d\u00e9cada del siglo XXI la econom\u00eda se recuper\u00f3 a partir del 2003 y eso permiti\u00f3 reducir las cifras de pobreza, desempleo e inflaci\u00f3n, en esta \u00faltima d\u00e9cada el ciclo se revirti\u00f3 por la falta de crecimiento econ\u00f3mico del pa\u00eds, que se agrav\u00f3 en 2020 por la pandemia global y la extensa cuarentena local.<\/p>\n\n\n\n<p>En el medio, comenzaron a desdibujarse las cifras reales de la pobreza durante la intervenci\u00f3n de hecho al Indec registrada entre 2007 y 2015, que comenz\u00f3 por la inflaci\u00f3n y luego sigui\u00f3 con otras cifras sensibles, entre ellas justamente la gente que no vive en condiciones dignas. Mientras el entonces ministro Axel Kicillof dec\u00eda que contabilizar a los pobres significaba estigmatizarlos, otros funcionarios aseguraban que la Argentina ten\u00eda menos pobres que Alemania.<\/p>\n","protected":false},"excerpt":{"rendered":"<p>El Instituto Nacional de Estad\u00edstica y Censos (Indec) dio a conocer hoy los \u00edndices de la pobreza. En la Argentina ascendi\u00f3 al 42% en el segundo semestre del 2020, con&hellip;<\/p>\n","protected":false},"author":3,"featured_media":56077,"comment_status":"closed","ping_status":"open","sticky":false,"template":"","format":"standard","meta":{"_acf_changed":false,"footnotes":""},"categories":[10,12],"tags":[1060],"class_list":["post-139745","post","type-post","status-publish","format-standard","has-post-thumbnail","hentry","category-portada-2","category-sociedad","tag-pobreza"],"acf":[],"yoast_head":"<!-- This site is optimized with the Yoast SEO plugin v27.5 - https:\/\/yoast.com\/product\/yoast-seo-wordpress\/ -->\n<title>Seg\u00fan el Indec, la pandemia no aument\u00f3 la pobreza en La Pampa: se mantiene en el 33% - Diario Textual<\/title>\n<meta name=\"robots\" content=\"index, follow, max-snippet:-1, max-image-preview:large, max-video-preview:-1\" \/>\n<link rel=\"canonical\" href=\"https:\/\/diariotextual.com\/inicio\/index.php\/2021\/03\/31\/segun-el-indec-la-pandemia-no-aumento-la-pobreza-en-la-pampa-se-mantiene-en-el-33\/\" \/>\n<meta property=\"og:locale\" content=\"es_ES\" \/>\n<meta property=\"og:type\" content=\"article\" \/>\n<meta property=\"og:title\" content=\"Seg\u00fan el Indec, la pandemia no aument\u00f3 la pobreza en La Pampa: se mantiene en el 33% - Diario Textual\" \/>\n<meta property=\"og:description\" content=\"El Instituto Nacional de Estad\u00edstica y Censos (Indec) dio a conocer hoy los \u00edndices de la pobreza. En la Argentina ascendi\u00f3 al 42% en el segundo semestre del 2020, con&hellip;\" \/>\n<meta property=\"og:url\" content=\"https:\/\/diariotextual.com\/inicio\/index.php\/2021\/03\/31\/segun-el-indec-la-pandemia-no-aumento-la-pobreza-en-la-pampa-se-mantiene-en-el-33\/\" \/>\n<meta property=\"og:site_name\" content=\"Diario Textual\" \/>\n<meta property=\"article:publisher\" content=\"https:\/\/www.facebook.com\/eltextual\" \/>\n<meta property=\"article:published_time\" content=\"2021-03-31T19:21:33+00:00\" \/>\n<meta property=\"article:modified_time\" content=\"2021-03-31T23:38:44+00:00\" \/>\n<meta property=\"og:image\" content=\"https:\/\/diariotextual.com\/inicio\/wp-content\/uploads\/2019\/07\/asentamientosantamaria2019-7.jpg\" \/>\n\t<meta property=\"og:image:width\" content=\"1100\" \/>\n\t<meta property=\"og:image:height\" content=\"666\" \/>\n\t<meta property=\"og:image:type\" content=\"image\/jpeg\" \/>\n<meta name=\"author\" content=\"Diario1 Diario1\" \/>\n<meta name=\"twitter:card\" content=\"summary_large_image\" \/>\n<meta name=\"twitter:creator\" content=\"@eltextual\" \/>\n<meta name=\"twitter:site\" content=\"@eltextual\" \/>\n<meta name=\"twitter:label1\" content=\"Escrito por\" \/>\n\t<meta name=\"twitter:data1\" content=\"Diario1 Diario1\" \/>\n\t<meta name=\"twitter:label2\" content=\"Tiempo de lectura\" \/>\n\t<meta name=\"twitter:data2\" content=\"4 minutos\" \/>\n<script type=\"application\/ld+json\" class=\"yoast-schema-graph\">{\"@context\":\"https:\\\/\\\/schema.org\",\"@graph\":[{\"@type\":\"Article\",\"@id\":\"https:\\\/\\\/diariotextual.com\\\/inicio\\\/index.php\\\/2021\\\/03\\\/31\\\/segun-el-indec-la-pandemia-no-aumento-la-pobreza-en-la-pampa-se-mantiene-en-el-33\\\/#article\",\"isPartOf\":{\"@id\":\"https:\\\/\\\/diariotextual.com\\\/inicio\\\/index.php\\\/2021\\\/03\\\/31\\\/segun-el-indec-la-pandemia-no-aumento-la-pobreza-en-la-pampa-se-mantiene-en-el-33\\\/\"},\"author\":{\"name\":\"Diario1 Diario1\",\"@id\":\"https:\\\/\\\/diariotextual.com\\\/inicio\\\/#\\\/schema\\\/person\\\/418fc4093c33e86ed41562db3508f958\"},\"headline\":\"Seg\u00fan el Indec, la pandemia no aument\u00f3 la pobreza en La Pampa: se mantiene en el 33%\",\"datePublished\":\"2021-03-31T19:21:33+00:00\",\"dateModified\":\"2021-03-31T23:38:44+00:00\",\"mainEntityOfPage\":{\"@id\":\"https:\\\/\\\/diariotextual.com\\\/inicio\\\/index.php\\\/2021\\\/03\\\/31\\\/segun-el-indec-la-pandemia-no-aumento-la-pobreza-en-la-pampa-se-mantiene-en-el-33\\\/\"},\"wordCount\":885,\"publisher\":{\"@id\":\"https:\\\/\\\/diariotextual.com\\\/inicio\\\/#organization\"},\"image\":{\"@id\":\"https:\\\/\\\/diariotextual.com\\\/inicio\\\/index.php\\\/2021\\\/03\\\/31\\\/segun-el-indec-la-pandemia-no-aumento-la-pobreza-en-la-pampa-se-mantiene-en-el-33\\\/#primaryimage\"},\"thumbnailUrl\":\"https:\\\/\\\/diariotextual.com\\\/inicio\\\/wp-content\\\/uploads\\\/2019\\\/07\\\/asentamientosantamaria2019-7.jpg\",\"keywords\":[\"pobreza\"],\"articleSection\":[\"A - PORTADA2\",\"SOCIEDAD\"],\"inLanguage\":\"es\"},{\"@type\":\"WebPage\",\"@id\":\"https:\\\/\\\/diariotextual.com\\\/inicio\\\/index.php\\\/2021\\\/03\\\/31\\\/segun-el-indec-la-pandemia-no-aumento-la-pobreza-en-la-pampa-se-mantiene-en-el-33\\\/\",\"url\":\"https:\\\/\\\/diariotextual.com\\\/inicio\\\/index.php\\\/2021\\\/03\\\/31\\\/segun-el-indec-la-pandemia-no-aumento-la-pobreza-en-la-pampa-se-mantiene-en-el-33\\\/\",\"name\":\"Seg\u00fan el Indec, la pandemia no aument\u00f3 la pobreza en La Pampa: se mantiene en el 33% - Diario Textual\",\"isPartOf\":{\"@id\":\"https:\\\/\\\/diariotextual.com\\\/inicio\\\/#website\"},\"primaryImageOfPage\":{\"@id\":\"https:\\\/\\\/diariotextual.com\\\/inicio\\\/index.php\\\/2021\\\/03\\\/31\\\/segun-el-indec-la-pandemia-no-aumento-la-pobreza-en-la-pampa-se-mantiene-en-el-33\\\/#primaryimage\"},\"image\":{\"@id\":\"https:\\\/\\\/diariotextual.com\\\/inicio\\\/index.php\\\/2021\\\/03\\\/31\\\/segun-el-indec-la-pandemia-no-aumento-la-pobreza-en-la-pampa-se-mantiene-en-el-33\\\/#primaryimage\"},\"thumbnailUrl\":\"https:\\\/\\\/diariotextual.com\\\/inicio\\\/wp-content\\\/uploads\\\/2019\\\/07\\\/asentamientosantamaria2019-7.jpg\",\"datePublished\":\"2021-03-31T19:21:33+00:00\",\"dateModified\":\"2021-03-31T23:38:44+00:00\",\"breadcrumb\":{\"@id\":\"https:\\\/\\\/diariotextual.com\\\/inicio\\\/index.php\\\/2021\\\/03\\\/31\\\/segun-el-indec-la-pandemia-no-aumento-la-pobreza-en-la-pampa-se-mantiene-en-el-33\\\/#breadcrumb\"},\"inLanguage\":\"es\",\"potentialAction\":[{\"@type\":\"ReadAction\",\"target\":[\"https:\\\/\\\/diariotextual.com\\\/inicio\\\/index.php\\\/2021\\\/03\\\/31\\\/segun-el-indec-la-pandemia-no-aumento-la-pobreza-en-la-pampa-se-mantiene-en-el-33\\\/\"]}]},{\"@type\":\"ImageObject\",\"inLanguage\":\"es\",\"@id\":\"https:\\\/\\\/diariotextual.com\\\/inicio\\\/index.php\\\/2021\\\/03\\\/31\\\/segun-el-indec-la-pandemia-no-aumento-la-pobreza-en-la-pampa-se-mantiene-en-el-33\\\/#primaryimage\",\"url\":\"https:\\\/\\\/diariotextual.com\\\/inicio\\\/wp-content\\\/uploads\\\/2019\\\/07\\\/asentamientosantamaria2019-7.jpg\",\"contentUrl\":\"https:\\\/\\\/diariotextual.com\\\/inicio\\\/wp-content\\\/uploads\\\/2019\\\/07\\\/asentamientosantamaria2019-7.jpg\",\"width\":1100,\"height\":666},{\"@type\":\"BreadcrumbList\",\"@id\":\"https:\\\/\\\/diariotextual.com\\\/inicio\\\/index.php\\\/2021\\\/03\\\/31\\\/segun-el-indec-la-pandemia-no-aumento-la-pobreza-en-la-pampa-se-mantiene-en-el-33\\\/#breadcrumb\",\"itemListElement\":[{\"@type\":\"ListItem\",\"position\":1,\"name\":\"Portada\",\"item\":\"https:\\\/\\\/diariotextual.com\\\/inicio\\\/\"},{\"@type\":\"ListItem\",\"position\":2,\"name\":\"Seg\u00fan el Indec, la pandemia no aument\u00f3 la pobreza en La Pampa: se mantiene en el 33%\"}]},{\"@type\":\"WebSite\",\"@id\":\"https:\\\/\\\/diariotextual.com\\\/inicio\\\/#website\",\"url\":\"https:\\\/\\\/diariotextual.com\\\/inicio\\\/\",\"name\":\"Diario Textual\",\"description\":\"\",\"publisher\":{\"@id\":\"https:\\\/\\\/diariotextual.com\\\/inicio\\\/#organization\"},\"potentialAction\":[{\"@type\":\"SearchAction\",\"target\":{\"@type\":\"EntryPoint\",\"urlTemplate\":\"https:\\\/\\\/diariotextual.com\\\/inicio\\\/?s={search_term_string}\"},\"query-input\":{\"@type\":\"PropertyValueSpecification\",\"valueRequired\":true,\"valueName\":\"search_term_string\"}}],\"inLanguage\":\"es\"},{\"@type\":\"Organization\",\"@id\":\"https:\\\/\\\/diariotextual.com\\\/inicio\\\/#organization\",\"name\":\"Diario Textual\",\"url\":\"https:\\\/\\\/diariotextual.com\\\/inicio\\\/\",\"logo\":{\"@type\":\"ImageObject\",\"inLanguage\":\"es\",\"@id\":\"https:\\\/\\\/diariotextual.com\\\/inicio\\\/#\\\/schema\\\/logo\\\/image\\\/\",\"url\":\"https:\\\/\\\/diariotextual.com\\\/inicio\\\/wp-content\\\/uploads\\\/2023\\\/05\\\/logotextual1.jpg\",\"contentUrl\":\"https:\\\/\\\/diariotextual.com\\\/inicio\\\/wp-content\\\/uploads\\\/2023\\\/05\\\/logotextual1.jpg\",\"width\":516,\"height\":76,\"caption\":\"Diario Textual\"},\"image\":{\"@id\":\"https:\\\/\\\/diariotextual.com\\\/inicio\\\/#\\\/schema\\\/logo\\\/image\\\/\"},\"sameAs\":[\"https:\\\/\\\/www.facebook.com\\\/eltextual\",\"https:\\\/\\\/x.com\\\/eltextual\",\"http:\\\/\\\/www.instagram.com\\\/eltextual\"]},{\"@type\":\"Person\",\"@id\":\"https:\\\/\\\/diariotextual.com\\\/inicio\\\/#\\\/schema\\\/person\\\/418fc4093c33e86ed41562db3508f958\",\"name\":\"Diario1 Diario1\",\"image\":{\"@type\":\"ImageObject\",\"inLanguage\":\"es\",\"@id\":\"https:\\\/\\\/secure.gravatar.com\\\/avatar\\\/9167d280179c85bc18be67aa7eda765854300033af4896dd779b608640f2ef7a?s=96&d=mm&r=g\",\"url\":\"https:\\\/\\\/secure.gravatar.com\\\/avatar\\\/9167d280179c85bc18be67aa7eda765854300033af4896dd779b608640f2ef7a?s=96&d=mm&r=g\",\"contentUrl\":\"https:\\\/\\\/secure.gravatar.com\\\/avatar\\\/9167d280179c85bc18be67aa7eda765854300033af4896dd779b608640f2ef7a?s=96&d=mm&r=g\",\"caption\":\"Diario1 Diario1\"},\"url\":\"https:\\\/\\\/diariotextual.com\\\/inicio\\\/index.php\\\/author\\\/diario1\\\/\"}]}<\/script>\n<!-- \/ Yoast SEO plugin. -->","yoast_head_json":{"title":"Seg\u00fan el Indec, la pandemia no aument\u00f3 la pobreza en La Pampa: se mantiene en el 33% - Diario Textual","robots":{"index":"index","follow":"follow","max-snippet":"max-snippet:-1","max-image-preview":"max-image-preview:large","max-video-preview":"max-video-preview:-1"},"canonical":"https:\/\/diariotextual.com\/inicio\/index.php\/2021\/03\/31\/segun-el-indec-la-pandemia-no-aumento-la-pobreza-en-la-pampa-se-mantiene-en-el-33\/","og_locale":"es_ES","og_type":"article","og_title":"Seg\u00fan el Indec, la pandemia no aument\u00f3 la pobreza en La Pampa: se mantiene en el 33% - Diario Textual","og_description":"El Instituto Nacional de Estad\u00edstica y Censos (Indec) dio a conocer hoy los \u00edndices de la pobreza. En la Argentina ascendi\u00f3 al 42% en el segundo semestre del 2020, con&hellip;","og_url":"https:\/\/diariotextual.com\/inicio\/index.php\/2021\/03\/31\/segun-el-indec-la-pandemia-no-aumento-la-pobreza-en-la-pampa-se-mantiene-en-el-33\/","og_site_name":"Diario Textual","article_publisher":"https:\/\/www.facebook.com\/eltextual","article_published_time":"2021-03-31T19:21:33+00:00","article_modified_time":"2021-03-31T23:38:44+00:00","og_image":[{"width":1100,"height":666,"url":"https:\/\/diariotextual.com\/inicio\/wp-content\/uploads\/2019\/07\/asentamientosantamaria2019-7.jpg","type":"image\/jpeg"}],"author":"Diario1 Diario1","twitter_card":"summary_large_image","twitter_creator":"@eltextual","twitter_site":"@eltextual","twitter_misc":{"Escrito por":"Diario1 Diario1","Tiempo de lectura":"4 minutos"},"schema":{"@context":"https:\/\/schema.org","@graph":[{"@type":"Article","@id":"https:\/\/diariotextual.com\/inicio\/index.php\/2021\/03\/31\/segun-el-indec-la-pandemia-no-aumento-la-pobreza-en-la-pampa-se-mantiene-en-el-33\/#article","isPartOf":{"@id":"https:\/\/diariotextual.com\/inicio\/index.php\/2021\/03\/31\/segun-el-indec-la-pandemia-no-aumento-la-pobreza-en-la-pampa-se-mantiene-en-el-33\/"},"author":{"name":"Diario1 Diario1","@id":"https:\/\/diariotextual.com\/inicio\/#\/schema\/person\/418fc4093c33e86ed41562db3508f958"},"headline":"Seg\u00fan el Indec, la pandemia no aument\u00f3 la pobreza en La Pampa: se mantiene en el 33%","datePublished":"2021-03-31T19:21:33+00:00","dateModified":"2021-03-31T23:38:44+00:00","mainEntityOfPage":{"@id":"https:\/\/diariotextual.com\/inicio\/index.php\/2021\/03\/31\/segun-el-indec-la-pandemia-no-aumento-la-pobreza-en-la-pampa-se-mantiene-en-el-33\/"},"wordCount":885,"publisher":{"@id":"https:\/\/diariotextual.com\/inicio\/#organization"},"image":{"@id":"https:\/\/diariotextual.com\/inicio\/index.php\/2021\/03\/31\/segun-el-indec-la-pandemia-no-aumento-la-pobreza-en-la-pampa-se-mantiene-en-el-33\/#primaryimage"},"thumbnailUrl":"https:\/\/diariotextual.com\/inicio\/wp-content\/uploads\/2019\/07\/asentamientosantamaria2019-7.jpg","keywords":["pobreza"],"articleSection":["A - PORTADA2","SOCIEDAD"],"inLanguage":"es"},{"@type":"WebPage","@id":"https:\/\/diariotextual.com\/inicio\/index.php\/2021\/03\/31\/segun-el-indec-la-pandemia-no-aumento-la-pobreza-en-la-pampa-se-mantiene-en-el-33\/","url":"https:\/\/diariotextual.com\/inicio\/index.php\/2021\/03\/31\/segun-el-indec-la-pandemia-no-aumento-la-pobreza-en-la-pampa-se-mantiene-en-el-33\/","name":"Seg\u00fan el Indec, la pandemia no aument\u00f3 la pobreza en La Pampa: se mantiene en el 33% - Diario Textual","isPartOf":{"@id":"https:\/\/diariotextual.com\/inicio\/#website"},"primaryImageOfPage":{"@id":"https:\/\/diariotextual.com\/inicio\/index.php\/2021\/03\/31\/segun-el-indec-la-pandemia-no-aumento-la-pobreza-en-la-pampa-se-mantiene-en-el-33\/#primaryimage"},"image":{"@id":"https:\/\/diariotextual.com\/inicio\/index.php\/2021\/03\/31\/segun-el-indec-la-pandemia-no-aumento-la-pobreza-en-la-pampa-se-mantiene-en-el-33\/#primaryimage"},"thumbnailUrl":"https:\/\/diariotextual.com\/inicio\/wp-content\/uploads\/2019\/07\/asentamientosantamaria2019-7.jpg","datePublished":"2021-03-31T19:21:33+00:00","dateModified":"2021-03-31T23:38:44+00:00","breadcrumb":{"@id":"https:\/\/diariotextual.com\/inicio\/index.php\/2021\/03\/31\/segun-el-indec-la-pandemia-no-aumento-la-pobreza-en-la-pampa-se-mantiene-en-el-33\/#breadcrumb"},"inLanguage":"es","potentialAction":[{"@type":"ReadAction","target":["https:\/\/diariotextual.com\/inicio\/index.php\/2021\/03\/31\/segun-el-indec-la-pandemia-no-aumento-la-pobreza-en-la-pampa-se-mantiene-en-el-33\/"]}]},{"@type":"ImageObject","inLanguage":"es","@id":"https:\/\/diariotextual.com\/inicio\/index.php\/2021\/03\/31\/segun-el-indec-la-pandemia-no-aumento-la-pobreza-en-la-pampa-se-mantiene-en-el-33\/#primaryimage","url":"https:\/\/diariotextual.com\/inicio\/wp-content\/uploads\/2019\/07\/asentamientosantamaria2019-7.jpg","contentUrl":"https:\/\/diariotextual.com\/inicio\/wp-content\/uploads\/2019\/07\/asentamientosantamaria2019-7.jpg","width":1100,"height":666},{"@type":"BreadcrumbList","@id":"https:\/\/diariotextual.com\/inicio\/index.php\/2021\/03\/31\/segun-el-indec-la-pandemia-no-aumento-la-pobreza-en-la-pampa-se-mantiene-en-el-33\/#breadcrumb","itemListElement":[{"@type":"ListItem","position":1,"name":"Portada","item":"https:\/\/diariotextual.com\/inicio\/"},{"@type":"ListItem","position":2,"name":"Seg\u00fan el Indec, la pandemia no aument\u00f3 la pobreza en La Pampa: se mantiene en el 33%"}]},{"@type":"WebSite","@id":"https:\/\/diariotextual.com\/inicio\/#website","url":"https:\/\/diariotextual.com\/inicio\/","name":"Diario Textual","description":"","publisher":{"@id":"https:\/\/diariotextual.com\/inicio\/#organization"},"potentialAction":[{"@type":"SearchAction","target":{"@type":"EntryPoint","urlTemplate":"https:\/\/diariotextual.com\/inicio\/?s={search_term_string}"},"query-input":{"@type":"PropertyValueSpecification","valueRequired":true,"valueName":"search_term_string"}}],"inLanguage":"es"},{"@type":"Organization","@id":"https:\/\/diariotextual.com\/inicio\/#organization","name":"Diario Textual","url":"https:\/\/diariotextual.com\/inicio\/","logo":{"@type":"ImageObject","inLanguage":"es","@id":"https:\/\/diariotextual.com\/inicio\/#\/schema\/logo\/image\/","url":"https:\/\/diariotextual.com\/inicio\/wp-content\/uploads\/2023\/05\/logotextual1.jpg","contentUrl":"https:\/\/diariotextual.com\/inicio\/wp-content\/uploads\/2023\/05\/logotextual1.jpg","width":516,"height":76,"caption":"Diario Textual"},"image":{"@id":"https:\/\/diariotextual.com\/inicio\/#\/schema\/logo\/image\/"},"sameAs":["https:\/\/www.facebook.com\/eltextual","https:\/\/x.com\/eltextual","http:\/\/www.instagram.com\/eltextual"]},{"@type":"Person","@id":"https:\/\/diariotextual.com\/inicio\/#\/schema\/person\/418fc4093c33e86ed41562db3508f958","name":"Diario1 Diario1","image":{"@type":"ImageObject","inLanguage":"es","@id":"https:\/\/secure.gravatar.com\/avatar\/9167d280179c85bc18be67aa7eda765854300033af4896dd779b608640f2ef7a?s=96&d=mm&r=g","url":"https:\/\/secure.gravatar.com\/avatar\/9167d280179c85bc18be67aa7eda765854300033af4896dd779b608640f2ef7a?s=96&d=mm&r=g","contentUrl":"https:\/\/secure.gravatar.com\/avatar\/9167d280179c85bc18be67aa7eda765854300033af4896dd779b608640f2ef7a?s=96&d=mm&r=g","caption":"Diario1 Diario1"},"url":"https:\/\/diariotextual.com\/inicio\/index.php\/author\/diario1\/"}]}},"_links":{"self":[{"href":"https:\/\/diariotextual.com\/inicio\/index.php\/wp-json\/wp\/v2\/posts\/139745","targetHints":{"allow":["GET"]}}],"collection":[{"href":"https:\/\/diariotextual.com\/inicio\/index.php\/wp-json\/wp\/v2\/posts"}],"about":[{"href":"https:\/\/diariotextual.com\/inicio\/index.php\/wp-json\/wp\/v2\/types\/post"}],"author":[{"embeddable":true,"href":"https:\/\/diariotextual.com\/inicio\/index.php\/wp-json\/wp\/v2\/users\/3"}],"replies":[{"embeddable":true,"href":"https:\/\/diariotextual.com\/inicio\/index.php\/wp-json\/wp\/v2\/comments?post=139745"}],"version-history":[{"count":3,"href":"https:\/\/diariotextual.com\/inicio\/index.php\/wp-json\/wp\/v2\/posts\/139745\/revisions"}],"predecessor-version":[{"id":139748,"href":"https:\/\/diariotextual.com\/inicio\/index.php\/wp-json\/wp\/v2\/posts\/139745\/revisions\/139748"}],"wp:featuredmedia":[{"embeddable":true,"href":"https:\/\/diariotextual.com\/inicio\/index.php\/wp-json\/wp\/v2\/media\/56077"}],"wp:attachment":[{"href":"https:\/\/diariotextual.com\/inicio\/index.php\/wp-json\/wp\/v2\/media?parent=139745"}],"wp:term":[{"taxonomy":"category","embeddable":true,"href":"https:\/\/diariotextual.com\/inicio\/index.php\/wp-json\/wp\/v2\/categories?post=139745"},{"taxonomy":"post_tag","embeddable":true,"href":"https:\/\/diariotextual.com\/inicio\/index.php\/wp-json\/wp\/v2\/tags?post=139745"}],"curies":[{"name":"wp","href":"https:\/\/api.w.org\/{rel}","templated":true}]}}