{"id":13975,"date":"2018-07-18T09:38:55","date_gmt":"2018-07-18T12:38:55","guid":{"rendered":"http:\/\/diariotextual.com\/inicio\/?p=13975"},"modified":"2018-07-18T11:13:56","modified_gmt":"2018-07-18T14:13:56","slug":"los-ninos-rescatados-una-cueva-tailandia-recibieron-alta","status":"publish","type":"post","link":"https:\/\/diariotextual.com\/inicio\/index.php\/2018\/07\/18\/los-ninos-rescatados-una-cueva-tailandia-recibieron-alta\/","title":{"rendered":"Los ni\u00f1os rescatados de una cueva en Tailandia recibieron el alta"},"content":{"rendered":"<p>El equipo de futbolistas que<strong> fue rescatado del interior de una cueva en el norte de Tailandia<\/strong>, en la que permanecieron atrapados m\u00e1s de dos semanas, <strong>recibi\u00f3 el alta este mi\u00e9rcoles<\/strong> y fue trasladado para una conferencia de prensa.<\/p>\n<p>Las autoridades tailandesas han preparado una rueda de 45 minutos con preguntas presentadas de antemano y aprobadas por el equipo de m\u00e9dicos y psic\u00f3logos que atiende a los j\u00f3venes.<\/p>\n<div class=\"row\">\n<div class=\"col-xs-12 col-print-12\">\n<p class=\"element element-paragraph\">Los muchachos contaron c\u00f3mo fue el momento en que los rescatistas llegaron por primera vez. \u00ab<strong>Cuando salieron del agua, estaba sorprendido. Los salud\u00e9. Pens\u00e9 que era un milagro y no sab\u00eda qu\u00e9 decir. Me preguntaron c\u00f3mo estaba y les dije que s\u00ed. Estaba en shock<\/strong>\u00ab, cont\u00f3 uno de los j\u00f3venes de m\u00e1s edad.<\/p>\n<\/div>\n<\/div>\n<div class=\"row\">\n<div class=\"col-xs-12 col-print-12\">\n<p class=\"element element-paragraph\">Adem\u00e1s, revelaron que al principio, en medio de la buena noticia, tuvieron algunos inconvenientes de comunicaci\u00f3n porque los buzos eran extranjeros y no todos los ni\u00f1os hablaban ingl\u00e9s, pero eso no impidi\u00f3 la alegr\u00eda general.<\/p>\n<\/div>\n<div class=\"row\">\n<div class=\"col-xs-12 col-print-12\">\n<p class=\"element element-paragraph\">Los j\u00f3venes, sin perder la sonrisa, recordaron que ten\u00edan mucha hambre y la comida fue el primer pedido.<\/p>\n<\/div>\n<\/div>\n<div class=\"row\">\n<div class=\"col-xs-12 col-print-12\">\n<p class=\"element element-paragraph\">El grupo fue consultado sobre la\u00a0<strong>final del Mundial<\/strong>, a la que fueron invitados pero no pudieron asistir. Pudieron ver el partido con autorizaci\u00f3n m\u00e9dica y la mayor\u00eda apoyaba a Francia.<\/p>\n<\/div>\n<p>Los 12 jugadores, todos ellos menores de 16 a\u00f1os, y su entrenador, de 25,\u00a0<strong>han recuperado entre 2 y 3 kilos de peso y su estado de salud ha mejorado considerablemente<\/strong>.<\/p>\n<\/div>\n<div class=\"row\">\n<div class=\"col-xs-12 col-print-12\">\n<p class=\"element element-paragraph\">Los dos primeros grupos de rescatados completaron el tratamiento de siete d\u00edas de antibi\u00f3ticos y\u00a0<strong>su estado de salud es descrito por los m\u00e9dicos como \u00abnormal\u00bb<\/strong>, indic\u00f3 el secretario permanente de Salud P\u00fablica, Jessada Chokdamrongsuk, seg\u00fan el diario\u00a0<em>Bangkok Post<\/em>.<\/p>\n<\/div>\n<\/div>\n<div class=\"row\">\n<div class=\"col-xs-12 col-print-12\">\n<p class=\"element element-paragraph\">Los rescatados el \u00faltimo d\u00eda\u00a0<strong>siguen recibiendo antibi\u00f3ticos<\/strong>\u00a0pero su estado de salud no ha desarrollado\u00a0<strong>ninguna complicaci\u00f3n<\/strong>, a\u00f1adi\u00f3 Jessada.<\/p>\n<\/div>\n<\/div>\n<div class=\"row\">\n<div class=\"col-xs-12 col-print-12\">\n<p class=\"element element-paragraph\">Los m\u00e9dicos avisaron a las familias de los chicos, de entre 11 y 16 a\u00f1os, que deber\u00e1n evitar que tengan contacto con periodistas durante al menos un mes despu\u00e9s de abandonar el hospital.<\/p>\n<\/div>\n<p>&nbsp;<\/p>\n<\/div>\n<\/div>\n<p>&nbsp;<\/p>\n","protected":false},"excerpt":{"rendered":"<p>El equipo de futbolistas que fue rescatado del interior de una cueva en el norte de Tailandia, en la que permanecieron atrapados m\u00e1s de dos semanas, recibi\u00f3 el alta este&hellip;<\/p>\n","protected":false},"author":3,"featured_media":13980,"comment_status":"closed","ping_status":"open","sticky":false,"template":"","format":"standard","meta":{"_acf_changed":false,"footnotes":""},"categories":[11,7],"tags":[],"class_list":["post-13975","post","type-post","status-publish","format-standard","has-post-thumbnail","hentry","category-que-pasa","category-mundo"],"acf":[],"yoast_head":"<!-- This site is optimized with the Yoast SEO plugin v27.5 - https:\/\/yoast.com\/product\/yoast-seo-wordpress\/ -->\n<title>Los ni\u00f1os rescatados de una cueva en Tailandia recibieron el alta - Diario Textual<\/title>\n<meta name=\"robots\" content=\"index, follow, max-snippet:-1, max-image-preview:large, max-video-preview:-1\" \/>\n<link rel=\"canonical\" href=\"https:\/\/diariotextual.com\/inicio\/index.php\/2018\/07\/18\/los-ninos-rescatados-una-cueva-tailandia-recibieron-alta\/\" \/>\n<meta property=\"og:locale\" content=\"es_ES\" \/>\n<meta property=\"og:type\" content=\"article\" \/>\n<meta property=\"og:title\" content=\"Los ni\u00f1os rescatados de una cueva en Tailandia recibieron el alta - Diario Textual\" \/>\n<meta property=\"og:description\" content=\"El equipo de futbolistas que fue rescatado del interior de una cueva en el norte de Tailandia, en la que permanecieron atrapados m\u00e1s de dos semanas, recibi\u00f3 el alta este&hellip;\" \/>\n<meta property=\"og:url\" content=\"https:\/\/diariotextual.com\/inicio\/index.php\/2018\/07\/18\/los-ninos-rescatados-una-cueva-tailandia-recibieron-alta\/\" \/>\n<meta property=\"og:site_name\" content=\"Diario Textual\" \/>\n<meta property=\"article:publisher\" content=\"https:\/\/www.facebook.com\/eltextual\" \/>\n<meta property=\"article:published_time\" content=\"2018-07-18T12:38:55+00:00\" \/>\n<meta property=\"article:modified_time\" content=\"2018-07-18T14:13:56+00:00\" \/>\n<meta property=\"og:image\" content=\"https:\/\/diariotextual.com\/inicio\/wp-content\/uploads\/2018\/07\/tailandesesnenescuevarescatados8.jpg\" \/>\n\t<meta property=\"og:image:width\" content=\"1000\" \/>\n\t<meta property=\"og:image:height\" content=\"666\" \/>\n\t<meta property=\"og:image:type\" content=\"image\/jpeg\" \/>\n<meta name=\"author\" content=\"Diario1 Diario1\" \/>\n<meta name=\"twitter:card\" content=\"summary_large_image\" \/>\n<meta name=\"twitter:creator\" content=\"@eltextual\" \/>\n<meta name=\"twitter:site\" content=\"@eltextual\" \/>\n<meta name=\"twitter:label1\" content=\"Escrito por\" \/>\n\t<meta name=\"twitter:data1\" content=\"Diario1 Diario1\" \/>\n\t<meta name=\"twitter:label2\" content=\"Tiempo de lectura\" \/>\n\t<meta name=\"twitter:data2\" content=\"2 minutos\" \/>\n<script type=\"application\/ld+json\" class=\"yoast-schema-graph\">{\"@context\":\"https:\\\/\\\/schema.org\",\"@graph\":[{\"@type\":\"Article\",\"@id\":\"https:\\\/\\\/diariotextual.com\\\/inicio\\\/index.php\\\/2018\\\/07\\\/18\\\/los-ninos-rescatados-una-cueva-tailandia-recibieron-alta\\\/#article\",\"isPartOf\":{\"@id\":\"https:\\\/\\\/diariotextual.com\\\/inicio\\\/index.php\\\/2018\\\/07\\\/18\\\/los-ninos-rescatados-una-cueva-tailandia-recibieron-alta\\\/\"},\"author\":{\"name\":\"Diario1 Diario1\",\"@id\":\"https:\\\/\\\/diariotextual.com\\\/inicio\\\/#\\\/schema\\\/person\\\/418fc4093c33e86ed41562db3508f958\"},\"headline\":\"Los ni\u00f1os rescatados de una cueva en Tailandia recibieron el alta\",\"datePublished\":\"2018-07-18T12:38:55+00:00\",\"dateModified\":\"2018-07-18T14:13:56+00:00\",\"mainEntityOfPage\":{\"@id\":\"https:\\\/\\\/diariotextual.com\\\/inicio\\\/index.php\\\/2018\\\/07\\\/18\\\/los-ninos-rescatados-una-cueva-tailandia-recibieron-alta\\\/\"},\"wordCount\":369,\"publisher\":{\"@id\":\"https:\\\/\\\/diariotextual.com\\\/inicio\\\/#organization\"},\"image\":{\"@id\":\"https:\\\/\\\/diariotextual.com\\\/inicio\\\/index.php\\\/2018\\\/07\\\/18\\\/los-ninos-rescatados-una-cueva-tailandia-recibieron-alta\\\/#primaryimage\"},\"thumbnailUrl\":\"https:\\\/\\\/diariotextual.com\\\/inicio\\\/wp-content\\\/uploads\\\/2018\\\/07\\\/tailandesesnenescuevarescatados8.jpg\",\"articleSection\":[\"A - QUE PASA (al costado)\",\"MUNDO\"],\"inLanguage\":\"es\"},{\"@type\":\"WebPage\",\"@id\":\"https:\\\/\\\/diariotextual.com\\\/inicio\\\/index.php\\\/2018\\\/07\\\/18\\\/los-ninos-rescatados-una-cueva-tailandia-recibieron-alta\\\/\",\"url\":\"https:\\\/\\\/diariotextual.com\\\/inicio\\\/index.php\\\/2018\\\/07\\\/18\\\/los-ninos-rescatados-una-cueva-tailandia-recibieron-alta\\\/\",\"name\":\"Los ni\u00f1os rescatados de una cueva en Tailandia recibieron el alta - Diario Textual\",\"isPartOf\":{\"@id\":\"https:\\\/\\\/diariotextual.com\\\/inicio\\\/#website\"},\"primaryImageOfPage\":{\"@id\":\"https:\\\/\\\/diariotextual.com\\\/inicio\\\/index.php\\\/2018\\\/07\\\/18\\\/los-ninos-rescatados-una-cueva-tailandia-recibieron-alta\\\/#primaryimage\"},\"image\":{\"@id\":\"https:\\\/\\\/diariotextual.com\\\/inicio\\\/index.php\\\/2018\\\/07\\\/18\\\/los-ninos-rescatados-una-cueva-tailandia-recibieron-alta\\\/#primaryimage\"},\"thumbnailUrl\":\"https:\\\/\\\/diariotextual.com\\\/inicio\\\/wp-content\\\/uploads\\\/2018\\\/07\\\/tailandesesnenescuevarescatados8.jpg\",\"datePublished\":\"2018-07-18T12:38:55+00:00\",\"dateModified\":\"2018-07-18T14:13:56+00:00\",\"breadcrumb\":{\"@id\":\"https:\\\/\\\/diariotextual.com\\\/inicio\\\/index.php\\\/2018\\\/07\\\/18\\\/los-ninos-rescatados-una-cueva-tailandia-recibieron-alta\\\/#breadcrumb\"},\"inLanguage\":\"es\",\"potentialAction\":[{\"@type\":\"ReadAction\",\"target\":[\"https:\\\/\\\/diariotextual.com\\\/inicio\\\/index.php\\\/2018\\\/07\\\/18\\\/los-ninos-rescatados-una-cueva-tailandia-recibieron-alta\\\/\"]}]},{\"@type\":\"ImageObject\",\"inLanguage\":\"es\",\"@id\":\"https:\\\/\\\/diariotextual.com\\\/inicio\\\/index.php\\\/2018\\\/07\\\/18\\\/los-ninos-rescatados-una-cueva-tailandia-recibieron-alta\\\/#primaryimage\",\"url\":\"https:\\\/\\\/diariotextual.com\\\/inicio\\\/wp-content\\\/uploads\\\/2018\\\/07\\\/tailandesesnenescuevarescatados8.jpg\",\"contentUrl\":\"https:\\\/\\\/diariotextual.com\\\/inicio\\\/wp-content\\\/uploads\\\/2018\\\/07\\\/tailandesesnenescuevarescatados8.jpg\",\"width\":1000,\"height\":666},{\"@type\":\"BreadcrumbList\",\"@id\":\"https:\\\/\\\/diariotextual.com\\\/inicio\\\/index.php\\\/2018\\\/07\\\/18\\\/los-ninos-rescatados-una-cueva-tailandia-recibieron-alta\\\/#breadcrumb\",\"itemListElement\":[{\"@type\":\"ListItem\",\"position\":1,\"name\":\"Portada\",\"item\":\"https:\\\/\\\/diariotextual.com\\\/inicio\\\/\"},{\"@type\":\"ListItem\",\"position\":2,\"name\":\"Los ni\u00f1os rescatados de una cueva en Tailandia recibieron el alta\"}]},{\"@type\":\"WebSite\",\"@id\":\"https:\\\/\\\/diariotextual.com\\\/inicio\\\/#website\",\"url\":\"https:\\\/\\\/diariotextual.com\\\/inicio\\\/\",\"name\":\"Diario Textual\",\"description\":\"\",\"publisher\":{\"@id\":\"https:\\\/\\\/diariotextual.com\\\/inicio\\\/#organization\"},\"potentialAction\":[{\"@type\":\"SearchAction\",\"target\":{\"@type\":\"EntryPoint\",\"urlTemplate\":\"https:\\\/\\\/diariotextual.com\\\/inicio\\\/?s={search_term_string}\"},\"query-input\":{\"@type\":\"PropertyValueSpecification\",\"valueRequired\":true,\"valueName\":\"search_term_string\"}}],\"inLanguage\":\"es\"},{\"@type\":\"Organization\",\"@id\":\"https:\\\/\\\/diariotextual.com\\\/inicio\\\/#organization\",\"name\":\"Diario Textual\",\"url\":\"https:\\\/\\\/diariotextual.com\\\/inicio\\\/\",\"logo\":{\"@type\":\"ImageObject\",\"inLanguage\":\"es\",\"@id\":\"https:\\\/\\\/diariotextual.com\\\/inicio\\\/#\\\/schema\\\/logo\\\/image\\\/\",\"url\":\"https:\\\/\\\/diariotextual.com\\\/inicio\\\/wp-content\\\/uploads\\\/2023\\\/05\\\/logotextual1.jpg\",\"contentUrl\":\"https:\\\/\\\/diariotextual.com\\\/inicio\\\/wp-content\\\/uploads\\\/2023\\\/05\\\/logotextual1.jpg\",\"width\":516,\"height\":76,\"caption\":\"Diario Textual\"},\"image\":{\"@id\":\"https:\\\/\\\/diariotextual.com\\\/inicio\\\/#\\\/schema\\\/logo\\\/image\\\/\"},\"sameAs\":[\"https:\\\/\\\/www.facebook.com\\\/eltextual\",\"https:\\\/\\\/x.com\\\/eltextual\",\"http:\\\/\\\/www.instagram.com\\\/eltextual\"]},{\"@type\":\"Person\",\"@id\":\"https:\\\/\\\/diariotextual.com\\\/inicio\\\/#\\\/schema\\\/person\\\/418fc4093c33e86ed41562db3508f958\",\"name\":\"Diario1 Diario1\",\"image\":{\"@type\":\"ImageObject\",\"inLanguage\":\"es\",\"@id\":\"https:\\\/\\\/secure.gravatar.com\\\/avatar\\\/9167d280179c85bc18be67aa7eda765854300033af4896dd779b608640f2ef7a?s=96&d=mm&r=g\",\"url\":\"https:\\\/\\\/secure.gravatar.com\\\/avatar\\\/9167d280179c85bc18be67aa7eda765854300033af4896dd779b608640f2ef7a?s=96&d=mm&r=g\",\"contentUrl\":\"https:\\\/\\\/secure.gravatar.com\\\/avatar\\\/9167d280179c85bc18be67aa7eda765854300033af4896dd779b608640f2ef7a?s=96&d=mm&r=g\",\"caption\":\"Diario1 Diario1\"},\"url\":\"https:\\\/\\\/diariotextual.com\\\/inicio\\\/index.php\\\/author\\\/diario1\\\/\"}]}<\/script>\n<!-- \/ Yoast SEO plugin. -->","yoast_head_json":{"title":"Los ni\u00f1os rescatados de una cueva en Tailandia recibieron el alta - Diario Textual","robots":{"index":"index","follow":"follow","max-snippet":"max-snippet:-1","max-image-preview":"max-image-preview:large","max-video-preview":"max-video-preview:-1"},"canonical":"https:\/\/diariotextual.com\/inicio\/index.php\/2018\/07\/18\/los-ninos-rescatados-una-cueva-tailandia-recibieron-alta\/","og_locale":"es_ES","og_type":"article","og_title":"Los ni\u00f1os rescatados de una cueva en Tailandia recibieron el alta - Diario Textual","og_description":"El equipo de futbolistas que fue rescatado del interior de una cueva en el norte de Tailandia, en la que permanecieron atrapados m\u00e1s de dos semanas, recibi\u00f3 el alta este&hellip;","og_url":"https:\/\/diariotextual.com\/inicio\/index.php\/2018\/07\/18\/los-ninos-rescatados-una-cueva-tailandia-recibieron-alta\/","og_site_name":"Diario Textual","article_publisher":"https:\/\/www.facebook.com\/eltextual","article_published_time":"2018-07-18T12:38:55+00:00","article_modified_time":"2018-07-18T14:13:56+00:00","og_image":[{"width":1000,"height":666,"url":"https:\/\/diariotextual.com\/inicio\/wp-content\/uploads\/2018\/07\/tailandesesnenescuevarescatados8.jpg","type":"image\/jpeg"}],"author":"Diario1 Diario1","twitter_card":"summary_large_image","twitter_creator":"@eltextual","twitter_site":"@eltextual","twitter_misc":{"Escrito por":"Diario1 Diario1","Tiempo de lectura":"2 minutos"},"schema":{"@context":"https:\/\/schema.org","@graph":[{"@type":"Article","@id":"https:\/\/diariotextual.com\/inicio\/index.php\/2018\/07\/18\/los-ninos-rescatados-una-cueva-tailandia-recibieron-alta\/#article","isPartOf":{"@id":"https:\/\/diariotextual.com\/inicio\/index.php\/2018\/07\/18\/los-ninos-rescatados-una-cueva-tailandia-recibieron-alta\/"},"author":{"name":"Diario1 Diario1","@id":"https:\/\/diariotextual.com\/inicio\/#\/schema\/person\/418fc4093c33e86ed41562db3508f958"},"headline":"Los ni\u00f1os rescatados de una cueva en Tailandia recibieron el alta","datePublished":"2018-07-18T12:38:55+00:00","dateModified":"2018-07-18T14:13:56+00:00","mainEntityOfPage":{"@id":"https:\/\/diariotextual.com\/inicio\/index.php\/2018\/07\/18\/los-ninos-rescatados-una-cueva-tailandia-recibieron-alta\/"},"wordCount":369,"publisher":{"@id":"https:\/\/diariotextual.com\/inicio\/#organization"},"image":{"@id":"https:\/\/diariotextual.com\/inicio\/index.php\/2018\/07\/18\/los-ninos-rescatados-una-cueva-tailandia-recibieron-alta\/#primaryimage"},"thumbnailUrl":"https:\/\/diariotextual.com\/inicio\/wp-content\/uploads\/2018\/07\/tailandesesnenescuevarescatados8.jpg","articleSection":["A - QUE PASA (al costado)","MUNDO"],"inLanguage":"es"},{"@type":"WebPage","@id":"https:\/\/diariotextual.com\/inicio\/index.php\/2018\/07\/18\/los-ninos-rescatados-una-cueva-tailandia-recibieron-alta\/","url":"https:\/\/diariotextual.com\/inicio\/index.php\/2018\/07\/18\/los-ninos-rescatados-una-cueva-tailandia-recibieron-alta\/","name":"Los ni\u00f1os rescatados de una cueva en Tailandia recibieron el alta - Diario Textual","isPartOf":{"@id":"https:\/\/diariotextual.com\/inicio\/#website"},"primaryImageOfPage":{"@id":"https:\/\/diariotextual.com\/inicio\/index.php\/2018\/07\/18\/los-ninos-rescatados-una-cueva-tailandia-recibieron-alta\/#primaryimage"},"image":{"@id":"https:\/\/diariotextual.com\/inicio\/index.php\/2018\/07\/18\/los-ninos-rescatados-una-cueva-tailandia-recibieron-alta\/#primaryimage"},"thumbnailUrl":"https:\/\/diariotextual.com\/inicio\/wp-content\/uploads\/2018\/07\/tailandesesnenescuevarescatados8.jpg","datePublished":"2018-07-18T12:38:55+00:00","dateModified":"2018-07-18T14:13:56+00:00","breadcrumb":{"@id":"https:\/\/diariotextual.com\/inicio\/index.php\/2018\/07\/18\/los-ninos-rescatados-una-cueva-tailandia-recibieron-alta\/#breadcrumb"},"inLanguage":"es","potentialAction":[{"@type":"ReadAction","target":["https:\/\/diariotextual.com\/inicio\/index.php\/2018\/07\/18\/los-ninos-rescatados-una-cueva-tailandia-recibieron-alta\/"]}]},{"@type":"ImageObject","inLanguage":"es","@id":"https:\/\/diariotextual.com\/inicio\/index.php\/2018\/07\/18\/los-ninos-rescatados-una-cueva-tailandia-recibieron-alta\/#primaryimage","url":"https:\/\/diariotextual.com\/inicio\/wp-content\/uploads\/2018\/07\/tailandesesnenescuevarescatados8.jpg","contentUrl":"https:\/\/diariotextual.com\/inicio\/wp-content\/uploads\/2018\/07\/tailandesesnenescuevarescatados8.jpg","width":1000,"height":666},{"@type":"BreadcrumbList","@id":"https:\/\/diariotextual.com\/inicio\/index.php\/2018\/07\/18\/los-ninos-rescatados-una-cueva-tailandia-recibieron-alta\/#breadcrumb","itemListElement":[{"@type":"ListItem","position":1,"name":"Portada","item":"https:\/\/diariotextual.com\/inicio\/"},{"@type":"ListItem","position":2,"name":"Los ni\u00f1os rescatados de una cueva en Tailandia recibieron el alta"}]},{"@type":"WebSite","@id":"https:\/\/diariotextual.com\/inicio\/#website","url":"https:\/\/diariotextual.com\/inicio\/","name":"Diario Textual","description":"","publisher":{"@id":"https:\/\/diariotextual.com\/inicio\/#organization"},"potentialAction":[{"@type":"SearchAction","target":{"@type":"EntryPoint","urlTemplate":"https:\/\/diariotextual.com\/inicio\/?s={search_term_string}"},"query-input":{"@type":"PropertyValueSpecification","valueRequired":true,"valueName":"search_term_string"}}],"inLanguage":"es"},{"@type":"Organization","@id":"https:\/\/diariotextual.com\/inicio\/#organization","name":"Diario Textual","url":"https:\/\/diariotextual.com\/inicio\/","logo":{"@type":"ImageObject","inLanguage":"es","@id":"https:\/\/diariotextual.com\/inicio\/#\/schema\/logo\/image\/","url":"https:\/\/diariotextual.com\/inicio\/wp-content\/uploads\/2023\/05\/logotextual1.jpg","contentUrl":"https:\/\/diariotextual.com\/inicio\/wp-content\/uploads\/2023\/05\/logotextual1.jpg","width":516,"height":76,"caption":"Diario Textual"},"image":{"@id":"https:\/\/diariotextual.com\/inicio\/#\/schema\/logo\/image\/"},"sameAs":["https:\/\/www.facebook.com\/eltextual","https:\/\/x.com\/eltextual","http:\/\/www.instagram.com\/eltextual"]},{"@type":"Person","@id":"https:\/\/diariotextual.com\/inicio\/#\/schema\/person\/418fc4093c33e86ed41562db3508f958","name":"Diario1 Diario1","image":{"@type":"ImageObject","inLanguage":"es","@id":"https:\/\/secure.gravatar.com\/avatar\/9167d280179c85bc18be67aa7eda765854300033af4896dd779b608640f2ef7a?s=96&d=mm&r=g","url":"https:\/\/secure.gravatar.com\/avatar\/9167d280179c85bc18be67aa7eda765854300033af4896dd779b608640f2ef7a?s=96&d=mm&r=g","contentUrl":"https:\/\/secure.gravatar.com\/avatar\/9167d280179c85bc18be67aa7eda765854300033af4896dd779b608640f2ef7a?s=96&d=mm&r=g","caption":"Diario1 Diario1"},"url":"https:\/\/diariotextual.com\/inicio\/index.php\/author\/diario1\/"}]}},"_links":{"self":[{"href":"https:\/\/diariotextual.com\/inicio\/index.php\/wp-json\/wp\/v2\/posts\/13975","targetHints":{"allow":["GET"]}}],"collection":[{"href":"https:\/\/diariotextual.com\/inicio\/index.php\/wp-json\/wp\/v2\/posts"}],"about":[{"href":"https:\/\/diariotextual.com\/inicio\/index.php\/wp-json\/wp\/v2\/types\/post"}],"author":[{"embeddable":true,"href":"https:\/\/diariotextual.com\/inicio\/index.php\/wp-json\/wp\/v2\/users\/3"}],"replies":[{"embeddable":true,"href":"https:\/\/diariotextual.com\/inicio\/index.php\/wp-json\/wp\/v2\/comments?post=13975"}],"version-history":[{"count":3,"href":"https:\/\/diariotextual.com\/inicio\/index.php\/wp-json\/wp\/v2\/posts\/13975\/revisions"}],"predecessor-version":[{"id":13978,"href":"https:\/\/diariotextual.com\/inicio\/index.php\/wp-json\/wp\/v2\/posts\/13975\/revisions\/13978"}],"wp:featuredmedia":[{"embeddable":true,"href":"https:\/\/diariotextual.com\/inicio\/index.php\/wp-json\/wp\/v2\/media\/13980"}],"wp:attachment":[{"href":"https:\/\/diariotextual.com\/inicio\/index.php\/wp-json\/wp\/v2\/media?parent=13975"}],"wp:term":[{"taxonomy":"category","embeddable":true,"href":"https:\/\/diariotextual.com\/inicio\/index.php\/wp-json\/wp\/v2\/categories?post=13975"},{"taxonomy":"post_tag","embeddable":true,"href":"https:\/\/diariotextual.com\/inicio\/index.php\/wp-json\/wp\/v2\/tags?post=13975"}],"curies":[{"name":"wp","href":"https:\/\/api.w.org\/{rel}","templated":true}]}}