{"id":139800,"date":"2021-03-31T23:54:52","date_gmt":"2021-04-01T02:54:52","guid":{"rendered":"http:\/\/diariotextual.com\/inicio\/?p=139800"},"modified":"2021-04-01T13:11:31","modified_gmt":"2021-04-01T16:11:31","slug":"un-camion-recolector-de-residuos-atropello-y-mato-a-un-motociclista-en-santa-rosa","status":"publish","type":"post","link":"https:\/\/diariotextual.com\/inicio\/index.php\/2021\/03\/31\/un-camion-recolector-de-residuos-atropello-y-mato-a-un-motociclista-en-santa-rosa\/","title":{"rendered":"Un cami\u00f3n recolector de residuos atropell\u00f3 y mat\u00f3 a un motociclista en Santa Rosa"},"content":{"rendered":"\n<p>Un cami\u00f3n recolector de residuos de Santa Rosa atropell\u00f3 y mat\u00f3 en la noche de este mi\u00e9rcoles a un joven de 20 a\u00f1os que se trasladaba en una moto. La v\u00edctima fue identificada como Franco Corrionero.<\/p>\n\n\n\n<p>El siniestro ocurri\u00f3 pasadas las 22.30 horas en la esquina de Ameghino y Chile. Ambos veh\u00edculos se dirig\u00edan por la Ameghino, en direcci\u00f3n norte.<\/p>\n\n\n\n<figure class=\"wp-block-image size-large\"><img fetchpriority=\"high\" decoding=\"async\" width=\"1024\" height=\"576\" src=\"http:\/\/diariotextual.com\/inicio\/wp-content\/uploads\/2021\/04\/20210401_003628-1024x576.jpg\" alt=\"\" class=\"wp-image-139820\" srcset=\"https:\/\/diariotextual.com\/inicio\/wp-content\/uploads\/2021\/04\/20210401_003628-1024x576.jpg 1024w, https:\/\/diariotextual.com\/inicio\/wp-content\/uploads\/2021\/04\/20210401_003628-300x169.jpg 300w, https:\/\/diariotextual.com\/inicio\/wp-content\/uploads\/2021\/04\/20210401_003628-768x432.jpg 768w, https:\/\/diariotextual.com\/inicio\/wp-content\/uploads\/2021\/04\/20210401_003628-1536x864.jpg 1536w, https:\/\/diariotextual.com\/inicio\/wp-content\/uploads\/2021\/04\/20210401_003628-2048x1152.jpg 2048w, https:\/\/diariotextual.com\/inicio\/wp-content\/uploads\/2021\/04\/20210401_003628-1170x658.jpg 1170w, https:\/\/diariotextual.com\/inicio\/wp-content\/uploads\/2021\/04\/20210401_003628-585x329.jpg 585w\" sizes=\"(max-width: 1024px) 100vw, 1024px\" \/><\/figure>\n\n\n\n<p><\/p>\n\n\n\n<p>Presuntamente, el conductor del cami\u00f3n del Ente Municipal de Higiene y Salubridad Urbana habr\u00eda hecho una mala maniobra en un sector donde hay cortes de calles: seg\u00fan dijeron investigadores, se trasladaba por la Ameghino en direcci\u00f3n norte y, al llegar a la Chile, intent\u00f3 girar en U y embisti\u00f3 a la moto. <\/p>\n\n\n\n<figure class=\"wp-block-embed is-type-wp-embed is-provider-diario-textual wp-block-embed-diario-textual\"><div class=\"wp-block-embed__wrapper\">\n<blockquote class=\"wp-embedded-content\" data-secret=\"BgHQNDF2u2\"><a href=\"http:\/\/diariotextual.com\/inicio\/index.php\/2021\/04\/01\/dieron-a-conocer-la-identidad-del-cadete-muerto-por-un-camion-del-emhsu\/\">Dieron a conocer la identidad del cadete muerto por un cami\u00f3n del Emhsu<\/a><\/blockquote><iframe class=\"wp-embedded-content\" sandbox=\"allow-scripts\" security=\"restricted\" style=\"position: absolute; clip: rect(1px, 1px, 1px, 1px);\" title=\"\u00abDieron a conocer la identidad del cadete muerto por un cami\u00f3n del Emhsu\u00bb \u2014 Diario Textual\" src=\"http:\/\/diariotextual.com\/inicio\/index.php\/2021\/04\/01\/dieron-a-conocer-la-identidad-del-cadete-muerto-por-un-camion-del-emhsu\/embed\/#?secret=BgHQNDF2u2\" data-secret=\"BgHQNDF2u2\" width=\"600\" height=\"338\" frameborder=\"0\" marginwidth=\"0\" marginheight=\"0\" scrolling=\"no\"><\/iframe>\n<\/div><\/figure>\n\n\n\n<p>El joven fue arrollado y muri\u00f3 inmediatamente. El chofer del cami\u00f3n, en tanto, fue detenido.<\/p>\n\n\n\n<p><\/p>\n\n\n\n<figure class=\"wp-block-image size-large\"><img decoding=\"async\" width=\"1024\" height=\"576\" src=\"http:\/\/diariotextual.com\/inicio\/wp-content\/uploads\/2021\/04\/20210401_002509-1024x576.jpg\" alt=\"\" class=\"wp-image-139813\" srcset=\"https:\/\/diariotextual.com\/inicio\/wp-content\/uploads\/2021\/04\/20210401_002509-1024x576.jpg 1024w, https:\/\/diariotextual.com\/inicio\/wp-content\/uploads\/2021\/04\/20210401_002509-300x169.jpg 300w, https:\/\/diariotextual.com\/inicio\/wp-content\/uploads\/2021\/04\/20210401_002509-768x432.jpg 768w, https:\/\/diariotextual.com\/inicio\/wp-content\/uploads\/2021\/04\/20210401_002509-1536x864.jpg 1536w, https:\/\/diariotextual.com\/inicio\/wp-content\/uploads\/2021\/04\/20210401_002509-2048x1152.jpg 2048w, https:\/\/diariotextual.com\/inicio\/wp-content\/uploads\/2021\/04\/20210401_002509-1170x658.jpg 1170w, https:\/\/diariotextual.com\/inicio\/wp-content\/uploads\/2021\/04\/20210401_002509-585x329.jpg 585w\" sizes=\"(max-width: 1024px) 100vw, 1024px\" \/><\/figure>\n\n\n\n<p><\/p>\n","protected":false},"excerpt":{"rendered":"<p>Un cami\u00f3n recolector de residuos de Santa Rosa atropell\u00f3 y mat\u00f3 en la noche de este mi\u00e9rcoles a un joven de 20 a\u00f1os que se trasladaba en una moto. La&hellip;<\/p>\n","protected":false},"author":3,"featured_media":139812,"comment_status":"closed","ping_status":"open","sticky":false,"template":"","format":"standard","meta":{"_acf_changed":false,"footnotes":""},"categories":[12],"tags":[],"class_list":["post-139800","post","type-post","status-publish","format-standard","has-post-thumbnail","hentry","category-sociedad"],"acf":[],"yoast_head":"<!-- This site is optimized with the Yoast SEO plugin v27.5 - https:\/\/yoast.com\/product\/yoast-seo-wordpress\/ -->\n<title>Un cami\u00f3n recolector de residuos atropell\u00f3 y mat\u00f3 a un motociclista en Santa Rosa - Diario Textual<\/title>\n<meta name=\"robots\" content=\"index, follow, max-snippet:-1, max-image-preview:large, max-video-preview:-1\" \/>\n<link rel=\"canonical\" href=\"https:\/\/diariotextual.com\/inicio\/index.php\/2021\/03\/31\/un-camion-recolector-de-residuos-atropello-y-mato-a-un-motociclista-en-santa-rosa\/\" \/>\n<meta property=\"og:locale\" content=\"es_ES\" \/>\n<meta property=\"og:type\" content=\"article\" \/>\n<meta property=\"og:title\" content=\"Un cami\u00f3n recolector de residuos atropell\u00f3 y mat\u00f3 a un motociclista en Santa Rosa - Diario Textual\" \/>\n<meta property=\"og:description\" content=\"Un cami\u00f3n recolector de residuos de Santa Rosa atropell\u00f3 y mat\u00f3 en la noche de este mi\u00e9rcoles a un joven de 20 a\u00f1os que se trasladaba en una moto. La&hellip;\" \/>\n<meta property=\"og:url\" content=\"https:\/\/diariotextual.com\/inicio\/index.php\/2021\/03\/31\/un-camion-recolector-de-residuos-atropello-y-mato-a-un-motociclista-en-santa-rosa\/\" \/>\n<meta property=\"og:site_name\" content=\"Diario Textual\" \/>\n<meta property=\"article:publisher\" content=\"https:\/\/www.facebook.com\/eltextual\" \/>\n<meta property=\"article:published_time\" content=\"2021-04-01T02:54:52+00:00\" \/>\n<meta property=\"article:modified_time\" content=\"2021-04-01T16:11:31+00:00\" \/>\n<meta property=\"og:image\" content=\"https:\/\/diariotextual.com\/inicio\/wp-content\/uploads\/2021\/03\/20210401_002522-scaled.jpg\" \/>\n\t<meta property=\"og:image:width\" content=\"2560\" \/>\n\t<meta property=\"og:image:height\" content=\"1440\" \/>\n\t<meta property=\"og:image:type\" content=\"image\/jpeg\" \/>\n<meta name=\"author\" content=\"Diario1 Diario1\" \/>\n<meta name=\"twitter:card\" content=\"summary_large_image\" \/>\n<meta name=\"twitter:creator\" content=\"@eltextual\" \/>\n<meta name=\"twitter:site\" content=\"@eltextual\" \/>\n<meta name=\"twitter:label1\" content=\"Escrito por\" \/>\n\t<meta name=\"twitter:data1\" content=\"Diario1 Diario1\" \/>\n\t<meta name=\"twitter:label2\" content=\"Tiempo de lectura\" \/>\n\t<meta name=\"twitter:data2\" content=\"1 minuto\" \/>\n<script type=\"application\/ld+json\" class=\"yoast-schema-graph\">{\"@context\":\"https:\\\/\\\/schema.org\",\"@graph\":[{\"@type\":\"Article\",\"@id\":\"https:\\\/\\\/diariotextual.com\\\/inicio\\\/index.php\\\/2021\\\/03\\\/31\\\/un-camion-recolector-de-residuos-atropello-y-mato-a-un-motociclista-en-santa-rosa\\\/#article\",\"isPartOf\":{\"@id\":\"https:\\\/\\\/diariotextual.com\\\/inicio\\\/index.php\\\/2021\\\/03\\\/31\\\/un-camion-recolector-de-residuos-atropello-y-mato-a-un-motociclista-en-santa-rosa\\\/\"},\"author\":{\"name\":\"Diario1 Diario1\",\"@id\":\"https:\\\/\\\/diariotextual.com\\\/inicio\\\/#\\\/schema\\\/person\\\/418fc4093c33e86ed41562db3508f958\"},\"headline\":\"Un cami\u00f3n recolector de residuos atropell\u00f3 y mat\u00f3 a un motociclista en Santa Rosa\",\"datePublished\":\"2021-04-01T02:54:52+00:00\",\"dateModified\":\"2021-04-01T16:11:31+00:00\",\"mainEntityOfPage\":{\"@id\":\"https:\\\/\\\/diariotextual.com\\\/inicio\\\/index.php\\\/2021\\\/03\\\/31\\\/un-camion-recolector-de-residuos-atropello-y-mato-a-un-motociclista-en-santa-rosa\\\/\"},\"wordCount\":159,\"publisher\":{\"@id\":\"https:\\\/\\\/diariotextual.com\\\/inicio\\\/#organization\"},\"image\":{\"@id\":\"https:\\\/\\\/diariotextual.com\\\/inicio\\\/index.php\\\/2021\\\/03\\\/31\\\/un-camion-recolector-de-residuos-atropello-y-mato-a-un-motociclista-en-santa-rosa\\\/#primaryimage\"},\"thumbnailUrl\":\"https:\\\/\\\/diariotextual.com\\\/inicio\\\/wp-content\\\/uploads\\\/2021\\\/03\\\/20210401_002522-scaled.jpg\",\"articleSection\":[\"SOCIEDAD\"],\"inLanguage\":\"es\"},{\"@type\":\"WebPage\",\"@id\":\"https:\\\/\\\/diariotextual.com\\\/inicio\\\/index.php\\\/2021\\\/03\\\/31\\\/un-camion-recolector-de-residuos-atropello-y-mato-a-un-motociclista-en-santa-rosa\\\/\",\"url\":\"https:\\\/\\\/diariotextual.com\\\/inicio\\\/index.php\\\/2021\\\/03\\\/31\\\/un-camion-recolector-de-residuos-atropello-y-mato-a-un-motociclista-en-santa-rosa\\\/\",\"name\":\"Un cami\u00f3n recolector de residuos atropell\u00f3 y mat\u00f3 a un motociclista en Santa Rosa - Diario Textual\",\"isPartOf\":{\"@id\":\"https:\\\/\\\/diariotextual.com\\\/inicio\\\/#website\"},\"primaryImageOfPage\":{\"@id\":\"https:\\\/\\\/diariotextual.com\\\/inicio\\\/index.php\\\/2021\\\/03\\\/31\\\/un-camion-recolector-de-residuos-atropello-y-mato-a-un-motociclista-en-santa-rosa\\\/#primaryimage\"},\"image\":{\"@id\":\"https:\\\/\\\/diariotextual.com\\\/inicio\\\/index.php\\\/2021\\\/03\\\/31\\\/un-camion-recolector-de-residuos-atropello-y-mato-a-un-motociclista-en-santa-rosa\\\/#primaryimage\"},\"thumbnailUrl\":\"https:\\\/\\\/diariotextual.com\\\/inicio\\\/wp-content\\\/uploads\\\/2021\\\/03\\\/20210401_002522-scaled.jpg\",\"datePublished\":\"2021-04-01T02:54:52+00:00\",\"dateModified\":\"2021-04-01T16:11:31+00:00\",\"breadcrumb\":{\"@id\":\"https:\\\/\\\/diariotextual.com\\\/inicio\\\/index.php\\\/2021\\\/03\\\/31\\\/un-camion-recolector-de-residuos-atropello-y-mato-a-un-motociclista-en-santa-rosa\\\/#breadcrumb\"},\"inLanguage\":\"es\",\"potentialAction\":[{\"@type\":\"ReadAction\",\"target\":[\"https:\\\/\\\/diariotextual.com\\\/inicio\\\/index.php\\\/2021\\\/03\\\/31\\\/un-camion-recolector-de-residuos-atropello-y-mato-a-un-motociclista-en-santa-rosa\\\/\"]}]},{\"@type\":\"ImageObject\",\"inLanguage\":\"es\",\"@id\":\"https:\\\/\\\/diariotextual.com\\\/inicio\\\/index.php\\\/2021\\\/03\\\/31\\\/un-camion-recolector-de-residuos-atropello-y-mato-a-un-motociclista-en-santa-rosa\\\/#primaryimage\",\"url\":\"https:\\\/\\\/diariotextual.com\\\/inicio\\\/wp-content\\\/uploads\\\/2021\\\/03\\\/20210401_002522-scaled.jpg\",\"contentUrl\":\"https:\\\/\\\/diariotextual.com\\\/inicio\\\/wp-content\\\/uploads\\\/2021\\\/03\\\/20210401_002522-scaled.jpg\",\"width\":2560,\"height\":1440},{\"@type\":\"BreadcrumbList\",\"@id\":\"https:\\\/\\\/diariotextual.com\\\/inicio\\\/index.php\\\/2021\\\/03\\\/31\\\/un-camion-recolector-de-residuos-atropello-y-mato-a-un-motociclista-en-santa-rosa\\\/#breadcrumb\",\"itemListElement\":[{\"@type\":\"ListItem\",\"position\":1,\"name\":\"Portada\",\"item\":\"https:\\\/\\\/diariotextual.com\\\/inicio\\\/\"},{\"@type\":\"ListItem\",\"position\":2,\"name\":\"Un cami\u00f3n recolector de residuos atropell\u00f3 y mat\u00f3 a un motociclista en Santa Rosa\"}]},{\"@type\":\"WebSite\",\"@id\":\"https:\\\/\\\/diariotextual.com\\\/inicio\\\/#website\",\"url\":\"https:\\\/\\\/diariotextual.com\\\/inicio\\\/\",\"name\":\"Diario Textual\",\"description\":\"\",\"publisher\":{\"@id\":\"https:\\\/\\\/diariotextual.com\\\/inicio\\\/#organization\"},\"potentialAction\":[{\"@type\":\"SearchAction\",\"target\":{\"@type\":\"EntryPoint\",\"urlTemplate\":\"https:\\\/\\\/diariotextual.com\\\/inicio\\\/?s={search_term_string}\"},\"query-input\":{\"@type\":\"PropertyValueSpecification\",\"valueRequired\":true,\"valueName\":\"search_term_string\"}}],\"inLanguage\":\"es\"},{\"@type\":\"Organization\",\"@id\":\"https:\\\/\\\/diariotextual.com\\\/inicio\\\/#organization\",\"name\":\"Diario Textual\",\"url\":\"https:\\\/\\\/diariotextual.com\\\/inicio\\\/\",\"logo\":{\"@type\":\"ImageObject\",\"inLanguage\":\"es\",\"@id\":\"https:\\\/\\\/diariotextual.com\\\/inicio\\\/#\\\/schema\\\/logo\\\/image\\\/\",\"url\":\"https:\\\/\\\/diariotextual.com\\\/inicio\\\/wp-content\\\/uploads\\\/2023\\\/05\\\/logotextual1.jpg\",\"contentUrl\":\"https:\\\/\\\/diariotextual.com\\\/inicio\\\/wp-content\\\/uploads\\\/2023\\\/05\\\/logotextual1.jpg\",\"width\":516,\"height\":76,\"caption\":\"Diario Textual\"},\"image\":{\"@id\":\"https:\\\/\\\/diariotextual.com\\\/inicio\\\/#\\\/schema\\\/logo\\\/image\\\/\"},\"sameAs\":[\"https:\\\/\\\/www.facebook.com\\\/eltextual\",\"https:\\\/\\\/x.com\\\/eltextual\",\"http:\\\/\\\/www.instagram.com\\\/eltextual\"]},{\"@type\":\"Person\",\"@id\":\"https:\\\/\\\/diariotextual.com\\\/inicio\\\/#\\\/schema\\\/person\\\/418fc4093c33e86ed41562db3508f958\",\"name\":\"Diario1 Diario1\",\"image\":{\"@type\":\"ImageObject\",\"inLanguage\":\"es\",\"@id\":\"https:\\\/\\\/secure.gravatar.com\\\/avatar\\\/9167d280179c85bc18be67aa7eda765854300033af4896dd779b608640f2ef7a?s=96&d=mm&r=g\",\"url\":\"https:\\\/\\\/secure.gravatar.com\\\/avatar\\\/9167d280179c85bc18be67aa7eda765854300033af4896dd779b608640f2ef7a?s=96&d=mm&r=g\",\"contentUrl\":\"https:\\\/\\\/secure.gravatar.com\\\/avatar\\\/9167d280179c85bc18be67aa7eda765854300033af4896dd779b608640f2ef7a?s=96&d=mm&r=g\",\"caption\":\"Diario1 Diario1\"},\"url\":\"https:\\\/\\\/diariotextual.com\\\/inicio\\\/index.php\\\/author\\\/diario1\\\/\"}]}<\/script>\n<!-- \/ Yoast SEO plugin. -->","yoast_head_json":{"title":"Un cami\u00f3n recolector de residuos atropell\u00f3 y mat\u00f3 a un motociclista en Santa Rosa - Diario Textual","robots":{"index":"index","follow":"follow","max-snippet":"max-snippet:-1","max-image-preview":"max-image-preview:large","max-video-preview":"max-video-preview:-1"},"canonical":"https:\/\/diariotextual.com\/inicio\/index.php\/2021\/03\/31\/un-camion-recolector-de-residuos-atropello-y-mato-a-un-motociclista-en-santa-rosa\/","og_locale":"es_ES","og_type":"article","og_title":"Un cami\u00f3n recolector de residuos atropell\u00f3 y mat\u00f3 a un motociclista en Santa Rosa - Diario Textual","og_description":"Un cami\u00f3n recolector de residuos de Santa Rosa atropell\u00f3 y mat\u00f3 en la noche de este mi\u00e9rcoles a un joven de 20 a\u00f1os que se trasladaba en una moto. La&hellip;","og_url":"https:\/\/diariotextual.com\/inicio\/index.php\/2021\/03\/31\/un-camion-recolector-de-residuos-atropello-y-mato-a-un-motociclista-en-santa-rosa\/","og_site_name":"Diario Textual","article_publisher":"https:\/\/www.facebook.com\/eltextual","article_published_time":"2021-04-01T02:54:52+00:00","article_modified_time":"2021-04-01T16:11:31+00:00","og_image":[{"width":2560,"height":1440,"url":"https:\/\/diariotextual.com\/inicio\/wp-content\/uploads\/2021\/03\/20210401_002522-scaled.jpg","type":"image\/jpeg"}],"author":"Diario1 Diario1","twitter_card":"summary_large_image","twitter_creator":"@eltextual","twitter_site":"@eltextual","twitter_misc":{"Escrito por":"Diario1 Diario1","Tiempo de lectura":"1 minuto"},"schema":{"@context":"https:\/\/schema.org","@graph":[{"@type":"Article","@id":"https:\/\/diariotextual.com\/inicio\/index.php\/2021\/03\/31\/un-camion-recolector-de-residuos-atropello-y-mato-a-un-motociclista-en-santa-rosa\/#article","isPartOf":{"@id":"https:\/\/diariotextual.com\/inicio\/index.php\/2021\/03\/31\/un-camion-recolector-de-residuos-atropello-y-mato-a-un-motociclista-en-santa-rosa\/"},"author":{"name":"Diario1 Diario1","@id":"https:\/\/diariotextual.com\/inicio\/#\/schema\/person\/418fc4093c33e86ed41562db3508f958"},"headline":"Un cami\u00f3n recolector de residuos atropell\u00f3 y mat\u00f3 a un motociclista en Santa Rosa","datePublished":"2021-04-01T02:54:52+00:00","dateModified":"2021-04-01T16:11:31+00:00","mainEntityOfPage":{"@id":"https:\/\/diariotextual.com\/inicio\/index.php\/2021\/03\/31\/un-camion-recolector-de-residuos-atropello-y-mato-a-un-motociclista-en-santa-rosa\/"},"wordCount":159,"publisher":{"@id":"https:\/\/diariotextual.com\/inicio\/#organization"},"image":{"@id":"https:\/\/diariotextual.com\/inicio\/index.php\/2021\/03\/31\/un-camion-recolector-de-residuos-atropello-y-mato-a-un-motociclista-en-santa-rosa\/#primaryimage"},"thumbnailUrl":"https:\/\/diariotextual.com\/inicio\/wp-content\/uploads\/2021\/03\/20210401_002522-scaled.jpg","articleSection":["SOCIEDAD"],"inLanguage":"es"},{"@type":"WebPage","@id":"https:\/\/diariotextual.com\/inicio\/index.php\/2021\/03\/31\/un-camion-recolector-de-residuos-atropello-y-mato-a-un-motociclista-en-santa-rosa\/","url":"https:\/\/diariotextual.com\/inicio\/index.php\/2021\/03\/31\/un-camion-recolector-de-residuos-atropello-y-mato-a-un-motociclista-en-santa-rosa\/","name":"Un cami\u00f3n recolector de residuos atropell\u00f3 y mat\u00f3 a un motociclista en Santa Rosa - Diario Textual","isPartOf":{"@id":"https:\/\/diariotextual.com\/inicio\/#website"},"primaryImageOfPage":{"@id":"https:\/\/diariotextual.com\/inicio\/index.php\/2021\/03\/31\/un-camion-recolector-de-residuos-atropello-y-mato-a-un-motociclista-en-santa-rosa\/#primaryimage"},"image":{"@id":"https:\/\/diariotextual.com\/inicio\/index.php\/2021\/03\/31\/un-camion-recolector-de-residuos-atropello-y-mato-a-un-motociclista-en-santa-rosa\/#primaryimage"},"thumbnailUrl":"https:\/\/diariotextual.com\/inicio\/wp-content\/uploads\/2021\/03\/20210401_002522-scaled.jpg","datePublished":"2021-04-01T02:54:52+00:00","dateModified":"2021-04-01T16:11:31+00:00","breadcrumb":{"@id":"https:\/\/diariotextual.com\/inicio\/index.php\/2021\/03\/31\/un-camion-recolector-de-residuos-atropello-y-mato-a-un-motociclista-en-santa-rosa\/#breadcrumb"},"inLanguage":"es","potentialAction":[{"@type":"ReadAction","target":["https:\/\/diariotextual.com\/inicio\/index.php\/2021\/03\/31\/un-camion-recolector-de-residuos-atropello-y-mato-a-un-motociclista-en-santa-rosa\/"]}]},{"@type":"ImageObject","inLanguage":"es","@id":"https:\/\/diariotextual.com\/inicio\/index.php\/2021\/03\/31\/un-camion-recolector-de-residuos-atropello-y-mato-a-un-motociclista-en-santa-rosa\/#primaryimage","url":"https:\/\/diariotextual.com\/inicio\/wp-content\/uploads\/2021\/03\/20210401_002522-scaled.jpg","contentUrl":"https:\/\/diariotextual.com\/inicio\/wp-content\/uploads\/2021\/03\/20210401_002522-scaled.jpg","width":2560,"height":1440},{"@type":"BreadcrumbList","@id":"https:\/\/diariotextual.com\/inicio\/index.php\/2021\/03\/31\/un-camion-recolector-de-residuos-atropello-y-mato-a-un-motociclista-en-santa-rosa\/#breadcrumb","itemListElement":[{"@type":"ListItem","position":1,"name":"Portada","item":"https:\/\/diariotextual.com\/inicio\/"},{"@type":"ListItem","position":2,"name":"Un cami\u00f3n recolector de residuos atropell\u00f3 y mat\u00f3 a un motociclista en Santa Rosa"}]},{"@type":"WebSite","@id":"https:\/\/diariotextual.com\/inicio\/#website","url":"https:\/\/diariotextual.com\/inicio\/","name":"Diario Textual","description":"","publisher":{"@id":"https:\/\/diariotextual.com\/inicio\/#organization"},"potentialAction":[{"@type":"SearchAction","target":{"@type":"EntryPoint","urlTemplate":"https:\/\/diariotextual.com\/inicio\/?s={search_term_string}"},"query-input":{"@type":"PropertyValueSpecification","valueRequired":true,"valueName":"search_term_string"}}],"inLanguage":"es"},{"@type":"Organization","@id":"https:\/\/diariotextual.com\/inicio\/#organization","name":"Diario Textual","url":"https:\/\/diariotextual.com\/inicio\/","logo":{"@type":"ImageObject","inLanguage":"es","@id":"https:\/\/diariotextual.com\/inicio\/#\/schema\/logo\/image\/","url":"https:\/\/diariotextual.com\/inicio\/wp-content\/uploads\/2023\/05\/logotextual1.jpg","contentUrl":"https:\/\/diariotextual.com\/inicio\/wp-content\/uploads\/2023\/05\/logotextual1.jpg","width":516,"height":76,"caption":"Diario Textual"},"image":{"@id":"https:\/\/diariotextual.com\/inicio\/#\/schema\/logo\/image\/"},"sameAs":["https:\/\/www.facebook.com\/eltextual","https:\/\/x.com\/eltextual","http:\/\/www.instagram.com\/eltextual"]},{"@type":"Person","@id":"https:\/\/diariotextual.com\/inicio\/#\/schema\/person\/418fc4093c33e86ed41562db3508f958","name":"Diario1 Diario1","image":{"@type":"ImageObject","inLanguage":"es","@id":"https:\/\/secure.gravatar.com\/avatar\/9167d280179c85bc18be67aa7eda765854300033af4896dd779b608640f2ef7a?s=96&d=mm&r=g","url":"https:\/\/secure.gravatar.com\/avatar\/9167d280179c85bc18be67aa7eda765854300033af4896dd779b608640f2ef7a?s=96&d=mm&r=g","contentUrl":"https:\/\/secure.gravatar.com\/avatar\/9167d280179c85bc18be67aa7eda765854300033af4896dd779b608640f2ef7a?s=96&d=mm&r=g","caption":"Diario1 Diario1"},"url":"https:\/\/diariotextual.com\/inicio\/index.php\/author\/diario1\/"}]}},"_links":{"self":[{"href":"https:\/\/diariotextual.com\/inicio\/index.php\/wp-json\/wp\/v2\/posts\/139800","targetHints":{"allow":["GET"]}}],"collection":[{"href":"https:\/\/diariotextual.com\/inicio\/index.php\/wp-json\/wp\/v2\/posts"}],"about":[{"href":"https:\/\/diariotextual.com\/inicio\/index.php\/wp-json\/wp\/v2\/types\/post"}],"author":[{"embeddable":true,"href":"https:\/\/diariotextual.com\/inicio\/index.php\/wp-json\/wp\/v2\/users\/3"}],"replies":[{"embeddable":true,"href":"https:\/\/diariotextual.com\/inicio\/index.php\/wp-json\/wp\/v2\/comments?post=139800"}],"version-history":[{"count":18,"href":"https:\/\/diariotextual.com\/inicio\/index.php\/wp-json\/wp\/v2\/posts\/139800\/revisions"}],"predecessor-version":[{"id":139883,"href":"https:\/\/diariotextual.com\/inicio\/index.php\/wp-json\/wp\/v2\/posts\/139800\/revisions\/139883"}],"wp:featuredmedia":[{"embeddable":true,"href":"https:\/\/diariotextual.com\/inicio\/index.php\/wp-json\/wp\/v2\/media\/139812"}],"wp:attachment":[{"href":"https:\/\/diariotextual.com\/inicio\/index.php\/wp-json\/wp\/v2\/media?parent=139800"}],"wp:term":[{"taxonomy":"category","embeddable":true,"href":"https:\/\/diariotextual.com\/inicio\/index.php\/wp-json\/wp\/v2\/categories?post=139800"},{"taxonomy":"post_tag","embeddable":true,"href":"https:\/\/diariotextual.com\/inicio\/index.php\/wp-json\/wp\/v2\/tags?post=139800"}],"curies":[{"name":"wp","href":"https:\/\/api.w.org\/{rel}","templated":true}]}}