{"id":139841,"date":"2021-04-01T09:46:02","date_gmt":"2021-04-01T12:46:02","guid":{"rendered":"http:\/\/diariotextual.com\/inicio\/?p=139841"},"modified":"2021-04-01T13:10:12","modified_gmt":"2021-04-01T16:10:12","slug":"dieron-a-conocer-la-identidad-del-cadete-muerto-por-un-camion-del-emhsu","status":"publish","type":"post","link":"https:\/\/diariotextual.com\/inicio\/index.php\/2021\/04\/01\/dieron-a-conocer-la-identidad-del-cadete-muerto-por-un-camion-del-emhsu\/","title":{"rendered":"Dieron a conocer la identidad del joven muerto por un cami\u00f3n del Emhsu"},"content":{"rendered":"\n<p>La Justicia identific\u00f3 como Franco Corrionero al joven que, a bordo de una moto, en la noche del mi\u00e9rcoles<strong><a href=\"http:\/\/diariotextual.com\/inicio\/index.php\/2021\/03\/31\/un-camion-recolector-de-residuos-atropello-y-mato-a-un-motociclista-en-santa-rosa\/\" target=\"_blank\" rel=\"noreferrer noopener\"> fue chocado por un cami\u00f3n recolector de residuos en Santa Rosa y muri\u00f3<\/a><\/strong>.<\/p>\n\n\n\n<p>Ten\u00eda 20 a\u00f1os y viv\u00eda en el barrio Villa Santill\u00e1n, donde ocurri\u00f3 el siniestro.<\/p>\n\n\n\n<p>El choque ocurri\u00f3 pasadas las 22.30 horas en la esquina de Ameghino y Chile. Ambos veh\u00edculos se dirig\u00edan por la Ameghino, en direcci\u00f3n norte.<\/p>\n\n\n\n<p>Presuntamente, el conductor del cami\u00f3n del Ente Municipal de Higiene y Salubridad Urbana (Emhsu) habr\u00eda hecho una mala maniobra en un sector donde hay cortes de calles: seg\u00fan dijeron investigadores, se trasladaba por la Ameghino en direcci\u00f3n norte y, al llegar a la Chile, intent\u00f3 girar en U y embisti\u00f3 a la moto. <\/p>\n\n\n\n<p>El joven fue arrollado y muri\u00f3 inmediatamente. El chofer del cami\u00f3n, en tanto, fue detenido.<\/p>\n\n\n\n<figure class=\"wp-block-embed is-type-wp-embed is-provider-diario-textual wp-block-embed-diario-textual\"><div class=\"wp-block-embed__wrapper\">\n<blockquote class=\"wp-embedded-content\" data-secret=\"eHHBdgRRSG\"><a href=\"http:\/\/diariotextual.com\/inicio\/index.php\/2021\/03\/31\/un-camion-recolector-de-residuos-atropello-y-mato-a-un-motociclista-en-santa-rosa\/\">Un cami\u00f3n recolector de residuos atropell\u00f3 y mat\u00f3 a un motociclista en Santa Rosa<\/a><\/blockquote><iframe class=\"wp-embedded-content\" sandbox=\"allow-scripts\" security=\"restricted\" style=\"position: absolute; clip: rect(1px, 1px, 1px, 1px);\" title=\"\u00abUn cami\u00f3n recolector de residuos atropell\u00f3 y mat\u00f3 a un motociclista en Santa Rosa\u00bb \u2014 Diario Textual\" src=\"http:\/\/diariotextual.com\/inicio\/index.php\/2021\/03\/31\/un-camion-recolector-de-residuos-atropello-y-mato-a-un-motociclista-en-santa-rosa\/embed\/#?secret=eHHBdgRRSG\" data-secret=\"eHHBdgRRSG\" width=\"600\" height=\"338\" frameborder=\"0\" marginwidth=\"0\" marginheight=\"0\" scrolling=\"no\"><\/iframe>\n<\/div><\/figure>\n","protected":false},"excerpt":{"rendered":"<p>La Justicia identific\u00f3 como Franco Corrionero al joven que, a bordo de una moto, en la noche del mi\u00e9rcoles fue chocado por un cami\u00f3n recolector de residuos en Santa Rosa&hellip;<\/p>\n","protected":false},"author":3,"featured_media":139851,"comment_status":"closed","ping_status":"open","sticky":false,"template":"","format":"standard","meta":{"_acf_changed":false,"footnotes":""},"categories":[12],"tags":[3063],"class_list":["post-139841","post","type-post","status-publish","format-standard","has-post-thumbnail","hentry","category-sociedad","tag-cadete"],"acf":[],"yoast_head":"<!-- This site is optimized with the Yoast SEO plugin v27.5 - https:\/\/yoast.com\/product\/yoast-seo-wordpress\/ -->\n<title>Dieron a conocer la identidad del joven muerto por un cami\u00f3n del Emhsu - Diario Textual<\/title>\n<meta name=\"robots\" content=\"index, follow, max-snippet:-1, max-image-preview:large, max-video-preview:-1\" \/>\n<link rel=\"canonical\" href=\"https:\/\/diariotextual.com\/inicio\/index.php\/2021\/04\/01\/dieron-a-conocer-la-identidad-del-cadete-muerto-por-un-camion-del-emhsu\/\" \/>\n<meta property=\"og:locale\" content=\"es_ES\" \/>\n<meta property=\"og:type\" content=\"article\" \/>\n<meta property=\"og:title\" content=\"Dieron a conocer la identidad del joven muerto por un cami\u00f3n del Emhsu - Diario Textual\" \/>\n<meta property=\"og:description\" content=\"La Justicia identific\u00f3 como Franco Corrionero al joven que, a bordo de una moto, en la noche del mi\u00e9rcoles fue chocado por un cami\u00f3n recolector de residuos en Santa Rosa&hellip;\" \/>\n<meta property=\"og:url\" content=\"https:\/\/diariotextual.com\/inicio\/index.php\/2021\/04\/01\/dieron-a-conocer-la-identidad-del-cadete-muerto-por-un-camion-del-emhsu\/\" \/>\n<meta property=\"og:site_name\" content=\"Diario Textual\" \/>\n<meta property=\"article:publisher\" content=\"https:\/\/www.facebook.com\/eltextual\" \/>\n<meta property=\"article:published_time\" content=\"2021-04-01T12:46:02+00:00\" \/>\n<meta property=\"article:modified_time\" content=\"2021-04-01T16:10:12+00:00\" \/>\n<meta property=\"og:image\" content=\"https:\/\/diariotextual.com\/inicio\/wp-content\/uploads\/2021\/04\/corrionerofrancocadetechoquecamion2021-1.jpg\" \/>\n\t<meta property=\"og:image:width\" content=\"942\" \/>\n\t<meta property=\"og:image:height\" content=\"568\" \/>\n\t<meta property=\"og:image:type\" content=\"image\/jpeg\" \/>\n<meta name=\"author\" content=\"Diario1 Diario1\" \/>\n<meta name=\"twitter:card\" content=\"summary_large_image\" \/>\n<meta name=\"twitter:creator\" content=\"@eltextual\" \/>\n<meta name=\"twitter:site\" content=\"@eltextual\" \/>\n<meta name=\"twitter:label1\" content=\"Escrito por\" \/>\n\t<meta name=\"twitter:data1\" content=\"Diario1 Diario1\" \/>\n\t<meta name=\"twitter:label2\" content=\"Tiempo de lectura\" \/>\n\t<meta name=\"twitter:data2\" content=\"1 minuto\" \/>\n<script type=\"application\/ld+json\" class=\"yoast-schema-graph\">{\"@context\":\"https:\\\/\\\/schema.org\",\"@graph\":[{\"@type\":\"Article\",\"@id\":\"https:\\\/\\\/diariotextual.com\\\/inicio\\\/index.php\\\/2021\\\/04\\\/01\\\/dieron-a-conocer-la-identidad-del-cadete-muerto-por-un-camion-del-emhsu\\\/#article\",\"isPartOf\":{\"@id\":\"https:\\\/\\\/diariotextual.com\\\/inicio\\\/index.php\\\/2021\\\/04\\\/01\\\/dieron-a-conocer-la-identidad-del-cadete-muerto-por-un-camion-del-emhsu\\\/\"},\"author\":{\"name\":\"Diario1 Diario1\",\"@id\":\"https:\\\/\\\/diariotextual.com\\\/inicio\\\/#\\\/schema\\\/person\\\/418fc4093c33e86ed41562db3508f958\"},\"headline\":\"Dieron a conocer la identidad del joven muerto por un cami\u00f3n del Emhsu\",\"datePublished\":\"2021-04-01T12:46:02+00:00\",\"dateModified\":\"2021-04-01T16:10:12+00:00\",\"mainEntityOfPage\":{\"@id\":\"https:\\\/\\\/diariotextual.com\\\/inicio\\\/index.php\\\/2021\\\/04\\\/01\\\/dieron-a-conocer-la-identidad-del-cadete-muerto-por-un-camion-del-emhsu\\\/\"},\"wordCount\":171,\"publisher\":{\"@id\":\"https:\\\/\\\/diariotextual.com\\\/inicio\\\/#organization\"},\"image\":{\"@id\":\"https:\\\/\\\/diariotextual.com\\\/inicio\\\/index.php\\\/2021\\\/04\\\/01\\\/dieron-a-conocer-la-identidad-del-cadete-muerto-por-un-camion-del-emhsu\\\/#primaryimage\"},\"thumbnailUrl\":\"https:\\\/\\\/diariotextual.com\\\/inicio\\\/wp-content\\\/uploads\\\/2021\\\/04\\\/corrionerofrancocadetechoquecamion2021-1.jpg\",\"keywords\":[\"cadete\"],\"articleSection\":[\"SOCIEDAD\"],\"inLanguage\":\"es\"},{\"@type\":\"WebPage\",\"@id\":\"https:\\\/\\\/diariotextual.com\\\/inicio\\\/index.php\\\/2021\\\/04\\\/01\\\/dieron-a-conocer-la-identidad-del-cadete-muerto-por-un-camion-del-emhsu\\\/\",\"url\":\"https:\\\/\\\/diariotextual.com\\\/inicio\\\/index.php\\\/2021\\\/04\\\/01\\\/dieron-a-conocer-la-identidad-del-cadete-muerto-por-un-camion-del-emhsu\\\/\",\"name\":\"Dieron a conocer la identidad del joven muerto por un cami\u00f3n del Emhsu - Diario Textual\",\"isPartOf\":{\"@id\":\"https:\\\/\\\/diariotextual.com\\\/inicio\\\/#website\"},\"primaryImageOfPage\":{\"@id\":\"https:\\\/\\\/diariotextual.com\\\/inicio\\\/index.php\\\/2021\\\/04\\\/01\\\/dieron-a-conocer-la-identidad-del-cadete-muerto-por-un-camion-del-emhsu\\\/#primaryimage\"},\"image\":{\"@id\":\"https:\\\/\\\/diariotextual.com\\\/inicio\\\/index.php\\\/2021\\\/04\\\/01\\\/dieron-a-conocer-la-identidad-del-cadete-muerto-por-un-camion-del-emhsu\\\/#primaryimage\"},\"thumbnailUrl\":\"https:\\\/\\\/diariotextual.com\\\/inicio\\\/wp-content\\\/uploads\\\/2021\\\/04\\\/corrionerofrancocadetechoquecamion2021-1.jpg\",\"datePublished\":\"2021-04-01T12:46:02+00:00\",\"dateModified\":\"2021-04-01T16:10:12+00:00\",\"breadcrumb\":{\"@id\":\"https:\\\/\\\/diariotextual.com\\\/inicio\\\/index.php\\\/2021\\\/04\\\/01\\\/dieron-a-conocer-la-identidad-del-cadete-muerto-por-un-camion-del-emhsu\\\/#breadcrumb\"},\"inLanguage\":\"es\",\"potentialAction\":[{\"@type\":\"ReadAction\",\"target\":[\"https:\\\/\\\/diariotextual.com\\\/inicio\\\/index.php\\\/2021\\\/04\\\/01\\\/dieron-a-conocer-la-identidad-del-cadete-muerto-por-un-camion-del-emhsu\\\/\"]}]},{\"@type\":\"ImageObject\",\"inLanguage\":\"es\",\"@id\":\"https:\\\/\\\/diariotextual.com\\\/inicio\\\/index.php\\\/2021\\\/04\\\/01\\\/dieron-a-conocer-la-identidad-del-cadete-muerto-por-un-camion-del-emhsu\\\/#primaryimage\",\"url\":\"https:\\\/\\\/diariotextual.com\\\/inicio\\\/wp-content\\\/uploads\\\/2021\\\/04\\\/corrionerofrancocadetechoquecamion2021-1.jpg\",\"contentUrl\":\"https:\\\/\\\/diariotextual.com\\\/inicio\\\/wp-content\\\/uploads\\\/2021\\\/04\\\/corrionerofrancocadetechoquecamion2021-1.jpg\",\"width\":942,\"height\":568},{\"@type\":\"BreadcrumbList\",\"@id\":\"https:\\\/\\\/diariotextual.com\\\/inicio\\\/index.php\\\/2021\\\/04\\\/01\\\/dieron-a-conocer-la-identidad-del-cadete-muerto-por-un-camion-del-emhsu\\\/#breadcrumb\",\"itemListElement\":[{\"@type\":\"ListItem\",\"position\":1,\"name\":\"Portada\",\"item\":\"https:\\\/\\\/diariotextual.com\\\/inicio\\\/\"},{\"@type\":\"ListItem\",\"position\":2,\"name\":\"Dieron a conocer la identidad del joven muerto por un cami\u00f3n del Emhsu\"}]},{\"@type\":\"WebSite\",\"@id\":\"https:\\\/\\\/diariotextual.com\\\/inicio\\\/#website\",\"url\":\"https:\\\/\\\/diariotextual.com\\\/inicio\\\/\",\"name\":\"Diario Textual\",\"description\":\"\",\"publisher\":{\"@id\":\"https:\\\/\\\/diariotextual.com\\\/inicio\\\/#organization\"},\"potentialAction\":[{\"@type\":\"SearchAction\",\"target\":{\"@type\":\"EntryPoint\",\"urlTemplate\":\"https:\\\/\\\/diariotextual.com\\\/inicio\\\/?s={search_term_string}\"},\"query-input\":{\"@type\":\"PropertyValueSpecification\",\"valueRequired\":true,\"valueName\":\"search_term_string\"}}],\"inLanguage\":\"es\"},{\"@type\":\"Organization\",\"@id\":\"https:\\\/\\\/diariotextual.com\\\/inicio\\\/#organization\",\"name\":\"Diario Textual\",\"url\":\"https:\\\/\\\/diariotextual.com\\\/inicio\\\/\",\"logo\":{\"@type\":\"ImageObject\",\"inLanguage\":\"es\",\"@id\":\"https:\\\/\\\/diariotextual.com\\\/inicio\\\/#\\\/schema\\\/logo\\\/image\\\/\",\"url\":\"https:\\\/\\\/diariotextual.com\\\/inicio\\\/wp-content\\\/uploads\\\/2023\\\/05\\\/logotextual1.jpg\",\"contentUrl\":\"https:\\\/\\\/diariotextual.com\\\/inicio\\\/wp-content\\\/uploads\\\/2023\\\/05\\\/logotextual1.jpg\",\"width\":516,\"height\":76,\"caption\":\"Diario Textual\"},\"image\":{\"@id\":\"https:\\\/\\\/diariotextual.com\\\/inicio\\\/#\\\/schema\\\/logo\\\/image\\\/\"},\"sameAs\":[\"https:\\\/\\\/www.facebook.com\\\/eltextual\",\"https:\\\/\\\/x.com\\\/eltextual\",\"http:\\\/\\\/www.instagram.com\\\/eltextual\"]},{\"@type\":\"Person\",\"@id\":\"https:\\\/\\\/diariotextual.com\\\/inicio\\\/#\\\/schema\\\/person\\\/418fc4093c33e86ed41562db3508f958\",\"name\":\"Diario1 Diario1\",\"image\":{\"@type\":\"ImageObject\",\"inLanguage\":\"es\",\"@id\":\"https:\\\/\\\/secure.gravatar.com\\\/avatar\\\/9167d280179c85bc18be67aa7eda765854300033af4896dd779b608640f2ef7a?s=96&d=mm&r=g\",\"url\":\"https:\\\/\\\/secure.gravatar.com\\\/avatar\\\/9167d280179c85bc18be67aa7eda765854300033af4896dd779b608640f2ef7a?s=96&d=mm&r=g\",\"contentUrl\":\"https:\\\/\\\/secure.gravatar.com\\\/avatar\\\/9167d280179c85bc18be67aa7eda765854300033af4896dd779b608640f2ef7a?s=96&d=mm&r=g\",\"caption\":\"Diario1 Diario1\"},\"url\":\"https:\\\/\\\/diariotextual.com\\\/inicio\\\/index.php\\\/author\\\/diario1\\\/\"}]}<\/script>\n<!-- \/ Yoast SEO plugin. -->","yoast_head_json":{"title":"Dieron a conocer la identidad del joven muerto por un cami\u00f3n del Emhsu - Diario Textual","robots":{"index":"index","follow":"follow","max-snippet":"max-snippet:-1","max-image-preview":"max-image-preview:large","max-video-preview":"max-video-preview:-1"},"canonical":"https:\/\/diariotextual.com\/inicio\/index.php\/2021\/04\/01\/dieron-a-conocer-la-identidad-del-cadete-muerto-por-un-camion-del-emhsu\/","og_locale":"es_ES","og_type":"article","og_title":"Dieron a conocer la identidad del joven muerto por un cami\u00f3n del Emhsu - Diario Textual","og_description":"La Justicia identific\u00f3 como Franco Corrionero al joven que, a bordo de una moto, en la noche del mi\u00e9rcoles fue chocado por un cami\u00f3n recolector de residuos en Santa Rosa&hellip;","og_url":"https:\/\/diariotextual.com\/inicio\/index.php\/2021\/04\/01\/dieron-a-conocer-la-identidad-del-cadete-muerto-por-un-camion-del-emhsu\/","og_site_name":"Diario Textual","article_publisher":"https:\/\/www.facebook.com\/eltextual","article_published_time":"2021-04-01T12:46:02+00:00","article_modified_time":"2021-04-01T16:10:12+00:00","og_image":[{"width":942,"height":568,"url":"https:\/\/diariotextual.com\/inicio\/wp-content\/uploads\/2021\/04\/corrionerofrancocadetechoquecamion2021-1.jpg","type":"image\/jpeg"}],"author":"Diario1 Diario1","twitter_card":"summary_large_image","twitter_creator":"@eltextual","twitter_site":"@eltextual","twitter_misc":{"Escrito por":"Diario1 Diario1","Tiempo de lectura":"1 minuto"},"schema":{"@context":"https:\/\/schema.org","@graph":[{"@type":"Article","@id":"https:\/\/diariotextual.com\/inicio\/index.php\/2021\/04\/01\/dieron-a-conocer-la-identidad-del-cadete-muerto-por-un-camion-del-emhsu\/#article","isPartOf":{"@id":"https:\/\/diariotextual.com\/inicio\/index.php\/2021\/04\/01\/dieron-a-conocer-la-identidad-del-cadete-muerto-por-un-camion-del-emhsu\/"},"author":{"name":"Diario1 Diario1","@id":"https:\/\/diariotextual.com\/inicio\/#\/schema\/person\/418fc4093c33e86ed41562db3508f958"},"headline":"Dieron a conocer la identidad del joven muerto por un cami\u00f3n del Emhsu","datePublished":"2021-04-01T12:46:02+00:00","dateModified":"2021-04-01T16:10:12+00:00","mainEntityOfPage":{"@id":"https:\/\/diariotextual.com\/inicio\/index.php\/2021\/04\/01\/dieron-a-conocer-la-identidad-del-cadete-muerto-por-un-camion-del-emhsu\/"},"wordCount":171,"publisher":{"@id":"https:\/\/diariotextual.com\/inicio\/#organization"},"image":{"@id":"https:\/\/diariotextual.com\/inicio\/index.php\/2021\/04\/01\/dieron-a-conocer-la-identidad-del-cadete-muerto-por-un-camion-del-emhsu\/#primaryimage"},"thumbnailUrl":"https:\/\/diariotextual.com\/inicio\/wp-content\/uploads\/2021\/04\/corrionerofrancocadetechoquecamion2021-1.jpg","keywords":["cadete"],"articleSection":["SOCIEDAD"],"inLanguage":"es"},{"@type":"WebPage","@id":"https:\/\/diariotextual.com\/inicio\/index.php\/2021\/04\/01\/dieron-a-conocer-la-identidad-del-cadete-muerto-por-un-camion-del-emhsu\/","url":"https:\/\/diariotextual.com\/inicio\/index.php\/2021\/04\/01\/dieron-a-conocer-la-identidad-del-cadete-muerto-por-un-camion-del-emhsu\/","name":"Dieron a conocer la identidad del joven muerto por un cami\u00f3n del Emhsu - Diario Textual","isPartOf":{"@id":"https:\/\/diariotextual.com\/inicio\/#website"},"primaryImageOfPage":{"@id":"https:\/\/diariotextual.com\/inicio\/index.php\/2021\/04\/01\/dieron-a-conocer-la-identidad-del-cadete-muerto-por-un-camion-del-emhsu\/#primaryimage"},"image":{"@id":"https:\/\/diariotextual.com\/inicio\/index.php\/2021\/04\/01\/dieron-a-conocer-la-identidad-del-cadete-muerto-por-un-camion-del-emhsu\/#primaryimage"},"thumbnailUrl":"https:\/\/diariotextual.com\/inicio\/wp-content\/uploads\/2021\/04\/corrionerofrancocadetechoquecamion2021-1.jpg","datePublished":"2021-04-01T12:46:02+00:00","dateModified":"2021-04-01T16:10:12+00:00","breadcrumb":{"@id":"https:\/\/diariotextual.com\/inicio\/index.php\/2021\/04\/01\/dieron-a-conocer-la-identidad-del-cadete-muerto-por-un-camion-del-emhsu\/#breadcrumb"},"inLanguage":"es","potentialAction":[{"@type":"ReadAction","target":["https:\/\/diariotextual.com\/inicio\/index.php\/2021\/04\/01\/dieron-a-conocer-la-identidad-del-cadete-muerto-por-un-camion-del-emhsu\/"]}]},{"@type":"ImageObject","inLanguage":"es","@id":"https:\/\/diariotextual.com\/inicio\/index.php\/2021\/04\/01\/dieron-a-conocer-la-identidad-del-cadete-muerto-por-un-camion-del-emhsu\/#primaryimage","url":"https:\/\/diariotextual.com\/inicio\/wp-content\/uploads\/2021\/04\/corrionerofrancocadetechoquecamion2021-1.jpg","contentUrl":"https:\/\/diariotextual.com\/inicio\/wp-content\/uploads\/2021\/04\/corrionerofrancocadetechoquecamion2021-1.jpg","width":942,"height":568},{"@type":"BreadcrumbList","@id":"https:\/\/diariotextual.com\/inicio\/index.php\/2021\/04\/01\/dieron-a-conocer-la-identidad-del-cadete-muerto-por-un-camion-del-emhsu\/#breadcrumb","itemListElement":[{"@type":"ListItem","position":1,"name":"Portada","item":"https:\/\/diariotextual.com\/inicio\/"},{"@type":"ListItem","position":2,"name":"Dieron a conocer la identidad del joven muerto por un cami\u00f3n del Emhsu"}]},{"@type":"WebSite","@id":"https:\/\/diariotextual.com\/inicio\/#website","url":"https:\/\/diariotextual.com\/inicio\/","name":"Diario Textual","description":"","publisher":{"@id":"https:\/\/diariotextual.com\/inicio\/#organization"},"potentialAction":[{"@type":"SearchAction","target":{"@type":"EntryPoint","urlTemplate":"https:\/\/diariotextual.com\/inicio\/?s={search_term_string}"},"query-input":{"@type":"PropertyValueSpecification","valueRequired":true,"valueName":"search_term_string"}}],"inLanguage":"es"},{"@type":"Organization","@id":"https:\/\/diariotextual.com\/inicio\/#organization","name":"Diario Textual","url":"https:\/\/diariotextual.com\/inicio\/","logo":{"@type":"ImageObject","inLanguage":"es","@id":"https:\/\/diariotextual.com\/inicio\/#\/schema\/logo\/image\/","url":"https:\/\/diariotextual.com\/inicio\/wp-content\/uploads\/2023\/05\/logotextual1.jpg","contentUrl":"https:\/\/diariotextual.com\/inicio\/wp-content\/uploads\/2023\/05\/logotextual1.jpg","width":516,"height":76,"caption":"Diario Textual"},"image":{"@id":"https:\/\/diariotextual.com\/inicio\/#\/schema\/logo\/image\/"},"sameAs":["https:\/\/www.facebook.com\/eltextual","https:\/\/x.com\/eltextual","http:\/\/www.instagram.com\/eltextual"]},{"@type":"Person","@id":"https:\/\/diariotextual.com\/inicio\/#\/schema\/person\/418fc4093c33e86ed41562db3508f958","name":"Diario1 Diario1","image":{"@type":"ImageObject","inLanguage":"es","@id":"https:\/\/secure.gravatar.com\/avatar\/9167d280179c85bc18be67aa7eda765854300033af4896dd779b608640f2ef7a?s=96&d=mm&r=g","url":"https:\/\/secure.gravatar.com\/avatar\/9167d280179c85bc18be67aa7eda765854300033af4896dd779b608640f2ef7a?s=96&d=mm&r=g","contentUrl":"https:\/\/secure.gravatar.com\/avatar\/9167d280179c85bc18be67aa7eda765854300033af4896dd779b608640f2ef7a?s=96&d=mm&r=g","caption":"Diario1 Diario1"},"url":"https:\/\/diariotextual.com\/inicio\/index.php\/author\/diario1\/"}]}},"_links":{"self":[{"href":"https:\/\/diariotextual.com\/inicio\/index.php\/wp-json\/wp\/v2\/posts\/139841","targetHints":{"allow":["GET"]}}],"collection":[{"href":"https:\/\/diariotextual.com\/inicio\/index.php\/wp-json\/wp\/v2\/posts"}],"about":[{"href":"https:\/\/diariotextual.com\/inicio\/index.php\/wp-json\/wp\/v2\/types\/post"}],"author":[{"embeddable":true,"href":"https:\/\/diariotextual.com\/inicio\/index.php\/wp-json\/wp\/v2\/users\/3"}],"replies":[{"embeddable":true,"href":"https:\/\/diariotextual.com\/inicio\/index.php\/wp-json\/wp\/v2\/comments?post=139841"}],"version-history":[{"count":6,"href":"https:\/\/diariotextual.com\/inicio\/index.php\/wp-json\/wp\/v2\/posts\/139841\/revisions"}],"predecessor-version":[{"id":139882,"href":"https:\/\/diariotextual.com\/inicio\/index.php\/wp-json\/wp\/v2\/posts\/139841\/revisions\/139882"}],"wp:featuredmedia":[{"embeddable":true,"href":"https:\/\/diariotextual.com\/inicio\/index.php\/wp-json\/wp\/v2\/media\/139851"}],"wp:attachment":[{"href":"https:\/\/diariotextual.com\/inicio\/index.php\/wp-json\/wp\/v2\/media?parent=139841"}],"wp:term":[{"taxonomy":"category","embeddable":true,"href":"https:\/\/diariotextual.com\/inicio\/index.php\/wp-json\/wp\/v2\/categories?post=139841"},{"taxonomy":"post_tag","embeddable":true,"href":"https:\/\/diariotextual.com\/inicio\/index.php\/wp-json\/wp\/v2\/tags?post=139841"}],"curies":[{"name":"wp","href":"https:\/\/api.w.org\/{rel}","templated":true}]}}