{"id":139943,"date":"2021-04-02T08:10:37","date_gmt":"2021-04-02T11:10:37","guid":{"rendered":"http:\/\/diariotextual.com\/inicio\/?p=139943"},"modified":"2021-04-02T20:45:18","modified_gmt":"2021-04-02T23:45:18","slug":"covid-ya-se-vacuno-al-30-de-la-poblacion-objetivo-de-113-mil-pampeanos","status":"publish","type":"post","link":"https:\/\/diariotextual.com\/inicio\/index.php\/2021\/04\/02\/covid-ya-se-vacuno-al-30-de-la-poblacion-objetivo-de-113-mil-pampeanos\/","title":{"rendered":"Covid: ya se vacun\u00f3 al 30% de la \u201cpoblaci\u00f3n objetivo\u201d de 113 mil pampeanos"},"content":{"rendered":"\n<p>Un total de <strong>36.018 personas<\/strong> recibieron -seg\u00fan datos al jueves 1- la primera dosis de la vacuna contra el coronavirus en La Pampa. Es decir,<strong> el 31,8% de la \u201cpoblaci\u00f3n objetivo\u201d establecida en 113.262<\/strong>.<\/p>\n\n\n\n<p><strong>Esa \u201cpoblaci\u00f3n objetivo\u201d es la que tiene prioridad de recibir la aplicaci\u00f3n. Se trata, entre otros, de trabajadores de Salud y de seguridad, docentes y otras personas de riesgo (por la edad y enfermedades como obesidad y tumores).<\/strong><\/p>\n\n\n\n<p>Adem\u00e1s, estimando una poblaci\u00f3n de 350 mil personas en toda La Pampa, <strong>la aplicaci\u00f3n ya alcanz\u00f3 al menos a un 10 por ciento de los pampeanos<\/strong>.<\/p>\n\n\n\n<p>La vacuna es gratuita y optativa. En La Pampa, la inscripci\u00f3n se realiza en el sitio web&nbsp;<strong><a rel=\"noreferrer noopener\" href=\"https:\/\/vacunate.lapampa.gob.ar\/\" target=\"_blank\">Vacunate<\/a><\/strong>.<\/p>\n\n\n\n<p>No se aplica la vacuna por fecha de inscripci\u00f3n: el criterio sigue siendo por factores de riesgo (edad y enfermedades).<\/p>\n\n\n\n<p><\/p>\n\n\n\n<p><\/p>\n","protected":false},"excerpt":{"rendered":"<p>Un total de 36.018 personas recibieron -seg\u00fan datos al jueves 1- la primera dosis de la vacuna contra el coronavirus en La Pampa. Es decir, el 31,8% de la \u201cpoblaci\u00f3n&hellip;<\/p>\n","protected":false},"author":3,"featured_media":134180,"comment_status":"closed","ping_status":"open","sticky":false,"template":"","format":"standard","meta":{"_acf_changed":false,"footnotes":""},"categories":[11,12],"tags":[],"class_list":["post-139943","post","type-post","status-publish","format-standard","has-post-thumbnail","hentry","category-que-pasa","category-sociedad"],"acf":[],"yoast_head":"<!-- This site is optimized with the Yoast SEO plugin v27.5 - https:\/\/yoast.com\/product\/yoast-seo-wordpress\/ -->\n<title>Covid: ya se vacun\u00f3 al 30% de la \u201cpoblaci\u00f3n objetivo\u201d de 113 mil pampeanos - Diario Textual<\/title>\n<meta name=\"robots\" content=\"index, follow, max-snippet:-1, max-image-preview:large, max-video-preview:-1\" \/>\n<link rel=\"canonical\" href=\"https:\/\/diariotextual.com\/inicio\/index.php\/2021\/04\/02\/covid-ya-se-vacuno-al-30-de-la-poblacion-objetivo-de-113-mil-pampeanos\/\" \/>\n<meta property=\"og:locale\" content=\"es_ES\" \/>\n<meta property=\"og:type\" content=\"article\" \/>\n<meta property=\"og:title\" content=\"Covid: ya se vacun\u00f3 al 30% de la \u201cpoblaci\u00f3n objetivo\u201d de 113 mil pampeanos - Diario Textual\" \/>\n<meta property=\"og:description\" content=\"Un total de 36.018 personas recibieron -seg\u00fan datos al jueves 1- la primera dosis de la vacuna contra el coronavirus en La Pampa. Es decir, el 31,8% de la \u201cpoblaci\u00f3n&hellip;\" \/>\n<meta property=\"og:url\" content=\"https:\/\/diariotextual.com\/inicio\/index.php\/2021\/04\/02\/covid-ya-se-vacuno-al-30-de-la-poblacion-objetivo-de-113-mil-pampeanos\/\" \/>\n<meta property=\"og:site_name\" content=\"Diario Textual\" \/>\n<meta property=\"article:publisher\" content=\"https:\/\/www.facebook.com\/eltextual\" \/>\n<meta property=\"article:published_time\" content=\"2021-04-02T11:10:37+00:00\" \/>\n<meta property=\"article:modified_time\" content=\"2021-04-02T23:45:18+00:00\" \/>\n<meta property=\"og:image\" content=\"https:\/\/diariotextual.com\/inicio\/wp-content\/uploads\/2021\/02\/vacunacioncovidlapamparesidencias34.jpg\" \/>\n\t<meta property=\"og:image:width\" content=\"900\" \/>\n\t<meta property=\"og:image:height\" content=\"507\" \/>\n\t<meta property=\"og:image:type\" content=\"image\/jpeg\" \/>\n<meta name=\"author\" content=\"Diario1 Diario1\" \/>\n<meta name=\"twitter:card\" content=\"summary_large_image\" \/>\n<meta name=\"twitter:creator\" content=\"@eltextual\" \/>\n<meta name=\"twitter:site\" content=\"@eltextual\" \/>\n<meta name=\"twitter:label1\" content=\"Escrito por\" \/>\n\t<meta name=\"twitter:data1\" content=\"Diario1 Diario1\" \/>\n\t<meta name=\"twitter:label2\" content=\"Tiempo de lectura\" \/>\n\t<meta name=\"twitter:data2\" content=\"1 minuto\" \/>\n<script type=\"application\/ld+json\" class=\"yoast-schema-graph\">{\"@context\":\"https:\\\/\\\/schema.org\",\"@graph\":[{\"@type\":\"Article\",\"@id\":\"https:\\\/\\\/diariotextual.com\\\/inicio\\\/index.php\\\/2021\\\/04\\\/02\\\/covid-ya-se-vacuno-al-30-de-la-poblacion-objetivo-de-113-mil-pampeanos\\\/#article\",\"isPartOf\":{\"@id\":\"https:\\\/\\\/diariotextual.com\\\/inicio\\\/index.php\\\/2021\\\/04\\\/02\\\/covid-ya-se-vacuno-al-30-de-la-poblacion-objetivo-de-113-mil-pampeanos\\\/\"},\"author\":{\"name\":\"Diario1 Diario1\",\"@id\":\"https:\\\/\\\/diariotextual.com\\\/inicio\\\/#\\\/schema\\\/person\\\/418fc4093c33e86ed41562db3508f958\"},\"headline\":\"Covid: ya se vacun\u00f3 al 30% de la \u201cpoblaci\u00f3n objetivo\u201d de 113 mil pampeanos\",\"datePublished\":\"2021-04-02T11:10:37+00:00\",\"dateModified\":\"2021-04-02T23:45:18+00:00\",\"mainEntityOfPage\":{\"@id\":\"https:\\\/\\\/diariotextual.com\\\/inicio\\\/index.php\\\/2021\\\/04\\\/02\\\/covid-ya-se-vacuno-al-30-de-la-poblacion-objetivo-de-113-mil-pampeanos\\\/\"},\"wordCount\":154,\"publisher\":{\"@id\":\"https:\\\/\\\/diariotextual.com\\\/inicio\\\/#organization\"},\"image\":{\"@id\":\"https:\\\/\\\/diariotextual.com\\\/inicio\\\/index.php\\\/2021\\\/04\\\/02\\\/covid-ya-se-vacuno-al-30-de-la-poblacion-objetivo-de-113-mil-pampeanos\\\/#primaryimage\"},\"thumbnailUrl\":\"https:\\\/\\\/diariotextual.com\\\/inicio\\\/wp-content\\\/uploads\\\/2021\\\/02\\\/vacunacioncovidlapamparesidencias34.jpg\",\"articleSection\":[\"A - QUE PASA (al costado)\",\"SOCIEDAD\"],\"inLanguage\":\"es\"},{\"@type\":\"WebPage\",\"@id\":\"https:\\\/\\\/diariotextual.com\\\/inicio\\\/index.php\\\/2021\\\/04\\\/02\\\/covid-ya-se-vacuno-al-30-de-la-poblacion-objetivo-de-113-mil-pampeanos\\\/\",\"url\":\"https:\\\/\\\/diariotextual.com\\\/inicio\\\/index.php\\\/2021\\\/04\\\/02\\\/covid-ya-se-vacuno-al-30-de-la-poblacion-objetivo-de-113-mil-pampeanos\\\/\",\"name\":\"Covid: ya se vacun\u00f3 al 30% de la \u201cpoblaci\u00f3n objetivo\u201d de 113 mil pampeanos - Diario Textual\",\"isPartOf\":{\"@id\":\"https:\\\/\\\/diariotextual.com\\\/inicio\\\/#website\"},\"primaryImageOfPage\":{\"@id\":\"https:\\\/\\\/diariotextual.com\\\/inicio\\\/index.php\\\/2021\\\/04\\\/02\\\/covid-ya-se-vacuno-al-30-de-la-poblacion-objetivo-de-113-mil-pampeanos\\\/#primaryimage\"},\"image\":{\"@id\":\"https:\\\/\\\/diariotextual.com\\\/inicio\\\/index.php\\\/2021\\\/04\\\/02\\\/covid-ya-se-vacuno-al-30-de-la-poblacion-objetivo-de-113-mil-pampeanos\\\/#primaryimage\"},\"thumbnailUrl\":\"https:\\\/\\\/diariotextual.com\\\/inicio\\\/wp-content\\\/uploads\\\/2021\\\/02\\\/vacunacioncovidlapamparesidencias34.jpg\",\"datePublished\":\"2021-04-02T11:10:37+00:00\",\"dateModified\":\"2021-04-02T23:45:18+00:00\",\"breadcrumb\":{\"@id\":\"https:\\\/\\\/diariotextual.com\\\/inicio\\\/index.php\\\/2021\\\/04\\\/02\\\/covid-ya-se-vacuno-al-30-de-la-poblacion-objetivo-de-113-mil-pampeanos\\\/#breadcrumb\"},\"inLanguage\":\"es\",\"potentialAction\":[{\"@type\":\"ReadAction\",\"target\":[\"https:\\\/\\\/diariotextual.com\\\/inicio\\\/index.php\\\/2021\\\/04\\\/02\\\/covid-ya-se-vacuno-al-30-de-la-poblacion-objetivo-de-113-mil-pampeanos\\\/\"]}]},{\"@type\":\"ImageObject\",\"inLanguage\":\"es\",\"@id\":\"https:\\\/\\\/diariotextual.com\\\/inicio\\\/index.php\\\/2021\\\/04\\\/02\\\/covid-ya-se-vacuno-al-30-de-la-poblacion-objetivo-de-113-mil-pampeanos\\\/#primaryimage\",\"url\":\"https:\\\/\\\/diariotextual.com\\\/inicio\\\/wp-content\\\/uploads\\\/2021\\\/02\\\/vacunacioncovidlapamparesidencias34.jpg\",\"contentUrl\":\"https:\\\/\\\/diariotextual.com\\\/inicio\\\/wp-content\\\/uploads\\\/2021\\\/02\\\/vacunacioncovidlapamparesidencias34.jpg\",\"width\":900,\"height\":507},{\"@type\":\"BreadcrumbList\",\"@id\":\"https:\\\/\\\/diariotextual.com\\\/inicio\\\/index.php\\\/2021\\\/04\\\/02\\\/covid-ya-se-vacuno-al-30-de-la-poblacion-objetivo-de-113-mil-pampeanos\\\/#breadcrumb\",\"itemListElement\":[{\"@type\":\"ListItem\",\"position\":1,\"name\":\"Portada\",\"item\":\"https:\\\/\\\/diariotextual.com\\\/inicio\\\/\"},{\"@type\":\"ListItem\",\"position\":2,\"name\":\"Covid: ya se vacun\u00f3 al 30% de la \u201cpoblaci\u00f3n objetivo\u201d de 113 mil pampeanos\"}]},{\"@type\":\"WebSite\",\"@id\":\"https:\\\/\\\/diariotextual.com\\\/inicio\\\/#website\",\"url\":\"https:\\\/\\\/diariotextual.com\\\/inicio\\\/\",\"name\":\"Diario Textual\",\"description\":\"\",\"publisher\":{\"@id\":\"https:\\\/\\\/diariotextual.com\\\/inicio\\\/#organization\"},\"potentialAction\":[{\"@type\":\"SearchAction\",\"target\":{\"@type\":\"EntryPoint\",\"urlTemplate\":\"https:\\\/\\\/diariotextual.com\\\/inicio\\\/?s={search_term_string}\"},\"query-input\":{\"@type\":\"PropertyValueSpecification\",\"valueRequired\":true,\"valueName\":\"search_term_string\"}}],\"inLanguage\":\"es\"},{\"@type\":\"Organization\",\"@id\":\"https:\\\/\\\/diariotextual.com\\\/inicio\\\/#organization\",\"name\":\"Diario Textual\",\"url\":\"https:\\\/\\\/diariotextual.com\\\/inicio\\\/\",\"logo\":{\"@type\":\"ImageObject\",\"inLanguage\":\"es\",\"@id\":\"https:\\\/\\\/diariotextual.com\\\/inicio\\\/#\\\/schema\\\/logo\\\/image\\\/\",\"url\":\"https:\\\/\\\/diariotextual.com\\\/inicio\\\/wp-content\\\/uploads\\\/2023\\\/05\\\/logotextual1.jpg\",\"contentUrl\":\"https:\\\/\\\/diariotextual.com\\\/inicio\\\/wp-content\\\/uploads\\\/2023\\\/05\\\/logotextual1.jpg\",\"width\":516,\"height\":76,\"caption\":\"Diario Textual\"},\"image\":{\"@id\":\"https:\\\/\\\/diariotextual.com\\\/inicio\\\/#\\\/schema\\\/logo\\\/image\\\/\"},\"sameAs\":[\"https:\\\/\\\/www.facebook.com\\\/eltextual\",\"https:\\\/\\\/x.com\\\/eltextual\",\"http:\\\/\\\/www.instagram.com\\\/eltextual\"]},{\"@type\":\"Person\",\"@id\":\"https:\\\/\\\/diariotextual.com\\\/inicio\\\/#\\\/schema\\\/person\\\/418fc4093c33e86ed41562db3508f958\",\"name\":\"Diario1 Diario1\",\"image\":{\"@type\":\"ImageObject\",\"inLanguage\":\"es\",\"@id\":\"https:\\\/\\\/secure.gravatar.com\\\/avatar\\\/9167d280179c85bc18be67aa7eda765854300033af4896dd779b608640f2ef7a?s=96&d=mm&r=g\",\"url\":\"https:\\\/\\\/secure.gravatar.com\\\/avatar\\\/9167d280179c85bc18be67aa7eda765854300033af4896dd779b608640f2ef7a?s=96&d=mm&r=g\",\"contentUrl\":\"https:\\\/\\\/secure.gravatar.com\\\/avatar\\\/9167d280179c85bc18be67aa7eda765854300033af4896dd779b608640f2ef7a?s=96&d=mm&r=g\",\"caption\":\"Diario1 Diario1\"},\"url\":\"https:\\\/\\\/diariotextual.com\\\/inicio\\\/index.php\\\/author\\\/diario1\\\/\"}]}<\/script>\n<!-- \/ Yoast SEO plugin. -->","yoast_head_json":{"title":"Covid: ya se vacun\u00f3 al 30% de la \u201cpoblaci\u00f3n objetivo\u201d de 113 mil pampeanos - Diario Textual","robots":{"index":"index","follow":"follow","max-snippet":"max-snippet:-1","max-image-preview":"max-image-preview:large","max-video-preview":"max-video-preview:-1"},"canonical":"https:\/\/diariotextual.com\/inicio\/index.php\/2021\/04\/02\/covid-ya-se-vacuno-al-30-de-la-poblacion-objetivo-de-113-mil-pampeanos\/","og_locale":"es_ES","og_type":"article","og_title":"Covid: ya se vacun\u00f3 al 30% de la \u201cpoblaci\u00f3n objetivo\u201d de 113 mil pampeanos - Diario Textual","og_description":"Un total de 36.018 personas recibieron -seg\u00fan datos al jueves 1- la primera dosis de la vacuna contra el coronavirus en La Pampa. Es decir, el 31,8% de la \u201cpoblaci\u00f3n&hellip;","og_url":"https:\/\/diariotextual.com\/inicio\/index.php\/2021\/04\/02\/covid-ya-se-vacuno-al-30-de-la-poblacion-objetivo-de-113-mil-pampeanos\/","og_site_name":"Diario Textual","article_publisher":"https:\/\/www.facebook.com\/eltextual","article_published_time":"2021-04-02T11:10:37+00:00","article_modified_time":"2021-04-02T23:45:18+00:00","og_image":[{"width":900,"height":507,"url":"https:\/\/diariotextual.com\/inicio\/wp-content\/uploads\/2021\/02\/vacunacioncovidlapamparesidencias34.jpg","type":"image\/jpeg"}],"author":"Diario1 Diario1","twitter_card":"summary_large_image","twitter_creator":"@eltextual","twitter_site":"@eltextual","twitter_misc":{"Escrito por":"Diario1 Diario1","Tiempo de lectura":"1 minuto"},"schema":{"@context":"https:\/\/schema.org","@graph":[{"@type":"Article","@id":"https:\/\/diariotextual.com\/inicio\/index.php\/2021\/04\/02\/covid-ya-se-vacuno-al-30-de-la-poblacion-objetivo-de-113-mil-pampeanos\/#article","isPartOf":{"@id":"https:\/\/diariotextual.com\/inicio\/index.php\/2021\/04\/02\/covid-ya-se-vacuno-al-30-de-la-poblacion-objetivo-de-113-mil-pampeanos\/"},"author":{"name":"Diario1 Diario1","@id":"https:\/\/diariotextual.com\/inicio\/#\/schema\/person\/418fc4093c33e86ed41562db3508f958"},"headline":"Covid: ya se vacun\u00f3 al 30% de la \u201cpoblaci\u00f3n objetivo\u201d de 113 mil pampeanos","datePublished":"2021-04-02T11:10:37+00:00","dateModified":"2021-04-02T23:45:18+00:00","mainEntityOfPage":{"@id":"https:\/\/diariotextual.com\/inicio\/index.php\/2021\/04\/02\/covid-ya-se-vacuno-al-30-de-la-poblacion-objetivo-de-113-mil-pampeanos\/"},"wordCount":154,"publisher":{"@id":"https:\/\/diariotextual.com\/inicio\/#organization"},"image":{"@id":"https:\/\/diariotextual.com\/inicio\/index.php\/2021\/04\/02\/covid-ya-se-vacuno-al-30-de-la-poblacion-objetivo-de-113-mil-pampeanos\/#primaryimage"},"thumbnailUrl":"https:\/\/diariotextual.com\/inicio\/wp-content\/uploads\/2021\/02\/vacunacioncovidlapamparesidencias34.jpg","articleSection":["A - QUE PASA (al costado)","SOCIEDAD"],"inLanguage":"es"},{"@type":"WebPage","@id":"https:\/\/diariotextual.com\/inicio\/index.php\/2021\/04\/02\/covid-ya-se-vacuno-al-30-de-la-poblacion-objetivo-de-113-mil-pampeanos\/","url":"https:\/\/diariotextual.com\/inicio\/index.php\/2021\/04\/02\/covid-ya-se-vacuno-al-30-de-la-poblacion-objetivo-de-113-mil-pampeanos\/","name":"Covid: ya se vacun\u00f3 al 30% de la \u201cpoblaci\u00f3n objetivo\u201d de 113 mil pampeanos - Diario Textual","isPartOf":{"@id":"https:\/\/diariotextual.com\/inicio\/#website"},"primaryImageOfPage":{"@id":"https:\/\/diariotextual.com\/inicio\/index.php\/2021\/04\/02\/covid-ya-se-vacuno-al-30-de-la-poblacion-objetivo-de-113-mil-pampeanos\/#primaryimage"},"image":{"@id":"https:\/\/diariotextual.com\/inicio\/index.php\/2021\/04\/02\/covid-ya-se-vacuno-al-30-de-la-poblacion-objetivo-de-113-mil-pampeanos\/#primaryimage"},"thumbnailUrl":"https:\/\/diariotextual.com\/inicio\/wp-content\/uploads\/2021\/02\/vacunacioncovidlapamparesidencias34.jpg","datePublished":"2021-04-02T11:10:37+00:00","dateModified":"2021-04-02T23:45:18+00:00","breadcrumb":{"@id":"https:\/\/diariotextual.com\/inicio\/index.php\/2021\/04\/02\/covid-ya-se-vacuno-al-30-de-la-poblacion-objetivo-de-113-mil-pampeanos\/#breadcrumb"},"inLanguage":"es","potentialAction":[{"@type":"ReadAction","target":["https:\/\/diariotextual.com\/inicio\/index.php\/2021\/04\/02\/covid-ya-se-vacuno-al-30-de-la-poblacion-objetivo-de-113-mil-pampeanos\/"]}]},{"@type":"ImageObject","inLanguage":"es","@id":"https:\/\/diariotextual.com\/inicio\/index.php\/2021\/04\/02\/covid-ya-se-vacuno-al-30-de-la-poblacion-objetivo-de-113-mil-pampeanos\/#primaryimage","url":"https:\/\/diariotextual.com\/inicio\/wp-content\/uploads\/2021\/02\/vacunacioncovidlapamparesidencias34.jpg","contentUrl":"https:\/\/diariotextual.com\/inicio\/wp-content\/uploads\/2021\/02\/vacunacioncovidlapamparesidencias34.jpg","width":900,"height":507},{"@type":"BreadcrumbList","@id":"https:\/\/diariotextual.com\/inicio\/index.php\/2021\/04\/02\/covid-ya-se-vacuno-al-30-de-la-poblacion-objetivo-de-113-mil-pampeanos\/#breadcrumb","itemListElement":[{"@type":"ListItem","position":1,"name":"Portada","item":"https:\/\/diariotextual.com\/inicio\/"},{"@type":"ListItem","position":2,"name":"Covid: ya se vacun\u00f3 al 30% de la \u201cpoblaci\u00f3n objetivo\u201d de 113 mil pampeanos"}]},{"@type":"WebSite","@id":"https:\/\/diariotextual.com\/inicio\/#website","url":"https:\/\/diariotextual.com\/inicio\/","name":"Diario Textual","description":"","publisher":{"@id":"https:\/\/diariotextual.com\/inicio\/#organization"},"potentialAction":[{"@type":"SearchAction","target":{"@type":"EntryPoint","urlTemplate":"https:\/\/diariotextual.com\/inicio\/?s={search_term_string}"},"query-input":{"@type":"PropertyValueSpecification","valueRequired":true,"valueName":"search_term_string"}}],"inLanguage":"es"},{"@type":"Organization","@id":"https:\/\/diariotextual.com\/inicio\/#organization","name":"Diario Textual","url":"https:\/\/diariotextual.com\/inicio\/","logo":{"@type":"ImageObject","inLanguage":"es","@id":"https:\/\/diariotextual.com\/inicio\/#\/schema\/logo\/image\/","url":"https:\/\/diariotextual.com\/inicio\/wp-content\/uploads\/2023\/05\/logotextual1.jpg","contentUrl":"https:\/\/diariotextual.com\/inicio\/wp-content\/uploads\/2023\/05\/logotextual1.jpg","width":516,"height":76,"caption":"Diario Textual"},"image":{"@id":"https:\/\/diariotextual.com\/inicio\/#\/schema\/logo\/image\/"},"sameAs":["https:\/\/www.facebook.com\/eltextual","https:\/\/x.com\/eltextual","http:\/\/www.instagram.com\/eltextual"]},{"@type":"Person","@id":"https:\/\/diariotextual.com\/inicio\/#\/schema\/person\/418fc4093c33e86ed41562db3508f958","name":"Diario1 Diario1","image":{"@type":"ImageObject","inLanguage":"es","@id":"https:\/\/secure.gravatar.com\/avatar\/9167d280179c85bc18be67aa7eda765854300033af4896dd779b608640f2ef7a?s=96&d=mm&r=g","url":"https:\/\/secure.gravatar.com\/avatar\/9167d280179c85bc18be67aa7eda765854300033af4896dd779b608640f2ef7a?s=96&d=mm&r=g","contentUrl":"https:\/\/secure.gravatar.com\/avatar\/9167d280179c85bc18be67aa7eda765854300033af4896dd779b608640f2ef7a?s=96&d=mm&r=g","caption":"Diario1 Diario1"},"url":"https:\/\/diariotextual.com\/inicio\/index.php\/author\/diario1\/"}]}},"_links":{"self":[{"href":"https:\/\/diariotextual.com\/inicio\/index.php\/wp-json\/wp\/v2\/posts\/139943","targetHints":{"allow":["GET"]}}],"collection":[{"href":"https:\/\/diariotextual.com\/inicio\/index.php\/wp-json\/wp\/v2\/posts"}],"about":[{"href":"https:\/\/diariotextual.com\/inicio\/index.php\/wp-json\/wp\/v2\/types\/post"}],"author":[{"embeddable":true,"href":"https:\/\/diariotextual.com\/inicio\/index.php\/wp-json\/wp\/v2\/users\/3"}],"replies":[{"embeddable":true,"href":"https:\/\/diariotextual.com\/inicio\/index.php\/wp-json\/wp\/v2\/comments?post=139943"}],"version-history":[{"count":3,"href":"https:\/\/diariotextual.com\/inicio\/index.php\/wp-json\/wp\/v2\/posts\/139943\/revisions"}],"predecessor-version":[{"id":139946,"href":"https:\/\/diariotextual.com\/inicio\/index.php\/wp-json\/wp\/v2\/posts\/139943\/revisions\/139946"}],"wp:featuredmedia":[{"embeddable":true,"href":"https:\/\/diariotextual.com\/inicio\/index.php\/wp-json\/wp\/v2\/media\/134180"}],"wp:attachment":[{"href":"https:\/\/diariotextual.com\/inicio\/index.php\/wp-json\/wp\/v2\/media?parent=139943"}],"wp:term":[{"taxonomy":"category","embeddable":true,"href":"https:\/\/diariotextual.com\/inicio\/index.php\/wp-json\/wp\/v2\/categories?post=139943"},{"taxonomy":"post_tag","embeddable":true,"href":"https:\/\/diariotextual.com\/inicio\/index.php\/wp-json\/wp\/v2\/tags?post=139943"}],"curies":[{"name":"wp","href":"https:\/\/api.w.org\/{rel}","templated":true}]}}