{"id":140036,"date":"2021-04-03T08:57:59","date_gmt":"2021-04-03T11:57:59","guid":{"rendered":"http:\/\/diariotextual.com\/inicio\/?p=140036"},"modified":"2021-04-03T14:48:09","modified_gmt":"2021-04-03T17:48:09","slug":"la-reaccion-del-laboratorio-de-sputnik-v-al-positivo-de-covid-19-de-alberto-fernandez","status":"publish","type":"post","link":"https:\/\/diariotextual.com\/inicio\/index.php\/2021\/04\/03\/la-reaccion-del-laboratorio-de-sputnik-v-al-positivo-de-covid-19-de-alberto-fernandez\/","title":{"rendered":"La reacci\u00f3n del laboratorio de Sputnik V al positivo de COVID-19 de Alberto Fern\u00e1ndez"},"content":{"rendered":"\n<p>El <strong>Centro de Microbiolog\u00eda y Epidemiolog\u00eda Gamaleya del Ministerio de Salud de Rusia<\/strong>, creador de la vacuna<strong> Sputnik V<\/strong> contra el coronavirus, lament\u00f3 este s\u00e1bado que el presidente de Argentina,<strong> Alberto Fern\u00e1ndez<\/strong>, inoculado con este f\u00e1rmaco, diera<strong> positivo <\/strong>a la enfermedad de Covid-19 y le dese\u00f3 una pronta recuperaci\u00f3n.<\/p>\n\n\n\n<p><strong>\u201cNos entristece escuchar esto. Sputnik V tiene un 91,6% de eficacia contra infecciones y un 100% de eficacia contra casos graves. Si la infecci\u00f3n se confirma, la vacunaci\u00f3n garantiza una recuperaci\u00f3n r\u00e1pida sin s\u00edntomas graves\u201d<\/strong>, escribi\u00f3 el Centro en su cuenta de Twitter.<\/p>\n\n\n\n<figure class=\"wp-block-embed is-type-rich is-provider-twitter wp-block-embed-twitter\"><div class=\"wp-block-embed__wrapper\">\n<blockquote class=\"twitter-tweet\" data-width=\"550\" data-dnt=\"true\"><p lang=\"en\" dir=\"ltr\">The Gamaleya Institute: We are sad to hear this. <a href=\"https:\/\/twitter.com\/hashtag\/SputnikV?src=hash&amp;ref_src=twsrc%5Etfw\">#SputnikV<\/a> is 91.6% effective against infection and 100% effective against severe cases. If the infection is indeed confirmed and occurs, the vaccination ensures quick recovery without severe symptoms. We wish you a quick recovery!<\/p>&mdash; Sputnik V (@sputnikvaccine) <a href=\"https:\/\/twitter.com\/sputnikvaccine\/status\/1378232161489272832?ref_src=twsrc%5Etfw\">April 3, 2021<\/a><\/blockquote><script async src=\"https:\/\/platform.twitter.com\/widgets.js\" charset=\"utf-8\"><\/script>\n<\/div><\/figure>\n\n\n\n<p>\u201c\u00a1Le deseamos una r\u00e1pida recuperaci\u00f3n!\u201d, a\u00f1adi\u00f3 Gamaleya en el mensaje publicado a modo de respuesta al anuncio de Fern\u00e1ndez sobre su posible contagio.<\/p>\n\n\n\n<p>El presidente argentino, que cumpli\u00f3 62 a\u00f1os el viernes pasado y ya hab\u00eda sido\u00a0<strong>vacunado contra el coronavirus, confirm\u00f3 que dio positivo en un test de ant\u00edgenos, y est\u00e1 a la espera de recibir el resultado de la prueba PCR<\/strong>.<\/p>\n\n\n\n<figure class=\"wp-block-embed is-type-wp-embed is-provider-diario-textual wp-block-embed-diario-textual\"><div class=\"wp-block-embed__wrapper\">\n<blockquote class=\"wp-embedded-content\" data-secret=\"YDhz7320PL\"><a href=\"http:\/\/diariotextual.com\/inicio\/index.php\/2021\/04\/03\/el-presidente-fernandez-tiene-coronavirus\/\">El presidente Fern\u00e1ndez tiene coronavirus<\/a><\/blockquote><iframe class=\"wp-embedded-content\" sandbox=\"allow-scripts\" security=\"restricted\" style=\"position: absolute; clip: rect(1px, 1px, 1px, 1px);\" title=\"\u00abEl presidente Fern\u00e1ndez tiene coronavirus\u00bb \u2014 Diario Textual\" src=\"http:\/\/diariotextual.com\/inicio\/index.php\/2021\/04\/03\/el-presidente-fernandez-tiene-coronavirus\/embed\/#?secret=YDhz7320PL\" data-secret=\"YDhz7320PL\" width=\"600\" height=\"338\" frameborder=\"0\" marginwidth=\"0\" marginheight=\"0\" scrolling=\"no\"><\/iframe>\n<\/div><\/figure>\n","protected":false},"excerpt":{"rendered":"<p>El Centro de Microbiolog\u00eda y Epidemiolog\u00eda Gamaleya del Ministerio de Salud de Rusia, creador de la vacuna Sputnik V contra el coronavirus, lament\u00f3 este s\u00e1bado que el presidente de Argentina,&hellip;<\/p>\n","protected":false},"author":3,"featured_media":130600,"comment_status":"closed","ping_status":"open","sticky":false,"template":"","format":"standard","meta":{"_acf_changed":false,"footnotes":""},"categories":[1,8],"tags":[1984],"class_list":["post-140036","post","type-post","status-publish","format-standard","has-post-thumbnail","hentry","category-es-noticia","category-politica","tag-alberto"],"acf":[],"yoast_head":"<!-- This site is optimized with the Yoast SEO plugin v27.5 - https:\/\/yoast.com\/product\/yoast-seo-wordpress\/ -->\n<title>La reacci\u00f3n del laboratorio de Sputnik V al positivo de COVID-19 de Alberto Fern\u00e1ndez - Diario Textual<\/title>\n<meta name=\"robots\" content=\"index, follow, max-snippet:-1, max-image-preview:large, max-video-preview:-1\" \/>\n<link rel=\"canonical\" href=\"https:\/\/diariotextual.com\/inicio\/index.php\/2021\/04\/03\/la-reaccion-del-laboratorio-de-sputnik-v-al-positivo-de-covid-19-de-alberto-fernandez\/\" \/>\n<meta property=\"og:locale\" content=\"es_ES\" \/>\n<meta property=\"og:type\" content=\"article\" \/>\n<meta property=\"og:title\" content=\"La reacci\u00f3n del laboratorio de Sputnik V al positivo de COVID-19 de Alberto Fern\u00e1ndez - Diario Textual\" \/>\n<meta property=\"og:description\" content=\"El Centro de Microbiolog\u00eda y Epidemiolog\u00eda Gamaleya del Ministerio de Salud de Rusia, creador de la vacuna Sputnik V contra el coronavirus, lament\u00f3 este s\u00e1bado que el presidente de Argentina,&hellip;\" \/>\n<meta property=\"og:url\" content=\"https:\/\/diariotextual.com\/inicio\/index.php\/2021\/04\/03\/la-reaccion-del-laboratorio-de-sputnik-v-al-positivo-de-covid-19-de-alberto-fernandez\/\" \/>\n<meta property=\"og:site_name\" content=\"Diario Textual\" \/>\n<meta property=\"article:publisher\" content=\"https:\/\/www.facebook.com\/eltextual\" \/>\n<meta property=\"article:published_time\" content=\"2021-04-03T11:57:59+00:00\" \/>\n<meta property=\"article:modified_time\" content=\"2021-04-03T17:48:09+00:00\" \/>\n<meta property=\"og:image\" content=\"https:\/\/diariotextual.com\/inicio\/wp-content\/uploads\/2021\/01\/coronavirusvacunasputniktelam2021-10.jpg\" \/>\n\t<meta property=\"og:image:width\" content=\"871\" \/>\n\t<meta property=\"og:image:height\" content=\"583\" \/>\n\t<meta property=\"og:image:type\" content=\"image\/jpeg\" \/>\n<meta name=\"author\" content=\"Diario1 Diario1\" \/>\n<meta name=\"twitter:card\" content=\"summary_large_image\" \/>\n<meta name=\"twitter:creator\" content=\"@eltextual\" \/>\n<meta name=\"twitter:site\" content=\"@eltextual\" \/>\n<meta name=\"twitter:label1\" content=\"Escrito por\" \/>\n\t<meta name=\"twitter:data1\" content=\"Diario1 Diario1\" \/>\n\t<meta name=\"twitter:label2\" content=\"Tiempo de lectura\" \/>\n\t<meta name=\"twitter:data2\" content=\"1 minuto\" \/>\n<script type=\"application\/ld+json\" class=\"yoast-schema-graph\">{\"@context\":\"https:\\\/\\\/schema.org\",\"@graph\":[{\"@type\":\"Article\",\"@id\":\"https:\\\/\\\/diariotextual.com\\\/inicio\\\/index.php\\\/2021\\\/04\\\/03\\\/la-reaccion-del-laboratorio-de-sputnik-v-al-positivo-de-covid-19-de-alberto-fernandez\\\/#article\",\"isPartOf\":{\"@id\":\"https:\\\/\\\/diariotextual.com\\\/inicio\\\/index.php\\\/2021\\\/04\\\/03\\\/la-reaccion-del-laboratorio-de-sputnik-v-al-positivo-de-covid-19-de-alberto-fernandez\\\/\"},\"author\":{\"name\":\"Diario1 Diario1\",\"@id\":\"https:\\\/\\\/diariotextual.com\\\/inicio\\\/#\\\/schema\\\/person\\\/418fc4093c33e86ed41562db3508f958\"},\"headline\":\"La reacci\u00f3n del laboratorio de Sputnik V al positivo de COVID-19 de Alberto Fern\u00e1ndez\",\"datePublished\":\"2021-04-03T11:57:59+00:00\",\"dateModified\":\"2021-04-03T17:48:09+00:00\",\"mainEntityOfPage\":{\"@id\":\"https:\\\/\\\/diariotextual.com\\\/inicio\\\/index.php\\\/2021\\\/04\\\/03\\\/la-reaccion-del-laboratorio-de-sputnik-v-al-positivo-de-covid-19-de-alberto-fernandez\\\/\"},\"wordCount\":223,\"publisher\":{\"@id\":\"https:\\\/\\\/diariotextual.com\\\/inicio\\\/#organization\"},\"image\":{\"@id\":\"https:\\\/\\\/diariotextual.com\\\/inicio\\\/index.php\\\/2021\\\/04\\\/03\\\/la-reaccion-del-laboratorio-de-sputnik-v-al-positivo-de-covid-19-de-alberto-fernandez\\\/#primaryimage\"},\"thumbnailUrl\":\"https:\\\/\\\/diariotextual.com\\\/inicio\\\/wp-content\\\/uploads\\\/2021\\\/01\\\/coronavirusvacunasputniktelam2021-10.jpg\",\"keywords\":[\"alberto\"],\"articleSection\":[\"A - ES NOTICIA (van abajo)\",\"POLITICA\"],\"inLanguage\":\"es\"},{\"@type\":\"WebPage\",\"@id\":\"https:\\\/\\\/diariotextual.com\\\/inicio\\\/index.php\\\/2021\\\/04\\\/03\\\/la-reaccion-del-laboratorio-de-sputnik-v-al-positivo-de-covid-19-de-alberto-fernandez\\\/\",\"url\":\"https:\\\/\\\/diariotextual.com\\\/inicio\\\/index.php\\\/2021\\\/04\\\/03\\\/la-reaccion-del-laboratorio-de-sputnik-v-al-positivo-de-covid-19-de-alberto-fernandez\\\/\",\"name\":\"La reacci\u00f3n del laboratorio de Sputnik V al positivo de COVID-19 de Alberto Fern\u00e1ndez - Diario Textual\",\"isPartOf\":{\"@id\":\"https:\\\/\\\/diariotextual.com\\\/inicio\\\/#website\"},\"primaryImageOfPage\":{\"@id\":\"https:\\\/\\\/diariotextual.com\\\/inicio\\\/index.php\\\/2021\\\/04\\\/03\\\/la-reaccion-del-laboratorio-de-sputnik-v-al-positivo-de-covid-19-de-alberto-fernandez\\\/#primaryimage\"},\"image\":{\"@id\":\"https:\\\/\\\/diariotextual.com\\\/inicio\\\/index.php\\\/2021\\\/04\\\/03\\\/la-reaccion-del-laboratorio-de-sputnik-v-al-positivo-de-covid-19-de-alberto-fernandez\\\/#primaryimage\"},\"thumbnailUrl\":\"https:\\\/\\\/diariotextual.com\\\/inicio\\\/wp-content\\\/uploads\\\/2021\\\/01\\\/coronavirusvacunasputniktelam2021-10.jpg\",\"datePublished\":\"2021-04-03T11:57:59+00:00\",\"dateModified\":\"2021-04-03T17:48:09+00:00\",\"breadcrumb\":{\"@id\":\"https:\\\/\\\/diariotextual.com\\\/inicio\\\/index.php\\\/2021\\\/04\\\/03\\\/la-reaccion-del-laboratorio-de-sputnik-v-al-positivo-de-covid-19-de-alberto-fernandez\\\/#breadcrumb\"},\"inLanguage\":\"es\",\"potentialAction\":[{\"@type\":\"ReadAction\",\"target\":[\"https:\\\/\\\/diariotextual.com\\\/inicio\\\/index.php\\\/2021\\\/04\\\/03\\\/la-reaccion-del-laboratorio-de-sputnik-v-al-positivo-de-covid-19-de-alberto-fernandez\\\/\"]}]},{\"@type\":\"ImageObject\",\"inLanguage\":\"es\",\"@id\":\"https:\\\/\\\/diariotextual.com\\\/inicio\\\/index.php\\\/2021\\\/04\\\/03\\\/la-reaccion-del-laboratorio-de-sputnik-v-al-positivo-de-covid-19-de-alberto-fernandez\\\/#primaryimage\",\"url\":\"https:\\\/\\\/diariotextual.com\\\/inicio\\\/wp-content\\\/uploads\\\/2021\\\/01\\\/coronavirusvacunasputniktelam2021-10.jpg\",\"contentUrl\":\"https:\\\/\\\/diariotextual.com\\\/inicio\\\/wp-content\\\/uploads\\\/2021\\\/01\\\/coronavirusvacunasputniktelam2021-10.jpg\",\"width\":871,\"height\":583},{\"@type\":\"BreadcrumbList\",\"@id\":\"https:\\\/\\\/diariotextual.com\\\/inicio\\\/index.php\\\/2021\\\/04\\\/03\\\/la-reaccion-del-laboratorio-de-sputnik-v-al-positivo-de-covid-19-de-alberto-fernandez\\\/#breadcrumb\",\"itemListElement\":[{\"@type\":\"ListItem\",\"position\":1,\"name\":\"Portada\",\"item\":\"https:\\\/\\\/diariotextual.com\\\/inicio\\\/\"},{\"@type\":\"ListItem\",\"position\":2,\"name\":\"La reacci\u00f3n del laboratorio de Sputnik V al positivo de COVID-19 de Alberto Fern\u00e1ndez\"}]},{\"@type\":\"WebSite\",\"@id\":\"https:\\\/\\\/diariotextual.com\\\/inicio\\\/#website\",\"url\":\"https:\\\/\\\/diariotextual.com\\\/inicio\\\/\",\"name\":\"Diario Textual\",\"description\":\"\",\"publisher\":{\"@id\":\"https:\\\/\\\/diariotextual.com\\\/inicio\\\/#organization\"},\"potentialAction\":[{\"@type\":\"SearchAction\",\"target\":{\"@type\":\"EntryPoint\",\"urlTemplate\":\"https:\\\/\\\/diariotextual.com\\\/inicio\\\/?s={search_term_string}\"},\"query-input\":{\"@type\":\"PropertyValueSpecification\",\"valueRequired\":true,\"valueName\":\"search_term_string\"}}],\"inLanguage\":\"es\"},{\"@type\":\"Organization\",\"@id\":\"https:\\\/\\\/diariotextual.com\\\/inicio\\\/#organization\",\"name\":\"Diario Textual\",\"url\":\"https:\\\/\\\/diariotextual.com\\\/inicio\\\/\",\"logo\":{\"@type\":\"ImageObject\",\"inLanguage\":\"es\",\"@id\":\"https:\\\/\\\/diariotextual.com\\\/inicio\\\/#\\\/schema\\\/logo\\\/image\\\/\",\"url\":\"https:\\\/\\\/diariotextual.com\\\/inicio\\\/wp-content\\\/uploads\\\/2023\\\/05\\\/logotextual1.jpg\",\"contentUrl\":\"https:\\\/\\\/diariotextual.com\\\/inicio\\\/wp-content\\\/uploads\\\/2023\\\/05\\\/logotextual1.jpg\",\"width\":516,\"height\":76,\"caption\":\"Diario Textual\"},\"image\":{\"@id\":\"https:\\\/\\\/diariotextual.com\\\/inicio\\\/#\\\/schema\\\/logo\\\/image\\\/\"},\"sameAs\":[\"https:\\\/\\\/www.facebook.com\\\/eltextual\",\"https:\\\/\\\/x.com\\\/eltextual\",\"http:\\\/\\\/www.instagram.com\\\/eltextual\"]},{\"@type\":\"Person\",\"@id\":\"https:\\\/\\\/diariotextual.com\\\/inicio\\\/#\\\/schema\\\/person\\\/418fc4093c33e86ed41562db3508f958\",\"name\":\"Diario1 Diario1\",\"image\":{\"@type\":\"ImageObject\",\"inLanguage\":\"es\",\"@id\":\"https:\\\/\\\/secure.gravatar.com\\\/avatar\\\/9167d280179c85bc18be67aa7eda765854300033af4896dd779b608640f2ef7a?s=96&d=mm&r=g\",\"url\":\"https:\\\/\\\/secure.gravatar.com\\\/avatar\\\/9167d280179c85bc18be67aa7eda765854300033af4896dd779b608640f2ef7a?s=96&d=mm&r=g\",\"contentUrl\":\"https:\\\/\\\/secure.gravatar.com\\\/avatar\\\/9167d280179c85bc18be67aa7eda765854300033af4896dd779b608640f2ef7a?s=96&d=mm&r=g\",\"caption\":\"Diario1 Diario1\"},\"url\":\"https:\\\/\\\/diariotextual.com\\\/inicio\\\/index.php\\\/author\\\/diario1\\\/\"}]}<\/script>\n<!-- \/ Yoast SEO plugin. -->","yoast_head_json":{"title":"La reacci\u00f3n del laboratorio de Sputnik V al positivo de COVID-19 de Alberto Fern\u00e1ndez - Diario Textual","robots":{"index":"index","follow":"follow","max-snippet":"max-snippet:-1","max-image-preview":"max-image-preview:large","max-video-preview":"max-video-preview:-1"},"canonical":"https:\/\/diariotextual.com\/inicio\/index.php\/2021\/04\/03\/la-reaccion-del-laboratorio-de-sputnik-v-al-positivo-de-covid-19-de-alberto-fernandez\/","og_locale":"es_ES","og_type":"article","og_title":"La reacci\u00f3n del laboratorio de Sputnik V al positivo de COVID-19 de Alberto Fern\u00e1ndez - Diario Textual","og_description":"El Centro de Microbiolog\u00eda y Epidemiolog\u00eda Gamaleya del Ministerio de Salud de Rusia, creador de la vacuna Sputnik V contra el coronavirus, lament\u00f3 este s\u00e1bado que el presidente de Argentina,&hellip;","og_url":"https:\/\/diariotextual.com\/inicio\/index.php\/2021\/04\/03\/la-reaccion-del-laboratorio-de-sputnik-v-al-positivo-de-covid-19-de-alberto-fernandez\/","og_site_name":"Diario Textual","article_publisher":"https:\/\/www.facebook.com\/eltextual","article_published_time":"2021-04-03T11:57:59+00:00","article_modified_time":"2021-04-03T17:48:09+00:00","og_image":[{"width":871,"height":583,"url":"https:\/\/diariotextual.com\/inicio\/wp-content\/uploads\/2021\/01\/coronavirusvacunasputniktelam2021-10.jpg","type":"image\/jpeg"}],"author":"Diario1 Diario1","twitter_card":"summary_large_image","twitter_creator":"@eltextual","twitter_site":"@eltextual","twitter_misc":{"Escrito por":"Diario1 Diario1","Tiempo de lectura":"1 minuto"},"schema":{"@context":"https:\/\/schema.org","@graph":[{"@type":"Article","@id":"https:\/\/diariotextual.com\/inicio\/index.php\/2021\/04\/03\/la-reaccion-del-laboratorio-de-sputnik-v-al-positivo-de-covid-19-de-alberto-fernandez\/#article","isPartOf":{"@id":"https:\/\/diariotextual.com\/inicio\/index.php\/2021\/04\/03\/la-reaccion-del-laboratorio-de-sputnik-v-al-positivo-de-covid-19-de-alberto-fernandez\/"},"author":{"name":"Diario1 Diario1","@id":"https:\/\/diariotextual.com\/inicio\/#\/schema\/person\/418fc4093c33e86ed41562db3508f958"},"headline":"La reacci\u00f3n del laboratorio de Sputnik V al positivo de COVID-19 de Alberto Fern\u00e1ndez","datePublished":"2021-04-03T11:57:59+00:00","dateModified":"2021-04-03T17:48:09+00:00","mainEntityOfPage":{"@id":"https:\/\/diariotextual.com\/inicio\/index.php\/2021\/04\/03\/la-reaccion-del-laboratorio-de-sputnik-v-al-positivo-de-covid-19-de-alberto-fernandez\/"},"wordCount":223,"publisher":{"@id":"https:\/\/diariotextual.com\/inicio\/#organization"},"image":{"@id":"https:\/\/diariotextual.com\/inicio\/index.php\/2021\/04\/03\/la-reaccion-del-laboratorio-de-sputnik-v-al-positivo-de-covid-19-de-alberto-fernandez\/#primaryimage"},"thumbnailUrl":"https:\/\/diariotextual.com\/inicio\/wp-content\/uploads\/2021\/01\/coronavirusvacunasputniktelam2021-10.jpg","keywords":["alberto"],"articleSection":["A - ES NOTICIA (van abajo)","POLITICA"],"inLanguage":"es"},{"@type":"WebPage","@id":"https:\/\/diariotextual.com\/inicio\/index.php\/2021\/04\/03\/la-reaccion-del-laboratorio-de-sputnik-v-al-positivo-de-covid-19-de-alberto-fernandez\/","url":"https:\/\/diariotextual.com\/inicio\/index.php\/2021\/04\/03\/la-reaccion-del-laboratorio-de-sputnik-v-al-positivo-de-covid-19-de-alberto-fernandez\/","name":"La reacci\u00f3n del laboratorio de Sputnik V al positivo de COVID-19 de Alberto Fern\u00e1ndez - Diario Textual","isPartOf":{"@id":"https:\/\/diariotextual.com\/inicio\/#website"},"primaryImageOfPage":{"@id":"https:\/\/diariotextual.com\/inicio\/index.php\/2021\/04\/03\/la-reaccion-del-laboratorio-de-sputnik-v-al-positivo-de-covid-19-de-alberto-fernandez\/#primaryimage"},"image":{"@id":"https:\/\/diariotextual.com\/inicio\/index.php\/2021\/04\/03\/la-reaccion-del-laboratorio-de-sputnik-v-al-positivo-de-covid-19-de-alberto-fernandez\/#primaryimage"},"thumbnailUrl":"https:\/\/diariotextual.com\/inicio\/wp-content\/uploads\/2021\/01\/coronavirusvacunasputniktelam2021-10.jpg","datePublished":"2021-04-03T11:57:59+00:00","dateModified":"2021-04-03T17:48:09+00:00","breadcrumb":{"@id":"https:\/\/diariotextual.com\/inicio\/index.php\/2021\/04\/03\/la-reaccion-del-laboratorio-de-sputnik-v-al-positivo-de-covid-19-de-alberto-fernandez\/#breadcrumb"},"inLanguage":"es","potentialAction":[{"@type":"ReadAction","target":["https:\/\/diariotextual.com\/inicio\/index.php\/2021\/04\/03\/la-reaccion-del-laboratorio-de-sputnik-v-al-positivo-de-covid-19-de-alberto-fernandez\/"]}]},{"@type":"ImageObject","inLanguage":"es","@id":"https:\/\/diariotextual.com\/inicio\/index.php\/2021\/04\/03\/la-reaccion-del-laboratorio-de-sputnik-v-al-positivo-de-covid-19-de-alberto-fernandez\/#primaryimage","url":"https:\/\/diariotextual.com\/inicio\/wp-content\/uploads\/2021\/01\/coronavirusvacunasputniktelam2021-10.jpg","contentUrl":"https:\/\/diariotextual.com\/inicio\/wp-content\/uploads\/2021\/01\/coronavirusvacunasputniktelam2021-10.jpg","width":871,"height":583},{"@type":"BreadcrumbList","@id":"https:\/\/diariotextual.com\/inicio\/index.php\/2021\/04\/03\/la-reaccion-del-laboratorio-de-sputnik-v-al-positivo-de-covid-19-de-alberto-fernandez\/#breadcrumb","itemListElement":[{"@type":"ListItem","position":1,"name":"Portada","item":"https:\/\/diariotextual.com\/inicio\/"},{"@type":"ListItem","position":2,"name":"La reacci\u00f3n del laboratorio de Sputnik V al positivo de COVID-19 de Alberto Fern\u00e1ndez"}]},{"@type":"WebSite","@id":"https:\/\/diariotextual.com\/inicio\/#website","url":"https:\/\/diariotextual.com\/inicio\/","name":"Diario Textual","description":"","publisher":{"@id":"https:\/\/diariotextual.com\/inicio\/#organization"},"potentialAction":[{"@type":"SearchAction","target":{"@type":"EntryPoint","urlTemplate":"https:\/\/diariotextual.com\/inicio\/?s={search_term_string}"},"query-input":{"@type":"PropertyValueSpecification","valueRequired":true,"valueName":"search_term_string"}}],"inLanguage":"es"},{"@type":"Organization","@id":"https:\/\/diariotextual.com\/inicio\/#organization","name":"Diario Textual","url":"https:\/\/diariotextual.com\/inicio\/","logo":{"@type":"ImageObject","inLanguage":"es","@id":"https:\/\/diariotextual.com\/inicio\/#\/schema\/logo\/image\/","url":"https:\/\/diariotextual.com\/inicio\/wp-content\/uploads\/2023\/05\/logotextual1.jpg","contentUrl":"https:\/\/diariotextual.com\/inicio\/wp-content\/uploads\/2023\/05\/logotextual1.jpg","width":516,"height":76,"caption":"Diario Textual"},"image":{"@id":"https:\/\/diariotextual.com\/inicio\/#\/schema\/logo\/image\/"},"sameAs":["https:\/\/www.facebook.com\/eltextual","https:\/\/x.com\/eltextual","http:\/\/www.instagram.com\/eltextual"]},{"@type":"Person","@id":"https:\/\/diariotextual.com\/inicio\/#\/schema\/person\/418fc4093c33e86ed41562db3508f958","name":"Diario1 Diario1","image":{"@type":"ImageObject","inLanguage":"es","@id":"https:\/\/secure.gravatar.com\/avatar\/9167d280179c85bc18be67aa7eda765854300033af4896dd779b608640f2ef7a?s=96&d=mm&r=g","url":"https:\/\/secure.gravatar.com\/avatar\/9167d280179c85bc18be67aa7eda765854300033af4896dd779b608640f2ef7a?s=96&d=mm&r=g","contentUrl":"https:\/\/secure.gravatar.com\/avatar\/9167d280179c85bc18be67aa7eda765854300033af4896dd779b608640f2ef7a?s=96&d=mm&r=g","caption":"Diario1 Diario1"},"url":"https:\/\/diariotextual.com\/inicio\/index.php\/author\/diario1\/"}]}},"_links":{"self":[{"href":"https:\/\/diariotextual.com\/inicio\/index.php\/wp-json\/wp\/v2\/posts\/140036","targetHints":{"allow":["GET"]}}],"collection":[{"href":"https:\/\/diariotextual.com\/inicio\/index.php\/wp-json\/wp\/v2\/posts"}],"about":[{"href":"https:\/\/diariotextual.com\/inicio\/index.php\/wp-json\/wp\/v2\/types\/post"}],"author":[{"embeddable":true,"href":"https:\/\/diariotextual.com\/inicio\/index.php\/wp-json\/wp\/v2\/users\/3"}],"replies":[{"embeddable":true,"href":"https:\/\/diariotextual.com\/inicio\/index.php\/wp-json\/wp\/v2\/comments?post=140036"}],"version-history":[{"count":3,"href":"https:\/\/diariotextual.com\/inicio\/index.php\/wp-json\/wp\/v2\/posts\/140036\/revisions"}],"predecessor-version":[{"id":140040,"href":"https:\/\/diariotextual.com\/inicio\/index.php\/wp-json\/wp\/v2\/posts\/140036\/revisions\/140040"}],"wp:featuredmedia":[{"embeddable":true,"href":"https:\/\/diariotextual.com\/inicio\/index.php\/wp-json\/wp\/v2\/media\/130600"}],"wp:attachment":[{"href":"https:\/\/diariotextual.com\/inicio\/index.php\/wp-json\/wp\/v2\/media?parent=140036"}],"wp:term":[{"taxonomy":"category","embeddable":true,"href":"https:\/\/diariotextual.com\/inicio\/index.php\/wp-json\/wp\/v2\/categories?post=140036"},{"taxonomy":"post_tag","embeddable":true,"href":"https:\/\/diariotextual.com\/inicio\/index.php\/wp-json\/wp\/v2\/tags?post=140036"}],"curies":[{"name":"wp","href":"https:\/\/api.w.org\/{rel}","templated":true}]}}