{"id":140078,"date":"2021-04-03T11:49:20","date_gmt":"2021-04-03T14:49:20","guid":{"rendered":"http:\/\/diariotextual.com\/inicio\/?p=140078"},"modified":"2021-04-03T14:47:59","modified_gmt":"2021-04-03T17:47:59","slug":"un-intendente-el-primero-en-cuestionar-la-destitucion-de-paturlanne","status":"publish","type":"post","link":"https:\/\/diariotextual.com\/inicio\/index.php\/2021\/04\/03\/un-intendente-el-primero-en-cuestionar-la-destitucion-de-paturlanne\/","title":{"rendered":"El intendente de Uriburu y la destituci\u00f3n de Paturlanne: \u201cNo puede ser que no haya di\u00e1logo\u201d"},"content":{"rendered":"\n<p><strong>Pascual Fern\u00e1ndez<\/strong> (Frejupa, vernista), intendente de Uriburu, cuestion\u00f3 la \u201cla falta de di\u00e1logo\u201d que desemboc\u00f3 en la destituci\u00f3n de la jefa comunal de Santa Isabel, <strong>Marta Paturlanne<\/strong> (Frejupa, marinista). <strong>\u201cEst\u00e1 claro que el comportamiento del viceintendente (Guillermo Farana) no ha sido el m\u00e1s adecuado\u201d<\/strong>, lanz\u00f3. \u201cEs la misma falta de di\u00e1logo que ocurre en Uriburu, pese a que lo hemos intentado\u201d, dijo. <\/p>\n\n\n\n<p>\u201cNo conozco en profundidad la situaci\u00f3n, pero no me pareci\u00f3 lo m\u00e1s indicado. Siempre y cuando la situaci\u00f3n lo hubiera permitido, creo que el camino hubiese sido el di\u00e1logo pol\u00edtico\u201d, insisti\u00f3 en Radio Textual (LU 33).<\/p>\n\n\n\n<p>El jefe comunal, igual, matiz\u00f3. \u201cLas instituciones funcionan, dijo mi gobernador (Sergio Ziliotto) y yo le creo a mi gobernador\u201d, sostuvo.<\/p>\n\n\n\n<p>El jueves 25 de marzo, concejales del peronismo que se aliaron con ediles del Juntos por el Cambio<strong><a href=\"http:\/\/diariotextual.com\/inicio\/index.php\/2021\/03\/25\/el-concejo-en-una-maniobra-anunciada-echo-a-la-intendenta-paturlanne\/\" target=\"_blank\" rel=\"noreferrer noopener\"> aprobaron, en una sesi\u00f3n especial, la destituci\u00f3n de la intendenta Marta Paturlanne<\/a><\/strong>: la acusaron de cometer irregularidades y de pagos no justificados.<\/p>\n\n\n\n<p>La acusaci\u00f3n y posterior destituci\u00f3n fue impulsada por Guillermo Farana. Precisamente uno de sus compa\u00f1eros de boleta en las elecciones de 2019 que, ahora, es el nuevo intendente.<\/p>\n\n\n\n<p>La \u201calianza\u201d entre peronistas y macristas en el concejo deliberante para voltear a Paturlanne hizo recordar a la situaci\u00f3n que se vive desde hace un a\u00f1o y medio en Uriburu: <strong>el representante del Frente Peronista Barrial, Angel Roser\u00f3, lleg\u00f3 al cargo en la boleta con Pascual Fern\u00e1ndez, pero est\u00e1 aliado con la oposici\u00f3n y se viene quedando con el cargo de presidente del concejo.<\/strong><\/p>\n\n\n\n<p>La movida de Roser\u00f3 recibi\u00f3 la condena p\u00fablica de <strong>Leonardo \u201cTapera\u201d Avenda\u00f1o<\/strong>, diputado provincial y fundador del&nbsp;<strong>Frente Peronista Barrial: <a href=\"http:\/\/diariotextual.com\/inicio\/index.php\/2021\/03\/30\/avendano-cuestiono-la-alianza-espurea-del-concejal-del-fpb-y-de-jxc-en-uriburu\/\" target=\"_blank\" rel=\"noreferrer noopener\">dijo que era una alianza esp\u00farea<\/a>.<\/strong><\/p>\n\n\n\n<p><strong> <\/strong>\u201cEl Frente Barrial tard\u00f3 un a\u00f1o en expresarse. Al menos lo hizo\u2026\u201d, chicane\u00f3 el jefe comunal a \u201cTapera\u201d, en di\u00e1logo con Radio Textual.<\/p>\n\n\n\n<p><strong>\u201cYo noto que con gran parte del Frente Peronista Barrial nos unen las mismas banderas\u201d<\/strong>, aclar\u00f3 el intendente.<\/p>\n\n\n\n<p>Sin embargo, dijo que no percibe lo mismo con Angel Roser\u00f3 y Graciela Rold\u00e1n, referentes en la localidad del frente comandado por Avenda\u00f1o.<\/p>\n\n\n\n<p>\u201cEllos se quedaron absolutamente con todo (nota: los cargos del concejo), en un acuerdo esp\u00fareo, como dijo Avenda\u00f1o\u201d, sostuvo.<\/p>\n\n\n\n<p>\u201cCelebramos que el frente haya repudiado ese acuerdo, aunque lo hicieron&nbsp;un a\u00f1o despu\u00e9s&#8230;\u201d, insisti\u00f3. <strong>\u201cEllos eran absolutamente conscientes de lo que suced\u00eda en Uriburu\u201d<\/strong>.<\/p>\n\n\n\n<p>Adem\u00e1s, dijo que \u201cno es un hecho aislado\u201d, como lo plante\u00f3 Avenda\u00f1o. \u201cNo fue aislado porque Rold\u00e1n ha salido a respaldar y festejar en las redes\u201d, expres\u00f3.<\/p>\n\n\n\n<p><strong>-\u00bfTeme que en Uriburu intenten generar un escenario similar al de Santa Isabel?<\/strong><\/p>\n\n\n\n<p>-Nosotros tenemos tranquilidad de c\u00f3mo trabajamos. Creo que no est\u00e1n dadas las condiciones para que se atrevan a tanto. Si bien ocurri\u00f3 un a\u00f1o despu\u00e9s,<strong> las declaraciones del diputado Avenda\u00f1o de que fue un acuerdo \u201cesp\u00fareo\u201d, tambi\u00e9n los deja en evidencia. Las instituciones siguen funcionando y espero que sean respetuoso de eso. Creo que esto es producto del dolor <\/strong>(de la interna de 2019).<\/p>\n\n\n\n<p><strong>-\u00bfLe molest\u00f3 lo que sucedi\u00f3 en Santa Isabel?<\/strong><\/p>\n\n\n\n<p>-En esa cuesti\u00f3n, he sido muy respetuoso y obviamente acompa\u00f1ado a nuestro gobernador cuando dice que las instituciones est\u00e1n funcionando. Obviamente que est\u00e1 claro que el comportamiento del viceintendente (Guillermo Farana) no ha sido el m\u00e1s adecuado. Siempre debe primar el di\u00e1logo. En mi manera de ver, si llego con alguien con una lista, debo ser respetuoso con quien llego. Deber\u00eda haber buscado una soluci\u00f3n pol\u00edtica, siempre que se hubiera podido, claro.<\/p>\n\n\n\n<p><\/p>\n\n\n\n<p><\/p>\n","protected":false},"excerpt":{"rendered":"<p>Pascual Fern\u00e1ndez (Frejupa, vernista), intendente de Uriburu, cuestion\u00f3 la \u201cla falta de di\u00e1logo\u201d que desemboc\u00f3 en la destituci\u00f3n de la jefa comunal de Santa Isabel, Marta Paturlanne (Frejupa, marinista). \u201cEst\u00e1&hellip;<\/p>\n","protected":false},"author":3,"featured_media":84322,"comment_status":"closed","ping_status":"open","sticky":false,"template":"","format":"standard","meta":{"_acf_changed":false,"footnotes":""},"categories":[10,8],"tags":[2563],"class_list":["post-140078","post","type-post","status-publish","format-standard","has-post-thumbnail","hentry","category-portada-2","category-politica","tag-pascual"],"acf":[],"yoast_head":"<!-- This site is optimized with the Yoast SEO plugin v27.5 - https:\/\/yoast.com\/product\/yoast-seo-wordpress\/ -->\n<title>El intendente de Uriburu y la destituci\u00f3n de Paturlanne: \u201cNo puede ser que no haya di\u00e1logo\u201d - Diario Textual<\/title>\n<meta name=\"robots\" content=\"index, follow, max-snippet:-1, max-image-preview:large, max-video-preview:-1\" \/>\n<link rel=\"canonical\" href=\"https:\/\/diariotextual.com\/inicio\/index.php\/2021\/04\/03\/un-intendente-el-primero-en-cuestionar-la-destitucion-de-paturlanne\/\" \/>\n<meta property=\"og:locale\" content=\"es_ES\" \/>\n<meta property=\"og:type\" content=\"article\" \/>\n<meta property=\"og:title\" content=\"El intendente de Uriburu y la destituci\u00f3n de Paturlanne: \u201cNo puede ser que no haya di\u00e1logo\u201d - Diario Textual\" \/>\n<meta property=\"og:description\" content=\"Pascual Fern\u00e1ndez (Frejupa, vernista), intendente de Uriburu, cuestion\u00f3 la \u201cla falta de di\u00e1logo\u201d que desemboc\u00f3 en la destituci\u00f3n de la jefa comunal de Santa Isabel, Marta Paturlanne (Frejupa, marinista). \u201cEst\u00e1&hellip;\" \/>\n<meta property=\"og:url\" content=\"https:\/\/diariotextual.com\/inicio\/index.php\/2021\/04\/03\/un-intendente-el-primero-en-cuestionar-la-destitucion-de-paturlanne\/\" \/>\n<meta property=\"og:site_name\" content=\"Diario Textual\" \/>\n<meta property=\"article:publisher\" content=\"https:\/\/www.facebook.com\/eltextual\" \/>\n<meta property=\"article:published_time\" content=\"2021-04-03T14:49:20+00:00\" \/>\n<meta property=\"article:modified_time\" content=\"2021-04-03T17:47:59+00:00\" \/>\n<meta property=\"og:image\" content=\"https:\/\/diariotextual.com\/inicio\/wp-content\/uploads\/2020\/03\/fernandezpascualuriburu2020-1000.jpg\" \/>\n\t<meta property=\"og:image:width\" content=\"928\" \/>\n\t<meta property=\"og:image:height\" content=\"663\" \/>\n\t<meta property=\"og:image:type\" content=\"image\/jpeg\" \/>\n<meta name=\"author\" content=\"Diario1 Diario1\" \/>\n<meta name=\"twitter:card\" content=\"summary_large_image\" \/>\n<meta name=\"twitter:creator\" content=\"@eltextual\" \/>\n<meta name=\"twitter:site\" content=\"@eltextual\" \/>\n<meta name=\"twitter:label1\" content=\"Escrito por\" \/>\n\t<meta name=\"twitter:data1\" content=\"Diario1 Diario1\" \/>\n\t<meta name=\"twitter:label2\" content=\"Tiempo de lectura\" \/>\n\t<meta name=\"twitter:data2\" content=\"3 minutos\" \/>\n<script type=\"application\/ld+json\" class=\"yoast-schema-graph\">{\"@context\":\"https:\\\/\\\/schema.org\",\"@graph\":[{\"@type\":\"Article\",\"@id\":\"https:\\\/\\\/diariotextual.com\\\/inicio\\\/index.php\\\/2021\\\/04\\\/03\\\/un-intendente-el-primero-en-cuestionar-la-destitucion-de-paturlanne\\\/#article\",\"isPartOf\":{\"@id\":\"https:\\\/\\\/diariotextual.com\\\/inicio\\\/index.php\\\/2021\\\/04\\\/03\\\/un-intendente-el-primero-en-cuestionar-la-destitucion-de-paturlanne\\\/\"},\"author\":{\"name\":\"Diario1 Diario1\",\"@id\":\"https:\\\/\\\/diariotextual.com\\\/inicio\\\/#\\\/schema\\\/person\\\/418fc4093c33e86ed41562db3508f958\"},\"headline\":\"El intendente de Uriburu y la destituci\u00f3n de Paturlanne: \u201cNo puede ser que no haya di\u00e1logo\u201d\",\"datePublished\":\"2021-04-03T14:49:20+00:00\",\"dateModified\":\"2021-04-03T17:47:59+00:00\",\"mainEntityOfPage\":{\"@id\":\"https:\\\/\\\/diariotextual.com\\\/inicio\\\/index.php\\\/2021\\\/04\\\/03\\\/un-intendente-el-primero-en-cuestionar-la-destitucion-de-paturlanne\\\/\"},\"wordCount\":636,\"publisher\":{\"@id\":\"https:\\\/\\\/diariotextual.com\\\/inicio\\\/#organization\"},\"image\":{\"@id\":\"https:\\\/\\\/diariotextual.com\\\/inicio\\\/index.php\\\/2021\\\/04\\\/03\\\/un-intendente-el-primero-en-cuestionar-la-destitucion-de-paturlanne\\\/#primaryimage\"},\"thumbnailUrl\":\"https:\\\/\\\/diariotextual.com\\\/inicio\\\/wp-content\\\/uploads\\\/2020\\\/03\\\/fernandezpascualuriburu2020-1000.jpg\",\"keywords\":[\"pascual\"],\"articleSection\":[\"A - PORTADA2\",\"POLITICA\"],\"inLanguage\":\"es\"},{\"@type\":\"WebPage\",\"@id\":\"https:\\\/\\\/diariotextual.com\\\/inicio\\\/index.php\\\/2021\\\/04\\\/03\\\/un-intendente-el-primero-en-cuestionar-la-destitucion-de-paturlanne\\\/\",\"url\":\"https:\\\/\\\/diariotextual.com\\\/inicio\\\/index.php\\\/2021\\\/04\\\/03\\\/un-intendente-el-primero-en-cuestionar-la-destitucion-de-paturlanne\\\/\",\"name\":\"El intendente de Uriburu y la destituci\u00f3n de Paturlanne: \u201cNo puede ser que no haya di\u00e1logo\u201d - Diario Textual\",\"isPartOf\":{\"@id\":\"https:\\\/\\\/diariotextual.com\\\/inicio\\\/#website\"},\"primaryImageOfPage\":{\"@id\":\"https:\\\/\\\/diariotextual.com\\\/inicio\\\/index.php\\\/2021\\\/04\\\/03\\\/un-intendente-el-primero-en-cuestionar-la-destitucion-de-paturlanne\\\/#primaryimage\"},\"image\":{\"@id\":\"https:\\\/\\\/diariotextual.com\\\/inicio\\\/index.php\\\/2021\\\/04\\\/03\\\/un-intendente-el-primero-en-cuestionar-la-destitucion-de-paturlanne\\\/#primaryimage\"},\"thumbnailUrl\":\"https:\\\/\\\/diariotextual.com\\\/inicio\\\/wp-content\\\/uploads\\\/2020\\\/03\\\/fernandezpascualuriburu2020-1000.jpg\",\"datePublished\":\"2021-04-03T14:49:20+00:00\",\"dateModified\":\"2021-04-03T17:47:59+00:00\",\"breadcrumb\":{\"@id\":\"https:\\\/\\\/diariotextual.com\\\/inicio\\\/index.php\\\/2021\\\/04\\\/03\\\/un-intendente-el-primero-en-cuestionar-la-destitucion-de-paturlanne\\\/#breadcrumb\"},\"inLanguage\":\"es\",\"potentialAction\":[{\"@type\":\"ReadAction\",\"target\":[\"https:\\\/\\\/diariotextual.com\\\/inicio\\\/index.php\\\/2021\\\/04\\\/03\\\/un-intendente-el-primero-en-cuestionar-la-destitucion-de-paturlanne\\\/\"]}]},{\"@type\":\"ImageObject\",\"inLanguage\":\"es\",\"@id\":\"https:\\\/\\\/diariotextual.com\\\/inicio\\\/index.php\\\/2021\\\/04\\\/03\\\/un-intendente-el-primero-en-cuestionar-la-destitucion-de-paturlanne\\\/#primaryimage\",\"url\":\"https:\\\/\\\/diariotextual.com\\\/inicio\\\/wp-content\\\/uploads\\\/2020\\\/03\\\/fernandezpascualuriburu2020-1000.jpg\",\"contentUrl\":\"https:\\\/\\\/diariotextual.com\\\/inicio\\\/wp-content\\\/uploads\\\/2020\\\/03\\\/fernandezpascualuriburu2020-1000.jpg\",\"width\":928,\"height\":663},{\"@type\":\"BreadcrumbList\",\"@id\":\"https:\\\/\\\/diariotextual.com\\\/inicio\\\/index.php\\\/2021\\\/04\\\/03\\\/un-intendente-el-primero-en-cuestionar-la-destitucion-de-paturlanne\\\/#breadcrumb\",\"itemListElement\":[{\"@type\":\"ListItem\",\"position\":1,\"name\":\"Portada\",\"item\":\"https:\\\/\\\/diariotextual.com\\\/inicio\\\/\"},{\"@type\":\"ListItem\",\"position\":2,\"name\":\"El intendente de Uriburu y la destituci\u00f3n de Paturlanne: \u201cNo puede ser que no haya di\u00e1logo\u201d\"}]},{\"@type\":\"WebSite\",\"@id\":\"https:\\\/\\\/diariotextual.com\\\/inicio\\\/#website\",\"url\":\"https:\\\/\\\/diariotextual.com\\\/inicio\\\/\",\"name\":\"Diario Textual\",\"description\":\"\",\"publisher\":{\"@id\":\"https:\\\/\\\/diariotextual.com\\\/inicio\\\/#organization\"},\"potentialAction\":[{\"@type\":\"SearchAction\",\"target\":{\"@type\":\"EntryPoint\",\"urlTemplate\":\"https:\\\/\\\/diariotextual.com\\\/inicio\\\/?s={search_term_string}\"},\"query-input\":{\"@type\":\"PropertyValueSpecification\",\"valueRequired\":true,\"valueName\":\"search_term_string\"}}],\"inLanguage\":\"es\"},{\"@type\":\"Organization\",\"@id\":\"https:\\\/\\\/diariotextual.com\\\/inicio\\\/#organization\",\"name\":\"Diario Textual\",\"url\":\"https:\\\/\\\/diariotextual.com\\\/inicio\\\/\",\"logo\":{\"@type\":\"ImageObject\",\"inLanguage\":\"es\",\"@id\":\"https:\\\/\\\/diariotextual.com\\\/inicio\\\/#\\\/schema\\\/logo\\\/image\\\/\",\"url\":\"https:\\\/\\\/diariotextual.com\\\/inicio\\\/wp-content\\\/uploads\\\/2023\\\/05\\\/logotextual1.jpg\",\"contentUrl\":\"https:\\\/\\\/diariotextual.com\\\/inicio\\\/wp-content\\\/uploads\\\/2023\\\/05\\\/logotextual1.jpg\",\"width\":516,\"height\":76,\"caption\":\"Diario Textual\"},\"image\":{\"@id\":\"https:\\\/\\\/diariotextual.com\\\/inicio\\\/#\\\/schema\\\/logo\\\/image\\\/\"},\"sameAs\":[\"https:\\\/\\\/www.facebook.com\\\/eltextual\",\"https:\\\/\\\/x.com\\\/eltextual\",\"http:\\\/\\\/www.instagram.com\\\/eltextual\"]},{\"@type\":\"Person\",\"@id\":\"https:\\\/\\\/diariotextual.com\\\/inicio\\\/#\\\/schema\\\/person\\\/418fc4093c33e86ed41562db3508f958\",\"name\":\"Diario1 Diario1\",\"image\":{\"@type\":\"ImageObject\",\"inLanguage\":\"es\",\"@id\":\"https:\\\/\\\/secure.gravatar.com\\\/avatar\\\/9167d280179c85bc18be67aa7eda765854300033af4896dd779b608640f2ef7a?s=96&d=mm&r=g\",\"url\":\"https:\\\/\\\/secure.gravatar.com\\\/avatar\\\/9167d280179c85bc18be67aa7eda765854300033af4896dd779b608640f2ef7a?s=96&d=mm&r=g\",\"contentUrl\":\"https:\\\/\\\/secure.gravatar.com\\\/avatar\\\/9167d280179c85bc18be67aa7eda765854300033af4896dd779b608640f2ef7a?s=96&d=mm&r=g\",\"caption\":\"Diario1 Diario1\"},\"url\":\"https:\\\/\\\/diariotextual.com\\\/inicio\\\/index.php\\\/author\\\/diario1\\\/\"}]}<\/script>\n<!-- \/ Yoast SEO plugin. -->","yoast_head_json":{"title":"El intendente de Uriburu y la destituci\u00f3n de Paturlanne: \u201cNo puede ser que no haya di\u00e1logo\u201d - Diario Textual","robots":{"index":"index","follow":"follow","max-snippet":"max-snippet:-1","max-image-preview":"max-image-preview:large","max-video-preview":"max-video-preview:-1"},"canonical":"https:\/\/diariotextual.com\/inicio\/index.php\/2021\/04\/03\/un-intendente-el-primero-en-cuestionar-la-destitucion-de-paturlanne\/","og_locale":"es_ES","og_type":"article","og_title":"El intendente de Uriburu y la destituci\u00f3n de Paturlanne: \u201cNo puede ser que no haya di\u00e1logo\u201d - Diario Textual","og_description":"Pascual Fern\u00e1ndez (Frejupa, vernista), intendente de Uriburu, cuestion\u00f3 la \u201cla falta de di\u00e1logo\u201d que desemboc\u00f3 en la destituci\u00f3n de la jefa comunal de Santa Isabel, Marta Paturlanne (Frejupa, marinista). \u201cEst\u00e1&hellip;","og_url":"https:\/\/diariotextual.com\/inicio\/index.php\/2021\/04\/03\/un-intendente-el-primero-en-cuestionar-la-destitucion-de-paturlanne\/","og_site_name":"Diario Textual","article_publisher":"https:\/\/www.facebook.com\/eltextual","article_published_time":"2021-04-03T14:49:20+00:00","article_modified_time":"2021-04-03T17:47:59+00:00","og_image":[{"width":928,"height":663,"url":"https:\/\/diariotextual.com\/inicio\/wp-content\/uploads\/2020\/03\/fernandezpascualuriburu2020-1000.jpg","type":"image\/jpeg"}],"author":"Diario1 Diario1","twitter_card":"summary_large_image","twitter_creator":"@eltextual","twitter_site":"@eltextual","twitter_misc":{"Escrito por":"Diario1 Diario1","Tiempo de lectura":"3 minutos"},"schema":{"@context":"https:\/\/schema.org","@graph":[{"@type":"Article","@id":"https:\/\/diariotextual.com\/inicio\/index.php\/2021\/04\/03\/un-intendente-el-primero-en-cuestionar-la-destitucion-de-paturlanne\/#article","isPartOf":{"@id":"https:\/\/diariotextual.com\/inicio\/index.php\/2021\/04\/03\/un-intendente-el-primero-en-cuestionar-la-destitucion-de-paturlanne\/"},"author":{"name":"Diario1 Diario1","@id":"https:\/\/diariotextual.com\/inicio\/#\/schema\/person\/418fc4093c33e86ed41562db3508f958"},"headline":"El intendente de Uriburu y la destituci\u00f3n de Paturlanne: \u201cNo puede ser que no haya di\u00e1logo\u201d","datePublished":"2021-04-03T14:49:20+00:00","dateModified":"2021-04-03T17:47:59+00:00","mainEntityOfPage":{"@id":"https:\/\/diariotextual.com\/inicio\/index.php\/2021\/04\/03\/un-intendente-el-primero-en-cuestionar-la-destitucion-de-paturlanne\/"},"wordCount":636,"publisher":{"@id":"https:\/\/diariotextual.com\/inicio\/#organization"},"image":{"@id":"https:\/\/diariotextual.com\/inicio\/index.php\/2021\/04\/03\/un-intendente-el-primero-en-cuestionar-la-destitucion-de-paturlanne\/#primaryimage"},"thumbnailUrl":"https:\/\/diariotextual.com\/inicio\/wp-content\/uploads\/2020\/03\/fernandezpascualuriburu2020-1000.jpg","keywords":["pascual"],"articleSection":["A - PORTADA2","POLITICA"],"inLanguage":"es"},{"@type":"WebPage","@id":"https:\/\/diariotextual.com\/inicio\/index.php\/2021\/04\/03\/un-intendente-el-primero-en-cuestionar-la-destitucion-de-paturlanne\/","url":"https:\/\/diariotextual.com\/inicio\/index.php\/2021\/04\/03\/un-intendente-el-primero-en-cuestionar-la-destitucion-de-paturlanne\/","name":"El intendente de Uriburu y la destituci\u00f3n de Paturlanne: \u201cNo puede ser que no haya di\u00e1logo\u201d - Diario Textual","isPartOf":{"@id":"https:\/\/diariotextual.com\/inicio\/#website"},"primaryImageOfPage":{"@id":"https:\/\/diariotextual.com\/inicio\/index.php\/2021\/04\/03\/un-intendente-el-primero-en-cuestionar-la-destitucion-de-paturlanne\/#primaryimage"},"image":{"@id":"https:\/\/diariotextual.com\/inicio\/index.php\/2021\/04\/03\/un-intendente-el-primero-en-cuestionar-la-destitucion-de-paturlanne\/#primaryimage"},"thumbnailUrl":"https:\/\/diariotextual.com\/inicio\/wp-content\/uploads\/2020\/03\/fernandezpascualuriburu2020-1000.jpg","datePublished":"2021-04-03T14:49:20+00:00","dateModified":"2021-04-03T17:47:59+00:00","breadcrumb":{"@id":"https:\/\/diariotextual.com\/inicio\/index.php\/2021\/04\/03\/un-intendente-el-primero-en-cuestionar-la-destitucion-de-paturlanne\/#breadcrumb"},"inLanguage":"es","potentialAction":[{"@type":"ReadAction","target":["https:\/\/diariotextual.com\/inicio\/index.php\/2021\/04\/03\/un-intendente-el-primero-en-cuestionar-la-destitucion-de-paturlanne\/"]}]},{"@type":"ImageObject","inLanguage":"es","@id":"https:\/\/diariotextual.com\/inicio\/index.php\/2021\/04\/03\/un-intendente-el-primero-en-cuestionar-la-destitucion-de-paturlanne\/#primaryimage","url":"https:\/\/diariotextual.com\/inicio\/wp-content\/uploads\/2020\/03\/fernandezpascualuriburu2020-1000.jpg","contentUrl":"https:\/\/diariotextual.com\/inicio\/wp-content\/uploads\/2020\/03\/fernandezpascualuriburu2020-1000.jpg","width":928,"height":663},{"@type":"BreadcrumbList","@id":"https:\/\/diariotextual.com\/inicio\/index.php\/2021\/04\/03\/un-intendente-el-primero-en-cuestionar-la-destitucion-de-paturlanne\/#breadcrumb","itemListElement":[{"@type":"ListItem","position":1,"name":"Portada","item":"https:\/\/diariotextual.com\/inicio\/"},{"@type":"ListItem","position":2,"name":"El intendente de Uriburu y la destituci\u00f3n de Paturlanne: \u201cNo puede ser que no haya di\u00e1logo\u201d"}]},{"@type":"WebSite","@id":"https:\/\/diariotextual.com\/inicio\/#website","url":"https:\/\/diariotextual.com\/inicio\/","name":"Diario Textual","description":"","publisher":{"@id":"https:\/\/diariotextual.com\/inicio\/#organization"},"potentialAction":[{"@type":"SearchAction","target":{"@type":"EntryPoint","urlTemplate":"https:\/\/diariotextual.com\/inicio\/?s={search_term_string}"},"query-input":{"@type":"PropertyValueSpecification","valueRequired":true,"valueName":"search_term_string"}}],"inLanguage":"es"},{"@type":"Organization","@id":"https:\/\/diariotextual.com\/inicio\/#organization","name":"Diario Textual","url":"https:\/\/diariotextual.com\/inicio\/","logo":{"@type":"ImageObject","inLanguage":"es","@id":"https:\/\/diariotextual.com\/inicio\/#\/schema\/logo\/image\/","url":"https:\/\/diariotextual.com\/inicio\/wp-content\/uploads\/2023\/05\/logotextual1.jpg","contentUrl":"https:\/\/diariotextual.com\/inicio\/wp-content\/uploads\/2023\/05\/logotextual1.jpg","width":516,"height":76,"caption":"Diario Textual"},"image":{"@id":"https:\/\/diariotextual.com\/inicio\/#\/schema\/logo\/image\/"},"sameAs":["https:\/\/www.facebook.com\/eltextual","https:\/\/x.com\/eltextual","http:\/\/www.instagram.com\/eltextual"]},{"@type":"Person","@id":"https:\/\/diariotextual.com\/inicio\/#\/schema\/person\/418fc4093c33e86ed41562db3508f958","name":"Diario1 Diario1","image":{"@type":"ImageObject","inLanguage":"es","@id":"https:\/\/secure.gravatar.com\/avatar\/9167d280179c85bc18be67aa7eda765854300033af4896dd779b608640f2ef7a?s=96&d=mm&r=g","url":"https:\/\/secure.gravatar.com\/avatar\/9167d280179c85bc18be67aa7eda765854300033af4896dd779b608640f2ef7a?s=96&d=mm&r=g","contentUrl":"https:\/\/secure.gravatar.com\/avatar\/9167d280179c85bc18be67aa7eda765854300033af4896dd779b608640f2ef7a?s=96&d=mm&r=g","caption":"Diario1 Diario1"},"url":"https:\/\/diariotextual.com\/inicio\/index.php\/author\/diario1\/"}]}},"_links":{"self":[{"href":"https:\/\/diariotextual.com\/inicio\/index.php\/wp-json\/wp\/v2\/posts\/140078","targetHints":{"allow":["GET"]}}],"collection":[{"href":"https:\/\/diariotextual.com\/inicio\/index.php\/wp-json\/wp\/v2\/posts"}],"about":[{"href":"https:\/\/diariotextual.com\/inicio\/index.php\/wp-json\/wp\/v2\/types\/post"}],"author":[{"embeddable":true,"href":"https:\/\/diariotextual.com\/inicio\/index.php\/wp-json\/wp\/v2\/users\/3"}],"replies":[{"embeddable":true,"href":"https:\/\/diariotextual.com\/inicio\/index.php\/wp-json\/wp\/v2\/comments?post=140078"}],"version-history":[{"count":18,"href":"https:\/\/diariotextual.com\/inicio\/index.php\/wp-json\/wp\/v2\/posts\/140078\/revisions"}],"predecessor-version":[{"id":140108,"href":"https:\/\/diariotextual.com\/inicio\/index.php\/wp-json\/wp\/v2\/posts\/140078\/revisions\/140108"}],"wp:featuredmedia":[{"embeddable":true,"href":"https:\/\/diariotextual.com\/inicio\/index.php\/wp-json\/wp\/v2\/media\/84322"}],"wp:attachment":[{"href":"https:\/\/diariotextual.com\/inicio\/index.php\/wp-json\/wp\/v2\/media?parent=140078"}],"wp:term":[{"taxonomy":"category","embeddable":true,"href":"https:\/\/diariotextual.com\/inicio\/index.php\/wp-json\/wp\/v2\/categories?post=140078"},{"taxonomy":"post_tag","embeddable":true,"href":"https:\/\/diariotextual.com\/inicio\/index.php\/wp-json\/wp\/v2\/tags?post=140078"}],"curies":[{"name":"wp","href":"https:\/\/api.w.org\/{rel}","templated":true}]}}