{"id":141635,"date":"2021-04-16T09:57:17","date_gmt":"2021-04-16T12:57:17","guid":{"rendered":"http:\/\/diariotextual.com\/inicio\/?p=141635"},"modified":"2021-04-16T10:04:18","modified_gmt":"2021-04-16T13:04:18","slug":"salarios-el-gobierno-provincial-activo-la-clausula-gatillo","status":"publish","type":"post","link":"https:\/\/diariotextual.com\/inicio\/index.php\/2021\/04\/16\/salarios-el-gobierno-provincial-activo-la-clausula-gatillo\/","title":{"rendered":"Salarios: se activ\u00f3 la cl\u00e1usula gatillo y estatales pampeanos tendr\u00e1n aumento del 3,45%"},"content":{"rendered":"\n<p>El Poder Ejecutivo Provincial comunic\u00f3 este viernes que, en cumplimiento del acuerdo paritario, se procedi\u00f3 a activar la cl\u00e1usula gatillo para el primer trimestre del a\u00f1o, en virtud de haberse publicado en el d\u00eda de ayer el Indice de Precios al Consumidor (IPC) referido al mes de marzo complementando de esta manera la inflaci\u00f3n del per\u00edodo. \u00a0<\/p>\n\n\n\n<p>Con la publicaci\u00f3n de este dato, la inflaci\u00f3n del primer trimestre en la Regi\u00f3n Pampeana alcanz\u00f3 el 13,45 %, la cual, comparada con la incrementos salariales otorgados en los meses de febrero y marzo del 10% arroja un incremento salarial del 3.45%, el que ser\u00e1 abonado en la liquidaci\u00f3n general del mes de abril. <\/p>\n\n\n\n<p>A tal efecto se encuentran en marcha los procedimientos administrativos para el dictado del decreto correspondiente haciendo efectiva la medida, que alcanza a los empleados y pensionados provinciales, los pasantes que se desempe\u00f1an en el \u00e1mbito p\u00fablico provincial y se trasladar\u00e1 a los haberes previsionales de los jubilados provinciales, en la oportunidad establecida legalmente.<\/p>\n\n\n\n<p>\u201cLa medida constituye un importante esfuerzo financiero para el tesoro provincial y tiene como objetivo acompa\u00f1ar, siempre que las posibilidades financieras y presupuestarias as\u00ed lo permitan, el incremento del costo de vida para que los salarios de sus empleados p\u00fablicos mantengan su poder adquisitivo\u201d, dijo el Gobierno.<\/p>\n\n\n\n<p>Tambi\u00e9n expres\u00f3 el \u201ccompromiso\u201d de reunirse con los gremios en el mes de julio para analizar la inflaci\u00f3n y los niveles de recaudaci\u00f3n del primer semestre del a\u00f1o a los efectos de considerar qu\u00e9 porcentaje de crecimiento real se aplicar\u00e1 sobre los salarios de los empleados p\u00fablicos siempre de acuerdo a las posibilidades financieras del Tesoro Provincial.<\/p>\n","protected":false},"excerpt":{"rendered":"<p>El Poder Ejecutivo Provincial comunic\u00f3 este viernes que, en cumplimiento del acuerdo paritario, se procedi\u00f3 a activar la cl\u00e1usula gatillo para el primer trimestre del a\u00f1o, en virtud de haberse&hellip;<\/p>\n","protected":false},"author":7,"featured_media":135833,"comment_status":"closed","ping_status":"open","sticky":false,"template":"","format":"standard","meta":{"_acf_changed":false,"footnotes":""},"categories":[4,12],"tags":[1055],"class_list":["post-141635","post","type-post","status-publish","format-standard","has-post-thumbnail","hentry","category-destacadas","category-sociedad","tag-clausula-gatillo"],"acf":[],"yoast_head":"<!-- This site is optimized with the Yoast SEO plugin v27.5 - https:\/\/yoast.com\/product\/yoast-seo-wordpress\/ -->\n<title>Salarios: se activ\u00f3 la cl\u00e1usula gatillo y estatales pampeanos tendr\u00e1n aumento del 3,45% - Diario Textual<\/title>\n<meta name=\"robots\" content=\"index, follow, max-snippet:-1, max-image-preview:large, max-video-preview:-1\" \/>\n<link rel=\"canonical\" href=\"https:\/\/diariotextual.com\/inicio\/index.php\/2021\/04\/16\/salarios-el-gobierno-provincial-activo-la-clausula-gatillo\/\" \/>\n<meta property=\"og:locale\" content=\"es_ES\" \/>\n<meta property=\"og:type\" content=\"article\" \/>\n<meta property=\"og:title\" content=\"Salarios: se activ\u00f3 la cl\u00e1usula gatillo y estatales pampeanos tendr\u00e1n aumento del 3,45% - Diario Textual\" \/>\n<meta property=\"og:description\" content=\"El Poder Ejecutivo Provincial comunic\u00f3 este viernes que, en cumplimiento del acuerdo paritario, se procedi\u00f3 a activar la cl\u00e1usula gatillo para el primer trimestre del a\u00f1o, en virtud de haberse&hellip;\" \/>\n<meta property=\"og:url\" content=\"https:\/\/diariotextual.com\/inicio\/index.php\/2021\/04\/16\/salarios-el-gobierno-provincial-activo-la-clausula-gatillo\/\" \/>\n<meta property=\"og:site_name\" content=\"Diario Textual\" \/>\n<meta property=\"article:publisher\" content=\"https:\/\/www.facebook.com\/eltextual\" \/>\n<meta property=\"article:published_time\" content=\"2021-04-16T12:57:17+00:00\" \/>\n<meta property=\"article:modified_time\" content=\"2021-04-16T13:04:18+00:00\" \/>\n<meta property=\"og:image\" content=\"https:\/\/diariotextual.com\/inicio\/wp-content\/uploads\/2021\/03\/paritariaestatal2021apn.jpg\" \/>\n\t<meta property=\"og:image:width\" content=\"1398\" \/>\n\t<meta property=\"og:image:height\" content=\"933\" \/>\n\t<meta property=\"og:image:type\" content=\"image\/jpeg\" \/>\n<meta name=\"author\" content=\"diario5\" \/>\n<meta name=\"twitter:card\" content=\"summary_large_image\" \/>\n<meta name=\"twitter:creator\" content=\"@eltextual\" \/>\n<meta name=\"twitter:site\" content=\"@eltextual\" \/>\n<meta name=\"twitter:label1\" content=\"Escrito por\" \/>\n\t<meta name=\"twitter:data1\" content=\"diario5\" \/>\n\t<meta name=\"twitter:label2\" content=\"Tiempo de lectura\" \/>\n\t<meta name=\"twitter:data2\" content=\"2 minutos\" \/>\n<script type=\"application\/ld+json\" class=\"yoast-schema-graph\">{\"@context\":\"https:\\\/\\\/schema.org\",\"@graph\":[{\"@type\":\"Article\",\"@id\":\"https:\\\/\\\/diariotextual.com\\\/inicio\\\/index.php\\\/2021\\\/04\\\/16\\\/salarios-el-gobierno-provincial-activo-la-clausula-gatillo\\\/#article\",\"isPartOf\":{\"@id\":\"https:\\\/\\\/diariotextual.com\\\/inicio\\\/index.php\\\/2021\\\/04\\\/16\\\/salarios-el-gobierno-provincial-activo-la-clausula-gatillo\\\/\"},\"author\":{\"name\":\"diario5\",\"@id\":\"https:\\\/\\\/diariotextual.com\\\/inicio\\\/#\\\/schema\\\/person\\\/c7834961ad8b29b1d9cdbf4571299067\"},\"headline\":\"Salarios: se activ\u00f3 la cl\u00e1usula gatillo y estatales pampeanos tendr\u00e1n aumento del 3,45%\",\"datePublished\":\"2021-04-16T12:57:17+00:00\",\"dateModified\":\"2021-04-16T13:04:18+00:00\",\"mainEntityOfPage\":{\"@id\":\"https:\\\/\\\/diariotextual.com\\\/inicio\\\/index.php\\\/2021\\\/04\\\/16\\\/salarios-el-gobierno-provincial-activo-la-clausula-gatillo\\\/\"},\"wordCount\":296,\"publisher\":{\"@id\":\"https:\\\/\\\/diariotextual.com\\\/inicio\\\/#organization\"},\"image\":{\"@id\":\"https:\\\/\\\/diariotextual.com\\\/inicio\\\/index.php\\\/2021\\\/04\\\/16\\\/salarios-el-gobierno-provincial-activo-la-clausula-gatillo\\\/#primaryimage\"},\"thumbnailUrl\":\"https:\\\/\\\/diariotextual.com\\\/inicio\\\/wp-content\\\/uploads\\\/2021\\\/03\\\/paritariaestatal2021apn.jpg\",\"keywords\":[\"cl\u00e1usula gatillo\"],\"articleSection\":[\"A - DESTACADAS (mod 16)\",\"SOCIEDAD\"],\"inLanguage\":\"es\"},{\"@type\":\"WebPage\",\"@id\":\"https:\\\/\\\/diariotextual.com\\\/inicio\\\/index.php\\\/2021\\\/04\\\/16\\\/salarios-el-gobierno-provincial-activo-la-clausula-gatillo\\\/\",\"url\":\"https:\\\/\\\/diariotextual.com\\\/inicio\\\/index.php\\\/2021\\\/04\\\/16\\\/salarios-el-gobierno-provincial-activo-la-clausula-gatillo\\\/\",\"name\":\"Salarios: se activ\u00f3 la cl\u00e1usula gatillo y estatales pampeanos tendr\u00e1n aumento del 3,45% - Diario Textual\",\"isPartOf\":{\"@id\":\"https:\\\/\\\/diariotextual.com\\\/inicio\\\/#website\"},\"primaryImageOfPage\":{\"@id\":\"https:\\\/\\\/diariotextual.com\\\/inicio\\\/index.php\\\/2021\\\/04\\\/16\\\/salarios-el-gobierno-provincial-activo-la-clausula-gatillo\\\/#primaryimage\"},\"image\":{\"@id\":\"https:\\\/\\\/diariotextual.com\\\/inicio\\\/index.php\\\/2021\\\/04\\\/16\\\/salarios-el-gobierno-provincial-activo-la-clausula-gatillo\\\/#primaryimage\"},\"thumbnailUrl\":\"https:\\\/\\\/diariotextual.com\\\/inicio\\\/wp-content\\\/uploads\\\/2021\\\/03\\\/paritariaestatal2021apn.jpg\",\"datePublished\":\"2021-04-16T12:57:17+00:00\",\"dateModified\":\"2021-04-16T13:04:18+00:00\",\"breadcrumb\":{\"@id\":\"https:\\\/\\\/diariotextual.com\\\/inicio\\\/index.php\\\/2021\\\/04\\\/16\\\/salarios-el-gobierno-provincial-activo-la-clausula-gatillo\\\/#breadcrumb\"},\"inLanguage\":\"es\",\"potentialAction\":[{\"@type\":\"ReadAction\",\"target\":[\"https:\\\/\\\/diariotextual.com\\\/inicio\\\/index.php\\\/2021\\\/04\\\/16\\\/salarios-el-gobierno-provincial-activo-la-clausula-gatillo\\\/\"]}]},{\"@type\":\"ImageObject\",\"inLanguage\":\"es\",\"@id\":\"https:\\\/\\\/diariotextual.com\\\/inicio\\\/index.php\\\/2021\\\/04\\\/16\\\/salarios-el-gobierno-provincial-activo-la-clausula-gatillo\\\/#primaryimage\",\"url\":\"https:\\\/\\\/diariotextual.com\\\/inicio\\\/wp-content\\\/uploads\\\/2021\\\/03\\\/paritariaestatal2021apn.jpg\",\"contentUrl\":\"https:\\\/\\\/diariotextual.com\\\/inicio\\\/wp-content\\\/uploads\\\/2021\\\/03\\\/paritariaestatal2021apn.jpg\",\"width\":1398,\"height\":933},{\"@type\":\"BreadcrumbList\",\"@id\":\"https:\\\/\\\/diariotextual.com\\\/inicio\\\/index.php\\\/2021\\\/04\\\/16\\\/salarios-el-gobierno-provincial-activo-la-clausula-gatillo\\\/#breadcrumb\",\"itemListElement\":[{\"@type\":\"ListItem\",\"position\":1,\"name\":\"Portada\",\"item\":\"https:\\\/\\\/diariotextual.com\\\/inicio\\\/\"},{\"@type\":\"ListItem\",\"position\":2,\"name\":\"Salarios: se activ\u00f3 la cl\u00e1usula gatillo y estatales pampeanos tendr\u00e1n aumento del 3,45%\"}]},{\"@type\":\"WebSite\",\"@id\":\"https:\\\/\\\/diariotextual.com\\\/inicio\\\/#website\",\"url\":\"https:\\\/\\\/diariotextual.com\\\/inicio\\\/\",\"name\":\"Diario Textual\",\"description\":\"\",\"publisher\":{\"@id\":\"https:\\\/\\\/diariotextual.com\\\/inicio\\\/#organization\"},\"potentialAction\":[{\"@type\":\"SearchAction\",\"target\":{\"@type\":\"EntryPoint\",\"urlTemplate\":\"https:\\\/\\\/diariotextual.com\\\/inicio\\\/?s={search_term_string}\"},\"query-input\":{\"@type\":\"PropertyValueSpecification\",\"valueRequired\":true,\"valueName\":\"search_term_string\"}}],\"inLanguage\":\"es\"},{\"@type\":\"Organization\",\"@id\":\"https:\\\/\\\/diariotextual.com\\\/inicio\\\/#organization\",\"name\":\"Diario Textual\",\"url\":\"https:\\\/\\\/diariotextual.com\\\/inicio\\\/\",\"logo\":{\"@type\":\"ImageObject\",\"inLanguage\":\"es\",\"@id\":\"https:\\\/\\\/diariotextual.com\\\/inicio\\\/#\\\/schema\\\/logo\\\/image\\\/\",\"url\":\"https:\\\/\\\/diariotextual.com\\\/inicio\\\/wp-content\\\/uploads\\\/2023\\\/05\\\/logotextual1.jpg\",\"contentUrl\":\"https:\\\/\\\/diariotextual.com\\\/inicio\\\/wp-content\\\/uploads\\\/2023\\\/05\\\/logotextual1.jpg\",\"width\":516,\"height\":76,\"caption\":\"Diario Textual\"},\"image\":{\"@id\":\"https:\\\/\\\/diariotextual.com\\\/inicio\\\/#\\\/schema\\\/logo\\\/image\\\/\"},\"sameAs\":[\"https:\\\/\\\/www.facebook.com\\\/eltextual\",\"https:\\\/\\\/x.com\\\/eltextual\",\"http:\\\/\\\/www.instagram.com\\\/eltextual\"]},{\"@type\":\"Person\",\"@id\":\"https:\\\/\\\/diariotextual.com\\\/inicio\\\/#\\\/schema\\\/person\\\/c7834961ad8b29b1d9cdbf4571299067\",\"name\":\"diario5\",\"image\":{\"@type\":\"ImageObject\",\"inLanguage\":\"es\",\"@id\":\"https:\\\/\\\/secure.gravatar.com\\\/avatar\\\/948c893b847ca6df68216ead81b63f363408ec9b0f600fefc0641ce78613b111?s=96&d=mm&r=g\",\"url\":\"https:\\\/\\\/secure.gravatar.com\\\/avatar\\\/948c893b847ca6df68216ead81b63f363408ec9b0f600fefc0641ce78613b111?s=96&d=mm&r=g\",\"contentUrl\":\"https:\\\/\\\/secure.gravatar.com\\\/avatar\\\/948c893b847ca6df68216ead81b63f363408ec9b0f600fefc0641ce78613b111?s=96&d=mm&r=g\",\"caption\":\"diario5\"},\"url\":\"https:\\\/\\\/diariotextual.com\\\/inicio\\\/index.php\\\/author\\\/diario5\\\/\"}]}<\/script>\n<!-- \/ Yoast SEO plugin. -->","yoast_head_json":{"title":"Salarios: se activ\u00f3 la cl\u00e1usula gatillo y estatales pampeanos tendr\u00e1n aumento del 3,45% - Diario Textual","robots":{"index":"index","follow":"follow","max-snippet":"max-snippet:-1","max-image-preview":"max-image-preview:large","max-video-preview":"max-video-preview:-1"},"canonical":"https:\/\/diariotextual.com\/inicio\/index.php\/2021\/04\/16\/salarios-el-gobierno-provincial-activo-la-clausula-gatillo\/","og_locale":"es_ES","og_type":"article","og_title":"Salarios: se activ\u00f3 la cl\u00e1usula gatillo y estatales pampeanos tendr\u00e1n aumento del 3,45% - Diario Textual","og_description":"El Poder Ejecutivo Provincial comunic\u00f3 este viernes que, en cumplimiento del acuerdo paritario, se procedi\u00f3 a activar la cl\u00e1usula gatillo para el primer trimestre del a\u00f1o, en virtud de haberse&hellip;","og_url":"https:\/\/diariotextual.com\/inicio\/index.php\/2021\/04\/16\/salarios-el-gobierno-provincial-activo-la-clausula-gatillo\/","og_site_name":"Diario Textual","article_publisher":"https:\/\/www.facebook.com\/eltextual","article_published_time":"2021-04-16T12:57:17+00:00","article_modified_time":"2021-04-16T13:04:18+00:00","og_image":[{"width":1398,"height":933,"url":"https:\/\/diariotextual.com\/inicio\/wp-content\/uploads\/2021\/03\/paritariaestatal2021apn.jpg","type":"image\/jpeg"}],"author":"diario5","twitter_card":"summary_large_image","twitter_creator":"@eltextual","twitter_site":"@eltextual","twitter_misc":{"Escrito por":"diario5","Tiempo de lectura":"2 minutos"},"schema":{"@context":"https:\/\/schema.org","@graph":[{"@type":"Article","@id":"https:\/\/diariotextual.com\/inicio\/index.php\/2021\/04\/16\/salarios-el-gobierno-provincial-activo-la-clausula-gatillo\/#article","isPartOf":{"@id":"https:\/\/diariotextual.com\/inicio\/index.php\/2021\/04\/16\/salarios-el-gobierno-provincial-activo-la-clausula-gatillo\/"},"author":{"name":"diario5","@id":"https:\/\/diariotextual.com\/inicio\/#\/schema\/person\/c7834961ad8b29b1d9cdbf4571299067"},"headline":"Salarios: se activ\u00f3 la cl\u00e1usula gatillo y estatales pampeanos tendr\u00e1n aumento del 3,45%","datePublished":"2021-04-16T12:57:17+00:00","dateModified":"2021-04-16T13:04:18+00:00","mainEntityOfPage":{"@id":"https:\/\/diariotextual.com\/inicio\/index.php\/2021\/04\/16\/salarios-el-gobierno-provincial-activo-la-clausula-gatillo\/"},"wordCount":296,"publisher":{"@id":"https:\/\/diariotextual.com\/inicio\/#organization"},"image":{"@id":"https:\/\/diariotextual.com\/inicio\/index.php\/2021\/04\/16\/salarios-el-gobierno-provincial-activo-la-clausula-gatillo\/#primaryimage"},"thumbnailUrl":"https:\/\/diariotextual.com\/inicio\/wp-content\/uploads\/2021\/03\/paritariaestatal2021apn.jpg","keywords":["cl\u00e1usula gatillo"],"articleSection":["A - DESTACADAS (mod 16)","SOCIEDAD"],"inLanguage":"es"},{"@type":"WebPage","@id":"https:\/\/diariotextual.com\/inicio\/index.php\/2021\/04\/16\/salarios-el-gobierno-provincial-activo-la-clausula-gatillo\/","url":"https:\/\/diariotextual.com\/inicio\/index.php\/2021\/04\/16\/salarios-el-gobierno-provincial-activo-la-clausula-gatillo\/","name":"Salarios: se activ\u00f3 la cl\u00e1usula gatillo y estatales pampeanos tendr\u00e1n aumento del 3,45% - Diario Textual","isPartOf":{"@id":"https:\/\/diariotextual.com\/inicio\/#website"},"primaryImageOfPage":{"@id":"https:\/\/diariotextual.com\/inicio\/index.php\/2021\/04\/16\/salarios-el-gobierno-provincial-activo-la-clausula-gatillo\/#primaryimage"},"image":{"@id":"https:\/\/diariotextual.com\/inicio\/index.php\/2021\/04\/16\/salarios-el-gobierno-provincial-activo-la-clausula-gatillo\/#primaryimage"},"thumbnailUrl":"https:\/\/diariotextual.com\/inicio\/wp-content\/uploads\/2021\/03\/paritariaestatal2021apn.jpg","datePublished":"2021-04-16T12:57:17+00:00","dateModified":"2021-04-16T13:04:18+00:00","breadcrumb":{"@id":"https:\/\/diariotextual.com\/inicio\/index.php\/2021\/04\/16\/salarios-el-gobierno-provincial-activo-la-clausula-gatillo\/#breadcrumb"},"inLanguage":"es","potentialAction":[{"@type":"ReadAction","target":["https:\/\/diariotextual.com\/inicio\/index.php\/2021\/04\/16\/salarios-el-gobierno-provincial-activo-la-clausula-gatillo\/"]}]},{"@type":"ImageObject","inLanguage":"es","@id":"https:\/\/diariotextual.com\/inicio\/index.php\/2021\/04\/16\/salarios-el-gobierno-provincial-activo-la-clausula-gatillo\/#primaryimage","url":"https:\/\/diariotextual.com\/inicio\/wp-content\/uploads\/2021\/03\/paritariaestatal2021apn.jpg","contentUrl":"https:\/\/diariotextual.com\/inicio\/wp-content\/uploads\/2021\/03\/paritariaestatal2021apn.jpg","width":1398,"height":933},{"@type":"BreadcrumbList","@id":"https:\/\/diariotextual.com\/inicio\/index.php\/2021\/04\/16\/salarios-el-gobierno-provincial-activo-la-clausula-gatillo\/#breadcrumb","itemListElement":[{"@type":"ListItem","position":1,"name":"Portada","item":"https:\/\/diariotextual.com\/inicio\/"},{"@type":"ListItem","position":2,"name":"Salarios: se activ\u00f3 la cl\u00e1usula gatillo y estatales pampeanos tendr\u00e1n aumento del 3,45%"}]},{"@type":"WebSite","@id":"https:\/\/diariotextual.com\/inicio\/#website","url":"https:\/\/diariotextual.com\/inicio\/","name":"Diario Textual","description":"","publisher":{"@id":"https:\/\/diariotextual.com\/inicio\/#organization"},"potentialAction":[{"@type":"SearchAction","target":{"@type":"EntryPoint","urlTemplate":"https:\/\/diariotextual.com\/inicio\/?s={search_term_string}"},"query-input":{"@type":"PropertyValueSpecification","valueRequired":true,"valueName":"search_term_string"}}],"inLanguage":"es"},{"@type":"Organization","@id":"https:\/\/diariotextual.com\/inicio\/#organization","name":"Diario Textual","url":"https:\/\/diariotextual.com\/inicio\/","logo":{"@type":"ImageObject","inLanguage":"es","@id":"https:\/\/diariotextual.com\/inicio\/#\/schema\/logo\/image\/","url":"https:\/\/diariotextual.com\/inicio\/wp-content\/uploads\/2023\/05\/logotextual1.jpg","contentUrl":"https:\/\/diariotextual.com\/inicio\/wp-content\/uploads\/2023\/05\/logotextual1.jpg","width":516,"height":76,"caption":"Diario Textual"},"image":{"@id":"https:\/\/diariotextual.com\/inicio\/#\/schema\/logo\/image\/"},"sameAs":["https:\/\/www.facebook.com\/eltextual","https:\/\/x.com\/eltextual","http:\/\/www.instagram.com\/eltextual"]},{"@type":"Person","@id":"https:\/\/diariotextual.com\/inicio\/#\/schema\/person\/c7834961ad8b29b1d9cdbf4571299067","name":"diario5","image":{"@type":"ImageObject","inLanguage":"es","@id":"https:\/\/secure.gravatar.com\/avatar\/948c893b847ca6df68216ead81b63f363408ec9b0f600fefc0641ce78613b111?s=96&d=mm&r=g","url":"https:\/\/secure.gravatar.com\/avatar\/948c893b847ca6df68216ead81b63f363408ec9b0f600fefc0641ce78613b111?s=96&d=mm&r=g","contentUrl":"https:\/\/secure.gravatar.com\/avatar\/948c893b847ca6df68216ead81b63f363408ec9b0f600fefc0641ce78613b111?s=96&d=mm&r=g","caption":"diario5"},"url":"https:\/\/diariotextual.com\/inicio\/index.php\/author\/diario5\/"}]}},"_links":{"self":[{"href":"https:\/\/diariotextual.com\/inicio\/index.php\/wp-json\/wp\/v2\/posts\/141635","targetHints":{"allow":["GET"]}}],"collection":[{"href":"https:\/\/diariotextual.com\/inicio\/index.php\/wp-json\/wp\/v2\/posts"}],"about":[{"href":"https:\/\/diariotextual.com\/inicio\/index.php\/wp-json\/wp\/v2\/types\/post"}],"author":[{"embeddable":true,"href":"https:\/\/diariotextual.com\/inicio\/index.php\/wp-json\/wp\/v2\/users\/7"}],"replies":[{"embeddable":true,"href":"https:\/\/diariotextual.com\/inicio\/index.php\/wp-json\/wp\/v2\/comments?post=141635"}],"version-history":[{"count":3,"href":"https:\/\/diariotextual.com\/inicio\/index.php\/wp-json\/wp\/v2\/posts\/141635\/revisions"}],"predecessor-version":[{"id":141642,"href":"https:\/\/diariotextual.com\/inicio\/index.php\/wp-json\/wp\/v2\/posts\/141635\/revisions\/141642"}],"wp:featuredmedia":[{"embeddable":true,"href":"https:\/\/diariotextual.com\/inicio\/index.php\/wp-json\/wp\/v2\/media\/135833"}],"wp:attachment":[{"href":"https:\/\/diariotextual.com\/inicio\/index.php\/wp-json\/wp\/v2\/media?parent=141635"}],"wp:term":[{"taxonomy":"category","embeddable":true,"href":"https:\/\/diariotextual.com\/inicio\/index.php\/wp-json\/wp\/v2\/categories?post=141635"},{"taxonomy":"post_tag","embeddable":true,"href":"https:\/\/diariotextual.com\/inicio\/index.php\/wp-json\/wp\/v2\/tags?post=141635"}],"curies":[{"name":"wp","href":"https:\/\/api.w.org\/{rel}","templated":true}]}}