{"id":14364,"date":"2018-07-22T08:28:32","date_gmt":"2018-07-22T11:28:32","guid":{"rendered":"http:\/\/diariotextual.com\/inicio\/?p=14364"},"modified":"2018-07-22T08:28:32","modified_gmt":"2018-07-22T11:28:32","slug":"historico-cuba-eliminara-la-palabra-comunismo-constitucion","status":"publish","type":"post","link":"https:\/\/diariotextual.com\/inicio\/index.php\/2018\/07\/22\/historico-cuba-eliminara-la-palabra-comunismo-constitucion\/","title":{"rendered":"Hist\u00f3rico: Cuba eliminar\u00e1 la palabra \u00abcomunismo\u00bb de su Constituci\u00f3n"},"content":{"rendered":"<p>La Asamblea Nacional (AN) del <strong>Poder Popular de Cuba<\/strong> comenz\u00f3 este fin de semana a tratar el<strong> anteproyecto de una Constituci\u00f3n nacional<\/strong> que reemplace a la de 1976.<strong> El nuevo texto contempla la propiedad privada y deja de contener la palabra \u00abcomunismo<\/strong>\u00ab.<\/p>\n<p>A su vez<strong> \u00abse ratifica el car\u00e1cter socialista de la Revoluci\u00f3n y el papel rector del Partido Comunista de Cuba\u00bb<\/strong>, afirmaron en la sesi\u00f3n de este s\u00e1bado en la que estuvo presente Ra\u00fal Castro, inform\u00f3 el sitio Granma.<\/p>\n<p>Pero distinto al texto de 1976, <strong>la nueva Constituci\u00f3n no consigna el \u00abavance a una sociedad comunista\u00bb sino que se busca llegar a \u00abun pa\u00eds socialista, soberano, independiente, pr\u00f3spero y sostenible<\/strong>\u00ab, seg\u00fan Esteban Lazo, presidente de la AN.<\/p>\n<p>La nueva Constituci\u00f3n estar\u00e1 basada en el principio \u00abirrenunciable\u00bb de que el socialismo \u00abes irrevocable, y Cuba no volver\u00e1 jam\u00e1s al capitalismo\u00bb. Sin embargo, contemplar\u00e1 la propiedad privada, mixta y la cooperativa.<\/p>\n<p>\u00abSe mantiene un r\u00e9gimen especial, con limitaciones para su transmisi\u00f3n y el derecho preferente del Estado a su adquisici\u00f3n mediante su justo precio\u00bb, se dijo en la asamblea.<\/p>\n<p>Los m\u00e1s de 600 diputados debatir\u00e1n sobre estas cuestiones, y sobre la posible introducci\u00f3n de los cargos de Presidente y Vicepresidente de la Rep\u00fablica con mandatos ser\u00e1n de cinco a\u00f1os y hasta dos consecutivos, luego de lo cual no podr\u00e1n volver a ejercer el cargo.<\/p>\n","protected":false},"excerpt":{"rendered":"<p>La Asamblea Nacional (AN) del Poder Popular de Cuba comenz\u00f3 este fin de semana a tratar el anteproyecto de una Constituci\u00f3n nacional que reemplace a la de 1976. El nuevo&hellip;<\/p>\n","protected":false},"author":3,"featured_media":0,"comment_status":"closed","ping_status":"open","sticky":false,"template":"","format":"standard","meta":{"_acf_changed":false,"footnotes":""},"categories":[11,7],"tags":[],"class_list":["post-14364","post","type-post","status-publish","format-standard","hentry","category-que-pasa","category-mundo"],"acf":[],"yoast_head":"<!-- This site is optimized with the Yoast SEO plugin v27.5 - https:\/\/yoast.com\/product\/yoast-seo-wordpress\/ -->\n<title>Hist\u00f3rico: Cuba eliminar\u00e1 la palabra &quot;comunismo&quot; de su Constituci\u00f3n - Diario Textual<\/title>\n<meta name=\"robots\" content=\"index, follow, max-snippet:-1, max-image-preview:large, max-video-preview:-1\" \/>\n<link rel=\"canonical\" href=\"https:\/\/diariotextual.com\/inicio\/index.php\/2018\/07\/22\/historico-cuba-eliminara-la-palabra-comunismo-constitucion\/\" \/>\n<meta property=\"og:locale\" content=\"es_ES\" \/>\n<meta property=\"og:type\" content=\"article\" \/>\n<meta property=\"og:title\" content=\"Hist\u00f3rico: Cuba eliminar\u00e1 la palabra &quot;comunismo&quot; de su Constituci\u00f3n - Diario Textual\" \/>\n<meta property=\"og:description\" content=\"La Asamblea Nacional (AN) del Poder Popular de Cuba comenz\u00f3 este fin de semana a tratar el anteproyecto de una Constituci\u00f3n nacional que reemplace a la de 1976. El nuevo&hellip;\" \/>\n<meta property=\"og:url\" content=\"https:\/\/diariotextual.com\/inicio\/index.php\/2018\/07\/22\/historico-cuba-eliminara-la-palabra-comunismo-constitucion\/\" \/>\n<meta property=\"og:site_name\" content=\"Diario Textual\" \/>\n<meta property=\"article:publisher\" content=\"https:\/\/www.facebook.com\/eltextual\" \/>\n<meta property=\"article:published_time\" content=\"2018-07-22T11:28:32+00:00\" \/>\n<meta name=\"author\" content=\"Diario1 Diario1\" \/>\n<meta name=\"twitter:card\" content=\"summary_large_image\" \/>\n<meta name=\"twitter:creator\" content=\"@eltextual\" \/>\n<meta name=\"twitter:site\" content=\"@eltextual\" \/>\n<meta name=\"twitter:label1\" content=\"Escrito por\" \/>\n\t<meta name=\"twitter:data1\" content=\"Diario1 Diario1\" \/>\n\t<meta name=\"twitter:label2\" content=\"Tiempo de lectura\" \/>\n\t<meta name=\"twitter:data2\" content=\"1 minuto\" \/>\n<script type=\"application\/ld+json\" class=\"yoast-schema-graph\">{\"@context\":\"https:\\\/\\\/schema.org\",\"@graph\":[{\"@type\":\"Article\",\"@id\":\"https:\\\/\\\/diariotextual.com\\\/inicio\\\/index.php\\\/2018\\\/07\\\/22\\\/historico-cuba-eliminara-la-palabra-comunismo-constitucion\\\/#article\",\"isPartOf\":{\"@id\":\"https:\\\/\\\/diariotextual.com\\\/inicio\\\/index.php\\\/2018\\\/07\\\/22\\\/historico-cuba-eliminara-la-palabra-comunismo-constitucion\\\/\"},\"author\":{\"name\":\"Diario1 Diario1\",\"@id\":\"https:\\\/\\\/diariotextual.com\\\/inicio\\\/#\\\/schema\\\/person\\\/418fc4093c33e86ed41562db3508f958\"},\"headline\":\"Hist\u00f3rico: Cuba eliminar\u00e1 la palabra \u00abcomunismo\u00bb de su Constituci\u00f3n\",\"datePublished\":\"2018-07-22T11:28:32+00:00\",\"mainEntityOfPage\":{\"@id\":\"https:\\\/\\\/diariotextual.com\\\/inicio\\\/index.php\\\/2018\\\/07\\\/22\\\/historico-cuba-eliminara-la-palabra-comunismo-constitucion\\\/\"},\"wordCount\":253,\"publisher\":{\"@id\":\"https:\\\/\\\/diariotextual.com\\\/inicio\\\/#organization\"},\"articleSection\":[\"A - QUE PASA (al costado)\",\"MUNDO\"],\"inLanguage\":\"es\"},{\"@type\":\"WebPage\",\"@id\":\"https:\\\/\\\/diariotextual.com\\\/inicio\\\/index.php\\\/2018\\\/07\\\/22\\\/historico-cuba-eliminara-la-palabra-comunismo-constitucion\\\/\",\"url\":\"https:\\\/\\\/diariotextual.com\\\/inicio\\\/index.php\\\/2018\\\/07\\\/22\\\/historico-cuba-eliminara-la-palabra-comunismo-constitucion\\\/\",\"name\":\"Hist\u00f3rico: Cuba eliminar\u00e1 la palabra \\\"comunismo\\\" de su Constituci\u00f3n - Diario Textual\",\"isPartOf\":{\"@id\":\"https:\\\/\\\/diariotextual.com\\\/inicio\\\/#website\"},\"datePublished\":\"2018-07-22T11:28:32+00:00\",\"breadcrumb\":{\"@id\":\"https:\\\/\\\/diariotextual.com\\\/inicio\\\/index.php\\\/2018\\\/07\\\/22\\\/historico-cuba-eliminara-la-palabra-comunismo-constitucion\\\/#breadcrumb\"},\"inLanguage\":\"es\",\"potentialAction\":[{\"@type\":\"ReadAction\",\"target\":[\"https:\\\/\\\/diariotextual.com\\\/inicio\\\/index.php\\\/2018\\\/07\\\/22\\\/historico-cuba-eliminara-la-palabra-comunismo-constitucion\\\/\"]}]},{\"@type\":\"BreadcrumbList\",\"@id\":\"https:\\\/\\\/diariotextual.com\\\/inicio\\\/index.php\\\/2018\\\/07\\\/22\\\/historico-cuba-eliminara-la-palabra-comunismo-constitucion\\\/#breadcrumb\",\"itemListElement\":[{\"@type\":\"ListItem\",\"position\":1,\"name\":\"Portada\",\"item\":\"https:\\\/\\\/diariotextual.com\\\/inicio\\\/\"},{\"@type\":\"ListItem\",\"position\":2,\"name\":\"Hist\u00f3rico: Cuba eliminar\u00e1 la palabra \u00abcomunismo\u00bb de su Constituci\u00f3n\"}]},{\"@type\":\"WebSite\",\"@id\":\"https:\\\/\\\/diariotextual.com\\\/inicio\\\/#website\",\"url\":\"https:\\\/\\\/diariotextual.com\\\/inicio\\\/\",\"name\":\"Diario Textual\",\"description\":\"\",\"publisher\":{\"@id\":\"https:\\\/\\\/diariotextual.com\\\/inicio\\\/#organization\"},\"potentialAction\":[{\"@type\":\"SearchAction\",\"target\":{\"@type\":\"EntryPoint\",\"urlTemplate\":\"https:\\\/\\\/diariotextual.com\\\/inicio\\\/?s={search_term_string}\"},\"query-input\":{\"@type\":\"PropertyValueSpecification\",\"valueRequired\":true,\"valueName\":\"search_term_string\"}}],\"inLanguage\":\"es\"},{\"@type\":\"Organization\",\"@id\":\"https:\\\/\\\/diariotextual.com\\\/inicio\\\/#organization\",\"name\":\"Diario Textual\",\"url\":\"https:\\\/\\\/diariotextual.com\\\/inicio\\\/\",\"logo\":{\"@type\":\"ImageObject\",\"inLanguage\":\"es\",\"@id\":\"https:\\\/\\\/diariotextual.com\\\/inicio\\\/#\\\/schema\\\/logo\\\/image\\\/\",\"url\":\"https:\\\/\\\/diariotextual.com\\\/inicio\\\/wp-content\\\/uploads\\\/2023\\\/05\\\/logotextual1.jpg\",\"contentUrl\":\"https:\\\/\\\/diariotextual.com\\\/inicio\\\/wp-content\\\/uploads\\\/2023\\\/05\\\/logotextual1.jpg\",\"width\":516,\"height\":76,\"caption\":\"Diario Textual\"},\"image\":{\"@id\":\"https:\\\/\\\/diariotextual.com\\\/inicio\\\/#\\\/schema\\\/logo\\\/image\\\/\"},\"sameAs\":[\"https:\\\/\\\/www.facebook.com\\\/eltextual\",\"https:\\\/\\\/x.com\\\/eltextual\",\"http:\\\/\\\/www.instagram.com\\\/eltextual\"]},{\"@type\":\"Person\",\"@id\":\"https:\\\/\\\/diariotextual.com\\\/inicio\\\/#\\\/schema\\\/person\\\/418fc4093c33e86ed41562db3508f958\",\"name\":\"Diario1 Diario1\",\"image\":{\"@type\":\"ImageObject\",\"inLanguage\":\"es\",\"@id\":\"https:\\\/\\\/secure.gravatar.com\\\/avatar\\\/9167d280179c85bc18be67aa7eda765854300033af4896dd779b608640f2ef7a?s=96&d=mm&r=g\",\"url\":\"https:\\\/\\\/secure.gravatar.com\\\/avatar\\\/9167d280179c85bc18be67aa7eda765854300033af4896dd779b608640f2ef7a?s=96&d=mm&r=g\",\"contentUrl\":\"https:\\\/\\\/secure.gravatar.com\\\/avatar\\\/9167d280179c85bc18be67aa7eda765854300033af4896dd779b608640f2ef7a?s=96&d=mm&r=g\",\"caption\":\"Diario1 Diario1\"},\"url\":\"https:\\\/\\\/diariotextual.com\\\/inicio\\\/index.php\\\/author\\\/diario1\\\/\"}]}<\/script>\n<!-- \/ Yoast SEO plugin. -->","yoast_head_json":{"title":"Hist\u00f3rico: Cuba eliminar\u00e1 la palabra \"comunismo\" de su Constituci\u00f3n - Diario Textual","robots":{"index":"index","follow":"follow","max-snippet":"max-snippet:-1","max-image-preview":"max-image-preview:large","max-video-preview":"max-video-preview:-1"},"canonical":"https:\/\/diariotextual.com\/inicio\/index.php\/2018\/07\/22\/historico-cuba-eliminara-la-palabra-comunismo-constitucion\/","og_locale":"es_ES","og_type":"article","og_title":"Hist\u00f3rico: Cuba eliminar\u00e1 la palabra \"comunismo\" de su Constituci\u00f3n - Diario Textual","og_description":"La Asamblea Nacional (AN) del Poder Popular de Cuba comenz\u00f3 este fin de semana a tratar el anteproyecto de una Constituci\u00f3n nacional que reemplace a la de 1976. El nuevo&hellip;","og_url":"https:\/\/diariotextual.com\/inicio\/index.php\/2018\/07\/22\/historico-cuba-eliminara-la-palabra-comunismo-constitucion\/","og_site_name":"Diario Textual","article_publisher":"https:\/\/www.facebook.com\/eltextual","article_published_time":"2018-07-22T11:28:32+00:00","author":"Diario1 Diario1","twitter_card":"summary_large_image","twitter_creator":"@eltextual","twitter_site":"@eltextual","twitter_misc":{"Escrito por":"Diario1 Diario1","Tiempo de lectura":"1 minuto"},"schema":{"@context":"https:\/\/schema.org","@graph":[{"@type":"Article","@id":"https:\/\/diariotextual.com\/inicio\/index.php\/2018\/07\/22\/historico-cuba-eliminara-la-palabra-comunismo-constitucion\/#article","isPartOf":{"@id":"https:\/\/diariotextual.com\/inicio\/index.php\/2018\/07\/22\/historico-cuba-eliminara-la-palabra-comunismo-constitucion\/"},"author":{"name":"Diario1 Diario1","@id":"https:\/\/diariotextual.com\/inicio\/#\/schema\/person\/418fc4093c33e86ed41562db3508f958"},"headline":"Hist\u00f3rico: Cuba eliminar\u00e1 la palabra \u00abcomunismo\u00bb de su Constituci\u00f3n","datePublished":"2018-07-22T11:28:32+00:00","mainEntityOfPage":{"@id":"https:\/\/diariotextual.com\/inicio\/index.php\/2018\/07\/22\/historico-cuba-eliminara-la-palabra-comunismo-constitucion\/"},"wordCount":253,"publisher":{"@id":"https:\/\/diariotextual.com\/inicio\/#organization"},"articleSection":["A - QUE PASA (al costado)","MUNDO"],"inLanguage":"es"},{"@type":"WebPage","@id":"https:\/\/diariotextual.com\/inicio\/index.php\/2018\/07\/22\/historico-cuba-eliminara-la-palabra-comunismo-constitucion\/","url":"https:\/\/diariotextual.com\/inicio\/index.php\/2018\/07\/22\/historico-cuba-eliminara-la-palabra-comunismo-constitucion\/","name":"Hist\u00f3rico: Cuba eliminar\u00e1 la palabra \"comunismo\" de su Constituci\u00f3n - Diario Textual","isPartOf":{"@id":"https:\/\/diariotextual.com\/inicio\/#website"},"datePublished":"2018-07-22T11:28:32+00:00","breadcrumb":{"@id":"https:\/\/diariotextual.com\/inicio\/index.php\/2018\/07\/22\/historico-cuba-eliminara-la-palabra-comunismo-constitucion\/#breadcrumb"},"inLanguage":"es","potentialAction":[{"@type":"ReadAction","target":["https:\/\/diariotextual.com\/inicio\/index.php\/2018\/07\/22\/historico-cuba-eliminara-la-palabra-comunismo-constitucion\/"]}]},{"@type":"BreadcrumbList","@id":"https:\/\/diariotextual.com\/inicio\/index.php\/2018\/07\/22\/historico-cuba-eliminara-la-palabra-comunismo-constitucion\/#breadcrumb","itemListElement":[{"@type":"ListItem","position":1,"name":"Portada","item":"https:\/\/diariotextual.com\/inicio\/"},{"@type":"ListItem","position":2,"name":"Hist\u00f3rico: Cuba eliminar\u00e1 la palabra \u00abcomunismo\u00bb de su Constituci\u00f3n"}]},{"@type":"WebSite","@id":"https:\/\/diariotextual.com\/inicio\/#website","url":"https:\/\/diariotextual.com\/inicio\/","name":"Diario Textual","description":"","publisher":{"@id":"https:\/\/diariotextual.com\/inicio\/#organization"},"potentialAction":[{"@type":"SearchAction","target":{"@type":"EntryPoint","urlTemplate":"https:\/\/diariotextual.com\/inicio\/?s={search_term_string}"},"query-input":{"@type":"PropertyValueSpecification","valueRequired":true,"valueName":"search_term_string"}}],"inLanguage":"es"},{"@type":"Organization","@id":"https:\/\/diariotextual.com\/inicio\/#organization","name":"Diario Textual","url":"https:\/\/diariotextual.com\/inicio\/","logo":{"@type":"ImageObject","inLanguage":"es","@id":"https:\/\/diariotextual.com\/inicio\/#\/schema\/logo\/image\/","url":"https:\/\/diariotextual.com\/inicio\/wp-content\/uploads\/2023\/05\/logotextual1.jpg","contentUrl":"https:\/\/diariotextual.com\/inicio\/wp-content\/uploads\/2023\/05\/logotextual1.jpg","width":516,"height":76,"caption":"Diario Textual"},"image":{"@id":"https:\/\/diariotextual.com\/inicio\/#\/schema\/logo\/image\/"},"sameAs":["https:\/\/www.facebook.com\/eltextual","https:\/\/x.com\/eltextual","http:\/\/www.instagram.com\/eltextual"]},{"@type":"Person","@id":"https:\/\/diariotextual.com\/inicio\/#\/schema\/person\/418fc4093c33e86ed41562db3508f958","name":"Diario1 Diario1","image":{"@type":"ImageObject","inLanguage":"es","@id":"https:\/\/secure.gravatar.com\/avatar\/9167d280179c85bc18be67aa7eda765854300033af4896dd779b608640f2ef7a?s=96&d=mm&r=g","url":"https:\/\/secure.gravatar.com\/avatar\/9167d280179c85bc18be67aa7eda765854300033af4896dd779b608640f2ef7a?s=96&d=mm&r=g","contentUrl":"https:\/\/secure.gravatar.com\/avatar\/9167d280179c85bc18be67aa7eda765854300033af4896dd779b608640f2ef7a?s=96&d=mm&r=g","caption":"Diario1 Diario1"},"url":"https:\/\/diariotextual.com\/inicio\/index.php\/author\/diario1\/"}]}},"_links":{"self":[{"href":"https:\/\/diariotextual.com\/inicio\/index.php\/wp-json\/wp\/v2\/posts\/14364","targetHints":{"allow":["GET"]}}],"collection":[{"href":"https:\/\/diariotextual.com\/inicio\/index.php\/wp-json\/wp\/v2\/posts"}],"about":[{"href":"https:\/\/diariotextual.com\/inicio\/index.php\/wp-json\/wp\/v2\/types\/post"}],"author":[{"embeddable":true,"href":"https:\/\/diariotextual.com\/inicio\/index.php\/wp-json\/wp\/v2\/users\/3"}],"replies":[{"embeddable":true,"href":"https:\/\/diariotextual.com\/inicio\/index.php\/wp-json\/wp\/v2\/comments?post=14364"}],"version-history":[{"count":1,"href":"https:\/\/diariotextual.com\/inicio\/index.php\/wp-json\/wp\/v2\/posts\/14364\/revisions"}],"predecessor-version":[{"id":14365,"href":"https:\/\/diariotextual.com\/inicio\/index.php\/wp-json\/wp\/v2\/posts\/14364\/revisions\/14365"}],"wp:attachment":[{"href":"https:\/\/diariotextual.com\/inicio\/index.php\/wp-json\/wp\/v2\/media?parent=14364"}],"wp:term":[{"taxonomy":"category","embeddable":true,"href":"https:\/\/diariotextual.com\/inicio\/index.php\/wp-json\/wp\/v2\/categories?post=14364"},{"taxonomy":"post_tag","embeddable":true,"href":"https:\/\/diariotextual.com\/inicio\/index.php\/wp-json\/wp\/v2\/tags?post=14364"}],"curies":[{"name":"wp","href":"https:\/\/api.w.org\/{rel}","templated":true}]}}