{"id":144225,"date":"2021-05-03T13:46:59","date_gmt":"2021-05-03T16:46:59","guid":{"rendered":"http:\/\/diariotextual.com\/inicio\/?p=144225"},"modified":"2021-05-03T13:47:01","modified_gmt":"2021-05-03T16:47:01","slug":"otra-condena-por-violencia-de-genero-camina-con-miedo","status":"publish","type":"post","link":"https:\/\/diariotextual.com\/inicio\/index.php\/2021\/05\/03\/otra-condena-por-violencia-de-genero-camina-con-miedo\/","title":{"rendered":"Otra condena por violencia de g\u00e9nero: \u201cCamin\u00e1 con miedo\u201d"},"content":{"rendered":"\n<p class=\"wp-block-paragraph\">Brian Ezequiel Benz le envi\u00f3 cuatro mensajes amenazantes, por la red social Facebook, a una expareja y por ello fue condenado a ocho meses de prisi\u00f3n de cumplimiento efectivo. Pero como ten\u00eda otra sentencia condenatoria en suspenso, se la revocaron y le unificaron ambas en una pena \u00fanica de un a\u00f1o y tres meses de prisi\u00f3n de cumplimiento efectivo.<\/p>\n\n\n\n<p class=\"wp-block-paragraph\">El fallo fue rubricado por el juez de control de Santa Rosa, Carlos Ren\u00e9 Ordas, a partir de un acuerdo de juicio abreviado presentado, en forma conjunta, por el fiscal Walter Martos, la defensora oficial Silvina Blanco G\u00f3mez y el propio imputado de 24 a\u00f1os, quien permanece detenido en la alcaid\u00eda local. La v\u00edctima, al ser notificado de sus alcances, tambi\u00e9n brind\u00f3 su consentimiento.<\/p>\n\n\n\n<p class=\"wp-block-paragraph\">En definitiva, Ordas lo conden\u00f3 por amenazas simples en cuatro oportunidades en concurso real y encuadr\u00f3 su conducta en los presupuestos de la ley 26.485 de Protecci\u00f3n Integral a la Mujeres.<\/p>\n\n\n\n<p class=\"wp-block-paragraph\">El primer mensaje v\u00eda Facebook fue enviado el 15 de enero pasado. All\u00ed Benz le dijo a la v\u00edctima: \u201cMe la vas a pagar, porque el dolor que tengo es muy grande. Camin\u00e1 con miedo, mir\u00e1 para todos lados porque vas a ver qu\u00e9 sorpresa m\u00e1s grande te llevas. Juro que no voy a descansar con tal de verte muerta\u201d. Al otro d\u00eda vino el segundo: \u201cVos sos y ser\u00e1s m\u00eda por m\u00e1s denuncia y cosas que hagas\u2026 juro que te vas a arrepentir de todo\u201d.<\/p>\n\n\n\n<p class=\"wp-block-paragraph\">La tercera amenaza se produjo poco m\u00e1s de un mes despu\u00e9s, el 21 de febrero: \u201cSab\u00e9s lo que tengo para vos, una (pistola calibre) 38. Una sola en la cabeza, and\u00e1 con cuidado en la calle\u201d. Finalmente, el 2 de marzo le escribi\u00f3: \u201cAs\u00ed que tienen que operar a mi hijo. \u00bfDe qu\u00e9 y por qu\u00e9? Vas a ver, te guste o no, voy a estar ah\u00ed cuando lo operen (\u2026), no me pod\u00e9s negar ese derecho, te voy a matar si le pasa algo al nene. Y m\u00e1s vale que no le pase nada porque te mato\u201d.<\/p>\n\n\n\n<p class=\"wp-block-paragraph\">El acusado ya hab\u00eda sido condenado el 25 de febrero de este a\u00f1o, en otro abreviado donde tambi\u00e9n intervino Ordas, a un a\u00f1o y tres meses de prisi\u00f3n de ejecuci\u00f3n condicional como autor de los delitos de amenazas simples en tres oportunidades y desobediencia en concurso real, todo en el marco de la ley 26485. All\u00ed la v\u00edctima fue la misma persona.<\/p>\n","protected":false},"excerpt":{"rendered":"<p>Brian Ezequiel Benz le envi\u00f3 cuatro mensajes amenazantes, por la red social Facebook, a una expareja y por ello fue condenado a ocho meses de prisi\u00f3n de cumplimiento efectivo. Pero&hellip;<\/p>\n","protected":false},"author":3,"featured_media":127654,"comment_status":"closed","ping_status":"open","sticky":false,"template":"","format":"standard","meta":{"_acf_changed":false,"footnotes":""},"categories":[1,12],"tags":[661],"class_list":["post-144225","post","type-post","status-publish","format-standard","has-post-thumbnail","hentry","category-es-noticia","category-sociedad","tag-violencia"],"acf":[],"yoast_head":"<!-- This site is optimized with the Yoast SEO plugin v28.3 - https:\/\/yoast.com\/product\/yoast-seo-wordpress\/ -->\n<title>Otra condena por violencia de g\u00e9nero: \u201cCamin\u00e1 con miedo\u201d - Diario Textual<\/title>\n<meta name=\"robots\" content=\"index, follow, max-snippet:-1, max-image-preview:large, max-video-preview:-1\" \/>\n<link rel=\"canonical\" href=\"https:\/\/diariotextual.com\/inicio\/index.php\/2021\/05\/03\/otra-condena-por-violencia-de-genero-camina-con-miedo\/\" \/>\n<meta property=\"og:locale\" content=\"es_ES\" \/>\n<meta property=\"og:type\" content=\"article\" \/>\n<meta property=\"og:title\" content=\"Otra condena por violencia de g\u00e9nero: \u201cCamin\u00e1 con miedo\u201d - Diario Textual\" \/>\n<meta property=\"og:description\" content=\"Brian Ezequiel Benz le envi\u00f3 cuatro mensajes amenazantes, por la red social Facebook, a una expareja y por ello fue condenado a ocho meses de prisi\u00f3n de cumplimiento efectivo. Pero&hellip;\" \/>\n<meta property=\"og:url\" content=\"https:\/\/diariotextual.com\/inicio\/index.php\/2021\/05\/03\/otra-condena-por-violencia-de-genero-camina-con-miedo\/\" \/>\n<meta property=\"og:site_name\" content=\"Diario Textual\" \/>\n<meta property=\"article:publisher\" content=\"https:\/\/www.facebook.com\/eltextual\" \/>\n<meta property=\"article:published_time\" content=\"2021-05-03T16:46:59+00:00\" \/>\n<meta property=\"article:modified_time\" content=\"2021-05-03T16:47:01+00:00\" \/>\n<meta property=\"og:image\" content=\"https:\/\/diariotextual.com\/inicio\/wp-content\/uploads\/2020\/12\/centrojudicial2020-09.jpg\" \/>\n\t<meta property=\"og:image:width\" content=\"1084\" \/>\n\t<meta property=\"og:image:height\" content=\"658\" \/>\n\t<meta property=\"og:image:type\" content=\"image\/jpeg\" \/>\n<meta name=\"author\" content=\"Diario1 Diario1\" \/>\n<meta name=\"twitter:card\" content=\"summary_large_image\" \/>\n<meta name=\"twitter:creator\" content=\"@eltextual\" \/>\n<meta name=\"twitter:site\" content=\"@eltextual\" \/>\n<meta name=\"twitter:label1\" content=\"Escrito por\" \/>\n\t<meta name=\"twitter:data1\" content=\"Diario1 Diario1\" \/>\n\t<meta name=\"twitter:label2\" content=\"Tiempo de lectura\" \/>\n\t<meta name=\"twitter:data2\" content=\"2 minutos\" \/>\n<script type=\"application\/ld+json\" class=\"yoast-schema-graph\">{\"@context\":\"https:\\\/\\\/schema.org\",\"@graph\":[{\"@type\":\"Article\",\"@id\":\"https:\\\/\\\/diariotextual.com\\\/inicio\\\/index.php\\\/2021\\\/05\\\/03\\\/otra-condena-por-violencia-de-genero-camina-con-miedo\\\/#article\",\"isPartOf\":{\"@id\":\"https:\\\/\\\/diariotextual.com\\\/inicio\\\/index.php\\\/2021\\\/05\\\/03\\\/otra-condena-por-violencia-de-genero-camina-con-miedo\\\/\"},\"author\":{\"name\":\"Diario1 Diario1\",\"@id\":\"https:\\\/\\\/diariotextual.com\\\/inicio\\\/#\\\/schema\\\/person\\\/418fc4093c33e86ed41562db3508f958\"},\"headline\":\"Otra condena por violencia de g\u00e9nero: \u201cCamin\u00e1 con miedo\u201d\",\"datePublished\":\"2021-05-03T16:46:59+00:00\",\"dateModified\":\"2021-05-03T16:47:01+00:00\",\"mainEntityOfPage\":{\"@id\":\"https:\\\/\\\/diariotextual.com\\\/inicio\\\/index.php\\\/2021\\\/05\\\/03\\\/otra-condena-por-violencia-de-genero-camina-con-miedo\\\/\"},\"wordCount\":430,\"publisher\":{\"@id\":\"https:\\\/\\\/diariotextual.com\\\/inicio\\\/#organization\"},\"image\":{\"@id\":\"https:\\\/\\\/diariotextual.com\\\/inicio\\\/index.php\\\/2021\\\/05\\\/03\\\/otra-condena-por-violencia-de-genero-camina-con-miedo\\\/#primaryimage\"},\"thumbnailUrl\":\"https:\\\/\\\/diariotextual.com\\\/inicio\\\/wp-content\\\/uploads\\\/2020\\\/12\\\/centrojudicial2020-09.jpg\",\"keywords\":[\"violencia\"],\"articleSection\":[\"A - ES NOTICIA (van abajo)\",\"SOCIEDAD\"],\"inLanguage\":\"es\"},{\"@type\":\"WebPage\",\"@id\":\"https:\\\/\\\/diariotextual.com\\\/inicio\\\/index.php\\\/2021\\\/05\\\/03\\\/otra-condena-por-violencia-de-genero-camina-con-miedo\\\/\",\"url\":\"https:\\\/\\\/diariotextual.com\\\/inicio\\\/index.php\\\/2021\\\/05\\\/03\\\/otra-condena-por-violencia-de-genero-camina-con-miedo\\\/\",\"name\":\"Otra condena por violencia de g\u00e9nero: \u201cCamin\u00e1 con miedo\u201d - Diario Textual\",\"isPartOf\":{\"@id\":\"https:\\\/\\\/diariotextual.com\\\/inicio\\\/#website\"},\"primaryImageOfPage\":{\"@id\":\"https:\\\/\\\/diariotextual.com\\\/inicio\\\/index.php\\\/2021\\\/05\\\/03\\\/otra-condena-por-violencia-de-genero-camina-con-miedo\\\/#primaryimage\"},\"image\":{\"@id\":\"https:\\\/\\\/diariotextual.com\\\/inicio\\\/index.php\\\/2021\\\/05\\\/03\\\/otra-condena-por-violencia-de-genero-camina-con-miedo\\\/#primaryimage\"},\"thumbnailUrl\":\"https:\\\/\\\/diariotextual.com\\\/inicio\\\/wp-content\\\/uploads\\\/2020\\\/12\\\/centrojudicial2020-09.jpg\",\"datePublished\":\"2021-05-03T16:46:59+00:00\",\"dateModified\":\"2021-05-03T16:47:01+00:00\",\"breadcrumb\":{\"@id\":\"https:\\\/\\\/diariotextual.com\\\/inicio\\\/index.php\\\/2021\\\/05\\\/03\\\/otra-condena-por-violencia-de-genero-camina-con-miedo\\\/#breadcrumb\"},\"inLanguage\":\"es\",\"potentialAction\":[{\"@type\":\"ReadAction\",\"target\":[\"https:\\\/\\\/diariotextual.com\\\/inicio\\\/index.php\\\/2021\\\/05\\\/03\\\/otra-condena-por-violencia-de-genero-camina-con-miedo\\\/\"]}]},{\"@type\":\"ImageObject\",\"inLanguage\":\"es\",\"@id\":\"https:\\\/\\\/diariotextual.com\\\/inicio\\\/index.php\\\/2021\\\/05\\\/03\\\/otra-condena-por-violencia-de-genero-camina-con-miedo\\\/#primaryimage\",\"url\":\"https:\\\/\\\/diariotextual.com\\\/inicio\\\/wp-content\\\/uploads\\\/2020\\\/12\\\/centrojudicial2020-09.jpg\",\"contentUrl\":\"https:\\\/\\\/diariotextual.com\\\/inicio\\\/wp-content\\\/uploads\\\/2020\\\/12\\\/centrojudicial2020-09.jpg\",\"width\":1084,\"height\":658},{\"@type\":\"BreadcrumbList\",\"@id\":\"https:\\\/\\\/diariotextual.com\\\/inicio\\\/index.php\\\/2021\\\/05\\\/03\\\/otra-condena-por-violencia-de-genero-camina-con-miedo\\\/#breadcrumb\",\"itemListElement\":[{\"@type\":\"ListItem\",\"position\":1,\"name\":\"Portada\",\"item\":\"https:\\\/\\\/diariotextual.com\\\/inicio\\\/\"},{\"@type\":\"ListItem\",\"position\":2,\"name\":\"Otra condena por violencia de g\u00e9nero: \u201cCamin\u00e1 con miedo\u201d\"}]},{\"@type\":\"WebSite\",\"@id\":\"https:\\\/\\\/diariotextual.com\\\/inicio\\\/#website\",\"url\":\"https:\\\/\\\/diariotextual.com\\\/inicio\\\/\",\"name\":\"Diario Textual\",\"description\":\"\",\"publisher\":{\"@id\":\"https:\\\/\\\/diariotextual.com\\\/inicio\\\/#organization\"},\"potentialAction\":[{\"@type\":\"SearchAction\",\"target\":{\"@type\":\"EntryPoint\",\"urlTemplate\":\"https:\\\/\\\/diariotextual.com\\\/inicio\\\/?s={search_term_string}\"},\"query-input\":{\"@type\":\"PropertyValueSpecification\",\"valueRequired\":true,\"valueName\":\"search_term_string\"}}],\"inLanguage\":\"es\"},{\"@type\":\"Organization\",\"@id\":\"https:\\\/\\\/diariotextual.com\\\/inicio\\\/#organization\",\"name\":\"Diario Textual\",\"url\":\"https:\\\/\\\/diariotextual.com\\\/inicio\\\/\",\"logo\":{\"@type\":\"ImageObject\",\"inLanguage\":\"es\",\"@id\":\"https:\\\/\\\/diariotextual.com\\\/inicio\\\/#\\\/schema\\\/logo\\\/image\\\/\",\"url\":\"https:\\\/\\\/diariotextual.com\\\/inicio\\\/wp-content\\\/uploads\\\/2023\\\/05\\\/logotextual1.jpg\",\"contentUrl\":\"https:\\\/\\\/diariotextual.com\\\/inicio\\\/wp-content\\\/uploads\\\/2023\\\/05\\\/logotextual1.jpg\",\"width\":516,\"height\":76,\"caption\":\"Diario Textual\"},\"image\":{\"@id\":\"https:\\\/\\\/diariotextual.com\\\/inicio\\\/#\\\/schema\\\/logo\\\/image\\\/\"},\"sameAs\":[\"https:\\\/\\\/www.facebook.com\\\/eltextual\",\"https:\\\/\\\/x.com\\\/eltextual\",\"http:\\\/\\\/www.instagram.com\\\/eltextual\"]},{\"@type\":\"Person\",\"@id\":\"https:\\\/\\\/diariotextual.com\\\/inicio\\\/#\\\/schema\\\/person\\\/418fc4093c33e86ed41562db3508f958\",\"name\":\"Diario1 Diario1\",\"image\":{\"@type\":\"ImageObject\",\"inLanguage\":\"es\",\"@id\":\"https:\\\/\\\/secure.gravatar.com\\\/avatar\\\/9167d280179c85bc18be67aa7eda765854300033af4896dd779b608640f2ef7a?s=96&d=mm&r=g\",\"url\":\"https:\\\/\\\/secure.gravatar.com\\\/avatar\\\/9167d280179c85bc18be67aa7eda765854300033af4896dd779b608640f2ef7a?s=96&d=mm&r=g\",\"contentUrl\":\"https:\\\/\\\/secure.gravatar.com\\\/avatar\\\/9167d280179c85bc18be67aa7eda765854300033af4896dd779b608640f2ef7a?s=96&d=mm&r=g\",\"caption\":\"Diario1 Diario1\"},\"url\":\"https:\\\/\\\/diariotextual.com\\\/inicio\\\/index.php\\\/author\\\/diario1\\\/\"}]}<\/script>\n<!-- \/ Yoast SEO plugin. -->","yoast_head_json":{"title":"Otra condena por violencia de g\u00e9nero: \u201cCamin\u00e1 con miedo\u201d - Diario Textual","robots":{"index":"index","follow":"follow","max-snippet":"max-snippet:-1","max-image-preview":"max-image-preview:large","max-video-preview":"max-video-preview:-1"},"canonical":"https:\/\/diariotextual.com\/inicio\/index.php\/2021\/05\/03\/otra-condena-por-violencia-de-genero-camina-con-miedo\/","og_locale":"es_ES","og_type":"article","og_title":"Otra condena por violencia de g\u00e9nero: \u201cCamin\u00e1 con miedo\u201d - Diario Textual","og_description":"Brian Ezequiel Benz le envi\u00f3 cuatro mensajes amenazantes, por la red social Facebook, a una expareja y por ello fue condenado a ocho meses de prisi\u00f3n de cumplimiento efectivo. Pero&hellip;","og_url":"https:\/\/diariotextual.com\/inicio\/index.php\/2021\/05\/03\/otra-condena-por-violencia-de-genero-camina-con-miedo\/","og_site_name":"Diario Textual","article_publisher":"https:\/\/www.facebook.com\/eltextual","article_published_time":"2021-05-03T16:46:59+00:00","article_modified_time":"2021-05-03T16:47:01+00:00","og_image":[{"width":1084,"height":658,"url":"https:\/\/diariotextual.com\/inicio\/wp-content\/uploads\/2020\/12\/centrojudicial2020-09.jpg","type":"image\/jpeg"}],"author":"Diario1 Diario1","twitter_card":"summary_large_image","twitter_creator":"@eltextual","twitter_site":"@eltextual","twitter_misc":{"Escrito por":"Diario1 Diario1","Tiempo de lectura":"2 minutos"},"schema":{"@context":"https:\/\/schema.org","@graph":[{"@type":"Article","@id":"https:\/\/diariotextual.com\/inicio\/index.php\/2021\/05\/03\/otra-condena-por-violencia-de-genero-camina-con-miedo\/#article","isPartOf":{"@id":"https:\/\/diariotextual.com\/inicio\/index.php\/2021\/05\/03\/otra-condena-por-violencia-de-genero-camina-con-miedo\/"},"author":{"name":"Diario1 Diario1","@id":"https:\/\/diariotextual.com\/inicio\/#\/schema\/person\/418fc4093c33e86ed41562db3508f958"},"headline":"Otra condena por violencia de g\u00e9nero: \u201cCamin\u00e1 con miedo\u201d","datePublished":"2021-05-03T16:46:59+00:00","dateModified":"2021-05-03T16:47:01+00:00","mainEntityOfPage":{"@id":"https:\/\/diariotextual.com\/inicio\/index.php\/2021\/05\/03\/otra-condena-por-violencia-de-genero-camina-con-miedo\/"},"wordCount":430,"publisher":{"@id":"https:\/\/diariotextual.com\/inicio\/#organization"},"image":{"@id":"https:\/\/diariotextual.com\/inicio\/index.php\/2021\/05\/03\/otra-condena-por-violencia-de-genero-camina-con-miedo\/#primaryimage"},"thumbnailUrl":"https:\/\/diariotextual.com\/inicio\/wp-content\/uploads\/2020\/12\/centrojudicial2020-09.jpg","keywords":["violencia"],"articleSection":["A - ES NOTICIA (van abajo)","SOCIEDAD"],"inLanguage":"es"},{"@type":"WebPage","@id":"https:\/\/diariotextual.com\/inicio\/index.php\/2021\/05\/03\/otra-condena-por-violencia-de-genero-camina-con-miedo\/","url":"https:\/\/diariotextual.com\/inicio\/index.php\/2021\/05\/03\/otra-condena-por-violencia-de-genero-camina-con-miedo\/","name":"Otra condena por violencia de g\u00e9nero: \u201cCamin\u00e1 con miedo\u201d - Diario Textual","isPartOf":{"@id":"https:\/\/diariotextual.com\/inicio\/#website"},"primaryImageOfPage":{"@id":"https:\/\/diariotextual.com\/inicio\/index.php\/2021\/05\/03\/otra-condena-por-violencia-de-genero-camina-con-miedo\/#primaryimage"},"image":{"@id":"https:\/\/diariotextual.com\/inicio\/index.php\/2021\/05\/03\/otra-condena-por-violencia-de-genero-camina-con-miedo\/#primaryimage"},"thumbnailUrl":"https:\/\/diariotextual.com\/inicio\/wp-content\/uploads\/2020\/12\/centrojudicial2020-09.jpg","datePublished":"2021-05-03T16:46:59+00:00","dateModified":"2021-05-03T16:47:01+00:00","breadcrumb":{"@id":"https:\/\/diariotextual.com\/inicio\/index.php\/2021\/05\/03\/otra-condena-por-violencia-de-genero-camina-con-miedo\/#breadcrumb"},"inLanguage":"es","potentialAction":[{"@type":"ReadAction","target":["https:\/\/diariotextual.com\/inicio\/index.php\/2021\/05\/03\/otra-condena-por-violencia-de-genero-camina-con-miedo\/"]}]},{"@type":"ImageObject","inLanguage":"es","@id":"https:\/\/diariotextual.com\/inicio\/index.php\/2021\/05\/03\/otra-condena-por-violencia-de-genero-camina-con-miedo\/#primaryimage","url":"https:\/\/diariotextual.com\/inicio\/wp-content\/uploads\/2020\/12\/centrojudicial2020-09.jpg","contentUrl":"https:\/\/diariotextual.com\/inicio\/wp-content\/uploads\/2020\/12\/centrojudicial2020-09.jpg","width":1084,"height":658},{"@type":"BreadcrumbList","@id":"https:\/\/diariotextual.com\/inicio\/index.php\/2021\/05\/03\/otra-condena-por-violencia-de-genero-camina-con-miedo\/#breadcrumb","itemListElement":[{"@type":"ListItem","position":1,"name":"Portada","item":"https:\/\/diariotextual.com\/inicio\/"},{"@type":"ListItem","position":2,"name":"Otra condena por violencia de g\u00e9nero: \u201cCamin\u00e1 con miedo\u201d"}]},{"@type":"WebSite","@id":"https:\/\/diariotextual.com\/inicio\/#website","url":"https:\/\/diariotextual.com\/inicio\/","name":"Diario Textual","description":"","publisher":{"@id":"https:\/\/diariotextual.com\/inicio\/#organization"},"potentialAction":[{"@type":"SearchAction","target":{"@type":"EntryPoint","urlTemplate":"https:\/\/diariotextual.com\/inicio\/?s={search_term_string}"},"query-input":{"@type":"PropertyValueSpecification","valueRequired":true,"valueName":"search_term_string"}}],"inLanguage":"es"},{"@type":"Organization","@id":"https:\/\/diariotextual.com\/inicio\/#organization","name":"Diario Textual","url":"https:\/\/diariotextual.com\/inicio\/","logo":{"@type":"ImageObject","inLanguage":"es","@id":"https:\/\/diariotextual.com\/inicio\/#\/schema\/logo\/image\/","url":"https:\/\/diariotextual.com\/inicio\/wp-content\/uploads\/2023\/05\/logotextual1.jpg","contentUrl":"https:\/\/diariotextual.com\/inicio\/wp-content\/uploads\/2023\/05\/logotextual1.jpg","width":516,"height":76,"caption":"Diario Textual"},"image":{"@id":"https:\/\/diariotextual.com\/inicio\/#\/schema\/logo\/image\/"},"sameAs":["https:\/\/www.facebook.com\/eltextual","https:\/\/x.com\/eltextual","http:\/\/www.instagram.com\/eltextual"]},{"@type":"Person","@id":"https:\/\/diariotextual.com\/inicio\/#\/schema\/person\/418fc4093c33e86ed41562db3508f958","name":"Diario1 Diario1","image":{"@type":"ImageObject","inLanguage":"es","@id":"https:\/\/secure.gravatar.com\/avatar\/9167d280179c85bc18be67aa7eda765854300033af4896dd779b608640f2ef7a?s=96&d=mm&r=g","url":"https:\/\/secure.gravatar.com\/avatar\/9167d280179c85bc18be67aa7eda765854300033af4896dd779b608640f2ef7a?s=96&d=mm&r=g","contentUrl":"https:\/\/secure.gravatar.com\/avatar\/9167d280179c85bc18be67aa7eda765854300033af4896dd779b608640f2ef7a?s=96&d=mm&r=g","caption":"Diario1 Diario1"},"url":"https:\/\/diariotextual.com\/inicio\/index.php\/author\/diario1\/"}]}},"_links":{"self":[{"href":"https:\/\/diariotextual.com\/inicio\/index.php\/wp-json\/wp\/v2\/posts\/144225","targetHints":{"allow":["GET"]}}],"collection":[{"href":"https:\/\/diariotextual.com\/inicio\/index.php\/wp-json\/wp\/v2\/posts"}],"about":[{"href":"https:\/\/diariotextual.com\/inicio\/index.php\/wp-json\/wp\/v2\/types\/post"}],"author":[{"embeddable":true,"href":"https:\/\/diariotextual.com\/inicio\/index.php\/wp-json\/wp\/v2\/users\/3"}],"replies":[{"embeddable":true,"href":"https:\/\/diariotextual.com\/inicio\/index.php\/wp-json\/wp\/v2\/comments?post=144225"}],"version-history":[{"count":1,"href":"https:\/\/diariotextual.com\/inicio\/index.php\/wp-json\/wp\/v2\/posts\/144225\/revisions"}],"predecessor-version":[{"id":144226,"href":"https:\/\/diariotextual.com\/inicio\/index.php\/wp-json\/wp\/v2\/posts\/144225\/revisions\/144226"}],"wp:featuredmedia":[{"embeddable":true,"href":"https:\/\/diariotextual.com\/inicio\/index.php\/wp-json\/wp\/v2\/media\/127654"}],"wp:attachment":[{"href":"https:\/\/diariotextual.com\/inicio\/index.php\/wp-json\/wp\/v2\/media?parent=144225"}],"wp:term":[{"taxonomy":"category","embeddable":true,"href":"https:\/\/diariotextual.com\/inicio\/index.php\/wp-json\/wp\/v2\/categories?post=144225"},{"taxonomy":"post_tag","embeddable":true,"href":"https:\/\/diariotextual.com\/inicio\/index.php\/wp-json\/wp\/v2\/tags?post=144225"}],"curies":[{"name":"wp","href":"https:\/\/api.w.org\/{rel}","templated":true}]}}