{"id":14437,"date":"2018-07-23T10:34:20","date_gmt":"2018-07-23T13:34:20","guid":{"rendered":"http:\/\/diariotextual.com\/inicio\/?p=14437"},"modified":"2018-07-23T17:34:20","modified_gmt":"2018-07-23T20:34:20","slug":"santa-rosa-la-clausula-gatillo-la-cobraran-solo-los-empleados","status":"publish","type":"post","link":"https:\/\/diariotextual.com\/inicio\/index.php\/2018\/07\/23\/santa-rosa-la-clausula-gatillo-la-cobraran-solo-los-empleados\/","title":{"rendered":"Santa Rosa: la cl\u00e1usula gatillo la cobrar\u00e1n solo los empleados"},"content":{"rendered":"<p>El secretario de Hacienda de Santa Rosa, <strong>Luis Evangelista<\/strong>, confirm\u00f3 que l<strong>a cl\u00e1usula gatillo del 5,9% la cobrar\u00e1n solamente los trabajadores municipales<\/strong>\u00a0con los sueldos de julio, pero no los funcionarios. Revel\u00f3 que est\u00e1n estudiando la estructura de costos de las tasas y no descart\u00f3 un ajuste.<\/p>\n<p>\u201cEstamos esperando ma\u00f1ana el monto de coparticipaci\u00f3n que entre, pero para fin de mes creemos que llegamos a pagar la cl\u00e1usula al personal. Para funcionarios no va a estar disponible\u201d, dijo el funcionario en declaraciones a LU 33.<\/p>\n<p>El pago del aumento del 5,9% es la diferencia entre la pauta salarial del 10% acordada por los estatales en paritaria y la inflaci\u00f3n del primer semestre, que para la regi\u00f3n pampeana fue del 15,9%.<\/p>\n<p>La semana pasada el intendente Leandro Altolaguirre hab\u00eda puesto en duda el pago porque no est\u00e1n los fondos. Eso motiv\u00f3 que el Sindicato de Obreros y Empleados Municipales lanzara una advertencia: \u00abSi no pagan, habr\u00e1 medidas de fuerza\u00bb, dijo el secretario general Omar Rojas.<\/p>\n<p>Pero hoy Evangelista confirm\u00f3 que s\u00ed pagar\u00e1n. Para la comuna, este 5,9% representa alrededor de 5 millones de pesos.<\/p>\n<p><strong>Tasas<\/strong><\/p>\n<p>Evangelista revel\u00f3 que \u201cse van complicando\u00bb los n\u00fameros del municipio con el correr de los meses. \u00abSi bien mantenemos la recaudaci\u00f3n, tenemos problemas con los aumentos de costos\u201d, dijo.<\/p>\n<p>\u201cEstamos empezando a estudiar la estructura de costo de las tasas. Hoy estamos (cobrando) por debajo del costo y lo estamos cubriendo con otros recursos del municipio\u201d, dijo, dejando abierta la posibilidad de alg\u00fan ajuste en las facturas.<\/p>\n<p>&nbsp;<\/p>\n<p>&nbsp;<\/p>\n","protected":false},"excerpt":{"rendered":"<p>El secretario de Hacienda de Santa Rosa, Luis Evangelista, confirm\u00f3 que la cl\u00e1usula gatillo del 5,9% la cobrar\u00e1n solamente los trabajadores municipales\u00a0con los sueldos de julio, pero no los funcionarios.&hellip;<\/p>\n","protected":false},"author":7,"featured_media":12096,"comment_status":"closed","ping_status":"open","sticky":false,"template":"","format":"standard","meta":{"_acf_changed":false,"footnotes":""},"categories":[4,8],"tags":[],"class_list":["post-14437","post","type-post","status-publish","format-standard","has-post-thumbnail","hentry","category-destacadas","category-politica"],"acf":[],"yoast_head":"<!-- This site is optimized with the Yoast SEO plugin v27.5 - https:\/\/yoast.com\/product\/yoast-seo-wordpress\/ -->\n<title>Santa Rosa: la cl\u00e1usula gatillo la cobrar\u00e1n solo los empleados - Diario Textual<\/title>\n<meta name=\"robots\" content=\"index, follow, max-snippet:-1, max-image-preview:large, max-video-preview:-1\" \/>\n<link rel=\"canonical\" href=\"https:\/\/diariotextual.com\/inicio\/index.php\/2018\/07\/23\/santa-rosa-la-clausula-gatillo-la-cobraran-solo-los-empleados\/\" \/>\n<meta property=\"og:locale\" content=\"es_ES\" \/>\n<meta property=\"og:type\" content=\"article\" \/>\n<meta property=\"og:title\" content=\"Santa Rosa: la cl\u00e1usula gatillo la cobrar\u00e1n solo los empleados - Diario Textual\" \/>\n<meta property=\"og:description\" content=\"El secretario de Hacienda de Santa Rosa, Luis Evangelista, confirm\u00f3 que la cl\u00e1usula gatillo del 5,9% la cobrar\u00e1n solamente los trabajadores municipales\u00a0con los sueldos de julio, pero no los funcionarios.&hellip;\" \/>\n<meta property=\"og:url\" content=\"https:\/\/diariotextual.com\/inicio\/index.php\/2018\/07\/23\/santa-rosa-la-clausula-gatillo-la-cobraran-solo-los-empleados\/\" \/>\n<meta property=\"og:site_name\" content=\"Diario Textual\" \/>\n<meta property=\"article:publisher\" content=\"https:\/\/www.facebook.com\/eltextual\" \/>\n<meta property=\"article:published_time\" content=\"2018-07-23T13:34:20+00:00\" \/>\n<meta property=\"article:modified_time\" content=\"2018-07-23T20:34:20+00:00\" \/>\n<meta property=\"og:image\" content=\"https:\/\/diariotextual.com\/inicio\/wp-content\/uploads\/2018\/06\/municipalidadsantarosa9222344455.jpg\" \/>\n\t<meta property=\"og:image:width\" content=\"977\" \/>\n\t<meta property=\"og:image:height\" content=\"532\" \/>\n\t<meta property=\"og:image:type\" content=\"image\/jpeg\" \/>\n<meta name=\"author\" content=\"diario5\" \/>\n<meta name=\"twitter:card\" content=\"summary_large_image\" \/>\n<meta name=\"twitter:creator\" content=\"@eltextual\" \/>\n<meta name=\"twitter:site\" content=\"@eltextual\" \/>\n<meta name=\"twitter:label1\" content=\"Escrito por\" \/>\n\t<meta name=\"twitter:data1\" content=\"diario5\" \/>\n\t<meta name=\"twitter:label2\" content=\"Tiempo de lectura\" \/>\n\t<meta name=\"twitter:data2\" content=\"1 minuto\" \/>\n<script type=\"application\/ld+json\" class=\"yoast-schema-graph\">{\"@context\":\"https:\\\/\\\/schema.org\",\"@graph\":[{\"@type\":\"Article\",\"@id\":\"https:\\\/\\\/diariotextual.com\\\/inicio\\\/index.php\\\/2018\\\/07\\\/23\\\/santa-rosa-la-clausula-gatillo-la-cobraran-solo-los-empleados\\\/#article\",\"isPartOf\":{\"@id\":\"https:\\\/\\\/diariotextual.com\\\/inicio\\\/index.php\\\/2018\\\/07\\\/23\\\/santa-rosa-la-clausula-gatillo-la-cobraran-solo-los-empleados\\\/\"},\"author\":{\"name\":\"diario5\",\"@id\":\"https:\\\/\\\/diariotextual.com\\\/inicio\\\/#\\\/schema\\\/person\\\/c7834961ad8b29b1d9cdbf4571299067\"},\"headline\":\"Santa Rosa: la cl\u00e1usula gatillo la cobrar\u00e1n solo los empleados\",\"datePublished\":\"2018-07-23T13:34:20+00:00\",\"dateModified\":\"2018-07-23T20:34:20+00:00\",\"mainEntityOfPage\":{\"@id\":\"https:\\\/\\\/diariotextual.com\\\/inicio\\\/index.php\\\/2018\\\/07\\\/23\\\/santa-rosa-la-clausula-gatillo-la-cobraran-solo-los-empleados\\\/\"},\"wordCount\":272,\"publisher\":{\"@id\":\"https:\\\/\\\/diariotextual.com\\\/inicio\\\/#organization\"},\"image\":{\"@id\":\"https:\\\/\\\/diariotextual.com\\\/inicio\\\/index.php\\\/2018\\\/07\\\/23\\\/santa-rosa-la-clausula-gatillo-la-cobraran-solo-los-empleados\\\/#primaryimage\"},\"thumbnailUrl\":\"https:\\\/\\\/diariotextual.com\\\/inicio\\\/wp-content\\\/uploads\\\/2018\\\/06\\\/municipalidadsantarosa9222344455.jpg\",\"articleSection\":[\"A - DESTACADAS (mod 16)\",\"POLITICA\"],\"inLanguage\":\"es\"},{\"@type\":\"WebPage\",\"@id\":\"https:\\\/\\\/diariotextual.com\\\/inicio\\\/index.php\\\/2018\\\/07\\\/23\\\/santa-rosa-la-clausula-gatillo-la-cobraran-solo-los-empleados\\\/\",\"url\":\"https:\\\/\\\/diariotextual.com\\\/inicio\\\/index.php\\\/2018\\\/07\\\/23\\\/santa-rosa-la-clausula-gatillo-la-cobraran-solo-los-empleados\\\/\",\"name\":\"Santa Rosa: la cl\u00e1usula gatillo la cobrar\u00e1n solo los empleados - Diario Textual\",\"isPartOf\":{\"@id\":\"https:\\\/\\\/diariotextual.com\\\/inicio\\\/#website\"},\"primaryImageOfPage\":{\"@id\":\"https:\\\/\\\/diariotextual.com\\\/inicio\\\/index.php\\\/2018\\\/07\\\/23\\\/santa-rosa-la-clausula-gatillo-la-cobraran-solo-los-empleados\\\/#primaryimage\"},\"image\":{\"@id\":\"https:\\\/\\\/diariotextual.com\\\/inicio\\\/index.php\\\/2018\\\/07\\\/23\\\/santa-rosa-la-clausula-gatillo-la-cobraran-solo-los-empleados\\\/#primaryimage\"},\"thumbnailUrl\":\"https:\\\/\\\/diariotextual.com\\\/inicio\\\/wp-content\\\/uploads\\\/2018\\\/06\\\/municipalidadsantarosa9222344455.jpg\",\"datePublished\":\"2018-07-23T13:34:20+00:00\",\"dateModified\":\"2018-07-23T20:34:20+00:00\",\"breadcrumb\":{\"@id\":\"https:\\\/\\\/diariotextual.com\\\/inicio\\\/index.php\\\/2018\\\/07\\\/23\\\/santa-rosa-la-clausula-gatillo-la-cobraran-solo-los-empleados\\\/#breadcrumb\"},\"inLanguage\":\"es\",\"potentialAction\":[{\"@type\":\"ReadAction\",\"target\":[\"https:\\\/\\\/diariotextual.com\\\/inicio\\\/index.php\\\/2018\\\/07\\\/23\\\/santa-rosa-la-clausula-gatillo-la-cobraran-solo-los-empleados\\\/\"]}]},{\"@type\":\"ImageObject\",\"inLanguage\":\"es\",\"@id\":\"https:\\\/\\\/diariotextual.com\\\/inicio\\\/index.php\\\/2018\\\/07\\\/23\\\/santa-rosa-la-clausula-gatillo-la-cobraran-solo-los-empleados\\\/#primaryimage\",\"url\":\"https:\\\/\\\/diariotextual.com\\\/inicio\\\/wp-content\\\/uploads\\\/2018\\\/06\\\/municipalidadsantarosa9222344455.jpg\",\"contentUrl\":\"https:\\\/\\\/diariotextual.com\\\/inicio\\\/wp-content\\\/uploads\\\/2018\\\/06\\\/municipalidadsantarosa9222344455.jpg\",\"width\":977,\"height\":532},{\"@type\":\"BreadcrumbList\",\"@id\":\"https:\\\/\\\/diariotextual.com\\\/inicio\\\/index.php\\\/2018\\\/07\\\/23\\\/santa-rosa-la-clausula-gatillo-la-cobraran-solo-los-empleados\\\/#breadcrumb\",\"itemListElement\":[{\"@type\":\"ListItem\",\"position\":1,\"name\":\"Portada\",\"item\":\"https:\\\/\\\/diariotextual.com\\\/inicio\\\/\"},{\"@type\":\"ListItem\",\"position\":2,\"name\":\"Santa Rosa: la cl\u00e1usula gatillo la cobrar\u00e1n solo los empleados\"}]},{\"@type\":\"WebSite\",\"@id\":\"https:\\\/\\\/diariotextual.com\\\/inicio\\\/#website\",\"url\":\"https:\\\/\\\/diariotextual.com\\\/inicio\\\/\",\"name\":\"Diario Textual\",\"description\":\"\",\"publisher\":{\"@id\":\"https:\\\/\\\/diariotextual.com\\\/inicio\\\/#organization\"},\"potentialAction\":[{\"@type\":\"SearchAction\",\"target\":{\"@type\":\"EntryPoint\",\"urlTemplate\":\"https:\\\/\\\/diariotextual.com\\\/inicio\\\/?s={search_term_string}\"},\"query-input\":{\"@type\":\"PropertyValueSpecification\",\"valueRequired\":true,\"valueName\":\"search_term_string\"}}],\"inLanguage\":\"es\"},{\"@type\":\"Organization\",\"@id\":\"https:\\\/\\\/diariotextual.com\\\/inicio\\\/#organization\",\"name\":\"Diario Textual\",\"url\":\"https:\\\/\\\/diariotextual.com\\\/inicio\\\/\",\"logo\":{\"@type\":\"ImageObject\",\"inLanguage\":\"es\",\"@id\":\"https:\\\/\\\/diariotextual.com\\\/inicio\\\/#\\\/schema\\\/logo\\\/image\\\/\",\"url\":\"https:\\\/\\\/diariotextual.com\\\/inicio\\\/wp-content\\\/uploads\\\/2023\\\/05\\\/logotextual1.jpg\",\"contentUrl\":\"https:\\\/\\\/diariotextual.com\\\/inicio\\\/wp-content\\\/uploads\\\/2023\\\/05\\\/logotextual1.jpg\",\"width\":516,\"height\":76,\"caption\":\"Diario Textual\"},\"image\":{\"@id\":\"https:\\\/\\\/diariotextual.com\\\/inicio\\\/#\\\/schema\\\/logo\\\/image\\\/\"},\"sameAs\":[\"https:\\\/\\\/www.facebook.com\\\/eltextual\",\"https:\\\/\\\/x.com\\\/eltextual\",\"http:\\\/\\\/www.instagram.com\\\/eltextual\"]},{\"@type\":\"Person\",\"@id\":\"https:\\\/\\\/diariotextual.com\\\/inicio\\\/#\\\/schema\\\/person\\\/c7834961ad8b29b1d9cdbf4571299067\",\"name\":\"diario5\",\"image\":{\"@type\":\"ImageObject\",\"inLanguage\":\"es\",\"@id\":\"https:\\\/\\\/secure.gravatar.com\\\/avatar\\\/948c893b847ca6df68216ead81b63f363408ec9b0f600fefc0641ce78613b111?s=96&d=mm&r=g\",\"url\":\"https:\\\/\\\/secure.gravatar.com\\\/avatar\\\/948c893b847ca6df68216ead81b63f363408ec9b0f600fefc0641ce78613b111?s=96&d=mm&r=g\",\"contentUrl\":\"https:\\\/\\\/secure.gravatar.com\\\/avatar\\\/948c893b847ca6df68216ead81b63f363408ec9b0f600fefc0641ce78613b111?s=96&d=mm&r=g\",\"caption\":\"diario5\"},\"url\":\"https:\\\/\\\/diariotextual.com\\\/inicio\\\/index.php\\\/author\\\/diario5\\\/\"}]}<\/script>\n<!-- \/ Yoast SEO plugin. -->","yoast_head_json":{"title":"Santa Rosa: la cl\u00e1usula gatillo la cobrar\u00e1n solo los empleados - Diario Textual","robots":{"index":"index","follow":"follow","max-snippet":"max-snippet:-1","max-image-preview":"max-image-preview:large","max-video-preview":"max-video-preview:-1"},"canonical":"https:\/\/diariotextual.com\/inicio\/index.php\/2018\/07\/23\/santa-rosa-la-clausula-gatillo-la-cobraran-solo-los-empleados\/","og_locale":"es_ES","og_type":"article","og_title":"Santa Rosa: la cl\u00e1usula gatillo la cobrar\u00e1n solo los empleados - Diario Textual","og_description":"El secretario de Hacienda de Santa Rosa, Luis Evangelista, confirm\u00f3 que la cl\u00e1usula gatillo del 5,9% la cobrar\u00e1n solamente los trabajadores municipales\u00a0con los sueldos de julio, pero no los funcionarios.&hellip;","og_url":"https:\/\/diariotextual.com\/inicio\/index.php\/2018\/07\/23\/santa-rosa-la-clausula-gatillo-la-cobraran-solo-los-empleados\/","og_site_name":"Diario Textual","article_publisher":"https:\/\/www.facebook.com\/eltextual","article_published_time":"2018-07-23T13:34:20+00:00","article_modified_time":"2018-07-23T20:34:20+00:00","og_image":[{"width":977,"height":532,"url":"https:\/\/diariotextual.com\/inicio\/wp-content\/uploads\/2018\/06\/municipalidadsantarosa9222344455.jpg","type":"image\/jpeg"}],"author":"diario5","twitter_card":"summary_large_image","twitter_creator":"@eltextual","twitter_site":"@eltextual","twitter_misc":{"Escrito por":"diario5","Tiempo de lectura":"1 minuto"},"schema":{"@context":"https:\/\/schema.org","@graph":[{"@type":"Article","@id":"https:\/\/diariotextual.com\/inicio\/index.php\/2018\/07\/23\/santa-rosa-la-clausula-gatillo-la-cobraran-solo-los-empleados\/#article","isPartOf":{"@id":"https:\/\/diariotextual.com\/inicio\/index.php\/2018\/07\/23\/santa-rosa-la-clausula-gatillo-la-cobraran-solo-los-empleados\/"},"author":{"name":"diario5","@id":"https:\/\/diariotextual.com\/inicio\/#\/schema\/person\/c7834961ad8b29b1d9cdbf4571299067"},"headline":"Santa Rosa: la cl\u00e1usula gatillo la cobrar\u00e1n solo los empleados","datePublished":"2018-07-23T13:34:20+00:00","dateModified":"2018-07-23T20:34:20+00:00","mainEntityOfPage":{"@id":"https:\/\/diariotextual.com\/inicio\/index.php\/2018\/07\/23\/santa-rosa-la-clausula-gatillo-la-cobraran-solo-los-empleados\/"},"wordCount":272,"publisher":{"@id":"https:\/\/diariotextual.com\/inicio\/#organization"},"image":{"@id":"https:\/\/diariotextual.com\/inicio\/index.php\/2018\/07\/23\/santa-rosa-la-clausula-gatillo-la-cobraran-solo-los-empleados\/#primaryimage"},"thumbnailUrl":"https:\/\/diariotextual.com\/inicio\/wp-content\/uploads\/2018\/06\/municipalidadsantarosa9222344455.jpg","articleSection":["A - DESTACADAS (mod 16)","POLITICA"],"inLanguage":"es"},{"@type":"WebPage","@id":"https:\/\/diariotextual.com\/inicio\/index.php\/2018\/07\/23\/santa-rosa-la-clausula-gatillo-la-cobraran-solo-los-empleados\/","url":"https:\/\/diariotextual.com\/inicio\/index.php\/2018\/07\/23\/santa-rosa-la-clausula-gatillo-la-cobraran-solo-los-empleados\/","name":"Santa Rosa: la cl\u00e1usula gatillo la cobrar\u00e1n solo los empleados - Diario Textual","isPartOf":{"@id":"https:\/\/diariotextual.com\/inicio\/#website"},"primaryImageOfPage":{"@id":"https:\/\/diariotextual.com\/inicio\/index.php\/2018\/07\/23\/santa-rosa-la-clausula-gatillo-la-cobraran-solo-los-empleados\/#primaryimage"},"image":{"@id":"https:\/\/diariotextual.com\/inicio\/index.php\/2018\/07\/23\/santa-rosa-la-clausula-gatillo-la-cobraran-solo-los-empleados\/#primaryimage"},"thumbnailUrl":"https:\/\/diariotextual.com\/inicio\/wp-content\/uploads\/2018\/06\/municipalidadsantarosa9222344455.jpg","datePublished":"2018-07-23T13:34:20+00:00","dateModified":"2018-07-23T20:34:20+00:00","breadcrumb":{"@id":"https:\/\/diariotextual.com\/inicio\/index.php\/2018\/07\/23\/santa-rosa-la-clausula-gatillo-la-cobraran-solo-los-empleados\/#breadcrumb"},"inLanguage":"es","potentialAction":[{"@type":"ReadAction","target":["https:\/\/diariotextual.com\/inicio\/index.php\/2018\/07\/23\/santa-rosa-la-clausula-gatillo-la-cobraran-solo-los-empleados\/"]}]},{"@type":"ImageObject","inLanguage":"es","@id":"https:\/\/diariotextual.com\/inicio\/index.php\/2018\/07\/23\/santa-rosa-la-clausula-gatillo-la-cobraran-solo-los-empleados\/#primaryimage","url":"https:\/\/diariotextual.com\/inicio\/wp-content\/uploads\/2018\/06\/municipalidadsantarosa9222344455.jpg","contentUrl":"https:\/\/diariotextual.com\/inicio\/wp-content\/uploads\/2018\/06\/municipalidadsantarosa9222344455.jpg","width":977,"height":532},{"@type":"BreadcrumbList","@id":"https:\/\/diariotextual.com\/inicio\/index.php\/2018\/07\/23\/santa-rosa-la-clausula-gatillo-la-cobraran-solo-los-empleados\/#breadcrumb","itemListElement":[{"@type":"ListItem","position":1,"name":"Portada","item":"https:\/\/diariotextual.com\/inicio\/"},{"@type":"ListItem","position":2,"name":"Santa Rosa: la cl\u00e1usula gatillo la cobrar\u00e1n solo los empleados"}]},{"@type":"WebSite","@id":"https:\/\/diariotextual.com\/inicio\/#website","url":"https:\/\/diariotextual.com\/inicio\/","name":"Diario Textual","description":"","publisher":{"@id":"https:\/\/diariotextual.com\/inicio\/#organization"},"potentialAction":[{"@type":"SearchAction","target":{"@type":"EntryPoint","urlTemplate":"https:\/\/diariotextual.com\/inicio\/?s={search_term_string}"},"query-input":{"@type":"PropertyValueSpecification","valueRequired":true,"valueName":"search_term_string"}}],"inLanguage":"es"},{"@type":"Organization","@id":"https:\/\/diariotextual.com\/inicio\/#organization","name":"Diario Textual","url":"https:\/\/diariotextual.com\/inicio\/","logo":{"@type":"ImageObject","inLanguage":"es","@id":"https:\/\/diariotextual.com\/inicio\/#\/schema\/logo\/image\/","url":"https:\/\/diariotextual.com\/inicio\/wp-content\/uploads\/2023\/05\/logotextual1.jpg","contentUrl":"https:\/\/diariotextual.com\/inicio\/wp-content\/uploads\/2023\/05\/logotextual1.jpg","width":516,"height":76,"caption":"Diario Textual"},"image":{"@id":"https:\/\/diariotextual.com\/inicio\/#\/schema\/logo\/image\/"},"sameAs":["https:\/\/www.facebook.com\/eltextual","https:\/\/x.com\/eltextual","http:\/\/www.instagram.com\/eltextual"]},{"@type":"Person","@id":"https:\/\/diariotextual.com\/inicio\/#\/schema\/person\/c7834961ad8b29b1d9cdbf4571299067","name":"diario5","image":{"@type":"ImageObject","inLanguage":"es","@id":"https:\/\/secure.gravatar.com\/avatar\/948c893b847ca6df68216ead81b63f363408ec9b0f600fefc0641ce78613b111?s=96&d=mm&r=g","url":"https:\/\/secure.gravatar.com\/avatar\/948c893b847ca6df68216ead81b63f363408ec9b0f600fefc0641ce78613b111?s=96&d=mm&r=g","contentUrl":"https:\/\/secure.gravatar.com\/avatar\/948c893b847ca6df68216ead81b63f363408ec9b0f600fefc0641ce78613b111?s=96&d=mm&r=g","caption":"diario5"},"url":"https:\/\/diariotextual.com\/inicio\/index.php\/author\/diario5\/"}]}},"_links":{"self":[{"href":"https:\/\/diariotextual.com\/inicio\/index.php\/wp-json\/wp\/v2\/posts\/14437","targetHints":{"allow":["GET"]}}],"collection":[{"href":"https:\/\/diariotextual.com\/inicio\/index.php\/wp-json\/wp\/v2\/posts"}],"about":[{"href":"https:\/\/diariotextual.com\/inicio\/index.php\/wp-json\/wp\/v2\/types\/post"}],"author":[{"embeddable":true,"href":"https:\/\/diariotextual.com\/inicio\/index.php\/wp-json\/wp\/v2\/users\/7"}],"replies":[{"embeddable":true,"href":"https:\/\/diariotextual.com\/inicio\/index.php\/wp-json\/wp\/v2\/comments?post=14437"}],"version-history":[{"count":1,"href":"https:\/\/diariotextual.com\/inicio\/index.php\/wp-json\/wp\/v2\/posts\/14437\/revisions"}],"predecessor-version":[{"id":14441,"href":"https:\/\/diariotextual.com\/inicio\/index.php\/wp-json\/wp\/v2\/posts\/14437\/revisions\/14441"}],"wp:featuredmedia":[{"embeddable":true,"href":"https:\/\/diariotextual.com\/inicio\/index.php\/wp-json\/wp\/v2\/media\/12096"}],"wp:attachment":[{"href":"https:\/\/diariotextual.com\/inicio\/index.php\/wp-json\/wp\/v2\/media?parent=14437"}],"wp:term":[{"taxonomy":"category","embeddable":true,"href":"https:\/\/diariotextual.com\/inicio\/index.php\/wp-json\/wp\/v2\/categories?post=14437"},{"taxonomy":"post_tag","embeddable":true,"href":"https:\/\/diariotextual.com\/inicio\/index.php\/wp-json\/wp\/v2\/tags?post=14437"}],"curies":[{"name":"wp","href":"https:\/\/api.w.org\/{rel}","templated":true}]}}