{"id":144993,"date":"2021-05-08T08:56:37","date_gmt":"2021-05-08T11:56:37","guid":{"rendered":"http:\/\/diariotextual.com\/inicio\/?p=144993"},"modified":"2021-05-08T10:44:37","modified_gmt":"2021-05-08T13:44:37","slug":"cuales-son-los-nuevos-precios-para-los-11-cortes-de-carne-vacuna-a-valores-economicos","status":"publish","type":"post","link":"https:\/\/diariotextual.com\/inicio\/index.php\/2021\/05\/08\/cuales-son-los-nuevos-precios-para-los-11-cortes-de-carne-vacuna-a-valores-economicos\/","title":{"rendered":"Cu\u00e1les son los nuevos precios para los 11 cortes de carne vacuna a valores econ\u00f3micos"},"content":{"rendered":"\n<p>El <strong>Gobierno nacional<\/strong> anunci\u00f3, en medio de la segunda ola de coronavirus y con la idea de atender a los sectores m\u00e1s afectados por la pandemia, un <strong>acuerdo de precios para cortes de carnes, frutas y verduras a valores econ\u00f3micos, y para conformar una canasta de 120 productos alimenticios, bebidas y art\u00edculos de higiene personal para ofrecer en los comercios de cercan\u00eda o barriales.<\/strong><\/p>\n\n\n\n<p><strong>En el caso de la carne vacuna, el acuerdo regir\u00e1 desde el 11 de mayo hasta fin de a\u00f1o, y los cortes estar\u00e1n disponibles en 3.000 bocas de expendio de todo el pa\u00eds, mediante un entendimiento con el Consorcio Exportador de Carnes ABC, seg\u00fan inform\u00f3 el gobierno.<\/strong><\/p>\n\n\n\n<p>Las ofertas se podr\u00e1n encontrar en supermercados de lunes a viernes, todas las semanas del mes, con lo cual la frecuencia del acuerdo pasa de 9 d\u00edas del mes a 20 d\u00edas. Estar\u00e1n disponibles en cadenas como\u00a0<strong>Coto, Jumbo, Vea, Disco, Carrefour, Walmart, D\u00eda%, La An\u00f3nima, Libertad\u00a0<\/strong>y carnicer\u00edas\u00a0<strong>Friar<\/strong>.<\/p>\n\n\n\n<p>En esta renovaci\u00f3n, se agreg\u00f3 l<strong>a paleta, a $485 el kilo<\/strong>, para reforzar la oferta de cortes de olla que m\u00e1s se consumen en la temporada invernal y as\u00ed se alcanza un total de nueve cortes que se suman a los de Precios Cuidados que son <strong>la carne picada ($265\/kg) <\/strong>y <strong>el espinazo ($110\/kg)<\/strong>.<\/p>\n\n\n\n<p>Los precios por kilo de los cortes que ya estaban en el acuerdo que se mantendr\u00e1n sin variaciones son:<strong> vac\u00edo a $499, matambre a $549, falda a $229 y tapa de asado a $429<\/strong>, inform\u00f3 el Gobierno.<\/p>\n\n\n\n<p>Por su parte, el <strong>asado de tira <\/strong>se vender\u00e1 con una baja del 10%, a <strong>$359<\/strong>, y un 39% m\u00e1s bajo que en diciembre, antes del acuerdo.<\/p>\n\n\n\n<p>Tambi\u00e9n se fijaron precios con un aumento promedio menor al 5% para la cuadrada o <strong>bola de lomo ($515)<\/strong>, el<strong> roast beef ($409) <\/strong>y <strong>la carnaza ($379)<\/strong>.<\/p>\n\n\n\n<p>En tanto, para mayo se estima un volumen inicial de 8 millones de kilos que podr\u00e1n ser aumentados en funci\u00f3n de los niveles de ventas.<\/p>\n\n\n\n<p>El acuerdo lo realiz\u00f3 el Gobierno con el\u00a0<strong>consorcio de exportadores ABC<\/strong>\u00a0(principal proveedor del canal supermercados), los frigor\u00edficos exportadores nucleados en la<strong>\u00a0C\u00e1mara Argentina de la Industria Frigor\u00edfica (CADIF)<\/strong>, en la<strong>\u00a0Federaci\u00f3n de Industrias Frigor\u00edficas Regionales (FIFRA)<\/strong>\u00a0y en la\u00a0<strong>Uni\u00f3n de la Industria C\u00e1rnica Argentina (UNICA)<\/strong>; la\u00a0<strong>Asociaci\u00f3n de Supermercados Unidos (ASU)\u00a0<\/strong>y las carnicer\u00edas del\u00a0<strong>Mercado Central de Buenos Aires (MCBA).<\/strong><\/p>\n\n\n\n<p>En esta etapa, los consumidores podr\u00e1n encontrar los cortes a estos precios hasta fines de julio, fecha en la cual se analizar\u00e1n las condiciones de actualizaci\u00f3n trimestral.<\/p>\n\n\n\n<p><\/p>\n\n\n\n<p><\/p>\n","protected":false},"excerpt":{"rendered":"<p>El Gobierno nacional anunci\u00f3, en medio de la segunda ola de coronavirus y con la idea de atender a los sectores m\u00e1s afectados por la pandemia, un acuerdo de precios&hellip;<\/p>\n","protected":false},"author":3,"featured_media":125138,"comment_status":"closed","ping_status":"open","sticky":false,"template":"","format":"standard","meta":{"_acf_changed":false,"footnotes":""},"categories":[1,5],"tags":[1173],"class_list":["post-144993","post","type-post","status-publish","format-standard","has-post-thumbnail","hentry","category-es-noticia","category-economia","tag-asado"],"acf":[],"yoast_head":"<!-- This site is optimized with the Yoast SEO plugin v27.4 - https:\/\/yoast.com\/product\/yoast-seo-wordpress\/ -->\n<title>Cu\u00e1les son los nuevos precios para los 11 cortes de carne vacuna a valores econ\u00f3micos - Diario Textual<\/title>\n<meta name=\"robots\" content=\"index, follow, max-snippet:-1, max-image-preview:large, max-video-preview:-1\" \/>\n<link rel=\"canonical\" href=\"https:\/\/diariotextual.com\/inicio\/index.php\/2021\/05\/08\/cuales-son-los-nuevos-precios-para-los-11-cortes-de-carne-vacuna-a-valores-economicos\/\" \/>\n<meta property=\"og:locale\" content=\"es_ES\" \/>\n<meta property=\"og:type\" content=\"article\" \/>\n<meta property=\"og:title\" content=\"Cu\u00e1les son los nuevos precios para los 11 cortes de carne vacuna a valores econ\u00f3micos - Diario Textual\" \/>\n<meta property=\"og:description\" content=\"El Gobierno nacional anunci\u00f3, en medio de la segunda ola de coronavirus y con la idea de atender a los sectores m\u00e1s afectados por la pandemia, un acuerdo de precios&hellip;\" \/>\n<meta property=\"og:url\" content=\"https:\/\/diariotextual.com\/inicio\/index.php\/2021\/05\/08\/cuales-son-los-nuevos-precios-para-los-11-cortes-de-carne-vacuna-a-valores-economicos\/\" \/>\n<meta property=\"og:site_name\" content=\"Diario Textual\" \/>\n<meta property=\"article:publisher\" content=\"https:\/\/www.facebook.com\/eltextual\" \/>\n<meta property=\"article:published_time\" content=\"2021-05-08T11:56:37+00:00\" \/>\n<meta property=\"article:modified_time\" content=\"2021-05-08T13:44:37+00:00\" \/>\n<meta property=\"og:image\" content=\"https:\/\/diariotextual.com\/inicio\/wp-content\/uploads\/2020\/12\/carniceriacarnetelam2020-1.jpg\" \/>\n\t<meta property=\"og:image:width\" content=\"2500\" \/>\n\t<meta property=\"og:image:height\" content=\"1666\" \/>\n\t<meta property=\"og:image:type\" content=\"image\/jpeg\" \/>\n<meta name=\"author\" content=\"Diario1 Diario1\" \/>\n<meta name=\"twitter:card\" content=\"summary_large_image\" \/>\n<meta name=\"twitter:creator\" content=\"@eltextual\" \/>\n<meta name=\"twitter:site\" content=\"@eltextual\" \/>\n<meta name=\"twitter:label1\" content=\"Escrito por\" \/>\n\t<meta name=\"twitter:data1\" content=\"Diario1 Diario1\" \/>\n\t<meta name=\"twitter:label2\" content=\"Tiempo de lectura\" \/>\n\t<meta name=\"twitter:data2\" content=\"2 minutos\" \/>\n<script type=\"application\/ld+json\" class=\"yoast-schema-graph\">{\"@context\":\"https:\\\/\\\/schema.org\",\"@graph\":[{\"@type\":\"Article\",\"@id\":\"https:\\\/\\\/diariotextual.com\\\/inicio\\\/index.php\\\/2021\\\/05\\\/08\\\/cuales-son-los-nuevos-precios-para-los-11-cortes-de-carne-vacuna-a-valores-economicos\\\/#article\",\"isPartOf\":{\"@id\":\"https:\\\/\\\/diariotextual.com\\\/inicio\\\/index.php\\\/2021\\\/05\\\/08\\\/cuales-son-los-nuevos-precios-para-los-11-cortes-de-carne-vacuna-a-valores-economicos\\\/\"},\"author\":{\"name\":\"Diario1 Diario1\",\"@id\":\"https:\\\/\\\/diariotextual.com\\\/inicio\\\/#\\\/schema\\\/person\\\/418fc4093c33e86ed41562db3508f958\"},\"headline\":\"Cu\u00e1les son los nuevos precios para los 11 cortes de carne vacuna a valores econ\u00f3micos\",\"datePublished\":\"2021-05-08T11:56:37+00:00\",\"dateModified\":\"2021-05-08T13:44:37+00:00\",\"mainEntityOfPage\":{\"@id\":\"https:\\\/\\\/diariotextual.com\\\/inicio\\\/index.php\\\/2021\\\/05\\\/08\\\/cuales-son-los-nuevos-precios-para-los-11-cortes-de-carne-vacuna-a-valores-economicos\\\/\"},\"wordCount\":455,\"publisher\":{\"@id\":\"https:\\\/\\\/diariotextual.com\\\/inicio\\\/#organization\"},\"image\":{\"@id\":\"https:\\\/\\\/diariotextual.com\\\/inicio\\\/index.php\\\/2021\\\/05\\\/08\\\/cuales-son-los-nuevos-precios-para-los-11-cortes-de-carne-vacuna-a-valores-economicos\\\/#primaryimage\"},\"thumbnailUrl\":\"https:\\\/\\\/diariotextual.com\\\/inicio\\\/wp-content\\\/uploads\\\/2020\\\/12\\\/carniceriacarnetelam2020-1.jpg\",\"keywords\":[\"asado\"],\"articleSection\":[\"A - ES NOTICIA (van abajo)\",\"ECONOMIA\"],\"inLanguage\":\"es\"},{\"@type\":\"WebPage\",\"@id\":\"https:\\\/\\\/diariotextual.com\\\/inicio\\\/index.php\\\/2021\\\/05\\\/08\\\/cuales-son-los-nuevos-precios-para-los-11-cortes-de-carne-vacuna-a-valores-economicos\\\/\",\"url\":\"https:\\\/\\\/diariotextual.com\\\/inicio\\\/index.php\\\/2021\\\/05\\\/08\\\/cuales-son-los-nuevos-precios-para-los-11-cortes-de-carne-vacuna-a-valores-economicos\\\/\",\"name\":\"Cu\u00e1les son los nuevos precios para los 11 cortes de carne vacuna a valores econ\u00f3micos - Diario Textual\",\"isPartOf\":{\"@id\":\"https:\\\/\\\/diariotextual.com\\\/inicio\\\/#website\"},\"primaryImageOfPage\":{\"@id\":\"https:\\\/\\\/diariotextual.com\\\/inicio\\\/index.php\\\/2021\\\/05\\\/08\\\/cuales-son-los-nuevos-precios-para-los-11-cortes-de-carne-vacuna-a-valores-economicos\\\/#primaryimage\"},\"image\":{\"@id\":\"https:\\\/\\\/diariotextual.com\\\/inicio\\\/index.php\\\/2021\\\/05\\\/08\\\/cuales-son-los-nuevos-precios-para-los-11-cortes-de-carne-vacuna-a-valores-economicos\\\/#primaryimage\"},\"thumbnailUrl\":\"https:\\\/\\\/diariotextual.com\\\/inicio\\\/wp-content\\\/uploads\\\/2020\\\/12\\\/carniceriacarnetelam2020-1.jpg\",\"datePublished\":\"2021-05-08T11:56:37+00:00\",\"dateModified\":\"2021-05-08T13:44:37+00:00\",\"breadcrumb\":{\"@id\":\"https:\\\/\\\/diariotextual.com\\\/inicio\\\/index.php\\\/2021\\\/05\\\/08\\\/cuales-son-los-nuevos-precios-para-los-11-cortes-de-carne-vacuna-a-valores-economicos\\\/#breadcrumb\"},\"inLanguage\":\"es\",\"potentialAction\":[{\"@type\":\"ReadAction\",\"target\":[\"https:\\\/\\\/diariotextual.com\\\/inicio\\\/index.php\\\/2021\\\/05\\\/08\\\/cuales-son-los-nuevos-precios-para-los-11-cortes-de-carne-vacuna-a-valores-economicos\\\/\"]}]},{\"@type\":\"ImageObject\",\"inLanguage\":\"es\",\"@id\":\"https:\\\/\\\/diariotextual.com\\\/inicio\\\/index.php\\\/2021\\\/05\\\/08\\\/cuales-son-los-nuevos-precios-para-los-11-cortes-de-carne-vacuna-a-valores-economicos\\\/#primaryimage\",\"url\":\"https:\\\/\\\/diariotextual.com\\\/inicio\\\/wp-content\\\/uploads\\\/2020\\\/12\\\/carniceriacarnetelam2020-1.jpg\",\"contentUrl\":\"https:\\\/\\\/diariotextual.com\\\/inicio\\\/wp-content\\\/uploads\\\/2020\\\/12\\\/carniceriacarnetelam2020-1.jpg\",\"width\":2500,\"height\":1666},{\"@type\":\"BreadcrumbList\",\"@id\":\"https:\\\/\\\/diariotextual.com\\\/inicio\\\/index.php\\\/2021\\\/05\\\/08\\\/cuales-son-los-nuevos-precios-para-los-11-cortes-de-carne-vacuna-a-valores-economicos\\\/#breadcrumb\",\"itemListElement\":[{\"@type\":\"ListItem\",\"position\":1,\"name\":\"Portada\",\"item\":\"https:\\\/\\\/diariotextual.com\\\/inicio\\\/\"},{\"@type\":\"ListItem\",\"position\":2,\"name\":\"Cu\u00e1les son los nuevos precios para los 11 cortes de carne vacuna a valores econ\u00f3micos\"}]},{\"@type\":\"WebSite\",\"@id\":\"https:\\\/\\\/diariotextual.com\\\/inicio\\\/#website\",\"url\":\"https:\\\/\\\/diariotextual.com\\\/inicio\\\/\",\"name\":\"Diario Textual\",\"description\":\"\",\"publisher\":{\"@id\":\"https:\\\/\\\/diariotextual.com\\\/inicio\\\/#organization\"},\"potentialAction\":[{\"@type\":\"SearchAction\",\"target\":{\"@type\":\"EntryPoint\",\"urlTemplate\":\"https:\\\/\\\/diariotextual.com\\\/inicio\\\/?s={search_term_string}\"},\"query-input\":{\"@type\":\"PropertyValueSpecification\",\"valueRequired\":true,\"valueName\":\"search_term_string\"}}],\"inLanguage\":\"es\"},{\"@type\":\"Organization\",\"@id\":\"https:\\\/\\\/diariotextual.com\\\/inicio\\\/#organization\",\"name\":\"Diario Textual\",\"url\":\"https:\\\/\\\/diariotextual.com\\\/inicio\\\/\",\"logo\":{\"@type\":\"ImageObject\",\"inLanguage\":\"es\",\"@id\":\"https:\\\/\\\/diariotextual.com\\\/inicio\\\/#\\\/schema\\\/logo\\\/image\\\/\",\"url\":\"https:\\\/\\\/diariotextual.com\\\/inicio\\\/wp-content\\\/uploads\\\/2023\\\/05\\\/logotextual1.jpg\",\"contentUrl\":\"https:\\\/\\\/diariotextual.com\\\/inicio\\\/wp-content\\\/uploads\\\/2023\\\/05\\\/logotextual1.jpg\",\"width\":516,\"height\":76,\"caption\":\"Diario Textual\"},\"image\":{\"@id\":\"https:\\\/\\\/diariotextual.com\\\/inicio\\\/#\\\/schema\\\/logo\\\/image\\\/\"},\"sameAs\":[\"https:\\\/\\\/www.facebook.com\\\/eltextual\",\"https:\\\/\\\/x.com\\\/eltextual\",\"http:\\\/\\\/www.instagram.com\\\/eltextual\"]},{\"@type\":\"Person\",\"@id\":\"https:\\\/\\\/diariotextual.com\\\/inicio\\\/#\\\/schema\\\/person\\\/418fc4093c33e86ed41562db3508f958\",\"name\":\"Diario1 Diario1\",\"image\":{\"@type\":\"ImageObject\",\"inLanguage\":\"es\",\"@id\":\"https:\\\/\\\/secure.gravatar.com\\\/avatar\\\/9167d280179c85bc18be67aa7eda765854300033af4896dd779b608640f2ef7a?s=96&d=mm&r=g\",\"url\":\"https:\\\/\\\/secure.gravatar.com\\\/avatar\\\/9167d280179c85bc18be67aa7eda765854300033af4896dd779b608640f2ef7a?s=96&d=mm&r=g\",\"contentUrl\":\"https:\\\/\\\/secure.gravatar.com\\\/avatar\\\/9167d280179c85bc18be67aa7eda765854300033af4896dd779b608640f2ef7a?s=96&d=mm&r=g\",\"caption\":\"Diario1 Diario1\"},\"url\":\"https:\\\/\\\/diariotextual.com\\\/inicio\\\/index.php\\\/author\\\/diario1\\\/\"}]}<\/script>\n<!-- \/ Yoast SEO plugin. -->","yoast_head_json":{"title":"Cu\u00e1les son los nuevos precios para los 11 cortes de carne vacuna a valores econ\u00f3micos - Diario Textual","robots":{"index":"index","follow":"follow","max-snippet":"max-snippet:-1","max-image-preview":"max-image-preview:large","max-video-preview":"max-video-preview:-1"},"canonical":"https:\/\/diariotextual.com\/inicio\/index.php\/2021\/05\/08\/cuales-son-los-nuevos-precios-para-los-11-cortes-de-carne-vacuna-a-valores-economicos\/","og_locale":"es_ES","og_type":"article","og_title":"Cu\u00e1les son los nuevos precios para los 11 cortes de carne vacuna a valores econ\u00f3micos - Diario Textual","og_description":"El Gobierno nacional anunci\u00f3, en medio de la segunda ola de coronavirus y con la idea de atender a los sectores m\u00e1s afectados por la pandemia, un acuerdo de precios&hellip;","og_url":"https:\/\/diariotextual.com\/inicio\/index.php\/2021\/05\/08\/cuales-son-los-nuevos-precios-para-los-11-cortes-de-carne-vacuna-a-valores-economicos\/","og_site_name":"Diario Textual","article_publisher":"https:\/\/www.facebook.com\/eltextual","article_published_time":"2021-05-08T11:56:37+00:00","article_modified_time":"2021-05-08T13:44:37+00:00","og_image":[{"width":2500,"height":1666,"url":"https:\/\/diariotextual.com\/inicio\/wp-content\/uploads\/2020\/12\/carniceriacarnetelam2020-1.jpg","type":"image\/jpeg"}],"author":"Diario1 Diario1","twitter_card":"summary_large_image","twitter_creator":"@eltextual","twitter_site":"@eltextual","twitter_misc":{"Escrito por":"Diario1 Diario1","Tiempo de lectura":"2 minutos"},"schema":{"@context":"https:\/\/schema.org","@graph":[{"@type":"Article","@id":"https:\/\/diariotextual.com\/inicio\/index.php\/2021\/05\/08\/cuales-son-los-nuevos-precios-para-los-11-cortes-de-carne-vacuna-a-valores-economicos\/#article","isPartOf":{"@id":"https:\/\/diariotextual.com\/inicio\/index.php\/2021\/05\/08\/cuales-son-los-nuevos-precios-para-los-11-cortes-de-carne-vacuna-a-valores-economicos\/"},"author":{"name":"Diario1 Diario1","@id":"https:\/\/diariotextual.com\/inicio\/#\/schema\/person\/418fc4093c33e86ed41562db3508f958"},"headline":"Cu\u00e1les son los nuevos precios para los 11 cortes de carne vacuna a valores econ\u00f3micos","datePublished":"2021-05-08T11:56:37+00:00","dateModified":"2021-05-08T13:44:37+00:00","mainEntityOfPage":{"@id":"https:\/\/diariotextual.com\/inicio\/index.php\/2021\/05\/08\/cuales-son-los-nuevos-precios-para-los-11-cortes-de-carne-vacuna-a-valores-economicos\/"},"wordCount":455,"publisher":{"@id":"https:\/\/diariotextual.com\/inicio\/#organization"},"image":{"@id":"https:\/\/diariotextual.com\/inicio\/index.php\/2021\/05\/08\/cuales-son-los-nuevos-precios-para-los-11-cortes-de-carne-vacuna-a-valores-economicos\/#primaryimage"},"thumbnailUrl":"https:\/\/diariotextual.com\/inicio\/wp-content\/uploads\/2020\/12\/carniceriacarnetelam2020-1.jpg","keywords":["asado"],"articleSection":["A - ES NOTICIA (van abajo)","ECONOMIA"],"inLanguage":"es"},{"@type":"WebPage","@id":"https:\/\/diariotextual.com\/inicio\/index.php\/2021\/05\/08\/cuales-son-los-nuevos-precios-para-los-11-cortes-de-carne-vacuna-a-valores-economicos\/","url":"https:\/\/diariotextual.com\/inicio\/index.php\/2021\/05\/08\/cuales-son-los-nuevos-precios-para-los-11-cortes-de-carne-vacuna-a-valores-economicos\/","name":"Cu\u00e1les son los nuevos precios para los 11 cortes de carne vacuna a valores econ\u00f3micos - Diario Textual","isPartOf":{"@id":"https:\/\/diariotextual.com\/inicio\/#website"},"primaryImageOfPage":{"@id":"https:\/\/diariotextual.com\/inicio\/index.php\/2021\/05\/08\/cuales-son-los-nuevos-precios-para-los-11-cortes-de-carne-vacuna-a-valores-economicos\/#primaryimage"},"image":{"@id":"https:\/\/diariotextual.com\/inicio\/index.php\/2021\/05\/08\/cuales-son-los-nuevos-precios-para-los-11-cortes-de-carne-vacuna-a-valores-economicos\/#primaryimage"},"thumbnailUrl":"https:\/\/diariotextual.com\/inicio\/wp-content\/uploads\/2020\/12\/carniceriacarnetelam2020-1.jpg","datePublished":"2021-05-08T11:56:37+00:00","dateModified":"2021-05-08T13:44:37+00:00","breadcrumb":{"@id":"https:\/\/diariotextual.com\/inicio\/index.php\/2021\/05\/08\/cuales-son-los-nuevos-precios-para-los-11-cortes-de-carne-vacuna-a-valores-economicos\/#breadcrumb"},"inLanguage":"es","potentialAction":[{"@type":"ReadAction","target":["https:\/\/diariotextual.com\/inicio\/index.php\/2021\/05\/08\/cuales-son-los-nuevos-precios-para-los-11-cortes-de-carne-vacuna-a-valores-economicos\/"]}]},{"@type":"ImageObject","inLanguage":"es","@id":"https:\/\/diariotextual.com\/inicio\/index.php\/2021\/05\/08\/cuales-son-los-nuevos-precios-para-los-11-cortes-de-carne-vacuna-a-valores-economicos\/#primaryimage","url":"https:\/\/diariotextual.com\/inicio\/wp-content\/uploads\/2020\/12\/carniceriacarnetelam2020-1.jpg","contentUrl":"https:\/\/diariotextual.com\/inicio\/wp-content\/uploads\/2020\/12\/carniceriacarnetelam2020-1.jpg","width":2500,"height":1666},{"@type":"BreadcrumbList","@id":"https:\/\/diariotextual.com\/inicio\/index.php\/2021\/05\/08\/cuales-son-los-nuevos-precios-para-los-11-cortes-de-carne-vacuna-a-valores-economicos\/#breadcrumb","itemListElement":[{"@type":"ListItem","position":1,"name":"Portada","item":"https:\/\/diariotextual.com\/inicio\/"},{"@type":"ListItem","position":2,"name":"Cu\u00e1les son los nuevos precios para los 11 cortes de carne vacuna a valores econ\u00f3micos"}]},{"@type":"WebSite","@id":"https:\/\/diariotextual.com\/inicio\/#website","url":"https:\/\/diariotextual.com\/inicio\/","name":"Diario Textual","description":"","publisher":{"@id":"https:\/\/diariotextual.com\/inicio\/#organization"},"potentialAction":[{"@type":"SearchAction","target":{"@type":"EntryPoint","urlTemplate":"https:\/\/diariotextual.com\/inicio\/?s={search_term_string}"},"query-input":{"@type":"PropertyValueSpecification","valueRequired":true,"valueName":"search_term_string"}}],"inLanguage":"es"},{"@type":"Organization","@id":"https:\/\/diariotextual.com\/inicio\/#organization","name":"Diario Textual","url":"https:\/\/diariotextual.com\/inicio\/","logo":{"@type":"ImageObject","inLanguage":"es","@id":"https:\/\/diariotextual.com\/inicio\/#\/schema\/logo\/image\/","url":"https:\/\/diariotextual.com\/inicio\/wp-content\/uploads\/2023\/05\/logotextual1.jpg","contentUrl":"https:\/\/diariotextual.com\/inicio\/wp-content\/uploads\/2023\/05\/logotextual1.jpg","width":516,"height":76,"caption":"Diario Textual"},"image":{"@id":"https:\/\/diariotextual.com\/inicio\/#\/schema\/logo\/image\/"},"sameAs":["https:\/\/www.facebook.com\/eltextual","https:\/\/x.com\/eltextual","http:\/\/www.instagram.com\/eltextual"]},{"@type":"Person","@id":"https:\/\/diariotextual.com\/inicio\/#\/schema\/person\/418fc4093c33e86ed41562db3508f958","name":"Diario1 Diario1","image":{"@type":"ImageObject","inLanguage":"es","@id":"https:\/\/secure.gravatar.com\/avatar\/9167d280179c85bc18be67aa7eda765854300033af4896dd779b608640f2ef7a?s=96&d=mm&r=g","url":"https:\/\/secure.gravatar.com\/avatar\/9167d280179c85bc18be67aa7eda765854300033af4896dd779b608640f2ef7a?s=96&d=mm&r=g","contentUrl":"https:\/\/secure.gravatar.com\/avatar\/9167d280179c85bc18be67aa7eda765854300033af4896dd779b608640f2ef7a?s=96&d=mm&r=g","caption":"Diario1 Diario1"},"url":"https:\/\/diariotextual.com\/inicio\/index.php\/author\/diario1\/"}]}},"_links":{"self":[{"href":"https:\/\/diariotextual.com\/inicio\/index.php\/wp-json\/wp\/v2\/posts\/144993","targetHints":{"allow":["GET"]}}],"collection":[{"href":"https:\/\/diariotextual.com\/inicio\/index.php\/wp-json\/wp\/v2\/posts"}],"about":[{"href":"https:\/\/diariotextual.com\/inicio\/index.php\/wp-json\/wp\/v2\/types\/post"}],"author":[{"embeddable":true,"href":"https:\/\/diariotextual.com\/inicio\/index.php\/wp-json\/wp\/v2\/users\/3"}],"replies":[{"embeddable":true,"href":"https:\/\/diariotextual.com\/inicio\/index.php\/wp-json\/wp\/v2\/comments?post=144993"}],"version-history":[{"count":3,"href":"https:\/\/diariotextual.com\/inicio\/index.php\/wp-json\/wp\/v2\/posts\/144993\/revisions"}],"predecessor-version":[{"id":144996,"href":"https:\/\/diariotextual.com\/inicio\/index.php\/wp-json\/wp\/v2\/posts\/144993\/revisions\/144996"}],"wp:featuredmedia":[{"embeddable":true,"href":"https:\/\/diariotextual.com\/inicio\/index.php\/wp-json\/wp\/v2\/media\/125138"}],"wp:attachment":[{"href":"https:\/\/diariotextual.com\/inicio\/index.php\/wp-json\/wp\/v2\/media?parent=144993"}],"wp:term":[{"taxonomy":"category","embeddable":true,"href":"https:\/\/diariotextual.com\/inicio\/index.php\/wp-json\/wp\/v2\/categories?post=144993"},{"taxonomy":"post_tag","embeddable":true,"href":"https:\/\/diariotextual.com\/inicio\/index.php\/wp-json\/wp\/v2\/tags?post=144993"}],"curies":[{"name":"wp","href":"https:\/\/api.w.org\/{rel}","templated":true}]}}