{"id":146162,"date":"2021-05-16T11:57:31","date_gmt":"2021-05-16T14:57:31","guid":{"rendered":"https:\/\/diariotextual.com\/inicio\/?p=146162"},"modified":"2021-05-16T11:57:32","modified_gmt":"2021-05-16T14:57:32","slug":"gallardo-cito-a-cinco-nuevos-juveniles-para-el-superclasico-con-boca","status":"publish","type":"post","link":"https:\/\/diariotextual.com\/inicio\/index.php\/2021\/05\/16\/gallardo-cito-a-cinco-nuevos-juveniles-para-el-superclasico-con-boca\/","title":{"rendered":"Gallardo cit\u00f3 a cinco nuevos juveniles para el supercl\u00e1sico con Boca"},"content":{"rendered":"\n<p>El director t\u00e9cnico de River Plate, Marcelo Gallardo, convoc\u00f3 hoy a cinco nuevos futbolistas juveniles para encarar el supercl\u00e1sico de esta tarde ante Boca Juniors en la Bombonera, por los cuartos de final de la Copa de la Liga Profesional, despu\u00e9s del brote de 15 contagios de Covid-19 registrado el s\u00e1bado en el plantel.<\/p>\n\n\n\n<p>Los jugadores citados como alternativas para el banco de suplentes son: <strong>Agust\u00edn G\u00f3mez (arquero); Tom\u00e1s Lecanda (defensor central); Felipe Pe\u00f1a (mediocampista central), Tom\u00e1s Galv\u00e1n (mediocampista ofensivo) y Dami\u00e1n Lucero (delantero).<\/strong><\/p>\n\n\n\n<p>G\u00f3mez, porte\u00f1o de 19 a\u00f1os, es el arquero de la Sexta Divisi\u00f3n y el resto pertenece al plantel de la Reserva: Lecanda (19) y Pe\u00f1a (20) figuran en la lista de buena fe de la actual Copa Libertadores; Galv\u00e1n (20) ya trabaj\u00f3 junto al plantel profesional en diferentes oportunidades y Lucero (19) llega de marcar un doblete frente a Independiente el viernes en un partido de la tercera divisi\u00f3n.<\/p>\n\n\n\n<p>Gallardo hab\u00eda hecho el primer llamado de urgencia con el arquero Alan Leonardo D\u00edaz, de 21 a\u00f1os, que ser\u00e1 titular en el supercl\u00e1sico debido al contagio de las cuatro opciones para el puesto en el primer equipo: Franco Armani, Enrique Bologna, Germ\u00e1n Lux y Franco Petroli.<\/p>\n\n\n\n<p>D\u00edaz, sin contrato profesional en el club, naci\u00f3 el 22 de enero de 2000 en Lan\u00fas y suele ser el arquero suplente de la Reserva por detr\u00e1s de Petroli.<\/p>\n\n\n\n<p>En River desde 2007, tras su llegada procedente del Club Ateneo de su ciudad, D\u00edaz lleva 17 partidos sentado en el banco de la tercera divisi\u00f3n, en la que todav\u00eda no lleg\u00f3 a debutar.<\/p>\n\n\n\n<p>Form\u00f3 parte del plantel subcampe\u00f3n de la Copa Libertadores Sub 20 que se disput\u00f3 en Paraguay el a\u00f1o pasado y tiene pasado en el seleccionado argentino Sub-17 (disput\u00f3 el Sudamericano de Chile 2017).<\/p>\n\n\n\n<p><strong>La probable formaci\u00f3n para esta tarde<\/strong>: D\u00edaz; Alex Vigo, Jonatan Maidana, H\u00e9ctor Mart\u00ednez y Fabrizio Angileri; Milton Casco, Leonardo Ponzio, Enzo P\u00e9rez y Jorge Carrascal o Jos\u00e9 Paradela; Juli\u00e1n \u00c1lvarez y Agust\u00edn Fontana.<\/p>\n\n\n\n<p><strong>Quedaron descartados por Covid-19<\/strong>&nbsp;positivo, adem\u00e1s de los cuatro arqueros, otros 11 jugadores: el colombiano&nbsp;<strong>Rafael Santos Borr\u00e9<\/strong>, el uruguayo&nbsp;<strong>Nicol\u00e1s De la Cruz<\/strong>, el chileno&nbsp;<strong>Paulo D\u00edaz<\/strong>, el paraguayo&nbsp;<strong>Robert Rojas<\/strong>;&nbsp;<strong>Mat\u00edas Su\u00e1rez<\/strong>,&nbsp;<strong>Agust\u00edn Palavecino<\/strong>,&nbsp;<strong>Santiago Sim\u00f3n<\/strong>,&nbsp;<strong>Benjam\u00edn Rollheiser<\/strong>,&nbsp;<strong>Federico Girotti<\/strong>,&nbsp;<strong>Bruno Zuculini<\/strong>&nbsp;y&nbsp;<strong>Tom\u00e1s Castro Ponce<\/strong>.<\/p>\n\n\n\n<p>Los jugadores convocados para el supercl\u00e1sico se presentar\u00e1n a las 15.15 en el Monumental y una hora despu\u00e9s partir\u00e1n a la Bombonera para disputar el partido desde las 17.30 con arbitraje de Facundo Tello.<\/p>\n","protected":false},"excerpt":{"rendered":"<p>El director t\u00e9cnico de River Plate, Marcelo Gallardo, convoc\u00f3 hoy a cinco nuevos futbolistas juveniles para encarar el supercl\u00e1sico de esta tarde ante Boca Juniors en la Bombonera, por los&hellip;<\/p>\n","protected":false},"author":3,"featured_media":146164,"comment_status":"closed","ping_status":"open","sticky":false,"template":"","format":"standard","meta":{"_acf_changed":false,"footnotes":""},"categories":[4,3],"tags":[890],"class_list":["post-146162","post","type-post","status-publish","format-standard","has-post-thumbnail","hentry","category-destacadas","category-deportes","tag-river"],"acf":[],"yoast_head":"<!-- This site is optimized with the Yoast SEO plugin v27.5 - https:\/\/yoast.com\/product\/yoast-seo-wordpress\/ -->\n<title>Gallardo cit\u00f3 a cinco nuevos juveniles para el supercl\u00e1sico con Boca - Diario Textual<\/title>\n<meta name=\"robots\" content=\"index, follow, max-snippet:-1, max-image-preview:large, max-video-preview:-1\" \/>\n<link rel=\"canonical\" href=\"https:\/\/diariotextual.com\/inicio\/index.php\/2021\/05\/16\/gallardo-cito-a-cinco-nuevos-juveniles-para-el-superclasico-con-boca\/\" \/>\n<meta property=\"og:locale\" content=\"es_ES\" \/>\n<meta property=\"og:type\" content=\"article\" \/>\n<meta property=\"og:title\" content=\"Gallardo cit\u00f3 a cinco nuevos juveniles para el supercl\u00e1sico con Boca - Diario Textual\" \/>\n<meta property=\"og:description\" content=\"El director t\u00e9cnico de River Plate, Marcelo Gallardo, convoc\u00f3 hoy a cinco nuevos futbolistas juveniles para encarar el supercl\u00e1sico de esta tarde ante Boca Juniors en la Bombonera, por los&hellip;\" \/>\n<meta property=\"og:url\" content=\"https:\/\/diariotextual.com\/inicio\/index.php\/2021\/05\/16\/gallardo-cito-a-cinco-nuevos-juveniles-para-el-superclasico-con-boca\/\" \/>\n<meta property=\"og:site_name\" content=\"Diario Textual\" \/>\n<meta property=\"article:publisher\" content=\"https:\/\/www.facebook.com\/eltextual\" \/>\n<meta property=\"article:published_time\" content=\"2021-05-16T14:57:31+00:00\" \/>\n<meta property=\"article:modified_time\" content=\"2021-05-16T14:57:32+00:00\" \/>\n<meta property=\"og:image\" content=\"https:\/\/diariotextual.com\/inicio\/wp-content\/uploads\/2021\/05\/gallardomarcelotelam0009.jpg\" \/>\n\t<meta property=\"og:image:width\" content=\"1004\" \/>\n\t<meta property=\"og:image:height\" content=\"565\" \/>\n\t<meta property=\"og:image:type\" content=\"image\/jpeg\" \/>\n<meta name=\"author\" content=\"Diario1 Diario1\" \/>\n<meta name=\"twitter:card\" content=\"summary_large_image\" \/>\n<meta name=\"twitter:creator\" content=\"@eltextual\" \/>\n<meta name=\"twitter:site\" content=\"@eltextual\" \/>\n<meta name=\"twitter:label1\" content=\"Escrito por\" \/>\n\t<meta name=\"twitter:data1\" content=\"Diario1 Diario1\" \/>\n\t<meta name=\"twitter:label2\" content=\"Tiempo de lectura\" \/>\n\t<meta name=\"twitter:data2\" content=\"2 minutos\" \/>\n<script type=\"application\/ld+json\" class=\"yoast-schema-graph\">{\"@context\":\"https:\\\/\\\/schema.org\",\"@graph\":[{\"@type\":\"Article\",\"@id\":\"https:\\\/\\\/diariotextual.com\\\/inicio\\\/index.php\\\/2021\\\/05\\\/16\\\/gallardo-cito-a-cinco-nuevos-juveniles-para-el-superclasico-con-boca\\\/#article\",\"isPartOf\":{\"@id\":\"https:\\\/\\\/diariotextual.com\\\/inicio\\\/index.php\\\/2021\\\/05\\\/16\\\/gallardo-cito-a-cinco-nuevos-juveniles-para-el-superclasico-con-boca\\\/\"},\"author\":{\"name\":\"Diario1 Diario1\",\"@id\":\"https:\\\/\\\/diariotextual.com\\\/inicio\\\/#\\\/schema\\\/person\\\/418fc4093c33e86ed41562db3508f958\"},\"headline\":\"Gallardo cit\u00f3 a cinco nuevos juveniles para el supercl\u00e1sico con Boca\",\"datePublished\":\"2021-05-16T14:57:31+00:00\",\"dateModified\":\"2021-05-16T14:57:32+00:00\",\"mainEntityOfPage\":{\"@id\":\"https:\\\/\\\/diariotextual.com\\\/inicio\\\/index.php\\\/2021\\\/05\\\/16\\\/gallardo-cito-a-cinco-nuevos-juveniles-para-el-superclasico-con-boca\\\/\"},\"wordCount\":470,\"publisher\":{\"@id\":\"https:\\\/\\\/diariotextual.com\\\/inicio\\\/#organization\"},\"image\":{\"@id\":\"https:\\\/\\\/diariotextual.com\\\/inicio\\\/index.php\\\/2021\\\/05\\\/16\\\/gallardo-cito-a-cinco-nuevos-juveniles-para-el-superclasico-con-boca\\\/#primaryimage\"},\"thumbnailUrl\":\"https:\\\/\\\/diariotextual.com\\\/inicio\\\/wp-content\\\/uploads\\\/2021\\\/05\\\/gallardomarcelotelam0009.jpg\",\"keywords\":[\"River\"],\"articleSection\":[\"A - DESTACADAS (mod 16)\",\"DEPORTES\"],\"inLanguage\":\"es\"},{\"@type\":\"WebPage\",\"@id\":\"https:\\\/\\\/diariotextual.com\\\/inicio\\\/index.php\\\/2021\\\/05\\\/16\\\/gallardo-cito-a-cinco-nuevos-juveniles-para-el-superclasico-con-boca\\\/\",\"url\":\"https:\\\/\\\/diariotextual.com\\\/inicio\\\/index.php\\\/2021\\\/05\\\/16\\\/gallardo-cito-a-cinco-nuevos-juveniles-para-el-superclasico-con-boca\\\/\",\"name\":\"Gallardo cit\u00f3 a cinco nuevos juveniles para el supercl\u00e1sico con Boca - Diario Textual\",\"isPartOf\":{\"@id\":\"https:\\\/\\\/diariotextual.com\\\/inicio\\\/#website\"},\"primaryImageOfPage\":{\"@id\":\"https:\\\/\\\/diariotextual.com\\\/inicio\\\/index.php\\\/2021\\\/05\\\/16\\\/gallardo-cito-a-cinco-nuevos-juveniles-para-el-superclasico-con-boca\\\/#primaryimage\"},\"image\":{\"@id\":\"https:\\\/\\\/diariotextual.com\\\/inicio\\\/index.php\\\/2021\\\/05\\\/16\\\/gallardo-cito-a-cinco-nuevos-juveniles-para-el-superclasico-con-boca\\\/#primaryimage\"},\"thumbnailUrl\":\"https:\\\/\\\/diariotextual.com\\\/inicio\\\/wp-content\\\/uploads\\\/2021\\\/05\\\/gallardomarcelotelam0009.jpg\",\"datePublished\":\"2021-05-16T14:57:31+00:00\",\"dateModified\":\"2021-05-16T14:57:32+00:00\",\"breadcrumb\":{\"@id\":\"https:\\\/\\\/diariotextual.com\\\/inicio\\\/index.php\\\/2021\\\/05\\\/16\\\/gallardo-cito-a-cinco-nuevos-juveniles-para-el-superclasico-con-boca\\\/#breadcrumb\"},\"inLanguage\":\"es\",\"potentialAction\":[{\"@type\":\"ReadAction\",\"target\":[\"https:\\\/\\\/diariotextual.com\\\/inicio\\\/index.php\\\/2021\\\/05\\\/16\\\/gallardo-cito-a-cinco-nuevos-juveniles-para-el-superclasico-con-boca\\\/\"]}]},{\"@type\":\"ImageObject\",\"inLanguage\":\"es\",\"@id\":\"https:\\\/\\\/diariotextual.com\\\/inicio\\\/index.php\\\/2021\\\/05\\\/16\\\/gallardo-cito-a-cinco-nuevos-juveniles-para-el-superclasico-con-boca\\\/#primaryimage\",\"url\":\"https:\\\/\\\/diariotextual.com\\\/inicio\\\/wp-content\\\/uploads\\\/2021\\\/05\\\/gallardomarcelotelam0009.jpg\",\"contentUrl\":\"https:\\\/\\\/diariotextual.com\\\/inicio\\\/wp-content\\\/uploads\\\/2021\\\/05\\\/gallardomarcelotelam0009.jpg\",\"width\":1004,\"height\":565},{\"@type\":\"BreadcrumbList\",\"@id\":\"https:\\\/\\\/diariotextual.com\\\/inicio\\\/index.php\\\/2021\\\/05\\\/16\\\/gallardo-cito-a-cinco-nuevos-juveniles-para-el-superclasico-con-boca\\\/#breadcrumb\",\"itemListElement\":[{\"@type\":\"ListItem\",\"position\":1,\"name\":\"Portada\",\"item\":\"https:\\\/\\\/diariotextual.com\\\/inicio\\\/\"},{\"@type\":\"ListItem\",\"position\":2,\"name\":\"Gallardo cit\u00f3 a cinco nuevos juveniles para el supercl\u00e1sico con Boca\"}]},{\"@type\":\"WebSite\",\"@id\":\"https:\\\/\\\/diariotextual.com\\\/inicio\\\/#website\",\"url\":\"https:\\\/\\\/diariotextual.com\\\/inicio\\\/\",\"name\":\"Diario Textual\",\"description\":\"\",\"publisher\":{\"@id\":\"https:\\\/\\\/diariotextual.com\\\/inicio\\\/#organization\"},\"potentialAction\":[{\"@type\":\"SearchAction\",\"target\":{\"@type\":\"EntryPoint\",\"urlTemplate\":\"https:\\\/\\\/diariotextual.com\\\/inicio\\\/?s={search_term_string}\"},\"query-input\":{\"@type\":\"PropertyValueSpecification\",\"valueRequired\":true,\"valueName\":\"search_term_string\"}}],\"inLanguage\":\"es\"},{\"@type\":\"Organization\",\"@id\":\"https:\\\/\\\/diariotextual.com\\\/inicio\\\/#organization\",\"name\":\"Diario Textual\",\"url\":\"https:\\\/\\\/diariotextual.com\\\/inicio\\\/\",\"logo\":{\"@type\":\"ImageObject\",\"inLanguage\":\"es\",\"@id\":\"https:\\\/\\\/diariotextual.com\\\/inicio\\\/#\\\/schema\\\/logo\\\/image\\\/\",\"url\":\"https:\\\/\\\/diariotextual.com\\\/inicio\\\/wp-content\\\/uploads\\\/2023\\\/05\\\/logotextual1.jpg\",\"contentUrl\":\"https:\\\/\\\/diariotextual.com\\\/inicio\\\/wp-content\\\/uploads\\\/2023\\\/05\\\/logotextual1.jpg\",\"width\":516,\"height\":76,\"caption\":\"Diario Textual\"},\"image\":{\"@id\":\"https:\\\/\\\/diariotextual.com\\\/inicio\\\/#\\\/schema\\\/logo\\\/image\\\/\"},\"sameAs\":[\"https:\\\/\\\/www.facebook.com\\\/eltextual\",\"https:\\\/\\\/x.com\\\/eltextual\",\"http:\\\/\\\/www.instagram.com\\\/eltextual\"]},{\"@type\":\"Person\",\"@id\":\"https:\\\/\\\/diariotextual.com\\\/inicio\\\/#\\\/schema\\\/person\\\/418fc4093c33e86ed41562db3508f958\",\"name\":\"Diario1 Diario1\",\"image\":{\"@type\":\"ImageObject\",\"inLanguage\":\"es\",\"@id\":\"https:\\\/\\\/secure.gravatar.com\\\/avatar\\\/9167d280179c85bc18be67aa7eda765854300033af4896dd779b608640f2ef7a?s=96&d=mm&r=g\",\"url\":\"https:\\\/\\\/secure.gravatar.com\\\/avatar\\\/9167d280179c85bc18be67aa7eda765854300033af4896dd779b608640f2ef7a?s=96&d=mm&r=g\",\"contentUrl\":\"https:\\\/\\\/secure.gravatar.com\\\/avatar\\\/9167d280179c85bc18be67aa7eda765854300033af4896dd779b608640f2ef7a?s=96&d=mm&r=g\",\"caption\":\"Diario1 Diario1\"},\"url\":\"https:\\\/\\\/diariotextual.com\\\/inicio\\\/index.php\\\/author\\\/diario1\\\/\"}]}<\/script>\n<!-- \/ Yoast SEO plugin. -->","yoast_head_json":{"title":"Gallardo cit\u00f3 a cinco nuevos juveniles para el supercl\u00e1sico con Boca - Diario Textual","robots":{"index":"index","follow":"follow","max-snippet":"max-snippet:-1","max-image-preview":"max-image-preview:large","max-video-preview":"max-video-preview:-1"},"canonical":"https:\/\/diariotextual.com\/inicio\/index.php\/2021\/05\/16\/gallardo-cito-a-cinco-nuevos-juveniles-para-el-superclasico-con-boca\/","og_locale":"es_ES","og_type":"article","og_title":"Gallardo cit\u00f3 a cinco nuevos juveniles para el supercl\u00e1sico con Boca - Diario Textual","og_description":"El director t\u00e9cnico de River Plate, Marcelo Gallardo, convoc\u00f3 hoy a cinco nuevos futbolistas juveniles para encarar el supercl\u00e1sico de esta tarde ante Boca Juniors en la Bombonera, por los&hellip;","og_url":"https:\/\/diariotextual.com\/inicio\/index.php\/2021\/05\/16\/gallardo-cito-a-cinco-nuevos-juveniles-para-el-superclasico-con-boca\/","og_site_name":"Diario Textual","article_publisher":"https:\/\/www.facebook.com\/eltextual","article_published_time":"2021-05-16T14:57:31+00:00","article_modified_time":"2021-05-16T14:57:32+00:00","og_image":[{"width":1004,"height":565,"url":"https:\/\/diariotextual.com\/inicio\/wp-content\/uploads\/2021\/05\/gallardomarcelotelam0009.jpg","type":"image\/jpeg"}],"author":"Diario1 Diario1","twitter_card":"summary_large_image","twitter_creator":"@eltextual","twitter_site":"@eltextual","twitter_misc":{"Escrito por":"Diario1 Diario1","Tiempo de lectura":"2 minutos"},"schema":{"@context":"https:\/\/schema.org","@graph":[{"@type":"Article","@id":"https:\/\/diariotextual.com\/inicio\/index.php\/2021\/05\/16\/gallardo-cito-a-cinco-nuevos-juveniles-para-el-superclasico-con-boca\/#article","isPartOf":{"@id":"https:\/\/diariotextual.com\/inicio\/index.php\/2021\/05\/16\/gallardo-cito-a-cinco-nuevos-juveniles-para-el-superclasico-con-boca\/"},"author":{"name":"Diario1 Diario1","@id":"https:\/\/diariotextual.com\/inicio\/#\/schema\/person\/418fc4093c33e86ed41562db3508f958"},"headline":"Gallardo cit\u00f3 a cinco nuevos juveniles para el supercl\u00e1sico con Boca","datePublished":"2021-05-16T14:57:31+00:00","dateModified":"2021-05-16T14:57:32+00:00","mainEntityOfPage":{"@id":"https:\/\/diariotextual.com\/inicio\/index.php\/2021\/05\/16\/gallardo-cito-a-cinco-nuevos-juveniles-para-el-superclasico-con-boca\/"},"wordCount":470,"publisher":{"@id":"https:\/\/diariotextual.com\/inicio\/#organization"},"image":{"@id":"https:\/\/diariotextual.com\/inicio\/index.php\/2021\/05\/16\/gallardo-cito-a-cinco-nuevos-juveniles-para-el-superclasico-con-boca\/#primaryimage"},"thumbnailUrl":"https:\/\/diariotextual.com\/inicio\/wp-content\/uploads\/2021\/05\/gallardomarcelotelam0009.jpg","keywords":["River"],"articleSection":["A - DESTACADAS (mod 16)","DEPORTES"],"inLanguage":"es"},{"@type":"WebPage","@id":"https:\/\/diariotextual.com\/inicio\/index.php\/2021\/05\/16\/gallardo-cito-a-cinco-nuevos-juveniles-para-el-superclasico-con-boca\/","url":"https:\/\/diariotextual.com\/inicio\/index.php\/2021\/05\/16\/gallardo-cito-a-cinco-nuevos-juveniles-para-el-superclasico-con-boca\/","name":"Gallardo cit\u00f3 a cinco nuevos juveniles para el supercl\u00e1sico con Boca - Diario Textual","isPartOf":{"@id":"https:\/\/diariotextual.com\/inicio\/#website"},"primaryImageOfPage":{"@id":"https:\/\/diariotextual.com\/inicio\/index.php\/2021\/05\/16\/gallardo-cito-a-cinco-nuevos-juveniles-para-el-superclasico-con-boca\/#primaryimage"},"image":{"@id":"https:\/\/diariotextual.com\/inicio\/index.php\/2021\/05\/16\/gallardo-cito-a-cinco-nuevos-juveniles-para-el-superclasico-con-boca\/#primaryimage"},"thumbnailUrl":"https:\/\/diariotextual.com\/inicio\/wp-content\/uploads\/2021\/05\/gallardomarcelotelam0009.jpg","datePublished":"2021-05-16T14:57:31+00:00","dateModified":"2021-05-16T14:57:32+00:00","breadcrumb":{"@id":"https:\/\/diariotextual.com\/inicio\/index.php\/2021\/05\/16\/gallardo-cito-a-cinco-nuevos-juveniles-para-el-superclasico-con-boca\/#breadcrumb"},"inLanguage":"es","potentialAction":[{"@type":"ReadAction","target":["https:\/\/diariotextual.com\/inicio\/index.php\/2021\/05\/16\/gallardo-cito-a-cinco-nuevos-juveniles-para-el-superclasico-con-boca\/"]}]},{"@type":"ImageObject","inLanguage":"es","@id":"https:\/\/diariotextual.com\/inicio\/index.php\/2021\/05\/16\/gallardo-cito-a-cinco-nuevos-juveniles-para-el-superclasico-con-boca\/#primaryimage","url":"https:\/\/diariotextual.com\/inicio\/wp-content\/uploads\/2021\/05\/gallardomarcelotelam0009.jpg","contentUrl":"https:\/\/diariotextual.com\/inicio\/wp-content\/uploads\/2021\/05\/gallardomarcelotelam0009.jpg","width":1004,"height":565},{"@type":"BreadcrumbList","@id":"https:\/\/diariotextual.com\/inicio\/index.php\/2021\/05\/16\/gallardo-cito-a-cinco-nuevos-juveniles-para-el-superclasico-con-boca\/#breadcrumb","itemListElement":[{"@type":"ListItem","position":1,"name":"Portada","item":"https:\/\/diariotextual.com\/inicio\/"},{"@type":"ListItem","position":2,"name":"Gallardo cit\u00f3 a cinco nuevos juveniles para el supercl\u00e1sico con Boca"}]},{"@type":"WebSite","@id":"https:\/\/diariotextual.com\/inicio\/#website","url":"https:\/\/diariotextual.com\/inicio\/","name":"Diario Textual","description":"","publisher":{"@id":"https:\/\/diariotextual.com\/inicio\/#organization"},"potentialAction":[{"@type":"SearchAction","target":{"@type":"EntryPoint","urlTemplate":"https:\/\/diariotextual.com\/inicio\/?s={search_term_string}"},"query-input":{"@type":"PropertyValueSpecification","valueRequired":true,"valueName":"search_term_string"}}],"inLanguage":"es"},{"@type":"Organization","@id":"https:\/\/diariotextual.com\/inicio\/#organization","name":"Diario Textual","url":"https:\/\/diariotextual.com\/inicio\/","logo":{"@type":"ImageObject","inLanguage":"es","@id":"https:\/\/diariotextual.com\/inicio\/#\/schema\/logo\/image\/","url":"https:\/\/diariotextual.com\/inicio\/wp-content\/uploads\/2023\/05\/logotextual1.jpg","contentUrl":"https:\/\/diariotextual.com\/inicio\/wp-content\/uploads\/2023\/05\/logotextual1.jpg","width":516,"height":76,"caption":"Diario Textual"},"image":{"@id":"https:\/\/diariotextual.com\/inicio\/#\/schema\/logo\/image\/"},"sameAs":["https:\/\/www.facebook.com\/eltextual","https:\/\/x.com\/eltextual","http:\/\/www.instagram.com\/eltextual"]},{"@type":"Person","@id":"https:\/\/diariotextual.com\/inicio\/#\/schema\/person\/418fc4093c33e86ed41562db3508f958","name":"Diario1 Diario1","image":{"@type":"ImageObject","inLanguage":"es","@id":"https:\/\/secure.gravatar.com\/avatar\/9167d280179c85bc18be67aa7eda765854300033af4896dd779b608640f2ef7a?s=96&d=mm&r=g","url":"https:\/\/secure.gravatar.com\/avatar\/9167d280179c85bc18be67aa7eda765854300033af4896dd779b608640f2ef7a?s=96&d=mm&r=g","contentUrl":"https:\/\/secure.gravatar.com\/avatar\/9167d280179c85bc18be67aa7eda765854300033af4896dd779b608640f2ef7a?s=96&d=mm&r=g","caption":"Diario1 Diario1"},"url":"https:\/\/diariotextual.com\/inicio\/index.php\/author\/diario1\/"}]}},"_links":{"self":[{"href":"https:\/\/diariotextual.com\/inicio\/index.php\/wp-json\/wp\/v2\/posts\/146162","targetHints":{"allow":["GET"]}}],"collection":[{"href":"https:\/\/diariotextual.com\/inicio\/index.php\/wp-json\/wp\/v2\/posts"}],"about":[{"href":"https:\/\/diariotextual.com\/inicio\/index.php\/wp-json\/wp\/v2\/types\/post"}],"author":[{"embeddable":true,"href":"https:\/\/diariotextual.com\/inicio\/index.php\/wp-json\/wp\/v2\/users\/3"}],"replies":[{"embeddable":true,"href":"https:\/\/diariotextual.com\/inicio\/index.php\/wp-json\/wp\/v2\/comments?post=146162"}],"version-history":[{"count":1,"href":"https:\/\/diariotextual.com\/inicio\/index.php\/wp-json\/wp\/v2\/posts\/146162\/revisions"}],"predecessor-version":[{"id":146163,"href":"https:\/\/diariotextual.com\/inicio\/index.php\/wp-json\/wp\/v2\/posts\/146162\/revisions\/146163"}],"wp:featuredmedia":[{"embeddable":true,"href":"https:\/\/diariotextual.com\/inicio\/index.php\/wp-json\/wp\/v2\/media\/146164"}],"wp:attachment":[{"href":"https:\/\/diariotextual.com\/inicio\/index.php\/wp-json\/wp\/v2\/media?parent=146162"}],"wp:term":[{"taxonomy":"category","embeddable":true,"href":"https:\/\/diariotextual.com\/inicio\/index.php\/wp-json\/wp\/v2\/categories?post=146162"},{"taxonomy":"post_tag","embeddable":true,"href":"https:\/\/diariotextual.com\/inicio\/index.php\/wp-json\/wp\/v2\/tags?post=146162"}],"curies":[{"name":"wp","href":"https:\/\/api.w.org\/{rel}","templated":true}]}}