{"id":14634,"date":"2018-07-24T18:13:59","date_gmt":"2018-07-24T21:13:59","guid":{"rendered":"http:\/\/diariotextual.com\/inicio\/?p=14634"},"modified":"2018-07-25T10:54:29","modified_gmt":"2018-07-25T13:54:29","slug":"solo-tres-meses-ya-cerraron-20-tambos-la-pampa","status":"publish","type":"post","link":"https:\/\/diariotextual.com\/inicio\/index.php\/2018\/07\/24\/solo-tres-meses-ya-cerraron-20-tambos-la-pampa\/","title":{"rendered":"En solo tres meses ya cerraron 20 tambos en La Pampa"},"content":{"rendered":"<p>La crisis del sector lechero es alarmante. <strong>En los \u00faltimos tres meses ya cerraron 20 tambos en La Pampa. Es decir, uno cada cinco d\u00edas<\/strong>. \u201cLa situaci\u00f3n es muy preocupante\u201d, dijo<strong> Alexis Benini<\/strong>, subsecretario de Asuntos Agrarios, a<strong> Diario Textual<\/strong>. \u201cSon 20 tambos en los \u00faltimos 90 d\u00edas y en total unos 30 en el \u00faltimo a\u00f1o\u201d, agreg\u00f3. \u201cHab\u00eda unos 180 y ahora quedan 150\u201d.<\/p>\n<p><strong>Benini particip\u00f3 en la tarde de este martes de una reuni\u00f3n en la Casa de Santa Fe, en Buenos Aires, entre funcionarios de las seis provincias productoras de leche con representantes de asociaciones agropecuarias.<\/strong><\/p>\n<p>Trataron la coyuntura de la cadena lechera y las pol\u00edticas necesarias para su abordaje. \u201cLos dirigentes ruralistas nos pidieron a las provincias que llevemos el reclamo a la Mesa de Competitividad Lechera\u201d, dijo Benini a Diario Textual. Sin embargo, aclar\u00f3, antes los productores podr\u00edan ser recibidos por el presidente Mauricio Macri. Ese encuentro se har\u00eda dentro de una semana.<\/p>\n<blockquote class=\"twitter-tweet\" data-lang=\"es\">\n<p dir=\"ltr\" lang=\"es\">El presidente de CRA <a href=\"https:\/\/twitter.com\/hashtag\/DardoChiesa?src=hash&amp;ref_src=twsrc%5Etfw\">#DardoChiesa<\/a> junto a m\u00e1s dirigentes de CRA, se encuentra en la reuni\u00f3n con los ministros provinciales <a href=\"https:\/\/twitter.com\/AliciaCiciliani?ref_src=twsrc%5Etfw\">@AliciaCiciliani<\/a> , <a href=\"https:\/\/twitter.com\/ljsarquis?ref_src=twsrc%5Etfw\">@ljsarquis<\/a> , <a href=\"https:\/\/twitter.com\/SergioBussoOK?ref_src=twsrc%5Etfw\">@SergioBussoOK<\/a> y Miguel Mandrille de <a href=\"https:\/\/twitter.com\/hashtag\/SantiagoDelEstero?src=hash&amp;ref_src=twsrc%5Etfw\">#SantiagoDelEstero<\/a> para encontrar una soluci\u00f3n a la grave problem\u00e1tica lechera. <a href=\"https:\/\/t.co\/wwZBmTFKOn\">pic.twitter.com\/wwZBmTFKOn<\/a><\/p>\n<p>\u2014 CRA (@CRAprensa) <a href=\"https:\/\/twitter.com\/CRAprensa\/status\/1021828267861594112?ref_src=twsrc%5Etfw\">24 de julio de 2018<\/a><\/p><\/blockquote>\n<p><script async src=\"https:\/\/platform.twitter.com\/widgets.js\" charset=\"utf-8\"><\/script><\/p>\n<p>\u201cLa problem\u00e1tica no es coyuntural sino estructural. <strong>Entre esos problemas es crucial el precio de los granos, que ha aumentado al comp\u00e1s de la suba del d\u00f3lar<\/strong>\u201d, sostuvo el subsecretario.<\/p>\n<p>\u201cLa intenci\u00f3n manifestada por los productores es tener un precio de referencia y darle m\u00e1s transparencia a la cadena de comercializaci\u00f3n\u201d, dijo.<\/p>\n<p>En las \u00faltimas semanas los productores del sector indicaron que <strong>el precio de la leche a salida de tambo est\u00e1 dos pesos por debajo de los costos y que se est\u00e1n recortando las raciones de alimentaci\u00f3n y secando vacas, lo que tendr\u00e1 un impacto en la producci\u00f3n.<\/strong><\/p>\n<p>Adem\u00e1s, manifestaron que se est\u00e1n analizando medidas de protesta ante la falta de respuestas a la crisis del sector. Desde las pymes l\u00e1cteas se mostraron preocupados por el bajo consumo en el mercado interno y pidieron una pol\u00edtica m\u00e1s agresiva para el acceso a mercados externos.<\/p>\n<p>&nbsp;<\/p>\n<p>&nbsp;<\/p>\n","protected":false},"excerpt":{"rendered":"<p>La crisis del sector lechero es alarmante. En los \u00faltimos tres meses ya cerraron 20 tambos en La Pampa. Es decir, uno cada cinco d\u00edas. \u201cLa situaci\u00f3n es muy preocupante\u201d,&hellip;<\/p>\n","protected":false},"author":3,"featured_media":14636,"comment_status":"closed","ping_status":"open","sticky":false,"template":"","format":"standard","meta":{"_acf_changed":false,"footnotes":""},"categories":[1,319,20],"tags":[584,583],"class_list":["post-14634","post","type-post","status-publish","format-standard","has-post-thumbnail","hentry","category-es-noticia","category-a-temporales","category-campo","tag-lecheria","tag-tambos"],"acf":[],"yoast_head":"<!-- This site is optimized with the Yoast SEO plugin v27.4 - https:\/\/yoast.com\/product\/yoast-seo-wordpress\/ -->\n<title>En solo tres meses ya cerraron 20 tambos en La Pampa - Diario Textual<\/title>\n<meta name=\"robots\" content=\"index, follow, max-snippet:-1, max-image-preview:large, max-video-preview:-1\" \/>\n<link rel=\"canonical\" href=\"https:\/\/diariotextual.com\/inicio\/index.php\/2018\/07\/24\/solo-tres-meses-ya-cerraron-20-tambos-la-pampa\/\" \/>\n<meta property=\"og:locale\" content=\"es_ES\" \/>\n<meta property=\"og:type\" content=\"article\" \/>\n<meta property=\"og:title\" content=\"En solo tres meses ya cerraron 20 tambos en La Pampa - Diario Textual\" \/>\n<meta property=\"og:description\" content=\"La crisis del sector lechero es alarmante. En los \u00faltimos tres meses ya cerraron 20 tambos en La Pampa. Es decir, uno cada cinco d\u00edas. \u201cLa situaci\u00f3n es muy preocupante\u201d,&hellip;\" \/>\n<meta property=\"og:url\" content=\"https:\/\/diariotextual.com\/inicio\/index.php\/2018\/07\/24\/solo-tres-meses-ya-cerraron-20-tambos-la-pampa\/\" \/>\n<meta property=\"og:site_name\" content=\"Diario Textual\" \/>\n<meta property=\"article:publisher\" content=\"https:\/\/www.facebook.com\/eltextual\" \/>\n<meta property=\"article:published_time\" content=\"2018-07-24T21:13:59+00:00\" \/>\n<meta property=\"article:modified_time\" content=\"2018-07-25T13:54:29+00:00\" \/>\n<meta property=\"og:image\" content=\"https:\/\/diariotextual.com\/inicio\/wp-content\/uploads\/2018\/07\/tamboslecheria911.jpg\" \/>\n\t<meta property=\"og:image:width\" content=\"920\" \/>\n\t<meta property=\"og:image:height\" content=\"565\" \/>\n\t<meta property=\"og:image:type\" content=\"image\/jpeg\" \/>\n<meta name=\"author\" content=\"Diario1 Diario1\" \/>\n<meta name=\"twitter:card\" content=\"summary_large_image\" \/>\n<meta name=\"twitter:creator\" content=\"@eltextual\" \/>\n<meta name=\"twitter:site\" content=\"@eltextual\" \/>\n<meta name=\"twitter:label1\" content=\"Escrito por\" \/>\n\t<meta name=\"twitter:data1\" content=\"Diario1 Diario1\" \/>\n\t<meta name=\"twitter:label2\" content=\"Tiempo de lectura\" \/>\n\t<meta name=\"twitter:data2\" content=\"2 minutos\" \/>\n<script type=\"application\/ld+json\" class=\"yoast-schema-graph\">{\"@context\":\"https:\\\/\\\/schema.org\",\"@graph\":[{\"@type\":\"Article\",\"@id\":\"https:\\\/\\\/diariotextual.com\\\/inicio\\\/index.php\\\/2018\\\/07\\\/24\\\/solo-tres-meses-ya-cerraron-20-tambos-la-pampa\\\/#article\",\"isPartOf\":{\"@id\":\"https:\\\/\\\/diariotextual.com\\\/inicio\\\/index.php\\\/2018\\\/07\\\/24\\\/solo-tres-meses-ya-cerraron-20-tambos-la-pampa\\\/\"},\"author\":{\"name\":\"Diario1 Diario1\",\"@id\":\"https:\\\/\\\/diariotextual.com\\\/inicio\\\/#\\\/schema\\\/person\\\/418fc4093c33e86ed41562db3508f958\"},\"headline\":\"En solo tres meses ya cerraron 20 tambos en La Pampa\",\"datePublished\":\"2018-07-24T21:13:59+00:00\",\"dateModified\":\"2018-07-25T13:54:29+00:00\",\"mainEntityOfPage\":{\"@id\":\"https:\\\/\\\/diariotextual.com\\\/inicio\\\/index.php\\\/2018\\\/07\\\/24\\\/solo-tres-meses-ya-cerraron-20-tambos-la-pampa\\\/\"},\"wordCount\":382,\"publisher\":{\"@id\":\"https:\\\/\\\/diariotextual.com\\\/inicio\\\/#organization\"},\"image\":{\"@id\":\"https:\\\/\\\/diariotextual.com\\\/inicio\\\/index.php\\\/2018\\\/07\\\/24\\\/solo-tres-meses-ya-cerraron-20-tambos-la-pampa\\\/#primaryimage\"},\"thumbnailUrl\":\"https:\\\/\\\/diariotextual.com\\\/inicio\\\/wp-content\\\/uploads\\\/2018\\\/07\\\/tamboslecheria911.jpg\",\"keywords\":[\"lecheria\",\"tambos\"],\"articleSection\":[\"A - ES NOTICIA (van abajo)\",\"A - TEMPORALES\",\"CAMPO\"],\"inLanguage\":\"es\"},{\"@type\":\"WebPage\",\"@id\":\"https:\\\/\\\/diariotextual.com\\\/inicio\\\/index.php\\\/2018\\\/07\\\/24\\\/solo-tres-meses-ya-cerraron-20-tambos-la-pampa\\\/\",\"url\":\"https:\\\/\\\/diariotextual.com\\\/inicio\\\/index.php\\\/2018\\\/07\\\/24\\\/solo-tres-meses-ya-cerraron-20-tambos-la-pampa\\\/\",\"name\":\"En solo tres meses ya cerraron 20 tambos en La Pampa - Diario Textual\",\"isPartOf\":{\"@id\":\"https:\\\/\\\/diariotextual.com\\\/inicio\\\/#website\"},\"primaryImageOfPage\":{\"@id\":\"https:\\\/\\\/diariotextual.com\\\/inicio\\\/index.php\\\/2018\\\/07\\\/24\\\/solo-tres-meses-ya-cerraron-20-tambos-la-pampa\\\/#primaryimage\"},\"image\":{\"@id\":\"https:\\\/\\\/diariotextual.com\\\/inicio\\\/index.php\\\/2018\\\/07\\\/24\\\/solo-tres-meses-ya-cerraron-20-tambos-la-pampa\\\/#primaryimage\"},\"thumbnailUrl\":\"https:\\\/\\\/diariotextual.com\\\/inicio\\\/wp-content\\\/uploads\\\/2018\\\/07\\\/tamboslecheria911.jpg\",\"datePublished\":\"2018-07-24T21:13:59+00:00\",\"dateModified\":\"2018-07-25T13:54:29+00:00\",\"breadcrumb\":{\"@id\":\"https:\\\/\\\/diariotextual.com\\\/inicio\\\/index.php\\\/2018\\\/07\\\/24\\\/solo-tres-meses-ya-cerraron-20-tambos-la-pampa\\\/#breadcrumb\"},\"inLanguage\":\"es\",\"potentialAction\":[{\"@type\":\"ReadAction\",\"target\":[\"https:\\\/\\\/diariotextual.com\\\/inicio\\\/index.php\\\/2018\\\/07\\\/24\\\/solo-tres-meses-ya-cerraron-20-tambos-la-pampa\\\/\"]}]},{\"@type\":\"ImageObject\",\"inLanguage\":\"es\",\"@id\":\"https:\\\/\\\/diariotextual.com\\\/inicio\\\/index.php\\\/2018\\\/07\\\/24\\\/solo-tres-meses-ya-cerraron-20-tambos-la-pampa\\\/#primaryimage\",\"url\":\"https:\\\/\\\/diariotextual.com\\\/inicio\\\/wp-content\\\/uploads\\\/2018\\\/07\\\/tamboslecheria911.jpg\",\"contentUrl\":\"https:\\\/\\\/diariotextual.com\\\/inicio\\\/wp-content\\\/uploads\\\/2018\\\/07\\\/tamboslecheria911.jpg\",\"width\":920,\"height\":565},{\"@type\":\"BreadcrumbList\",\"@id\":\"https:\\\/\\\/diariotextual.com\\\/inicio\\\/index.php\\\/2018\\\/07\\\/24\\\/solo-tres-meses-ya-cerraron-20-tambos-la-pampa\\\/#breadcrumb\",\"itemListElement\":[{\"@type\":\"ListItem\",\"position\":1,\"name\":\"Portada\",\"item\":\"https:\\\/\\\/diariotextual.com\\\/inicio\\\/\"},{\"@type\":\"ListItem\",\"position\":2,\"name\":\"En solo tres meses ya cerraron 20 tambos en La Pampa\"}]},{\"@type\":\"WebSite\",\"@id\":\"https:\\\/\\\/diariotextual.com\\\/inicio\\\/#website\",\"url\":\"https:\\\/\\\/diariotextual.com\\\/inicio\\\/\",\"name\":\"Diario Textual\",\"description\":\"\",\"publisher\":{\"@id\":\"https:\\\/\\\/diariotextual.com\\\/inicio\\\/#organization\"},\"potentialAction\":[{\"@type\":\"SearchAction\",\"target\":{\"@type\":\"EntryPoint\",\"urlTemplate\":\"https:\\\/\\\/diariotextual.com\\\/inicio\\\/?s={search_term_string}\"},\"query-input\":{\"@type\":\"PropertyValueSpecification\",\"valueRequired\":true,\"valueName\":\"search_term_string\"}}],\"inLanguage\":\"es\"},{\"@type\":\"Organization\",\"@id\":\"https:\\\/\\\/diariotextual.com\\\/inicio\\\/#organization\",\"name\":\"Diario Textual\",\"url\":\"https:\\\/\\\/diariotextual.com\\\/inicio\\\/\",\"logo\":{\"@type\":\"ImageObject\",\"inLanguage\":\"es\",\"@id\":\"https:\\\/\\\/diariotextual.com\\\/inicio\\\/#\\\/schema\\\/logo\\\/image\\\/\",\"url\":\"https:\\\/\\\/diariotextual.com\\\/inicio\\\/wp-content\\\/uploads\\\/2023\\\/05\\\/logotextual1.jpg\",\"contentUrl\":\"https:\\\/\\\/diariotextual.com\\\/inicio\\\/wp-content\\\/uploads\\\/2023\\\/05\\\/logotextual1.jpg\",\"width\":516,\"height\":76,\"caption\":\"Diario Textual\"},\"image\":{\"@id\":\"https:\\\/\\\/diariotextual.com\\\/inicio\\\/#\\\/schema\\\/logo\\\/image\\\/\"},\"sameAs\":[\"https:\\\/\\\/www.facebook.com\\\/eltextual\",\"https:\\\/\\\/x.com\\\/eltextual\",\"http:\\\/\\\/www.instagram.com\\\/eltextual\"]},{\"@type\":\"Person\",\"@id\":\"https:\\\/\\\/diariotextual.com\\\/inicio\\\/#\\\/schema\\\/person\\\/418fc4093c33e86ed41562db3508f958\",\"name\":\"Diario1 Diario1\",\"image\":{\"@type\":\"ImageObject\",\"inLanguage\":\"es\",\"@id\":\"https:\\\/\\\/secure.gravatar.com\\\/avatar\\\/9167d280179c85bc18be67aa7eda765854300033af4896dd779b608640f2ef7a?s=96&d=mm&r=g\",\"url\":\"https:\\\/\\\/secure.gravatar.com\\\/avatar\\\/9167d280179c85bc18be67aa7eda765854300033af4896dd779b608640f2ef7a?s=96&d=mm&r=g\",\"contentUrl\":\"https:\\\/\\\/secure.gravatar.com\\\/avatar\\\/9167d280179c85bc18be67aa7eda765854300033af4896dd779b608640f2ef7a?s=96&d=mm&r=g\",\"caption\":\"Diario1 Diario1\"},\"url\":\"https:\\\/\\\/diariotextual.com\\\/inicio\\\/index.php\\\/author\\\/diario1\\\/\"}]}<\/script>\n<!-- \/ Yoast SEO plugin. -->","yoast_head_json":{"title":"En solo tres meses ya cerraron 20 tambos en La Pampa - Diario Textual","robots":{"index":"index","follow":"follow","max-snippet":"max-snippet:-1","max-image-preview":"max-image-preview:large","max-video-preview":"max-video-preview:-1"},"canonical":"https:\/\/diariotextual.com\/inicio\/index.php\/2018\/07\/24\/solo-tres-meses-ya-cerraron-20-tambos-la-pampa\/","og_locale":"es_ES","og_type":"article","og_title":"En solo tres meses ya cerraron 20 tambos en La Pampa - Diario Textual","og_description":"La crisis del sector lechero es alarmante. En los \u00faltimos tres meses ya cerraron 20 tambos en La Pampa. Es decir, uno cada cinco d\u00edas. \u201cLa situaci\u00f3n es muy preocupante\u201d,&hellip;","og_url":"https:\/\/diariotextual.com\/inicio\/index.php\/2018\/07\/24\/solo-tres-meses-ya-cerraron-20-tambos-la-pampa\/","og_site_name":"Diario Textual","article_publisher":"https:\/\/www.facebook.com\/eltextual","article_published_time":"2018-07-24T21:13:59+00:00","article_modified_time":"2018-07-25T13:54:29+00:00","og_image":[{"width":920,"height":565,"url":"https:\/\/diariotextual.com\/inicio\/wp-content\/uploads\/2018\/07\/tamboslecheria911.jpg","type":"image\/jpeg"}],"author":"Diario1 Diario1","twitter_card":"summary_large_image","twitter_creator":"@eltextual","twitter_site":"@eltextual","twitter_misc":{"Escrito por":"Diario1 Diario1","Tiempo de lectura":"2 minutos"},"schema":{"@context":"https:\/\/schema.org","@graph":[{"@type":"Article","@id":"https:\/\/diariotextual.com\/inicio\/index.php\/2018\/07\/24\/solo-tres-meses-ya-cerraron-20-tambos-la-pampa\/#article","isPartOf":{"@id":"https:\/\/diariotextual.com\/inicio\/index.php\/2018\/07\/24\/solo-tres-meses-ya-cerraron-20-tambos-la-pampa\/"},"author":{"name":"Diario1 Diario1","@id":"https:\/\/diariotextual.com\/inicio\/#\/schema\/person\/418fc4093c33e86ed41562db3508f958"},"headline":"En solo tres meses ya cerraron 20 tambos en La Pampa","datePublished":"2018-07-24T21:13:59+00:00","dateModified":"2018-07-25T13:54:29+00:00","mainEntityOfPage":{"@id":"https:\/\/diariotextual.com\/inicio\/index.php\/2018\/07\/24\/solo-tres-meses-ya-cerraron-20-tambos-la-pampa\/"},"wordCount":382,"publisher":{"@id":"https:\/\/diariotextual.com\/inicio\/#organization"},"image":{"@id":"https:\/\/diariotextual.com\/inicio\/index.php\/2018\/07\/24\/solo-tres-meses-ya-cerraron-20-tambos-la-pampa\/#primaryimage"},"thumbnailUrl":"https:\/\/diariotextual.com\/inicio\/wp-content\/uploads\/2018\/07\/tamboslecheria911.jpg","keywords":["lecheria","tambos"],"articleSection":["A - ES NOTICIA (van abajo)","A - TEMPORALES","CAMPO"],"inLanguage":"es"},{"@type":"WebPage","@id":"https:\/\/diariotextual.com\/inicio\/index.php\/2018\/07\/24\/solo-tres-meses-ya-cerraron-20-tambos-la-pampa\/","url":"https:\/\/diariotextual.com\/inicio\/index.php\/2018\/07\/24\/solo-tres-meses-ya-cerraron-20-tambos-la-pampa\/","name":"En solo tres meses ya cerraron 20 tambos en La Pampa - Diario Textual","isPartOf":{"@id":"https:\/\/diariotextual.com\/inicio\/#website"},"primaryImageOfPage":{"@id":"https:\/\/diariotextual.com\/inicio\/index.php\/2018\/07\/24\/solo-tres-meses-ya-cerraron-20-tambos-la-pampa\/#primaryimage"},"image":{"@id":"https:\/\/diariotextual.com\/inicio\/index.php\/2018\/07\/24\/solo-tres-meses-ya-cerraron-20-tambos-la-pampa\/#primaryimage"},"thumbnailUrl":"https:\/\/diariotextual.com\/inicio\/wp-content\/uploads\/2018\/07\/tamboslecheria911.jpg","datePublished":"2018-07-24T21:13:59+00:00","dateModified":"2018-07-25T13:54:29+00:00","breadcrumb":{"@id":"https:\/\/diariotextual.com\/inicio\/index.php\/2018\/07\/24\/solo-tres-meses-ya-cerraron-20-tambos-la-pampa\/#breadcrumb"},"inLanguage":"es","potentialAction":[{"@type":"ReadAction","target":["https:\/\/diariotextual.com\/inicio\/index.php\/2018\/07\/24\/solo-tres-meses-ya-cerraron-20-tambos-la-pampa\/"]}]},{"@type":"ImageObject","inLanguage":"es","@id":"https:\/\/diariotextual.com\/inicio\/index.php\/2018\/07\/24\/solo-tres-meses-ya-cerraron-20-tambos-la-pampa\/#primaryimage","url":"https:\/\/diariotextual.com\/inicio\/wp-content\/uploads\/2018\/07\/tamboslecheria911.jpg","contentUrl":"https:\/\/diariotextual.com\/inicio\/wp-content\/uploads\/2018\/07\/tamboslecheria911.jpg","width":920,"height":565},{"@type":"BreadcrumbList","@id":"https:\/\/diariotextual.com\/inicio\/index.php\/2018\/07\/24\/solo-tres-meses-ya-cerraron-20-tambos-la-pampa\/#breadcrumb","itemListElement":[{"@type":"ListItem","position":1,"name":"Portada","item":"https:\/\/diariotextual.com\/inicio\/"},{"@type":"ListItem","position":2,"name":"En solo tres meses ya cerraron 20 tambos en La Pampa"}]},{"@type":"WebSite","@id":"https:\/\/diariotextual.com\/inicio\/#website","url":"https:\/\/diariotextual.com\/inicio\/","name":"Diario Textual","description":"","publisher":{"@id":"https:\/\/diariotextual.com\/inicio\/#organization"},"potentialAction":[{"@type":"SearchAction","target":{"@type":"EntryPoint","urlTemplate":"https:\/\/diariotextual.com\/inicio\/?s={search_term_string}"},"query-input":{"@type":"PropertyValueSpecification","valueRequired":true,"valueName":"search_term_string"}}],"inLanguage":"es"},{"@type":"Organization","@id":"https:\/\/diariotextual.com\/inicio\/#organization","name":"Diario Textual","url":"https:\/\/diariotextual.com\/inicio\/","logo":{"@type":"ImageObject","inLanguage":"es","@id":"https:\/\/diariotextual.com\/inicio\/#\/schema\/logo\/image\/","url":"https:\/\/diariotextual.com\/inicio\/wp-content\/uploads\/2023\/05\/logotextual1.jpg","contentUrl":"https:\/\/diariotextual.com\/inicio\/wp-content\/uploads\/2023\/05\/logotextual1.jpg","width":516,"height":76,"caption":"Diario Textual"},"image":{"@id":"https:\/\/diariotextual.com\/inicio\/#\/schema\/logo\/image\/"},"sameAs":["https:\/\/www.facebook.com\/eltextual","https:\/\/x.com\/eltextual","http:\/\/www.instagram.com\/eltextual"]},{"@type":"Person","@id":"https:\/\/diariotextual.com\/inicio\/#\/schema\/person\/418fc4093c33e86ed41562db3508f958","name":"Diario1 Diario1","image":{"@type":"ImageObject","inLanguage":"es","@id":"https:\/\/secure.gravatar.com\/avatar\/9167d280179c85bc18be67aa7eda765854300033af4896dd779b608640f2ef7a?s=96&d=mm&r=g","url":"https:\/\/secure.gravatar.com\/avatar\/9167d280179c85bc18be67aa7eda765854300033af4896dd779b608640f2ef7a?s=96&d=mm&r=g","contentUrl":"https:\/\/secure.gravatar.com\/avatar\/9167d280179c85bc18be67aa7eda765854300033af4896dd779b608640f2ef7a?s=96&d=mm&r=g","caption":"Diario1 Diario1"},"url":"https:\/\/diariotextual.com\/inicio\/index.php\/author\/diario1\/"}]}},"_links":{"self":[{"href":"https:\/\/diariotextual.com\/inicio\/index.php\/wp-json\/wp\/v2\/posts\/14634","targetHints":{"allow":["GET"]}}],"collection":[{"href":"https:\/\/diariotextual.com\/inicio\/index.php\/wp-json\/wp\/v2\/posts"}],"about":[{"href":"https:\/\/diariotextual.com\/inicio\/index.php\/wp-json\/wp\/v2\/types\/post"}],"author":[{"embeddable":true,"href":"https:\/\/diariotextual.com\/inicio\/index.php\/wp-json\/wp\/v2\/users\/3"}],"replies":[{"embeddable":true,"href":"https:\/\/diariotextual.com\/inicio\/index.php\/wp-json\/wp\/v2\/comments?post=14634"}],"version-history":[{"count":3,"href":"https:\/\/diariotextual.com\/inicio\/index.php\/wp-json\/wp\/v2\/posts\/14634\/revisions"}],"predecessor-version":[{"id":14638,"href":"https:\/\/diariotextual.com\/inicio\/index.php\/wp-json\/wp\/v2\/posts\/14634\/revisions\/14638"}],"wp:featuredmedia":[{"embeddable":true,"href":"https:\/\/diariotextual.com\/inicio\/index.php\/wp-json\/wp\/v2\/media\/14636"}],"wp:attachment":[{"href":"https:\/\/diariotextual.com\/inicio\/index.php\/wp-json\/wp\/v2\/media?parent=14634"}],"wp:term":[{"taxonomy":"category","embeddable":true,"href":"https:\/\/diariotextual.com\/inicio\/index.php\/wp-json\/wp\/v2\/categories?post=14634"},{"taxonomy":"post_tag","embeddable":true,"href":"https:\/\/diariotextual.com\/inicio\/index.php\/wp-json\/wp\/v2\/tags?post=14634"}],"curies":[{"name":"wp","href":"https:\/\/api.w.org\/{rel}","templated":true}]}}