{"id":146614,"date":"2021-05-19T10:03:47","date_gmt":"2021-05-19T13:03:47","guid":{"rendered":"https:\/\/diariotextual.com\/inicio\/?p=146614"},"modified":"2021-05-19T13:32:09","modified_gmt":"2021-05-19T16:32:09","slug":"algarrobo-del-aguila-preocupacion-por-la-venta-de-chorizos-con-triquinosis","status":"publish","type":"post","link":"https:\/\/diariotextual.com\/inicio\/index.php\/2021\/05\/19\/algarrobo-del-aguila-preocupacion-por-la-venta-de-chorizos-con-triquinosis\/","title":{"rendered":"Algarrobo del \u00c1guila: preocupaci\u00f3n por la venta de chorizos con triquinosis"},"content":{"rendered":"\n<p>El pueblo de <strong>Algarrobo del \u00c1guila,<\/strong> afectado como el resto de las localidades pampeanas por la pandemia de coronavirus, en las \u00faltimas horas le sum\u00f3 una nueva preocupaci\u00f3n: <strong>la venta de chorizos frescos, para la parrilla, con triquinosis<\/strong>.<\/p>\n\n\n\n<p>Seg\u00fan pudo saber <strong>Diario Textual<\/strong>, un productor rural compr\u00f3 un cerdo, lo mat\u00f3 y lo hizo chorizos. Posteriormente<strong> envi\u00f3 muestras de carne para analizar a un laboratorio de Santa Isabel, pero no aguard\u00f3 los resultados y comenz\u00f3 a vender, en forma clandestina, los embutidos.<\/strong><\/p>\n\n\n\n<p>El laboratorio confirm\u00f3 el martes que esa carne estaba contaminada<strong>. Ahora los integrantes de la posta sanitaria iniciaron un relevamiento para poder establecer si hay personas enfermas.<\/strong><\/p>\n\n\n\n<p><strong>Oscar Gatica<\/strong>, intendente de Algarrobo, confirm\u00f3 este mi\u00e9rcoles a Diario Textual que -seg\u00fan le indicaron desde la posta- los resultados de los an\u00e1lisis de la carne dieron positivo para el par\u00e1sito llamado<strong><em> Trichinella spiralis<\/em><\/strong>. Sin embargo, dijo que a\u00fan no se ha establecido si hay personas contagiadas.<\/p>\n\n\n\n<p><strong>Las autoridades esperan que no haya contagiados: posiblemente, si los chorizos fueron bien cocinados, hayan matado al par\u00e1sito.<\/strong><\/p>\n\n\n\n<p>La triquinosis es una enfermedad producida por <strong>un par\u00e1sito con forma de gusano <\/strong>que se encuentra alojado en los m\u00fasculos de los cerdos y otros animales salvajes, como el jabal\u00ed y el puma.<\/p>\n\n\n\n<p>Las personas se contagian de modo accidental, por la ingesti\u00f3n de carne o derivados c\u00e1rnicos, crudos o mal cocidos, que contengan larvas del par\u00e1sito vivos. En Argentina, la principal fuente de infecci\u00f3n para el ser humano es el cerdo dom\u00e9stico, aunque tambi\u00e9n existen otras, como el jabal\u00ed o el puma.<\/p>\n\n\n\n<p>Las personas pueden presentar fiebre, dolores musculares, diarrea, v\u00f3mitos, hinchaz\u00f3n de p\u00e1rpados y picaz\u00f3n.<\/p>\n\n\n\n<figure class=\"wp-block-image size-large\"><img fetchpriority=\"high\" decoding=\"async\" width=\"818\" height=\"1024\" src=\"https:\/\/diariotextual.com\/inicio\/wp-content\/uploads\/2020\/07\/triquinosisinfografia2020-1-818x1024.jpeg\" alt=\"\" class=\"wp-image-99750\" srcset=\"https:\/\/diariotextual.com\/inicio\/wp-content\/uploads\/2020\/07\/triquinosisinfografia2020-1-818x1024.jpeg 818w, https:\/\/diariotextual.com\/inicio\/wp-content\/uploads\/2020\/07\/triquinosisinfografia2020-1-240x300.jpeg 240w, https:\/\/diariotextual.com\/inicio\/wp-content\/uploads\/2020\/07\/triquinosisinfografia2020-1-768x961.jpeg 768w, https:\/\/diariotextual.com\/inicio\/wp-content\/uploads\/2020\/07\/triquinosisinfografia2020-1-585x732.jpeg 585w, https:\/\/diariotextual.com\/inicio\/wp-content\/uploads\/2020\/07\/triquinosisinfografia2020-1.jpeg 1023w\" sizes=\"(max-width: 818px) 100vw, 818px\" \/><\/figure>\n","protected":false},"excerpt":{"rendered":"<p>El pueblo de Algarrobo del \u00c1guila, afectado como el resto de las localidades pampeanas por la pandemia de coronavirus, en las \u00faltimas horas le sum\u00f3 una nueva preocupaci\u00f3n: la venta&hellip;<\/p>\n","protected":false},"author":3,"featured_media":19024,"comment_status":"closed","ping_status":"open","sticky":false,"template":"","format":"standard","meta":{"_acf_changed":false,"footnotes":""},"categories":[10,20],"tags":[2618],"class_list":["post-146614","post","type-post","status-publish","format-standard","has-post-thumbnail","hentry","category-portada-2","category-campo","tag-chorizos"],"acf":[],"yoast_head":"<!-- This site is optimized with the Yoast SEO plugin v27.5 - https:\/\/yoast.com\/product\/yoast-seo-wordpress\/ -->\n<title>Algarrobo del \u00c1guila: preocupaci\u00f3n por la venta de chorizos con triquinosis - Diario Textual<\/title>\n<meta name=\"robots\" content=\"index, follow, max-snippet:-1, max-image-preview:large, max-video-preview:-1\" \/>\n<link rel=\"canonical\" href=\"https:\/\/diariotextual.com\/inicio\/index.php\/2021\/05\/19\/algarrobo-del-aguila-preocupacion-por-la-venta-de-chorizos-con-triquinosis\/\" \/>\n<meta property=\"og:locale\" content=\"es_ES\" \/>\n<meta property=\"og:type\" content=\"article\" \/>\n<meta property=\"og:title\" content=\"Algarrobo del \u00c1guila: preocupaci\u00f3n por la venta de chorizos con triquinosis - Diario Textual\" \/>\n<meta property=\"og:description\" content=\"El pueblo de Algarrobo del \u00c1guila, afectado como el resto de las localidades pampeanas por la pandemia de coronavirus, en las \u00faltimas horas le sum\u00f3 una nueva preocupaci\u00f3n: la venta&hellip;\" \/>\n<meta property=\"og:url\" content=\"https:\/\/diariotextual.com\/inicio\/index.php\/2021\/05\/19\/algarrobo-del-aguila-preocupacion-por-la-venta-de-chorizos-con-triquinosis\/\" \/>\n<meta property=\"og:site_name\" content=\"Diario Textual\" \/>\n<meta property=\"article:publisher\" content=\"https:\/\/www.facebook.com\/eltextual\" \/>\n<meta property=\"article:published_time\" content=\"2021-05-19T13:03:47+00:00\" \/>\n<meta property=\"article:modified_time\" content=\"2021-05-19T16:32:09+00:00\" \/>\n<meta property=\"og:image\" content=\"https:\/\/diariotextual.com\/inicio\/wp-content\/uploads\/2018\/09\/cerdos99.jpg\" \/>\n\t<meta property=\"og:image:width\" content=\"960\" \/>\n\t<meta property=\"og:image:height\" content=\"640\" \/>\n\t<meta property=\"og:image:type\" content=\"image\/jpeg\" \/>\n<meta name=\"author\" content=\"Diario1 Diario1\" \/>\n<meta name=\"twitter:card\" content=\"summary_large_image\" \/>\n<meta name=\"twitter:creator\" content=\"@eltextual\" \/>\n<meta name=\"twitter:site\" content=\"@eltextual\" \/>\n<meta name=\"twitter:label1\" content=\"Escrito por\" \/>\n\t<meta name=\"twitter:data1\" content=\"Diario1 Diario1\" \/>\n\t<meta name=\"twitter:label2\" content=\"Tiempo de lectura\" \/>\n\t<meta name=\"twitter:data2\" content=\"2 minutos\" \/>\n<script type=\"application\/ld+json\" class=\"yoast-schema-graph\">{\"@context\":\"https:\\\/\\\/schema.org\",\"@graph\":[{\"@type\":\"Article\",\"@id\":\"https:\\\/\\\/diariotextual.com\\\/inicio\\\/index.php\\\/2021\\\/05\\\/19\\\/algarrobo-del-aguila-preocupacion-por-la-venta-de-chorizos-con-triquinosis\\\/#article\",\"isPartOf\":{\"@id\":\"https:\\\/\\\/diariotextual.com\\\/inicio\\\/index.php\\\/2021\\\/05\\\/19\\\/algarrobo-del-aguila-preocupacion-por-la-venta-de-chorizos-con-triquinosis\\\/\"},\"author\":{\"name\":\"Diario1 Diario1\",\"@id\":\"https:\\\/\\\/diariotextual.com\\\/inicio\\\/#\\\/schema\\\/person\\\/418fc4093c33e86ed41562db3508f958\"},\"headline\":\"Algarrobo del \u00c1guila: preocupaci\u00f3n por la venta de chorizos con triquinosis\",\"datePublished\":\"2021-05-19T13:03:47+00:00\",\"dateModified\":\"2021-05-19T16:32:09+00:00\",\"mainEntityOfPage\":{\"@id\":\"https:\\\/\\\/diariotextual.com\\\/inicio\\\/index.php\\\/2021\\\/05\\\/19\\\/algarrobo-del-aguila-preocupacion-por-la-venta-de-chorizos-con-triquinosis\\\/\"},\"wordCount\":303,\"publisher\":{\"@id\":\"https:\\\/\\\/diariotextual.com\\\/inicio\\\/#organization\"},\"image\":{\"@id\":\"https:\\\/\\\/diariotextual.com\\\/inicio\\\/index.php\\\/2021\\\/05\\\/19\\\/algarrobo-del-aguila-preocupacion-por-la-venta-de-chorizos-con-triquinosis\\\/#primaryimage\"},\"thumbnailUrl\":\"https:\\\/\\\/diariotextual.com\\\/inicio\\\/wp-content\\\/uploads\\\/2018\\\/09\\\/cerdos99.jpg\",\"keywords\":[\"chorizos\"],\"articleSection\":[\"A - PORTADA2\",\"CAMPO\"],\"inLanguage\":\"es\"},{\"@type\":\"WebPage\",\"@id\":\"https:\\\/\\\/diariotextual.com\\\/inicio\\\/index.php\\\/2021\\\/05\\\/19\\\/algarrobo-del-aguila-preocupacion-por-la-venta-de-chorizos-con-triquinosis\\\/\",\"url\":\"https:\\\/\\\/diariotextual.com\\\/inicio\\\/index.php\\\/2021\\\/05\\\/19\\\/algarrobo-del-aguila-preocupacion-por-la-venta-de-chorizos-con-triquinosis\\\/\",\"name\":\"Algarrobo del \u00c1guila: preocupaci\u00f3n por la venta de chorizos con triquinosis - Diario Textual\",\"isPartOf\":{\"@id\":\"https:\\\/\\\/diariotextual.com\\\/inicio\\\/#website\"},\"primaryImageOfPage\":{\"@id\":\"https:\\\/\\\/diariotextual.com\\\/inicio\\\/index.php\\\/2021\\\/05\\\/19\\\/algarrobo-del-aguila-preocupacion-por-la-venta-de-chorizos-con-triquinosis\\\/#primaryimage\"},\"image\":{\"@id\":\"https:\\\/\\\/diariotextual.com\\\/inicio\\\/index.php\\\/2021\\\/05\\\/19\\\/algarrobo-del-aguila-preocupacion-por-la-venta-de-chorizos-con-triquinosis\\\/#primaryimage\"},\"thumbnailUrl\":\"https:\\\/\\\/diariotextual.com\\\/inicio\\\/wp-content\\\/uploads\\\/2018\\\/09\\\/cerdos99.jpg\",\"datePublished\":\"2021-05-19T13:03:47+00:00\",\"dateModified\":\"2021-05-19T16:32:09+00:00\",\"breadcrumb\":{\"@id\":\"https:\\\/\\\/diariotextual.com\\\/inicio\\\/index.php\\\/2021\\\/05\\\/19\\\/algarrobo-del-aguila-preocupacion-por-la-venta-de-chorizos-con-triquinosis\\\/#breadcrumb\"},\"inLanguage\":\"es\",\"potentialAction\":[{\"@type\":\"ReadAction\",\"target\":[\"https:\\\/\\\/diariotextual.com\\\/inicio\\\/index.php\\\/2021\\\/05\\\/19\\\/algarrobo-del-aguila-preocupacion-por-la-venta-de-chorizos-con-triquinosis\\\/\"]}]},{\"@type\":\"ImageObject\",\"inLanguage\":\"es\",\"@id\":\"https:\\\/\\\/diariotextual.com\\\/inicio\\\/index.php\\\/2021\\\/05\\\/19\\\/algarrobo-del-aguila-preocupacion-por-la-venta-de-chorizos-con-triquinosis\\\/#primaryimage\",\"url\":\"https:\\\/\\\/diariotextual.com\\\/inicio\\\/wp-content\\\/uploads\\\/2018\\\/09\\\/cerdos99.jpg\",\"contentUrl\":\"https:\\\/\\\/diariotextual.com\\\/inicio\\\/wp-content\\\/uploads\\\/2018\\\/09\\\/cerdos99.jpg\",\"width\":960,\"height\":640},{\"@type\":\"BreadcrumbList\",\"@id\":\"https:\\\/\\\/diariotextual.com\\\/inicio\\\/index.php\\\/2021\\\/05\\\/19\\\/algarrobo-del-aguila-preocupacion-por-la-venta-de-chorizos-con-triquinosis\\\/#breadcrumb\",\"itemListElement\":[{\"@type\":\"ListItem\",\"position\":1,\"name\":\"Portada\",\"item\":\"https:\\\/\\\/diariotextual.com\\\/inicio\\\/\"},{\"@type\":\"ListItem\",\"position\":2,\"name\":\"Algarrobo del \u00c1guila: preocupaci\u00f3n por la venta de chorizos con triquinosis\"}]},{\"@type\":\"WebSite\",\"@id\":\"https:\\\/\\\/diariotextual.com\\\/inicio\\\/#website\",\"url\":\"https:\\\/\\\/diariotextual.com\\\/inicio\\\/\",\"name\":\"Diario Textual\",\"description\":\"\",\"publisher\":{\"@id\":\"https:\\\/\\\/diariotextual.com\\\/inicio\\\/#organization\"},\"potentialAction\":[{\"@type\":\"SearchAction\",\"target\":{\"@type\":\"EntryPoint\",\"urlTemplate\":\"https:\\\/\\\/diariotextual.com\\\/inicio\\\/?s={search_term_string}\"},\"query-input\":{\"@type\":\"PropertyValueSpecification\",\"valueRequired\":true,\"valueName\":\"search_term_string\"}}],\"inLanguage\":\"es\"},{\"@type\":\"Organization\",\"@id\":\"https:\\\/\\\/diariotextual.com\\\/inicio\\\/#organization\",\"name\":\"Diario Textual\",\"url\":\"https:\\\/\\\/diariotextual.com\\\/inicio\\\/\",\"logo\":{\"@type\":\"ImageObject\",\"inLanguage\":\"es\",\"@id\":\"https:\\\/\\\/diariotextual.com\\\/inicio\\\/#\\\/schema\\\/logo\\\/image\\\/\",\"url\":\"https:\\\/\\\/diariotextual.com\\\/inicio\\\/wp-content\\\/uploads\\\/2023\\\/05\\\/logotextual1.jpg\",\"contentUrl\":\"https:\\\/\\\/diariotextual.com\\\/inicio\\\/wp-content\\\/uploads\\\/2023\\\/05\\\/logotextual1.jpg\",\"width\":516,\"height\":76,\"caption\":\"Diario Textual\"},\"image\":{\"@id\":\"https:\\\/\\\/diariotextual.com\\\/inicio\\\/#\\\/schema\\\/logo\\\/image\\\/\"},\"sameAs\":[\"https:\\\/\\\/www.facebook.com\\\/eltextual\",\"https:\\\/\\\/x.com\\\/eltextual\",\"http:\\\/\\\/www.instagram.com\\\/eltextual\"]},{\"@type\":\"Person\",\"@id\":\"https:\\\/\\\/diariotextual.com\\\/inicio\\\/#\\\/schema\\\/person\\\/418fc4093c33e86ed41562db3508f958\",\"name\":\"Diario1 Diario1\",\"image\":{\"@type\":\"ImageObject\",\"inLanguage\":\"es\",\"@id\":\"https:\\\/\\\/secure.gravatar.com\\\/avatar\\\/9167d280179c85bc18be67aa7eda765854300033af4896dd779b608640f2ef7a?s=96&d=mm&r=g\",\"url\":\"https:\\\/\\\/secure.gravatar.com\\\/avatar\\\/9167d280179c85bc18be67aa7eda765854300033af4896dd779b608640f2ef7a?s=96&d=mm&r=g\",\"contentUrl\":\"https:\\\/\\\/secure.gravatar.com\\\/avatar\\\/9167d280179c85bc18be67aa7eda765854300033af4896dd779b608640f2ef7a?s=96&d=mm&r=g\",\"caption\":\"Diario1 Diario1\"},\"url\":\"https:\\\/\\\/diariotextual.com\\\/inicio\\\/index.php\\\/author\\\/diario1\\\/\"}]}<\/script>\n<!-- \/ Yoast SEO plugin. -->","yoast_head_json":{"title":"Algarrobo del \u00c1guila: preocupaci\u00f3n por la venta de chorizos con triquinosis - Diario Textual","robots":{"index":"index","follow":"follow","max-snippet":"max-snippet:-1","max-image-preview":"max-image-preview:large","max-video-preview":"max-video-preview:-1"},"canonical":"https:\/\/diariotextual.com\/inicio\/index.php\/2021\/05\/19\/algarrobo-del-aguila-preocupacion-por-la-venta-de-chorizos-con-triquinosis\/","og_locale":"es_ES","og_type":"article","og_title":"Algarrobo del \u00c1guila: preocupaci\u00f3n por la venta de chorizos con triquinosis - Diario Textual","og_description":"El pueblo de Algarrobo del \u00c1guila, afectado como el resto de las localidades pampeanas por la pandemia de coronavirus, en las \u00faltimas horas le sum\u00f3 una nueva preocupaci\u00f3n: la venta&hellip;","og_url":"https:\/\/diariotextual.com\/inicio\/index.php\/2021\/05\/19\/algarrobo-del-aguila-preocupacion-por-la-venta-de-chorizos-con-triquinosis\/","og_site_name":"Diario Textual","article_publisher":"https:\/\/www.facebook.com\/eltextual","article_published_time":"2021-05-19T13:03:47+00:00","article_modified_time":"2021-05-19T16:32:09+00:00","og_image":[{"width":960,"height":640,"url":"https:\/\/diariotextual.com\/inicio\/wp-content\/uploads\/2018\/09\/cerdos99.jpg","type":"image\/jpeg"}],"author":"Diario1 Diario1","twitter_card":"summary_large_image","twitter_creator":"@eltextual","twitter_site":"@eltextual","twitter_misc":{"Escrito por":"Diario1 Diario1","Tiempo de lectura":"2 minutos"},"schema":{"@context":"https:\/\/schema.org","@graph":[{"@type":"Article","@id":"https:\/\/diariotextual.com\/inicio\/index.php\/2021\/05\/19\/algarrobo-del-aguila-preocupacion-por-la-venta-de-chorizos-con-triquinosis\/#article","isPartOf":{"@id":"https:\/\/diariotextual.com\/inicio\/index.php\/2021\/05\/19\/algarrobo-del-aguila-preocupacion-por-la-venta-de-chorizos-con-triquinosis\/"},"author":{"name":"Diario1 Diario1","@id":"https:\/\/diariotextual.com\/inicio\/#\/schema\/person\/418fc4093c33e86ed41562db3508f958"},"headline":"Algarrobo del \u00c1guila: preocupaci\u00f3n por la venta de chorizos con triquinosis","datePublished":"2021-05-19T13:03:47+00:00","dateModified":"2021-05-19T16:32:09+00:00","mainEntityOfPage":{"@id":"https:\/\/diariotextual.com\/inicio\/index.php\/2021\/05\/19\/algarrobo-del-aguila-preocupacion-por-la-venta-de-chorizos-con-triquinosis\/"},"wordCount":303,"publisher":{"@id":"https:\/\/diariotextual.com\/inicio\/#organization"},"image":{"@id":"https:\/\/diariotextual.com\/inicio\/index.php\/2021\/05\/19\/algarrobo-del-aguila-preocupacion-por-la-venta-de-chorizos-con-triquinosis\/#primaryimage"},"thumbnailUrl":"https:\/\/diariotextual.com\/inicio\/wp-content\/uploads\/2018\/09\/cerdos99.jpg","keywords":["chorizos"],"articleSection":["A - PORTADA2","CAMPO"],"inLanguage":"es"},{"@type":"WebPage","@id":"https:\/\/diariotextual.com\/inicio\/index.php\/2021\/05\/19\/algarrobo-del-aguila-preocupacion-por-la-venta-de-chorizos-con-triquinosis\/","url":"https:\/\/diariotextual.com\/inicio\/index.php\/2021\/05\/19\/algarrobo-del-aguila-preocupacion-por-la-venta-de-chorizos-con-triquinosis\/","name":"Algarrobo del \u00c1guila: preocupaci\u00f3n por la venta de chorizos con triquinosis - Diario Textual","isPartOf":{"@id":"https:\/\/diariotextual.com\/inicio\/#website"},"primaryImageOfPage":{"@id":"https:\/\/diariotextual.com\/inicio\/index.php\/2021\/05\/19\/algarrobo-del-aguila-preocupacion-por-la-venta-de-chorizos-con-triquinosis\/#primaryimage"},"image":{"@id":"https:\/\/diariotextual.com\/inicio\/index.php\/2021\/05\/19\/algarrobo-del-aguila-preocupacion-por-la-venta-de-chorizos-con-triquinosis\/#primaryimage"},"thumbnailUrl":"https:\/\/diariotextual.com\/inicio\/wp-content\/uploads\/2018\/09\/cerdos99.jpg","datePublished":"2021-05-19T13:03:47+00:00","dateModified":"2021-05-19T16:32:09+00:00","breadcrumb":{"@id":"https:\/\/diariotextual.com\/inicio\/index.php\/2021\/05\/19\/algarrobo-del-aguila-preocupacion-por-la-venta-de-chorizos-con-triquinosis\/#breadcrumb"},"inLanguage":"es","potentialAction":[{"@type":"ReadAction","target":["https:\/\/diariotextual.com\/inicio\/index.php\/2021\/05\/19\/algarrobo-del-aguila-preocupacion-por-la-venta-de-chorizos-con-triquinosis\/"]}]},{"@type":"ImageObject","inLanguage":"es","@id":"https:\/\/diariotextual.com\/inicio\/index.php\/2021\/05\/19\/algarrobo-del-aguila-preocupacion-por-la-venta-de-chorizos-con-triquinosis\/#primaryimage","url":"https:\/\/diariotextual.com\/inicio\/wp-content\/uploads\/2018\/09\/cerdos99.jpg","contentUrl":"https:\/\/diariotextual.com\/inicio\/wp-content\/uploads\/2018\/09\/cerdos99.jpg","width":960,"height":640},{"@type":"BreadcrumbList","@id":"https:\/\/diariotextual.com\/inicio\/index.php\/2021\/05\/19\/algarrobo-del-aguila-preocupacion-por-la-venta-de-chorizos-con-triquinosis\/#breadcrumb","itemListElement":[{"@type":"ListItem","position":1,"name":"Portada","item":"https:\/\/diariotextual.com\/inicio\/"},{"@type":"ListItem","position":2,"name":"Algarrobo del \u00c1guila: preocupaci\u00f3n por la venta de chorizos con triquinosis"}]},{"@type":"WebSite","@id":"https:\/\/diariotextual.com\/inicio\/#website","url":"https:\/\/diariotextual.com\/inicio\/","name":"Diario Textual","description":"","publisher":{"@id":"https:\/\/diariotextual.com\/inicio\/#organization"},"potentialAction":[{"@type":"SearchAction","target":{"@type":"EntryPoint","urlTemplate":"https:\/\/diariotextual.com\/inicio\/?s={search_term_string}"},"query-input":{"@type":"PropertyValueSpecification","valueRequired":true,"valueName":"search_term_string"}}],"inLanguage":"es"},{"@type":"Organization","@id":"https:\/\/diariotextual.com\/inicio\/#organization","name":"Diario Textual","url":"https:\/\/diariotextual.com\/inicio\/","logo":{"@type":"ImageObject","inLanguage":"es","@id":"https:\/\/diariotextual.com\/inicio\/#\/schema\/logo\/image\/","url":"https:\/\/diariotextual.com\/inicio\/wp-content\/uploads\/2023\/05\/logotextual1.jpg","contentUrl":"https:\/\/diariotextual.com\/inicio\/wp-content\/uploads\/2023\/05\/logotextual1.jpg","width":516,"height":76,"caption":"Diario Textual"},"image":{"@id":"https:\/\/diariotextual.com\/inicio\/#\/schema\/logo\/image\/"},"sameAs":["https:\/\/www.facebook.com\/eltextual","https:\/\/x.com\/eltextual","http:\/\/www.instagram.com\/eltextual"]},{"@type":"Person","@id":"https:\/\/diariotextual.com\/inicio\/#\/schema\/person\/418fc4093c33e86ed41562db3508f958","name":"Diario1 Diario1","image":{"@type":"ImageObject","inLanguage":"es","@id":"https:\/\/secure.gravatar.com\/avatar\/9167d280179c85bc18be67aa7eda765854300033af4896dd779b608640f2ef7a?s=96&d=mm&r=g","url":"https:\/\/secure.gravatar.com\/avatar\/9167d280179c85bc18be67aa7eda765854300033af4896dd779b608640f2ef7a?s=96&d=mm&r=g","contentUrl":"https:\/\/secure.gravatar.com\/avatar\/9167d280179c85bc18be67aa7eda765854300033af4896dd779b608640f2ef7a?s=96&d=mm&r=g","caption":"Diario1 Diario1"},"url":"https:\/\/diariotextual.com\/inicio\/index.php\/author\/diario1\/"}]}},"_links":{"self":[{"href":"https:\/\/diariotextual.com\/inicio\/index.php\/wp-json\/wp\/v2\/posts\/146614","targetHints":{"allow":["GET"]}}],"collection":[{"href":"https:\/\/diariotextual.com\/inicio\/index.php\/wp-json\/wp\/v2\/posts"}],"about":[{"href":"https:\/\/diariotextual.com\/inicio\/index.php\/wp-json\/wp\/v2\/types\/post"}],"author":[{"embeddable":true,"href":"https:\/\/diariotextual.com\/inicio\/index.php\/wp-json\/wp\/v2\/users\/3"}],"replies":[{"embeddable":true,"href":"https:\/\/diariotextual.com\/inicio\/index.php\/wp-json\/wp\/v2\/comments?post=146614"}],"version-history":[{"count":6,"href":"https:\/\/diariotextual.com\/inicio\/index.php\/wp-json\/wp\/v2\/posts\/146614\/revisions"}],"predecessor-version":[{"id":146620,"href":"https:\/\/diariotextual.com\/inicio\/index.php\/wp-json\/wp\/v2\/posts\/146614\/revisions\/146620"}],"wp:featuredmedia":[{"embeddable":true,"href":"https:\/\/diariotextual.com\/inicio\/index.php\/wp-json\/wp\/v2\/media\/19024"}],"wp:attachment":[{"href":"https:\/\/diariotextual.com\/inicio\/index.php\/wp-json\/wp\/v2\/media?parent=146614"}],"wp:term":[{"taxonomy":"category","embeddable":true,"href":"https:\/\/diariotextual.com\/inicio\/index.php\/wp-json\/wp\/v2\/categories?post=146614"},{"taxonomy":"post_tag","embeddable":true,"href":"https:\/\/diariotextual.com\/inicio\/index.php\/wp-json\/wp\/v2\/tags?post=146614"}],"curies":[{"name":"wp","href":"https:\/\/api.w.org\/{rel}","templated":true}]}}