{"id":146723,"date":"2021-05-20T06:33:14","date_gmt":"2021-05-20T09:33:14","guid":{"rendered":"https:\/\/diariotextual.com\/inicio\/?p=146723"},"modified":"2021-05-20T08:50:17","modified_gmt":"2021-05-20T11:50:17","slug":"record-de-muertos-por-covid-en-la-pampa-desde-que-se-inicio-la-pandemia","status":"publish","type":"post","link":"https:\/\/diariotextual.com\/inicio\/index.php\/2021\/05\/20\/record-de-muertos-por-covid-en-la-pampa-desde-que-se-inicio-la-pandemia\/","title":{"rendered":"R\u00e9cord de muertos por covid en La Pampa desde que se inici\u00f3 la pandemia"},"content":{"rendered":"\n<p>La Pampa, con los alarmantes nuevos casos diarios que registra, <strong>este fin de semana llegar\u00e1 a los 500 muertos por complicaciones derivadas del coronavirus.<\/strong><\/p>\n\n\n\n<p><strong>La segunda ola de covid golpea como nunca.<\/strong> Uno de los datos que m\u00e1s preocupaci\u00f3n genera es la cantidad de personas fallecidas. <strong>Mayo es el mes en el que m\u00e1s personas han muerto por covid en nuestra provincia desde que se inici\u00f3 la pandemia: 105 hasta este mi\u00e9rcoles 19 <\/strong>-\u00faltimo dato disponible-, es decir, <strong>5,5 fallecimientos por d\u00eda.<\/strong><\/p>\n\n\n\n<p>En el Gobierno a\u00fan no tienen datos oficiales, pero<strong> la sospecha es que circulan variantes m\u00e1s violentas y contagiosas, que generan m\u00e1s letalidad.<\/strong> Y que afectan a personas m\u00e1s j\u00f3venes.<\/p>\n\n\n\n<p>Por lo pronto, ayer se registr\u00f3 el r\u00e9cord de contagios diarios: 901. Y ya hay 6700 casos activos, cuando hace 20 d\u00edas eran 3000.<\/p>\n\n\n\n<p>A su vez,<strong> ya son 62 las personas con covid que est\u00e1n usando camas de terapia intensiva<\/strong>. El 1 de mayo eran 41.<\/p>\n\n\n\n<p>En tanto, <strong>71 de las 79 localidades tienen casos activos. Es decir, nunca la pandemia se hab\u00eda extendido territorial como ahora.<\/strong><\/p>\n\n\n\n<p>\u00bfCu\u00e1les son tierra sin covid? Solo ocho:<strong> Relmo, Cuchillo Co, Algarrobo del Aguila, Chacharramendi, Santa Mar\u00eda, Unanue, Duval y Rol\u00f3n<\/strong>, todos pueblos chicos.<\/p>\n\n\n\n<p><\/p>\n","protected":false},"excerpt":{"rendered":"<p>La Pampa, con los alarmantes nuevos casos diarios que registra, este fin de semana llegar\u00e1 a los 500 muertos por complicaciones derivadas del coronavirus. La segunda ola de covid golpea&hellip;<\/p>\n","protected":false},"author":3,"featured_media":144748,"comment_status":"closed","ping_status":"open","sticky":false,"template":"","format":"standard","meta":{"_acf_changed":false,"footnotes":""},"categories":[10,12],"tags":[2899],"class_list":["post-146723","post","type-post","status-publish","format-standard","has-post-thumbnail","hentry","category-portada-2","category-sociedad","tag-covid"],"acf":[],"yoast_head":"<!-- This site is optimized with the Yoast SEO plugin v27.5 - https:\/\/yoast.com\/product\/yoast-seo-wordpress\/ -->\n<title>R\u00e9cord de muertos por covid en La Pampa desde que se inici\u00f3 la pandemia - Diario Textual<\/title>\n<meta name=\"robots\" content=\"index, follow, max-snippet:-1, max-image-preview:large, max-video-preview:-1\" \/>\n<link rel=\"canonical\" href=\"https:\/\/diariotextual.com\/inicio\/index.php\/2021\/05\/20\/record-de-muertos-por-covid-en-la-pampa-desde-que-se-inicio-la-pandemia\/\" \/>\n<meta property=\"og:locale\" content=\"es_ES\" \/>\n<meta property=\"og:type\" content=\"article\" \/>\n<meta property=\"og:title\" content=\"R\u00e9cord de muertos por covid en La Pampa desde que se inici\u00f3 la pandemia - Diario Textual\" \/>\n<meta property=\"og:description\" content=\"La Pampa, con los alarmantes nuevos casos diarios que registra, este fin de semana llegar\u00e1 a los 500 muertos por complicaciones derivadas del coronavirus. La segunda ola de covid golpea&hellip;\" \/>\n<meta property=\"og:url\" content=\"https:\/\/diariotextual.com\/inicio\/index.php\/2021\/05\/20\/record-de-muertos-por-covid-en-la-pampa-desde-que-se-inicio-la-pandemia\/\" \/>\n<meta property=\"og:site_name\" content=\"Diario Textual\" \/>\n<meta property=\"article:publisher\" content=\"https:\/\/www.facebook.com\/eltextual\" \/>\n<meta property=\"article:published_time\" content=\"2021-05-20T09:33:14+00:00\" \/>\n<meta property=\"article:modified_time\" content=\"2021-05-20T11:50:17+00:00\" \/>\n<meta property=\"og:image\" content=\"https:\/\/diariotextual.com\/inicio\/wp-content\/uploads\/2021\/05\/coronavirustelam2021-7001.jpg\" \/>\n\t<meta property=\"og:image:width\" content=\"1004\" \/>\n\t<meta property=\"og:image:height\" content=\"565\" \/>\n\t<meta property=\"og:image:type\" content=\"image\/jpeg\" \/>\n<meta name=\"author\" content=\"Diario1 Diario1\" \/>\n<meta name=\"twitter:card\" content=\"summary_large_image\" \/>\n<meta name=\"twitter:creator\" content=\"@eltextual\" \/>\n<meta name=\"twitter:site\" content=\"@eltextual\" \/>\n<meta name=\"twitter:label1\" content=\"Escrito por\" \/>\n\t<meta name=\"twitter:data1\" content=\"Diario1 Diario1\" \/>\n\t<meta name=\"twitter:label2\" content=\"Tiempo de lectura\" \/>\n\t<meta name=\"twitter:data2\" content=\"1 minuto\" \/>\n<script type=\"application\/ld+json\" class=\"yoast-schema-graph\">{\"@context\":\"https:\\\/\\\/schema.org\",\"@graph\":[{\"@type\":\"Article\",\"@id\":\"https:\\\/\\\/diariotextual.com\\\/inicio\\\/index.php\\\/2021\\\/05\\\/20\\\/record-de-muertos-por-covid-en-la-pampa-desde-que-se-inicio-la-pandemia\\\/#article\",\"isPartOf\":{\"@id\":\"https:\\\/\\\/diariotextual.com\\\/inicio\\\/index.php\\\/2021\\\/05\\\/20\\\/record-de-muertos-por-covid-en-la-pampa-desde-que-se-inicio-la-pandemia\\\/\"},\"author\":{\"name\":\"Diario1 Diario1\",\"@id\":\"https:\\\/\\\/diariotextual.com\\\/inicio\\\/#\\\/schema\\\/person\\\/418fc4093c33e86ed41562db3508f958\"},\"headline\":\"R\u00e9cord de muertos por covid en La Pampa desde que se inici\u00f3 la pandemia\",\"datePublished\":\"2021-05-20T09:33:14+00:00\",\"dateModified\":\"2021-05-20T11:50:17+00:00\",\"mainEntityOfPage\":{\"@id\":\"https:\\\/\\\/diariotextual.com\\\/inicio\\\/index.php\\\/2021\\\/05\\\/20\\\/record-de-muertos-por-covid-en-la-pampa-desde-que-se-inicio-la-pandemia\\\/\"},\"wordCount\":223,\"publisher\":{\"@id\":\"https:\\\/\\\/diariotextual.com\\\/inicio\\\/#organization\"},\"image\":{\"@id\":\"https:\\\/\\\/diariotextual.com\\\/inicio\\\/index.php\\\/2021\\\/05\\\/20\\\/record-de-muertos-por-covid-en-la-pampa-desde-que-se-inicio-la-pandemia\\\/#primaryimage\"},\"thumbnailUrl\":\"https:\\\/\\\/diariotextual.com\\\/inicio\\\/wp-content\\\/uploads\\\/2021\\\/05\\\/coronavirustelam2021-7001.jpg\",\"keywords\":[\"covid\"],\"articleSection\":[\"A - PORTADA2\",\"SOCIEDAD\"],\"inLanguage\":\"es\"},{\"@type\":\"WebPage\",\"@id\":\"https:\\\/\\\/diariotextual.com\\\/inicio\\\/index.php\\\/2021\\\/05\\\/20\\\/record-de-muertos-por-covid-en-la-pampa-desde-que-se-inicio-la-pandemia\\\/\",\"url\":\"https:\\\/\\\/diariotextual.com\\\/inicio\\\/index.php\\\/2021\\\/05\\\/20\\\/record-de-muertos-por-covid-en-la-pampa-desde-que-se-inicio-la-pandemia\\\/\",\"name\":\"R\u00e9cord de muertos por covid en La Pampa desde que se inici\u00f3 la pandemia - Diario Textual\",\"isPartOf\":{\"@id\":\"https:\\\/\\\/diariotextual.com\\\/inicio\\\/#website\"},\"primaryImageOfPage\":{\"@id\":\"https:\\\/\\\/diariotextual.com\\\/inicio\\\/index.php\\\/2021\\\/05\\\/20\\\/record-de-muertos-por-covid-en-la-pampa-desde-que-se-inicio-la-pandemia\\\/#primaryimage\"},\"image\":{\"@id\":\"https:\\\/\\\/diariotextual.com\\\/inicio\\\/index.php\\\/2021\\\/05\\\/20\\\/record-de-muertos-por-covid-en-la-pampa-desde-que-se-inicio-la-pandemia\\\/#primaryimage\"},\"thumbnailUrl\":\"https:\\\/\\\/diariotextual.com\\\/inicio\\\/wp-content\\\/uploads\\\/2021\\\/05\\\/coronavirustelam2021-7001.jpg\",\"datePublished\":\"2021-05-20T09:33:14+00:00\",\"dateModified\":\"2021-05-20T11:50:17+00:00\",\"breadcrumb\":{\"@id\":\"https:\\\/\\\/diariotextual.com\\\/inicio\\\/index.php\\\/2021\\\/05\\\/20\\\/record-de-muertos-por-covid-en-la-pampa-desde-que-se-inicio-la-pandemia\\\/#breadcrumb\"},\"inLanguage\":\"es\",\"potentialAction\":[{\"@type\":\"ReadAction\",\"target\":[\"https:\\\/\\\/diariotextual.com\\\/inicio\\\/index.php\\\/2021\\\/05\\\/20\\\/record-de-muertos-por-covid-en-la-pampa-desde-que-se-inicio-la-pandemia\\\/\"]}]},{\"@type\":\"ImageObject\",\"inLanguage\":\"es\",\"@id\":\"https:\\\/\\\/diariotextual.com\\\/inicio\\\/index.php\\\/2021\\\/05\\\/20\\\/record-de-muertos-por-covid-en-la-pampa-desde-que-se-inicio-la-pandemia\\\/#primaryimage\",\"url\":\"https:\\\/\\\/diariotextual.com\\\/inicio\\\/wp-content\\\/uploads\\\/2021\\\/05\\\/coronavirustelam2021-7001.jpg\",\"contentUrl\":\"https:\\\/\\\/diariotextual.com\\\/inicio\\\/wp-content\\\/uploads\\\/2021\\\/05\\\/coronavirustelam2021-7001.jpg\",\"width\":1004,\"height\":565},{\"@type\":\"BreadcrumbList\",\"@id\":\"https:\\\/\\\/diariotextual.com\\\/inicio\\\/index.php\\\/2021\\\/05\\\/20\\\/record-de-muertos-por-covid-en-la-pampa-desde-que-se-inicio-la-pandemia\\\/#breadcrumb\",\"itemListElement\":[{\"@type\":\"ListItem\",\"position\":1,\"name\":\"Portada\",\"item\":\"https:\\\/\\\/diariotextual.com\\\/inicio\\\/\"},{\"@type\":\"ListItem\",\"position\":2,\"name\":\"R\u00e9cord de muertos por covid en La Pampa desde que se inici\u00f3 la pandemia\"}]},{\"@type\":\"WebSite\",\"@id\":\"https:\\\/\\\/diariotextual.com\\\/inicio\\\/#website\",\"url\":\"https:\\\/\\\/diariotextual.com\\\/inicio\\\/\",\"name\":\"Diario Textual\",\"description\":\"\",\"publisher\":{\"@id\":\"https:\\\/\\\/diariotextual.com\\\/inicio\\\/#organization\"},\"potentialAction\":[{\"@type\":\"SearchAction\",\"target\":{\"@type\":\"EntryPoint\",\"urlTemplate\":\"https:\\\/\\\/diariotextual.com\\\/inicio\\\/?s={search_term_string}\"},\"query-input\":{\"@type\":\"PropertyValueSpecification\",\"valueRequired\":true,\"valueName\":\"search_term_string\"}}],\"inLanguage\":\"es\"},{\"@type\":\"Organization\",\"@id\":\"https:\\\/\\\/diariotextual.com\\\/inicio\\\/#organization\",\"name\":\"Diario Textual\",\"url\":\"https:\\\/\\\/diariotextual.com\\\/inicio\\\/\",\"logo\":{\"@type\":\"ImageObject\",\"inLanguage\":\"es\",\"@id\":\"https:\\\/\\\/diariotextual.com\\\/inicio\\\/#\\\/schema\\\/logo\\\/image\\\/\",\"url\":\"https:\\\/\\\/diariotextual.com\\\/inicio\\\/wp-content\\\/uploads\\\/2023\\\/05\\\/logotextual1.jpg\",\"contentUrl\":\"https:\\\/\\\/diariotextual.com\\\/inicio\\\/wp-content\\\/uploads\\\/2023\\\/05\\\/logotextual1.jpg\",\"width\":516,\"height\":76,\"caption\":\"Diario Textual\"},\"image\":{\"@id\":\"https:\\\/\\\/diariotextual.com\\\/inicio\\\/#\\\/schema\\\/logo\\\/image\\\/\"},\"sameAs\":[\"https:\\\/\\\/www.facebook.com\\\/eltextual\",\"https:\\\/\\\/x.com\\\/eltextual\",\"http:\\\/\\\/www.instagram.com\\\/eltextual\"]},{\"@type\":\"Person\",\"@id\":\"https:\\\/\\\/diariotextual.com\\\/inicio\\\/#\\\/schema\\\/person\\\/418fc4093c33e86ed41562db3508f958\",\"name\":\"Diario1 Diario1\",\"image\":{\"@type\":\"ImageObject\",\"inLanguage\":\"es\",\"@id\":\"https:\\\/\\\/secure.gravatar.com\\\/avatar\\\/9167d280179c85bc18be67aa7eda765854300033af4896dd779b608640f2ef7a?s=96&d=mm&r=g\",\"url\":\"https:\\\/\\\/secure.gravatar.com\\\/avatar\\\/9167d280179c85bc18be67aa7eda765854300033af4896dd779b608640f2ef7a?s=96&d=mm&r=g\",\"contentUrl\":\"https:\\\/\\\/secure.gravatar.com\\\/avatar\\\/9167d280179c85bc18be67aa7eda765854300033af4896dd779b608640f2ef7a?s=96&d=mm&r=g\",\"caption\":\"Diario1 Diario1\"},\"url\":\"https:\\\/\\\/diariotextual.com\\\/inicio\\\/index.php\\\/author\\\/diario1\\\/\"}]}<\/script>\n<!-- \/ Yoast SEO plugin. -->","yoast_head_json":{"title":"R\u00e9cord de muertos por covid en La Pampa desde que se inici\u00f3 la pandemia - Diario Textual","robots":{"index":"index","follow":"follow","max-snippet":"max-snippet:-1","max-image-preview":"max-image-preview:large","max-video-preview":"max-video-preview:-1"},"canonical":"https:\/\/diariotextual.com\/inicio\/index.php\/2021\/05\/20\/record-de-muertos-por-covid-en-la-pampa-desde-que-se-inicio-la-pandemia\/","og_locale":"es_ES","og_type":"article","og_title":"R\u00e9cord de muertos por covid en La Pampa desde que se inici\u00f3 la pandemia - Diario Textual","og_description":"La Pampa, con los alarmantes nuevos casos diarios que registra, este fin de semana llegar\u00e1 a los 500 muertos por complicaciones derivadas del coronavirus. La segunda ola de covid golpea&hellip;","og_url":"https:\/\/diariotextual.com\/inicio\/index.php\/2021\/05\/20\/record-de-muertos-por-covid-en-la-pampa-desde-que-se-inicio-la-pandemia\/","og_site_name":"Diario Textual","article_publisher":"https:\/\/www.facebook.com\/eltextual","article_published_time":"2021-05-20T09:33:14+00:00","article_modified_time":"2021-05-20T11:50:17+00:00","og_image":[{"width":1004,"height":565,"url":"https:\/\/diariotextual.com\/inicio\/wp-content\/uploads\/2021\/05\/coronavirustelam2021-7001.jpg","type":"image\/jpeg"}],"author":"Diario1 Diario1","twitter_card":"summary_large_image","twitter_creator":"@eltextual","twitter_site":"@eltextual","twitter_misc":{"Escrito por":"Diario1 Diario1","Tiempo de lectura":"1 minuto"},"schema":{"@context":"https:\/\/schema.org","@graph":[{"@type":"Article","@id":"https:\/\/diariotextual.com\/inicio\/index.php\/2021\/05\/20\/record-de-muertos-por-covid-en-la-pampa-desde-que-se-inicio-la-pandemia\/#article","isPartOf":{"@id":"https:\/\/diariotextual.com\/inicio\/index.php\/2021\/05\/20\/record-de-muertos-por-covid-en-la-pampa-desde-que-se-inicio-la-pandemia\/"},"author":{"name":"Diario1 Diario1","@id":"https:\/\/diariotextual.com\/inicio\/#\/schema\/person\/418fc4093c33e86ed41562db3508f958"},"headline":"R\u00e9cord de muertos por covid en La Pampa desde que se inici\u00f3 la pandemia","datePublished":"2021-05-20T09:33:14+00:00","dateModified":"2021-05-20T11:50:17+00:00","mainEntityOfPage":{"@id":"https:\/\/diariotextual.com\/inicio\/index.php\/2021\/05\/20\/record-de-muertos-por-covid-en-la-pampa-desde-que-se-inicio-la-pandemia\/"},"wordCount":223,"publisher":{"@id":"https:\/\/diariotextual.com\/inicio\/#organization"},"image":{"@id":"https:\/\/diariotextual.com\/inicio\/index.php\/2021\/05\/20\/record-de-muertos-por-covid-en-la-pampa-desde-que-se-inicio-la-pandemia\/#primaryimage"},"thumbnailUrl":"https:\/\/diariotextual.com\/inicio\/wp-content\/uploads\/2021\/05\/coronavirustelam2021-7001.jpg","keywords":["covid"],"articleSection":["A - PORTADA2","SOCIEDAD"],"inLanguage":"es"},{"@type":"WebPage","@id":"https:\/\/diariotextual.com\/inicio\/index.php\/2021\/05\/20\/record-de-muertos-por-covid-en-la-pampa-desde-que-se-inicio-la-pandemia\/","url":"https:\/\/diariotextual.com\/inicio\/index.php\/2021\/05\/20\/record-de-muertos-por-covid-en-la-pampa-desde-que-se-inicio-la-pandemia\/","name":"R\u00e9cord de muertos por covid en La Pampa desde que se inici\u00f3 la pandemia - Diario Textual","isPartOf":{"@id":"https:\/\/diariotextual.com\/inicio\/#website"},"primaryImageOfPage":{"@id":"https:\/\/diariotextual.com\/inicio\/index.php\/2021\/05\/20\/record-de-muertos-por-covid-en-la-pampa-desde-que-se-inicio-la-pandemia\/#primaryimage"},"image":{"@id":"https:\/\/diariotextual.com\/inicio\/index.php\/2021\/05\/20\/record-de-muertos-por-covid-en-la-pampa-desde-que-se-inicio-la-pandemia\/#primaryimage"},"thumbnailUrl":"https:\/\/diariotextual.com\/inicio\/wp-content\/uploads\/2021\/05\/coronavirustelam2021-7001.jpg","datePublished":"2021-05-20T09:33:14+00:00","dateModified":"2021-05-20T11:50:17+00:00","breadcrumb":{"@id":"https:\/\/diariotextual.com\/inicio\/index.php\/2021\/05\/20\/record-de-muertos-por-covid-en-la-pampa-desde-que-se-inicio-la-pandemia\/#breadcrumb"},"inLanguage":"es","potentialAction":[{"@type":"ReadAction","target":["https:\/\/diariotextual.com\/inicio\/index.php\/2021\/05\/20\/record-de-muertos-por-covid-en-la-pampa-desde-que-se-inicio-la-pandemia\/"]}]},{"@type":"ImageObject","inLanguage":"es","@id":"https:\/\/diariotextual.com\/inicio\/index.php\/2021\/05\/20\/record-de-muertos-por-covid-en-la-pampa-desde-que-se-inicio-la-pandemia\/#primaryimage","url":"https:\/\/diariotextual.com\/inicio\/wp-content\/uploads\/2021\/05\/coronavirustelam2021-7001.jpg","contentUrl":"https:\/\/diariotextual.com\/inicio\/wp-content\/uploads\/2021\/05\/coronavirustelam2021-7001.jpg","width":1004,"height":565},{"@type":"BreadcrumbList","@id":"https:\/\/diariotextual.com\/inicio\/index.php\/2021\/05\/20\/record-de-muertos-por-covid-en-la-pampa-desde-que-se-inicio-la-pandemia\/#breadcrumb","itemListElement":[{"@type":"ListItem","position":1,"name":"Portada","item":"https:\/\/diariotextual.com\/inicio\/"},{"@type":"ListItem","position":2,"name":"R\u00e9cord de muertos por covid en La Pampa desde que se inici\u00f3 la pandemia"}]},{"@type":"WebSite","@id":"https:\/\/diariotextual.com\/inicio\/#website","url":"https:\/\/diariotextual.com\/inicio\/","name":"Diario Textual","description":"","publisher":{"@id":"https:\/\/diariotextual.com\/inicio\/#organization"},"potentialAction":[{"@type":"SearchAction","target":{"@type":"EntryPoint","urlTemplate":"https:\/\/diariotextual.com\/inicio\/?s={search_term_string}"},"query-input":{"@type":"PropertyValueSpecification","valueRequired":true,"valueName":"search_term_string"}}],"inLanguage":"es"},{"@type":"Organization","@id":"https:\/\/diariotextual.com\/inicio\/#organization","name":"Diario Textual","url":"https:\/\/diariotextual.com\/inicio\/","logo":{"@type":"ImageObject","inLanguage":"es","@id":"https:\/\/diariotextual.com\/inicio\/#\/schema\/logo\/image\/","url":"https:\/\/diariotextual.com\/inicio\/wp-content\/uploads\/2023\/05\/logotextual1.jpg","contentUrl":"https:\/\/diariotextual.com\/inicio\/wp-content\/uploads\/2023\/05\/logotextual1.jpg","width":516,"height":76,"caption":"Diario Textual"},"image":{"@id":"https:\/\/diariotextual.com\/inicio\/#\/schema\/logo\/image\/"},"sameAs":["https:\/\/www.facebook.com\/eltextual","https:\/\/x.com\/eltextual","http:\/\/www.instagram.com\/eltextual"]},{"@type":"Person","@id":"https:\/\/diariotextual.com\/inicio\/#\/schema\/person\/418fc4093c33e86ed41562db3508f958","name":"Diario1 Diario1","image":{"@type":"ImageObject","inLanguage":"es","@id":"https:\/\/secure.gravatar.com\/avatar\/9167d280179c85bc18be67aa7eda765854300033af4896dd779b608640f2ef7a?s=96&d=mm&r=g","url":"https:\/\/secure.gravatar.com\/avatar\/9167d280179c85bc18be67aa7eda765854300033af4896dd779b608640f2ef7a?s=96&d=mm&r=g","contentUrl":"https:\/\/secure.gravatar.com\/avatar\/9167d280179c85bc18be67aa7eda765854300033af4896dd779b608640f2ef7a?s=96&d=mm&r=g","caption":"Diario1 Diario1"},"url":"https:\/\/diariotextual.com\/inicio\/index.php\/author\/diario1\/"}]}},"_links":{"self":[{"href":"https:\/\/diariotextual.com\/inicio\/index.php\/wp-json\/wp\/v2\/posts\/146723","targetHints":{"allow":["GET"]}}],"collection":[{"href":"https:\/\/diariotextual.com\/inicio\/index.php\/wp-json\/wp\/v2\/posts"}],"about":[{"href":"https:\/\/diariotextual.com\/inicio\/index.php\/wp-json\/wp\/v2\/types\/post"}],"author":[{"embeddable":true,"href":"https:\/\/diariotextual.com\/inicio\/index.php\/wp-json\/wp\/v2\/users\/3"}],"replies":[{"embeddable":true,"href":"https:\/\/diariotextual.com\/inicio\/index.php\/wp-json\/wp\/v2\/comments?post=146723"}],"version-history":[{"count":1,"href":"https:\/\/diariotextual.com\/inicio\/index.php\/wp-json\/wp\/v2\/posts\/146723\/revisions"}],"predecessor-version":[{"id":146724,"href":"https:\/\/diariotextual.com\/inicio\/index.php\/wp-json\/wp\/v2\/posts\/146723\/revisions\/146724"}],"wp:featuredmedia":[{"embeddable":true,"href":"https:\/\/diariotextual.com\/inicio\/index.php\/wp-json\/wp\/v2\/media\/144748"}],"wp:attachment":[{"href":"https:\/\/diariotextual.com\/inicio\/index.php\/wp-json\/wp\/v2\/media?parent=146723"}],"wp:term":[{"taxonomy":"category","embeddable":true,"href":"https:\/\/diariotextual.com\/inicio\/index.php\/wp-json\/wp\/v2\/categories?post=146723"},{"taxonomy":"post_tag","embeddable":true,"href":"https:\/\/diariotextual.com\/inicio\/index.php\/wp-json\/wp\/v2\/tags?post=146723"}],"curies":[{"name":"wp","href":"https:\/\/api.w.org\/{rel}","templated":true}]}}