{"id":146853,"date":"2021-05-20T20:50:05","date_gmt":"2021-05-20T23:50:05","guid":{"rendered":"https:\/\/diariotextual.com\/inicio\/?p=146853"},"modified":"2021-05-21T08:13:23","modified_gmt":"2021-05-21T11:13:23","slug":"fernandez-anuncio-un-confinamiento-estricto-en-casi-todo-el-pais-hasta-el-domingo-30","status":"publish","type":"post","link":"https:\/\/diariotextual.com\/inicio\/index.php\/2021\/05\/20\/fernandez-anuncio-un-confinamiento-estricto-en-casi-todo-el-pais-hasta-el-domingo-30\/","title":{"rendered":"El presidente decreta un confinamiento total y La Pampa adhiere"},"content":{"rendered":"\n<p>El presidente <strong>Alberto Fern\u00e1ndez <\/strong>anunci\u00f3<strong> una cuarentena estricta de nueve d\u00edas<\/strong>, entre el s\u00e1bado 22 y hasta el domingo 30, en las zonas d<strong>e \u201calto riesgo y alarma epidemiol\u00f3gico\u201d <\/strong>del pa\u00eds.<\/p>\n\n\n\n<p>Esto comprende al AMBA y a m\u00e1s de 100 distritos de todas las provincias de la Argentina con excepci\u00f3n de La Rioja.<\/p>\n\n\n\n<p><strong>El confinamiento alcanza a los departamentos Capital y Marac\u00f3, considerados en alto riesgo epidemiol\u00f3gico. Pero Sergio Ziliotto adherir\u00e1 con esta medida para toda La Pampa, una de las provincias con peores indicadores de toda la Argentina en las \u00faltimas semanas.<\/strong>\u00a0<\/p>\n\n\n\n<p><strong>La medida regir\u00e1 desde este s\u00e1bado 22 de mayo a las 0 horas hasta el domingo 30 de mayo inclusive. Solo involucra tres d\u00edas h\u00e1biles, ya que el Gobierno restableci\u00f3 el feriado puente del 24 de mayo.<\/strong><\/p>\n\n\n\n<p>Con esta decisi\u00f3n, <strong>quedar\u00e1n suspendidas las actividades sociales, econ\u00f3micas, educativas, religiosas y deportivas en forma presencial.<\/strong><\/p>\n\n\n\n<p>En tanto, <strong>estar\u00e1n habilitados los comercios esenciales, los comercios con env\u00edo a domicilio y para llevar.<\/strong><\/p>\n\n\n\n<p>A su vez, <strong>s\u00f3lo se podr\u00e1 circular en las cercan\u00edas del domicilio, entre las 6 de la ma\u00f1ana y las 18 horas, o por razones especialmente autorizadas.<\/strong><\/p>\n\n\n\n<figure class=\"wp-block-image size-large\"><img fetchpriority=\"high\" decoding=\"async\" width=\"1024\" height=\"576\" src=\"https:\/\/diariotextual.com\/inicio\/wp-content\/uploads\/2021\/05\/coronavirusinfografiapais20mayo2021-1-1024x576.jpeg\" alt=\"\" class=\"wp-image-146869\" srcset=\"https:\/\/diariotextual.com\/inicio\/wp-content\/uploads\/2021\/05\/coronavirusinfografiapais20mayo2021-1-1024x576.jpeg 1024w, https:\/\/diariotextual.com\/inicio\/wp-content\/uploads\/2021\/05\/coronavirusinfografiapais20mayo2021-1-300x169.jpeg 300w, https:\/\/diariotextual.com\/inicio\/wp-content\/uploads\/2021\/05\/coronavirusinfografiapais20mayo2021-1-768x432.jpeg 768w, https:\/\/diariotextual.com\/inicio\/wp-content\/uploads\/2021\/05\/coronavirusinfografiapais20mayo2021-1-1170x658.jpeg 1170w, https:\/\/diariotextual.com\/inicio\/wp-content\/uploads\/2021\/05\/coronavirusinfografiapais20mayo2021-1-585x329.jpeg 585w, https:\/\/diariotextual.com\/inicio\/wp-content\/uploads\/2021\/05\/coronavirusinfografiapais20mayo2021-1.jpeg 1280w\" sizes=\"(max-width: 1024px) 100vw, 1024px\" \/><\/figure>\n\n\n\n<p>Fern\u00e1ndez habl\u00f3 por cadena nacional para anunciar las medidas para frenar el incremento de los casos de coronavirus en el marco de la segunda ola de la pandemia. <strong>\u201cSiempre les hablo con la verdad. Estamos viviendo el peor momento de la pandemia<\/strong>\u201d, dijo.<\/p>\n\n\n\n<figure class=\"wp-block-embed is-type-wp-embed is-provider-diario-textual wp-block-embed-diario-textual\"><div class=\"wp-block-embed__wrapper\">\n<blockquote class=\"wp-embedded-content\" data-secret=\"7QoQ22ee0E\"><a href=\"https:\/\/diariotextual.com\/inicio\/index.php\/2021\/05\/20\/empieza-a-bajar-la-curva-del-covid-en-la-pampa-este-jueves-un-centenar-menos\/\">\u00bfEmpieza a descender la curva del covid en La Pampa?: los nuevos casos bajaron a 737<\/a><\/blockquote><iframe class=\"wp-embedded-content\" sandbox=\"allow-scripts\" security=\"restricted\" style=\"position: absolute; clip: rect(1px, 1px, 1px, 1px);\" title=\"\u00ab\u00bfEmpieza a descender la curva del covid en La Pampa?: los nuevos casos bajaron a 737\u00bb \u2014 Diario Textual\" src=\"https:\/\/diariotextual.com\/inicio\/index.php\/2021\/05\/20\/empieza-a-bajar-la-curva-del-covid-en-la-pampa-este-jueves-un-centenar-menos\/embed\/#?secret=7QoQ22ee0E\" data-secret=\"7QoQ22ee0E\" width=\"600\" height=\"338\" frameborder=\"0\" marginwidth=\"0\" marginheight=\"0\" scrolling=\"no\"><\/iframe>\n<\/div><\/figure>\n\n\n\n<p>\u201cNo debemos naturalizar tanta tragedia. No es momento de especulaciones. Debemos unirnos para superar esta cat\u00e1strofe\u201d, sostuvo. \u201cCada muerte debe conmovernos\u201d, agreg\u00f3.<\/p>\n\n\n\n<p>A su vez, cuestion\u00f3 a los gobernadores que no siguieron sus DNU para controlar el virus y a los que tomaron medidas \u201ctard\u00edas\u201d. Hoy mantuvo una ronda de consulta con los mandatarios, entre ellos el pampeano Sergio Ziliotto.<\/p>\n\n\n\n<figure class=\"wp-block-image size-large\"><img decoding=\"async\" width=\"915\" height=\"584\" src=\"https:\/\/diariotextual.com\/inicio\/wp-content\/uploads\/2021\/05\/fernandezalbertoziliottocoronavirusteleconferencia2021-001.jpg\" alt=\"\" class=\"wp-image-146855\" srcset=\"https:\/\/diariotextual.com\/inicio\/wp-content\/uploads\/2021\/05\/fernandezalbertoziliottocoronavirusteleconferencia2021-001.jpg 915w, https:\/\/diariotextual.com\/inicio\/wp-content\/uploads\/2021\/05\/fernandezalbertoziliottocoronavirusteleconferencia2021-001-300x191.jpg 300w, https:\/\/diariotextual.com\/inicio\/wp-content\/uploads\/2021\/05\/fernandezalbertoziliottocoronavirusteleconferencia2021-001-768x490.jpg 768w, https:\/\/diariotextual.com\/inicio\/wp-content\/uploads\/2021\/05\/fernandezalbertoziliottocoronavirusteleconferencia2021-001-585x373.jpg 585w\" sizes=\"(max-width: 915px) 100vw, 915px\" \/><\/figure>\n\n\n\n<p>Fern\u00e1ndez advirti\u00f3 esta noche que el aumento de camas disponibles no contiene la suba de casos de coronavirus \u201csi no se evita la circulaci\u00f3n\u201d y sostuvo que \u201cuna minor\u00eda que incumple\u201d las restricciones sanitarias \u201cgenera un propagaci\u00f3n\u201d del contagio.<\/p>\n\n\n\n<p>Fern\u00e1ndez adelant\u00f3 que, terminados los nueve d\u00edas de restricciones que regir\u00e1n hasta el 30 de mayo, se retomar\u00e1n las actividades seg\u00fan el riesgo epidemiol\u00f3gico de cada zona.<\/p>\n\n\n\n<p>Seg\u00fan anunci\u00f3, dar\u00e1 ayuda a los sectores afectados:<\/p>\n\n\n\n<p>\u25cf Ampliaci\u00f3n del Programa de Recuperaci\u00f3n Productiva (REPRO) para atender a los sectores que se ver\u00e1n afectados por las medidas: comercio y otros. La inversi\u00f3n en este programa estar\u00e1 en torno a los $52.000 millones.<\/p>\n\n\n\n<p>\u25cf Incremento del monto del salario complementario para las y los trabajadores de los sectores cr\u00edticos y la salud, que pasa de $18.000 a $22.000. La inversi\u00f3n prevista es de $6.000 millones.<\/p>\n\n\n\n<p>\u25cf Incorporaci\u00f3n del sector gastron\u00f3mico al REPRO y reducci\u00f3n de las contribuciones patronales en los sectores cr\u00edticos, por $8.500 millones.<br><\/p>\n\n\n\n<p>\u25cf Desde este viernes hasta fin de mes se inyectar\u00e1n 18 mil millones de pesos en los bolsillos de las familias beneficiarias con la tarjeta Alimentar. Esto lo anunci\u00f3 el presidente el viernes 7 de mayo.<\/p>\n\n\n\n<p>\u25cf Ampliaci\u00f3n de la Tarjeta Alimentar que permitir\u00e1 fortalecer los ingresos de las familias con menores de hasta 14 a\u00f1os. La medida alcanza a casi 4 millones de ni\u00f1os, ni\u00f1as y adolescentes. La inversi\u00f3n mensual para financiar la Tarjeta Alimentar ser\u00e1 de $18.100 millones y se comienza a pagar el viernes 21 de mayo.<\/p>\n\n\n\n<p>\u25cf Ampliaci\u00f3n del Programa Progresar con becas para la terminaci\u00f3n de la primaria y la secundaria, la capacitaci\u00f3n profesional, el cursado de carreras universitarias y, tambi\u00e9n, para formar enfermeros y enfermeras. El objetivo del programa es llegar a 1 mill\u00f3n de j\u00f3venes en todo el pa\u00eds con becas mensuales de entre $3.600 y $9.600. Las becas se pagan durante todo el a\u00f1o (12 meses). La inversi\u00f3n durante este a\u00f1o supera los $28.000 millones.<\/p>\n\n\n\n<p>\u25cf Ampliaci\u00f3n de la AUH y asignaciones familiares. El objetivo es llegar a 700.000 y el estimado es de $29.000 millones.<\/p>\n\n\n\n<p>\u25cf Se transform\u00f3 el Programa Potenciar Trabajo para asociarlos con distintas actividades productivas de la econom\u00eda popular. Los 920.000 trabajadoras y trabajadores de este programa cobrar\u00e1n en mayo $12.204 y hacia fin de a\u00f1o $14.040. La inversi\u00f3n anual estimada para este programa es de $167.000 millones.<br>Sectores:<\/p>\n\n\n\n<p>\u25cf Cultura y Turismo. Se han reforzado las partidas presupuestarias para asistir a estos sectores en m\u00e1s de $4.700 millones.<\/p>\n\n\n\n<p>\u25cfFortalecimiento del Sistema de Salud. Para la atenci\u00f3n de la segunda ola del COVID, se estima una inversi\u00f3n de $144.000 millones. Incluye la inversi\u00f3n en vacunas de $72.000 millones, el bono por 3 meses de $6.550 para 700.000 trabajadores y trabajadoras de la salud y $36.000 millones de reducci\u00f3n de contribuciones patronales y del impuesto a los cr\u00e9ditos y d\u00e9bitos bancarios para las empresas del sector, entre otras partidas. Con estas pol\u00edticas estamos llegando a casi 6 millones de ni\u00f1os, ni\u00f1as y j\u00f3venes: a trav\u00e9s de la Tarjeta Alimentar, la ampliaci\u00f3n de AUH y el Programa Progresar.<\/p>\n\n\n\n<p>La reducci\u00f3n del impuesto a las ganancias para las y los trabajadores del sistema privado registrado, har\u00e1 que cerca de 1.270.000 de trabajadores y jubilados dejen de pagar este impuesto con retroactividad a enero. La devoluci\u00f3n de los importes retenidos se har\u00e1 en 5 cuotas a partir del mes de julio. Esto equivale a un esfuerzo fiscal de m\u00e1s de $40.000 millones.<\/p>\n\n\n\n<p>El paquete de medidas que se han ido anunciando para morigerar el impacto de la segunda ola de COVID supone un gasto, por encima de lo establecido en el Presupuesto 2021, superior a los $480.000 millones (1.3% del PIB).<\/p>\n\n\n\n<p>Este incremento del gasto ser\u00e1 financiado a trav\u00e9s de los mayores ingresos explicado por el Aporte Extraordinario de las Grandes Fortunas y el aumento de la recaudaci\u00f3n.<\/p>\n\n\n\n<p><\/p>\n","protected":false},"excerpt":{"rendered":"<p>El presidente Alberto Fern\u00e1ndez anunci\u00f3 una cuarentena estricta de nueve d\u00edas, entre el s\u00e1bado 22 y hasta el domingo 30, en las zonas de \u201calto riesgo y alarma epidemiol\u00f3gico\u201d del&hellip;<\/p>\n","protected":false},"author":3,"featured_media":146872,"comment_status":"closed","ping_status":"open","sticky":false,"template":"","format":"standard","meta":{"_acf_changed":false,"footnotes":""},"categories":[10,8],"tags":[1984],"class_list":["post-146853","post","type-post","status-publish","format-standard","has-post-thumbnail","hentry","category-portada-2","category-politica","tag-alberto"],"acf":[],"yoast_head":"<!-- This site is optimized with the Yoast SEO plugin v27.5 - https:\/\/yoast.com\/product\/yoast-seo-wordpress\/ -->\n<title>El presidente decreta un confinamiento total y La Pampa adhiere - Diario Textual<\/title>\n<meta name=\"robots\" content=\"index, follow, max-snippet:-1, max-image-preview:large, max-video-preview:-1\" \/>\n<link rel=\"canonical\" href=\"https:\/\/diariotextual.com\/inicio\/index.php\/2021\/05\/20\/fernandez-anuncio-un-confinamiento-estricto-en-casi-todo-el-pais-hasta-el-domingo-30\/\" \/>\n<meta property=\"og:locale\" content=\"es_ES\" \/>\n<meta property=\"og:type\" content=\"article\" \/>\n<meta property=\"og:title\" content=\"El presidente decreta un confinamiento total y La Pampa adhiere - Diario Textual\" \/>\n<meta property=\"og:description\" content=\"El presidente Alberto Fern\u00e1ndez anunci\u00f3 una cuarentena estricta de nueve d\u00edas, entre el s\u00e1bado 22 y hasta el domingo 30, en las zonas de \u201calto riesgo y alarma epidemiol\u00f3gico\u201d del&hellip;\" \/>\n<meta property=\"og:url\" content=\"https:\/\/diariotextual.com\/inicio\/index.php\/2021\/05\/20\/fernandez-anuncio-un-confinamiento-estricto-en-casi-todo-el-pais-hasta-el-domingo-30\/\" \/>\n<meta property=\"og:site_name\" content=\"Diario Textual\" \/>\n<meta property=\"article:publisher\" content=\"https:\/\/www.facebook.com\/eltextual\" \/>\n<meta property=\"article:published_time\" content=\"2021-05-20T23:50:05+00:00\" \/>\n<meta property=\"article:modified_time\" content=\"2021-05-21T11:13:23+00:00\" \/>\n<meta property=\"og:image\" content=\"https:\/\/diariotextual.com\/inicio\/wp-content\/uploads\/2021\/05\/fernandezalberto2021-7001.jpg\" \/>\n\t<meta property=\"og:image:width\" content=\"1280\" \/>\n\t<meta property=\"og:image:height\" content=\"853\" \/>\n\t<meta property=\"og:image:type\" content=\"image\/jpeg\" \/>\n<meta name=\"author\" content=\"Diario1 Diario1\" \/>\n<meta name=\"twitter:card\" content=\"summary_large_image\" \/>\n<meta name=\"twitter:creator\" content=\"@eltextual\" \/>\n<meta name=\"twitter:site\" content=\"@eltextual\" \/>\n<meta name=\"twitter:label1\" content=\"Escrito por\" \/>\n\t<meta name=\"twitter:data1\" content=\"Diario1 Diario1\" \/>\n\t<meta name=\"twitter:label2\" content=\"Tiempo de lectura\" \/>\n\t<meta name=\"twitter:data2\" content=\"5 minutos\" \/>\n<script type=\"application\/ld+json\" class=\"yoast-schema-graph\">{\"@context\":\"https:\\\/\\\/schema.org\",\"@graph\":[{\"@type\":\"Article\",\"@id\":\"https:\\\/\\\/diariotextual.com\\\/inicio\\\/index.php\\\/2021\\\/05\\\/20\\\/fernandez-anuncio-un-confinamiento-estricto-en-casi-todo-el-pais-hasta-el-domingo-30\\\/#article\",\"isPartOf\":{\"@id\":\"https:\\\/\\\/diariotextual.com\\\/inicio\\\/index.php\\\/2021\\\/05\\\/20\\\/fernandez-anuncio-un-confinamiento-estricto-en-casi-todo-el-pais-hasta-el-domingo-30\\\/\"},\"author\":{\"name\":\"Diario1 Diario1\",\"@id\":\"https:\\\/\\\/diariotextual.com\\\/inicio\\\/#\\\/schema\\\/person\\\/418fc4093c33e86ed41562db3508f958\"},\"headline\":\"El presidente decreta un confinamiento total y La Pampa adhiere\",\"datePublished\":\"2021-05-20T23:50:05+00:00\",\"dateModified\":\"2021-05-21T11:13:23+00:00\",\"mainEntityOfPage\":{\"@id\":\"https:\\\/\\\/diariotextual.com\\\/inicio\\\/index.php\\\/2021\\\/05\\\/20\\\/fernandez-anuncio-un-confinamiento-estricto-en-casi-todo-el-pais-hasta-el-domingo-30\\\/\"},\"wordCount\":973,\"publisher\":{\"@id\":\"https:\\\/\\\/diariotextual.com\\\/inicio\\\/#organization\"},\"image\":{\"@id\":\"https:\\\/\\\/diariotextual.com\\\/inicio\\\/index.php\\\/2021\\\/05\\\/20\\\/fernandez-anuncio-un-confinamiento-estricto-en-casi-todo-el-pais-hasta-el-domingo-30\\\/#primaryimage\"},\"thumbnailUrl\":\"https:\\\/\\\/diariotextual.com\\\/inicio\\\/wp-content\\\/uploads\\\/2021\\\/05\\\/fernandezalberto2021-7001.jpg\",\"keywords\":[\"alberto\"],\"articleSection\":[\"A - PORTADA2\",\"POLITICA\"],\"inLanguage\":\"es\"},{\"@type\":\"WebPage\",\"@id\":\"https:\\\/\\\/diariotextual.com\\\/inicio\\\/index.php\\\/2021\\\/05\\\/20\\\/fernandez-anuncio-un-confinamiento-estricto-en-casi-todo-el-pais-hasta-el-domingo-30\\\/\",\"url\":\"https:\\\/\\\/diariotextual.com\\\/inicio\\\/index.php\\\/2021\\\/05\\\/20\\\/fernandez-anuncio-un-confinamiento-estricto-en-casi-todo-el-pais-hasta-el-domingo-30\\\/\",\"name\":\"El presidente decreta un confinamiento total y La Pampa adhiere - Diario Textual\",\"isPartOf\":{\"@id\":\"https:\\\/\\\/diariotextual.com\\\/inicio\\\/#website\"},\"primaryImageOfPage\":{\"@id\":\"https:\\\/\\\/diariotextual.com\\\/inicio\\\/index.php\\\/2021\\\/05\\\/20\\\/fernandez-anuncio-un-confinamiento-estricto-en-casi-todo-el-pais-hasta-el-domingo-30\\\/#primaryimage\"},\"image\":{\"@id\":\"https:\\\/\\\/diariotextual.com\\\/inicio\\\/index.php\\\/2021\\\/05\\\/20\\\/fernandez-anuncio-un-confinamiento-estricto-en-casi-todo-el-pais-hasta-el-domingo-30\\\/#primaryimage\"},\"thumbnailUrl\":\"https:\\\/\\\/diariotextual.com\\\/inicio\\\/wp-content\\\/uploads\\\/2021\\\/05\\\/fernandezalberto2021-7001.jpg\",\"datePublished\":\"2021-05-20T23:50:05+00:00\",\"dateModified\":\"2021-05-21T11:13:23+00:00\",\"breadcrumb\":{\"@id\":\"https:\\\/\\\/diariotextual.com\\\/inicio\\\/index.php\\\/2021\\\/05\\\/20\\\/fernandez-anuncio-un-confinamiento-estricto-en-casi-todo-el-pais-hasta-el-domingo-30\\\/#breadcrumb\"},\"inLanguage\":\"es\",\"potentialAction\":[{\"@type\":\"ReadAction\",\"target\":[\"https:\\\/\\\/diariotextual.com\\\/inicio\\\/index.php\\\/2021\\\/05\\\/20\\\/fernandez-anuncio-un-confinamiento-estricto-en-casi-todo-el-pais-hasta-el-domingo-30\\\/\"]}]},{\"@type\":\"ImageObject\",\"inLanguage\":\"es\",\"@id\":\"https:\\\/\\\/diariotextual.com\\\/inicio\\\/index.php\\\/2021\\\/05\\\/20\\\/fernandez-anuncio-un-confinamiento-estricto-en-casi-todo-el-pais-hasta-el-domingo-30\\\/#primaryimage\",\"url\":\"https:\\\/\\\/diariotextual.com\\\/inicio\\\/wp-content\\\/uploads\\\/2021\\\/05\\\/fernandezalberto2021-7001.jpg\",\"contentUrl\":\"https:\\\/\\\/diariotextual.com\\\/inicio\\\/wp-content\\\/uploads\\\/2021\\\/05\\\/fernandezalberto2021-7001.jpg\",\"width\":1280,\"height\":853,\"caption\":\"Telam, Buenos Aires, 20 de mayo de 2021: El presidente Alberto Fern\u00e1ndez anunci\u00f3 medidas de asistencia econ\u00f3micas y sociales para reducir el impacto de la segunda ola de la pandemia, ayuda que ya lleva una inversi\u00f3n del Estado de 480 mil millones de pesos. Foto: Presidencia de la Naci\u00f3n\\\/mcl\\\/Telam\"},{\"@type\":\"BreadcrumbList\",\"@id\":\"https:\\\/\\\/diariotextual.com\\\/inicio\\\/index.php\\\/2021\\\/05\\\/20\\\/fernandez-anuncio-un-confinamiento-estricto-en-casi-todo-el-pais-hasta-el-domingo-30\\\/#breadcrumb\",\"itemListElement\":[{\"@type\":\"ListItem\",\"position\":1,\"name\":\"Portada\",\"item\":\"https:\\\/\\\/diariotextual.com\\\/inicio\\\/\"},{\"@type\":\"ListItem\",\"position\":2,\"name\":\"El presidente decreta un confinamiento total y La Pampa adhiere\"}]},{\"@type\":\"WebSite\",\"@id\":\"https:\\\/\\\/diariotextual.com\\\/inicio\\\/#website\",\"url\":\"https:\\\/\\\/diariotextual.com\\\/inicio\\\/\",\"name\":\"Diario Textual\",\"description\":\"\",\"publisher\":{\"@id\":\"https:\\\/\\\/diariotextual.com\\\/inicio\\\/#organization\"},\"potentialAction\":[{\"@type\":\"SearchAction\",\"target\":{\"@type\":\"EntryPoint\",\"urlTemplate\":\"https:\\\/\\\/diariotextual.com\\\/inicio\\\/?s={search_term_string}\"},\"query-input\":{\"@type\":\"PropertyValueSpecification\",\"valueRequired\":true,\"valueName\":\"search_term_string\"}}],\"inLanguage\":\"es\"},{\"@type\":\"Organization\",\"@id\":\"https:\\\/\\\/diariotextual.com\\\/inicio\\\/#organization\",\"name\":\"Diario Textual\",\"url\":\"https:\\\/\\\/diariotextual.com\\\/inicio\\\/\",\"logo\":{\"@type\":\"ImageObject\",\"inLanguage\":\"es\",\"@id\":\"https:\\\/\\\/diariotextual.com\\\/inicio\\\/#\\\/schema\\\/logo\\\/image\\\/\",\"url\":\"https:\\\/\\\/diariotextual.com\\\/inicio\\\/wp-content\\\/uploads\\\/2023\\\/05\\\/logotextual1.jpg\",\"contentUrl\":\"https:\\\/\\\/diariotextual.com\\\/inicio\\\/wp-content\\\/uploads\\\/2023\\\/05\\\/logotextual1.jpg\",\"width\":516,\"height\":76,\"caption\":\"Diario Textual\"},\"image\":{\"@id\":\"https:\\\/\\\/diariotextual.com\\\/inicio\\\/#\\\/schema\\\/logo\\\/image\\\/\"},\"sameAs\":[\"https:\\\/\\\/www.facebook.com\\\/eltextual\",\"https:\\\/\\\/x.com\\\/eltextual\",\"http:\\\/\\\/www.instagram.com\\\/eltextual\"]},{\"@type\":\"Person\",\"@id\":\"https:\\\/\\\/diariotextual.com\\\/inicio\\\/#\\\/schema\\\/person\\\/418fc4093c33e86ed41562db3508f958\",\"name\":\"Diario1 Diario1\",\"image\":{\"@type\":\"ImageObject\",\"inLanguage\":\"es\",\"@id\":\"https:\\\/\\\/secure.gravatar.com\\\/avatar\\\/9167d280179c85bc18be67aa7eda765854300033af4896dd779b608640f2ef7a?s=96&d=mm&r=g\",\"url\":\"https:\\\/\\\/secure.gravatar.com\\\/avatar\\\/9167d280179c85bc18be67aa7eda765854300033af4896dd779b608640f2ef7a?s=96&d=mm&r=g\",\"contentUrl\":\"https:\\\/\\\/secure.gravatar.com\\\/avatar\\\/9167d280179c85bc18be67aa7eda765854300033af4896dd779b608640f2ef7a?s=96&d=mm&r=g\",\"caption\":\"Diario1 Diario1\"},\"url\":\"https:\\\/\\\/diariotextual.com\\\/inicio\\\/index.php\\\/author\\\/diario1\\\/\"}]}<\/script>\n<!-- \/ Yoast SEO plugin. -->","yoast_head_json":{"title":"El presidente decreta un confinamiento total y La Pampa adhiere - Diario Textual","robots":{"index":"index","follow":"follow","max-snippet":"max-snippet:-1","max-image-preview":"max-image-preview:large","max-video-preview":"max-video-preview:-1"},"canonical":"https:\/\/diariotextual.com\/inicio\/index.php\/2021\/05\/20\/fernandez-anuncio-un-confinamiento-estricto-en-casi-todo-el-pais-hasta-el-domingo-30\/","og_locale":"es_ES","og_type":"article","og_title":"El presidente decreta un confinamiento total y La Pampa adhiere - Diario Textual","og_description":"El presidente Alberto Fern\u00e1ndez anunci\u00f3 una cuarentena estricta de nueve d\u00edas, entre el s\u00e1bado 22 y hasta el domingo 30, en las zonas de \u201calto riesgo y alarma epidemiol\u00f3gico\u201d del&hellip;","og_url":"https:\/\/diariotextual.com\/inicio\/index.php\/2021\/05\/20\/fernandez-anuncio-un-confinamiento-estricto-en-casi-todo-el-pais-hasta-el-domingo-30\/","og_site_name":"Diario Textual","article_publisher":"https:\/\/www.facebook.com\/eltextual","article_published_time":"2021-05-20T23:50:05+00:00","article_modified_time":"2021-05-21T11:13:23+00:00","og_image":[{"width":1280,"height":853,"url":"https:\/\/diariotextual.com\/inicio\/wp-content\/uploads\/2021\/05\/fernandezalberto2021-7001.jpg","type":"image\/jpeg"}],"author":"Diario1 Diario1","twitter_card":"summary_large_image","twitter_creator":"@eltextual","twitter_site":"@eltextual","twitter_misc":{"Escrito por":"Diario1 Diario1","Tiempo de lectura":"5 minutos"},"schema":{"@context":"https:\/\/schema.org","@graph":[{"@type":"Article","@id":"https:\/\/diariotextual.com\/inicio\/index.php\/2021\/05\/20\/fernandez-anuncio-un-confinamiento-estricto-en-casi-todo-el-pais-hasta-el-domingo-30\/#article","isPartOf":{"@id":"https:\/\/diariotextual.com\/inicio\/index.php\/2021\/05\/20\/fernandez-anuncio-un-confinamiento-estricto-en-casi-todo-el-pais-hasta-el-domingo-30\/"},"author":{"name":"Diario1 Diario1","@id":"https:\/\/diariotextual.com\/inicio\/#\/schema\/person\/418fc4093c33e86ed41562db3508f958"},"headline":"El presidente decreta un confinamiento total y La Pampa adhiere","datePublished":"2021-05-20T23:50:05+00:00","dateModified":"2021-05-21T11:13:23+00:00","mainEntityOfPage":{"@id":"https:\/\/diariotextual.com\/inicio\/index.php\/2021\/05\/20\/fernandez-anuncio-un-confinamiento-estricto-en-casi-todo-el-pais-hasta-el-domingo-30\/"},"wordCount":973,"publisher":{"@id":"https:\/\/diariotextual.com\/inicio\/#organization"},"image":{"@id":"https:\/\/diariotextual.com\/inicio\/index.php\/2021\/05\/20\/fernandez-anuncio-un-confinamiento-estricto-en-casi-todo-el-pais-hasta-el-domingo-30\/#primaryimage"},"thumbnailUrl":"https:\/\/diariotextual.com\/inicio\/wp-content\/uploads\/2021\/05\/fernandezalberto2021-7001.jpg","keywords":["alberto"],"articleSection":["A - PORTADA2","POLITICA"],"inLanguage":"es"},{"@type":"WebPage","@id":"https:\/\/diariotextual.com\/inicio\/index.php\/2021\/05\/20\/fernandez-anuncio-un-confinamiento-estricto-en-casi-todo-el-pais-hasta-el-domingo-30\/","url":"https:\/\/diariotextual.com\/inicio\/index.php\/2021\/05\/20\/fernandez-anuncio-un-confinamiento-estricto-en-casi-todo-el-pais-hasta-el-domingo-30\/","name":"El presidente decreta un confinamiento total y La Pampa adhiere - Diario Textual","isPartOf":{"@id":"https:\/\/diariotextual.com\/inicio\/#website"},"primaryImageOfPage":{"@id":"https:\/\/diariotextual.com\/inicio\/index.php\/2021\/05\/20\/fernandez-anuncio-un-confinamiento-estricto-en-casi-todo-el-pais-hasta-el-domingo-30\/#primaryimage"},"image":{"@id":"https:\/\/diariotextual.com\/inicio\/index.php\/2021\/05\/20\/fernandez-anuncio-un-confinamiento-estricto-en-casi-todo-el-pais-hasta-el-domingo-30\/#primaryimage"},"thumbnailUrl":"https:\/\/diariotextual.com\/inicio\/wp-content\/uploads\/2021\/05\/fernandezalberto2021-7001.jpg","datePublished":"2021-05-20T23:50:05+00:00","dateModified":"2021-05-21T11:13:23+00:00","breadcrumb":{"@id":"https:\/\/diariotextual.com\/inicio\/index.php\/2021\/05\/20\/fernandez-anuncio-un-confinamiento-estricto-en-casi-todo-el-pais-hasta-el-domingo-30\/#breadcrumb"},"inLanguage":"es","potentialAction":[{"@type":"ReadAction","target":["https:\/\/diariotextual.com\/inicio\/index.php\/2021\/05\/20\/fernandez-anuncio-un-confinamiento-estricto-en-casi-todo-el-pais-hasta-el-domingo-30\/"]}]},{"@type":"ImageObject","inLanguage":"es","@id":"https:\/\/diariotextual.com\/inicio\/index.php\/2021\/05\/20\/fernandez-anuncio-un-confinamiento-estricto-en-casi-todo-el-pais-hasta-el-domingo-30\/#primaryimage","url":"https:\/\/diariotextual.com\/inicio\/wp-content\/uploads\/2021\/05\/fernandezalberto2021-7001.jpg","contentUrl":"https:\/\/diariotextual.com\/inicio\/wp-content\/uploads\/2021\/05\/fernandezalberto2021-7001.jpg","width":1280,"height":853,"caption":"Telam, Buenos Aires, 20 de mayo de 2021: El presidente Alberto Fern\u00e1ndez anunci\u00f3 medidas de asistencia econ\u00f3micas y sociales para reducir el impacto de la segunda ola de la pandemia, ayuda que ya lleva una inversi\u00f3n del Estado de 480 mil millones de pesos. Foto: Presidencia de la Naci\u00f3n\/mcl\/Telam"},{"@type":"BreadcrumbList","@id":"https:\/\/diariotextual.com\/inicio\/index.php\/2021\/05\/20\/fernandez-anuncio-un-confinamiento-estricto-en-casi-todo-el-pais-hasta-el-domingo-30\/#breadcrumb","itemListElement":[{"@type":"ListItem","position":1,"name":"Portada","item":"https:\/\/diariotextual.com\/inicio\/"},{"@type":"ListItem","position":2,"name":"El presidente decreta un confinamiento total y La Pampa adhiere"}]},{"@type":"WebSite","@id":"https:\/\/diariotextual.com\/inicio\/#website","url":"https:\/\/diariotextual.com\/inicio\/","name":"Diario Textual","description":"","publisher":{"@id":"https:\/\/diariotextual.com\/inicio\/#organization"},"potentialAction":[{"@type":"SearchAction","target":{"@type":"EntryPoint","urlTemplate":"https:\/\/diariotextual.com\/inicio\/?s={search_term_string}"},"query-input":{"@type":"PropertyValueSpecification","valueRequired":true,"valueName":"search_term_string"}}],"inLanguage":"es"},{"@type":"Organization","@id":"https:\/\/diariotextual.com\/inicio\/#organization","name":"Diario Textual","url":"https:\/\/diariotextual.com\/inicio\/","logo":{"@type":"ImageObject","inLanguage":"es","@id":"https:\/\/diariotextual.com\/inicio\/#\/schema\/logo\/image\/","url":"https:\/\/diariotextual.com\/inicio\/wp-content\/uploads\/2023\/05\/logotextual1.jpg","contentUrl":"https:\/\/diariotextual.com\/inicio\/wp-content\/uploads\/2023\/05\/logotextual1.jpg","width":516,"height":76,"caption":"Diario Textual"},"image":{"@id":"https:\/\/diariotextual.com\/inicio\/#\/schema\/logo\/image\/"},"sameAs":["https:\/\/www.facebook.com\/eltextual","https:\/\/x.com\/eltextual","http:\/\/www.instagram.com\/eltextual"]},{"@type":"Person","@id":"https:\/\/diariotextual.com\/inicio\/#\/schema\/person\/418fc4093c33e86ed41562db3508f958","name":"Diario1 Diario1","image":{"@type":"ImageObject","inLanguage":"es","@id":"https:\/\/secure.gravatar.com\/avatar\/9167d280179c85bc18be67aa7eda765854300033af4896dd779b608640f2ef7a?s=96&d=mm&r=g","url":"https:\/\/secure.gravatar.com\/avatar\/9167d280179c85bc18be67aa7eda765854300033af4896dd779b608640f2ef7a?s=96&d=mm&r=g","contentUrl":"https:\/\/secure.gravatar.com\/avatar\/9167d280179c85bc18be67aa7eda765854300033af4896dd779b608640f2ef7a?s=96&d=mm&r=g","caption":"Diario1 Diario1"},"url":"https:\/\/diariotextual.com\/inicio\/index.php\/author\/diario1\/"}]}},"_links":{"self":[{"href":"https:\/\/diariotextual.com\/inicio\/index.php\/wp-json\/wp\/v2\/posts\/146853","targetHints":{"allow":["GET"]}}],"collection":[{"href":"https:\/\/diariotextual.com\/inicio\/index.php\/wp-json\/wp\/v2\/posts"}],"about":[{"href":"https:\/\/diariotextual.com\/inicio\/index.php\/wp-json\/wp\/v2\/types\/post"}],"author":[{"embeddable":true,"href":"https:\/\/diariotextual.com\/inicio\/index.php\/wp-json\/wp\/v2\/users\/3"}],"replies":[{"embeddable":true,"href":"https:\/\/diariotextual.com\/inicio\/index.php\/wp-json\/wp\/v2\/comments?post=146853"}],"version-history":[{"count":12,"href":"https:\/\/diariotextual.com\/inicio\/index.php\/wp-json\/wp\/v2\/posts\/146853\/revisions"}],"predecessor-version":[{"id":146879,"href":"https:\/\/diariotextual.com\/inicio\/index.php\/wp-json\/wp\/v2\/posts\/146853\/revisions\/146879"}],"wp:featuredmedia":[{"embeddable":true,"href":"https:\/\/diariotextual.com\/inicio\/index.php\/wp-json\/wp\/v2\/media\/146872"}],"wp:attachment":[{"href":"https:\/\/diariotextual.com\/inicio\/index.php\/wp-json\/wp\/v2\/media?parent=146853"}],"wp:term":[{"taxonomy":"category","embeddable":true,"href":"https:\/\/diariotextual.com\/inicio\/index.php\/wp-json\/wp\/v2\/categories?post=146853"},{"taxonomy":"post_tag","embeddable":true,"href":"https:\/\/diariotextual.com\/inicio\/index.php\/wp-json\/wp\/v2\/tags?post=146853"}],"curies":[{"name":"wp","href":"https:\/\/api.w.org\/{rel}","templated":true}]}}