{"id":146875,"date":"2021-05-20T22:57:36","date_gmt":"2021-05-21T01:57:36","guid":{"rendered":"https:\/\/diariotextual.com\/inicio\/?p=146875"},"modified":"2021-05-21T09:07:41","modified_gmt":"2021-05-21T12:07:41","slug":"volvemos-a-fase-1-estas-son-las-medidas-anunciadas-por-alberto-fernandez","status":"publish","type":"post","link":"https:\/\/diariotextual.com\/inicio\/index.php\/2021\/05\/20\/volvemos-a-fase-1-estas-son-las-medidas-anunciadas-por-alberto-fernandez\/","title":{"rendered":"Volvemos a Fase 1: estas son las medidas anunciadas por Alberto Fern\u00e1ndez"},"content":{"rendered":"\n<p>Con el objetivo de frenar la escalada de contagios de coronavirus, y tras lograr el apoyo de los gobernadores,&nbsp;el presidente&nbsp;<strong>Alberto Fern\u00e1ndez&nbsp;<\/strong>anunci\u00f3<a href=\"https:\/\/diariotextual.com\/inicio\/index.php\/2021\/05\/20\/fernandez-anuncio-un-confinamiento-estricto-en-casi-todo-el-pais-hasta-el-domingo-30\/\" target=\"_blank\" rel=\"noreferrer noopener\">&nbsp;<strong>un esquema mucho m\u00e1s duro de restricciones intensivas y temporarias&nbsp;<\/strong><\/a>para las zonas del pa\u00eds que se encuentran en alto riesgo o alarma epidemiol\u00f3gica.<\/p>\n\n\n\n<p>Las medidas regir\u00e1n desde este s\u00e1bado a las 0 horas hasta el domingo 30 de mayo inclusive.<\/p>\n\n\n\n<p><strong>El confinamiento alcanza a los departamentos Capital y Marac\u00f3, considerados en alto riesgo epidemiol\u00f3gico. Pero Sergio Ziliotto adherir\u00e1 con esta medida para toda La Pampa, una de las provincias con peores indicadores de toda la Argentina en las \u00faltimas semanas.<\/strong>&nbsp;<\/p>\n\n\n\n<p>Son nueve d\u00edas y solo involucra tres d\u00edas h\u00e1biles.  Las medidas son las siguientes:<\/p>\n\n\n\n<p><strong>-Quedar\u00e1n suspendidas&nbsp;<\/strong><strong>las actividades sociales, econ\u00f3micas, educativas, religiosas y deportivas en forma presencial.<\/strong><\/p>\n\n\n\n<p><strong>-Estar\u00e1n habilitados&nbsp;los comercios esenciales, los comercios con env\u00edo a domicilio y para llevar.<\/strong><\/p>\n\n\n\n<p><strong>&#8211; Solo se podr\u00e1 circular en las cercan\u00edas del domicilio, entre las 6 de la ma\u00f1ana y las 18 horas, o por razones especialmente autorizadas.<\/strong><\/p>\n\n\n\n<p>Despu\u00e9s sigue el siguiente cronograma:<\/p>\n\n\n\n<p>-Terminados estos 9 d\u00edas, desde el 31 de mayo hasta el 11 de junio inclusive, se retomar\u00e1n las actividades en el marco de las medidas vigentes hasta el d\u00eda de hoy.<\/p>\n\n\n\n<p>-Se implementar\u00e1n las restricciones que correspondan a cada zona seg\u00fan los indicadores epidemiol\u00f3gicos y sanitarios. Firme decisi\u00f3n de hacerlas cumplir estrictamente.<\/p>\n\n\n\n<p>-En ese lapso, con el objetivo de bajar a\u00fan m\u00e1s los contagios, se dispondr\u00e1 que&nbsp;el fin de semana correspondiente al 5 y 6 de junio se vuelvan a restringir las actividades en las zonas m\u00e1s cr\u00edticas.<\/p>\n","protected":false},"excerpt":{"rendered":"<p>Con el objetivo de frenar la escalada de contagios de coronavirus, y tras lograr el apoyo de los gobernadores,&nbsp;el presidente&nbsp;Alberto Fern\u00e1ndez&nbsp;anunci\u00f3&nbsp;un esquema mucho m\u00e1s duro de restricciones intensivas y temporarias&nbsp;para&hellip;<\/p>\n","protected":false},"author":3,"featured_media":85848,"comment_status":"closed","ping_status":"open","sticky":false,"template":"","format":"standard","meta":{"_acf_changed":false,"footnotes":""},"categories":[10,12],"tags":[1283,3877],"class_list":["post-146875","post","type-post","status-publish","format-standard","has-post-thumbnail","hentry","category-portada-2","category-sociedad","tag-1283","tag-fase"],"acf":[],"yoast_head":"<!-- This site is optimized with the Yoast SEO plugin v27.5 - https:\/\/yoast.com\/product\/yoast-seo-wordpress\/ -->\n<title>Volvemos a Fase 1: estas son las medidas anunciadas por Alberto Fern\u00e1ndez - Diario Textual<\/title>\n<meta name=\"robots\" content=\"index, follow, max-snippet:-1, max-image-preview:large, max-video-preview:-1\" \/>\n<link rel=\"canonical\" href=\"https:\/\/diariotextual.com\/inicio\/index.php\/2021\/05\/20\/volvemos-a-fase-1-estas-son-las-medidas-anunciadas-por-alberto-fernandez\/\" \/>\n<meta property=\"og:locale\" content=\"es_ES\" \/>\n<meta property=\"og:type\" content=\"article\" \/>\n<meta property=\"og:title\" content=\"Volvemos a Fase 1: estas son las medidas anunciadas por Alberto Fern\u00e1ndez - Diario Textual\" \/>\n<meta property=\"og:description\" content=\"Con el objetivo de frenar la escalada de contagios de coronavirus, y tras lograr el apoyo de los gobernadores,&nbsp;el presidente&nbsp;Alberto Fern\u00e1ndez&nbsp;anunci\u00f3&nbsp;un esquema mucho m\u00e1s duro de restricciones intensivas y temporarias&nbsp;para&hellip;\" \/>\n<meta property=\"og:url\" content=\"https:\/\/diariotextual.com\/inicio\/index.php\/2021\/05\/20\/volvemos-a-fase-1-estas-son-las-medidas-anunciadas-por-alberto-fernandez\/\" \/>\n<meta property=\"og:site_name\" content=\"Diario Textual\" \/>\n<meta property=\"article:publisher\" content=\"https:\/\/www.facebook.com\/eltextual\" \/>\n<meta property=\"article:published_time\" content=\"2021-05-21T01:57:36+00:00\" \/>\n<meta property=\"article:modified_time\" content=\"2021-05-21T12:07:41+00:00\" \/>\n<meta property=\"og:image\" content=\"https:\/\/diariotextual.com\/inicio\/wp-content\/uploads\/2020\/03\/coronaviruscuarentenapolicia2020-1.jpg\" \/>\n\t<meta property=\"og:image:width\" content=\"1000\" \/>\n\t<meta property=\"og:image:height\" content=\"667\" \/>\n\t<meta property=\"og:image:type\" content=\"image\/jpeg\" \/>\n<meta name=\"author\" content=\"Diario1 Diario1\" \/>\n<meta name=\"twitter:card\" content=\"summary_large_image\" \/>\n<meta name=\"twitter:creator\" content=\"@eltextual\" \/>\n<meta name=\"twitter:site\" content=\"@eltextual\" \/>\n<meta name=\"twitter:label1\" content=\"Escrito por\" \/>\n\t<meta name=\"twitter:data1\" content=\"Diario1 Diario1\" \/>\n\t<meta name=\"twitter:label2\" content=\"Tiempo de lectura\" \/>\n\t<meta name=\"twitter:data2\" content=\"2 minutos\" \/>\n<script type=\"application\/ld+json\" class=\"yoast-schema-graph\">{\"@context\":\"https:\\\/\\\/schema.org\",\"@graph\":[{\"@type\":\"Article\",\"@id\":\"https:\\\/\\\/diariotextual.com\\\/inicio\\\/index.php\\\/2021\\\/05\\\/20\\\/volvemos-a-fase-1-estas-son-las-medidas-anunciadas-por-alberto-fernandez\\\/#article\",\"isPartOf\":{\"@id\":\"https:\\\/\\\/diariotextual.com\\\/inicio\\\/index.php\\\/2021\\\/05\\\/20\\\/volvemos-a-fase-1-estas-son-las-medidas-anunciadas-por-alberto-fernandez\\\/\"},\"author\":{\"name\":\"Diario1 Diario1\",\"@id\":\"https:\\\/\\\/diariotextual.com\\\/inicio\\\/#\\\/schema\\\/person\\\/418fc4093c33e86ed41562db3508f958\"},\"headline\":\"Volvemos a Fase 1: estas son las medidas anunciadas por Alberto Fern\u00e1ndez\",\"datePublished\":\"2021-05-21T01:57:36+00:00\",\"dateModified\":\"2021-05-21T12:07:41+00:00\",\"mainEntityOfPage\":{\"@id\":\"https:\\\/\\\/diariotextual.com\\\/inicio\\\/index.php\\\/2021\\\/05\\\/20\\\/volvemos-a-fase-1-estas-son-las-medidas-anunciadas-por-alberto-fernandez\\\/\"},\"wordCount\":305,\"publisher\":{\"@id\":\"https:\\\/\\\/diariotextual.com\\\/inicio\\\/#organization\"},\"image\":{\"@id\":\"https:\\\/\\\/diariotextual.com\\\/inicio\\\/index.php\\\/2021\\\/05\\\/20\\\/volvemos-a-fase-1-estas-son-las-medidas-anunciadas-por-alberto-fernandez\\\/#primaryimage\"},\"thumbnailUrl\":\"https:\\\/\\\/diariotextual.com\\\/inicio\\\/wp-content\\\/uploads\\\/2020\\\/03\\\/coronaviruscuarentenapolicia2020-1.jpg\",\"keywords\":[\"1\",\"fase\"],\"articleSection\":[\"A - PORTADA2\",\"SOCIEDAD\"],\"inLanguage\":\"es\"},{\"@type\":\"WebPage\",\"@id\":\"https:\\\/\\\/diariotextual.com\\\/inicio\\\/index.php\\\/2021\\\/05\\\/20\\\/volvemos-a-fase-1-estas-son-las-medidas-anunciadas-por-alberto-fernandez\\\/\",\"url\":\"https:\\\/\\\/diariotextual.com\\\/inicio\\\/index.php\\\/2021\\\/05\\\/20\\\/volvemos-a-fase-1-estas-son-las-medidas-anunciadas-por-alberto-fernandez\\\/\",\"name\":\"Volvemos a Fase 1: estas son las medidas anunciadas por Alberto Fern\u00e1ndez - Diario Textual\",\"isPartOf\":{\"@id\":\"https:\\\/\\\/diariotextual.com\\\/inicio\\\/#website\"},\"primaryImageOfPage\":{\"@id\":\"https:\\\/\\\/diariotextual.com\\\/inicio\\\/index.php\\\/2021\\\/05\\\/20\\\/volvemos-a-fase-1-estas-son-las-medidas-anunciadas-por-alberto-fernandez\\\/#primaryimage\"},\"image\":{\"@id\":\"https:\\\/\\\/diariotextual.com\\\/inicio\\\/index.php\\\/2021\\\/05\\\/20\\\/volvemos-a-fase-1-estas-son-las-medidas-anunciadas-por-alberto-fernandez\\\/#primaryimage\"},\"thumbnailUrl\":\"https:\\\/\\\/diariotextual.com\\\/inicio\\\/wp-content\\\/uploads\\\/2020\\\/03\\\/coronaviruscuarentenapolicia2020-1.jpg\",\"datePublished\":\"2021-05-21T01:57:36+00:00\",\"dateModified\":\"2021-05-21T12:07:41+00:00\",\"breadcrumb\":{\"@id\":\"https:\\\/\\\/diariotextual.com\\\/inicio\\\/index.php\\\/2021\\\/05\\\/20\\\/volvemos-a-fase-1-estas-son-las-medidas-anunciadas-por-alberto-fernandez\\\/#breadcrumb\"},\"inLanguage\":\"es\",\"potentialAction\":[{\"@type\":\"ReadAction\",\"target\":[\"https:\\\/\\\/diariotextual.com\\\/inicio\\\/index.php\\\/2021\\\/05\\\/20\\\/volvemos-a-fase-1-estas-son-las-medidas-anunciadas-por-alberto-fernandez\\\/\"]}]},{\"@type\":\"ImageObject\",\"inLanguage\":\"es\",\"@id\":\"https:\\\/\\\/diariotextual.com\\\/inicio\\\/index.php\\\/2021\\\/05\\\/20\\\/volvemos-a-fase-1-estas-son-las-medidas-anunciadas-por-alberto-fernandez\\\/#primaryimage\",\"url\":\"https:\\\/\\\/diariotextual.com\\\/inicio\\\/wp-content\\\/uploads\\\/2020\\\/03\\\/coronaviruscuarentenapolicia2020-1.jpg\",\"contentUrl\":\"https:\\\/\\\/diariotextual.com\\\/inicio\\\/wp-content\\\/uploads\\\/2020\\\/03\\\/coronaviruscuarentenapolicia2020-1.jpg\",\"width\":1000,\"height\":667},{\"@type\":\"BreadcrumbList\",\"@id\":\"https:\\\/\\\/diariotextual.com\\\/inicio\\\/index.php\\\/2021\\\/05\\\/20\\\/volvemos-a-fase-1-estas-son-las-medidas-anunciadas-por-alberto-fernandez\\\/#breadcrumb\",\"itemListElement\":[{\"@type\":\"ListItem\",\"position\":1,\"name\":\"Portada\",\"item\":\"https:\\\/\\\/diariotextual.com\\\/inicio\\\/\"},{\"@type\":\"ListItem\",\"position\":2,\"name\":\"Volvemos a Fase 1: estas son las medidas anunciadas por Alberto Fern\u00e1ndez\"}]},{\"@type\":\"WebSite\",\"@id\":\"https:\\\/\\\/diariotextual.com\\\/inicio\\\/#website\",\"url\":\"https:\\\/\\\/diariotextual.com\\\/inicio\\\/\",\"name\":\"Diario Textual\",\"description\":\"\",\"publisher\":{\"@id\":\"https:\\\/\\\/diariotextual.com\\\/inicio\\\/#organization\"},\"potentialAction\":[{\"@type\":\"SearchAction\",\"target\":{\"@type\":\"EntryPoint\",\"urlTemplate\":\"https:\\\/\\\/diariotextual.com\\\/inicio\\\/?s={search_term_string}\"},\"query-input\":{\"@type\":\"PropertyValueSpecification\",\"valueRequired\":true,\"valueName\":\"search_term_string\"}}],\"inLanguage\":\"es\"},{\"@type\":\"Organization\",\"@id\":\"https:\\\/\\\/diariotextual.com\\\/inicio\\\/#organization\",\"name\":\"Diario Textual\",\"url\":\"https:\\\/\\\/diariotextual.com\\\/inicio\\\/\",\"logo\":{\"@type\":\"ImageObject\",\"inLanguage\":\"es\",\"@id\":\"https:\\\/\\\/diariotextual.com\\\/inicio\\\/#\\\/schema\\\/logo\\\/image\\\/\",\"url\":\"https:\\\/\\\/diariotextual.com\\\/inicio\\\/wp-content\\\/uploads\\\/2023\\\/05\\\/logotextual1.jpg\",\"contentUrl\":\"https:\\\/\\\/diariotextual.com\\\/inicio\\\/wp-content\\\/uploads\\\/2023\\\/05\\\/logotextual1.jpg\",\"width\":516,\"height\":76,\"caption\":\"Diario Textual\"},\"image\":{\"@id\":\"https:\\\/\\\/diariotextual.com\\\/inicio\\\/#\\\/schema\\\/logo\\\/image\\\/\"},\"sameAs\":[\"https:\\\/\\\/www.facebook.com\\\/eltextual\",\"https:\\\/\\\/x.com\\\/eltextual\",\"http:\\\/\\\/www.instagram.com\\\/eltextual\"]},{\"@type\":\"Person\",\"@id\":\"https:\\\/\\\/diariotextual.com\\\/inicio\\\/#\\\/schema\\\/person\\\/418fc4093c33e86ed41562db3508f958\",\"name\":\"Diario1 Diario1\",\"image\":{\"@type\":\"ImageObject\",\"inLanguage\":\"es\",\"@id\":\"https:\\\/\\\/secure.gravatar.com\\\/avatar\\\/9167d280179c85bc18be67aa7eda765854300033af4896dd779b608640f2ef7a?s=96&d=mm&r=g\",\"url\":\"https:\\\/\\\/secure.gravatar.com\\\/avatar\\\/9167d280179c85bc18be67aa7eda765854300033af4896dd779b608640f2ef7a?s=96&d=mm&r=g\",\"contentUrl\":\"https:\\\/\\\/secure.gravatar.com\\\/avatar\\\/9167d280179c85bc18be67aa7eda765854300033af4896dd779b608640f2ef7a?s=96&d=mm&r=g\",\"caption\":\"Diario1 Diario1\"},\"url\":\"https:\\\/\\\/diariotextual.com\\\/inicio\\\/index.php\\\/author\\\/diario1\\\/\"}]}<\/script>\n<!-- \/ Yoast SEO plugin. -->","yoast_head_json":{"title":"Volvemos a Fase 1: estas son las medidas anunciadas por Alberto Fern\u00e1ndez - Diario Textual","robots":{"index":"index","follow":"follow","max-snippet":"max-snippet:-1","max-image-preview":"max-image-preview:large","max-video-preview":"max-video-preview:-1"},"canonical":"https:\/\/diariotextual.com\/inicio\/index.php\/2021\/05\/20\/volvemos-a-fase-1-estas-son-las-medidas-anunciadas-por-alberto-fernandez\/","og_locale":"es_ES","og_type":"article","og_title":"Volvemos a Fase 1: estas son las medidas anunciadas por Alberto Fern\u00e1ndez - Diario Textual","og_description":"Con el objetivo de frenar la escalada de contagios de coronavirus, y tras lograr el apoyo de los gobernadores,&nbsp;el presidente&nbsp;Alberto Fern\u00e1ndez&nbsp;anunci\u00f3&nbsp;un esquema mucho m\u00e1s duro de restricciones intensivas y temporarias&nbsp;para&hellip;","og_url":"https:\/\/diariotextual.com\/inicio\/index.php\/2021\/05\/20\/volvemos-a-fase-1-estas-son-las-medidas-anunciadas-por-alberto-fernandez\/","og_site_name":"Diario Textual","article_publisher":"https:\/\/www.facebook.com\/eltextual","article_published_time":"2021-05-21T01:57:36+00:00","article_modified_time":"2021-05-21T12:07:41+00:00","og_image":[{"width":1000,"height":667,"url":"https:\/\/diariotextual.com\/inicio\/wp-content\/uploads\/2020\/03\/coronaviruscuarentenapolicia2020-1.jpg","type":"image\/jpeg"}],"author":"Diario1 Diario1","twitter_card":"summary_large_image","twitter_creator":"@eltextual","twitter_site":"@eltextual","twitter_misc":{"Escrito por":"Diario1 Diario1","Tiempo de lectura":"2 minutos"},"schema":{"@context":"https:\/\/schema.org","@graph":[{"@type":"Article","@id":"https:\/\/diariotextual.com\/inicio\/index.php\/2021\/05\/20\/volvemos-a-fase-1-estas-son-las-medidas-anunciadas-por-alberto-fernandez\/#article","isPartOf":{"@id":"https:\/\/diariotextual.com\/inicio\/index.php\/2021\/05\/20\/volvemos-a-fase-1-estas-son-las-medidas-anunciadas-por-alberto-fernandez\/"},"author":{"name":"Diario1 Diario1","@id":"https:\/\/diariotextual.com\/inicio\/#\/schema\/person\/418fc4093c33e86ed41562db3508f958"},"headline":"Volvemos a Fase 1: estas son las medidas anunciadas por Alberto Fern\u00e1ndez","datePublished":"2021-05-21T01:57:36+00:00","dateModified":"2021-05-21T12:07:41+00:00","mainEntityOfPage":{"@id":"https:\/\/diariotextual.com\/inicio\/index.php\/2021\/05\/20\/volvemos-a-fase-1-estas-son-las-medidas-anunciadas-por-alberto-fernandez\/"},"wordCount":305,"publisher":{"@id":"https:\/\/diariotextual.com\/inicio\/#organization"},"image":{"@id":"https:\/\/diariotextual.com\/inicio\/index.php\/2021\/05\/20\/volvemos-a-fase-1-estas-son-las-medidas-anunciadas-por-alberto-fernandez\/#primaryimage"},"thumbnailUrl":"https:\/\/diariotextual.com\/inicio\/wp-content\/uploads\/2020\/03\/coronaviruscuarentenapolicia2020-1.jpg","keywords":["1","fase"],"articleSection":["A - PORTADA2","SOCIEDAD"],"inLanguage":"es"},{"@type":"WebPage","@id":"https:\/\/diariotextual.com\/inicio\/index.php\/2021\/05\/20\/volvemos-a-fase-1-estas-son-las-medidas-anunciadas-por-alberto-fernandez\/","url":"https:\/\/diariotextual.com\/inicio\/index.php\/2021\/05\/20\/volvemos-a-fase-1-estas-son-las-medidas-anunciadas-por-alberto-fernandez\/","name":"Volvemos a Fase 1: estas son las medidas anunciadas por Alberto Fern\u00e1ndez - Diario Textual","isPartOf":{"@id":"https:\/\/diariotextual.com\/inicio\/#website"},"primaryImageOfPage":{"@id":"https:\/\/diariotextual.com\/inicio\/index.php\/2021\/05\/20\/volvemos-a-fase-1-estas-son-las-medidas-anunciadas-por-alberto-fernandez\/#primaryimage"},"image":{"@id":"https:\/\/diariotextual.com\/inicio\/index.php\/2021\/05\/20\/volvemos-a-fase-1-estas-son-las-medidas-anunciadas-por-alberto-fernandez\/#primaryimage"},"thumbnailUrl":"https:\/\/diariotextual.com\/inicio\/wp-content\/uploads\/2020\/03\/coronaviruscuarentenapolicia2020-1.jpg","datePublished":"2021-05-21T01:57:36+00:00","dateModified":"2021-05-21T12:07:41+00:00","breadcrumb":{"@id":"https:\/\/diariotextual.com\/inicio\/index.php\/2021\/05\/20\/volvemos-a-fase-1-estas-son-las-medidas-anunciadas-por-alberto-fernandez\/#breadcrumb"},"inLanguage":"es","potentialAction":[{"@type":"ReadAction","target":["https:\/\/diariotextual.com\/inicio\/index.php\/2021\/05\/20\/volvemos-a-fase-1-estas-son-las-medidas-anunciadas-por-alberto-fernandez\/"]}]},{"@type":"ImageObject","inLanguage":"es","@id":"https:\/\/diariotextual.com\/inicio\/index.php\/2021\/05\/20\/volvemos-a-fase-1-estas-son-las-medidas-anunciadas-por-alberto-fernandez\/#primaryimage","url":"https:\/\/diariotextual.com\/inicio\/wp-content\/uploads\/2020\/03\/coronaviruscuarentenapolicia2020-1.jpg","contentUrl":"https:\/\/diariotextual.com\/inicio\/wp-content\/uploads\/2020\/03\/coronaviruscuarentenapolicia2020-1.jpg","width":1000,"height":667},{"@type":"BreadcrumbList","@id":"https:\/\/diariotextual.com\/inicio\/index.php\/2021\/05\/20\/volvemos-a-fase-1-estas-son-las-medidas-anunciadas-por-alberto-fernandez\/#breadcrumb","itemListElement":[{"@type":"ListItem","position":1,"name":"Portada","item":"https:\/\/diariotextual.com\/inicio\/"},{"@type":"ListItem","position":2,"name":"Volvemos a Fase 1: estas son las medidas anunciadas por Alberto Fern\u00e1ndez"}]},{"@type":"WebSite","@id":"https:\/\/diariotextual.com\/inicio\/#website","url":"https:\/\/diariotextual.com\/inicio\/","name":"Diario Textual","description":"","publisher":{"@id":"https:\/\/diariotextual.com\/inicio\/#organization"},"potentialAction":[{"@type":"SearchAction","target":{"@type":"EntryPoint","urlTemplate":"https:\/\/diariotextual.com\/inicio\/?s={search_term_string}"},"query-input":{"@type":"PropertyValueSpecification","valueRequired":true,"valueName":"search_term_string"}}],"inLanguage":"es"},{"@type":"Organization","@id":"https:\/\/diariotextual.com\/inicio\/#organization","name":"Diario Textual","url":"https:\/\/diariotextual.com\/inicio\/","logo":{"@type":"ImageObject","inLanguage":"es","@id":"https:\/\/diariotextual.com\/inicio\/#\/schema\/logo\/image\/","url":"https:\/\/diariotextual.com\/inicio\/wp-content\/uploads\/2023\/05\/logotextual1.jpg","contentUrl":"https:\/\/diariotextual.com\/inicio\/wp-content\/uploads\/2023\/05\/logotextual1.jpg","width":516,"height":76,"caption":"Diario Textual"},"image":{"@id":"https:\/\/diariotextual.com\/inicio\/#\/schema\/logo\/image\/"},"sameAs":["https:\/\/www.facebook.com\/eltextual","https:\/\/x.com\/eltextual","http:\/\/www.instagram.com\/eltextual"]},{"@type":"Person","@id":"https:\/\/diariotextual.com\/inicio\/#\/schema\/person\/418fc4093c33e86ed41562db3508f958","name":"Diario1 Diario1","image":{"@type":"ImageObject","inLanguage":"es","@id":"https:\/\/secure.gravatar.com\/avatar\/9167d280179c85bc18be67aa7eda765854300033af4896dd779b608640f2ef7a?s=96&d=mm&r=g","url":"https:\/\/secure.gravatar.com\/avatar\/9167d280179c85bc18be67aa7eda765854300033af4896dd779b608640f2ef7a?s=96&d=mm&r=g","contentUrl":"https:\/\/secure.gravatar.com\/avatar\/9167d280179c85bc18be67aa7eda765854300033af4896dd779b608640f2ef7a?s=96&d=mm&r=g","caption":"Diario1 Diario1"},"url":"https:\/\/diariotextual.com\/inicio\/index.php\/author\/diario1\/"}]}},"_links":{"self":[{"href":"https:\/\/diariotextual.com\/inicio\/index.php\/wp-json\/wp\/v2\/posts\/146875","targetHints":{"allow":["GET"]}}],"collection":[{"href":"https:\/\/diariotextual.com\/inicio\/index.php\/wp-json\/wp\/v2\/posts"}],"about":[{"href":"https:\/\/diariotextual.com\/inicio\/index.php\/wp-json\/wp\/v2\/types\/post"}],"author":[{"embeddable":true,"href":"https:\/\/diariotextual.com\/inicio\/index.php\/wp-json\/wp\/v2\/users\/3"}],"replies":[{"embeddable":true,"href":"https:\/\/diariotextual.com\/inicio\/index.php\/wp-json\/wp\/v2\/comments?post=146875"}],"version-history":[{"count":4,"href":"https:\/\/diariotextual.com\/inicio\/index.php\/wp-json\/wp\/v2\/posts\/146875\/revisions"}],"predecessor-version":[{"id":146907,"href":"https:\/\/diariotextual.com\/inicio\/index.php\/wp-json\/wp\/v2\/posts\/146875\/revisions\/146907"}],"wp:featuredmedia":[{"embeddable":true,"href":"https:\/\/diariotextual.com\/inicio\/index.php\/wp-json\/wp\/v2\/media\/85848"}],"wp:attachment":[{"href":"https:\/\/diariotextual.com\/inicio\/index.php\/wp-json\/wp\/v2\/media?parent=146875"}],"wp:term":[{"taxonomy":"category","embeddable":true,"href":"https:\/\/diariotextual.com\/inicio\/index.php\/wp-json\/wp\/v2\/categories?post=146875"},{"taxonomy":"post_tag","embeddable":true,"href":"https:\/\/diariotextual.com\/inicio\/index.php\/wp-json\/wp\/v2\/tags?post=146875"}],"curies":[{"name":"wp","href":"https:\/\/api.w.org\/{rel}","templated":true}]}}