{"id":146892,"date":"2021-05-21T08:13:07","date_gmt":"2021-05-21T11:13:07","guid":{"rendered":"https:\/\/diariotextual.com\/inicio\/?p=146892"},"modified":"2021-05-21T12:00:57","modified_gmt":"2021-05-21T15:00:57","slug":"los-10-pueblos-de-la-pampa-donde-no-hay-casos-de-covid","status":"publish","type":"post","link":"https:\/\/diariotextual.com\/inicio\/index.php\/2021\/05\/21\/los-10-pueblos-de-la-pampa-donde-no-hay-casos-de-covid\/","title":{"rendered":"Los pueblos de La Pampa donde no hay casos de covid"},"content":{"rendered":"\n<p>La pandemia de coronavirus nunca estuvo en La Pampa tan extendida como en esta semana.<\/p>\n\n\n\n<p>En un total de 72 localidades y parajes de La Pampa ya se registran casos activos. Hasta en Chos Malal.<\/p>\n\n\n\n<p>Sin embargo, <strong>hay un total de 13 pueblos y parajes que, si bien en alg\u00fan momento de la pandemia han tenido casos positivos, hoy est\u00e1n \u201clibres\u201d de covid.<\/strong><\/p>\n\n\n\n<p>\u00bfCu\u00e1les son? <strong>Relmo, Cuchillo Co, San Jos\u00e9, Cereales, La Gloria, Algarrobo del \u00c1guila, Casa de Piedra, Chacharramendi, Santa Mar\u00eda, Unanue, Duval y Rol\u00f3n<\/strong>, todos pueblos chicos. Incluso a este listado se ha sumado el paraje <strong>Tril\u00ed <\/strong>-donde residen solo un par de personas y que se contagiaron y ya se recuperaron-.<\/p>\n\n\n\n<p>Actualmente, seg\u00fan el reporte de este jueves del Ministerio de Salud, hay 6984 casos activos de covid: 2.426 en Santa Rosa, 1.388 en General Pico, 440 en Toay, 275 en Eduardo Castex, 223 en 25 de Mayo, 165 en Realic\u00f3, 153 en Victorica, 145 en Intendente Alvear, 127 en Quem\u00fa Quem\u00fa, 111 en Trenel, 102 en Macach\u00edn, 83 en General San Martin, 79 en Ingeniero Luiggi, 77 en Catril\u00f3 (NdeR: anoche, sin embargo, la cifra salt\u00f3 a cerca de 120), 70 en General Acha, 64 en Puel\u00e9n, 61 en Colonia Bar\u00f3n, 60 en Santa Isabel, 55 en V\u00e9rtiz, 49 en Miguel Riglos, 46 en Guatrach\u00e9, 44 en Luan Toro, 44 en Jacinto Arauz, 43 en Anguil, 36 en Doblas, 36 en Agustoni, 35 en Monte Nievas, 27 en Alta Italia, 27 en La Humada, 25 en La Adela, 25 en Conhello, 25 en Lonquimay, 24 en Embajador Martini, 22 en Bernardo Larroud\u00e9, 22 en Adolfo Van Praet, 22 en Arata, 22 en Parera, 21 en Ataliva Roca, 21 en Speluzzi, 19 en Dorila, 18 en Winifreda, 18 en Uriburu, 16 en Falucho, 16 en Miguel Can\u00e9, 14 en Coronel Hilario Lagos, 14 en Alpachiri, 12 en Caleuf\u00fa, 12 en Villa Mirasol, 12 en Bernasconi, 12 en Mauricio Mayer, 9 en Tel\u00e9n, 9 en Limay Mahuida, 9 en Rucanelo, 8 en Sarah, 8 en Rancul, 7 en Quehue, 7 en La Reforma, 6 en Quetrequen, 5 en Ceballos, 4 en Pichi Huinca, 4 en Chos Malal, 4 en General Manuel J. Campos, 4 en Metileo, 3 en Maisonnave, 3 en Per\u00fa, 2 en Abramo, 2 en Tom\u00e1s M. de Anchorena, 2 en La Maruja, 2 en Loventuel, 1 en Puelches, 1 en Carro Quemado y 1 en Colonia Santa Teresa.<\/p>\n\n\n\n<figure class=\"wp-block-embed is-type-wp-embed is-provider-diario-textual wp-block-embed-diario-textual\"><div class=\"wp-block-embed__wrapper\">\n<blockquote class=\"wp-embedded-content\" data-secret=\"rVqBv0W8AV\"><a href=\"https:\/\/diariotextual.com\/inicio\/index.php\/2021\/05\/20\/oficial-en-la-pampa-circulan-las-cepas-manaos-y-andina-del-covid\/\">Oficial: en La Pampa circulan las cepas Manaos y Andina del covid<\/a><\/blockquote><iframe class=\"wp-embedded-content\" sandbox=\"allow-scripts\" security=\"restricted\" style=\"position: absolute; clip: rect(1px, 1px, 1px, 1px);\" title=\"\u00abOficial: en La Pampa circulan las cepas Manaos y Andina del covid\u00bb \u2014 Diario Textual\" src=\"https:\/\/diariotextual.com\/inicio\/index.php\/2021\/05\/20\/oficial-en-la-pampa-circulan-las-cepas-manaos-y-andina-del-covid\/embed\/#?secret=rVqBv0W8AV\" data-secret=\"rVqBv0W8AV\" width=\"600\" height=\"338\" frameborder=\"0\" marginwidth=\"0\" marginheight=\"0\" scrolling=\"no\"><\/iframe>\n<\/div><\/figure>\n","protected":false},"excerpt":{"rendered":"<p>La pandemia de coronavirus nunca estuvo en La Pampa tan extendida como en esta semana. En un total de 72 localidades y parajes de La Pampa ya se registran casos&hellip;<\/p>\n","protected":false},"author":3,"featured_media":124431,"comment_status":"closed","ping_status":"open","sticky":false,"template":"","format":"standard","meta":{"_acf_changed":false,"footnotes":""},"categories":[10,12],"tags":[2662],"class_list":["post-146892","post","type-post","status-publish","format-standard","has-post-thumbnail","hentry","category-portada-2","category-sociedad","tag-coronavirus"],"acf":[],"yoast_head":"<!-- This site is optimized with the Yoast SEO plugin v27.5 - https:\/\/yoast.com\/product\/yoast-seo-wordpress\/ -->\n<title>Los pueblos de La Pampa donde no hay casos de covid - Diario Textual<\/title>\n<meta name=\"robots\" content=\"index, follow, max-snippet:-1, max-image-preview:large, max-video-preview:-1\" \/>\n<link rel=\"canonical\" href=\"https:\/\/diariotextual.com\/inicio\/index.php\/2021\/05\/21\/los-10-pueblos-de-la-pampa-donde-no-hay-casos-de-covid\/\" \/>\n<meta property=\"og:locale\" content=\"es_ES\" \/>\n<meta property=\"og:type\" content=\"article\" \/>\n<meta property=\"og:title\" content=\"Los pueblos de La Pampa donde no hay casos de covid - Diario Textual\" \/>\n<meta property=\"og:description\" content=\"La pandemia de coronavirus nunca estuvo en La Pampa tan extendida como en esta semana. En un total de 72 localidades y parajes de La Pampa ya se registran casos&hellip;\" \/>\n<meta property=\"og:url\" content=\"https:\/\/diariotextual.com\/inicio\/index.php\/2021\/05\/21\/los-10-pueblos-de-la-pampa-donde-no-hay-casos-de-covid\/\" \/>\n<meta property=\"og:site_name\" content=\"Diario Textual\" \/>\n<meta property=\"article:publisher\" content=\"https:\/\/www.facebook.com\/eltextual\" \/>\n<meta property=\"article:published_time\" content=\"2021-05-21T11:13:07+00:00\" \/>\n<meta property=\"article:modified_time\" content=\"2021-05-21T15:00:57+00:00\" \/>\n<meta property=\"og:image\" content=\"https:\/\/diariotextual.com\/inicio\/wp-content\/uploads\/2020\/12\/coronaviruslapampa2020-009.jpeg\" \/>\n\t<meta property=\"og:image:width\" content=\"1149\" \/>\n\t<meta property=\"og:image:height\" content=\"749\" \/>\n\t<meta property=\"og:image:type\" content=\"image\/jpeg\" \/>\n<meta name=\"author\" content=\"Diario1 Diario1\" \/>\n<meta name=\"twitter:card\" content=\"summary_large_image\" \/>\n<meta name=\"twitter:creator\" content=\"@eltextual\" \/>\n<meta name=\"twitter:site\" content=\"@eltextual\" \/>\n<meta name=\"twitter:label1\" content=\"Escrito por\" \/>\n\t<meta name=\"twitter:data1\" content=\"Diario1 Diario1\" \/>\n\t<meta name=\"twitter:label2\" content=\"Tiempo de lectura\" \/>\n\t<meta name=\"twitter:data2\" content=\"2 minutos\" \/>\n<script type=\"application\/ld+json\" class=\"yoast-schema-graph\">{\"@context\":\"https:\\\/\\\/schema.org\",\"@graph\":[{\"@type\":\"Article\",\"@id\":\"https:\\\/\\\/diariotextual.com\\\/inicio\\\/index.php\\\/2021\\\/05\\\/21\\\/los-10-pueblos-de-la-pampa-donde-no-hay-casos-de-covid\\\/#article\",\"isPartOf\":{\"@id\":\"https:\\\/\\\/diariotextual.com\\\/inicio\\\/index.php\\\/2021\\\/05\\\/21\\\/los-10-pueblos-de-la-pampa-donde-no-hay-casos-de-covid\\\/\"},\"author\":{\"name\":\"Diario1 Diario1\",\"@id\":\"https:\\\/\\\/diariotextual.com\\\/inicio\\\/#\\\/schema\\\/person\\\/418fc4093c33e86ed41562db3508f958\"},\"headline\":\"Los pueblos de La Pampa donde no hay casos de covid\",\"datePublished\":\"2021-05-21T11:13:07+00:00\",\"dateModified\":\"2021-05-21T15:00:57+00:00\",\"mainEntityOfPage\":{\"@id\":\"https:\\\/\\\/diariotextual.com\\\/inicio\\\/index.php\\\/2021\\\/05\\\/21\\\/los-10-pueblos-de-la-pampa-donde-no-hay-casos-de-covid\\\/\"},\"wordCount\":356,\"publisher\":{\"@id\":\"https:\\\/\\\/diariotextual.com\\\/inicio\\\/#organization\"},\"image\":{\"@id\":\"https:\\\/\\\/diariotextual.com\\\/inicio\\\/index.php\\\/2021\\\/05\\\/21\\\/los-10-pueblos-de-la-pampa-donde-no-hay-casos-de-covid\\\/#primaryimage\"},\"thumbnailUrl\":\"https:\\\/\\\/diariotextual.com\\\/inicio\\\/wp-content\\\/uploads\\\/2020\\\/12\\\/coronaviruslapampa2020-009.jpeg\",\"keywords\":[\"coronavirus\"],\"articleSection\":[\"A - PORTADA2\",\"SOCIEDAD\"],\"inLanguage\":\"es\"},{\"@type\":\"WebPage\",\"@id\":\"https:\\\/\\\/diariotextual.com\\\/inicio\\\/index.php\\\/2021\\\/05\\\/21\\\/los-10-pueblos-de-la-pampa-donde-no-hay-casos-de-covid\\\/\",\"url\":\"https:\\\/\\\/diariotextual.com\\\/inicio\\\/index.php\\\/2021\\\/05\\\/21\\\/los-10-pueblos-de-la-pampa-donde-no-hay-casos-de-covid\\\/\",\"name\":\"Los pueblos de La Pampa donde no hay casos de covid - Diario Textual\",\"isPartOf\":{\"@id\":\"https:\\\/\\\/diariotextual.com\\\/inicio\\\/#website\"},\"primaryImageOfPage\":{\"@id\":\"https:\\\/\\\/diariotextual.com\\\/inicio\\\/index.php\\\/2021\\\/05\\\/21\\\/los-10-pueblos-de-la-pampa-donde-no-hay-casos-de-covid\\\/#primaryimage\"},\"image\":{\"@id\":\"https:\\\/\\\/diariotextual.com\\\/inicio\\\/index.php\\\/2021\\\/05\\\/21\\\/los-10-pueblos-de-la-pampa-donde-no-hay-casos-de-covid\\\/#primaryimage\"},\"thumbnailUrl\":\"https:\\\/\\\/diariotextual.com\\\/inicio\\\/wp-content\\\/uploads\\\/2020\\\/12\\\/coronaviruslapampa2020-009.jpeg\",\"datePublished\":\"2021-05-21T11:13:07+00:00\",\"dateModified\":\"2021-05-21T15:00:57+00:00\",\"breadcrumb\":{\"@id\":\"https:\\\/\\\/diariotextual.com\\\/inicio\\\/index.php\\\/2021\\\/05\\\/21\\\/los-10-pueblos-de-la-pampa-donde-no-hay-casos-de-covid\\\/#breadcrumb\"},\"inLanguage\":\"es\",\"potentialAction\":[{\"@type\":\"ReadAction\",\"target\":[\"https:\\\/\\\/diariotextual.com\\\/inicio\\\/index.php\\\/2021\\\/05\\\/21\\\/los-10-pueblos-de-la-pampa-donde-no-hay-casos-de-covid\\\/\"]}]},{\"@type\":\"ImageObject\",\"inLanguage\":\"es\",\"@id\":\"https:\\\/\\\/diariotextual.com\\\/inicio\\\/index.php\\\/2021\\\/05\\\/21\\\/los-10-pueblos-de-la-pampa-donde-no-hay-casos-de-covid\\\/#primaryimage\",\"url\":\"https:\\\/\\\/diariotextual.com\\\/inicio\\\/wp-content\\\/uploads\\\/2020\\\/12\\\/coronaviruslapampa2020-009.jpeg\",\"contentUrl\":\"https:\\\/\\\/diariotextual.com\\\/inicio\\\/wp-content\\\/uploads\\\/2020\\\/12\\\/coronaviruslapampa2020-009.jpeg\",\"width\":1149,\"height\":749},{\"@type\":\"BreadcrumbList\",\"@id\":\"https:\\\/\\\/diariotextual.com\\\/inicio\\\/index.php\\\/2021\\\/05\\\/21\\\/los-10-pueblos-de-la-pampa-donde-no-hay-casos-de-covid\\\/#breadcrumb\",\"itemListElement\":[{\"@type\":\"ListItem\",\"position\":1,\"name\":\"Portada\",\"item\":\"https:\\\/\\\/diariotextual.com\\\/inicio\\\/\"},{\"@type\":\"ListItem\",\"position\":2,\"name\":\"Los pueblos de La Pampa donde no hay casos de covid\"}]},{\"@type\":\"WebSite\",\"@id\":\"https:\\\/\\\/diariotextual.com\\\/inicio\\\/#website\",\"url\":\"https:\\\/\\\/diariotextual.com\\\/inicio\\\/\",\"name\":\"Diario Textual\",\"description\":\"\",\"publisher\":{\"@id\":\"https:\\\/\\\/diariotextual.com\\\/inicio\\\/#organization\"},\"potentialAction\":[{\"@type\":\"SearchAction\",\"target\":{\"@type\":\"EntryPoint\",\"urlTemplate\":\"https:\\\/\\\/diariotextual.com\\\/inicio\\\/?s={search_term_string}\"},\"query-input\":{\"@type\":\"PropertyValueSpecification\",\"valueRequired\":true,\"valueName\":\"search_term_string\"}}],\"inLanguage\":\"es\"},{\"@type\":\"Organization\",\"@id\":\"https:\\\/\\\/diariotextual.com\\\/inicio\\\/#organization\",\"name\":\"Diario Textual\",\"url\":\"https:\\\/\\\/diariotextual.com\\\/inicio\\\/\",\"logo\":{\"@type\":\"ImageObject\",\"inLanguage\":\"es\",\"@id\":\"https:\\\/\\\/diariotextual.com\\\/inicio\\\/#\\\/schema\\\/logo\\\/image\\\/\",\"url\":\"https:\\\/\\\/diariotextual.com\\\/inicio\\\/wp-content\\\/uploads\\\/2023\\\/05\\\/logotextual1.jpg\",\"contentUrl\":\"https:\\\/\\\/diariotextual.com\\\/inicio\\\/wp-content\\\/uploads\\\/2023\\\/05\\\/logotextual1.jpg\",\"width\":516,\"height\":76,\"caption\":\"Diario Textual\"},\"image\":{\"@id\":\"https:\\\/\\\/diariotextual.com\\\/inicio\\\/#\\\/schema\\\/logo\\\/image\\\/\"},\"sameAs\":[\"https:\\\/\\\/www.facebook.com\\\/eltextual\",\"https:\\\/\\\/x.com\\\/eltextual\",\"http:\\\/\\\/www.instagram.com\\\/eltextual\"]},{\"@type\":\"Person\",\"@id\":\"https:\\\/\\\/diariotextual.com\\\/inicio\\\/#\\\/schema\\\/person\\\/418fc4093c33e86ed41562db3508f958\",\"name\":\"Diario1 Diario1\",\"image\":{\"@type\":\"ImageObject\",\"inLanguage\":\"es\",\"@id\":\"https:\\\/\\\/secure.gravatar.com\\\/avatar\\\/9167d280179c85bc18be67aa7eda765854300033af4896dd779b608640f2ef7a?s=96&d=mm&r=g\",\"url\":\"https:\\\/\\\/secure.gravatar.com\\\/avatar\\\/9167d280179c85bc18be67aa7eda765854300033af4896dd779b608640f2ef7a?s=96&d=mm&r=g\",\"contentUrl\":\"https:\\\/\\\/secure.gravatar.com\\\/avatar\\\/9167d280179c85bc18be67aa7eda765854300033af4896dd779b608640f2ef7a?s=96&d=mm&r=g\",\"caption\":\"Diario1 Diario1\"},\"url\":\"https:\\\/\\\/diariotextual.com\\\/inicio\\\/index.php\\\/author\\\/diario1\\\/\"}]}<\/script>\n<!-- \/ Yoast SEO plugin. -->","yoast_head_json":{"title":"Los pueblos de La Pampa donde no hay casos de covid - Diario Textual","robots":{"index":"index","follow":"follow","max-snippet":"max-snippet:-1","max-image-preview":"max-image-preview:large","max-video-preview":"max-video-preview:-1"},"canonical":"https:\/\/diariotextual.com\/inicio\/index.php\/2021\/05\/21\/los-10-pueblos-de-la-pampa-donde-no-hay-casos-de-covid\/","og_locale":"es_ES","og_type":"article","og_title":"Los pueblos de La Pampa donde no hay casos de covid - Diario Textual","og_description":"La pandemia de coronavirus nunca estuvo en La Pampa tan extendida como en esta semana. En un total de 72 localidades y parajes de La Pampa ya se registran casos&hellip;","og_url":"https:\/\/diariotextual.com\/inicio\/index.php\/2021\/05\/21\/los-10-pueblos-de-la-pampa-donde-no-hay-casos-de-covid\/","og_site_name":"Diario Textual","article_publisher":"https:\/\/www.facebook.com\/eltextual","article_published_time":"2021-05-21T11:13:07+00:00","article_modified_time":"2021-05-21T15:00:57+00:00","og_image":[{"width":1149,"height":749,"url":"https:\/\/diariotextual.com\/inicio\/wp-content\/uploads\/2020\/12\/coronaviruslapampa2020-009.jpeg","type":"image\/jpeg"}],"author":"Diario1 Diario1","twitter_card":"summary_large_image","twitter_creator":"@eltextual","twitter_site":"@eltextual","twitter_misc":{"Escrito por":"Diario1 Diario1","Tiempo de lectura":"2 minutos"},"schema":{"@context":"https:\/\/schema.org","@graph":[{"@type":"Article","@id":"https:\/\/diariotextual.com\/inicio\/index.php\/2021\/05\/21\/los-10-pueblos-de-la-pampa-donde-no-hay-casos-de-covid\/#article","isPartOf":{"@id":"https:\/\/diariotextual.com\/inicio\/index.php\/2021\/05\/21\/los-10-pueblos-de-la-pampa-donde-no-hay-casos-de-covid\/"},"author":{"name":"Diario1 Diario1","@id":"https:\/\/diariotextual.com\/inicio\/#\/schema\/person\/418fc4093c33e86ed41562db3508f958"},"headline":"Los pueblos de La Pampa donde no hay casos de covid","datePublished":"2021-05-21T11:13:07+00:00","dateModified":"2021-05-21T15:00:57+00:00","mainEntityOfPage":{"@id":"https:\/\/diariotextual.com\/inicio\/index.php\/2021\/05\/21\/los-10-pueblos-de-la-pampa-donde-no-hay-casos-de-covid\/"},"wordCount":356,"publisher":{"@id":"https:\/\/diariotextual.com\/inicio\/#organization"},"image":{"@id":"https:\/\/diariotextual.com\/inicio\/index.php\/2021\/05\/21\/los-10-pueblos-de-la-pampa-donde-no-hay-casos-de-covid\/#primaryimage"},"thumbnailUrl":"https:\/\/diariotextual.com\/inicio\/wp-content\/uploads\/2020\/12\/coronaviruslapampa2020-009.jpeg","keywords":["coronavirus"],"articleSection":["A - PORTADA2","SOCIEDAD"],"inLanguage":"es"},{"@type":"WebPage","@id":"https:\/\/diariotextual.com\/inicio\/index.php\/2021\/05\/21\/los-10-pueblos-de-la-pampa-donde-no-hay-casos-de-covid\/","url":"https:\/\/diariotextual.com\/inicio\/index.php\/2021\/05\/21\/los-10-pueblos-de-la-pampa-donde-no-hay-casos-de-covid\/","name":"Los pueblos de La Pampa donde no hay casos de covid - Diario Textual","isPartOf":{"@id":"https:\/\/diariotextual.com\/inicio\/#website"},"primaryImageOfPage":{"@id":"https:\/\/diariotextual.com\/inicio\/index.php\/2021\/05\/21\/los-10-pueblos-de-la-pampa-donde-no-hay-casos-de-covid\/#primaryimage"},"image":{"@id":"https:\/\/diariotextual.com\/inicio\/index.php\/2021\/05\/21\/los-10-pueblos-de-la-pampa-donde-no-hay-casos-de-covid\/#primaryimage"},"thumbnailUrl":"https:\/\/diariotextual.com\/inicio\/wp-content\/uploads\/2020\/12\/coronaviruslapampa2020-009.jpeg","datePublished":"2021-05-21T11:13:07+00:00","dateModified":"2021-05-21T15:00:57+00:00","breadcrumb":{"@id":"https:\/\/diariotextual.com\/inicio\/index.php\/2021\/05\/21\/los-10-pueblos-de-la-pampa-donde-no-hay-casos-de-covid\/#breadcrumb"},"inLanguage":"es","potentialAction":[{"@type":"ReadAction","target":["https:\/\/diariotextual.com\/inicio\/index.php\/2021\/05\/21\/los-10-pueblos-de-la-pampa-donde-no-hay-casos-de-covid\/"]}]},{"@type":"ImageObject","inLanguage":"es","@id":"https:\/\/diariotextual.com\/inicio\/index.php\/2021\/05\/21\/los-10-pueblos-de-la-pampa-donde-no-hay-casos-de-covid\/#primaryimage","url":"https:\/\/diariotextual.com\/inicio\/wp-content\/uploads\/2020\/12\/coronaviruslapampa2020-009.jpeg","contentUrl":"https:\/\/diariotextual.com\/inicio\/wp-content\/uploads\/2020\/12\/coronaviruslapampa2020-009.jpeg","width":1149,"height":749},{"@type":"BreadcrumbList","@id":"https:\/\/diariotextual.com\/inicio\/index.php\/2021\/05\/21\/los-10-pueblos-de-la-pampa-donde-no-hay-casos-de-covid\/#breadcrumb","itemListElement":[{"@type":"ListItem","position":1,"name":"Portada","item":"https:\/\/diariotextual.com\/inicio\/"},{"@type":"ListItem","position":2,"name":"Los pueblos de La Pampa donde no hay casos de covid"}]},{"@type":"WebSite","@id":"https:\/\/diariotextual.com\/inicio\/#website","url":"https:\/\/diariotextual.com\/inicio\/","name":"Diario Textual","description":"","publisher":{"@id":"https:\/\/diariotextual.com\/inicio\/#organization"},"potentialAction":[{"@type":"SearchAction","target":{"@type":"EntryPoint","urlTemplate":"https:\/\/diariotextual.com\/inicio\/?s={search_term_string}"},"query-input":{"@type":"PropertyValueSpecification","valueRequired":true,"valueName":"search_term_string"}}],"inLanguage":"es"},{"@type":"Organization","@id":"https:\/\/diariotextual.com\/inicio\/#organization","name":"Diario Textual","url":"https:\/\/diariotextual.com\/inicio\/","logo":{"@type":"ImageObject","inLanguage":"es","@id":"https:\/\/diariotextual.com\/inicio\/#\/schema\/logo\/image\/","url":"https:\/\/diariotextual.com\/inicio\/wp-content\/uploads\/2023\/05\/logotextual1.jpg","contentUrl":"https:\/\/diariotextual.com\/inicio\/wp-content\/uploads\/2023\/05\/logotextual1.jpg","width":516,"height":76,"caption":"Diario Textual"},"image":{"@id":"https:\/\/diariotextual.com\/inicio\/#\/schema\/logo\/image\/"},"sameAs":["https:\/\/www.facebook.com\/eltextual","https:\/\/x.com\/eltextual","http:\/\/www.instagram.com\/eltextual"]},{"@type":"Person","@id":"https:\/\/diariotextual.com\/inicio\/#\/schema\/person\/418fc4093c33e86ed41562db3508f958","name":"Diario1 Diario1","image":{"@type":"ImageObject","inLanguage":"es","@id":"https:\/\/secure.gravatar.com\/avatar\/9167d280179c85bc18be67aa7eda765854300033af4896dd779b608640f2ef7a?s=96&d=mm&r=g","url":"https:\/\/secure.gravatar.com\/avatar\/9167d280179c85bc18be67aa7eda765854300033af4896dd779b608640f2ef7a?s=96&d=mm&r=g","contentUrl":"https:\/\/secure.gravatar.com\/avatar\/9167d280179c85bc18be67aa7eda765854300033af4896dd779b608640f2ef7a?s=96&d=mm&r=g","caption":"Diario1 Diario1"},"url":"https:\/\/diariotextual.com\/inicio\/index.php\/author\/diario1\/"}]}},"_links":{"self":[{"href":"https:\/\/diariotextual.com\/inicio\/index.php\/wp-json\/wp\/v2\/posts\/146892","targetHints":{"allow":["GET"]}}],"collection":[{"href":"https:\/\/diariotextual.com\/inicio\/index.php\/wp-json\/wp\/v2\/posts"}],"about":[{"href":"https:\/\/diariotextual.com\/inicio\/index.php\/wp-json\/wp\/v2\/types\/post"}],"author":[{"embeddable":true,"href":"https:\/\/diariotextual.com\/inicio\/index.php\/wp-json\/wp\/v2\/users\/3"}],"replies":[{"embeddable":true,"href":"https:\/\/diariotextual.com\/inicio\/index.php\/wp-json\/wp\/v2\/comments?post=146892"}],"version-history":[{"count":7,"href":"https:\/\/diariotextual.com\/inicio\/index.php\/wp-json\/wp\/v2\/posts\/146892\/revisions"}],"predecessor-version":[{"id":146914,"href":"https:\/\/diariotextual.com\/inicio\/index.php\/wp-json\/wp\/v2\/posts\/146892\/revisions\/146914"}],"wp:featuredmedia":[{"embeddable":true,"href":"https:\/\/diariotextual.com\/inicio\/index.php\/wp-json\/wp\/v2\/media\/124431"}],"wp:attachment":[{"href":"https:\/\/diariotextual.com\/inicio\/index.php\/wp-json\/wp\/v2\/media?parent=146892"}],"wp:term":[{"taxonomy":"category","embeddable":true,"href":"https:\/\/diariotextual.com\/inicio\/index.php\/wp-json\/wp\/v2\/categories?post=146892"},{"taxonomy":"post_tag","embeddable":true,"href":"https:\/\/diariotextual.com\/inicio\/index.php\/wp-json\/wp\/v2\/tags?post=146892"}],"curies":[{"name":"wp","href":"https:\/\/api.w.org\/{rel}","templated":true}]}}