{"id":146920,"date":"2021-05-21T11:16:32","date_gmt":"2021-05-21T14:16:32","guid":{"rendered":"https:\/\/diariotextual.com\/inicio\/?p=146920"},"modified":"2021-05-21T13:41:06","modified_gmt":"2021-05-21T16:41:06","slug":"la-situacion-es-critica-la-mas-preocupante-desde-que-empezo-la-pandemia","status":"publish","type":"post","link":"https:\/\/diariotextual.com\/inicio\/index.php\/2021\/05\/21\/la-situacion-es-critica-la-mas-preocupante-desde-que-empezo-la-pandemia\/","title":{"rendered":"\u201cLa situaci\u00f3n es cr\u00edtica; la m\u00e1s preocupante desde que empez\u00f3 la pandemia\u201d"},"content":{"rendered":"\n<p>La ministra de Salud, Carla Vizzotti, advirti\u00f3 hoy que<strong> la situaci\u00f3n epidemiol\u00f3gica por la segunda ola de coronavirus es \u201cla m\u00e1s preocupante\u201d<\/strong> desde que empez\u00f3 la pandemia y admiti\u00f3 que <strong>las nuevas variantes del virus son m\u00e1s letales.<\/strong><\/p>\n\n\n\n<p>\u201cIndependientemente de haber fortalecido el sistema de sistema de salud y de haber iniciado y sostenido la vacunaci\u00f3n, <strong>la situaci\u00f3n es cr\u00edtica,<\/strong> la m\u00e1s preocupante desde que empez\u00f3 la pandemia\u201d, declar\u00f3 Vizzotti esta ma\u00f1ana en declaraciones formuladas a la FM Urbana Play.<\/p>\n\n\n\n<p>La funcionaria aclar\u00f3 que, a diferencia del a\u00f1o pasado, <strong>ahora la situaci\u00f3n es \u201ctotalmente diferente\u201d por las nuevas variantes, m\u00e1s letales, \u201cpero sobre todo por la movilidad y por la circulaci\u00f3n de personas<\/strong> en un contexto de alta transmisi\u00f3n viral\u201d.<\/p>\n\n\n\n<p>Luego de tres jornadas de aumentos exponenciales de casos, el presidente Alberto Fern\u00e1ndez anunci\u00f3 ayer un aislamiento estricto desde la cero hora de ma\u00f1ana hasta el 30 de mayo en las zonas de mayor riesgo epidemiol\u00f3gico, a fin de bajar la curva de contagios y muertes por coronavirus.<\/p>\n\n\n\n<p>En este sentido, la ministra aclar\u00f3 que, <strong>si bien la medida se aplicar\u00e1 durante los pr\u00f3ximos nueve d\u00edas, la situaci\u00f3n epidemiol\u00f3gica debe \u201crevisarse todos los d\u00edas\u201d.<\/strong> \u201cSon medidas intensificadas y transitorias para hacer una reducci\u00f3n importante de la circulaci\u00f3n\u201d, explic\u00f3.<\/p>\n\n\n\n<figure class=\"wp-block-embed is-type-wp-embed is-provider-diario-textual wp-block-embed-diario-textual\"><div class=\"wp-block-embed__wrapper\">\n<blockquote class=\"wp-embedded-content\" data-secret=\"GMyqBbCeTc\"><a href=\"https:\/\/diariotextual.com\/inicio\/index.php\/2021\/05\/20\/volvemos-a-fase-1-estas-son-las-medidas-anunciadas-por-alberto-fernandez\/\">Volvemos a Fase 1: estas son las medidas anunciadas por Alberto Fern\u00e1ndez<\/a><\/blockquote><iframe class=\"wp-embedded-content\" sandbox=\"allow-scripts\" security=\"restricted\" style=\"position: absolute; clip: rect(1px, 1px, 1px, 1px);\" title=\"\u00abVolvemos a Fase 1: estas son las medidas anunciadas por Alberto Fern\u00e1ndez\u00bb \u2014 Diario Textual\" src=\"https:\/\/diariotextual.com\/inicio\/index.php\/2021\/05\/20\/volvemos-a-fase-1-estas-son-las-medidas-anunciadas-por-alberto-fernandez\/embed\/#?secret=GMyqBbCeTc\" data-secret=\"GMyqBbCeTc\" width=\"600\" height=\"338\" frameborder=\"0\" marginwidth=\"0\" marginheight=\"0\" scrolling=\"no\"><\/iframe>\n<\/div><\/figure>\n\n\n\n<p>El objetivo de la decisi\u00f3n es que en aquellas localidades que \u201cest\u00e1n en alarma y el sistema de salud tiene riesgo de desbordar, se pueda minimizar ese riesgo, y que donde la situaci\u00f3n es preocupante pero todav\u00eda no lleg\u00f3 a ese lugar, no llegue\u201d, detall\u00f3 la funcionaria.<\/p>\n\n\n\n<p>\u201cEl <strong>aumento del n\u00famero de casos es directamente proporcional a las internaciones y a las muertes<\/strong>, aunque ya se est\u00e1n viendo los beneficios de la vacuna en mayores de 70 a\u00f1os\u201d, agreg\u00f3.<\/p>\n\n\n\n<p>Vizzotti insisti\u00f3 tambi\u00e9n en se\u00f1alar que la campa\u00f1a de vacunaci\u00f3n \u201cno interrumpe la transmisi\u00f3n\u201d sino que busca \u201cdisminuir las hospitalizaciones y la mortalidad\u201d, y record\u00f3 que<strong> las dosis tardan entre 14 y 21 d\u00edas en hacer efecto<\/strong> pero que \u201cla escalada de vacunaci\u00f3n, sobre todo en los mayores de 60 a\u00f1os, se ha dado en el marco del aumento de los casos\u201d.<\/p>\n\n\n\n<p>Por esa raz\u00f3n, <strong>en simult\u00e1neo con el proceso de vacunaci\u00f3n, \u201cse necesita generar medidas para disminuir la circulaci\u00f3n del personal y minimizar la transmisi\u00f3n del virus<\/strong>\u201d, dijo Vizzotti, no sin resaltar que las internaciones y muertes en personas m\u00e1s de 70 a\u00f1os \u201cest\u00e1n disminuyendo porque ya han generado los anticuerpos\u201d.<\/p>\n\n\n\n<p>La ministra adelant\u00f3 que est\u00e1n con los \u00faltimos tr\u00e1mites para que lleguen dosis de AstraZeneca de Estados Unidos y nuevas dosis de Sputnik, y aclar\u00f3 que <strong>sigue \u201cen contacto e intercambio de posibilidades\u201d con Pfizer.<\/strong><\/p>\n\n\n\n<p>\u201c<strong>Nos queda junio, julio y agosto con invierno que es un momento en el que favorece toda la transmisi\u00f3n de los virus <\/strong>respiratorios\u201d, sigui\u00f3 Vizzotti.<\/p>\n","protected":false},"excerpt":{"rendered":"<p>La ministra de Salud, Carla Vizzotti, advirti\u00f3 hoy que la situaci\u00f3n epidemiol\u00f3gica por la segunda ola de coronavirus es \u201cla m\u00e1s preocupante\u201d desde que empez\u00f3 la pandemia y admiti\u00f3 que&hellip;<\/p>\n","protected":false},"author":5,"featured_media":146921,"comment_status":"closed","ping_status":"open","sticky":false,"template":"","format":"standard","meta":{"_acf_changed":false,"footnotes":""},"categories":[10,12],"tags":[2662,2861,1981,5036],"class_list":["post-146920","post","type-post","status-publish","format-standard","has-post-thumbnail","hentry","category-portada-2","category-sociedad","tag-coronavirus","tag-pandemia","tag-vacunas","tag-vizzotti"],"acf":[],"yoast_head":"<!-- This site is optimized with the Yoast SEO plugin v27.5 - https:\/\/yoast.com\/product\/yoast-seo-wordpress\/ -->\n<title>\u201cLa situaci\u00f3n es cr\u00edtica; la m\u00e1s preocupante desde que empez\u00f3 la pandemia\u201d - Diario Textual<\/title>\n<meta name=\"robots\" content=\"index, follow, max-snippet:-1, max-image-preview:large, max-video-preview:-1\" \/>\n<link rel=\"canonical\" href=\"https:\/\/diariotextual.com\/inicio\/index.php\/2021\/05\/21\/la-situacion-es-critica-la-mas-preocupante-desde-que-empezo-la-pandemia\/\" \/>\n<meta property=\"og:locale\" content=\"es_ES\" \/>\n<meta property=\"og:type\" content=\"article\" \/>\n<meta property=\"og:title\" content=\"\u201cLa situaci\u00f3n es cr\u00edtica; la m\u00e1s preocupante desde que empez\u00f3 la pandemia\u201d - Diario Textual\" \/>\n<meta property=\"og:description\" content=\"La ministra de Salud, Carla Vizzotti, advirti\u00f3 hoy que la situaci\u00f3n epidemiol\u00f3gica por la segunda ola de coronavirus es \u201cla m\u00e1s preocupante\u201d desde que empez\u00f3 la pandemia y admiti\u00f3 que&hellip;\" \/>\n<meta property=\"og:url\" content=\"https:\/\/diariotextual.com\/inicio\/index.php\/2021\/05\/21\/la-situacion-es-critica-la-mas-preocupante-desde-que-empezo-la-pandemia\/\" \/>\n<meta property=\"og:site_name\" content=\"Diario Textual\" \/>\n<meta property=\"article:publisher\" content=\"https:\/\/www.facebook.com\/eltextual\" \/>\n<meta property=\"article:published_time\" content=\"2021-05-21T14:16:32+00:00\" \/>\n<meta property=\"article:modified_time\" content=\"2021-05-21T16:41:06+00:00\" \/>\n<meta property=\"og:image\" content=\"https:\/\/diariotextual.com\/inicio\/wp-content\/uploads\/2021\/05\/vizzotticarlamayo2021.jpg\" \/>\n\t<meta property=\"og:image:width\" content=\"700\" \/>\n\t<meta property=\"og:image:height\" content=\"394\" \/>\n\t<meta property=\"og:image:type\" content=\"image\/jpeg\" \/>\n<meta name=\"author\" content=\"diario3\" \/>\n<meta name=\"twitter:card\" content=\"summary_large_image\" \/>\n<meta name=\"twitter:creator\" content=\"@eltextual\" \/>\n<meta name=\"twitter:site\" content=\"@eltextual\" \/>\n<meta name=\"twitter:label1\" content=\"Escrito por\" \/>\n\t<meta name=\"twitter:data1\" content=\"diario3\" \/>\n\t<meta name=\"twitter:label2\" content=\"Tiempo de lectura\" \/>\n\t<meta name=\"twitter:data2\" content=\"3 minutos\" \/>\n<script type=\"application\/ld+json\" class=\"yoast-schema-graph\">{\"@context\":\"https:\\\/\\\/schema.org\",\"@graph\":[{\"@type\":\"Article\",\"@id\":\"https:\\\/\\\/diariotextual.com\\\/inicio\\\/index.php\\\/2021\\\/05\\\/21\\\/la-situacion-es-critica-la-mas-preocupante-desde-que-empezo-la-pandemia\\\/#article\",\"isPartOf\":{\"@id\":\"https:\\\/\\\/diariotextual.com\\\/inicio\\\/index.php\\\/2021\\\/05\\\/21\\\/la-situacion-es-critica-la-mas-preocupante-desde-que-empezo-la-pandemia\\\/\"},\"author\":{\"name\":\"diario3\",\"@id\":\"https:\\\/\\\/diariotextual.com\\\/inicio\\\/#\\\/schema\\\/person\\\/a1b6f563e0ee944c60f98119389a4d9f\"},\"headline\":\"\u201cLa situaci\u00f3n es cr\u00edtica; la m\u00e1s preocupante desde que empez\u00f3 la pandemia\u201d\",\"datePublished\":\"2021-05-21T14:16:32+00:00\",\"dateModified\":\"2021-05-21T16:41:06+00:00\",\"mainEntityOfPage\":{\"@id\":\"https:\\\/\\\/diariotextual.com\\\/inicio\\\/index.php\\\/2021\\\/05\\\/21\\\/la-situacion-es-critica-la-mas-preocupante-desde-que-empezo-la-pandemia\\\/\"},\"wordCount\":526,\"publisher\":{\"@id\":\"https:\\\/\\\/diariotextual.com\\\/inicio\\\/#organization\"},\"image\":{\"@id\":\"https:\\\/\\\/diariotextual.com\\\/inicio\\\/index.php\\\/2021\\\/05\\\/21\\\/la-situacion-es-critica-la-mas-preocupante-desde-que-empezo-la-pandemia\\\/#primaryimage\"},\"thumbnailUrl\":\"https:\\\/\\\/diariotextual.com\\\/inicio\\\/wp-content\\\/uploads\\\/2021\\\/05\\\/vizzotticarlamayo2021.jpg\",\"keywords\":[\"coronavirus\",\"pandemia\",\"vacunas\",\"vizzotti\"],\"articleSection\":[\"A - PORTADA2\",\"SOCIEDAD\"],\"inLanguage\":\"es\"},{\"@type\":\"WebPage\",\"@id\":\"https:\\\/\\\/diariotextual.com\\\/inicio\\\/index.php\\\/2021\\\/05\\\/21\\\/la-situacion-es-critica-la-mas-preocupante-desde-que-empezo-la-pandemia\\\/\",\"url\":\"https:\\\/\\\/diariotextual.com\\\/inicio\\\/index.php\\\/2021\\\/05\\\/21\\\/la-situacion-es-critica-la-mas-preocupante-desde-que-empezo-la-pandemia\\\/\",\"name\":\"\u201cLa situaci\u00f3n es cr\u00edtica; la m\u00e1s preocupante desde que empez\u00f3 la pandemia\u201d - Diario Textual\",\"isPartOf\":{\"@id\":\"https:\\\/\\\/diariotextual.com\\\/inicio\\\/#website\"},\"primaryImageOfPage\":{\"@id\":\"https:\\\/\\\/diariotextual.com\\\/inicio\\\/index.php\\\/2021\\\/05\\\/21\\\/la-situacion-es-critica-la-mas-preocupante-desde-que-empezo-la-pandemia\\\/#primaryimage\"},\"image\":{\"@id\":\"https:\\\/\\\/diariotextual.com\\\/inicio\\\/index.php\\\/2021\\\/05\\\/21\\\/la-situacion-es-critica-la-mas-preocupante-desde-que-empezo-la-pandemia\\\/#primaryimage\"},\"thumbnailUrl\":\"https:\\\/\\\/diariotextual.com\\\/inicio\\\/wp-content\\\/uploads\\\/2021\\\/05\\\/vizzotticarlamayo2021.jpg\",\"datePublished\":\"2021-05-21T14:16:32+00:00\",\"dateModified\":\"2021-05-21T16:41:06+00:00\",\"breadcrumb\":{\"@id\":\"https:\\\/\\\/diariotextual.com\\\/inicio\\\/index.php\\\/2021\\\/05\\\/21\\\/la-situacion-es-critica-la-mas-preocupante-desde-que-empezo-la-pandemia\\\/#breadcrumb\"},\"inLanguage\":\"es\",\"potentialAction\":[{\"@type\":\"ReadAction\",\"target\":[\"https:\\\/\\\/diariotextual.com\\\/inicio\\\/index.php\\\/2021\\\/05\\\/21\\\/la-situacion-es-critica-la-mas-preocupante-desde-que-empezo-la-pandemia\\\/\"]}]},{\"@type\":\"ImageObject\",\"inLanguage\":\"es\",\"@id\":\"https:\\\/\\\/diariotextual.com\\\/inicio\\\/index.php\\\/2021\\\/05\\\/21\\\/la-situacion-es-critica-la-mas-preocupante-desde-que-empezo-la-pandemia\\\/#primaryimage\",\"url\":\"https:\\\/\\\/diariotextual.com\\\/inicio\\\/wp-content\\\/uploads\\\/2021\\\/05\\\/vizzotticarlamayo2021.jpg\",\"contentUrl\":\"https:\\\/\\\/diariotextual.com\\\/inicio\\\/wp-content\\\/uploads\\\/2021\\\/05\\\/vizzotticarlamayo2021.jpg\",\"width\":700,\"height\":394},{\"@type\":\"BreadcrumbList\",\"@id\":\"https:\\\/\\\/diariotextual.com\\\/inicio\\\/index.php\\\/2021\\\/05\\\/21\\\/la-situacion-es-critica-la-mas-preocupante-desde-que-empezo-la-pandemia\\\/#breadcrumb\",\"itemListElement\":[{\"@type\":\"ListItem\",\"position\":1,\"name\":\"Portada\",\"item\":\"https:\\\/\\\/diariotextual.com\\\/inicio\\\/\"},{\"@type\":\"ListItem\",\"position\":2,\"name\":\"\u201cLa situaci\u00f3n es cr\u00edtica; la m\u00e1s preocupante desde que empez\u00f3 la pandemia\u201d\"}]},{\"@type\":\"WebSite\",\"@id\":\"https:\\\/\\\/diariotextual.com\\\/inicio\\\/#website\",\"url\":\"https:\\\/\\\/diariotextual.com\\\/inicio\\\/\",\"name\":\"Diario Textual\",\"description\":\"\",\"publisher\":{\"@id\":\"https:\\\/\\\/diariotextual.com\\\/inicio\\\/#organization\"},\"potentialAction\":[{\"@type\":\"SearchAction\",\"target\":{\"@type\":\"EntryPoint\",\"urlTemplate\":\"https:\\\/\\\/diariotextual.com\\\/inicio\\\/?s={search_term_string}\"},\"query-input\":{\"@type\":\"PropertyValueSpecification\",\"valueRequired\":true,\"valueName\":\"search_term_string\"}}],\"inLanguage\":\"es\"},{\"@type\":\"Organization\",\"@id\":\"https:\\\/\\\/diariotextual.com\\\/inicio\\\/#organization\",\"name\":\"Diario Textual\",\"url\":\"https:\\\/\\\/diariotextual.com\\\/inicio\\\/\",\"logo\":{\"@type\":\"ImageObject\",\"inLanguage\":\"es\",\"@id\":\"https:\\\/\\\/diariotextual.com\\\/inicio\\\/#\\\/schema\\\/logo\\\/image\\\/\",\"url\":\"https:\\\/\\\/diariotextual.com\\\/inicio\\\/wp-content\\\/uploads\\\/2023\\\/05\\\/logotextual1.jpg\",\"contentUrl\":\"https:\\\/\\\/diariotextual.com\\\/inicio\\\/wp-content\\\/uploads\\\/2023\\\/05\\\/logotextual1.jpg\",\"width\":516,\"height\":76,\"caption\":\"Diario Textual\"},\"image\":{\"@id\":\"https:\\\/\\\/diariotextual.com\\\/inicio\\\/#\\\/schema\\\/logo\\\/image\\\/\"},\"sameAs\":[\"https:\\\/\\\/www.facebook.com\\\/eltextual\",\"https:\\\/\\\/x.com\\\/eltextual\",\"http:\\\/\\\/www.instagram.com\\\/eltextual\"]},{\"@type\":\"Person\",\"@id\":\"https:\\\/\\\/diariotextual.com\\\/inicio\\\/#\\\/schema\\\/person\\\/a1b6f563e0ee944c60f98119389a4d9f\",\"name\":\"diario3\",\"image\":{\"@type\":\"ImageObject\",\"inLanguage\":\"es\",\"@id\":\"https:\\\/\\\/secure.gravatar.com\\\/avatar\\\/5e7ee62c82fc04d9dd79d746a390d93c69c43223e5faeeb3ea9461ef752bfc5d?s=96&d=mm&r=g\",\"url\":\"https:\\\/\\\/secure.gravatar.com\\\/avatar\\\/5e7ee62c82fc04d9dd79d746a390d93c69c43223e5faeeb3ea9461ef752bfc5d?s=96&d=mm&r=g\",\"contentUrl\":\"https:\\\/\\\/secure.gravatar.com\\\/avatar\\\/5e7ee62c82fc04d9dd79d746a390d93c69c43223e5faeeb3ea9461ef752bfc5d?s=96&d=mm&r=g\",\"caption\":\"diario3\"},\"url\":\"https:\\\/\\\/diariotextual.com\\\/inicio\\\/index.php\\\/author\\\/diario3\\\/\"}]}<\/script>\n<!-- \/ Yoast SEO plugin. -->","yoast_head_json":{"title":"\u201cLa situaci\u00f3n es cr\u00edtica; la m\u00e1s preocupante desde que empez\u00f3 la pandemia\u201d - Diario Textual","robots":{"index":"index","follow":"follow","max-snippet":"max-snippet:-1","max-image-preview":"max-image-preview:large","max-video-preview":"max-video-preview:-1"},"canonical":"https:\/\/diariotextual.com\/inicio\/index.php\/2021\/05\/21\/la-situacion-es-critica-la-mas-preocupante-desde-que-empezo-la-pandemia\/","og_locale":"es_ES","og_type":"article","og_title":"\u201cLa situaci\u00f3n es cr\u00edtica; la m\u00e1s preocupante desde que empez\u00f3 la pandemia\u201d - Diario Textual","og_description":"La ministra de Salud, Carla Vizzotti, advirti\u00f3 hoy que la situaci\u00f3n epidemiol\u00f3gica por la segunda ola de coronavirus es \u201cla m\u00e1s preocupante\u201d desde que empez\u00f3 la pandemia y admiti\u00f3 que&hellip;","og_url":"https:\/\/diariotextual.com\/inicio\/index.php\/2021\/05\/21\/la-situacion-es-critica-la-mas-preocupante-desde-que-empezo-la-pandemia\/","og_site_name":"Diario Textual","article_publisher":"https:\/\/www.facebook.com\/eltextual","article_published_time":"2021-05-21T14:16:32+00:00","article_modified_time":"2021-05-21T16:41:06+00:00","og_image":[{"width":700,"height":394,"url":"https:\/\/diariotextual.com\/inicio\/wp-content\/uploads\/2021\/05\/vizzotticarlamayo2021.jpg","type":"image\/jpeg"}],"author":"diario3","twitter_card":"summary_large_image","twitter_creator":"@eltextual","twitter_site":"@eltextual","twitter_misc":{"Escrito por":"diario3","Tiempo de lectura":"3 minutos"},"schema":{"@context":"https:\/\/schema.org","@graph":[{"@type":"Article","@id":"https:\/\/diariotextual.com\/inicio\/index.php\/2021\/05\/21\/la-situacion-es-critica-la-mas-preocupante-desde-que-empezo-la-pandemia\/#article","isPartOf":{"@id":"https:\/\/diariotextual.com\/inicio\/index.php\/2021\/05\/21\/la-situacion-es-critica-la-mas-preocupante-desde-que-empezo-la-pandemia\/"},"author":{"name":"diario3","@id":"https:\/\/diariotextual.com\/inicio\/#\/schema\/person\/a1b6f563e0ee944c60f98119389a4d9f"},"headline":"\u201cLa situaci\u00f3n es cr\u00edtica; la m\u00e1s preocupante desde que empez\u00f3 la pandemia\u201d","datePublished":"2021-05-21T14:16:32+00:00","dateModified":"2021-05-21T16:41:06+00:00","mainEntityOfPage":{"@id":"https:\/\/diariotextual.com\/inicio\/index.php\/2021\/05\/21\/la-situacion-es-critica-la-mas-preocupante-desde-que-empezo-la-pandemia\/"},"wordCount":526,"publisher":{"@id":"https:\/\/diariotextual.com\/inicio\/#organization"},"image":{"@id":"https:\/\/diariotextual.com\/inicio\/index.php\/2021\/05\/21\/la-situacion-es-critica-la-mas-preocupante-desde-que-empezo-la-pandemia\/#primaryimage"},"thumbnailUrl":"https:\/\/diariotextual.com\/inicio\/wp-content\/uploads\/2021\/05\/vizzotticarlamayo2021.jpg","keywords":["coronavirus","pandemia","vacunas","vizzotti"],"articleSection":["A - PORTADA2","SOCIEDAD"],"inLanguage":"es"},{"@type":"WebPage","@id":"https:\/\/diariotextual.com\/inicio\/index.php\/2021\/05\/21\/la-situacion-es-critica-la-mas-preocupante-desde-que-empezo-la-pandemia\/","url":"https:\/\/diariotextual.com\/inicio\/index.php\/2021\/05\/21\/la-situacion-es-critica-la-mas-preocupante-desde-que-empezo-la-pandemia\/","name":"\u201cLa situaci\u00f3n es cr\u00edtica; la m\u00e1s preocupante desde que empez\u00f3 la pandemia\u201d - Diario Textual","isPartOf":{"@id":"https:\/\/diariotextual.com\/inicio\/#website"},"primaryImageOfPage":{"@id":"https:\/\/diariotextual.com\/inicio\/index.php\/2021\/05\/21\/la-situacion-es-critica-la-mas-preocupante-desde-que-empezo-la-pandemia\/#primaryimage"},"image":{"@id":"https:\/\/diariotextual.com\/inicio\/index.php\/2021\/05\/21\/la-situacion-es-critica-la-mas-preocupante-desde-que-empezo-la-pandemia\/#primaryimage"},"thumbnailUrl":"https:\/\/diariotextual.com\/inicio\/wp-content\/uploads\/2021\/05\/vizzotticarlamayo2021.jpg","datePublished":"2021-05-21T14:16:32+00:00","dateModified":"2021-05-21T16:41:06+00:00","breadcrumb":{"@id":"https:\/\/diariotextual.com\/inicio\/index.php\/2021\/05\/21\/la-situacion-es-critica-la-mas-preocupante-desde-que-empezo-la-pandemia\/#breadcrumb"},"inLanguage":"es","potentialAction":[{"@type":"ReadAction","target":["https:\/\/diariotextual.com\/inicio\/index.php\/2021\/05\/21\/la-situacion-es-critica-la-mas-preocupante-desde-que-empezo-la-pandemia\/"]}]},{"@type":"ImageObject","inLanguage":"es","@id":"https:\/\/diariotextual.com\/inicio\/index.php\/2021\/05\/21\/la-situacion-es-critica-la-mas-preocupante-desde-que-empezo-la-pandemia\/#primaryimage","url":"https:\/\/diariotextual.com\/inicio\/wp-content\/uploads\/2021\/05\/vizzotticarlamayo2021.jpg","contentUrl":"https:\/\/diariotextual.com\/inicio\/wp-content\/uploads\/2021\/05\/vizzotticarlamayo2021.jpg","width":700,"height":394},{"@type":"BreadcrumbList","@id":"https:\/\/diariotextual.com\/inicio\/index.php\/2021\/05\/21\/la-situacion-es-critica-la-mas-preocupante-desde-que-empezo-la-pandemia\/#breadcrumb","itemListElement":[{"@type":"ListItem","position":1,"name":"Portada","item":"https:\/\/diariotextual.com\/inicio\/"},{"@type":"ListItem","position":2,"name":"\u201cLa situaci\u00f3n es cr\u00edtica; la m\u00e1s preocupante desde que empez\u00f3 la pandemia\u201d"}]},{"@type":"WebSite","@id":"https:\/\/diariotextual.com\/inicio\/#website","url":"https:\/\/diariotextual.com\/inicio\/","name":"Diario Textual","description":"","publisher":{"@id":"https:\/\/diariotextual.com\/inicio\/#organization"},"potentialAction":[{"@type":"SearchAction","target":{"@type":"EntryPoint","urlTemplate":"https:\/\/diariotextual.com\/inicio\/?s={search_term_string}"},"query-input":{"@type":"PropertyValueSpecification","valueRequired":true,"valueName":"search_term_string"}}],"inLanguage":"es"},{"@type":"Organization","@id":"https:\/\/diariotextual.com\/inicio\/#organization","name":"Diario Textual","url":"https:\/\/diariotextual.com\/inicio\/","logo":{"@type":"ImageObject","inLanguage":"es","@id":"https:\/\/diariotextual.com\/inicio\/#\/schema\/logo\/image\/","url":"https:\/\/diariotextual.com\/inicio\/wp-content\/uploads\/2023\/05\/logotextual1.jpg","contentUrl":"https:\/\/diariotextual.com\/inicio\/wp-content\/uploads\/2023\/05\/logotextual1.jpg","width":516,"height":76,"caption":"Diario Textual"},"image":{"@id":"https:\/\/diariotextual.com\/inicio\/#\/schema\/logo\/image\/"},"sameAs":["https:\/\/www.facebook.com\/eltextual","https:\/\/x.com\/eltextual","http:\/\/www.instagram.com\/eltextual"]},{"@type":"Person","@id":"https:\/\/diariotextual.com\/inicio\/#\/schema\/person\/a1b6f563e0ee944c60f98119389a4d9f","name":"diario3","image":{"@type":"ImageObject","inLanguage":"es","@id":"https:\/\/secure.gravatar.com\/avatar\/5e7ee62c82fc04d9dd79d746a390d93c69c43223e5faeeb3ea9461ef752bfc5d?s=96&d=mm&r=g","url":"https:\/\/secure.gravatar.com\/avatar\/5e7ee62c82fc04d9dd79d746a390d93c69c43223e5faeeb3ea9461ef752bfc5d?s=96&d=mm&r=g","contentUrl":"https:\/\/secure.gravatar.com\/avatar\/5e7ee62c82fc04d9dd79d746a390d93c69c43223e5faeeb3ea9461ef752bfc5d?s=96&d=mm&r=g","caption":"diario3"},"url":"https:\/\/diariotextual.com\/inicio\/index.php\/author\/diario3\/"}]}},"_links":{"self":[{"href":"https:\/\/diariotextual.com\/inicio\/index.php\/wp-json\/wp\/v2\/posts\/146920","targetHints":{"allow":["GET"]}}],"collection":[{"href":"https:\/\/diariotextual.com\/inicio\/index.php\/wp-json\/wp\/v2\/posts"}],"about":[{"href":"https:\/\/diariotextual.com\/inicio\/index.php\/wp-json\/wp\/v2\/types\/post"}],"author":[{"embeddable":true,"href":"https:\/\/diariotextual.com\/inicio\/index.php\/wp-json\/wp\/v2\/users\/5"}],"replies":[{"embeddable":true,"href":"https:\/\/diariotextual.com\/inicio\/index.php\/wp-json\/wp\/v2\/comments?post=146920"}],"version-history":[{"count":1,"href":"https:\/\/diariotextual.com\/inicio\/index.php\/wp-json\/wp\/v2\/posts\/146920\/revisions"}],"predecessor-version":[{"id":146922,"href":"https:\/\/diariotextual.com\/inicio\/index.php\/wp-json\/wp\/v2\/posts\/146920\/revisions\/146922"}],"wp:featuredmedia":[{"embeddable":true,"href":"https:\/\/diariotextual.com\/inicio\/index.php\/wp-json\/wp\/v2\/media\/146921"}],"wp:attachment":[{"href":"https:\/\/diariotextual.com\/inicio\/index.php\/wp-json\/wp\/v2\/media?parent=146920"}],"wp:term":[{"taxonomy":"category","embeddable":true,"href":"https:\/\/diariotextual.com\/inicio\/index.php\/wp-json\/wp\/v2\/categories?post=146920"},{"taxonomy":"post_tag","embeddable":true,"href":"https:\/\/diariotextual.com\/inicio\/index.php\/wp-json\/wp\/v2\/tags?post=146920"}],"curies":[{"name":"wp","href":"https:\/\/api.w.org\/{rel}","templated":true}]}}