{"id":147178,"date":"2021-05-22T20:38:07","date_gmt":"2021-05-22T23:38:07","guid":{"rendered":"https:\/\/diariotextual.com\/inicio\/?p=147178"},"modified":"2021-05-23T09:12:45","modified_gmt":"2021-05-23T12:12:45","slug":"covid-en-la-pampa-596-nuevos-positivos-y-3-fallecimientos","status":"publish","type":"post","link":"https:\/\/diariotextual.com\/inicio\/index.php\/2021\/05\/22\/covid-en-la-pampa-596-nuevos-positivos-y-3-fallecimientos\/","title":{"rendered":"Covid en La Pampa: 596 nuevos positivos y 3 fallecimientos"},"content":{"rendered":"\n<p>El Ministerio de Salud de La Pampa inform\u00f3 que este s\u00e1bado se registraron<strong> 596 nuevos casos de coronavirus<\/strong> y report\u00f3 <strong>3 muertos<\/strong> en la provincia. Hay 18.503 aislados y 266 internados.<\/p>\n\n\n\n<p>Hoy se analizaron 2.115 muestras analizadas en toda la provincia: 1147 fueron por test r\u00e1pidos y 968 por PCR.<\/p>\n\n\n\n<p>De los nuevos positivos, 231 corresponden a residentes en Santa Rosa, 86 a General Pico, 55 a Toay, 24 a Intendente Alvear, 20 a Guatrach\u00e9, 19 a Eduardo Castex, 17 a Trenel, 16 a Realic\u00f3, 16 a General Acha, 11 a Macach\u00edn, 9 a Quem\u00fa Quem\u00fa, 8 a Anguil, 7 a Ingeniero Luiggi, 7 a Winifreda, 6 a Victorica, 5 a General San Martin, 5 a Doblas, 5 a Agustoni, 5 a Tel\u00e9n, 5 a Tom\u00e1s M. de Anchorena, 4 a Jacinto Arauz, 4 a Ataliva Roca, 3 a Catril\u00f3, 3 a Alta Italia, 2 a 25 de Mayo, 2 a Parera, 2 a Bernardo Larroud\u00e9, 2 a Arata, 2 a Dorila, 2 a Rucanelo, 2 a Quehu\u00e9, 1 a V\u00e9rtiz, 1 a Miguel Riglos, 1 a Luan Toro, 1 a Lonquimay, 1 a Embajador Martini, 1 a Adolfo Van Praet, 1 a Caleuf\u00fa, 1 a Mauricio Mayer, 1 a General Manuel J. Campos, 1 a Ceballos y 1 a Carro Quemado.<\/p>\n\n\n\n<p>Hasta el cierre del parte diario se informaron tres fallecimientos, todos hombres: uno de 63 a\u00f1os de Pico; otro de 61 a\u00f1os de Castex; y finalmente uno de 80 de Speluzzi.<\/p>\n\n\n\n<figure class=\"wp-block-embed is-type-wp-embed is-provider-diario-textual wp-block-embed-diario-textual\"><div class=\"wp-block-embed__wrapper\">\n<blockquote class=\"wp-embedded-content\" data-secret=\"Ozhtm0ffAa\"><a href=\"https:\/\/diariotextual.com\/inicio\/index.php\/2021\/05\/22\/murio-un-hombre-en-cane-y-ya-son-500-los-fallecimientos-por-coronavirus-en-la-pampa\/\">Muri\u00f3 un hombre en Can\u00e9 y ya son 500 los fallecimientos por coronavirus en La Pampa<\/a><\/blockquote><iframe class=\"wp-embedded-content\" sandbox=\"allow-scripts\" security=\"restricted\" style=\"position: absolute; clip: rect(1px, 1px, 1px, 1px);\" title=\"\u00abMuri\u00f3 un hombre en Can\u00e9 y ya son 500 los fallecimientos por coronavirus en La Pampa\u00bb \u2014 Diario Textual\" src=\"https:\/\/diariotextual.com\/inicio\/index.php\/2021\/05\/22\/murio-un-hombre-en-cane-y-ya-son-500-los-fallecimientos-por-coronavirus-en-la-pampa\/embed\/#?secret=Ozhtm0ffAa\" data-secret=\"Ozhtm0ffAa\" width=\"600\" height=\"338\" frameborder=\"0\" marginwidth=\"0\" marginheight=\"0\" scrolling=\"no\"><\/iframe>\n<\/div><\/figure>\n\n\n\n<p><br>Desde el inicio de la pandemia, en la provincia se registraron un total de 39.721 casos positivos para Covid-19, de los cuales 7. 293 permanecen activos, 499 han fallecido y 31.929 se han recuperado (502 en el d\u00eda de hoy).<br><\/p>\n\n\n\n<p>Los casos confirmados activos est\u00e1n distribuidos en las siguientes localidades: 2.487 en Santa Rosa, 1.464 en General Pico, 485 en Toay, 286 en Eduardo Castex, 238 en 25 de Mayo, 152 en Intendente Alvear, 152 en Quem\u00fa Quem\u00fa, 151 en Victorica, 139 en Realic\u00f3, 115 enTrenel, 97 en Catril\u00f3, 92 en Macach\u00edn, 80 en General Acha, 79 en Ingeniero Luiggi, 70 en General San Martin, 68 en Santa Isabel, 66 en Puel\u00e9n, 62 en Colonia Bar\u00f3n, 57 en V\u00e9rtiz, 56 en Miguel Riglos, 53 en Guatrach\u00e9, 51 en Jacinto Arauz, 49 en Luan Toro, 47 en Anguil, 45 en Doblas, 42 en Agustoni, 34 en Lonquimay, 31 en Conhello, 31 en La Humada, 30 en Parera, 29 en Alta Italia, 27 en La Adela, 26 en Bernardo Larroud\u00e9, 26 en Monte Nievas, 24 en Winifreda, 22 en Ataliva Roca, 21 en Embajador Martini, 20 en Speluzzi, 20 en Arata, 19 en Dorila, 18 en Falucho, 18 en Uriburu, 17 en Caleuf\u00fa, 17 en Alpachiri, 15 en Adolfo Van Praet, 13 en Tel\u00e9n, 13 en Mauricio Mayer, 13 en Miguel Can\u00e9, 11 en Rucanelo, 10 en Tom\u00e1s M. de Anchorena, 10 en Villa Mirasol, 9 en Coronel Hilario Lagos, 9 en Sarah, 9 en Limay Mahuida, 7 en Quehu\u00e9, 7 en Bernasconi, 7 en La Reforma, 6 en General Manuel J. Campos, 6 en Ceballos, 5 en Metileo, 5 en Rancul, 4 en Per\u00fa, 4 en Pichi Huinca, 4 en Chos Malal, 3 en Carro Quemado, 3 en Quetrequ\u00e9n, 2 en Maisonnave, 2 en Abramo, 2 en La Maruja y 1 en Colonia Santa Teresa.<br><\/p>\n","protected":false},"excerpt":{"rendered":"<p>El Ministerio de Salud de La Pampa inform\u00f3 que este s\u00e1bado se registraron 596 nuevos casos de coronavirus y report\u00f3 3 muertos en la provincia. Hay 18.503 aislados y 266&hellip;<\/p>\n","protected":false},"author":3,"featured_media":147029,"comment_status":"closed","ping_status":"open","sticky":false,"template":"","format":"standard","meta":{"_acf_changed":false,"footnotes":""},"categories":[1,12],"tags":[2899],"class_list":["post-147178","post","type-post","status-publish","format-standard","has-post-thumbnail","hentry","category-es-noticia","category-sociedad","tag-covid"],"acf":[],"yoast_head":"<!-- This site is optimized with the Yoast SEO plugin v27.5 - https:\/\/yoast.com\/product\/yoast-seo-wordpress\/ -->\n<title>Covid en La Pampa: 596 nuevos positivos y 3 fallecimientos - Diario Textual<\/title>\n<meta name=\"robots\" content=\"index, follow, max-snippet:-1, max-image-preview:large, max-video-preview:-1\" \/>\n<link rel=\"canonical\" href=\"https:\/\/diariotextual.com\/inicio\/index.php\/2021\/05\/22\/covid-en-la-pampa-596-nuevos-positivos-y-3-fallecimientos\/\" \/>\n<meta property=\"og:locale\" content=\"es_ES\" \/>\n<meta property=\"og:type\" content=\"article\" \/>\n<meta property=\"og:title\" content=\"Covid en La Pampa: 596 nuevos positivos y 3 fallecimientos - Diario Textual\" \/>\n<meta property=\"og:description\" content=\"El Ministerio de Salud de La Pampa inform\u00f3 que este s\u00e1bado se registraron 596 nuevos casos de coronavirus y report\u00f3 3 muertos en la provincia. Hay 18.503 aislados y 266&hellip;\" \/>\n<meta property=\"og:url\" content=\"https:\/\/diariotextual.com\/inicio\/index.php\/2021\/05\/22\/covid-en-la-pampa-596-nuevos-positivos-y-3-fallecimientos\/\" \/>\n<meta property=\"og:site_name\" content=\"Diario Textual\" \/>\n<meta property=\"article:publisher\" content=\"https:\/\/www.facebook.com\/eltextual\" \/>\n<meta property=\"article:published_time\" content=\"2021-05-22T23:38:07+00:00\" \/>\n<meta property=\"article:modified_time\" content=\"2021-05-23T12:12:45+00:00\" \/>\n<meta property=\"og:image\" content=\"https:\/\/diariotextual.com\/inicio\/wp-content\/uploads\/2021\/05\/coronaviruslapampahisoparsetesteos2021-4.jpg\" \/>\n\t<meta property=\"og:image:width\" content=\"917\" \/>\n\t<meta property=\"og:image:height\" content=\"590\" \/>\n\t<meta property=\"og:image:type\" content=\"image\/jpeg\" \/>\n<meta name=\"author\" content=\"Diario1 Diario1\" \/>\n<meta name=\"twitter:card\" content=\"summary_large_image\" \/>\n<meta name=\"twitter:creator\" content=\"@eltextual\" \/>\n<meta name=\"twitter:site\" content=\"@eltextual\" \/>\n<meta name=\"twitter:label1\" content=\"Escrito por\" \/>\n\t<meta name=\"twitter:data1\" content=\"Diario1 Diario1\" \/>\n\t<meta name=\"twitter:label2\" content=\"Tiempo de lectura\" \/>\n\t<meta name=\"twitter:data2\" content=\"3 minutos\" \/>\n<script type=\"application\/ld+json\" class=\"yoast-schema-graph\">{\"@context\":\"https:\\\/\\\/schema.org\",\"@graph\":[{\"@type\":\"Article\",\"@id\":\"https:\\\/\\\/diariotextual.com\\\/inicio\\\/index.php\\\/2021\\\/05\\\/22\\\/covid-en-la-pampa-596-nuevos-positivos-y-3-fallecimientos\\\/#article\",\"isPartOf\":{\"@id\":\"https:\\\/\\\/diariotextual.com\\\/inicio\\\/index.php\\\/2021\\\/05\\\/22\\\/covid-en-la-pampa-596-nuevos-positivos-y-3-fallecimientos\\\/\"},\"author\":{\"name\":\"Diario1 Diario1\",\"@id\":\"https:\\\/\\\/diariotextual.com\\\/inicio\\\/#\\\/schema\\\/person\\\/418fc4093c33e86ed41562db3508f958\"},\"headline\":\"Covid en La Pampa: 596 nuevos positivos y 3 fallecimientos\",\"datePublished\":\"2021-05-22T23:38:07+00:00\",\"dateModified\":\"2021-05-23T12:12:45+00:00\",\"mainEntityOfPage\":{\"@id\":\"https:\\\/\\\/diariotextual.com\\\/inicio\\\/index.php\\\/2021\\\/05\\\/22\\\/covid-en-la-pampa-596-nuevos-positivos-y-3-fallecimientos\\\/\"},\"wordCount\":450,\"publisher\":{\"@id\":\"https:\\\/\\\/diariotextual.com\\\/inicio\\\/#organization\"},\"image\":{\"@id\":\"https:\\\/\\\/diariotextual.com\\\/inicio\\\/index.php\\\/2021\\\/05\\\/22\\\/covid-en-la-pampa-596-nuevos-positivos-y-3-fallecimientos\\\/#primaryimage\"},\"thumbnailUrl\":\"https:\\\/\\\/diariotextual.com\\\/inicio\\\/wp-content\\\/uploads\\\/2021\\\/05\\\/coronaviruslapampahisoparsetesteos2021-4.jpg\",\"keywords\":[\"covid\"],\"articleSection\":[\"A - ES NOTICIA (van abajo)\",\"SOCIEDAD\"],\"inLanguage\":\"es\"},{\"@type\":\"WebPage\",\"@id\":\"https:\\\/\\\/diariotextual.com\\\/inicio\\\/index.php\\\/2021\\\/05\\\/22\\\/covid-en-la-pampa-596-nuevos-positivos-y-3-fallecimientos\\\/\",\"url\":\"https:\\\/\\\/diariotextual.com\\\/inicio\\\/index.php\\\/2021\\\/05\\\/22\\\/covid-en-la-pampa-596-nuevos-positivos-y-3-fallecimientos\\\/\",\"name\":\"Covid en La Pampa: 596 nuevos positivos y 3 fallecimientos - Diario Textual\",\"isPartOf\":{\"@id\":\"https:\\\/\\\/diariotextual.com\\\/inicio\\\/#website\"},\"primaryImageOfPage\":{\"@id\":\"https:\\\/\\\/diariotextual.com\\\/inicio\\\/index.php\\\/2021\\\/05\\\/22\\\/covid-en-la-pampa-596-nuevos-positivos-y-3-fallecimientos\\\/#primaryimage\"},\"image\":{\"@id\":\"https:\\\/\\\/diariotextual.com\\\/inicio\\\/index.php\\\/2021\\\/05\\\/22\\\/covid-en-la-pampa-596-nuevos-positivos-y-3-fallecimientos\\\/#primaryimage\"},\"thumbnailUrl\":\"https:\\\/\\\/diariotextual.com\\\/inicio\\\/wp-content\\\/uploads\\\/2021\\\/05\\\/coronaviruslapampahisoparsetesteos2021-4.jpg\",\"datePublished\":\"2021-05-22T23:38:07+00:00\",\"dateModified\":\"2021-05-23T12:12:45+00:00\",\"breadcrumb\":{\"@id\":\"https:\\\/\\\/diariotextual.com\\\/inicio\\\/index.php\\\/2021\\\/05\\\/22\\\/covid-en-la-pampa-596-nuevos-positivos-y-3-fallecimientos\\\/#breadcrumb\"},\"inLanguage\":\"es\",\"potentialAction\":[{\"@type\":\"ReadAction\",\"target\":[\"https:\\\/\\\/diariotextual.com\\\/inicio\\\/index.php\\\/2021\\\/05\\\/22\\\/covid-en-la-pampa-596-nuevos-positivos-y-3-fallecimientos\\\/\"]}]},{\"@type\":\"ImageObject\",\"inLanguage\":\"es\",\"@id\":\"https:\\\/\\\/diariotextual.com\\\/inicio\\\/index.php\\\/2021\\\/05\\\/22\\\/covid-en-la-pampa-596-nuevos-positivos-y-3-fallecimientos\\\/#primaryimage\",\"url\":\"https:\\\/\\\/diariotextual.com\\\/inicio\\\/wp-content\\\/uploads\\\/2021\\\/05\\\/coronaviruslapampahisoparsetesteos2021-4.jpg\",\"contentUrl\":\"https:\\\/\\\/diariotextual.com\\\/inicio\\\/wp-content\\\/uploads\\\/2021\\\/05\\\/coronaviruslapampahisoparsetesteos2021-4.jpg\",\"width\":917,\"height\":590},{\"@type\":\"BreadcrumbList\",\"@id\":\"https:\\\/\\\/diariotextual.com\\\/inicio\\\/index.php\\\/2021\\\/05\\\/22\\\/covid-en-la-pampa-596-nuevos-positivos-y-3-fallecimientos\\\/#breadcrumb\",\"itemListElement\":[{\"@type\":\"ListItem\",\"position\":1,\"name\":\"Portada\",\"item\":\"https:\\\/\\\/diariotextual.com\\\/inicio\\\/\"},{\"@type\":\"ListItem\",\"position\":2,\"name\":\"Covid en La Pampa: 596 nuevos positivos y 3 fallecimientos\"}]},{\"@type\":\"WebSite\",\"@id\":\"https:\\\/\\\/diariotextual.com\\\/inicio\\\/#website\",\"url\":\"https:\\\/\\\/diariotextual.com\\\/inicio\\\/\",\"name\":\"Diario Textual\",\"description\":\"\",\"publisher\":{\"@id\":\"https:\\\/\\\/diariotextual.com\\\/inicio\\\/#organization\"},\"potentialAction\":[{\"@type\":\"SearchAction\",\"target\":{\"@type\":\"EntryPoint\",\"urlTemplate\":\"https:\\\/\\\/diariotextual.com\\\/inicio\\\/?s={search_term_string}\"},\"query-input\":{\"@type\":\"PropertyValueSpecification\",\"valueRequired\":true,\"valueName\":\"search_term_string\"}}],\"inLanguage\":\"es\"},{\"@type\":\"Organization\",\"@id\":\"https:\\\/\\\/diariotextual.com\\\/inicio\\\/#organization\",\"name\":\"Diario Textual\",\"url\":\"https:\\\/\\\/diariotextual.com\\\/inicio\\\/\",\"logo\":{\"@type\":\"ImageObject\",\"inLanguage\":\"es\",\"@id\":\"https:\\\/\\\/diariotextual.com\\\/inicio\\\/#\\\/schema\\\/logo\\\/image\\\/\",\"url\":\"https:\\\/\\\/diariotextual.com\\\/inicio\\\/wp-content\\\/uploads\\\/2023\\\/05\\\/logotextual1.jpg\",\"contentUrl\":\"https:\\\/\\\/diariotextual.com\\\/inicio\\\/wp-content\\\/uploads\\\/2023\\\/05\\\/logotextual1.jpg\",\"width\":516,\"height\":76,\"caption\":\"Diario Textual\"},\"image\":{\"@id\":\"https:\\\/\\\/diariotextual.com\\\/inicio\\\/#\\\/schema\\\/logo\\\/image\\\/\"},\"sameAs\":[\"https:\\\/\\\/www.facebook.com\\\/eltextual\",\"https:\\\/\\\/x.com\\\/eltextual\",\"http:\\\/\\\/www.instagram.com\\\/eltextual\"]},{\"@type\":\"Person\",\"@id\":\"https:\\\/\\\/diariotextual.com\\\/inicio\\\/#\\\/schema\\\/person\\\/418fc4093c33e86ed41562db3508f958\",\"name\":\"Diario1 Diario1\",\"image\":{\"@type\":\"ImageObject\",\"inLanguage\":\"es\",\"@id\":\"https:\\\/\\\/secure.gravatar.com\\\/avatar\\\/9167d280179c85bc18be67aa7eda765854300033af4896dd779b608640f2ef7a?s=96&d=mm&r=g\",\"url\":\"https:\\\/\\\/secure.gravatar.com\\\/avatar\\\/9167d280179c85bc18be67aa7eda765854300033af4896dd779b608640f2ef7a?s=96&d=mm&r=g\",\"contentUrl\":\"https:\\\/\\\/secure.gravatar.com\\\/avatar\\\/9167d280179c85bc18be67aa7eda765854300033af4896dd779b608640f2ef7a?s=96&d=mm&r=g\",\"caption\":\"Diario1 Diario1\"},\"url\":\"https:\\\/\\\/diariotextual.com\\\/inicio\\\/index.php\\\/author\\\/diario1\\\/\"}]}<\/script>\n<!-- \/ Yoast SEO plugin. -->","yoast_head_json":{"title":"Covid en La Pampa: 596 nuevos positivos y 3 fallecimientos - Diario Textual","robots":{"index":"index","follow":"follow","max-snippet":"max-snippet:-1","max-image-preview":"max-image-preview:large","max-video-preview":"max-video-preview:-1"},"canonical":"https:\/\/diariotextual.com\/inicio\/index.php\/2021\/05\/22\/covid-en-la-pampa-596-nuevos-positivos-y-3-fallecimientos\/","og_locale":"es_ES","og_type":"article","og_title":"Covid en La Pampa: 596 nuevos positivos y 3 fallecimientos - Diario Textual","og_description":"El Ministerio de Salud de La Pampa inform\u00f3 que este s\u00e1bado se registraron 596 nuevos casos de coronavirus y report\u00f3 3 muertos en la provincia. Hay 18.503 aislados y 266&hellip;","og_url":"https:\/\/diariotextual.com\/inicio\/index.php\/2021\/05\/22\/covid-en-la-pampa-596-nuevos-positivos-y-3-fallecimientos\/","og_site_name":"Diario Textual","article_publisher":"https:\/\/www.facebook.com\/eltextual","article_published_time":"2021-05-22T23:38:07+00:00","article_modified_time":"2021-05-23T12:12:45+00:00","og_image":[{"width":917,"height":590,"url":"https:\/\/diariotextual.com\/inicio\/wp-content\/uploads\/2021\/05\/coronaviruslapampahisoparsetesteos2021-4.jpg","type":"image\/jpeg"}],"author":"Diario1 Diario1","twitter_card":"summary_large_image","twitter_creator":"@eltextual","twitter_site":"@eltextual","twitter_misc":{"Escrito por":"Diario1 Diario1","Tiempo de lectura":"3 minutos"},"schema":{"@context":"https:\/\/schema.org","@graph":[{"@type":"Article","@id":"https:\/\/diariotextual.com\/inicio\/index.php\/2021\/05\/22\/covid-en-la-pampa-596-nuevos-positivos-y-3-fallecimientos\/#article","isPartOf":{"@id":"https:\/\/diariotextual.com\/inicio\/index.php\/2021\/05\/22\/covid-en-la-pampa-596-nuevos-positivos-y-3-fallecimientos\/"},"author":{"name":"Diario1 Diario1","@id":"https:\/\/diariotextual.com\/inicio\/#\/schema\/person\/418fc4093c33e86ed41562db3508f958"},"headline":"Covid en La Pampa: 596 nuevos positivos y 3 fallecimientos","datePublished":"2021-05-22T23:38:07+00:00","dateModified":"2021-05-23T12:12:45+00:00","mainEntityOfPage":{"@id":"https:\/\/diariotextual.com\/inicio\/index.php\/2021\/05\/22\/covid-en-la-pampa-596-nuevos-positivos-y-3-fallecimientos\/"},"wordCount":450,"publisher":{"@id":"https:\/\/diariotextual.com\/inicio\/#organization"},"image":{"@id":"https:\/\/diariotextual.com\/inicio\/index.php\/2021\/05\/22\/covid-en-la-pampa-596-nuevos-positivos-y-3-fallecimientos\/#primaryimage"},"thumbnailUrl":"https:\/\/diariotextual.com\/inicio\/wp-content\/uploads\/2021\/05\/coronaviruslapampahisoparsetesteos2021-4.jpg","keywords":["covid"],"articleSection":["A - ES NOTICIA (van abajo)","SOCIEDAD"],"inLanguage":"es"},{"@type":"WebPage","@id":"https:\/\/diariotextual.com\/inicio\/index.php\/2021\/05\/22\/covid-en-la-pampa-596-nuevos-positivos-y-3-fallecimientos\/","url":"https:\/\/diariotextual.com\/inicio\/index.php\/2021\/05\/22\/covid-en-la-pampa-596-nuevos-positivos-y-3-fallecimientos\/","name":"Covid en La Pampa: 596 nuevos positivos y 3 fallecimientos - Diario Textual","isPartOf":{"@id":"https:\/\/diariotextual.com\/inicio\/#website"},"primaryImageOfPage":{"@id":"https:\/\/diariotextual.com\/inicio\/index.php\/2021\/05\/22\/covid-en-la-pampa-596-nuevos-positivos-y-3-fallecimientos\/#primaryimage"},"image":{"@id":"https:\/\/diariotextual.com\/inicio\/index.php\/2021\/05\/22\/covid-en-la-pampa-596-nuevos-positivos-y-3-fallecimientos\/#primaryimage"},"thumbnailUrl":"https:\/\/diariotextual.com\/inicio\/wp-content\/uploads\/2021\/05\/coronaviruslapampahisoparsetesteos2021-4.jpg","datePublished":"2021-05-22T23:38:07+00:00","dateModified":"2021-05-23T12:12:45+00:00","breadcrumb":{"@id":"https:\/\/diariotextual.com\/inicio\/index.php\/2021\/05\/22\/covid-en-la-pampa-596-nuevos-positivos-y-3-fallecimientos\/#breadcrumb"},"inLanguage":"es","potentialAction":[{"@type":"ReadAction","target":["https:\/\/diariotextual.com\/inicio\/index.php\/2021\/05\/22\/covid-en-la-pampa-596-nuevos-positivos-y-3-fallecimientos\/"]}]},{"@type":"ImageObject","inLanguage":"es","@id":"https:\/\/diariotextual.com\/inicio\/index.php\/2021\/05\/22\/covid-en-la-pampa-596-nuevos-positivos-y-3-fallecimientos\/#primaryimage","url":"https:\/\/diariotextual.com\/inicio\/wp-content\/uploads\/2021\/05\/coronaviruslapampahisoparsetesteos2021-4.jpg","contentUrl":"https:\/\/diariotextual.com\/inicio\/wp-content\/uploads\/2021\/05\/coronaviruslapampahisoparsetesteos2021-4.jpg","width":917,"height":590},{"@type":"BreadcrumbList","@id":"https:\/\/diariotextual.com\/inicio\/index.php\/2021\/05\/22\/covid-en-la-pampa-596-nuevos-positivos-y-3-fallecimientos\/#breadcrumb","itemListElement":[{"@type":"ListItem","position":1,"name":"Portada","item":"https:\/\/diariotextual.com\/inicio\/"},{"@type":"ListItem","position":2,"name":"Covid en La Pampa: 596 nuevos positivos y 3 fallecimientos"}]},{"@type":"WebSite","@id":"https:\/\/diariotextual.com\/inicio\/#website","url":"https:\/\/diariotextual.com\/inicio\/","name":"Diario Textual","description":"","publisher":{"@id":"https:\/\/diariotextual.com\/inicio\/#organization"},"potentialAction":[{"@type":"SearchAction","target":{"@type":"EntryPoint","urlTemplate":"https:\/\/diariotextual.com\/inicio\/?s={search_term_string}"},"query-input":{"@type":"PropertyValueSpecification","valueRequired":true,"valueName":"search_term_string"}}],"inLanguage":"es"},{"@type":"Organization","@id":"https:\/\/diariotextual.com\/inicio\/#organization","name":"Diario Textual","url":"https:\/\/diariotextual.com\/inicio\/","logo":{"@type":"ImageObject","inLanguage":"es","@id":"https:\/\/diariotextual.com\/inicio\/#\/schema\/logo\/image\/","url":"https:\/\/diariotextual.com\/inicio\/wp-content\/uploads\/2023\/05\/logotextual1.jpg","contentUrl":"https:\/\/diariotextual.com\/inicio\/wp-content\/uploads\/2023\/05\/logotextual1.jpg","width":516,"height":76,"caption":"Diario Textual"},"image":{"@id":"https:\/\/diariotextual.com\/inicio\/#\/schema\/logo\/image\/"},"sameAs":["https:\/\/www.facebook.com\/eltextual","https:\/\/x.com\/eltextual","http:\/\/www.instagram.com\/eltextual"]},{"@type":"Person","@id":"https:\/\/diariotextual.com\/inicio\/#\/schema\/person\/418fc4093c33e86ed41562db3508f958","name":"Diario1 Diario1","image":{"@type":"ImageObject","inLanguage":"es","@id":"https:\/\/secure.gravatar.com\/avatar\/9167d280179c85bc18be67aa7eda765854300033af4896dd779b608640f2ef7a?s=96&d=mm&r=g","url":"https:\/\/secure.gravatar.com\/avatar\/9167d280179c85bc18be67aa7eda765854300033af4896dd779b608640f2ef7a?s=96&d=mm&r=g","contentUrl":"https:\/\/secure.gravatar.com\/avatar\/9167d280179c85bc18be67aa7eda765854300033af4896dd779b608640f2ef7a?s=96&d=mm&r=g","caption":"Diario1 Diario1"},"url":"https:\/\/diariotextual.com\/inicio\/index.php\/author\/diario1\/"}]}},"_links":{"self":[{"href":"https:\/\/diariotextual.com\/inicio\/index.php\/wp-json\/wp\/v2\/posts\/147178","targetHints":{"allow":["GET"]}}],"collection":[{"href":"https:\/\/diariotextual.com\/inicio\/index.php\/wp-json\/wp\/v2\/posts"}],"about":[{"href":"https:\/\/diariotextual.com\/inicio\/index.php\/wp-json\/wp\/v2\/types\/post"}],"author":[{"embeddable":true,"href":"https:\/\/diariotextual.com\/inicio\/index.php\/wp-json\/wp\/v2\/users\/3"}],"replies":[{"embeddable":true,"href":"https:\/\/diariotextual.com\/inicio\/index.php\/wp-json\/wp\/v2\/comments?post=147178"}],"version-history":[{"count":10,"href":"https:\/\/diariotextual.com\/inicio\/index.php\/wp-json\/wp\/v2\/posts\/147178\/revisions"}],"predecessor-version":[{"id":147228,"href":"https:\/\/diariotextual.com\/inicio\/index.php\/wp-json\/wp\/v2\/posts\/147178\/revisions\/147228"}],"wp:featuredmedia":[{"embeddable":true,"href":"https:\/\/diariotextual.com\/inicio\/index.php\/wp-json\/wp\/v2\/media\/147029"}],"wp:attachment":[{"href":"https:\/\/diariotextual.com\/inicio\/index.php\/wp-json\/wp\/v2\/media?parent=147178"}],"wp:term":[{"taxonomy":"category","embeddable":true,"href":"https:\/\/diariotextual.com\/inicio\/index.php\/wp-json\/wp\/v2\/categories?post=147178"},{"taxonomy":"post_tag","embeddable":true,"href":"https:\/\/diariotextual.com\/inicio\/index.php\/wp-json\/wp\/v2\/tags?post=147178"}],"curies":[{"name":"wp","href":"https:\/\/api.w.org\/{rel}","templated":true}]}}