{"id":147199,"date":"2021-05-22T20:18:31","date_gmt":"2021-05-22T23:18:31","guid":{"rendered":"https:\/\/diariotextual.com\/inicio\/?p=147199"},"modified":"2021-05-23T10:25:35","modified_gmt":"2021-05-23T13:25:35","slug":"justicia-uruguaya-le-denego-el-habeas-corpus-a-pepin-rodriguez-simon","status":"publish","type":"post","link":"https:\/\/diariotextual.com\/inicio\/index.php\/2021\/05\/22\/justicia-uruguaya-le-denego-el-habeas-corpus-a-pepin-rodriguez-simon\/","title":{"rendered":"Justicia uruguaya le deneg\u00f3 el h\u00e1beas corpus a \u201cPep\u00edn\u201d Rodr\u00edguez Sim\u00f3n"},"content":{"rendered":"\n<p>La <strong>justicia penal de Montevideo, Uruguay, rechaz\u00f3 hoy la acci\u00f3n de habeas corpus presentada por el diputado del Parlasur Fabi\u00e1n \u201cPep\u00edn\u201d Rodr\u00edguez Sim\u00f3n <\/strong>(Cambiemos) por lo que el dirigente macrista no logr\u00f3 la herramienta judicial con la que pretend\u00eda asegurarse que no ser\u00eda detenido en ese pa\u00eds.<\/p>\n\n\n\n<p>La decisi\u00f3n fue adoptada por el Juez Letrado de Primera Instancia en lo Penal Marcelo Malvar, ante quien Rodr\u00edguez Sim\u00f3n hab\u00eda presentado un segundo h\u00e1beas corpus \u2013el primero fue rechazado el 7 de mayo- en el que sostuvo que es v\u00edctima de una persecuci\u00f3n pol\u00edtica y la justicia argentina busca detenerlo de forma arbitraria.<\/p>\n\n\n\n<p>La <strong>jueza federal Mar\u00eda Romilda Servini orden\u00f3 el mi\u00e9rcoles \u00faltimo la \u201cinmediata captura nacional e internacional a efectos de recibirle declaraci\u00f3n indagatoria\u201d a Rodr\u00edguez Sim\u00f3n<\/strong>, luego de que su abogado presentara un escrito ante el juzgado federal 1 en el que informaba que se encontraba en Uruguay tramitando un pedido para ser acogido como refugiado pol\u00edtico, inform\u00f3 la agencia T\u00e9lam.<\/p>\n\n\n\n<p>El fracaso de la acci\u00f3n de h\u00e1beas corpus coloca a Rodr\u00edguez Sim\u00f3n ante <strong>la posibilidad de ser detenido en Uruguay, aunque tan solo sea a los efectos de ser puesto a disposici\u00f3n del tribunal que vaya a tramitar la eventual extradici\u00f3n<\/strong>, una vez que est\u00e9n completados los pasos para ello.<\/p>\n\n\n\n<p>El<strong> juicio de extradici\u00f3n puede iniciarse y completarse mientras dure el tr\u00e1mite iniciado por \u201cPep\u00edn\u201d para ser considerado un refugiado pol\u00edtico<\/strong>, aunque el resultado del primero quedar\u00e1 sujeto a lo que decida la Comisi\u00f3n de Refugiados (CORE) de Uruguay.<\/p>\n\n\n\n<p>Esa <strong>entidad deber\u00e1 decidir si se le concede es estatus se garantizar\u00e1 no ser devuelto a la Argentina<\/strong>, algo que tampoco podr\u00e1 ocurrir durante el proceso.<\/p>\n\n\n\n<p>Al rechazar la acci\u00f3n con la que Rodr\u00edguez Sim\u00f3n pretend\u00eda garantizarse que no ser\u00eda detenido durante su estad\u00eda en Uruguay, el <strong>juez Malvar sostuvo que no logr\u00f3 demostrar que fuera a un perseguido pol\u00edtico ni que la justicia de Argentina hubiera impartido \u00f3rdenes arbitrarias<\/strong>.<\/p>\n\n\n\n<p>Para este segundo intento, \u201cPep\u00edn\u201d llev\u00f3 como novedad que la jueza Servini hab\u00eda ordenado su detenci\u00f3n tras considerar que estaba intentando sustraerse del proceso judicial, pero esa decisi\u00f3n no fue le\u00edda como un elemento suficiente para que la justicia uruguaya viera en Rodr\u00edguez Sim\u00f3n un perseguido.<\/p>\n\n\n\n<p>La resoluci\u00f3n de Servini \u201cno transparenta una clara y grosera ilegitimidad o arbitrariedad\u201d, sostuvo el juez Malvar en el fallo de seis p\u00e1ginas al que tuvo acceso la agencia T\u00e9lam, en el que adem\u00e1s resalt\u00f3: \u201cRodr\u00edguez Sim\u00f3n tiene aseguradas todas las garant\u00edas posibles, legales y convencionales, administrativas y jurisdiccionales, para solicitar y eventualmente obtener su condici\u00f3n de refugiado\u201d.<\/p>\n\n\n\n<p><strong>\u201cPep\u00edn\u201d est\u00e1 acusado de integrar una asociaci\u00f3n il\u00edcita que se habr\u00eda dedicado<\/strong>, entre otras cosas, a presionar a los accionistas del Grupo Indalo, Fabi\u00e1n De Sousa y Crist\u00f3bal L\u00f3pez, quienes as\u00ed lo denunciaron ante la justicia.<\/p>\n\n\n\n<p>En ese expediente <strong>tambi\u00e9n est\u00e1n imputados el expresidente Mauricio Macri, el exjefe de asesores presidenciales Jos\u00e9 Mar\u00eda Torello y el extitular de la AFIP, Alberto Abad,<\/strong> citado a indagatoria para el pr\u00f3ximo 9 de junio.<\/p>\n\n\n\n<p>El diputado del Parlasur y exdirector de YPF durante el gobierno de Macri, Rodr\u00edguez Sim\u00f3n, tiene asignada como fecha para su indagatoria, despu\u00e9s de reprogramaciones, el 17 de junio, pero ya anunci\u00f3 que no se presentar\u00e1.<\/p>\n\n\n\n<p>A principios de a\u00f1o, cuando lo llamaron a indagatoria y le prohibieron la salida del pa\u00eds, \u201cPep\u00edn\u201d avis\u00f3 a la justicia, a trav\u00e9s de su abogado, que estaba fuera del pa\u00eds y que volver\u00eda para cumplir con ese acto de defensa: present\u00f3 incluso una copia del pasaje de Buquebus emitido a su nombre que hab\u00eda sacado para el 15 de mayo.<\/p>\n\n\n\n<p>Ante la posibilidad de que Rodr\u00edguez Sim\u00f3n sea aprehendido en Uruguay, el juez Malvar exhort\u00f3 \u201ca las autoridades uruguayas \u2013 y en especial, al Ministerio del Interior e Interpol \u2013 a que, en caso de ser detenido en cumplimiento de los mandatos legales, se vele con especial cuidado por la vida, integridad f\u00edsica, intimidad y honor del actor, conforme las normas que acaban de citarse\u201d.<\/p>\n","protected":false},"excerpt":{"rendered":"<p>La justicia penal de Montevideo, Uruguay, rechaz\u00f3 hoy la acci\u00f3n de habeas corpus presentada por el diputado del Parlasur Fabi\u00e1n \u201cPep\u00edn\u201d Rodr\u00edguez Sim\u00f3n (Cambiemos) por lo que el dirigente macrista&hellip;<\/p>\n","protected":false},"author":5,"featured_media":146340,"comment_status":"closed","ping_status":"open","sticky":false,"template":"","format":"standard","meta":{"_acf_changed":false,"footnotes":""},"categories":[4,8],"tags":[5506,5508],"class_list":["post-147199","post","type-post","status-publish","format-standard","has-post-thumbnail","hentry","category-destacadas","category-politica","tag-pepin-rodriguez-simon","tag-servini-de-cubria"],"acf":[],"yoast_head":"<!-- This site is optimized with the Yoast SEO plugin v27.5 - https:\/\/yoast.com\/product\/yoast-seo-wordpress\/ -->\n<title>Justicia uruguaya le deneg\u00f3 el h\u00e1beas corpus a \u201cPep\u00edn\u201d Rodr\u00edguez Sim\u00f3n - Diario Textual<\/title>\n<meta name=\"robots\" content=\"index, follow, max-snippet:-1, max-image-preview:large, max-video-preview:-1\" \/>\n<link rel=\"canonical\" href=\"https:\/\/diariotextual.com\/inicio\/index.php\/2021\/05\/22\/justicia-uruguaya-le-denego-el-habeas-corpus-a-pepin-rodriguez-simon\/\" \/>\n<meta property=\"og:locale\" content=\"es_ES\" \/>\n<meta property=\"og:type\" content=\"article\" \/>\n<meta property=\"og:title\" content=\"Justicia uruguaya le deneg\u00f3 el h\u00e1beas corpus a \u201cPep\u00edn\u201d Rodr\u00edguez Sim\u00f3n - Diario Textual\" \/>\n<meta property=\"og:description\" content=\"La justicia penal de Montevideo, Uruguay, rechaz\u00f3 hoy la acci\u00f3n de habeas corpus presentada por el diputado del Parlasur Fabi\u00e1n \u201cPep\u00edn\u201d Rodr\u00edguez Sim\u00f3n (Cambiemos) por lo que el dirigente macrista&hellip;\" \/>\n<meta property=\"og:url\" content=\"https:\/\/diariotextual.com\/inicio\/index.php\/2021\/05\/22\/justicia-uruguaya-le-denego-el-habeas-corpus-a-pepin-rodriguez-simon\/\" \/>\n<meta property=\"og:site_name\" content=\"Diario Textual\" \/>\n<meta property=\"article:publisher\" content=\"https:\/\/www.facebook.com\/eltextual\" \/>\n<meta property=\"article:published_time\" content=\"2021-05-22T23:18:31+00:00\" \/>\n<meta property=\"article:modified_time\" content=\"2021-05-23T13:25:35+00:00\" \/>\n<meta property=\"og:image\" content=\"https:\/\/diariotextual.com\/inicio\/wp-content\/uploads\/2021\/05\/rodriguezsimonpepin001.jpg\" \/>\n\t<meta property=\"og:image:width\" content=\"768\" \/>\n\t<meta property=\"og:image:height\" content=\"512\" \/>\n\t<meta property=\"og:image:type\" content=\"image\/jpeg\" \/>\n<meta name=\"author\" content=\"diario3\" \/>\n<meta name=\"twitter:card\" content=\"summary_large_image\" \/>\n<meta name=\"twitter:creator\" content=\"@eltextual\" \/>\n<meta name=\"twitter:site\" content=\"@eltextual\" \/>\n<meta name=\"twitter:label1\" content=\"Escrito por\" \/>\n\t<meta name=\"twitter:data1\" content=\"diario3\" \/>\n\t<meta name=\"twitter:label2\" content=\"Tiempo de lectura\" \/>\n\t<meta name=\"twitter:data2\" content=\"3 minutos\" \/>\n<script type=\"application\/ld+json\" class=\"yoast-schema-graph\">{\"@context\":\"https:\\\/\\\/schema.org\",\"@graph\":[{\"@type\":\"Article\",\"@id\":\"https:\\\/\\\/diariotextual.com\\\/inicio\\\/index.php\\\/2021\\\/05\\\/22\\\/justicia-uruguaya-le-denego-el-habeas-corpus-a-pepin-rodriguez-simon\\\/#article\",\"isPartOf\":{\"@id\":\"https:\\\/\\\/diariotextual.com\\\/inicio\\\/index.php\\\/2021\\\/05\\\/22\\\/justicia-uruguaya-le-denego-el-habeas-corpus-a-pepin-rodriguez-simon\\\/\"},\"author\":{\"name\":\"diario3\",\"@id\":\"https:\\\/\\\/diariotextual.com\\\/inicio\\\/#\\\/schema\\\/person\\\/a1b6f563e0ee944c60f98119389a4d9f\"},\"headline\":\"Justicia uruguaya le deneg\u00f3 el h\u00e1beas corpus a \u201cPep\u00edn\u201d Rodr\u00edguez Sim\u00f3n\",\"datePublished\":\"2021-05-22T23:18:31+00:00\",\"dateModified\":\"2021-05-23T13:25:35+00:00\",\"mainEntityOfPage\":{\"@id\":\"https:\\\/\\\/diariotextual.com\\\/inicio\\\/index.php\\\/2021\\\/05\\\/22\\\/justicia-uruguaya-le-denego-el-habeas-corpus-a-pepin-rodriguez-simon\\\/\"},\"wordCount\":746,\"publisher\":{\"@id\":\"https:\\\/\\\/diariotextual.com\\\/inicio\\\/#organization\"},\"image\":{\"@id\":\"https:\\\/\\\/diariotextual.com\\\/inicio\\\/index.php\\\/2021\\\/05\\\/22\\\/justicia-uruguaya-le-denego-el-habeas-corpus-a-pepin-rodriguez-simon\\\/#primaryimage\"},\"thumbnailUrl\":\"https:\\\/\\\/diariotextual.com\\\/inicio\\\/wp-content\\\/uploads\\\/2021\\\/05\\\/rodriguezsimonpepin001.jpg\",\"keywords\":[\"Pepin Rodriguez Sim\u00f3n\",\"Servini de Cubria\"],\"articleSection\":[\"A - DESTACADAS (mod 16)\",\"POLITICA\"],\"inLanguage\":\"es\"},{\"@type\":\"WebPage\",\"@id\":\"https:\\\/\\\/diariotextual.com\\\/inicio\\\/index.php\\\/2021\\\/05\\\/22\\\/justicia-uruguaya-le-denego-el-habeas-corpus-a-pepin-rodriguez-simon\\\/\",\"url\":\"https:\\\/\\\/diariotextual.com\\\/inicio\\\/index.php\\\/2021\\\/05\\\/22\\\/justicia-uruguaya-le-denego-el-habeas-corpus-a-pepin-rodriguez-simon\\\/\",\"name\":\"Justicia uruguaya le deneg\u00f3 el h\u00e1beas corpus a \u201cPep\u00edn\u201d Rodr\u00edguez Sim\u00f3n - Diario Textual\",\"isPartOf\":{\"@id\":\"https:\\\/\\\/diariotextual.com\\\/inicio\\\/#website\"},\"primaryImageOfPage\":{\"@id\":\"https:\\\/\\\/diariotextual.com\\\/inicio\\\/index.php\\\/2021\\\/05\\\/22\\\/justicia-uruguaya-le-denego-el-habeas-corpus-a-pepin-rodriguez-simon\\\/#primaryimage\"},\"image\":{\"@id\":\"https:\\\/\\\/diariotextual.com\\\/inicio\\\/index.php\\\/2021\\\/05\\\/22\\\/justicia-uruguaya-le-denego-el-habeas-corpus-a-pepin-rodriguez-simon\\\/#primaryimage\"},\"thumbnailUrl\":\"https:\\\/\\\/diariotextual.com\\\/inicio\\\/wp-content\\\/uploads\\\/2021\\\/05\\\/rodriguezsimonpepin001.jpg\",\"datePublished\":\"2021-05-22T23:18:31+00:00\",\"dateModified\":\"2021-05-23T13:25:35+00:00\",\"breadcrumb\":{\"@id\":\"https:\\\/\\\/diariotextual.com\\\/inicio\\\/index.php\\\/2021\\\/05\\\/22\\\/justicia-uruguaya-le-denego-el-habeas-corpus-a-pepin-rodriguez-simon\\\/#breadcrumb\"},\"inLanguage\":\"es\",\"potentialAction\":[{\"@type\":\"ReadAction\",\"target\":[\"https:\\\/\\\/diariotextual.com\\\/inicio\\\/index.php\\\/2021\\\/05\\\/22\\\/justicia-uruguaya-le-denego-el-habeas-corpus-a-pepin-rodriguez-simon\\\/\"]}]},{\"@type\":\"ImageObject\",\"inLanguage\":\"es\",\"@id\":\"https:\\\/\\\/diariotextual.com\\\/inicio\\\/index.php\\\/2021\\\/05\\\/22\\\/justicia-uruguaya-le-denego-el-habeas-corpus-a-pepin-rodriguez-simon\\\/#primaryimage\",\"url\":\"https:\\\/\\\/diariotextual.com\\\/inicio\\\/wp-content\\\/uploads\\\/2021\\\/05\\\/rodriguezsimonpepin001.jpg\",\"contentUrl\":\"https:\\\/\\\/diariotextual.com\\\/inicio\\\/wp-content\\\/uploads\\\/2021\\\/05\\\/rodriguezsimonpepin001.jpg\",\"width\":768,\"height\":512},{\"@type\":\"BreadcrumbList\",\"@id\":\"https:\\\/\\\/diariotextual.com\\\/inicio\\\/index.php\\\/2021\\\/05\\\/22\\\/justicia-uruguaya-le-denego-el-habeas-corpus-a-pepin-rodriguez-simon\\\/#breadcrumb\",\"itemListElement\":[{\"@type\":\"ListItem\",\"position\":1,\"name\":\"Portada\",\"item\":\"https:\\\/\\\/diariotextual.com\\\/inicio\\\/\"},{\"@type\":\"ListItem\",\"position\":2,\"name\":\"Justicia uruguaya le deneg\u00f3 el h\u00e1beas corpus a \u201cPep\u00edn\u201d Rodr\u00edguez Sim\u00f3n\"}]},{\"@type\":\"WebSite\",\"@id\":\"https:\\\/\\\/diariotextual.com\\\/inicio\\\/#website\",\"url\":\"https:\\\/\\\/diariotextual.com\\\/inicio\\\/\",\"name\":\"Diario Textual\",\"description\":\"\",\"publisher\":{\"@id\":\"https:\\\/\\\/diariotextual.com\\\/inicio\\\/#organization\"},\"potentialAction\":[{\"@type\":\"SearchAction\",\"target\":{\"@type\":\"EntryPoint\",\"urlTemplate\":\"https:\\\/\\\/diariotextual.com\\\/inicio\\\/?s={search_term_string}\"},\"query-input\":{\"@type\":\"PropertyValueSpecification\",\"valueRequired\":true,\"valueName\":\"search_term_string\"}}],\"inLanguage\":\"es\"},{\"@type\":\"Organization\",\"@id\":\"https:\\\/\\\/diariotextual.com\\\/inicio\\\/#organization\",\"name\":\"Diario Textual\",\"url\":\"https:\\\/\\\/diariotextual.com\\\/inicio\\\/\",\"logo\":{\"@type\":\"ImageObject\",\"inLanguage\":\"es\",\"@id\":\"https:\\\/\\\/diariotextual.com\\\/inicio\\\/#\\\/schema\\\/logo\\\/image\\\/\",\"url\":\"https:\\\/\\\/diariotextual.com\\\/inicio\\\/wp-content\\\/uploads\\\/2023\\\/05\\\/logotextual1.jpg\",\"contentUrl\":\"https:\\\/\\\/diariotextual.com\\\/inicio\\\/wp-content\\\/uploads\\\/2023\\\/05\\\/logotextual1.jpg\",\"width\":516,\"height\":76,\"caption\":\"Diario Textual\"},\"image\":{\"@id\":\"https:\\\/\\\/diariotextual.com\\\/inicio\\\/#\\\/schema\\\/logo\\\/image\\\/\"},\"sameAs\":[\"https:\\\/\\\/www.facebook.com\\\/eltextual\",\"https:\\\/\\\/x.com\\\/eltextual\",\"http:\\\/\\\/www.instagram.com\\\/eltextual\"]},{\"@type\":\"Person\",\"@id\":\"https:\\\/\\\/diariotextual.com\\\/inicio\\\/#\\\/schema\\\/person\\\/a1b6f563e0ee944c60f98119389a4d9f\",\"name\":\"diario3\",\"image\":{\"@type\":\"ImageObject\",\"inLanguage\":\"es\",\"@id\":\"https:\\\/\\\/secure.gravatar.com\\\/avatar\\\/5e7ee62c82fc04d9dd79d746a390d93c69c43223e5faeeb3ea9461ef752bfc5d?s=96&d=mm&r=g\",\"url\":\"https:\\\/\\\/secure.gravatar.com\\\/avatar\\\/5e7ee62c82fc04d9dd79d746a390d93c69c43223e5faeeb3ea9461ef752bfc5d?s=96&d=mm&r=g\",\"contentUrl\":\"https:\\\/\\\/secure.gravatar.com\\\/avatar\\\/5e7ee62c82fc04d9dd79d746a390d93c69c43223e5faeeb3ea9461ef752bfc5d?s=96&d=mm&r=g\",\"caption\":\"diario3\"},\"url\":\"https:\\\/\\\/diariotextual.com\\\/inicio\\\/index.php\\\/author\\\/diario3\\\/\"}]}<\/script>\n<!-- \/ Yoast SEO plugin. -->","yoast_head_json":{"title":"Justicia uruguaya le deneg\u00f3 el h\u00e1beas corpus a \u201cPep\u00edn\u201d Rodr\u00edguez Sim\u00f3n - Diario Textual","robots":{"index":"index","follow":"follow","max-snippet":"max-snippet:-1","max-image-preview":"max-image-preview:large","max-video-preview":"max-video-preview:-1"},"canonical":"https:\/\/diariotextual.com\/inicio\/index.php\/2021\/05\/22\/justicia-uruguaya-le-denego-el-habeas-corpus-a-pepin-rodriguez-simon\/","og_locale":"es_ES","og_type":"article","og_title":"Justicia uruguaya le deneg\u00f3 el h\u00e1beas corpus a \u201cPep\u00edn\u201d Rodr\u00edguez Sim\u00f3n - Diario Textual","og_description":"La justicia penal de Montevideo, Uruguay, rechaz\u00f3 hoy la acci\u00f3n de habeas corpus presentada por el diputado del Parlasur Fabi\u00e1n \u201cPep\u00edn\u201d Rodr\u00edguez Sim\u00f3n (Cambiemos) por lo que el dirigente macrista&hellip;","og_url":"https:\/\/diariotextual.com\/inicio\/index.php\/2021\/05\/22\/justicia-uruguaya-le-denego-el-habeas-corpus-a-pepin-rodriguez-simon\/","og_site_name":"Diario Textual","article_publisher":"https:\/\/www.facebook.com\/eltextual","article_published_time":"2021-05-22T23:18:31+00:00","article_modified_time":"2021-05-23T13:25:35+00:00","og_image":[{"width":768,"height":512,"url":"https:\/\/diariotextual.com\/inicio\/wp-content\/uploads\/2021\/05\/rodriguezsimonpepin001.jpg","type":"image\/jpeg"}],"author":"diario3","twitter_card":"summary_large_image","twitter_creator":"@eltextual","twitter_site":"@eltextual","twitter_misc":{"Escrito por":"diario3","Tiempo de lectura":"3 minutos"},"schema":{"@context":"https:\/\/schema.org","@graph":[{"@type":"Article","@id":"https:\/\/diariotextual.com\/inicio\/index.php\/2021\/05\/22\/justicia-uruguaya-le-denego-el-habeas-corpus-a-pepin-rodriguez-simon\/#article","isPartOf":{"@id":"https:\/\/diariotextual.com\/inicio\/index.php\/2021\/05\/22\/justicia-uruguaya-le-denego-el-habeas-corpus-a-pepin-rodriguez-simon\/"},"author":{"name":"diario3","@id":"https:\/\/diariotextual.com\/inicio\/#\/schema\/person\/a1b6f563e0ee944c60f98119389a4d9f"},"headline":"Justicia uruguaya le deneg\u00f3 el h\u00e1beas corpus a \u201cPep\u00edn\u201d Rodr\u00edguez Sim\u00f3n","datePublished":"2021-05-22T23:18:31+00:00","dateModified":"2021-05-23T13:25:35+00:00","mainEntityOfPage":{"@id":"https:\/\/diariotextual.com\/inicio\/index.php\/2021\/05\/22\/justicia-uruguaya-le-denego-el-habeas-corpus-a-pepin-rodriguez-simon\/"},"wordCount":746,"publisher":{"@id":"https:\/\/diariotextual.com\/inicio\/#organization"},"image":{"@id":"https:\/\/diariotextual.com\/inicio\/index.php\/2021\/05\/22\/justicia-uruguaya-le-denego-el-habeas-corpus-a-pepin-rodriguez-simon\/#primaryimage"},"thumbnailUrl":"https:\/\/diariotextual.com\/inicio\/wp-content\/uploads\/2021\/05\/rodriguezsimonpepin001.jpg","keywords":["Pepin Rodriguez Sim\u00f3n","Servini de Cubria"],"articleSection":["A - DESTACADAS (mod 16)","POLITICA"],"inLanguage":"es"},{"@type":"WebPage","@id":"https:\/\/diariotextual.com\/inicio\/index.php\/2021\/05\/22\/justicia-uruguaya-le-denego-el-habeas-corpus-a-pepin-rodriguez-simon\/","url":"https:\/\/diariotextual.com\/inicio\/index.php\/2021\/05\/22\/justicia-uruguaya-le-denego-el-habeas-corpus-a-pepin-rodriguez-simon\/","name":"Justicia uruguaya le deneg\u00f3 el h\u00e1beas corpus a \u201cPep\u00edn\u201d Rodr\u00edguez Sim\u00f3n - Diario Textual","isPartOf":{"@id":"https:\/\/diariotextual.com\/inicio\/#website"},"primaryImageOfPage":{"@id":"https:\/\/diariotextual.com\/inicio\/index.php\/2021\/05\/22\/justicia-uruguaya-le-denego-el-habeas-corpus-a-pepin-rodriguez-simon\/#primaryimage"},"image":{"@id":"https:\/\/diariotextual.com\/inicio\/index.php\/2021\/05\/22\/justicia-uruguaya-le-denego-el-habeas-corpus-a-pepin-rodriguez-simon\/#primaryimage"},"thumbnailUrl":"https:\/\/diariotextual.com\/inicio\/wp-content\/uploads\/2021\/05\/rodriguezsimonpepin001.jpg","datePublished":"2021-05-22T23:18:31+00:00","dateModified":"2021-05-23T13:25:35+00:00","breadcrumb":{"@id":"https:\/\/diariotextual.com\/inicio\/index.php\/2021\/05\/22\/justicia-uruguaya-le-denego-el-habeas-corpus-a-pepin-rodriguez-simon\/#breadcrumb"},"inLanguage":"es","potentialAction":[{"@type":"ReadAction","target":["https:\/\/diariotextual.com\/inicio\/index.php\/2021\/05\/22\/justicia-uruguaya-le-denego-el-habeas-corpus-a-pepin-rodriguez-simon\/"]}]},{"@type":"ImageObject","inLanguage":"es","@id":"https:\/\/diariotextual.com\/inicio\/index.php\/2021\/05\/22\/justicia-uruguaya-le-denego-el-habeas-corpus-a-pepin-rodriguez-simon\/#primaryimage","url":"https:\/\/diariotextual.com\/inicio\/wp-content\/uploads\/2021\/05\/rodriguezsimonpepin001.jpg","contentUrl":"https:\/\/diariotextual.com\/inicio\/wp-content\/uploads\/2021\/05\/rodriguezsimonpepin001.jpg","width":768,"height":512},{"@type":"BreadcrumbList","@id":"https:\/\/diariotextual.com\/inicio\/index.php\/2021\/05\/22\/justicia-uruguaya-le-denego-el-habeas-corpus-a-pepin-rodriguez-simon\/#breadcrumb","itemListElement":[{"@type":"ListItem","position":1,"name":"Portada","item":"https:\/\/diariotextual.com\/inicio\/"},{"@type":"ListItem","position":2,"name":"Justicia uruguaya le deneg\u00f3 el h\u00e1beas corpus a \u201cPep\u00edn\u201d Rodr\u00edguez Sim\u00f3n"}]},{"@type":"WebSite","@id":"https:\/\/diariotextual.com\/inicio\/#website","url":"https:\/\/diariotextual.com\/inicio\/","name":"Diario Textual","description":"","publisher":{"@id":"https:\/\/diariotextual.com\/inicio\/#organization"},"potentialAction":[{"@type":"SearchAction","target":{"@type":"EntryPoint","urlTemplate":"https:\/\/diariotextual.com\/inicio\/?s={search_term_string}"},"query-input":{"@type":"PropertyValueSpecification","valueRequired":true,"valueName":"search_term_string"}}],"inLanguage":"es"},{"@type":"Organization","@id":"https:\/\/diariotextual.com\/inicio\/#organization","name":"Diario Textual","url":"https:\/\/diariotextual.com\/inicio\/","logo":{"@type":"ImageObject","inLanguage":"es","@id":"https:\/\/diariotextual.com\/inicio\/#\/schema\/logo\/image\/","url":"https:\/\/diariotextual.com\/inicio\/wp-content\/uploads\/2023\/05\/logotextual1.jpg","contentUrl":"https:\/\/diariotextual.com\/inicio\/wp-content\/uploads\/2023\/05\/logotextual1.jpg","width":516,"height":76,"caption":"Diario Textual"},"image":{"@id":"https:\/\/diariotextual.com\/inicio\/#\/schema\/logo\/image\/"},"sameAs":["https:\/\/www.facebook.com\/eltextual","https:\/\/x.com\/eltextual","http:\/\/www.instagram.com\/eltextual"]},{"@type":"Person","@id":"https:\/\/diariotextual.com\/inicio\/#\/schema\/person\/a1b6f563e0ee944c60f98119389a4d9f","name":"diario3","image":{"@type":"ImageObject","inLanguage":"es","@id":"https:\/\/secure.gravatar.com\/avatar\/5e7ee62c82fc04d9dd79d746a390d93c69c43223e5faeeb3ea9461ef752bfc5d?s=96&d=mm&r=g","url":"https:\/\/secure.gravatar.com\/avatar\/5e7ee62c82fc04d9dd79d746a390d93c69c43223e5faeeb3ea9461ef752bfc5d?s=96&d=mm&r=g","contentUrl":"https:\/\/secure.gravatar.com\/avatar\/5e7ee62c82fc04d9dd79d746a390d93c69c43223e5faeeb3ea9461ef752bfc5d?s=96&d=mm&r=g","caption":"diario3"},"url":"https:\/\/diariotextual.com\/inicio\/index.php\/author\/diario3\/"}]}},"_links":{"self":[{"href":"https:\/\/diariotextual.com\/inicio\/index.php\/wp-json\/wp\/v2\/posts\/147199","targetHints":{"allow":["GET"]}}],"collection":[{"href":"https:\/\/diariotextual.com\/inicio\/index.php\/wp-json\/wp\/v2\/posts"}],"about":[{"href":"https:\/\/diariotextual.com\/inicio\/index.php\/wp-json\/wp\/v2\/types\/post"}],"author":[{"embeddable":true,"href":"https:\/\/diariotextual.com\/inicio\/index.php\/wp-json\/wp\/v2\/users\/5"}],"replies":[{"embeddable":true,"href":"https:\/\/diariotextual.com\/inicio\/index.php\/wp-json\/wp\/v2\/comments?post=147199"}],"version-history":[{"count":1,"href":"https:\/\/diariotextual.com\/inicio\/index.php\/wp-json\/wp\/v2\/posts\/147199\/revisions"}],"predecessor-version":[{"id":147200,"href":"https:\/\/diariotextual.com\/inicio\/index.php\/wp-json\/wp\/v2\/posts\/147199\/revisions\/147200"}],"wp:featuredmedia":[{"embeddable":true,"href":"https:\/\/diariotextual.com\/inicio\/index.php\/wp-json\/wp\/v2\/media\/146340"}],"wp:attachment":[{"href":"https:\/\/diariotextual.com\/inicio\/index.php\/wp-json\/wp\/v2\/media?parent=147199"}],"wp:term":[{"taxonomy":"category","embeddable":true,"href":"https:\/\/diariotextual.com\/inicio\/index.php\/wp-json\/wp\/v2\/categories?post=147199"},{"taxonomy":"post_tag","embeddable":true,"href":"https:\/\/diariotextual.com\/inicio\/index.php\/wp-json\/wp\/v2\/tags?post=147199"}],"curies":[{"name":"wp","href":"https:\/\/api.w.org\/{rel}","templated":true}]}}