{"id":147355,"date":"2021-05-24T18:55:37","date_gmt":"2021-05-24T21:55:37","guid":{"rendered":"https:\/\/diariotextual.com\/inicio\/?p=147355"},"modified":"2021-05-25T10:33:51","modified_gmt":"2021-05-25T13:33:51","slug":"covid-en-una-semana-la-pampa-espera-sumar-al-menos-30-mil-dosis-y-acelerara-la-vacunacion","status":"publish","type":"post","link":"https:\/\/diariotextual.com\/inicio\/index.php\/2021\/05\/24\/covid-en-una-semana-la-pampa-espera-sumar-al-menos-30-mil-dosis-y-acelerara-la-vacunacion\/","title":{"rendered":"Covid: en una semana La Pampa espera sumar al menos 30 mil dosis"},"content":{"rendered":"\n<p>La provincia de<strong> La Pampa se prepara para exigir y acelerar fuertemente el plan de vacunaci\u00f3n contra el coronavirus<\/strong>: en los pr\u00f3ximos siete a diez d\u00edas <strong>se espera la llegada de entre 30 mil a 35 mil dosis<\/strong>.<\/p>\n\n\n\n<p>Las cifras, a este lunes por la tarde, no se conocen con exactitud.<strong> Pero se estiman que desde ayer y hasta dentro de una semana ingresar\u00e1n al pa\u00eds 4,1 millones de dosis.<\/strong><\/p>\n\n\n\n<p><strong>La Pampa, como recibe aproximadamente el 0,7 por ciento de las vacunas, deber\u00eda tener disponibles al menos 30 mil. Con eso podr\u00eda llegar a inmunizar a toda la poblaci\u00f3n objetivo<\/strong>, es decir, unas <strong>113.200 personas<\/strong>.<\/p>\n\n\n\n<p>Hasta el momento,<strong> el 22% de los pampeanos recibi\u00f3 al menos una dosis<\/strong>: son <strong>80.600.<\/strong> De ellos, <strong>30.300 ya fueron inmunizados con las dos dosis<\/strong>.  <\/p>\n\n\n\n<p>Seg\u00fan datos hasta el viernes 21, el 100 por ciento de los mayores de 80 a\u00f1os inscriptos ya est\u00e1n vacunados; entre 70 a 79, el 97% fue inmunizado; y de 60 a 69 el 84%. En tanto, de 18 a 59 est\u00e1 vacunado el 32%.<\/p>\n\n\n\n<p>Este martes, el presidente Alberto Fern\u00e1ndez anunciar\u00e1 junto a su par mexicano, Andr\u00e9s Manuel L\u00f3pez Obrador, la salida del primer embarque de vacunas de AstraZeneca rumbo a la Argentina. Si bien no se inform\u00f3 oficialmente, <strong>el n\u00famero de dosis en el primer embarque podr\u00eda ser de dos millones.<\/strong><\/p>\n\n\n\n<p>Se suman a las dos partidas que est\u00e1n llegando este lunes al Aeropuerto Internacional de Ezeiza: una, de 843.600 dosis de AstraZeneca desde Estados Unidos, y otra, desde Rusia, con 609.965 dosis del componente 1 de la Sputnik V.<\/p>\n\n\n\n<p>Ayer arribaron otras 204.000 dosis de AstraZeneca distribuidas a trav\u00e9s del mecanismo Covax. Adem\u00e1s, hoy se anunci\u00f3 que despeg\u00f3 un nuevo avi\u00f3n rumbo a Mosc\u00fa que traer\u00e1, entre el jueves y el viernes, unas 500.000 vacunas m\u00e1s.<\/p>\n\n\n\n<p><\/p>\n\n\n\n<p><\/p>\n","protected":false},"excerpt":{"rendered":"<p>La provincia de La Pampa se prepara para exigir y acelerar fuertemente el plan de vacunaci\u00f3n contra el coronavirus: en los pr\u00f3ximos siete a diez d\u00edas se espera la llegada&hellip;<\/p>\n","protected":false},"author":3,"featured_media":135019,"comment_status":"closed","ping_status":"open","sticky":false,"template":"","format":"standard","meta":{"_acf_changed":false,"footnotes":""},"categories":[10,12],"tags":[2899],"class_list":["post-147355","post","type-post","status-publish","format-standard","has-post-thumbnail","hentry","category-portada-2","category-sociedad","tag-covid"],"acf":[],"yoast_head":"<!-- This site is optimized with the Yoast SEO plugin v27.5 - https:\/\/yoast.com\/product\/yoast-seo-wordpress\/ -->\n<title>Covid: en una semana La Pampa espera sumar al menos 30 mil dosis - Diario Textual<\/title>\n<meta name=\"robots\" content=\"index, follow, max-snippet:-1, max-image-preview:large, max-video-preview:-1\" \/>\n<link rel=\"canonical\" href=\"https:\/\/diariotextual.com\/inicio\/index.php\/2021\/05\/24\/covid-en-una-semana-la-pampa-espera-sumar-al-menos-30-mil-dosis-y-acelerara-la-vacunacion\/\" \/>\n<meta property=\"og:locale\" content=\"es_ES\" \/>\n<meta property=\"og:type\" content=\"article\" \/>\n<meta property=\"og:title\" content=\"Covid: en una semana La Pampa espera sumar al menos 30 mil dosis - Diario Textual\" \/>\n<meta property=\"og:description\" content=\"La provincia de La Pampa se prepara para exigir y acelerar fuertemente el plan de vacunaci\u00f3n contra el coronavirus: en los pr\u00f3ximos siete a diez d\u00edas se espera la llegada&hellip;\" \/>\n<meta property=\"og:url\" content=\"https:\/\/diariotextual.com\/inicio\/index.php\/2021\/05\/24\/covid-en-una-semana-la-pampa-espera-sumar-al-menos-30-mil-dosis-y-acelerara-la-vacunacion\/\" \/>\n<meta property=\"og:site_name\" content=\"Diario Textual\" \/>\n<meta property=\"article:publisher\" content=\"https:\/\/www.facebook.com\/eltextual\" \/>\n<meta property=\"article:published_time\" content=\"2021-05-24T21:55:37+00:00\" \/>\n<meta property=\"article:modified_time\" content=\"2021-05-25T13:33:51+00:00\" \/>\n<meta property=\"og:image\" content=\"https:\/\/diariotextual.com\/inicio\/wp-content\/uploads\/2021\/02\/coronavirusvacunalapampa2021-100009.jpg\" \/>\n\t<meta property=\"og:image:width\" content=\"800\" \/>\n\t<meta property=\"og:image:height\" content=\"533\" \/>\n\t<meta property=\"og:image:type\" content=\"image\/jpeg\" \/>\n<meta name=\"author\" content=\"Diario1 Diario1\" \/>\n<meta name=\"twitter:card\" content=\"summary_large_image\" \/>\n<meta name=\"twitter:creator\" content=\"@eltextual\" \/>\n<meta name=\"twitter:site\" content=\"@eltextual\" \/>\n<meta name=\"twitter:label1\" content=\"Escrito por\" \/>\n\t<meta name=\"twitter:data1\" content=\"Diario1 Diario1\" \/>\n\t<meta name=\"twitter:label2\" content=\"Tiempo de lectura\" \/>\n\t<meta name=\"twitter:data2\" content=\"2 minutos\" \/>\n<script type=\"application\/ld+json\" class=\"yoast-schema-graph\">{\"@context\":\"https:\\\/\\\/schema.org\",\"@graph\":[{\"@type\":\"Article\",\"@id\":\"https:\\\/\\\/diariotextual.com\\\/inicio\\\/index.php\\\/2021\\\/05\\\/24\\\/covid-en-una-semana-la-pampa-espera-sumar-al-menos-30-mil-dosis-y-acelerara-la-vacunacion\\\/#article\",\"isPartOf\":{\"@id\":\"https:\\\/\\\/diariotextual.com\\\/inicio\\\/index.php\\\/2021\\\/05\\\/24\\\/covid-en-una-semana-la-pampa-espera-sumar-al-menos-30-mil-dosis-y-acelerara-la-vacunacion\\\/\"},\"author\":{\"name\":\"Diario1 Diario1\",\"@id\":\"https:\\\/\\\/diariotextual.com\\\/inicio\\\/#\\\/schema\\\/person\\\/418fc4093c33e86ed41562db3508f958\"},\"headline\":\"Covid: en una semana La Pampa espera sumar al menos 30 mil dosis\",\"datePublished\":\"2021-05-24T21:55:37+00:00\",\"dateModified\":\"2021-05-25T13:33:51+00:00\",\"mainEntityOfPage\":{\"@id\":\"https:\\\/\\\/diariotextual.com\\\/inicio\\\/index.php\\\/2021\\\/05\\\/24\\\/covid-en-una-semana-la-pampa-espera-sumar-al-menos-30-mil-dosis-y-acelerara-la-vacunacion\\\/\"},\"wordCount\":306,\"publisher\":{\"@id\":\"https:\\\/\\\/diariotextual.com\\\/inicio\\\/#organization\"},\"image\":{\"@id\":\"https:\\\/\\\/diariotextual.com\\\/inicio\\\/index.php\\\/2021\\\/05\\\/24\\\/covid-en-una-semana-la-pampa-espera-sumar-al-menos-30-mil-dosis-y-acelerara-la-vacunacion\\\/#primaryimage\"},\"thumbnailUrl\":\"https:\\\/\\\/diariotextual.com\\\/inicio\\\/wp-content\\\/uploads\\\/2021\\\/02\\\/coronavirusvacunalapampa2021-100009.jpg\",\"keywords\":[\"covid\"],\"articleSection\":[\"A - PORTADA2\",\"SOCIEDAD\"],\"inLanguage\":\"es\"},{\"@type\":\"WebPage\",\"@id\":\"https:\\\/\\\/diariotextual.com\\\/inicio\\\/index.php\\\/2021\\\/05\\\/24\\\/covid-en-una-semana-la-pampa-espera-sumar-al-menos-30-mil-dosis-y-acelerara-la-vacunacion\\\/\",\"url\":\"https:\\\/\\\/diariotextual.com\\\/inicio\\\/index.php\\\/2021\\\/05\\\/24\\\/covid-en-una-semana-la-pampa-espera-sumar-al-menos-30-mil-dosis-y-acelerara-la-vacunacion\\\/\",\"name\":\"Covid: en una semana La Pampa espera sumar al menos 30 mil dosis - Diario Textual\",\"isPartOf\":{\"@id\":\"https:\\\/\\\/diariotextual.com\\\/inicio\\\/#website\"},\"primaryImageOfPage\":{\"@id\":\"https:\\\/\\\/diariotextual.com\\\/inicio\\\/index.php\\\/2021\\\/05\\\/24\\\/covid-en-una-semana-la-pampa-espera-sumar-al-menos-30-mil-dosis-y-acelerara-la-vacunacion\\\/#primaryimage\"},\"image\":{\"@id\":\"https:\\\/\\\/diariotextual.com\\\/inicio\\\/index.php\\\/2021\\\/05\\\/24\\\/covid-en-una-semana-la-pampa-espera-sumar-al-menos-30-mil-dosis-y-acelerara-la-vacunacion\\\/#primaryimage\"},\"thumbnailUrl\":\"https:\\\/\\\/diariotextual.com\\\/inicio\\\/wp-content\\\/uploads\\\/2021\\\/02\\\/coronavirusvacunalapampa2021-100009.jpg\",\"datePublished\":\"2021-05-24T21:55:37+00:00\",\"dateModified\":\"2021-05-25T13:33:51+00:00\",\"breadcrumb\":{\"@id\":\"https:\\\/\\\/diariotextual.com\\\/inicio\\\/index.php\\\/2021\\\/05\\\/24\\\/covid-en-una-semana-la-pampa-espera-sumar-al-menos-30-mil-dosis-y-acelerara-la-vacunacion\\\/#breadcrumb\"},\"inLanguage\":\"es\",\"potentialAction\":[{\"@type\":\"ReadAction\",\"target\":[\"https:\\\/\\\/diariotextual.com\\\/inicio\\\/index.php\\\/2021\\\/05\\\/24\\\/covid-en-una-semana-la-pampa-espera-sumar-al-menos-30-mil-dosis-y-acelerara-la-vacunacion\\\/\"]}]},{\"@type\":\"ImageObject\",\"inLanguage\":\"es\",\"@id\":\"https:\\\/\\\/diariotextual.com\\\/inicio\\\/index.php\\\/2021\\\/05\\\/24\\\/covid-en-una-semana-la-pampa-espera-sumar-al-menos-30-mil-dosis-y-acelerara-la-vacunacion\\\/#primaryimage\",\"url\":\"https:\\\/\\\/diariotextual.com\\\/inicio\\\/wp-content\\\/uploads\\\/2021\\\/02\\\/coronavirusvacunalapampa2021-100009.jpg\",\"contentUrl\":\"https:\\\/\\\/diariotextual.com\\\/inicio\\\/wp-content\\\/uploads\\\/2021\\\/02\\\/coronavirusvacunalapampa2021-100009.jpg\",\"width\":800,\"height\":533},{\"@type\":\"BreadcrumbList\",\"@id\":\"https:\\\/\\\/diariotextual.com\\\/inicio\\\/index.php\\\/2021\\\/05\\\/24\\\/covid-en-una-semana-la-pampa-espera-sumar-al-menos-30-mil-dosis-y-acelerara-la-vacunacion\\\/#breadcrumb\",\"itemListElement\":[{\"@type\":\"ListItem\",\"position\":1,\"name\":\"Portada\",\"item\":\"https:\\\/\\\/diariotextual.com\\\/inicio\\\/\"},{\"@type\":\"ListItem\",\"position\":2,\"name\":\"Covid: en una semana La Pampa espera sumar al menos 30 mil dosis\"}]},{\"@type\":\"WebSite\",\"@id\":\"https:\\\/\\\/diariotextual.com\\\/inicio\\\/#website\",\"url\":\"https:\\\/\\\/diariotextual.com\\\/inicio\\\/\",\"name\":\"Diario Textual\",\"description\":\"\",\"publisher\":{\"@id\":\"https:\\\/\\\/diariotextual.com\\\/inicio\\\/#organization\"},\"potentialAction\":[{\"@type\":\"SearchAction\",\"target\":{\"@type\":\"EntryPoint\",\"urlTemplate\":\"https:\\\/\\\/diariotextual.com\\\/inicio\\\/?s={search_term_string}\"},\"query-input\":{\"@type\":\"PropertyValueSpecification\",\"valueRequired\":true,\"valueName\":\"search_term_string\"}}],\"inLanguage\":\"es\"},{\"@type\":\"Organization\",\"@id\":\"https:\\\/\\\/diariotextual.com\\\/inicio\\\/#organization\",\"name\":\"Diario Textual\",\"url\":\"https:\\\/\\\/diariotextual.com\\\/inicio\\\/\",\"logo\":{\"@type\":\"ImageObject\",\"inLanguage\":\"es\",\"@id\":\"https:\\\/\\\/diariotextual.com\\\/inicio\\\/#\\\/schema\\\/logo\\\/image\\\/\",\"url\":\"https:\\\/\\\/diariotextual.com\\\/inicio\\\/wp-content\\\/uploads\\\/2023\\\/05\\\/logotextual1.jpg\",\"contentUrl\":\"https:\\\/\\\/diariotextual.com\\\/inicio\\\/wp-content\\\/uploads\\\/2023\\\/05\\\/logotextual1.jpg\",\"width\":516,\"height\":76,\"caption\":\"Diario Textual\"},\"image\":{\"@id\":\"https:\\\/\\\/diariotextual.com\\\/inicio\\\/#\\\/schema\\\/logo\\\/image\\\/\"},\"sameAs\":[\"https:\\\/\\\/www.facebook.com\\\/eltextual\",\"https:\\\/\\\/x.com\\\/eltextual\",\"http:\\\/\\\/www.instagram.com\\\/eltextual\"]},{\"@type\":\"Person\",\"@id\":\"https:\\\/\\\/diariotextual.com\\\/inicio\\\/#\\\/schema\\\/person\\\/418fc4093c33e86ed41562db3508f958\",\"name\":\"Diario1 Diario1\",\"image\":{\"@type\":\"ImageObject\",\"inLanguage\":\"es\",\"@id\":\"https:\\\/\\\/secure.gravatar.com\\\/avatar\\\/9167d280179c85bc18be67aa7eda765854300033af4896dd779b608640f2ef7a?s=96&d=mm&r=g\",\"url\":\"https:\\\/\\\/secure.gravatar.com\\\/avatar\\\/9167d280179c85bc18be67aa7eda765854300033af4896dd779b608640f2ef7a?s=96&d=mm&r=g\",\"contentUrl\":\"https:\\\/\\\/secure.gravatar.com\\\/avatar\\\/9167d280179c85bc18be67aa7eda765854300033af4896dd779b608640f2ef7a?s=96&d=mm&r=g\",\"caption\":\"Diario1 Diario1\"},\"url\":\"https:\\\/\\\/diariotextual.com\\\/inicio\\\/index.php\\\/author\\\/diario1\\\/\"}]}<\/script>\n<!-- \/ Yoast SEO plugin. -->","yoast_head_json":{"title":"Covid: en una semana La Pampa espera sumar al menos 30 mil dosis - Diario Textual","robots":{"index":"index","follow":"follow","max-snippet":"max-snippet:-1","max-image-preview":"max-image-preview:large","max-video-preview":"max-video-preview:-1"},"canonical":"https:\/\/diariotextual.com\/inicio\/index.php\/2021\/05\/24\/covid-en-una-semana-la-pampa-espera-sumar-al-menos-30-mil-dosis-y-acelerara-la-vacunacion\/","og_locale":"es_ES","og_type":"article","og_title":"Covid: en una semana La Pampa espera sumar al menos 30 mil dosis - Diario Textual","og_description":"La provincia de La Pampa se prepara para exigir y acelerar fuertemente el plan de vacunaci\u00f3n contra el coronavirus: en los pr\u00f3ximos siete a diez d\u00edas se espera la llegada&hellip;","og_url":"https:\/\/diariotextual.com\/inicio\/index.php\/2021\/05\/24\/covid-en-una-semana-la-pampa-espera-sumar-al-menos-30-mil-dosis-y-acelerara-la-vacunacion\/","og_site_name":"Diario Textual","article_publisher":"https:\/\/www.facebook.com\/eltextual","article_published_time":"2021-05-24T21:55:37+00:00","article_modified_time":"2021-05-25T13:33:51+00:00","og_image":[{"width":800,"height":533,"url":"https:\/\/diariotextual.com\/inicio\/wp-content\/uploads\/2021\/02\/coronavirusvacunalapampa2021-100009.jpg","type":"image\/jpeg"}],"author":"Diario1 Diario1","twitter_card":"summary_large_image","twitter_creator":"@eltextual","twitter_site":"@eltextual","twitter_misc":{"Escrito por":"Diario1 Diario1","Tiempo de lectura":"2 minutos"},"schema":{"@context":"https:\/\/schema.org","@graph":[{"@type":"Article","@id":"https:\/\/diariotextual.com\/inicio\/index.php\/2021\/05\/24\/covid-en-una-semana-la-pampa-espera-sumar-al-menos-30-mil-dosis-y-acelerara-la-vacunacion\/#article","isPartOf":{"@id":"https:\/\/diariotextual.com\/inicio\/index.php\/2021\/05\/24\/covid-en-una-semana-la-pampa-espera-sumar-al-menos-30-mil-dosis-y-acelerara-la-vacunacion\/"},"author":{"name":"Diario1 Diario1","@id":"https:\/\/diariotextual.com\/inicio\/#\/schema\/person\/418fc4093c33e86ed41562db3508f958"},"headline":"Covid: en una semana La Pampa espera sumar al menos 30 mil dosis","datePublished":"2021-05-24T21:55:37+00:00","dateModified":"2021-05-25T13:33:51+00:00","mainEntityOfPage":{"@id":"https:\/\/diariotextual.com\/inicio\/index.php\/2021\/05\/24\/covid-en-una-semana-la-pampa-espera-sumar-al-menos-30-mil-dosis-y-acelerara-la-vacunacion\/"},"wordCount":306,"publisher":{"@id":"https:\/\/diariotextual.com\/inicio\/#organization"},"image":{"@id":"https:\/\/diariotextual.com\/inicio\/index.php\/2021\/05\/24\/covid-en-una-semana-la-pampa-espera-sumar-al-menos-30-mil-dosis-y-acelerara-la-vacunacion\/#primaryimage"},"thumbnailUrl":"https:\/\/diariotextual.com\/inicio\/wp-content\/uploads\/2021\/02\/coronavirusvacunalapampa2021-100009.jpg","keywords":["covid"],"articleSection":["A - PORTADA2","SOCIEDAD"],"inLanguage":"es"},{"@type":"WebPage","@id":"https:\/\/diariotextual.com\/inicio\/index.php\/2021\/05\/24\/covid-en-una-semana-la-pampa-espera-sumar-al-menos-30-mil-dosis-y-acelerara-la-vacunacion\/","url":"https:\/\/diariotextual.com\/inicio\/index.php\/2021\/05\/24\/covid-en-una-semana-la-pampa-espera-sumar-al-menos-30-mil-dosis-y-acelerara-la-vacunacion\/","name":"Covid: en una semana La Pampa espera sumar al menos 30 mil dosis - Diario Textual","isPartOf":{"@id":"https:\/\/diariotextual.com\/inicio\/#website"},"primaryImageOfPage":{"@id":"https:\/\/diariotextual.com\/inicio\/index.php\/2021\/05\/24\/covid-en-una-semana-la-pampa-espera-sumar-al-menos-30-mil-dosis-y-acelerara-la-vacunacion\/#primaryimage"},"image":{"@id":"https:\/\/diariotextual.com\/inicio\/index.php\/2021\/05\/24\/covid-en-una-semana-la-pampa-espera-sumar-al-menos-30-mil-dosis-y-acelerara-la-vacunacion\/#primaryimage"},"thumbnailUrl":"https:\/\/diariotextual.com\/inicio\/wp-content\/uploads\/2021\/02\/coronavirusvacunalapampa2021-100009.jpg","datePublished":"2021-05-24T21:55:37+00:00","dateModified":"2021-05-25T13:33:51+00:00","breadcrumb":{"@id":"https:\/\/diariotextual.com\/inicio\/index.php\/2021\/05\/24\/covid-en-una-semana-la-pampa-espera-sumar-al-menos-30-mil-dosis-y-acelerara-la-vacunacion\/#breadcrumb"},"inLanguage":"es","potentialAction":[{"@type":"ReadAction","target":["https:\/\/diariotextual.com\/inicio\/index.php\/2021\/05\/24\/covid-en-una-semana-la-pampa-espera-sumar-al-menos-30-mil-dosis-y-acelerara-la-vacunacion\/"]}]},{"@type":"ImageObject","inLanguage":"es","@id":"https:\/\/diariotextual.com\/inicio\/index.php\/2021\/05\/24\/covid-en-una-semana-la-pampa-espera-sumar-al-menos-30-mil-dosis-y-acelerara-la-vacunacion\/#primaryimage","url":"https:\/\/diariotextual.com\/inicio\/wp-content\/uploads\/2021\/02\/coronavirusvacunalapampa2021-100009.jpg","contentUrl":"https:\/\/diariotextual.com\/inicio\/wp-content\/uploads\/2021\/02\/coronavirusvacunalapampa2021-100009.jpg","width":800,"height":533},{"@type":"BreadcrumbList","@id":"https:\/\/diariotextual.com\/inicio\/index.php\/2021\/05\/24\/covid-en-una-semana-la-pampa-espera-sumar-al-menos-30-mil-dosis-y-acelerara-la-vacunacion\/#breadcrumb","itemListElement":[{"@type":"ListItem","position":1,"name":"Portada","item":"https:\/\/diariotextual.com\/inicio\/"},{"@type":"ListItem","position":2,"name":"Covid: en una semana La Pampa espera sumar al menos 30 mil dosis"}]},{"@type":"WebSite","@id":"https:\/\/diariotextual.com\/inicio\/#website","url":"https:\/\/diariotextual.com\/inicio\/","name":"Diario Textual","description":"","publisher":{"@id":"https:\/\/diariotextual.com\/inicio\/#organization"},"potentialAction":[{"@type":"SearchAction","target":{"@type":"EntryPoint","urlTemplate":"https:\/\/diariotextual.com\/inicio\/?s={search_term_string}"},"query-input":{"@type":"PropertyValueSpecification","valueRequired":true,"valueName":"search_term_string"}}],"inLanguage":"es"},{"@type":"Organization","@id":"https:\/\/diariotextual.com\/inicio\/#organization","name":"Diario Textual","url":"https:\/\/diariotextual.com\/inicio\/","logo":{"@type":"ImageObject","inLanguage":"es","@id":"https:\/\/diariotextual.com\/inicio\/#\/schema\/logo\/image\/","url":"https:\/\/diariotextual.com\/inicio\/wp-content\/uploads\/2023\/05\/logotextual1.jpg","contentUrl":"https:\/\/diariotextual.com\/inicio\/wp-content\/uploads\/2023\/05\/logotextual1.jpg","width":516,"height":76,"caption":"Diario Textual"},"image":{"@id":"https:\/\/diariotextual.com\/inicio\/#\/schema\/logo\/image\/"},"sameAs":["https:\/\/www.facebook.com\/eltextual","https:\/\/x.com\/eltextual","http:\/\/www.instagram.com\/eltextual"]},{"@type":"Person","@id":"https:\/\/diariotextual.com\/inicio\/#\/schema\/person\/418fc4093c33e86ed41562db3508f958","name":"Diario1 Diario1","image":{"@type":"ImageObject","inLanguage":"es","@id":"https:\/\/secure.gravatar.com\/avatar\/9167d280179c85bc18be67aa7eda765854300033af4896dd779b608640f2ef7a?s=96&d=mm&r=g","url":"https:\/\/secure.gravatar.com\/avatar\/9167d280179c85bc18be67aa7eda765854300033af4896dd779b608640f2ef7a?s=96&d=mm&r=g","contentUrl":"https:\/\/secure.gravatar.com\/avatar\/9167d280179c85bc18be67aa7eda765854300033af4896dd779b608640f2ef7a?s=96&d=mm&r=g","caption":"Diario1 Diario1"},"url":"https:\/\/diariotextual.com\/inicio\/index.php\/author\/diario1\/"}]}},"_links":{"self":[{"href":"https:\/\/diariotextual.com\/inicio\/index.php\/wp-json\/wp\/v2\/posts\/147355","targetHints":{"allow":["GET"]}}],"collection":[{"href":"https:\/\/diariotextual.com\/inicio\/index.php\/wp-json\/wp\/v2\/posts"}],"about":[{"href":"https:\/\/diariotextual.com\/inicio\/index.php\/wp-json\/wp\/v2\/types\/post"}],"author":[{"embeddable":true,"href":"https:\/\/diariotextual.com\/inicio\/index.php\/wp-json\/wp\/v2\/users\/3"}],"replies":[{"embeddable":true,"href":"https:\/\/diariotextual.com\/inicio\/index.php\/wp-json\/wp\/v2\/comments?post=147355"}],"version-history":[{"count":7,"href":"https:\/\/diariotextual.com\/inicio\/index.php\/wp-json\/wp\/v2\/posts\/147355\/revisions"}],"predecessor-version":[{"id":147364,"href":"https:\/\/diariotextual.com\/inicio\/index.php\/wp-json\/wp\/v2\/posts\/147355\/revisions\/147364"}],"wp:featuredmedia":[{"embeddable":true,"href":"https:\/\/diariotextual.com\/inicio\/index.php\/wp-json\/wp\/v2\/media\/135019"}],"wp:attachment":[{"href":"https:\/\/diariotextual.com\/inicio\/index.php\/wp-json\/wp\/v2\/media?parent=147355"}],"wp:term":[{"taxonomy":"category","embeddable":true,"href":"https:\/\/diariotextual.com\/inicio\/index.php\/wp-json\/wp\/v2\/categories?post=147355"},{"taxonomy":"post_tag","embeddable":true,"href":"https:\/\/diariotextual.com\/inicio\/index.php\/wp-json\/wp\/v2\/tags?post=147355"}],"curies":[{"name":"wp","href":"https:\/\/api.w.org\/{rel}","templated":true}]}}