{"id":147405,"date":"2021-05-25T11:03:07","date_gmt":"2021-05-25T14:03:07","guid":{"rendered":"https:\/\/diariotextual.com\/inicio\/?p=147405"},"modified":"2021-05-25T16:36:04","modified_gmt":"2021-05-25T19:36:04","slug":"cortaron-el-expendio-de-gnc","status":"publish","type":"post","link":"https:\/\/diariotextual.com\/inicio\/index.php\/2021\/05\/25\/cortaron-el-expendio-de-gnc\/","title":{"rendered":"Cortaron el expendio de GNC en varias provincias, entre ellas La Pampa"},"content":{"rendered":"\n<p>Desde el lunes a la tarde las estaciones de GNC cortaron el suministro. La medida es porque las principales distribuidoras&nbsp;de la Argentina comenzaron a interrumpir el abastecimiento a clientes industriales y estaciones de servicio que&nbsp;contratan el fluido bajo la modalidad interrumpible,&nbsp;para asegurar la provisi\u00f3n en los hogares. \u201cEstamos desconcertados y no sabemos hasta cu\u00e1ndo es\u201d, dijo a Diario Textual Miguel Ripa, de la C\u00e1mara de Expendedores de Combustibles de La Pampa.&nbsp;<\/p>\n\n\n\n<p>La medida, a menos de un mes de que comience el invierno y&nbsp;con la llegada de las primeras bajas temperaturas fue aplicada por Metrogas, Naturgy,&nbsp;Camuzzi y Litoral Gas.&nbsp;Es la primera vez en tres a\u00f1os que es necesario cortar el&nbsp;suministro de GNC.<\/p>\n\n\n\n<p>\u201cCortaron el GNC el lunes a la tarde. Estamos desconcertados. Es un sistema autom\u00e1tico mediante el cual se aplica el corte. Est\u00e1 muy complicado porque no sabemos hasta cu\u00e1ndo se extender\u00e1. Lo cierto es que desde ayer no vendemos y no tenemos un horizonte claro. Calculamos que estas interrupciones podr\u00edan ir hasta septiembre. El tema es qu\u00e9 hacemos con las estaciones si eso pasa\u201d, dijo Miguel Ripa, empresario del sector y dirigente de la C\u00e1mara de Expendedores de La Pampa. &nbsp;<\/p>\n\n\n\n<p>El corte se produjo en todas las estaciones, confirm\u00f3 Ripa, tanto en las estaciones de YPF como en las blancas que compran el flu\u00eddo a distintas distribuidoras.<\/p>\n\n\n\n<p>Seg\u00fan explicaron desde las compa\u00f1\u00edas distribuidoras, el motivo es la baja inyecci\u00f3n de gas en el\u00a0sistema por inconvenientes con el fluido proveniente de Bolivia\u00a0y el Barco de Escobar.<\/p>\n\n\n\n<p>En la regi\u00f3n concesionada a Camuzzi Gas Pampeana fue&nbsp;necesario cortar el suministro a unas 130 estaciones de GNC por&nbsp;falta de gas en el sistema.<\/p>\n\n\n\n<p>A las industrias con transporte en firme se les indic\u00f3 cortar\u00a0todo el gas que no est\u00e9 contratado en esa condici\u00f3n.\u00a0Y las estaciones de servicio de las provincias de Buenos Aires y La\u00a0Pampa sufrieron interrupciones en la provisi\u00f3n de GNC.\u00a0 \u00a0<\/p>\n\n\n\n<p>Las distribuidoras deben priorizar el abastecimiento de&nbsp;hogares, hospitales y otros organismos esenciales, como las&nbsp;escuelas.&nbsp;<\/p>\n\n\n\n<p>Los cortes de contratos interrumpibles responden a una ca\u00edda\u00a0en la oferta de producci\u00f3n gas\u00edfera que se fue profundizando\u00a0desde el inicio del conflicto de trabajadores de salud en\u00a0Neuqu\u00e9n, que bloquearon plantas de extracci\u00f3n de esa provincia\u00a0patag\u00f3nica.<\/p>\n\n\n\n<p>A esto se suma una medida de fuerza de la Federaci\u00f3n&nbsp;Mar\u00edtima, Portuaria y de la Industria Naval, en reclamo de que&nbsp;sus afiliados reciban vacunas contra el coronavirus, lo cual&nbsp;perjudica la operaci\u00f3n del buque regasificador de Escobar.<\/p>\n\n\n\n<p>Ese nav\u00edo deb\u00eda amarrar en el puerto de Bah\u00eda Blanca para&nbsp;inyectar gas natural a la red con vistas al invierno.&nbsp;<\/p>\n\n\n\n<p>Seg\u00fan fuentes del sector energ\u00e9tico, deb\u00eda\u00a0inyectar 17\u00a0millones de metros c\u00fabicos en Escobar y s\u00f3lo pudo regasificar 9\u00a0millones.<\/p>\n\n\n\n<p>Para agravar el problema, otro buque que deb\u00eda ingresar este\u00a0fin de semana se demor\u00f3 por las condiciones clim\u00e1ticas adversas. Y este mi\u00e9rcoles deber\u00eda ingresar otro barco regasificador a\u00a0Bah\u00eda Blanca. Pero existen dudas de que eso se pueda lograr, porque el\u00a0gremio portuario tiene prevista una\u00a0nueva medida de fuerza.<\/p>\n","protected":false},"excerpt":{"rendered":"<p>Desde el lunes a la tarde las estaciones de GNC cortaron el suministro. La medida es porque las principales distribuidoras&nbsp;de la Argentina comenzaron a interrumpir el abastecimiento a clientes industriales&hellip;<\/p>\n","protected":false},"author":7,"featured_media":10831,"comment_status":"closed","ping_status":"open","sticky":false,"template":"","format":"standard","meta":{"_acf_changed":false,"footnotes":""},"categories":[10,12],"tags":[],"class_list":["post-147405","post","type-post","status-publish","format-standard","has-post-thumbnail","hentry","category-portada-2","category-sociedad"],"acf":[],"yoast_head":"<!-- This site is optimized with the Yoast SEO plugin v27.5 - https:\/\/yoast.com\/product\/yoast-seo-wordpress\/ -->\n<title>Cortaron el expendio de GNC en varias provincias, entre ellas La Pampa - Diario Textual<\/title>\n<meta name=\"robots\" content=\"index, follow, max-snippet:-1, max-image-preview:large, max-video-preview:-1\" \/>\n<link rel=\"canonical\" href=\"https:\/\/diariotextual.com\/inicio\/index.php\/2021\/05\/25\/cortaron-el-expendio-de-gnc\/\" \/>\n<meta property=\"og:locale\" content=\"es_ES\" \/>\n<meta property=\"og:type\" content=\"article\" \/>\n<meta property=\"og:title\" content=\"Cortaron el expendio de GNC en varias provincias, entre ellas La Pampa - Diario Textual\" \/>\n<meta property=\"og:description\" content=\"Desde el lunes a la tarde las estaciones de GNC cortaron el suministro. La medida es porque las principales distribuidoras&nbsp;de la Argentina comenzaron a interrumpir el abastecimiento a clientes industriales&hellip;\" \/>\n<meta property=\"og:url\" content=\"https:\/\/diariotextual.com\/inicio\/index.php\/2021\/05\/25\/cortaron-el-expendio-de-gnc\/\" \/>\n<meta property=\"og:site_name\" content=\"Diario Textual\" \/>\n<meta property=\"article:publisher\" content=\"https:\/\/www.facebook.com\/eltextual\" \/>\n<meta property=\"article:published_time\" content=\"2021-05-25T14:03:07+00:00\" \/>\n<meta property=\"article:modified_time\" content=\"2021-05-25T19:36:04+00:00\" \/>\n<meta property=\"og:image\" content=\"https:\/\/diariotextual.com\/inicio\/wp-content\/uploads\/2018\/06\/gnc77888.jpg\" \/>\n\t<meta property=\"og:image:width\" content=\"925\" \/>\n\t<meta property=\"og:image:height\" content=\"618\" \/>\n\t<meta property=\"og:image:type\" content=\"image\/jpeg\" \/>\n<meta name=\"author\" content=\"diario5\" \/>\n<meta name=\"twitter:card\" content=\"summary_large_image\" \/>\n<meta name=\"twitter:creator\" content=\"@eltextual\" \/>\n<meta name=\"twitter:site\" content=\"@eltextual\" \/>\n<meta name=\"twitter:label1\" content=\"Escrito por\" \/>\n\t<meta name=\"twitter:data1\" content=\"diario5\" \/>\n\t<meta name=\"twitter:label2\" content=\"Tiempo de lectura\" \/>\n\t<meta name=\"twitter:data2\" content=\"3 minutos\" \/>\n<script type=\"application\/ld+json\" class=\"yoast-schema-graph\">{\"@context\":\"https:\\\/\\\/schema.org\",\"@graph\":[{\"@type\":\"Article\",\"@id\":\"https:\\\/\\\/diariotextual.com\\\/inicio\\\/index.php\\\/2021\\\/05\\\/25\\\/cortaron-el-expendio-de-gnc\\\/#article\",\"isPartOf\":{\"@id\":\"https:\\\/\\\/diariotextual.com\\\/inicio\\\/index.php\\\/2021\\\/05\\\/25\\\/cortaron-el-expendio-de-gnc\\\/\"},\"author\":{\"name\":\"diario5\",\"@id\":\"https:\\\/\\\/diariotextual.com\\\/inicio\\\/#\\\/schema\\\/person\\\/c7834961ad8b29b1d9cdbf4571299067\"},\"headline\":\"Cortaron el expendio de GNC en varias provincias, entre ellas La Pampa\",\"datePublished\":\"2021-05-25T14:03:07+00:00\",\"dateModified\":\"2021-05-25T19:36:04+00:00\",\"mainEntityOfPage\":{\"@id\":\"https:\\\/\\\/diariotextual.com\\\/inicio\\\/index.php\\\/2021\\\/05\\\/25\\\/cortaron-el-expendio-de-gnc\\\/\"},\"wordCount\":575,\"publisher\":{\"@id\":\"https:\\\/\\\/diariotextual.com\\\/inicio\\\/#organization\"},\"image\":{\"@id\":\"https:\\\/\\\/diariotextual.com\\\/inicio\\\/index.php\\\/2021\\\/05\\\/25\\\/cortaron-el-expendio-de-gnc\\\/#primaryimage\"},\"thumbnailUrl\":\"https:\\\/\\\/diariotextual.com\\\/inicio\\\/wp-content\\\/uploads\\\/2018\\\/06\\\/gnc77888.jpg\",\"articleSection\":[\"A - PORTADA2\",\"SOCIEDAD\"],\"inLanguage\":\"es\"},{\"@type\":\"WebPage\",\"@id\":\"https:\\\/\\\/diariotextual.com\\\/inicio\\\/index.php\\\/2021\\\/05\\\/25\\\/cortaron-el-expendio-de-gnc\\\/\",\"url\":\"https:\\\/\\\/diariotextual.com\\\/inicio\\\/index.php\\\/2021\\\/05\\\/25\\\/cortaron-el-expendio-de-gnc\\\/\",\"name\":\"Cortaron el expendio de GNC en varias provincias, entre ellas La Pampa - Diario Textual\",\"isPartOf\":{\"@id\":\"https:\\\/\\\/diariotextual.com\\\/inicio\\\/#website\"},\"primaryImageOfPage\":{\"@id\":\"https:\\\/\\\/diariotextual.com\\\/inicio\\\/index.php\\\/2021\\\/05\\\/25\\\/cortaron-el-expendio-de-gnc\\\/#primaryimage\"},\"image\":{\"@id\":\"https:\\\/\\\/diariotextual.com\\\/inicio\\\/index.php\\\/2021\\\/05\\\/25\\\/cortaron-el-expendio-de-gnc\\\/#primaryimage\"},\"thumbnailUrl\":\"https:\\\/\\\/diariotextual.com\\\/inicio\\\/wp-content\\\/uploads\\\/2018\\\/06\\\/gnc77888.jpg\",\"datePublished\":\"2021-05-25T14:03:07+00:00\",\"dateModified\":\"2021-05-25T19:36:04+00:00\",\"breadcrumb\":{\"@id\":\"https:\\\/\\\/diariotextual.com\\\/inicio\\\/index.php\\\/2021\\\/05\\\/25\\\/cortaron-el-expendio-de-gnc\\\/#breadcrumb\"},\"inLanguage\":\"es\",\"potentialAction\":[{\"@type\":\"ReadAction\",\"target\":[\"https:\\\/\\\/diariotextual.com\\\/inicio\\\/index.php\\\/2021\\\/05\\\/25\\\/cortaron-el-expendio-de-gnc\\\/\"]}]},{\"@type\":\"ImageObject\",\"inLanguage\":\"es\",\"@id\":\"https:\\\/\\\/diariotextual.com\\\/inicio\\\/index.php\\\/2021\\\/05\\\/25\\\/cortaron-el-expendio-de-gnc\\\/#primaryimage\",\"url\":\"https:\\\/\\\/diariotextual.com\\\/inicio\\\/wp-content\\\/uploads\\\/2018\\\/06\\\/gnc77888.jpg\",\"contentUrl\":\"https:\\\/\\\/diariotextual.com\\\/inicio\\\/wp-content\\\/uploads\\\/2018\\\/06\\\/gnc77888.jpg\",\"width\":925,\"height\":618},{\"@type\":\"BreadcrumbList\",\"@id\":\"https:\\\/\\\/diariotextual.com\\\/inicio\\\/index.php\\\/2021\\\/05\\\/25\\\/cortaron-el-expendio-de-gnc\\\/#breadcrumb\",\"itemListElement\":[{\"@type\":\"ListItem\",\"position\":1,\"name\":\"Portada\",\"item\":\"https:\\\/\\\/diariotextual.com\\\/inicio\\\/\"},{\"@type\":\"ListItem\",\"position\":2,\"name\":\"Cortaron el expendio de GNC en varias provincias, entre ellas La Pampa\"}]},{\"@type\":\"WebSite\",\"@id\":\"https:\\\/\\\/diariotextual.com\\\/inicio\\\/#website\",\"url\":\"https:\\\/\\\/diariotextual.com\\\/inicio\\\/\",\"name\":\"Diario Textual\",\"description\":\"\",\"publisher\":{\"@id\":\"https:\\\/\\\/diariotextual.com\\\/inicio\\\/#organization\"},\"potentialAction\":[{\"@type\":\"SearchAction\",\"target\":{\"@type\":\"EntryPoint\",\"urlTemplate\":\"https:\\\/\\\/diariotextual.com\\\/inicio\\\/?s={search_term_string}\"},\"query-input\":{\"@type\":\"PropertyValueSpecification\",\"valueRequired\":true,\"valueName\":\"search_term_string\"}}],\"inLanguage\":\"es\"},{\"@type\":\"Organization\",\"@id\":\"https:\\\/\\\/diariotextual.com\\\/inicio\\\/#organization\",\"name\":\"Diario Textual\",\"url\":\"https:\\\/\\\/diariotextual.com\\\/inicio\\\/\",\"logo\":{\"@type\":\"ImageObject\",\"inLanguage\":\"es\",\"@id\":\"https:\\\/\\\/diariotextual.com\\\/inicio\\\/#\\\/schema\\\/logo\\\/image\\\/\",\"url\":\"https:\\\/\\\/diariotextual.com\\\/inicio\\\/wp-content\\\/uploads\\\/2023\\\/05\\\/logotextual1.jpg\",\"contentUrl\":\"https:\\\/\\\/diariotextual.com\\\/inicio\\\/wp-content\\\/uploads\\\/2023\\\/05\\\/logotextual1.jpg\",\"width\":516,\"height\":76,\"caption\":\"Diario Textual\"},\"image\":{\"@id\":\"https:\\\/\\\/diariotextual.com\\\/inicio\\\/#\\\/schema\\\/logo\\\/image\\\/\"},\"sameAs\":[\"https:\\\/\\\/www.facebook.com\\\/eltextual\",\"https:\\\/\\\/x.com\\\/eltextual\",\"http:\\\/\\\/www.instagram.com\\\/eltextual\"]},{\"@type\":\"Person\",\"@id\":\"https:\\\/\\\/diariotextual.com\\\/inicio\\\/#\\\/schema\\\/person\\\/c7834961ad8b29b1d9cdbf4571299067\",\"name\":\"diario5\",\"image\":{\"@type\":\"ImageObject\",\"inLanguage\":\"es\",\"@id\":\"https:\\\/\\\/secure.gravatar.com\\\/avatar\\\/948c893b847ca6df68216ead81b63f363408ec9b0f600fefc0641ce78613b111?s=96&d=mm&r=g\",\"url\":\"https:\\\/\\\/secure.gravatar.com\\\/avatar\\\/948c893b847ca6df68216ead81b63f363408ec9b0f600fefc0641ce78613b111?s=96&d=mm&r=g\",\"contentUrl\":\"https:\\\/\\\/secure.gravatar.com\\\/avatar\\\/948c893b847ca6df68216ead81b63f363408ec9b0f600fefc0641ce78613b111?s=96&d=mm&r=g\",\"caption\":\"diario5\"},\"url\":\"https:\\\/\\\/diariotextual.com\\\/inicio\\\/index.php\\\/author\\\/diario5\\\/\"}]}<\/script>\n<!-- \/ Yoast SEO plugin. -->","yoast_head_json":{"title":"Cortaron el expendio de GNC en varias provincias, entre ellas La Pampa - Diario Textual","robots":{"index":"index","follow":"follow","max-snippet":"max-snippet:-1","max-image-preview":"max-image-preview:large","max-video-preview":"max-video-preview:-1"},"canonical":"https:\/\/diariotextual.com\/inicio\/index.php\/2021\/05\/25\/cortaron-el-expendio-de-gnc\/","og_locale":"es_ES","og_type":"article","og_title":"Cortaron el expendio de GNC en varias provincias, entre ellas La Pampa - Diario Textual","og_description":"Desde el lunes a la tarde las estaciones de GNC cortaron el suministro. La medida es porque las principales distribuidoras&nbsp;de la Argentina comenzaron a interrumpir el abastecimiento a clientes industriales&hellip;","og_url":"https:\/\/diariotextual.com\/inicio\/index.php\/2021\/05\/25\/cortaron-el-expendio-de-gnc\/","og_site_name":"Diario Textual","article_publisher":"https:\/\/www.facebook.com\/eltextual","article_published_time":"2021-05-25T14:03:07+00:00","article_modified_time":"2021-05-25T19:36:04+00:00","og_image":[{"width":925,"height":618,"url":"https:\/\/diariotextual.com\/inicio\/wp-content\/uploads\/2018\/06\/gnc77888.jpg","type":"image\/jpeg"}],"author":"diario5","twitter_card":"summary_large_image","twitter_creator":"@eltextual","twitter_site":"@eltextual","twitter_misc":{"Escrito por":"diario5","Tiempo de lectura":"3 minutos"},"schema":{"@context":"https:\/\/schema.org","@graph":[{"@type":"Article","@id":"https:\/\/diariotextual.com\/inicio\/index.php\/2021\/05\/25\/cortaron-el-expendio-de-gnc\/#article","isPartOf":{"@id":"https:\/\/diariotextual.com\/inicio\/index.php\/2021\/05\/25\/cortaron-el-expendio-de-gnc\/"},"author":{"name":"diario5","@id":"https:\/\/diariotextual.com\/inicio\/#\/schema\/person\/c7834961ad8b29b1d9cdbf4571299067"},"headline":"Cortaron el expendio de GNC en varias provincias, entre ellas La Pampa","datePublished":"2021-05-25T14:03:07+00:00","dateModified":"2021-05-25T19:36:04+00:00","mainEntityOfPage":{"@id":"https:\/\/diariotextual.com\/inicio\/index.php\/2021\/05\/25\/cortaron-el-expendio-de-gnc\/"},"wordCount":575,"publisher":{"@id":"https:\/\/diariotextual.com\/inicio\/#organization"},"image":{"@id":"https:\/\/diariotextual.com\/inicio\/index.php\/2021\/05\/25\/cortaron-el-expendio-de-gnc\/#primaryimage"},"thumbnailUrl":"https:\/\/diariotextual.com\/inicio\/wp-content\/uploads\/2018\/06\/gnc77888.jpg","articleSection":["A - PORTADA2","SOCIEDAD"],"inLanguage":"es"},{"@type":"WebPage","@id":"https:\/\/diariotextual.com\/inicio\/index.php\/2021\/05\/25\/cortaron-el-expendio-de-gnc\/","url":"https:\/\/diariotextual.com\/inicio\/index.php\/2021\/05\/25\/cortaron-el-expendio-de-gnc\/","name":"Cortaron el expendio de GNC en varias provincias, entre ellas La Pampa - Diario Textual","isPartOf":{"@id":"https:\/\/diariotextual.com\/inicio\/#website"},"primaryImageOfPage":{"@id":"https:\/\/diariotextual.com\/inicio\/index.php\/2021\/05\/25\/cortaron-el-expendio-de-gnc\/#primaryimage"},"image":{"@id":"https:\/\/diariotextual.com\/inicio\/index.php\/2021\/05\/25\/cortaron-el-expendio-de-gnc\/#primaryimage"},"thumbnailUrl":"https:\/\/diariotextual.com\/inicio\/wp-content\/uploads\/2018\/06\/gnc77888.jpg","datePublished":"2021-05-25T14:03:07+00:00","dateModified":"2021-05-25T19:36:04+00:00","breadcrumb":{"@id":"https:\/\/diariotextual.com\/inicio\/index.php\/2021\/05\/25\/cortaron-el-expendio-de-gnc\/#breadcrumb"},"inLanguage":"es","potentialAction":[{"@type":"ReadAction","target":["https:\/\/diariotextual.com\/inicio\/index.php\/2021\/05\/25\/cortaron-el-expendio-de-gnc\/"]}]},{"@type":"ImageObject","inLanguage":"es","@id":"https:\/\/diariotextual.com\/inicio\/index.php\/2021\/05\/25\/cortaron-el-expendio-de-gnc\/#primaryimage","url":"https:\/\/diariotextual.com\/inicio\/wp-content\/uploads\/2018\/06\/gnc77888.jpg","contentUrl":"https:\/\/diariotextual.com\/inicio\/wp-content\/uploads\/2018\/06\/gnc77888.jpg","width":925,"height":618},{"@type":"BreadcrumbList","@id":"https:\/\/diariotextual.com\/inicio\/index.php\/2021\/05\/25\/cortaron-el-expendio-de-gnc\/#breadcrumb","itemListElement":[{"@type":"ListItem","position":1,"name":"Portada","item":"https:\/\/diariotextual.com\/inicio\/"},{"@type":"ListItem","position":2,"name":"Cortaron el expendio de GNC en varias provincias, entre ellas La Pampa"}]},{"@type":"WebSite","@id":"https:\/\/diariotextual.com\/inicio\/#website","url":"https:\/\/diariotextual.com\/inicio\/","name":"Diario Textual","description":"","publisher":{"@id":"https:\/\/diariotextual.com\/inicio\/#organization"},"potentialAction":[{"@type":"SearchAction","target":{"@type":"EntryPoint","urlTemplate":"https:\/\/diariotextual.com\/inicio\/?s={search_term_string}"},"query-input":{"@type":"PropertyValueSpecification","valueRequired":true,"valueName":"search_term_string"}}],"inLanguage":"es"},{"@type":"Organization","@id":"https:\/\/diariotextual.com\/inicio\/#organization","name":"Diario Textual","url":"https:\/\/diariotextual.com\/inicio\/","logo":{"@type":"ImageObject","inLanguage":"es","@id":"https:\/\/diariotextual.com\/inicio\/#\/schema\/logo\/image\/","url":"https:\/\/diariotextual.com\/inicio\/wp-content\/uploads\/2023\/05\/logotextual1.jpg","contentUrl":"https:\/\/diariotextual.com\/inicio\/wp-content\/uploads\/2023\/05\/logotextual1.jpg","width":516,"height":76,"caption":"Diario Textual"},"image":{"@id":"https:\/\/diariotextual.com\/inicio\/#\/schema\/logo\/image\/"},"sameAs":["https:\/\/www.facebook.com\/eltextual","https:\/\/x.com\/eltextual","http:\/\/www.instagram.com\/eltextual"]},{"@type":"Person","@id":"https:\/\/diariotextual.com\/inicio\/#\/schema\/person\/c7834961ad8b29b1d9cdbf4571299067","name":"diario5","image":{"@type":"ImageObject","inLanguage":"es","@id":"https:\/\/secure.gravatar.com\/avatar\/948c893b847ca6df68216ead81b63f363408ec9b0f600fefc0641ce78613b111?s=96&d=mm&r=g","url":"https:\/\/secure.gravatar.com\/avatar\/948c893b847ca6df68216ead81b63f363408ec9b0f600fefc0641ce78613b111?s=96&d=mm&r=g","contentUrl":"https:\/\/secure.gravatar.com\/avatar\/948c893b847ca6df68216ead81b63f363408ec9b0f600fefc0641ce78613b111?s=96&d=mm&r=g","caption":"diario5"},"url":"https:\/\/diariotextual.com\/inicio\/index.php\/author\/diario5\/"}]}},"_links":{"self":[{"href":"https:\/\/diariotextual.com\/inicio\/index.php\/wp-json\/wp\/v2\/posts\/147405","targetHints":{"allow":["GET"]}}],"collection":[{"href":"https:\/\/diariotextual.com\/inicio\/index.php\/wp-json\/wp\/v2\/posts"}],"about":[{"href":"https:\/\/diariotextual.com\/inicio\/index.php\/wp-json\/wp\/v2\/types\/post"}],"author":[{"embeddable":true,"href":"https:\/\/diariotextual.com\/inicio\/index.php\/wp-json\/wp\/v2\/users\/7"}],"replies":[{"embeddable":true,"href":"https:\/\/diariotextual.com\/inicio\/index.php\/wp-json\/wp\/v2\/comments?post=147405"}],"version-history":[{"count":3,"href":"https:\/\/diariotextual.com\/inicio\/index.php\/wp-json\/wp\/v2\/posts\/147405\/revisions"}],"predecessor-version":[{"id":147412,"href":"https:\/\/diariotextual.com\/inicio\/index.php\/wp-json\/wp\/v2\/posts\/147405\/revisions\/147412"}],"wp:featuredmedia":[{"embeddable":true,"href":"https:\/\/diariotextual.com\/inicio\/index.php\/wp-json\/wp\/v2\/media\/10831"}],"wp:attachment":[{"href":"https:\/\/diariotextual.com\/inicio\/index.php\/wp-json\/wp\/v2\/media?parent=147405"}],"wp:term":[{"taxonomy":"category","embeddable":true,"href":"https:\/\/diariotextual.com\/inicio\/index.php\/wp-json\/wp\/v2\/categories?post=147405"},{"taxonomy":"post_tag","embeddable":true,"href":"https:\/\/diariotextual.com\/inicio\/index.php\/wp-json\/wp\/v2\/tags?post=147405"}],"curies":[{"name":"wp","href":"https:\/\/api.w.org\/{rel}","templated":true}]}}