{"id":147803,"date":"2021-05-28T05:00:00","date_gmt":"2021-05-28T08:00:00","guid":{"rendered":"https:\/\/diariotextual.com\/inicio\/?p=147803"},"modified":"2021-05-28T08:41:57","modified_gmt":"2021-05-28T11:41:57","slug":"ziliotto-espera-definiciones-de-alberto-el-lunes-31-se-pondria-fin-a-la-cuarentena-dura","status":"publish","type":"post","link":"https:\/\/diariotextual.com\/inicio\/index.php\/2021\/05\/28\/ziliotto-espera-definiciones-de-alberto-el-lunes-31-se-pondria-fin-a-la-cuarentena-dura\/","title":{"rendered":"Ziliotto espera definiciones de Alberto, que el lunes 31 pondr\u00eda fin a la cuarentena dura"},"content":{"rendered":"\n<p>Este viernes el <strong>gobernador Sergio Ziliotto<\/strong> y sus<strong> ministros <\/strong>y <strong>secretarios <\/strong>deben<strong> debatir y definir si se mantiene o no la cuarentena dura en La Pampa.<\/strong>&nbsp;De todas maneras, esa decisi\u00f3n estar\u00e1 atada a lo que establezca el presidente<strong> Alberto Fern\u00e1ndez.<\/strong><\/p>\n\n\n\n<p>El DNU presidencial y el decreto de acompa\u00f1amiento pampeano, con el confinamiento de Fase 1, vencen el domingo 30. Por eso el anuncio sobre c\u00f3mo seguir\u00e1 la ruta para combatir la pandemia deber\u00eda hacerse entre este viernes y el s\u00e1bado.<\/p>\n\n\n\n<p>En la provincia <strong>hay consenso en que las medidas duras<\/strong>, como las suspensiones de las reuniones sociales, las clases presenciales y el cierre de la mayor\u00eda de las actividades econ\u00f3micas, <strong>est\u00e1n dando lentamente los resultados esperados<\/strong>. De todas maneras, <strong>es a\u00fan muy alto el nivel de contagios<\/strong>: este jueves, por lo pronto, hubo<strong> 585<\/strong>, unos<strong><a href=\"https:\/\/diariotextual.com\/inicio\/index.php\/2021\/05\/27\/buena-noticia-en-las-ultimas-24-horas-detectan-200-casos-menos-de-covid-en-la-pampa\/\" target=\"_blank\" rel=\"noreferrer noopener\"> 200 menos que el d\u00eda anterior<\/a><\/strong>.<\/p>\n\n\n\n<p>Ya hay, en rigor, una decisi\u00f3n que se descuenta: <strong>por ahora La Pampa mantendr\u00e1 suspendidas las clases presenciales.<\/strong>&nbsp;Eso al menos ya les adelantaron las autoridades del Ministerio de Educaci\u00f3n a los gremios. <strong>\u201cLa semana pr\u00f3xima se va a seguir trabajando exclusivamente con la virtualidad\u201d<\/strong>, dijo a Diario Textual<strong>&nbsp;Lilia L\u00f3pez<\/strong>&nbsp;la secretaria general del principal gremio docente, Utelpa. \u201c<strong>Para nada est\u00e1n las condiciones para volver a la presencialidad. Seguramente en todo el mes de junio se va a seguir as\u00ed\u2026<\/strong>\u201d, adelant\u00f3.<\/p>\n\n\n\n<p><strong>En Casa Rosada, por lo pronto, la intenci\u00f3n es que se ponga un punto final moment\u00e1neo a la Fase 1.<\/strong> <\/p>\n\n\n\n<p>De esta manera, las restricciones m\u00e1s duras terminar\u00e1n el domingo y luego habr\u00e1 una semana con las medidas de cuidado previas, sumadas a restricciones m\u00e1s fuertes durante los fines de semana hasta llegar al 11 de junio, cuando vence el DNU actual.<\/p>\n\n\n\n<p>En Casa Rosada est\u00e1n conformes con c\u00f3mo la ciudadan\u00eda viene cumpliendo las medidas durante los \u00faltimos d\u00edas y consideran que hay que esperar un tiempo para poder ver reflejado en una baja de los contagios los resultados de este confinamiento.<\/p>\n\n\n\n<figure class=\"wp-block-embed is-type-wp-embed is-provider-diario-textual wp-block-embed-diario-textual\"><div class=\"wp-block-embed__wrapper\">\n<blockquote class=\"wp-embedded-content\" data-secret=\"e5vJR0Gzgy\"><a href=\"https:\/\/diariotextual.com\/inicio\/index.php\/2021\/05\/27\/en-la-pampa-la-semana-proxima-seguiran-suspendidas-las-clases-presenciales\/\">En La Pampa, la semana pr\u00f3xima seguir\u00e1n suspendidas las clases presenciales<\/a><\/blockquote><iframe class=\"wp-embedded-content\" sandbox=\"allow-scripts\" security=\"restricted\" style=\"position: absolute; clip: rect(1px, 1px, 1px, 1px);\" title=\"\u00abEn La Pampa, la semana pr\u00f3xima seguir\u00e1n suspendidas las clases presenciales\u00bb \u2014 Diario Textual\" src=\"https:\/\/diariotextual.com\/inicio\/index.php\/2021\/05\/27\/en-la-pampa-la-semana-proxima-seguiran-suspendidas-las-clases-presenciales\/embed\/#?secret=e5vJR0Gzgy\" data-secret=\"e5vJR0Gzgy\" width=\"600\" height=\"338\" frameborder=\"0\" marginwidth=\"0\" marginheight=\"0\" scrolling=\"no\"><\/iframe>\n<\/div><\/figure>\n\n\n\n<p>De lunes a viernes de la semana pr\u00f3xima, tal como est\u00e1 explicado en el DNU, habr\u00e1 menos restricciones que las actuales, pero se seguir\u00e1 sosteniendo la limitaci\u00f3n horaria de circulaci\u00f3n entre las 20 y las 6. En tanto, volver\u00e1n a relajarse en cierta medidas las actividades sociales y econ\u00f3micas, entre otras.<\/p>\n\n\n\n<p>Una de las cuestiones que est\u00e1n considerando en el Gobierno y que est\u00e1n sobre la mesa del presidente Alberto Fern\u00e1ndez es la idea de realizar \u00abcuarentenas intermitentes\u00bb, es decir, algo similar a lo que ocurri\u00f3 durante estos d\u00edas: semanas de aislamiento m\u00e1s estricto y semanas con menos restricciones. Eso permitir\u00eda controlar la cantidad de casos y no generar un agotamiento en la sociedad que transita ya el segundo a\u00f1o de pandemia.\u00a0<\/p>\n\n\n\n<p><\/p>\n","protected":false},"excerpt":{"rendered":"<p>Este viernes el gobernador Sergio Ziliotto y sus ministros y secretarios deben debatir y definir si se mantiene o no la cuarentena dura en La Pampa.&nbsp;De todas maneras, esa decisi\u00f3n&hellip;<\/p>\n","protected":false},"author":3,"featured_media":99041,"comment_status":"closed","ping_status":"open","sticky":false,"template":"","format":"standard","meta":{"_acf_changed":false,"footnotes":""},"categories":[10,8],"tags":[2861,424],"class_list":["post-147803","post","type-post","status-publish","format-standard","has-post-thumbnail","hentry","category-portada-2","category-politica","tag-pandemia","tag-ziliotto"],"acf":[],"yoast_head":"<!-- This site is optimized with the Yoast SEO plugin v27.5 - https:\/\/yoast.com\/product\/yoast-seo-wordpress\/ -->\n<title>Ziliotto espera definiciones de Alberto, que el lunes 31 pondr\u00eda fin a la cuarentena dura - Diario Textual<\/title>\n<meta name=\"robots\" content=\"index, follow, max-snippet:-1, max-image-preview:large, max-video-preview:-1\" \/>\n<link rel=\"canonical\" href=\"https:\/\/diariotextual.com\/inicio\/index.php\/2021\/05\/28\/ziliotto-espera-definiciones-de-alberto-el-lunes-31-se-pondria-fin-a-la-cuarentena-dura\/\" \/>\n<meta property=\"og:locale\" content=\"es_ES\" \/>\n<meta property=\"og:type\" content=\"article\" \/>\n<meta property=\"og:title\" content=\"Ziliotto espera definiciones de Alberto, que el lunes 31 pondr\u00eda fin a la cuarentena dura - Diario Textual\" \/>\n<meta property=\"og:description\" content=\"Este viernes el gobernador Sergio Ziliotto y sus ministros y secretarios deben debatir y definir si se mantiene o no la cuarentena dura en La Pampa.&nbsp;De todas maneras, esa decisi\u00f3n&hellip;\" \/>\n<meta property=\"og:url\" content=\"https:\/\/diariotextual.com\/inicio\/index.php\/2021\/05\/28\/ziliotto-espera-definiciones-de-alberto-el-lunes-31-se-pondria-fin-a-la-cuarentena-dura\/\" \/>\n<meta property=\"og:site_name\" content=\"Diario Textual\" \/>\n<meta property=\"article:publisher\" content=\"https:\/\/www.facebook.com\/eltextual\" \/>\n<meta property=\"article:published_time\" content=\"2021-05-28T08:00:00+00:00\" \/>\n<meta property=\"article:modified_time\" content=\"2021-05-28T11:41:57+00:00\" \/>\n<meta property=\"og:image\" content=\"https:\/\/diariotextual.com\/inicio\/wp-content\/uploads\/2020\/06\/coronavirusziliottoconferenciakohan2020000-1.jpg\" \/>\n\t<meta property=\"og:image:width\" content=\"1500\" \/>\n\t<meta property=\"og:image:height\" content=\"995\" \/>\n\t<meta property=\"og:image:type\" content=\"image\/jpeg\" \/>\n<meta name=\"author\" content=\"Diario1 Diario1\" \/>\n<meta name=\"twitter:card\" content=\"summary_large_image\" \/>\n<meta name=\"twitter:creator\" content=\"@eltextual\" \/>\n<meta name=\"twitter:site\" content=\"@eltextual\" \/>\n<meta name=\"twitter:label1\" content=\"Escrito por\" \/>\n\t<meta name=\"twitter:data1\" content=\"Diario1 Diario1\" \/>\n\t<meta name=\"twitter:label2\" content=\"Tiempo de lectura\" \/>\n\t<meta name=\"twitter:data2\" content=\"2 minutos\" \/>\n<script type=\"application\/ld+json\" class=\"yoast-schema-graph\">{\"@context\":\"https:\\\/\\\/schema.org\",\"@graph\":[{\"@type\":\"Article\",\"@id\":\"https:\\\/\\\/diariotextual.com\\\/inicio\\\/index.php\\\/2021\\\/05\\\/28\\\/ziliotto-espera-definiciones-de-alberto-el-lunes-31-se-pondria-fin-a-la-cuarentena-dura\\\/#article\",\"isPartOf\":{\"@id\":\"https:\\\/\\\/diariotextual.com\\\/inicio\\\/index.php\\\/2021\\\/05\\\/28\\\/ziliotto-espera-definiciones-de-alberto-el-lunes-31-se-pondria-fin-a-la-cuarentena-dura\\\/\"},\"author\":{\"name\":\"Diario1 Diario1\",\"@id\":\"https:\\\/\\\/diariotextual.com\\\/inicio\\\/#\\\/schema\\\/person\\\/418fc4093c33e86ed41562db3508f958\"},\"headline\":\"Ziliotto espera definiciones de Alberto, que el lunes 31 pondr\u00eda fin a la cuarentena dura\",\"datePublished\":\"2021-05-28T08:00:00+00:00\",\"dateModified\":\"2021-05-28T11:41:57+00:00\",\"mainEntityOfPage\":{\"@id\":\"https:\\\/\\\/diariotextual.com\\\/inicio\\\/index.php\\\/2021\\\/05\\\/28\\\/ziliotto-espera-definiciones-de-alberto-el-lunes-31-se-pondria-fin-a-la-cuarentena-dura\\\/\"},\"wordCount\":503,\"publisher\":{\"@id\":\"https:\\\/\\\/diariotextual.com\\\/inicio\\\/#organization\"},\"image\":{\"@id\":\"https:\\\/\\\/diariotextual.com\\\/inicio\\\/index.php\\\/2021\\\/05\\\/28\\\/ziliotto-espera-definiciones-de-alberto-el-lunes-31-se-pondria-fin-a-la-cuarentena-dura\\\/#primaryimage\"},\"thumbnailUrl\":\"https:\\\/\\\/diariotextual.com\\\/inicio\\\/wp-content\\\/uploads\\\/2020\\\/06\\\/coronavirusziliottoconferenciakohan2020000-1.jpg\",\"keywords\":[\"pandemia\",\"ziliotto\"],\"articleSection\":[\"A - PORTADA2\",\"POLITICA\"],\"inLanguage\":\"es\"},{\"@type\":\"WebPage\",\"@id\":\"https:\\\/\\\/diariotextual.com\\\/inicio\\\/index.php\\\/2021\\\/05\\\/28\\\/ziliotto-espera-definiciones-de-alberto-el-lunes-31-se-pondria-fin-a-la-cuarentena-dura\\\/\",\"url\":\"https:\\\/\\\/diariotextual.com\\\/inicio\\\/index.php\\\/2021\\\/05\\\/28\\\/ziliotto-espera-definiciones-de-alberto-el-lunes-31-se-pondria-fin-a-la-cuarentena-dura\\\/\",\"name\":\"Ziliotto espera definiciones de Alberto, que el lunes 31 pondr\u00eda fin a la cuarentena dura - Diario Textual\",\"isPartOf\":{\"@id\":\"https:\\\/\\\/diariotextual.com\\\/inicio\\\/#website\"},\"primaryImageOfPage\":{\"@id\":\"https:\\\/\\\/diariotextual.com\\\/inicio\\\/index.php\\\/2021\\\/05\\\/28\\\/ziliotto-espera-definiciones-de-alberto-el-lunes-31-se-pondria-fin-a-la-cuarentena-dura\\\/#primaryimage\"},\"image\":{\"@id\":\"https:\\\/\\\/diariotextual.com\\\/inicio\\\/index.php\\\/2021\\\/05\\\/28\\\/ziliotto-espera-definiciones-de-alberto-el-lunes-31-se-pondria-fin-a-la-cuarentena-dura\\\/#primaryimage\"},\"thumbnailUrl\":\"https:\\\/\\\/diariotextual.com\\\/inicio\\\/wp-content\\\/uploads\\\/2020\\\/06\\\/coronavirusziliottoconferenciakohan2020000-1.jpg\",\"datePublished\":\"2021-05-28T08:00:00+00:00\",\"dateModified\":\"2021-05-28T11:41:57+00:00\",\"breadcrumb\":{\"@id\":\"https:\\\/\\\/diariotextual.com\\\/inicio\\\/index.php\\\/2021\\\/05\\\/28\\\/ziliotto-espera-definiciones-de-alberto-el-lunes-31-se-pondria-fin-a-la-cuarentena-dura\\\/#breadcrumb\"},\"inLanguage\":\"es\",\"potentialAction\":[{\"@type\":\"ReadAction\",\"target\":[\"https:\\\/\\\/diariotextual.com\\\/inicio\\\/index.php\\\/2021\\\/05\\\/28\\\/ziliotto-espera-definiciones-de-alberto-el-lunes-31-se-pondria-fin-a-la-cuarentena-dura\\\/\"]}]},{\"@type\":\"ImageObject\",\"inLanguage\":\"es\",\"@id\":\"https:\\\/\\\/diariotextual.com\\\/inicio\\\/index.php\\\/2021\\\/05\\\/28\\\/ziliotto-espera-definiciones-de-alberto-el-lunes-31-se-pondria-fin-a-la-cuarentena-dura\\\/#primaryimage\",\"url\":\"https:\\\/\\\/diariotextual.com\\\/inicio\\\/wp-content\\\/uploads\\\/2020\\\/06\\\/coronavirusziliottoconferenciakohan2020000-1.jpg\",\"contentUrl\":\"https:\\\/\\\/diariotextual.com\\\/inicio\\\/wp-content\\\/uploads\\\/2020\\\/06\\\/coronavirusziliottoconferenciakohan2020000-1.jpg\",\"width\":1500,\"height\":995},{\"@type\":\"BreadcrumbList\",\"@id\":\"https:\\\/\\\/diariotextual.com\\\/inicio\\\/index.php\\\/2021\\\/05\\\/28\\\/ziliotto-espera-definiciones-de-alberto-el-lunes-31-se-pondria-fin-a-la-cuarentena-dura\\\/#breadcrumb\",\"itemListElement\":[{\"@type\":\"ListItem\",\"position\":1,\"name\":\"Portada\",\"item\":\"https:\\\/\\\/diariotextual.com\\\/inicio\\\/\"},{\"@type\":\"ListItem\",\"position\":2,\"name\":\"Ziliotto espera definiciones de Alberto, que el lunes 31 pondr\u00eda fin a la cuarentena dura\"}]},{\"@type\":\"WebSite\",\"@id\":\"https:\\\/\\\/diariotextual.com\\\/inicio\\\/#website\",\"url\":\"https:\\\/\\\/diariotextual.com\\\/inicio\\\/\",\"name\":\"Diario Textual\",\"description\":\"\",\"publisher\":{\"@id\":\"https:\\\/\\\/diariotextual.com\\\/inicio\\\/#organization\"},\"potentialAction\":[{\"@type\":\"SearchAction\",\"target\":{\"@type\":\"EntryPoint\",\"urlTemplate\":\"https:\\\/\\\/diariotextual.com\\\/inicio\\\/?s={search_term_string}\"},\"query-input\":{\"@type\":\"PropertyValueSpecification\",\"valueRequired\":true,\"valueName\":\"search_term_string\"}}],\"inLanguage\":\"es\"},{\"@type\":\"Organization\",\"@id\":\"https:\\\/\\\/diariotextual.com\\\/inicio\\\/#organization\",\"name\":\"Diario Textual\",\"url\":\"https:\\\/\\\/diariotextual.com\\\/inicio\\\/\",\"logo\":{\"@type\":\"ImageObject\",\"inLanguage\":\"es\",\"@id\":\"https:\\\/\\\/diariotextual.com\\\/inicio\\\/#\\\/schema\\\/logo\\\/image\\\/\",\"url\":\"https:\\\/\\\/diariotextual.com\\\/inicio\\\/wp-content\\\/uploads\\\/2023\\\/05\\\/logotextual1.jpg\",\"contentUrl\":\"https:\\\/\\\/diariotextual.com\\\/inicio\\\/wp-content\\\/uploads\\\/2023\\\/05\\\/logotextual1.jpg\",\"width\":516,\"height\":76,\"caption\":\"Diario Textual\"},\"image\":{\"@id\":\"https:\\\/\\\/diariotextual.com\\\/inicio\\\/#\\\/schema\\\/logo\\\/image\\\/\"},\"sameAs\":[\"https:\\\/\\\/www.facebook.com\\\/eltextual\",\"https:\\\/\\\/x.com\\\/eltextual\",\"http:\\\/\\\/www.instagram.com\\\/eltextual\"]},{\"@type\":\"Person\",\"@id\":\"https:\\\/\\\/diariotextual.com\\\/inicio\\\/#\\\/schema\\\/person\\\/418fc4093c33e86ed41562db3508f958\",\"name\":\"Diario1 Diario1\",\"image\":{\"@type\":\"ImageObject\",\"inLanguage\":\"es\",\"@id\":\"https:\\\/\\\/secure.gravatar.com\\\/avatar\\\/9167d280179c85bc18be67aa7eda765854300033af4896dd779b608640f2ef7a?s=96&d=mm&r=g\",\"url\":\"https:\\\/\\\/secure.gravatar.com\\\/avatar\\\/9167d280179c85bc18be67aa7eda765854300033af4896dd779b608640f2ef7a?s=96&d=mm&r=g\",\"contentUrl\":\"https:\\\/\\\/secure.gravatar.com\\\/avatar\\\/9167d280179c85bc18be67aa7eda765854300033af4896dd779b608640f2ef7a?s=96&d=mm&r=g\",\"caption\":\"Diario1 Diario1\"},\"url\":\"https:\\\/\\\/diariotextual.com\\\/inicio\\\/index.php\\\/author\\\/diario1\\\/\"}]}<\/script>\n<!-- \/ Yoast SEO plugin. -->","yoast_head_json":{"title":"Ziliotto espera definiciones de Alberto, que el lunes 31 pondr\u00eda fin a la cuarentena dura - Diario Textual","robots":{"index":"index","follow":"follow","max-snippet":"max-snippet:-1","max-image-preview":"max-image-preview:large","max-video-preview":"max-video-preview:-1"},"canonical":"https:\/\/diariotextual.com\/inicio\/index.php\/2021\/05\/28\/ziliotto-espera-definiciones-de-alberto-el-lunes-31-se-pondria-fin-a-la-cuarentena-dura\/","og_locale":"es_ES","og_type":"article","og_title":"Ziliotto espera definiciones de Alberto, que el lunes 31 pondr\u00eda fin a la cuarentena dura - Diario Textual","og_description":"Este viernes el gobernador Sergio Ziliotto y sus ministros y secretarios deben debatir y definir si se mantiene o no la cuarentena dura en La Pampa.&nbsp;De todas maneras, esa decisi\u00f3n&hellip;","og_url":"https:\/\/diariotextual.com\/inicio\/index.php\/2021\/05\/28\/ziliotto-espera-definiciones-de-alberto-el-lunes-31-se-pondria-fin-a-la-cuarentena-dura\/","og_site_name":"Diario Textual","article_publisher":"https:\/\/www.facebook.com\/eltextual","article_published_time":"2021-05-28T08:00:00+00:00","article_modified_time":"2021-05-28T11:41:57+00:00","og_image":[{"width":1500,"height":995,"url":"https:\/\/diariotextual.com\/inicio\/wp-content\/uploads\/2020\/06\/coronavirusziliottoconferenciakohan2020000-1.jpg","type":"image\/jpeg"}],"author":"Diario1 Diario1","twitter_card":"summary_large_image","twitter_creator":"@eltextual","twitter_site":"@eltextual","twitter_misc":{"Escrito por":"Diario1 Diario1","Tiempo de lectura":"2 minutos"},"schema":{"@context":"https:\/\/schema.org","@graph":[{"@type":"Article","@id":"https:\/\/diariotextual.com\/inicio\/index.php\/2021\/05\/28\/ziliotto-espera-definiciones-de-alberto-el-lunes-31-se-pondria-fin-a-la-cuarentena-dura\/#article","isPartOf":{"@id":"https:\/\/diariotextual.com\/inicio\/index.php\/2021\/05\/28\/ziliotto-espera-definiciones-de-alberto-el-lunes-31-se-pondria-fin-a-la-cuarentena-dura\/"},"author":{"name":"Diario1 Diario1","@id":"https:\/\/diariotextual.com\/inicio\/#\/schema\/person\/418fc4093c33e86ed41562db3508f958"},"headline":"Ziliotto espera definiciones de Alberto, que el lunes 31 pondr\u00eda fin a la cuarentena dura","datePublished":"2021-05-28T08:00:00+00:00","dateModified":"2021-05-28T11:41:57+00:00","mainEntityOfPage":{"@id":"https:\/\/diariotextual.com\/inicio\/index.php\/2021\/05\/28\/ziliotto-espera-definiciones-de-alberto-el-lunes-31-se-pondria-fin-a-la-cuarentena-dura\/"},"wordCount":503,"publisher":{"@id":"https:\/\/diariotextual.com\/inicio\/#organization"},"image":{"@id":"https:\/\/diariotextual.com\/inicio\/index.php\/2021\/05\/28\/ziliotto-espera-definiciones-de-alberto-el-lunes-31-se-pondria-fin-a-la-cuarentena-dura\/#primaryimage"},"thumbnailUrl":"https:\/\/diariotextual.com\/inicio\/wp-content\/uploads\/2020\/06\/coronavirusziliottoconferenciakohan2020000-1.jpg","keywords":["pandemia","ziliotto"],"articleSection":["A - PORTADA2","POLITICA"],"inLanguage":"es"},{"@type":"WebPage","@id":"https:\/\/diariotextual.com\/inicio\/index.php\/2021\/05\/28\/ziliotto-espera-definiciones-de-alberto-el-lunes-31-se-pondria-fin-a-la-cuarentena-dura\/","url":"https:\/\/diariotextual.com\/inicio\/index.php\/2021\/05\/28\/ziliotto-espera-definiciones-de-alberto-el-lunes-31-se-pondria-fin-a-la-cuarentena-dura\/","name":"Ziliotto espera definiciones de Alberto, que el lunes 31 pondr\u00eda fin a la cuarentena dura - Diario Textual","isPartOf":{"@id":"https:\/\/diariotextual.com\/inicio\/#website"},"primaryImageOfPage":{"@id":"https:\/\/diariotextual.com\/inicio\/index.php\/2021\/05\/28\/ziliotto-espera-definiciones-de-alberto-el-lunes-31-se-pondria-fin-a-la-cuarentena-dura\/#primaryimage"},"image":{"@id":"https:\/\/diariotextual.com\/inicio\/index.php\/2021\/05\/28\/ziliotto-espera-definiciones-de-alberto-el-lunes-31-se-pondria-fin-a-la-cuarentena-dura\/#primaryimage"},"thumbnailUrl":"https:\/\/diariotextual.com\/inicio\/wp-content\/uploads\/2020\/06\/coronavirusziliottoconferenciakohan2020000-1.jpg","datePublished":"2021-05-28T08:00:00+00:00","dateModified":"2021-05-28T11:41:57+00:00","breadcrumb":{"@id":"https:\/\/diariotextual.com\/inicio\/index.php\/2021\/05\/28\/ziliotto-espera-definiciones-de-alberto-el-lunes-31-se-pondria-fin-a-la-cuarentena-dura\/#breadcrumb"},"inLanguage":"es","potentialAction":[{"@type":"ReadAction","target":["https:\/\/diariotextual.com\/inicio\/index.php\/2021\/05\/28\/ziliotto-espera-definiciones-de-alberto-el-lunes-31-se-pondria-fin-a-la-cuarentena-dura\/"]}]},{"@type":"ImageObject","inLanguage":"es","@id":"https:\/\/diariotextual.com\/inicio\/index.php\/2021\/05\/28\/ziliotto-espera-definiciones-de-alberto-el-lunes-31-se-pondria-fin-a-la-cuarentena-dura\/#primaryimage","url":"https:\/\/diariotextual.com\/inicio\/wp-content\/uploads\/2020\/06\/coronavirusziliottoconferenciakohan2020000-1.jpg","contentUrl":"https:\/\/diariotextual.com\/inicio\/wp-content\/uploads\/2020\/06\/coronavirusziliottoconferenciakohan2020000-1.jpg","width":1500,"height":995},{"@type":"BreadcrumbList","@id":"https:\/\/diariotextual.com\/inicio\/index.php\/2021\/05\/28\/ziliotto-espera-definiciones-de-alberto-el-lunes-31-se-pondria-fin-a-la-cuarentena-dura\/#breadcrumb","itemListElement":[{"@type":"ListItem","position":1,"name":"Portada","item":"https:\/\/diariotextual.com\/inicio\/"},{"@type":"ListItem","position":2,"name":"Ziliotto espera definiciones de Alberto, que el lunes 31 pondr\u00eda fin a la cuarentena dura"}]},{"@type":"WebSite","@id":"https:\/\/diariotextual.com\/inicio\/#website","url":"https:\/\/diariotextual.com\/inicio\/","name":"Diario Textual","description":"","publisher":{"@id":"https:\/\/diariotextual.com\/inicio\/#organization"},"potentialAction":[{"@type":"SearchAction","target":{"@type":"EntryPoint","urlTemplate":"https:\/\/diariotextual.com\/inicio\/?s={search_term_string}"},"query-input":{"@type":"PropertyValueSpecification","valueRequired":true,"valueName":"search_term_string"}}],"inLanguage":"es"},{"@type":"Organization","@id":"https:\/\/diariotextual.com\/inicio\/#organization","name":"Diario Textual","url":"https:\/\/diariotextual.com\/inicio\/","logo":{"@type":"ImageObject","inLanguage":"es","@id":"https:\/\/diariotextual.com\/inicio\/#\/schema\/logo\/image\/","url":"https:\/\/diariotextual.com\/inicio\/wp-content\/uploads\/2023\/05\/logotextual1.jpg","contentUrl":"https:\/\/diariotextual.com\/inicio\/wp-content\/uploads\/2023\/05\/logotextual1.jpg","width":516,"height":76,"caption":"Diario Textual"},"image":{"@id":"https:\/\/diariotextual.com\/inicio\/#\/schema\/logo\/image\/"},"sameAs":["https:\/\/www.facebook.com\/eltextual","https:\/\/x.com\/eltextual","http:\/\/www.instagram.com\/eltextual"]},{"@type":"Person","@id":"https:\/\/diariotextual.com\/inicio\/#\/schema\/person\/418fc4093c33e86ed41562db3508f958","name":"Diario1 Diario1","image":{"@type":"ImageObject","inLanguage":"es","@id":"https:\/\/secure.gravatar.com\/avatar\/9167d280179c85bc18be67aa7eda765854300033af4896dd779b608640f2ef7a?s=96&d=mm&r=g","url":"https:\/\/secure.gravatar.com\/avatar\/9167d280179c85bc18be67aa7eda765854300033af4896dd779b608640f2ef7a?s=96&d=mm&r=g","contentUrl":"https:\/\/secure.gravatar.com\/avatar\/9167d280179c85bc18be67aa7eda765854300033af4896dd779b608640f2ef7a?s=96&d=mm&r=g","caption":"Diario1 Diario1"},"url":"https:\/\/diariotextual.com\/inicio\/index.php\/author\/diario1\/"}]}},"_links":{"self":[{"href":"https:\/\/diariotextual.com\/inicio\/index.php\/wp-json\/wp\/v2\/posts\/147803","targetHints":{"allow":["GET"]}}],"collection":[{"href":"https:\/\/diariotextual.com\/inicio\/index.php\/wp-json\/wp\/v2\/posts"}],"about":[{"href":"https:\/\/diariotextual.com\/inicio\/index.php\/wp-json\/wp\/v2\/types\/post"}],"author":[{"embeddable":true,"href":"https:\/\/diariotextual.com\/inicio\/index.php\/wp-json\/wp\/v2\/users\/3"}],"replies":[{"embeddable":true,"href":"https:\/\/diariotextual.com\/inicio\/index.php\/wp-json\/wp\/v2\/comments?post=147803"}],"version-history":[{"count":7,"href":"https:\/\/diariotextual.com\/inicio\/index.php\/wp-json\/wp\/v2\/posts\/147803\/revisions"}],"predecessor-version":[{"id":147818,"href":"https:\/\/diariotextual.com\/inicio\/index.php\/wp-json\/wp\/v2\/posts\/147803\/revisions\/147818"}],"wp:featuredmedia":[{"embeddable":true,"href":"https:\/\/diariotextual.com\/inicio\/index.php\/wp-json\/wp\/v2\/media\/99041"}],"wp:attachment":[{"href":"https:\/\/diariotextual.com\/inicio\/index.php\/wp-json\/wp\/v2\/media?parent=147803"}],"wp:term":[{"taxonomy":"category","embeddable":true,"href":"https:\/\/diariotextual.com\/inicio\/index.php\/wp-json\/wp\/v2\/categories?post=147803"},{"taxonomy":"post_tag","embeddable":true,"href":"https:\/\/diariotextual.com\/inicio\/index.php\/wp-json\/wp\/v2\/tags?post=147803"}],"curies":[{"name":"wp","href":"https:\/\/api.w.org\/{rel}","templated":true}]}}