{"id":147934,"date":"2021-05-28T14:00:28","date_gmt":"2021-05-28T17:00:28","guid":{"rendered":"https:\/\/diariotextual.com\/inicio\/?p=147934"},"modified":"2021-05-28T20:29:37","modified_gmt":"2021-05-28T23:29:37","slug":"el-tambolar-verna-resalto-el-amparo-ambiental-a-favor-de-la-pampa","status":"publish","type":"post","link":"https:\/\/diariotextual.com\/inicio\/index.php\/2021\/05\/28\/el-tambolar-verna-resalto-el-amparo-ambiental-a-favor-de-la-pampa\/","title":{"rendered":"El Tambolar: Verna resalt\u00f3 el amparo ambiental a favor de La Pampa"},"content":{"rendered":"\n<p>El exgobernador<strong> Carlos Verna<\/strong> resalt\u00f3 la resoluci\u00f3n de la Corte Suprema de Justicia de la Naci\u00f3n que<strong> <a href=\"https:\/\/diariotextual.com\/inicio\/index.php\/2021\/05\/28\/la-corte-fallo-a-favor-de-la-pampa-en-el-reclamo-por-la-represa-el-tambolar\/\" target=\"_blank\" rel=\"noreferrer noopener\">en las \u00faltimas horas hizo lugar al amparo ambiental que present\u00f3 La Pampa contra la construcci\u00f3n de la represa El Tambolar<\/a><\/strong>, que est\u00e1 afectando el caudal del r\u00edo Salado en el oeste pampeano.<\/p>\n\n\n\n<p><strong>\u201cEste reconocimiento por parte de la corte a nuestra provincia, no hace otra cosa que ratificar que la lucha iniciada para el reconocimiento de derechos cercenados, y el desarrollo postergado de algunas zonas de nuestra provincia no pod\u00eda esperar m\u00e1s\u201d<\/strong>, tuite\u00f3.<\/p>\n\n\n\n<figure class=\"wp-block-embed is-type-rich is-provider-twitter wp-block-embed-twitter\"><div class=\"wp-block-embed__wrapper\">\n<blockquote class=\"twitter-tweet\" data-width=\"550\" data-dnt=\"true\"><p lang=\"es\" dir=\"ltr\">FALLO POR EL TAMBOLAR<br>Este reconocimiento por parte de la corte a nuestra provincia, no hace otra cosa que ratificar que la lucha iniciada para el reconocimiento de derechos cercenados, y el desarrollo postergado de algunas zonas de nuestra provincia no pod\u00eda esperar m\u00e1s. <a href=\"https:\/\/t.co\/2CuKeZzQ8e\">pic.twitter.com\/2CuKeZzQ8e<\/a><\/p>&mdash; Carlos Verna (@VernaOficial) <a href=\"https:\/\/twitter.com\/VernaOficial\/status\/1398319514547273728?ref_src=twsrc%5Etfw\">May 28, 2021<\/a><\/blockquote><script async src=\"https:\/\/platform.twitter.com\/widgets.js\" charset=\"utf-8\"><\/script>\n<\/div><\/figure>\n\n\n\n<p><strong>Verna fue el que inici\u00f3 la demanda hace casi tres a\u00f1os. <\/strong>El 4 de octubre de 2018 La Pampa requiri\u00f3 la intervenci\u00f3n de la Corte a fin que ordene el cumplimiento de la Ley General de Ambiente N\u00b0 25.688, de R\u00e9gimen de Gesti\u00f3n Ambiental de Aguas y lo normado por la Ley N\u00b0 23.879 de Obras Hidr\u00e1ulicas, previo a la construcci\u00f3n de la mencionada represa que se encuentra ubicada sobre el r\u00edo San Juan el cual es parte de la cuenca interprovincial del R\u00edo Desaguadero-Salado-Chadileuv\u00fa-Curac\u00f3-Colorado.<\/p>\n\n\n\n<p>La sentencia ahora ordena que<strong>\u00a0en el plazo de 30 d\u00edas la provincia de San Juan informe y respalde con documentaci\u00f3n pertinente, todas las actuaciones administrativas relativas a la ejecuci\u00f3n de la obra El Tambolar<\/strong>, en particular en toda actuaci\u00f3n vinculada con los distintos aspectos ambientales del emprendimiento.<\/p>\n\n\n\n<figure class=\"wp-block-embed is-type-rich is-provider-twitter wp-block-embed-twitter\"><div class=\"wp-block-embed__wrapper\">\nhttps:\/\/twitter.com\/ZiliottoSergio\/status\/1398310116315865093\n<\/div><\/figure>\n\n\n\n<p>Asimismo,<strong>\u00a0la Corte requiri\u00f3 que informe todas las actuaciones relativas a los aspectos vinculados con los instrumentos de gesti\u00f3n ambiental que tuviesen relaci\u00f3n con la Cuenca del R\u00edo Desaguadero-Salado-Chadileuv\u00fa-Curac\u00f3-Colorado<\/strong>. En particular,\u00a0<strong>deber\u00e1 informar sobre instancias de participaci\u00f3n p\u00fablica vinculadas con el proyecto<\/strong>, acompa\u00f1ando en su caso la documentaci\u00f3n.<\/p>\n\n\n\n<p>Por su parte,\u00a0<strong>al Estado Nacional se le solicit\u00f3 que en el plazo de 30 d\u00edas informe todas las actuaciones relativas a actividades y pol\u00edticas adoptadas en el seno de la Comisi\u00f3n de Seguimiento de la Regi\u00f3n H\u00eddrica del R\u00edo Desaguadero-Salado-Chadileuv\u00fa-Curac\u00f3-Colorado\u00a0<\/strong>relativas al manejo y gesti\u00f3n integrada de las cuencas h\u00eddricas de acuerdo con la regulaci\u00f3n vigente.<\/p>\n\n\n\n<p>En la acci\u00f3n iniciada por la provincia de La Pampa, puntualmente se solicit\u00f3 a la Corte los siguientes puntos:<\/p>\n\n\n\n<p>\u2013 Se ordene una evaluaci\u00f3n de impacto ambiental sobre toda la cuenca h\u00eddrica Interjurisdiccional Desaguadero- Salado- Chadileuv\u00fa- Curac\u00f3- Colorado- que eval\u00fae en su totalidad los impactos de la obra El Tambolar y que el mismo sea sometido a consideraci\u00f3n vinculante de todas las provincias integrantes.<\/p>\n\n\n\n<p>\u2013 Evaluaci\u00f3n ambiental estrat\u00e9gica que contemple las consecuencias ambientales de programa de desarrollo hidroel\u00e9ctrico sobre el rio San Juan, su afectaci\u00f3n al desarrollo sostenible y equilibrado de todas las provincias cond\u00f3minas.<\/p>\n\n\n\n<p>&nbsp; \u2013 Se respete el ejercicio del derecho a la Participaci\u00f3n Ciudadana, efectuando para ello Audiencias P\u00fablicas Interprovinciales en el marco del procedimiento de la Evaluaci\u00f3n del Impacto Ambiental.<\/p>\n\n\n\n<p>&nbsp;&nbsp;&nbsp; \u2013 Se ordene evaluar las consecuencias ambientales desde el punto de vista sismol\u00f3gico, geol\u00f3gico, hidrol\u00f3gico, sanitario y ecol\u00f3gico.<\/p>\n\n\n\n<p>&nbsp;&nbsp;&nbsp;&nbsp; \u2013 Se ordene reformular el proyecto conforme los resultados obtenidos en las evaluaciones y decisiones tomadas por las provincias intervinientes, respetando los par\u00e1metros de protecci\u00f3n al ambiente.<\/p>\n\n\n\n<p>&nbsp;&nbsp;&nbsp;&nbsp;&nbsp;&nbsp; \u2013 Se ordene la inmediata paralizaci\u00f3n de la obra El Tambolar, hasta tanto se obtengan los estudios ambientales, se ejecuten y aprueben.<\/p>\n","protected":false},"excerpt":{"rendered":"<p>El exgobernador Carlos Verna resalt\u00f3 la resoluci\u00f3n de la Corte Suprema de Justicia de la Naci\u00f3n que en las \u00faltimas horas hizo lugar al amparo ambiental que present\u00f3 La Pampa&hellip;<\/p>\n","protected":false},"author":3,"featured_media":19244,"comment_status":"closed","ping_status":"open","sticky":false,"template":"","format":"standard","meta":{"_acf_changed":false,"footnotes":""},"categories":[10,8],"tags":[19],"class_list":["post-147934","post","type-post","status-publish","format-standard","has-post-thumbnail","hentry","category-portada-2","category-politica","tag-verna"],"acf":[],"yoast_head":"<!-- This site is optimized with the Yoast SEO plugin v27.5 - https:\/\/yoast.com\/product\/yoast-seo-wordpress\/ -->\n<title>El Tambolar: Verna resalt\u00f3 el amparo ambiental a favor de La Pampa - Diario Textual<\/title>\n<meta name=\"robots\" content=\"index, follow, max-snippet:-1, max-image-preview:large, max-video-preview:-1\" \/>\n<link rel=\"canonical\" href=\"https:\/\/diariotextual.com\/inicio\/index.php\/2021\/05\/28\/el-tambolar-verna-resalto-el-amparo-ambiental-a-favor-de-la-pampa\/\" \/>\n<meta property=\"og:locale\" content=\"es_ES\" \/>\n<meta property=\"og:type\" content=\"article\" \/>\n<meta property=\"og:title\" content=\"El Tambolar: Verna resalt\u00f3 el amparo ambiental a favor de La Pampa - Diario Textual\" \/>\n<meta property=\"og:description\" content=\"El exgobernador Carlos Verna resalt\u00f3 la resoluci\u00f3n de la Corte Suprema de Justicia de la Naci\u00f3n que en las \u00faltimas horas hizo lugar al amparo ambiental que present\u00f3 La Pampa&hellip;\" \/>\n<meta property=\"og:url\" content=\"https:\/\/diariotextual.com\/inicio\/index.php\/2021\/05\/28\/el-tambolar-verna-resalto-el-amparo-ambiental-a-favor-de-la-pampa\/\" \/>\n<meta property=\"og:site_name\" content=\"Diario Textual\" \/>\n<meta property=\"article:publisher\" content=\"https:\/\/www.facebook.com\/eltextual\" \/>\n<meta property=\"article:published_time\" content=\"2021-05-28T17:00:28+00:00\" \/>\n<meta property=\"article:modified_time\" content=\"2021-05-28T23:29:37+00:00\" \/>\n<meta property=\"og:image\" content=\"https:\/\/diariotextual.com\/inicio\/wp-content\/uploads\/2018\/09\/vernacarlos000111.jpg\" \/>\n\t<meta property=\"og:image:width\" content=\"960\" \/>\n\t<meta property=\"og:image:height\" content=\"641\" \/>\n\t<meta property=\"og:image:type\" content=\"image\/jpeg\" \/>\n<meta name=\"author\" content=\"Diario1 Diario1\" \/>\n<meta name=\"twitter:card\" content=\"summary_large_image\" \/>\n<meta name=\"twitter:creator\" content=\"@eltextual\" \/>\n<meta name=\"twitter:site\" content=\"@eltextual\" \/>\n<meta name=\"twitter:label1\" content=\"Escrito por\" \/>\n\t<meta name=\"twitter:data1\" content=\"Diario1 Diario1\" \/>\n\t<meta name=\"twitter:label2\" content=\"Tiempo de lectura\" \/>\n\t<meta name=\"twitter:data2\" content=\"3 minutos\" \/>\n<script type=\"application\/ld+json\" class=\"yoast-schema-graph\">{\"@context\":\"https:\\\/\\\/schema.org\",\"@graph\":[{\"@type\":\"Article\",\"@id\":\"https:\\\/\\\/diariotextual.com\\\/inicio\\\/index.php\\\/2021\\\/05\\\/28\\\/el-tambolar-verna-resalto-el-amparo-ambiental-a-favor-de-la-pampa\\\/#article\",\"isPartOf\":{\"@id\":\"https:\\\/\\\/diariotextual.com\\\/inicio\\\/index.php\\\/2021\\\/05\\\/28\\\/el-tambolar-verna-resalto-el-amparo-ambiental-a-favor-de-la-pampa\\\/\"},\"author\":{\"name\":\"Diario1 Diario1\",\"@id\":\"https:\\\/\\\/diariotextual.com\\\/inicio\\\/#\\\/schema\\\/person\\\/418fc4093c33e86ed41562db3508f958\"},\"headline\":\"El Tambolar: Verna resalt\u00f3 el amparo ambiental a favor de La Pampa\",\"datePublished\":\"2021-05-28T17:00:28+00:00\",\"dateModified\":\"2021-05-28T23:29:37+00:00\",\"mainEntityOfPage\":{\"@id\":\"https:\\\/\\\/diariotextual.com\\\/inicio\\\/index.php\\\/2021\\\/05\\\/28\\\/el-tambolar-verna-resalto-el-amparo-ambiental-a-favor-de-la-pampa\\\/\"},\"wordCount\":605,\"publisher\":{\"@id\":\"https:\\\/\\\/diariotextual.com\\\/inicio\\\/#organization\"},\"image\":{\"@id\":\"https:\\\/\\\/diariotextual.com\\\/inicio\\\/index.php\\\/2021\\\/05\\\/28\\\/el-tambolar-verna-resalto-el-amparo-ambiental-a-favor-de-la-pampa\\\/#primaryimage\"},\"thumbnailUrl\":\"https:\\\/\\\/diariotextual.com\\\/inicio\\\/wp-content\\\/uploads\\\/2018\\\/09\\\/vernacarlos000111.jpg\",\"keywords\":[\"verna\"],\"articleSection\":[\"A - PORTADA2\",\"POLITICA\"],\"inLanguage\":\"es\"},{\"@type\":\"WebPage\",\"@id\":\"https:\\\/\\\/diariotextual.com\\\/inicio\\\/index.php\\\/2021\\\/05\\\/28\\\/el-tambolar-verna-resalto-el-amparo-ambiental-a-favor-de-la-pampa\\\/\",\"url\":\"https:\\\/\\\/diariotextual.com\\\/inicio\\\/index.php\\\/2021\\\/05\\\/28\\\/el-tambolar-verna-resalto-el-amparo-ambiental-a-favor-de-la-pampa\\\/\",\"name\":\"El Tambolar: Verna resalt\u00f3 el amparo ambiental a favor de La Pampa - Diario Textual\",\"isPartOf\":{\"@id\":\"https:\\\/\\\/diariotextual.com\\\/inicio\\\/#website\"},\"primaryImageOfPage\":{\"@id\":\"https:\\\/\\\/diariotextual.com\\\/inicio\\\/index.php\\\/2021\\\/05\\\/28\\\/el-tambolar-verna-resalto-el-amparo-ambiental-a-favor-de-la-pampa\\\/#primaryimage\"},\"image\":{\"@id\":\"https:\\\/\\\/diariotextual.com\\\/inicio\\\/index.php\\\/2021\\\/05\\\/28\\\/el-tambolar-verna-resalto-el-amparo-ambiental-a-favor-de-la-pampa\\\/#primaryimage\"},\"thumbnailUrl\":\"https:\\\/\\\/diariotextual.com\\\/inicio\\\/wp-content\\\/uploads\\\/2018\\\/09\\\/vernacarlos000111.jpg\",\"datePublished\":\"2021-05-28T17:00:28+00:00\",\"dateModified\":\"2021-05-28T23:29:37+00:00\",\"breadcrumb\":{\"@id\":\"https:\\\/\\\/diariotextual.com\\\/inicio\\\/index.php\\\/2021\\\/05\\\/28\\\/el-tambolar-verna-resalto-el-amparo-ambiental-a-favor-de-la-pampa\\\/#breadcrumb\"},\"inLanguage\":\"es\",\"potentialAction\":[{\"@type\":\"ReadAction\",\"target\":[\"https:\\\/\\\/diariotextual.com\\\/inicio\\\/index.php\\\/2021\\\/05\\\/28\\\/el-tambolar-verna-resalto-el-amparo-ambiental-a-favor-de-la-pampa\\\/\"]}]},{\"@type\":\"ImageObject\",\"inLanguage\":\"es\",\"@id\":\"https:\\\/\\\/diariotextual.com\\\/inicio\\\/index.php\\\/2021\\\/05\\\/28\\\/el-tambolar-verna-resalto-el-amparo-ambiental-a-favor-de-la-pampa\\\/#primaryimage\",\"url\":\"https:\\\/\\\/diariotextual.com\\\/inicio\\\/wp-content\\\/uploads\\\/2018\\\/09\\\/vernacarlos000111.jpg\",\"contentUrl\":\"https:\\\/\\\/diariotextual.com\\\/inicio\\\/wp-content\\\/uploads\\\/2018\\\/09\\\/vernacarlos000111.jpg\",\"width\":960,\"height\":641},{\"@type\":\"BreadcrumbList\",\"@id\":\"https:\\\/\\\/diariotextual.com\\\/inicio\\\/index.php\\\/2021\\\/05\\\/28\\\/el-tambolar-verna-resalto-el-amparo-ambiental-a-favor-de-la-pampa\\\/#breadcrumb\",\"itemListElement\":[{\"@type\":\"ListItem\",\"position\":1,\"name\":\"Portada\",\"item\":\"https:\\\/\\\/diariotextual.com\\\/inicio\\\/\"},{\"@type\":\"ListItem\",\"position\":2,\"name\":\"El Tambolar: Verna resalt\u00f3 el amparo ambiental a favor de La Pampa\"}]},{\"@type\":\"WebSite\",\"@id\":\"https:\\\/\\\/diariotextual.com\\\/inicio\\\/#website\",\"url\":\"https:\\\/\\\/diariotextual.com\\\/inicio\\\/\",\"name\":\"Diario Textual\",\"description\":\"\",\"publisher\":{\"@id\":\"https:\\\/\\\/diariotextual.com\\\/inicio\\\/#organization\"},\"potentialAction\":[{\"@type\":\"SearchAction\",\"target\":{\"@type\":\"EntryPoint\",\"urlTemplate\":\"https:\\\/\\\/diariotextual.com\\\/inicio\\\/?s={search_term_string}\"},\"query-input\":{\"@type\":\"PropertyValueSpecification\",\"valueRequired\":true,\"valueName\":\"search_term_string\"}}],\"inLanguage\":\"es\"},{\"@type\":\"Organization\",\"@id\":\"https:\\\/\\\/diariotextual.com\\\/inicio\\\/#organization\",\"name\":\"Diario Textual\",\"url\":\"https:\\\/\\\/diariotextual.com\\\/inicio\\\/\",\"logo\":{\"@type\":\"ImageObject\",\"inLanguage\":\"es\",\"@id\":\"https:\\\/\\\/diariotextual.com\\\/inicio\\\/#\\\/schema\\\/logo\\\/image\\\/\",\"url\":\"https:\\\/\\\/diariotextual.com\\\/inicio\\\/wp-content\\\/uploads\\\/2023\\\/05\\\/logotextual1.jpg\",\"contentUrl\":\"https:\\\/\\\/diariotextual.com\\\/inicio\\\/wp-content\\\/uploads\\\/2023\\\/05\\\/logotextual1.jpg\",\"width\":516,\"height\":76,\"caption\":\"Diario Textual\"},\"image\":{\"@id\":\"https:\\\/\\\/diariotextual.com\\\/inicio\\\/#\\\/schema\\\/logo\\\/image\\\/\"},\"sameAs\":[\"https:\\\/\\\/www.facebook.com\\\/eltextual\",\"https:\\\/\\\/x.com\\\/eltextual\",\"http:\\\/\\\/www.instagram.com\\\/eltextual\"]},{\"@type\":\"Person\",\"@id\":\"https:\\\/\\\/diariotextual.com\\\/inicio\\\/#\\\/schema\\\/person\\\/418fc4093c33e86ed41562db3508f958\",\"name\":\"Diario1 Diario1\",\"image\":{\"@type\":\"ImageObject\",\"inLanguage\":\"es\",\"@id\":\"https:\\\/\\\/secure.gravatar.com\\\/avatar\\\/9167d280179c85bc18be67aa7eda765854300033af4896dd779b608640f2ef7a?s=96&d=mm&r=g\",\"url\":\"https:\\\/\\\/secure.gravatar.com\\\/avatar\\\/9167d280179c85bc18be67aa7eda765854300033af4896dd779b608640f2ef7a?s=96&d=mm&r=g\",\"contentUrl\":\"https:\\\/\\\/secure.gravatar.com\\\/avatar\\\/9167d280179c85bc18be67aa7eda765854300033af4896dd779b608640f2ef7a?s=96&d=mm&r=g\",\"caption\":\"Diario1 Diario1\"},\"url\":\"https:\\\/\\\/diariotextual.com\\\/inicio\\\/index.php\\\/author\\\/diario1\\\/\"}]}<\/script>\n<!-- \/ Yoast SEO plugin. -->","yoast_head_json":{"title":"El Tambolar: Verna resalt\u00f3 el amparo ambiental a favor de La Pampa - Diario Textual","robots":{"index":"index","follow":"follow","max-snippet":"max-snippet:-1","max-image-preview":"max-image-preview:large","max-video-preview":"max-video-preview:-1"},"canonical":"https:\/\/diariotextual.com\/inicio\/index.php\/2021\/05\/28\/el-tambolar-verna-resalto-el-amparo-ambiental-a-favor-de-la-pampa\/","og_locale":"es_ES","og_type":"article","og_title":"El Tambolar: Verna resalt\u00f3 el amparo ambiental a favor de La Pampa - Diario Textual","og_description":"El exgobernador Carlos Verna resalt\u00f3 la resoluci\u00f3n de la Corte Suprema de Justicia de la Naci\u00f3n que en las \u00faltimas horas hizo lugar al amparo ambiental que present\u00f3 La Pampa&hellip;","og_url":"https:\/\/diariotextual.com\/inicio\/index.php\/2021\/05\/28\/el-tambolar-verna-resalto-el-amparo-ambiental-a-favor-de-la-pampa\/","og_site_name":"Diario Textual","article_publisher":"https:\/\/www.facebook.com\/eltextual","article_published_time":"2021-05-28T17:00:28+00:00","article_modified_time":"2021-05-28T23:29:37+00:00","og_image":[{"width":960,"height":641,"url":"https:\/\/diariotextual.com\/inicio\/wp-content\/uploads\/2018\/09\/vernacarlos000111.jpg","type":"image\/jpeg"}],"author":"Diario1 Diario1","twitter_card":"summary_large_image","twitter_creator":"@eltextual","twitter_site":"@eltextual","twitter_misc":{"Escrito por":"Diario1 Diario1","Tiempo de lectura":"3 minutos"},"schema":{"@context":"https:\/\/schema.org","@graph":[{"@type":"Article","@id":"https:\/\/diariotextual.com\/inicio\/index.php\/2021\/05\/28\/el-tambolar-verna-resalto-el-amparo-ambiental-a-favor-de-la-pampa\/#article","isPartOf":{"@id":"https:\/\/diariotextual.com\/inicio\/index.php\/2021\/05\/28\/el-tambolar-verna-resalto-el-amparo-ambiental-a-favor-de-la-pampa\/"},"author":{"name":"Diario1 Diario1","@id":"https:\/\/diariotextual.com\/inicio\/#\/schema\/person\/418fc4093c33e86ed41562db3508f958"},"headline":"El Tambolar: Verna resalt\u00f3 el amparo ambiental a favor de La Pampa","datePublished":"2021-05-28T17:00:28+00:00","dateModified":"2021-05-28T23:29:37+00:00","mainEntityOfPage":{"@id":"https:\/\/diariotextual.com\/inicio\/index.php\/2021\/05\/28\/el-tambolar-verna-resalto-el-amparo-ambiental-a-favor-de-la-pampa\/"},"wordCount":605,"publisher":{"@id":"https:\/\/diariotextual.com\/inicio\/#organization"},"image":{"@id":"https:\/\/diariotextual.com\/inicio\/index.php\/2021\/05\/28\/el-tambolar-verna-resalto-el-amparo-ambiental-a-favor-de-la-pampa\/#primaryimage"},"thumbnailUrl":"https:\/\/diariotextual.com\/inicio\/wp-content\/uploads\/2018\/09\/vernacarlos000111.jpg","keywords":["verna"],"articleSection":["A - PORTADA2","POLITICA"],"inLanguage":"es"},{"@type":"WebPage","@id":"https:\/\/diariotextual.com\/inicio\/index.php\/2021\/05\/28\/el-tambolar-verna-resalto-el-amparo-ambiental-a-favor-de-la-pampa\/","url":"https:\/\/diariotextual.com\/inicio\/index.php\/2021\/05\/28\/el-tambolar-verna-resalto-el-amparo-ambiental-a-favor-de-la-pampa\/","name":"El Tambolar: Verna resalt\u00f3 el amparo ambiental a favor de La Pampa - Diario Textual","isPartOf":{"@id":"https:\/\/diariotextual.com\/inicio\/#website"},"primaryImageOfPage":{"@id":"https:\/\/diariotextual.com\/inicio\/index.php\/2021\/05\/28\/el-tambolar-verna-resalto-el-amparo-ambiental-a-favor-de-la-pampa\/#primaryimage"},"image":{"@id":"https:\/\/diariotextual.com\/inicio\/index.php\/2021\/05\/28\/el-tambolar-verna-resalto-el-amparo-ambiental-a-favor-de-la-pampa\/#primaryimage"},"thumbnailUrl":"https:\/\/diariotextual.com\/inicio\/wp-content\/uploads\/2018\/09\/vernacarlos000111.jpg","datePublished":"2021-05-28T17:00:28+00:00","dateModified":"2021-05-28T23:29:37+00:00","breadcrumb":{"@id":"https:\/\/diariotextual.com\/inicio\/index.php\/2021\/05\/28\/el-tambolar-verna-resalto-el-amparo-ambiental-a-favor-de-la-pampa\/#breadcrumb"},"inLanguage":"es","potentialAction":[{"@type":"ReadAction","target":["https:\/\/diariotextual.com\/inicio\/index.php\/2021\/05\/28\/el-tambolar-verna-resalto-el-amparo-ambiental-a-favor-de-la-pampa\/"]}]},{"@type":"ImageObject","inLanguage":"es","@id":"https:\/\/diariotextual.com\/inicio\/index.php\/2021\/05\/28\/el-tambolar-verna-resalto-el-amparo-ambiental-a-favor-de-la-pampa\/#primaryimage","url":"https:\/\/diariotextual.com\/inicio\/wp-content\/uploads\/2018\/09\/vernacarlos000111.jpg","contentUrl":"https:\/\/diariotextual.com\/inicio\/wp-content\/uploads\/2018\/09\/vernacarlos000111.jpg","width":960,"height":641},{"@type":"BreadcrumbList","@id":"https:\/\/diariotextual.com\/inicio\/index.php\/2021\/05\/28\/el-tambolar-verna-resalto-el-amparo-ambiental-a-favor-de-la-pampa\/#breadcrumb","itemListElement":[{"@type":"ListItem","position":1,"name":"Portada","item":"https:\/\/diariotextual.com\/inicio\/"},{"@type":"ListItem","position":2,"name":"El Tambolar: Verna resalt\u00f3 el amparo ambiental a favor de La Pampa"}]},{"@type":"WebSite","@id":"https:\/\/diariotextual.com\/inicio\/#website","url":"https:\/\/diariotextual.com\/inicio\/","name":"Diario Textual","description":"","publisher":{"@id":"https:\/\/diariotextual.com\/inicio\/#organization"},"potentialAction":[{"@type":"SearchAction","target":{"@type":"EntryPoint","urlTemplate":"https:\/\/diariotextual.com\/inicio\/?s={search_term_string}"},"query-input":{"@type":"PropertyValueSpecification","valueRequired":true,"valueName":"search_term_string"}}],"inLanguage":"es"},{"@type":"Organization","@id":"https:\/\/diariotextual.com\/inicio\/#organization","name":"Diario Textual","url":"https:\/\/diariotextual.com\/inicio\/","logo":{"@type":"ImageObject","inLanguage":"es","@id":"https:\/\/diariotextual.com\/inicio\/#\/schema\/logo\/image\/","url":"https:\/\/diariotextual.com\/inicio\/wp-content\/uploads\/2023\/05\/logotextual1.jpg","contentUrl":"https:\/\/diariotextual.com\/inicio\/wp-content\/uploads\/2023\/05\/logotextual1.jpg","width":516,"height":76,"caption":"Diario Textual"},"image":{"@id":"https:\/\/diariotextual.com\/inicio\/#\/schema\/logo\/image\/"},"sameAs":["https:\/\/www.facebook.com\/eltextual","https:\/\/x.com\/eltextual","http:\/\/www.instagram.com\/eltextual"]},{"@type":"Person","@id":"https:\/\/diariotextual.com\/inicio\/#\/schema\/person\/418fc4093c33e86ed41562db3508f958","name":"Diario1 Diario1","image":{"@type":"ImageObject","inLanguage":"es","@id":"https:\/\/secure.gravatar.com\/avatar\/9167d280179c85bc18be67aa7eda765854300033af4896dd779b608640f2ef7a?s=96&d=mm&r=g","url":"https:\/\/secure.gravatar.com\/avatar\/9167d280179c85bc18be67aa7eda765854300033af4896dd779b608640f2ef7a?s=96&d=mm&r=g","contentUrl":"https:\/\/secure.gravatar.com\/avatar\/9167d280179c85bc18be67aa7eda765854300033af4896dd779b608640f2ef7a?s=96&d=mm&r=g","caption":"Diario1 Diario1"},"url":"https:\/\/diariotextual.com\/inicio\/index.php\/author\/diario1\/"}]}},"_links":{"self":[{"href":"https:\/\/diariotextual.com\/inicio\/index.php\/wp-json\/wp\/v2\/posts\/147934","targetHints":{"allow":["GET"]}}],"collection":[{"href":"https:\/\/diariotextual.com\/inicio\/index.php\/wp-json\/wp\/v2\/posts"}],"about":[{"href":"https:\/\/diariotextual.com\/inicio\/index.php\/wp-json\/wp\/v2\/types\/post"}],"author":[{"embeddable":true,"href":"https:\/\/diariotextual.com\/inicio\/index.php\/wp-json\/wp\/v2\/users\/3"}],"replies":[{"embeddable":true,"href":"https:\/\/diariotextual.com\/inicio\/index.php\/wp-json\/wp\/v2\/comments?post=147934"}],"version-history":[{"count":1,"href":"https:\/\/diariotextual.com\/inicio\/index.php\/wp-json\/wp\/v2\/posts\/147934\/revisions"}],"predecessor-version":[{"id":147935,"href":"https:\/\/diariotextual.com\/inicio\/index.php\/wp-json\/wp\/v2\/posts\/147934\/revisions\/147935"}],"wp:featuredmedia":[{"embeddable":true,"href":"https:\/\/diariotextual.com\/inicio\/index.php\/wp-json\/wp\/v2\/media\/19244"}],"wp:attachment":[{"href":"https:\/\/diariotextual.com\/inicio\/index.php\/wp-json\/wp\/v2\/media?parent=147934"}],"wp:term":[{"taxonomy":"category","embeddable":true,"href":"https:\/\/diariotextual.com\/inicio\/index.php\/wp-json\/wp\/v2\/categories?post=147934"},{"taxonomy":"post_tag","embeddable":true,"href":"https:\/\/diariotextual.com\/inicio\/index.php\/wp-json\/wp\/v2\/tags?post=147934"}],"curies":[{"name":"wp","href":"https:\/\/api.w.org\/{rel}","templated":true}]}}