{"id":148471,"date":"2021-06-01T11:46:34","date_gmt":"2021-06-01T14:46:34","guid":{"rendered":"https:\/\/diariotextual.com\/inicio\/?p=148471"},"modified":"2021-06-02T08:29:53","modified_gmt":"2021-06-02T11:29:53","slug":"bomba-en-casa-de-gobierno-de-la-broma-al-terror","status":"publish","type":"post","link":"https:\/\/diariotextual.com\/inicio\/index.php\/2021\/06\/01\/bomba-en-casa-de-gobierno-de-la-broma-al-terror\/","title":{"rendered":"Bomba en Casa de Gobierno: de la broma al terror"},"content":{"rendered":"\n<h2 class=\"wp-block-heading\"><br>Norberto G. Asquini<\/h2>\n\n\n\n<p>La bomba (que no era bomba) en Casa de Gobierno de La Pampa mostr\u00f3 una vez m\u00e1s la escalada de sectores de la extrema derecha en La Pampa. No fue una broma, m\u00e1s all\u00e1 que la caja no haya tenido un artefacto explosivo. Fue un hecho de terror psicol\u00f3gico: luego de la explosi\u00f3n en un local partidario de Bah\u00eda Blanca, la amenaza escrita de un hecho semejante era cre\u00edble y posible, aunque no se cuente con la log\u00edstica o los recursos para hacerlo.<br><\/p>\n\n\n\n<p>No fue una broma, porque hubiera bastado un llamado telef\u00f3nico alertando de la posibilidad, y s\u00ed fue un hecho de terror porque adem\u00e1s apuntaba a crear temor en quienes transitan diariamente por Casa de Gobierno.<br><\/p>\n\n\n\n<p>Este hecho se enmarca en dos cuestiones de contexto que ya se hab\u00edan analizado durante la semana: el aumento de la tensi\u00f3n pol\u00edtica en la provincia de los \u00faltimos tiempos, marcada por el cruce entre oficialismo y oposici\u00f3n en torno a la segunda ola de coronavirus; y el ingreso de un manifestante de los sectores negacionistas y covidiotas en plena conferencia de prensa del gobernador Sergio Ziliotto.<br><\/p>\n\n\n\n<p>Se sabe de qu\u00e9 lado est\u00e1n estos sectores, o m\u00e1s bien c\u00e9lulas: quienes se adjudicaron el hecho hablaron de la amenaza de \u201csocialistas y comunistas\u201d infiltrados en las distintas fuerzas pol\u00edticas, apuntaron con su terror a civiles (empleadas y empleados estatales que circulan por Casa de Gobierno), son anti-Estado y antiperonistas. Es una concepci\u00f3n ideol\u00f3gica irracional y violenta, antidemocr\u00e1tica.<br><\/p>\n\n\n\n<p>Hab\u00edamos indicado que esta forma de entender la pol\u00edtica est\u00e1 extendi\u00e9ndose en el mundo. El periodista Pablo Stefanoni en su libro \u201c\u00bfLa rebeld\u00eda se volvi\u00f3 de derecha?\u201d, habla de la extrema derecha que quiere cambiar el mundo (a su manera) y mucha gente est\u00e1 convencida de que es necesario. Y para eso utilizan combinaciones de nacionalismo, posiciones antiestado, xenofobia, racismo y misogonia, con un aura de incorrecci\u00f3n y novedad que atrae a los j\u00f3venes. Son parte de una ola internacional que tiene entre sus grupos a los QAnon en Estados Unidos, los ultraconservadores y de extrema derecha antiinmigrantes o antiisl\u00e1micos que hasta ganan bancas en los parlamentos y las agrupaciones violentas pro-Bolsonaro.<br><\/p>\n\n\n\n<p>Sin bomba, estos sectores igualmente provocaron el efecto que deseaban y dejaron el mensaje que quieren dar. El de hacerse notar, el del terror. El de provocar pero adem\u00e1s medir la reacci\u00f3n de las autoridades. Y con acciones que rompen con la convivencia democr\u00e1tica en una provincia en la que se pod\u00eda ingresar a Casa de Gobierno casi sin inconvenientes. Las alertas est\u00e1n encendidas.<\/p>\n\n\n\n<p><\/p>\n\n\n\n<p><\/p>\n\n\n\n<p><\/p>\n","protected":false},"excerpt":{"rendered":"<p>Norberto G. Asquini La bomba (que no era bomba) en Casa de Gobierno de La Pampa mostr\u00f3 una vez m\u00e1s la escalada de sectores de la extrema derecha en La&hellip;<\/p>\n","protected":false},"author":3,"featured_media":148475,"comment_status":"closed","ping_status":"open","sticky":false,"template":"","format":"standard","meta":{"_acf_changed":false,"footnotes":""},"categories":[10,8],"tags":[582],"class_list":["post-148471","post","type-post","status-publish","format-standard","has-post-thumbnail","hentry","category-portada-2","category-politica","tag-bomba"],"acf":[],"yoast_head":"<!-- This site is optimized with the Yoast SEO plugin v27.5 - https:\/\/yoast.com\/product\/yoast-seo-wordpress\/ -->\n<title>Bomba en Casa de Gobierno: de la broma al terror - Diario Textual<\/title>\n<meta name=\"robots\" content=\"index, follow, max-snippet:-1, max-image-preview:large, max-video-preview:-1\" \/>\n<link rel=\"canonical\" href=\"https:\/\/diariotextual.com\/inicio\/index.php\/2021\/06\/01\/bomba-en-casa-de-gobierno-de-la-broma-al-terror\/\" \/>\n<meta property=\"og:locale\" content=\"es_ES\" \/>\n<meta property=\"og:type\" content=\"article\" \/>\n<meta property=\"og:title\" content=\"Bomba en Casa de Gobierno: de la broma al terror - Diario Textual\" \/>\n<meta property=\"og:description\" content=\"Norberto G. Asquini La bomba (que no era bomba) en Casa de Gobierno de La Pampa mostr\u00f3 una vez m\u00e1s la escalada de sectores de la extrema derecha en La&hellip;\" \/>\n<meta property=\"og:url\" content=\"https:\/\/diariotextual.com\/inicio\/index.php\/2021\/06\/01\/bomba-en-casa-de-gobierno-de-la-broma-al-terror\/\" \/>\n<meta property=\"og:site_name\" content=\"Diario Textual\" \/>\n<meta property=\"article:publisher\" content=\"https:\/\/www.facebook.com\/eltextual\" \/>\n<meta property=\"article:published_time\" content=\"2021-06-01T14:46:34+00:00\" \/>\n<meta property=\"article:modified_time\" content=\"2021-06-02T11:29:53+00:00\" \/>\n<meta property=\"og:image\" content=\"https:\/\/diariotextual.com\/inicio\/wp-content\/uploads\/2021\/06\/bombaamenazacasadegobierno2021-10.jpg\" \/>\n\t<meta property=\"og:image:width\" content=\"582\" \/>\n\t<meta property=\"og:image:height\" content=\"385\" \/>\n\t<meta property=\"og:image:type\" content=\"image\/jpeg\" \/>\n<meta name=\"author\" content=\"Diario1 Diario1\" \/>\n<meta name=\"twitter:card\" content=\"summary_large_image\" \/>\n<meta name=\"twitter:creator\" content=\"@eltextual\" \/>\n<meta name=\"twitter:site\" content=\"@eltextual\" \/>\n<meta name=\"twitter:label1\" content=\"Escrito por\" \/>\n\t<meta name=\"twitter:data1\" content=\"Diario1 Diario1\" \/>\n\t<meta name=\"twitter:label2\" content=\"Tiempo de lectura\" \/>\n\t<meta name=\"twitter:data2\" content=\"2 minutos\" \/>\n<script type=\"application\/ld+json\" class=\"yoast-schema-graph\">{\"@context\":\"https:\\\/\\\/schema.org\",\"@graph\":[{\"@type\":\"Article\",\"@id\":\"https:\\\/\\\/diariotextual.com\\\/inicio\\\/index.php\\\/2021\\\/06\\\/01\\\/bomba-en-casa-de-gobierno-de-la-broma-al-terror\\\/#article\",\"isPartOf\":{\"@id\":\"https:\\\/\\\/diariotextual.com\\\/inicio\\\/index.php\\\/2021\\\/06\\\/01\\\/bomba-en-casa-de-gobierno-de-la-broma-al-terror\\\/\"},\"author\":{\"name\":\"Diario1 Diario1\",\"@id\":\"https:\\\/\\\/diariotextual.com\\\/inicio\\\/#\\\/schema\\\/person\\\/418fc4093c33e86ed41562db3508f958\"},\"headline\":\"Bomba en Casa de Gobierno: de la broma al terror\",\"datePublished\":\"2021-06-01T14:46:34+00:00\",\"dateModified\":\"2021-06-02T11:29:53+00:00\",\"mainEntityOfPage\":{\"@id\":\"https:\\\/\\\/diariotextual.com\\\/inicio\\\/index.php\\\/2021\\\/06\\\/01\\\/bomba-en-casa-de-gobierno-de-la-broma-al-terror\\\/\"},\"wordCount\":465,\"publisher\":{\"@id\":\"https:\\\/\\\/diariotextual.com\\\/inicio\\\/#organization\"},\"image\":{\"@id\":\"https:\\\/\\\/diariotextual.com\\\/inicio\\\/index.php\\\/2021\\\/06\\\/01\\\/bomba-en-casa-de-gobierno-de-la-broma-al-terror\\\/#primaryimage\"},\"thumbnailUrl\":\"https:\\\/\\\/diariotextual.com\\\/inicio\\\/wp-content\\\/uploads\\\/2021\\\/06\\\/bombaamenazacasadegobierno2021-10.jpg\",\"keywords\":[\"bomba\"],\"articleSection\":[\"A - PORTADA2\",\"POLITICA\"],\"inLanguage\":\"es\"},{\"@type\":\"WebPage\",\"@id\":\"https:\\\/\\\/diariotextual.com\\\/inicio\\\/index.php\\\/2021\\\/06\\\/01\\\/bomba-en-casa-de-gobierno-de-la-broma-al-terror\\\/\",\"url\":\"https:\\\/\\\/diariotextual.com\\\/inicio\\\/index.php\\\/2021\\\/06\\\/01\\\/bomba-en-casa-de-gobierno-de-la-broma-al-terror\\\/\",\"name\":\"Bomba en Casa de Gobierno: de la broma al terror - Diario Textual\",\"isPartOf\":{\"@id\":\"https:\\\/\\\/diariotextual.com\\\/inicio\\\/#website\"},\"primaryImageOfPage\":{\"@id\":\"https:\\\/\\\/diariotextual.com\\\/inicio\\\/index.php\\\/2021\\\/06\\\/01\\\/bomba-en-casa-de-gobierno-de-la-broma-al-terror\\\/#primaryimage\"},\"image\":{\"@id\":\"https:\\\/\\\/diariotextual.com\\\/inicio\\\/index.php\\\/2021\\\/06\\\/01\\\/bomba-en-casa-de-gobierno-de-la-broma-al-terror\\\/#primaryimage\"},\"thumbnailUrl\":\"https:\\\/\\\/diariotextual.com\\\/inicio\\\/wp-content\\\/uploads\\\/2021\\\/06\\\/bombaamenazacasadegobierno2021-10.jpg\",\"datePublished\":\"2021-06-01T14:46:34+00:00\",\"dateModified\":\"2021-06-02T11:29:53+00:00\",\"breadcrumb\":{\"@id\":\"https:\\\/\\\/diariotextual.com\\\/inicio\\\/index.php\\\/2021\\\/06\\\/01\\\/bomba-en-casa-de-gobierno-de-la-broma-al-terror\\\/#breadcrumb\"},\"inLanguage\":\"es\",\"potentialAction\":[{\"@type\":\"ReadAction\",\"target\":[\"https:\\\/\\\/diariotextual.com\\\/inicio\\\/index.php\\\/2021\\\/06\\\/01\\\/bomba-en-casa-de-gobierno-de-la-broma-al-terror\\\/\"]}]},{\"@type\":\"ImageObject\",\"inLanguage\":\"es\",\"@id\":\"https:\\\/\\\/diariotextual.com\\\/inicio\\\/index.php\\\/2021\\\/06\\\/01\\\/bomba-en-casa-de-gobierno-de-la-broma-al-terror\\\/#primaryimage\",\"url\":\"https:\\\/\\\/diariotextual.com\\\/inicio\\\/wp-content\\\/uploads\\\/2021\\\/06\\\/bombaamenazacasadegobierno2021-10.jpg\",\"contentUrl\":\"https:\\\/\\\/diariotextual.com\\\/inicio\\\/wp-content\\\/uploads\\\/2021\\\/06\\\/bombaamenazacasadegobierno2021-10.jpg\",\"width\":582,\"height\":385},{\"@type\":\"BreadcrumbList\",\"@id\":\"https:\\\/\\\/diariotextual.com\\\/inicio\\\/index.php\\\/2021\\\/06\\\/01\\\/bomba-en-casa-de-gobierno-de-la-broma-al-terror\\\/#breadcrumb\",\"itemListElement\":[{\"@type\":\"ListItem\",\"position\":1,\"name\":\"Portada\",\"item\":\"https:\\\/\\\/diariotextual.com\\\/inicio\\\/\"},{\"@type\":\"ListItem\",\"position\":2,\"name\":\"Bomba en Casa de Gobierno: de la broma al terror\"}]},{\"@type\":\"WebSite\",\"@id\":\"https:\\\/\\\/diariotextual.com\\\/inicio\\\/#website\",\"url\":\"https:\\\/\\\/diariotextual.com\\\/inicio\\\/\",\"name\":\"Diario Textual\",\"description\":\"\",\"publisher\":{\"@id\":\"https:\\\/\\\/diariotextual.com\\\/inicio\\\/#organization\"},\"potentialAction\":[{\"@type\":\"SearchAction\",\"target\":{\"@type\":\"EntryPoint\",\"urlTemplate\":\"https:\\\/\\\/diariotextual.com\\\/inicio\\\/?s={search_term_string}\"},\"query-input\":{\"@type\":\"PropertyValueSpecification\",\"valueRequired\":true,\"valueName\":\"search_term_string\"}}],\"inLanguage\":\"es\"},{\"@type\":\"Organization\",\"@id\":\"https:\\\/\\\/diariotextual.com\\\/inicio\\\/#organization\",\"name\":\"Diario Textual\",\"url\":\"https:\\\/\\\/diariotextual.com\\\/inicio\\\/\",\"logo\":{\"@type\":\"ImageObject\",\"inLanguage\":\"es\",\"@id\":\"https:\\\/\\\/diariotextual.com\\\/inicio\\\/#\\\/schema\\\/logo\\\/image\\\/\",\"url\":\"https:\\\/\\\/diariotextual.com\\\/inicio\\\/wp-content\\\/uploads\\\/2023\\\/05\\\/logotextual1.jpg\",\"contentUrl\":\"https:\\\/\\\/diariotextual.com\\\/inicio\\\/wp-content\\\/uploads\\\/2023\\\/05\\\/logotextual1.jpg\",\"width\":516,\"height\":76,\"caption\":\"Diario Textual\"},\"image\":{\"@id\":\"https:\\\/\\\/diariotextual.com\\\/inicio\\\/#\\\/schema\\\/logo\\\/image\\\/\"},\"sameAs\":[\"https:\\\/\\\/www.facebook.com\\\/eltextual\",\"https:\\\/\\\/x.com\\\/eltextual\",\"http:\\\/\\\/www.instagram.com\\\/eltextual\"]},{\"@type\":\"Person\",\"@id\":\"https:\\\/\\\/diariotextual.com\\\/inicio\\\/#\\\/schema\\\/person\\\/418fc4093c33e86ed41562db3508f958\",\"name\":\"Diario1 Diario1\",\"image\":{\"@type\":\"ImageObject\",\"inLanguage\":\"es\",\"@id\":\"https:\\\/\\\/secure.gravatar.com\\\/avatar\\\/9167d280179c85bc18be67aa7eda765854300033af4896dd779b608640f2ef7a?s=96&d=mm&r=g\",\"url\":\"https:\\\/\\\/secure.gravatar.com\\\/avatar\\\/9167d280179c85bc18be67aa7eda765854300033af4896dd779b608640f2ef7a?s=96&d=mm&r=g\",\"contentUrl\":\"https:\\\/\\\/secure.gravatar.com\\\/avatar\\\/9167d280179c85bc18be67aa7eda765854300033af4896dd779b608640f2ef7a?s=96&d=mm&r=g\",\"caption\":\"Diario1 Diario1\"},\"url\":\"https:\\\/\\\/diariotextual.com\\\/inicio\\\/index.php\\\/author\\\/diario1\\\/\"}]}<\/script>\n<!-- \/ Yoast SEO plugin. -->","yoast_head_json":{"title":"Bomba en Casa de Gobierno: de la broma al terror - Diario Textual","robots":{"index":"index","follow":"follow","max-snippet":"max-snippet:-1","max-image-preview":"max-image-preview:large","max-video-preview":"max-video-preview:-1"},"canonical":"https:\/\/diariotextual.com\/inicio\/index.php\/2021\/06\/01\/bomba-en-casa-de-gobierno-de-la-broma-al-terror\/","og_locale":"es_ES","og_type":"article","og_title":"Bomba en Casa de Gobierno: de la broma al terror - Diario Textual","og_description":"Norberto G. Asquini La bomba (que no era bomba) en Casa de Gobierno de La Pampa mostr\u00f3 una vez m\u00e1s la escalada de sectores de la extrema derecha en La&hellip;","og_url":"https:\/\/diariotextual.com\/inicio\/index.php\/2021\/06\/01\/bomba-en-casa-de-gobierno-de-la-broma-al-terror\/","og_site_name":"Diario Textual","article_publisher":"https:\/\/www.facebook.com\/eltextual","article_published_time":"2021-06-01T14:46:34+00:00","article_modified_time":"2021-06-02T11:29:53+00:00","og_image":[{"width":582,"height":385,"url":"https:\/\/diariotextual.com\/inicio\/wp-content\/uploads\/2021\/06\/bombaamenazacasadegobierno2021-10.jpg","type":"image\/jpeg"}],"author":"Diario1 Diario1","twitter_card":"summary_large_image","twitter_creator":"@eltextual","twitter_site":"@eltextual","twitter_misc":{"Escrito por":"Diario1 Diario1","Tiempo de lectura":"2 minutos"},"schema":{"@context":"https:\/\/schema.org","@graph":[{"@type":"Article","@id":"https:\/\/diariotextual.com\/inicio\/index.php\/2021\/06\/01\/bomba-en-casa-de-gobierno-de-la-broma-al-terror\/#article","isPartOf":{"@id":"https:\/\/diariotextual.com\/inicio\/index.php\/2021\/06\/01\/bomba-en-casa-de-gobierno-de-la-broma-al-terror\/"},"author":{"name":"Diario1 Diario1","@id":"https:\/\/diariotextual.com\/inicio\/#\/schema\/person\/418fc4093c33e86ed41562db3508f958"},"headline":"Bomba en Casa de Gobierno: de la broma al terror","datePublished":"2021-06-01T14:46:34+00:00","dateModified":"2021-06-02T11:29:53+00:00","mainEntityOfPage":{"@id":"https:\/\/diariotextual.com\/inicio\/index.php\/2021\/06\/01\/bomba-en-casa-de-gobierno-de-la-broma-al-terror\/"},"wordCount":465,"publisher":{"@id":"https:\/\/diariotextual.com\/inicio\/#organization"},"image":{"@id":"https:\/\/diariotextual.com\/inicio\/index.php\/2021\/06\/01\/bomba-en-casa-de-gobierno-de-la-broma-al-terror\/#primaryimage"},"thumbnailUrl":"https:\/\/diariotextual.com\/inicio\/wp-content\/uploads\/2021\/06\/bombaamenazacasadegobierno2021-10.jpg","keywords":["bomba"],"articleSection":["A - PORTADA2","POLITICA"],"inLanguage":"es"},{"@type":"WebPage","@id":"https:\/\/diariotextual.com\/inicio\/index.php\/2021\/06\/01\/bomba-en-casa-de-gobierno-de-la-broma-al-terror\/","url":"https:\/\/diariotextual.com\/inicio\/index.php\/2021\/06\/01\/bomba-en-casa-de-gobierno-de-la-broma-al-terror\/","name":"Bomba en Casa de Gobierno: de la broma al terror - Diario Textual","isPartOf":{"@id":"https:\/\/diariotextual.com\/inicio\/#website"},"primaryImageOfPage":{"@id":"https:\/\/diariotextual.com\/inicio\/index.php\/2021\/06\/01\/bomba-en-casa-de-gobierno-de-la-broma-al-terror\/#primaryimage"},"image":{"@id":"https:\/\/diariotextual.com\/inicio\/index.php\/2021\/06\/01\/bomba-en-casa-de-gobierno-de-la-broma-al-terror\/#primaryimage"},"thumbnailUrl":"https:\/\/diariotextual.com\/inicio\/wp-content\/uploads\/2021\/06\/bombaamenazacasadegobierno2021-10.jpg","datePublished":"2021-06-01T14:46:34+00:00","dateModified":"2021-06-02T11:29:53+00:00","breadcrumb":{"@id":"https:\/\/diariotextual.com\/inicio\/index.php\/2021\/06\/01\/bomba-en-casa-de-gobierno-de-la-broma-al-terror\/#breadcrumb"},"inLanguage":"es","potentialAction":[{"@type":"ReadAction","target":["https:\/\/diariotextual.com\/inicio\/index.php\/2021\/06\/01\/bomba-en-casa-de-gobierno-de-la-broma-al-terror\/"]}]},{"@type":"ImageObject","inLanguage":"es","@id":"https:\/\/diariotextual.com\/inicio\/index.php\/2021\/06\/01\/bomba-en-casa-de-gobierno-de-la-broma-al-terror\/#primaryimage","url":"https:\/\/diariotextual.com\/inicio\/wp-content\/uploads\/2021\/06\/bombaamenazacasadegobierno2021-10.jpg","contentUrl":"https:\/\/diariotextual.com\/inicio\/wp-content\/uploads\/2021\/06\/bombaamenazacasadegobierno2021-10.jpg","width":582,"height":385},{"@type":"BreadcrumbList","@id":"https:\/\/diariotextual.com\/inicio\/index.php\/2021\/06\/01\/bomba-en-casa-de-gobierno-de-la-broma-al-terror\/#breadcrumb","itemListElement":[{"@type":"ListItem","position":1,"name":"Portada","item":"https:\/\/diariotextual.com\/inicio\/"},{"@type":"ListItem","position":2,"name":"Bomba en Casa de Gobierno: de la broma al terror"}]},{"@type":"WebSite","@id":"https:\/\/diariotextual.com\/inicio\/#website","url":"https:\/\/diariotextual.com\/inicio\/","name":"Diario Textual","description":"","publisher":{"@id":"https:\/\/diariotextual.com\/inicio\/#organization"},"potentialAction":[{"@type":"SearchAction","target":{"@type":"EntryPoint","urlTemplate":"https:\/\/diariotextual.com\/inicio\/?s={search_term_string}"},"query-input":{"@type":"PropertyValueSpecification","valueRequired":true,"valueName":"search_term_string"}}],"inLanguage":"es"},{"@type":"Organization","@id":"https:\/\/diariotextual.com\/inicio\/#organization","name":"Diario Textual","url":"https:\/\/diariotextual.com\/inicio\/","logo":{"@type":"ImageObject","inLanguage":"es","@id":"https:\/\/diariotextual.com\/inicio\/#\/schema\/logo\/image\/","url":"https:\/\/diariotextual.com\/inicio\/wp-content\/uploads\/2023\/05\/logotextual1.jpg","contentUrl":"https:\/\/diariotextual.com\/inicio\/wp-content\/uploads\/2023\/05\/logotextual1.jpg","width":516,"height":76,"caption":"Diario Textual"},"image":{"@id":"https:\/\/diariotextual.com\/inicio\/#\/schema\/logo\/image\/"},"sameAs":["https:\/\/www.facebook.com\/eltextual","https:\/\/x.com\/eltextual","http:\/\/www.instagram.com\/eltextual"]},{"@type":"Person","@id":"https:\/\/diariotextual.com\/inicio\/#\/schema\/person\/418fc4093c33e86ed41562db3508f958","name":"Diario1 Diario1","image":{"@type":"ImageObject","inLanguage":"es","@id":"https:\/\/secure.gravatar.com\/avatar\/9167d280179c85bc18be67aa7eda765854300033af4896dd779b608640f2ef7a?s=96&d=mm&r=g","url":"https:\/\/secure.gravatar.com\/avatar\/9167d280179c85bc18be67aa7eda765854300033af4896dd779b608640f2ef7a?s=96&d=mm&r=g","contentUrl":"https:\/\/secure.gravatar.com\/avatar\/9167d280179c85bc18be67aa7eda765854300033af4896dd779b608640f2ef7a?s=96&d=mm&r=g","caption":"Diario1 Diario1"},"url":"https:\/\/diariotextual.com\/inicio\/index.php\/author\/diario1\/"}]}},"_links":{"self":[{"href":"https:\/\/diariotextual.com\/inicio\/index.php\/wp-json\/wp\/v2\/posts\/148471","targetHints":{"allow":["GET"]}}],"collection":[{"href":"https:\/\/diariotextual.com\/inicio\/index.php\/wp-json\/wp\/v2\/posts"}],"about":[{"href":"https:\/\/diariotextual.com\/inicio\/index.php\/wp-json\/wp\/v2\/types\/post"}],"author":[{"embeddable":true,"href":"https:\/\/diariotextual.com\/inicio\/index.php\/wp-json\/wp\/v2\/users\/3"}],"replies":[{"embeddable":true,"href":"https:\/\/diariotextual.com\/inicio\/index.php\/wp-json\/wp\/v2\/comments?post=148471"}],"version-history":[{"count":1,"href":"https:\/\/diariotextual.com\/inicio\/index.php\/wp-json\/wp\/v2\/posts\/148471\/revisions"}],"predecessor-version":[{"id":148473,"href":"https:\/\/diariotextual.com\/inicio\/index.php\/wp-json\/wp\/v2\/posts\/148471\/revisions\/148473"}],"wp:featuredmedia":[{"embeddable":true,"href":"https:\/\/diariotextual.com\/inicio\/index.php\/wp-json\/wp\/v2\/media\/148475"}],"wp:attachment":[{"href":"https:\/\/diariotextual.com\/inicio\/index.php\/wp-json\/wp\/v2\/media?parent=148471"}],"wp:term":[{"taxonomy":"category","embeddable":true,"href":"https:\/\/diariotextual.com\/inicio\/index.php\/wp-json\/wp\/v2\/categories?post=148471"},{"taxonomy":"post_tag","embeddable":true,"href":"https:\/\/diariotextual.com\/inicio\/index.php\/wp-json\/wp\/v2\/tags?post=148471"}],"curies":[{"name":"wp","href":"https:\/\/api.w.org\/{rel}","templated":true}]}}