{"id":148657,"date":"2021-06-02T18:39:28","date_gmt":"2021-06-02T21:39:28","guid":{"rendered":"https:\/\/diariotextual.com\/inicio\/?p=148657"},"modified":"2021-06-03T08:00:58","modified_gmt":"2021-06-03T11:00:58","slug":"dolor-en-santa-rosa-tuvo-a-su-bebe-y-murio-victima-del-covid","status":"publish","type":"post","link":"https:\/\/diariotextual.com\/inicio\/index.php\/2021\/06\/02\/dolor-en-santa-rosa-tuvo-a-su-bebe-y-murio-victima-del-covid\/","title":{"rendered":"Dolor en Santa Rosa: Carolina tuvo a su beb\u00e9 y muri\u00f3 v\u00edctima del covid"},"content":{"rendered":"\n<p>Una mujer de solo 32 a\u00f1os, de Santa Rosa, tuvo a su beb\u00e9 y hoy muri\u00f3 por complicaciones derivadas del coronavirus.<\/p>\n\n\n\n<p><strong>Carolina Loza <\/strong>era empleada administrativa de la Cl\u00ednica Modelo. Tuvo a Ciro a fines de mayo. Desde ese momento se encontraba internada en estado cr\u00edtico en el Hospital Molas.<\/p>\n\n\n\n<p>Desde la cl\u00ednica la despidieron, con dolor. \u201cHoy estamos consternados, porque tenemos que dar la dolorosa noticia del fallecimiento de Carolina Loza, integrante del equipo de trabajo de Cl\u00ednica Modelo, en el \u00e1rea de Admisi\u00f3n. V\u00edctima de la cruel pandemia que estamos atravesando, Carolina, menuda y bondadosa se va a temprana edad, dejando una vida en cambio\u201d, sostuvieron en un mensaje publicado en sus redes sociales.<\/p>\n\n\n\n<figure class=\"wp-block-embed is-type-wp-embed is-provider-diario-textual wp-block-embed-diario-textual\"><div class=\"wp-block-embed__wrapper\">\n<blockquote class=\"wp-embedded-content\" data-secret=\"oVlR1ObLAn\"><a href=\"https:\/\/diariotextual.com\/inicio\/index.php\/2021\/06\/02\/covid-en-la-pampa-423-nuevos-contagios-y-9-muertes\/\">Covid en La Pampa: 423 nuevos contagios y 9 muertes<\/a><\/blockquote><iframe class=\"wp-embedded-content\" sandbox=\"allow-scripts\" security=\"restricted\" style=\"position: absolute; clip: rect(1px, 1px, 1px, 1px);\" title=\"\u00abCovid en La Pampa: 423 nuevos contagios y 9 muertes\u00bb \u2014 Diario Textual\" src=\"https:\/\/diariotextual.com\/inicio\/index.php\/2021\/06\/02\/covid-en-la-pampa-423-nuevos-contagios-y-9-muertes\/embed\/#?secret=oVlR1ObLAn\" data-secret=\"oVlR1ObLAn\" width=\"600\" height=\"338\" frameborder=\"0\" marginwidth=\"0\" marginheight=\"0\" scrolling=\"no\"><\/iframe>\n<\/div><\/figure>\n\n\n\n<p>\u201cSu \u00faltimo acto de extrema generosidad fue el de tener a su hijo, al que esperaba con gran ilusi\u00f3n\u201d, expresaron.<\/p>\n\n\n\n<figure class=\"wp-block-image size-large\"><img fetchpriority=\"high\" decoding=\"async\" width=\"526\" height=\"526\" src=\"https:\/\/diariotextual.com\/inicio\/wp-content\/uploads\/2021\/06\/lozacarolina2021-1.png\" alt=\"\" class=\"wp-image-148660\" srcset=\"https:\/\/diariotextual.com\/inicio\/wp-content\/uploads\/2021\/06\/lozacarolina2021-1.png 526w, https:\/\/diariotextual.com\/inicio\/wp-content\/uploads\/2021\/06\/lozacarolina2021-1-300x300.png 300w, https:\/\/diariotextual.com\/inicio\/wp-content\/uploads\/2021\/06\/lozacarolina2021-1-150x150.png 150w\" sizes=\"(max-width: 526px) 100vw, 526px\" \/><\/figure>\n\n\n\n<p>\u201cTodos deseamos que el beb\u00e9 internado en Neonatolog\u00eda del Hospital se recupere lo m\u00e1s pronto posible. Ante tanta tristeza, ser\u00e1 un consuelo para su familia, en especial para la mam\u00e1 de Carolina, Susana Rossi, quien hace poco se jubil\u00f3 luego de trabajar por m\u00e1s de 30 a\u00f1os en la Cl\u00ednica, dejando un recuerdo imborrable de bondad y compa\u00f1erismo, virtudes que, sin dudas, hab\u00eda heredado su hija\u201d, agregaron. \u201cSusana est\u00e1 atravesando por el dolor m\u00e1s profundo que puede sentir un ser humano: la p\u00e9rdida de un hijo. La acompa\u00f1amos con todo nuestro afecto, en este doloroso trance, as\u00ed como tambi\u00e9n a toda su familia. Descansa en paz, Carolina \u00a1Siempre te recordaremos!\u201d, finalizaron.<\/p>\n\n\n\n<p>Carolina era prima de Diego Loza, el empleado municipal que fue asesinado el 23 de junio de 2018. <\/p>\n\n\n\n<figure class=\"wp-block-embed is-type-wp-embed is-provider-diario-textual wp-block-embed-diario-textual\"><div class=\"wp-block-embed__wrapper\">\n<blockquote class=\"wp-embedded-content\" data-secret=\"Lt6KObhuS2\"><a href=\"https:\/\/diariotextual.com\/inicio\/index.php\/2021\/06\/02\/fallecio-de-covid-nazareno-serraino-lonko-y-maestro-de-la-lengua-ranquel\/\">Falleci\u00f3 de covid Nazareno Serraino, lonko y maestro de la lengua ranquel<\/a><\/blockquote><iframe class=\"wp-embedded-content\" sandbox=\"allow-scripts\" security=\"restricted\" style=\"position: absolute; clip: rect(1px, 1px, 1px, 1px);\" title=\"\u00abFalleci\u00f3 de covid Nazareno Serraino, lonko y maestro de la lengua ranquel\u00bb \u2014 Diario Textual\" src=\"https:\/\/diariotextual.com\/inicio\/index.php\/2021\/06\/02\/fallecio-de-covid-nazareno-serraino-lonko-y-maestro-de-la-lengua-ranquel\/embed\/#?secret=Lt6KObhuS2\" data-secret=\"Lt6KObhuS2\" width=\"600\" height=\"338\" frameborder=\"0\" marginwidth=\"0\" marginheight=\"0\" scrolling=\"no\"><\/iframe>\n<\/div><\/figure>\n","protected":false},"excerpt":{"rendered":"<p>Una mujer de solo 32 a\u00f1os, de Santa Rosa, tuvo a su beb\u00e9 y hoy muri\u00f3 por complicaciones derivadas del coronavirus. Carolina Loza era empleada administrativa de la Cl\u00ednica Modelo.&hellip;<\/p>\n","protected":false},"author":3,"featured_media":148664,"comment_status":"closed","ping_status":"open","sticky":false,"template":"","format":"standard","meta":{"_acf_changed":false,"footnotes":""},"categories":[1,12],"tags":[491],"class_list":["post-148657","post","type-post","status-publish","format-standard","has-post-thumbnail","hentry","category-es-noticia","category-sociedad","tag-loza"],"acf":[],"yoast_head":"<!-- This site is optimized with the Yoast SEO plugin v27.5 - https:\/\/yoast.com\/product\/yoast-seo-wordpress\/ -->\n<title>Dolor en Santa Rosa: Carolina tuvo a su beb\u00e9 y muri\u00f3 v\u00edctima del covid - Diario Textual<\/title>\n<meta name=\"robots\" content=\"index, follow, max-snippet:-1, max-image-preview:large, max-video-preview:-1\" \/>\n<link rel=\"canonical\" href=\"https:\/\/diariotextual.com\/inicio\/index.php\/2021\/06\/02\/dolor-en-santa-rosa-tuvo-a-su-bebe-y-murio-victima-del-covid\/\" \/>\n<meta property=\"og:locale\" content=\"es_ES\" \/>\n<meta property=\"og:type\" content=\"article\" \/>\n<meta property=\"og:title\" content=\"Dolor en Santa Rosa: Carolina tuvo a su beb\u00e9 y muri\u00f3 v\u00edctima del covid - Diario Textual\" \/>\n<meta property=\"og:description\" content=\"Una mujer de solo 32 a\u00f1os, de Santa Rosa, tuvo a su beb\u00e9 y hoy muri\u00f3 por complicaciones derivadas del coronavirus. Carolina Loza era empleada administrativa de la Cl\u00ednica Modelo.&hellip;\" \/>\n<meta property=\"og:url\" content=\"https:\/\/diariotextual.com\/inicio\/index.php\/2021\/06\/02\/dolor-en-santa-rosa-tuvo-a-su-bebe-y-murio-victima-del-covid\/\" \/>\n<meta property=\"og:site_name\" content=\"Diario Textual\" \/>\n<meta property=\"article:publisher\" content=\"https:\/\/www.facebook.com\/eltextual\" \/>\n<meta property=\"article:published_time\" content=\"2021-06-02T21:39:28+00:00\" \/>\n<meta property=\"article:modified_time\" content=\"2021-06-03T11:00:58+00:00\" \/>\n<meta property=\"og:image\" content=\"https:\/\/diariotextual.com\/inicio\/wp-content\/uploads\/2021\/06\/lozacarolina2021-3.jpg\" \/>\n\t<meta property=\"og:image:width\" content=\"638\" \/>\n\t<meta property=\"og:image:height\" content=\"433\" \/>\n\t<meta property=\"og:image:type\" content=\"image\/jpeg\" \/>\n<meta name=\"author\" content=\"Diario1 Diario1\" \/>\n<meta name=\"twitter:card\" content=\"summary_large_image\" \/>\n<meta name=\"twitter:creator\" content=\"@eltextual\" \/>\n<meta name=\"twitter:site\" content=\"@eltextual\" \/>\n<meta name=\"twitter:label1\" content=\"Escrito por\" \/>\n\t<meta name=\"twitter:data1\" content=\"Diario1 Diario1\" \/>\n\t<meta name=\"twitter:label2\" content=\"Tiempo de lectura\" \/>\n\t<meta name=\"twitter:data2\" content=\"2 minutos\" \/>\n<script type=\"application\/ld+json\" class=\"yoast-schema-graph\">{\"@context\":\"https:\\\/\\\/schema.org\",\"@graph\":[{\"@type\":\"Article\",\"@id\":\"https:\\\/\\\/diariotextual.com\\\/inicio\\\/index.php\\\/2021\\\/06\\\/02\\\/dolor-en-santa-rosa-tuvo-a-su-bebe-y-murio-victima-del-covid\\\/#article\",\"isPartOf\":{\"@id\":\"https:\\\/\\\/diariotextual.com\\\/inicio\\\/index.php\\\/2021\\\/06\\\/02\\\/dolor-en-santa-rosa-tuvo-a-su-bebe-y-murio-victima-del-covid\\\/\"},\"author\":{\"name\":\"Diario1 Diario1\",\"@id\":\"https:\\\/\\\/diariotextual.com\\\/inicio\\\/#\\\/schema\\\/person\\\/418fc4093c33e86ed41562db3508f958\"},\"headline\":\"Dolor en Santa Rosa: Carolina tuvo a su beb\u00e9 y muri\u00f3 v\u00edctima del covid\",\"datePublished\":\"2021-06-02T21:39:28+00:00\",\"dateModified\":\"2021-06-03T11:00:58+00:00\",\"mainEntityOfPage\":{\"@id\":\"https:\\\/\\\/diariotextual.com\\\/inicio\\\/index.php\\\/2021\\\/06\\\/02\\\/dolor-en-santa-rosa-tuvo-a-su-bebe-y-murio-victima-del-covid\\\/\"},\"wordCount\":317,\"publisher\":{\"@id\":\"https:\\\/\\\/diariotextual.com\\\/inicio\\\/#organization\"},\"image\":{\"@id\":\"https:\\\/\\\/diariotextual.com\\\/inicio\\\/index.php\\\/2021\\\/06\\\/02\\\/dolor-en-santa-rosa-tuvo-a-su-bebe-y-murio-victima-del-covid\\\/#primaryimage\"},\"thumbnailUrl\":\"https:\\\/\\\/diariotextual.com\\\/inicio\\\/wp-content\\\/uploads\\\/2021\\\/06\\\/lozacarolina2021-3.jpg\",\"keywords\":[\"loza\"],\"articleSection\":[\"A - ES NOTICIA (van abajo)\",\"SOCIEDAD\"],\"inLanguage\":\"es\"},{\"@type\":\"WebPage\",\"@id\":\"https:\\\/\\\/diariotextual.com\\\/inicio\\\/index.php\\\/2021\\\/06\\\/02\\\/dolor-en-santa-rosa-tuvo-a-su-bebe-y-murio-victima-del-covid\\\/\",\"url\":\"https:\\\/\\\/diariotextual.com\\\/inicio\\\/index.php\\\/2021\\\/06\\\/02\\\/dolor-en-santa-rosa-tuvo-a-su-bebe-y-murio-victima-del-covid\\\/\",\"name\":\"Dolor en Santa Rosa: Carolina tuvo a su beb\u00e9 y muri\u00f3 v\u00edctima del covid - Diario Textual\",\"isPartOf\":{\"@id\":\"https:\\\/\\\/diariotextual.com\\\/inicio\\\/#website\"},\"primaryImageOfPage\":{\"@id\":\"https:\\\/\\\/diariotextual.com\\\/inicio\\\/index.php\\\/2021\\\/06\\\/02\\\/dolor-en-santa-rosa-tuvo-a-su-bebe-y-murio-victima-del-covid\\\/#primaryimage\"},\"image\":{\"@id\":\"https:\\\/\\\/diariotextual.com\\\/inicio\\\/index.php\\\/2021\\\/06\\\/02\\\/dolor-en-santa-rosa-tuvo-a-su-bebe-y-murio-victima-del-covid\\\/#primaryimage\"},\"thumbnailUrl\":\"https:\\\/\\\/diariotextual.com\\\/inicio\\\/wp-content\\\/uploads\\\/2021\\\/06\\\/lozacarolina2021-3.jpg\",\"datePublished\":\"2021-06-02T21:39:28+00:00\",\"dateModified\":\"2021-06-03T11:00:58+00:00\",\"breadcrumb\":{\"@id\":\"https:\\\/\\\/diariotextual.com\\\/inicio\\\/index.php\\\/2021\\\/06\\\/02\\\/dolor-en-santa-rosa-tuvo-a-su-bebe-y-murio-victima-del-covid\\\/#breadcrumb\"},\"inLanguage\":\"es\",\"potentialAction\":[{\"@type\":\"ReadAction\",\"target\":[\"https:\\\/\\\/diariotextual.com\\\/inicio\\\/index.php\\\/2021\\\/06\\\/02\\\/dolor-en-santa-rosa-tuvo-a-su-bebe-y-murio-victima-del-covid\\\/\"]}]},{\"@type\":\"ImageObject\",\"inLanguage\":\"es\",\"@id\":\"https:\\\/\\\/diariotextual.com\\\/inicio\\\/index.php\\\/2021\\\/06\\\/02\\\/dolor-en-santa-rosa-tuvo-a-su-bebe-y-murio-victima-del-covid\\\/#primaryimage\",\"url\":\"https:\\\/\\\/diariotextual.com\\\/inicio\\\/wp-content\\\/uploads\\\/2021\\\/06\\\/lozacarolina2021-3.jpg\",\"contentUrl\":\"https:\\\/\\\/diariotextual.com\\\/inicio\\\/wp-content\\\/uploads\\\/2021\\\/06\\\/lozacarolina2021-3.jpg\",\"width\":638,\"height\":433},{\"@type\":\"BreadcrumbList\",\"@id\":\"https:\\\/\\\/diariotextual.com\\\/inicio\\\/index.php\\\/2021\\\/06\\\/02\\\/dolor-en-santa-rosa-tuvo-a-su-bebe-y-murio-victima-del-covid\\\/#breadcrumb\",\"itemListElement\":[{\"@type\":\"ListItem\",\"position\":1,\"name\":\"Portada\",\"item\":\"https:\\\/\\\/diariotextual.com\\\/inicio\\\/\"},{\"@type\":\"ListItem\",\"position\":2,\"name\":\"Dolor en Santa Rosa: Carolina tuvo a su beb\u00e9 y muri\u00f3 v\u00edctima del covid\"}]},{\"@type\":\"WebSite\",\"@id\":\"https:\\\/\\\/diariotextual.com\\\/inicio\\\/#website\",\"url\":\"https:\\\/\\\/diariotextual.com\\\/inicio\\\/\",\"name\":\"Diario Textual\",\"description\":\"\",\"publisher\":{\"@id\":\"https:\\\/\\\/diariotextual.com\\\/inicio\\\/#organization\"},\"potentialAction\":[{\"@type\":\"SearchAction\",\"target\":{\"@type\":\"EntryPoint\",\"urlTemplate\":\"https:\\\/\\\/diariotextual.com\\\/inicio\\\/?s={search_term_string}\"},\"query-input\":{\"@type\":\"PropertyValueSpecification\",\"valueRequired\":true,\"valueName\":\"search_term_string\"}}],\"inLanguage\":\"es\"},{\"@type\":\"Organization\",\"@id\":\"https:\\\/\\\/diariotextual.com\\\/inicio\\\/#organization\",\"name\":\"Diario Textual\",\"url\":\"https:\\\/\\\/diariotextual.com\\\/inicio\\\/\",\"logo\":{\"@type\":\"ImageObject\",\"inLanguage\":\"es\",\"@id\":\"https:\\\/\\\/diariotextual.com\\\/inicio\\\/#\\\/schema\\\/logo\\\/image\\\/\",\"url\":\"https:\\\/\\\/diariotextual.com\\\/inicio\\\/wp-content\\\/uploads\\\/2023\\\/05\\\/logotextual1.jpg\",\"contentUrl\":\"https:\\\/\\\/diariotextual.com\\\/inicio\\\/wp-content\\\/uploads\\\/2023\\\/05\\\/logotextual1.jpg\",\"width\":516,\"height\":76,\"caption\":\"Diario Textual\"},\"image\":{\"@id\":\"https:\\\/\\\/diariotextual.com\\\/inicio\\\/#\\\/schema\\\/logo\\\/image\\\/\"},\"sameAs\":[\"https:\\\/\\\/www.facebook.com\\\/eltextual\",\"https:\\\/\\\/x.com\\\/eltextual\",\"http:\\\/\\\/www.instagram.com\\\/eltextual\"]},{\"@type\":\"Person\",\"@id\":\"https:\\\/\\\/diariotextual.com\\\/inicio\\\/#\\\/schema\\\/person\\\/418fc4093c33e86ed41562db3508f958\",\"name\":\"Diario1 Diario1\",\"image\":{\"@type\":\"ImageObject\",\"inLanguage\":\"es\",\"@id\":\"https:\\\/\\\/secure.gravatar.com\\\/avatar\\\/9167d280179c85bc18be67aa7eda765854300033af4896dd779b608640f2ef7a?s=96&d=mm&r=g\",\"url\":\"https:\\\/\\\/secure.gravatar.com\\\/avatar\\\/9167d280179c85bc18be67aa7eda765854300033af4896dd779b608640f2ef7a?s=96&d=mm&r=g\",\"contentUrl\":\"https:\\\/\\\/secure.gravatar.com\\\/avatar\\\/9167d280179c85bc18be67aa7eda765854300033af4896dd779b608640f2ef7a?s=96&d=mm&r=g\",\"caption\":\"Diario1 Diario1\"},\"url\":\"https:\\\/\\\/diariotextual.com\\\/inicio\\\/index.php\\\/author\\\/diario1\\\/\"}]}<\/script>\n<!-- \/ Yoast SEO plugin. -->","yoast_head_json":{"title":"Dolor en Santa Rosa: Carolina tuvo a su beb\u00e9 y muri\u00f3 v\u00edctima del covid - Diario Textual","robots":{"index":"index","follow":"follow","max-snippet":"max-snippet:-1","max-image-preview":"max-image-preview:large","max-video-preview":"max-video-preview:-1"},"canonical":"https:\/\/diariotextual.com\/inicio\/index.php\/2021\/06\/02\/dolor-en-santa-rosa-tuvo-a-su-bebe-y-murio-victima-del-covid\/","og_locale":"es_ES","og_type":"article","og_title":"Dolor en Santa Rosa: Carolina tuvo a su beb\u00e9 y muri\u00f3 v\u00edctima del covid - Diario Textual","og_description":"Una mujer de solo 32 a\u00f1os, de Santa Rosa, tuvo a su beb\u00e9 y hoy muri\u00f3 por complicaciones derivadas del coronavirus. Carolina Loza era empleada administrativa de la Cl\u00ednica Modelo.&hellip;","og_url":"https:\/\/diariotextual.com\/inicio\/index.php\/2021\/06\/02\/dolor-en-santa-rosa-tuvo-a-su-bebe-y-murio-victima-del-covid\/","og_site_name":"Diario Textual","article_publisher":"https:\/\/www.facebook.com\/eltextual","article_published_time":"2021-06-02T21:39:28+00:00","article_modified_time":"2021-06-03T11:00:58+00:00","og_image":[{"width":638,"height":433,"url":"https:\/\/diariotextual.com\/inicio\/wp-content\/uploads\/2021\/06\/lozacarolina2021-3.jpg","type":"image\/jpeg"}],"author":"Diario1 Diario1","twitter_card":"summary_large_image","twitter_creator":"@eltextual","twitter_site":"@eltextual","twitter_misc":{"Escrito por":"Diario1 Diario1","Tiempo de lectura":"2 minutos"},"schema":{"@context":"https:\/\/schema.org","@graph":[{"@type":"Article","@id":"https:\/\/diariotextual.com\/inicio\/index.php\/2021\/06\/02\/dolor-en-santa-rosa-tuvo-a-su-bebe-y-murio-victima-del-covid\/#article","isPartOf":{"@id":"https:\/\/diariotextual.com\/inicio\/index.php\/2021\/06\/02\/dolor-en-santa-rosa-tuvo-a-su-bebe-y-murio-victima-del-covid\/"},"author":{"name":"Diario1 Diario1","@id":"https:\/\/diariotextual.com\/inicio\/#\/schema\/person\/418fc4093c33e86ed41562db3508f958"},"headline":"Dolor en Santa Rosa: Carolina tuvo a su beb\u00e9 y muri\u00f3 v\u00edctima del covid","datePublished":"2021-06-02T21:39:28+00:00","dateModified":"2021-06-03T11:00:58+00:00","mainEntityOfPage":{"@id":"https:\/\/diariotextual.com\/inicio\/index.php\/2021\/06\/02\/dolor-en-santa-rosa-tuvo-a-su-bebe-y-murio-victima-del-covid\/"},"wordCount":317,"publisher":{"@id":"https:\/\/diariotextual.com\/inicio\/#organization"},"image":{"@id":"https:\/\/diariotextual.com\/inicio\/index.php\/2021\/06\/02\/dolor-en-santa-rosa-tuvo-a-su-bebe-y-murio-victima-del-covid\/#primaryimage"},"thumbnailUrl":"https:\/\/diariotextual.com\/inicio\/wp-content\/uploads\/2021\/06\/lozacarolina2021-3.jpg","keywords":["loza"],"articleSection":["A - ES NOTICIA (van abajo)","SOCIEDAD"],"inLanguage":"es"},{"@type":"WebPage","@id":"https:\/\/diariotextual.com\/inicio\/index.php\/2021\/06\/02\/dolor-en-santa-rosa-tuvo-a-su-bebe-y-murio-victima-del-covid\/","url":"https:\/\/diariotextual.com\/inicio\/index.php\/2021\/06\/02\/dolor-en-santa-rosa-tuvo-a-su-bebe-y-murio-victima-del-covid\/","name":"Dolor en Santa Rosa: Carolina tuvo a su beb\u00e9 y muri\u00f3 v\u00edctima del covid - Diario Textual","isPartOf":{"@id":"https:\/\/diariotextual.com\/inicio\/#website"},"primaryImageOfPage":{"@id":"https:\/\/diariotextual.com\/inicio\/index.php\/2021\/06\/02\/dolor-en-santa-rosa-tuvo-a-su-bebe-y-murio-victima-del-covid\/#primaryimage"},"image":{"@id":"https:\/\/diariotextual.com\/inicio\/index.php\/2021\/06\/02\/dolor-en-santa-rosa-tuvo-a-su-bebe-y-murio-victima-del-covid\/#primaryimage"},"thumbnailUrl":"https:\/\/diariotextual.com\/inicio\/wp-content\/uploads\/2021\/06\/lozacarolina2021-3.jpg","datePublished":"2021-06-02T21:39:28+00:00","dateModified":"2021-06-03T11:00:58+00:00","breadcrumb":{"@id":"https:\/\/diariotextual.com\/inicio\/index.php\/2021\/06\/02\/dolor-en-santa-rosa-tuvo-a-su-bebe-y-murio-victima-del-covid\/#breadcrumb"},"inLanguage":"es","potentialAction":[{"@type":"ReadAction","target":["https:\/\/diariotextual.com\/inicio\/index.php\/2021\/06\/02\/dolor-en-santa-rosa-tuvo-a-su-bebe-y-murio-victima-del-covid\/"]}]},{"@type":"ImageObject","inLanguage":"es","@id":"https:\/\/diariotextual.com\/inicio\/index.php\/2021\/06\/02\/dolor-en-santa-rosa-tuvo-a-su-bebe-y-murio-victima-del-covid\/#primaryimage","url":"https:\/\/diariotextual.com\/inicio\/wp-content\/uploads\/2021\/06\/lozacarolina2021-3.jpg","contentUrl":"https:\/\/diariotextual.com\/inicio\/wp-content\/uploads\/2021\/06\/lozacarolina2021-3.jpg","width":638,"height":433},{"@type":"BreadcrumbList","@id":"https:\/\/diariotextual.com\/inicio\/index.php\/2021\/06\/02\/dolor-en-santa-rosa-tuvo-a-su-bebe-y-murio-victima-del-covid\/#breadcrumb","itemListElement":[{"@type":"ListItem","position":1,"name":"Portada","item":"https:\/\/diariotextual.com\/inicio\/"},{"@type":"ListItem","position":2,"name":"Dolor en Santa Rosa: Carolina tuvo a su beb\u00e9 y muri\u00f3 v\u00edctima del covid"}]},{"@type":"WebSite","@id":"https:\/\/diariotextual.com\/inicio\/#website","url":"https:\/\/diariotextual.com\/inicio\/","name":"Diario Textual","description":"","publisher":{"@id":"https:\/\/diariotextual.com\/inicio\/#organization"},"potentialAction":[{"@type":"SearchAction","target":{"@type":"EntryPoint","urlTemplate":"https:\/\/diariotextual.com\/inicio\/?s={search_term_string}"},"query-input":{"@type":"PropertyValueSpecification","valueRequired":true,"valueName":"search_term_string"}}],"inLanguage":"es"},{"@type":"Organization","@id":"https:\/\/diariotextual.com\/inicio\/#organization","name":"Diario Textual","url":"https:\/\/diariotextual.com\/inicio\/","logo":{"@type":"ImageObject","inLanguage":"es","@id":"https:\/\/diariotextual.com\/inicio\/#\/schema\/logo\/image\/","url":"https:\/\/diariotextual.com\/inicio\/wp-content\/uploads\/2023\/05\/logotextual1.jpg","contentUrl":"https:\/\/diariotextual.com\/inicio\/wp-content\/uploads\/2023\/05\/logotextual1.jpg","width":516,"height":76,"caption":"Diario Textual"},"image":{"@id":"https:\/\/diariotextual.com\/inicio\/#\/schema\/logo\/image\/"},"sameAs":["https:\/\/www.facebook.com\/eltextual","https:\/\/x.com\/eltextual","http:\/\/www.instagram.com\/eltextual"]},{"@type":"Person","@id":"https:\/\/diariotextual.com\/inicio\/#\/schema\/person\/418fc4093c33e86ed41562db3508f958","name":"Diario1 Diario1","image":{"@type":"ImageObject","inLanguage":"es","@id":"https:\/\/secure.gravatar.com\/avatar\/9167d280179c85bc18be67aa7eda765854300033af4896dd779b608640f2ef7a?s=96&d=mm&r=g","url":"https:\/\/secure.gravatar.com\/avatar\/9167d280179c85bc18be67aa7eda765854300033af4896dd779b608640f2ef7a?s=96&d=mm&r=g","contentUrl":"https:\/\/secure.gravatar.com\/avatar\/9167d280179c85bc18be67aa7eda765854300033af4896dd779b608640f2ef7a?s=96&d=mm&r=g","caption":"Diario1 Diario1"},"url":"https:\/\/diariotextual.com\/inicio\/index.php\/author\/diario1\/"}]}},"_links":{"self":[{"href":"https:\/\/diariotextual.com\/inicio\/index.php\/wp-json\/wp\/v2\/posts\/148657","targetHints":{"allow":["GET"]}}],"collection":[{"href":"https:\/\/diariotextual.com\/inicio\/index.php\/wp-json\/wp\/v2\/posts"}],"about":[{"href":"https:\/\/diariotextual.com\/inicio\/index.php\/wp-json\/wp\/v2\/types\/post"}],"author":[{"embeddable":true,"href":"https:\/\/diariotextual.com\/inicio\/index.php\/wp-json\/wp\/v2\/users\/3"}],"replies":[{"embeddable":true,"href":"https:\/\/diariotextual.com\/inicio\/index.php\/wp-json\/wp\/v2\/comments?post=148657"}],"version-history":[{"count":8,"href":"https:\/\/diariotextual.com\/inicio\/index.php\/wp-json\/wp\/v2\/posts\/148657\/revisions"}],"predecessor-version":[{"id":148705,"href":"https:\/\/diariotextual.com\/inicio\/index.php\/wp-json\/wp\/v2\/posts\/148657\/revisions\/148705"}],"wp:featuredmedia":[{"embeddable":true,"href":"https:\/\/diariotextual.com\/inicio\/index.php\/wp-json\/wp\/v2\/media\/148664"}],"wp:attachment":[{"href":"https:\/\/diariotextual.com\/inicio\/index.php\/wp-json\/wp\/v2\/media?parent=148657"}],"wp:term":[{"taxonomy":"category","embeddable":true,"href":"https:\/\/diariotextual.com\/inicio\/index.php\/wp-json\/wp\/v2\/categories?post=148657"},{"taxonomy":"post_tag","embeddable":true,"href":"https:\/\/diariotextual.com\/inicio\/index.php\/wp-json\/wp\/v2\/tags?post=148657"}],"curies":[{"name":"wp","href":"https:\/\/api.w.org\/{rel}","templated":true}]}}