{"id":148667,"date":"2021-06-02T19:54:36","date_gmt":"2021-06-02T22:54:36","guid":{"rendered":"https:\/\/diariotextual.com\/inicio\/?p=148667"},"modified":"2021-06-03T07:39:05","modified_gmt":"2021-06-03T10:39:05","slug":"covid-en-la-pampa-423-nuevos-contagios-y-9-muertes","status":"publish","type":"post","link":"https:\/\/diariotextual.com\/inicio\/index.php\/2021\/06\/02\/covid-en-la-pampa-423-nuevos-contagios-y-9-muertes\/","title":{"rendered":"Covid en La Pampa: 423 nuevos contagios y 9 muertes"},"content":{"rendered":"\n<p>El Ministerio de Salud de La Pampa inform\u00f3 que este mi\u00e9rcoles se registraron<strong>  423 nuevos casos de coronavirus<\/strong> y report\u00f3<strong> 9 muertes<\/strong>. De esta manera, <strong>se sigue consolidando la baja de casos de coronavirus: es el quinto d\u00eda consecutivo con menos de 500 casos diarios.<\/strong><\/p>\n\n\n\n<p>Hoy se analizaron 1.519 muestras en toda la provincia: 1.212 fueron por test r\u00e1pidos y 307 por PCR. Es decir,<strong> la positividad fue del 27,84%<\/strong>.<\/p>\n\n\n\n<p>De los nuevos positivos, <strong>131 corresponden a residentes en Santa Rosa, 86 en General Pico, 35 en Toay, 18 en General Acha, 16 en Intendente Alvear, 11 en Victorica, 10 en Catril\u00f3, 9 en Eduardo Castex, 9 en 25 de Mayo, 8 en Trenel, 8 en Miguel Riglos, 7 en Macach\u00edn, 7 en Realic\u00f3, 7 en Ranc\u00fal, 5 en Guatrach\u00e9, 5 en Bernardo Larroud\u00e9, 5 en Maisonnave, 4 en Tel\u00e9n, 3 en Ingeniero Luiggi, 3 en Arata, 3 en Parera, 3 en La Adela, 3 en Jacinto Arauz, 3 en Caleuf\u00fa, 3 en Embajador Martini, 2 en General Manuel J. Campos, 2 en La Humada, 2 en Quehu\u00e9, 2 en Ceballos, 2 en Abramo, 2 en Metileo, 1 en Anguil, 1 en Bernasconi, 1 en Alta Italia, 1 en Doblas, 1 en Alpachiri, 1 en Monte Nievas, 1 en Loventuel, 1 en Ataliva Roca y  1 en Algarrobo del Aguila.<\/strong><\/p>\n\n\n\n<figure class=\"wp-block-embed is-type-wp-embed is-provider-diario-textual wp-block-embed-diario-textual\"><div class=\"wp-block-embed__wrapper\">\n<blockquote class=\"wp-embedded-content\" data-secret=\"Zfxeggx5Wk\"><a href=\"https:\/\/diariotextual.com\/inicio\/index.php\/2021\/06\/02\/fallecio-de-covid-nazareno-serraino-lonko-y-maestro-de-la-lengua-ranquel\/\">Falleci\u00f3 de covid Nazareno Serraino, lonko y maestro de la lengua ranquel<\/a><\/blockquote><iframe class=\"wp-embedded-content\" sandbox=\"allow-scripts\" security=\"restricted\" style=\"position: absolute; clip: rect(1px, 1px, 1px, 1px);\" title=\"\u00abFalleci\u00f3 de covid Nazareno Serraino, lonko y maestro de la lengua ranquel\u00bb \u2014 Diario Textual\" src=\"https:\/\/diariotextual.com\/inicio\/index.php\/2021\/06\/02\/fallecio-de-covid-nazareno-serraino-lonko-y-maestro-de-la-lengua-ranquel\/embed\/#?secret=Zfxeggx5Wk\" data-secret=\"Zfxeggx5Wk\" width=\"600\" height=\"338\" frameborder=\"0\" marginwidth=\"0\" marginheight=\"0\" scrolling=\"no\"><\/iframe>\n<\/div><\/figure>\n\n\n\n<p>Hoy se reportaron nueve muertes.  Entre ellos, una <strong><a href=\"https:\/\/diariotextual.com\/inicio\/index.php\/2021\/06\/02\/dolor-en-santa-rosa-tuvo-a-su-bebe-y-murio-victima-del-covid\/\" target=\"_blank\" rel=\"noreferrer noopener\">joven madre santarrose\u00f1a de 32 a\u00f1os de edad<\/a><\/strong>. Las otras v\u00edctimas fatales son un hombre de 42 a\u00f1os de Parera, uno de 48 a\u00f1os de Dorila, uno de 70 a\u00f1os de Santa Rosa y uno de 74 a\u00f1os de Realic\u00f3. Adem\u00e1s, entre las mujeres hay otras dos de 67 y 69 a\u00f1os de la capital pampeana, una de 68 a\u00f1os de San Mart\u00edn y una de 85 a\u00f1os de General Pico.<\/p>\n\n\n\n<figure class=\"wp-block-embed is-type-wp-embed is-provider-diario-textual wp-block-embed-diario-textual\"><div class=\"wp-block-embed__wrapper\">\n<blockquote class=\"wp-embedded-content\" data-secret=\"8VMhr69SCc\"><a href=\"https:\/\/diariotextual.com\/inicio\/index.php\/2021\/06\/02\/la-pampa-quiere-tener-vacunada-toda-la-poblacion-de-riesgo-en-una-semana\/\">La Pampa quiere tener vacunada a toda la poblaci\u00f3n de riesgo en una semana<\/a><\/blockquote><iframe class=\"wp-embedded-content\" sandbox=\"allow-scripts\" security=\"restricted\" style=\"position: absolute; clip: rect(1px, 1px, 1px, 1px);\" title=\"\u00abLa Pampa quiere tener vacunada a toda la poblaci\u00f3n de riesgo en una semana\u00bb \u2014 Diario Textual\" src=\"https:\/\/diariotextual.com\/inicio\/index.php\/2021\/06\/02\/la-pampa-quiere-tener-vacunada-toda-la-poblacion-de-riesgo-en-una-semana\/embed\/#?secret=8VMhr69SCc\" data-secret=\"8VMhr69SCc\" width=\"600\" height=\"338\" frameborder=\"0\" marginwidth=\"0\" marginheight=\"0\" scrolling=\"no\"><\/iframe>\n<\/div><\/figure>\n\n\n\n<p>Desde el inicio de la pandemia, en la provincia se registraron un total de 45.561 casos positivos para Covid-19, de los cuales 5.555 permanecen activos, 596 han fallecido y 39.410 se han recuperado (664 en el d\u00eda de hoy).<\/p>\n\n\n\n<p><br>Los casos confirmados activos est\u00e1n distribuidos en las siguientes localidades: 1.967 en Santa Rosa, 961 en General Pico, 470 en Toay, 252 en Eduardo Castex, 165 en Victorica, 119 en 25 de Mayo, 109 en Catril\u00f3, 103 en Trenel, 89 en General Acha, 79 en Intendente Alvear, 73 en Realic\u00f3, 65 en Macach\u00edn, 63 en Tel\u00e9n, 61 en Miguel Riglos, 57 en Guatrach\u00e9, 48 en Quem\u00fa Quem\u00fa, 48 en Lonquimay, 38 en Colonia Bar\u00f3n, 36 en Doblas, 35 en Jacinto Arauz, 33 en Conhello, 30 en Ingeniero Luiggi, 30 en Anguil, 29 en Bernasconi, 28 en Winifreda, 27 en Bernardo Larroud\u00e9, 27 en Tom\u00e1s M. de Anchorena, 27 en General San Martin, 25 en Alpachiri, 25 en Santa Isabel, 24 en Parera, 24 en Caleuf\u00fa, 24 en Puel\u00e9n, 22 en Arata, 22 en Vertiz, 21 en La Adela, 21 en Alta Italia, 21 en La Maruja, 17 en Uriburu, 16 en La Humada, 15 en Rancul, 15 en Embajador Martini, 15 en Luan Toro, 13 en Monte Nievas, 13 en Villa Mirasol, 12 en Quehu\u00e9, 11 en Ceballos, 11 en Loventuel, 11 en Mauricio Mayer, 11 en Sarah, 10 en Puelches, 9 en General Manuel J. Campos, 8 en Abramo, 8 en Cuchillo C\u00f3, 7 en Maisonnave, 7 en Speluzzi, 7 en Agustoni, 6 en Dorila, 5 en Metileo, 4 en Rol\u00f3n, 4 en Quetrequ\u00e9n, 3 en Ataliva Roca, 3 en Algarrobo del \u00c1guila, 3 en Chos Malal, 2 en Adolfo Van Praet, 2 en Per\u00fa, 2 en Limay Mahuida, 2 en Chacharramendi, 1 en Colonia Santa Teresa, 1 en La Reforma, 1 en Pichi Huinca, 1 en Miguel Can\u00e9 y 1 en Coronel Hilario Lagos.<\/p>\n\n\n\n<p>A su vez hay 280 internados. Y al d\u00eda de la fecha se encuentran aisladas un total de 12.677 personas en toda la provincia.<\/p>\n\n\n\n<figure class=\"wp-block-embed is-type-wp-embed is-provider-diario-textual wp-block-embed-diario-textual\"><div class=\"wp-block-embed__wrapper\">\n<blockquote class=\"wp-embedded-content\" data-secret=\"l2Nj5b6gTh\"><a href=\"https:\/\/diariotextual.com\/inicio\/index.php\/2021\/06\/02\/dolor-en-santa-rosa-tuvo-a-su-bebe-y-murio-victima-del-covid\/\">Dolor en Santa Rosa: Carolina tuvo a su beb\u00e9 y muri\u00f3 v\u00edctima del covid<\/a><\/blockquote><iframe class=\"wp-embedded-content\" sandbox=\"allow-scripts\" security=\"restricted\" style=\"position: absolute; clip: rect(1px, 1px, 1px, 1px);\" title=\"\u00abDolor en Santa Rosa: Carolina tuvo a su beb\u00e9 y muri\u00f3 v\u00edctima del covid\u00bb \u2014 Diario Textual\" src=\"https:\/\/diariotextual.com\/inicio\/index.php\/2021\/06\/02\/dolor-en-santa-rosa-tuvo-a-su-bebe-y-murio-victima-del-covid\/embed\/#?secret=l2Nj5b6gTh\" data-secret=\"l2Nj5b6gTh\" width=\"600\" height=\"338\" frameborder=\"0\" marginwidth=\"0\" marginheight=\"0\" scrolling=\"no\"><\/iframe>\n<\/div><\/figure>\n","protected":false},"excerpt":{"rendered":"<p>El Ministerio de Salud de La Pampa inform\u00f3 que este mi\u00e9rcoles se registraron 423 nuevos casos de coronavirus y report\u00f3 9 muertes. De esta manera, se sigue consolidando la baja&hellip;<\/p>\n","protected":false},"author":3,"featured_media":147027,"comment_status":"closed","ping_status":"open","sticky":false,"template":"","format":"standard","meta":{"_acf_changed":false,"footnotes":""},"categories":[1,12],"tags":[2662],"class_list":["post-148667","post","type-post","status-publish","format-standard","has-post-thumbnail","hentry","category-es-noticia","category-sociedad","tag-coronavirus"],"acf":[],"yoast_head":"<!-- This site is optimized with the Yoast SEO plugin v27.5 - https:\/\/yoast.com\/product\/yoast-seo-wordpress\/ -->\n<title>Covid en La Pampa: 423 nuevos contagios y 9 muertes - Diario Textual<\/title>\n<meta name=\"robots\" content=\"index, follow, max-snippet:-1, max-image-preview:large, max-video-preview:-1\" \/>\n<link rel=\"canonical\" href=\"https:\/\/diariotextual.com\/inicio\/index.php\/2021\/06\/02\/covid-en-la-pampa-423-nuevos-contagios-y-9-muertes\/\" \/>\n<meta property=\"og:locale\" content=\"es_ES\" \/>\n<meta property=\"og:type\" content=\"article\" \/>\n<meta property=\"og:title\" content=\"Covid en La Pampa: 423 nuevos contagios y 9 muertes - Diario Textual\" \/>\n<meta property=\"og:description\" content=\"El Ministerio de Salud de La Pampa inform\u00f3 que este mi\u00e9rcoles se registraron 423 nuevos casos de coronavirus y report\u00f3 9 muertes. De esta manera, se sigue consolidando la baja&hellip;\" \/>\n<meta property=\"og:url\" content=\"https:\/\/diariotextual.com\/inicio\/index.php\/2021\/06\/02\/covid-en-la-pampa-423-nuevos-contagios-y-9-muertes\/\" \/>\n<meta property=\"og:site_name\" content=\"Diario Textual\" \/>\n<meta property=\"article:publisher\" content=\"https:\/\/www.facebook.com\/eltextual\" \/>\n<meta property=\"article:published_time\" content=\"2021-06-02T22:54:36+00:00\" \/>\n<meta property=\"article:modified_time\" content=\"2021-06-03T10:39:05+00:00\" \/>\n<meta property=\"og:image\" content=\"https:\/\/diariotextual.com\/inicio\/wp-content\/uploads\/2021\/05\/coronaviruslapampahisoparsetesteos2021-2.jpg\" \/>\n\t<meta property=\"og:image:width\" content=\"971\" \/>\n\t<meta property=\"og:image:height\" content=\"592\" \/>\n\t<meta property=\"og:image:type\" content=\"image\/jpeg\" \/>\n<meta name=\"author\" content=\"Diario1 Diario1\" \/>\n<meta name=\"twitter:card\" content=\"summary_large_image\" \/>\n<meta name=\"twitter:creator\" content=\"@eltextual\" \/>\n<meta name=\"twitter:site\" content=\"@eltextual\" \/>\n<meta name=\"twitter:label1\" content=\"Escrito por\" \/>\n\t<meta name=\"twitter:data1\" content=\"Diario1 Diario1\" \/>\n\t<meta name=\"twitter:label2\" content=\"Tiempo de lectura\" \/>\n\t<meta name=\"twitter:data2\" content=\"3 minutos\" \/>\n<script type=\"application\/ld+json\" class=\"yoast-schema-graph\">{\"@context\":\"https:\\\/\\\/schema.org\",\"@graph\":[{\"@type\":\"Article\",\"@id\":\"https:\\\/\\\/diariotextual.com\\\/inicio\\\/index.php\\\/2021\\\/06\\\/02\\\/covid-en-la-pampa-423-nuevos-contagios-y-9-muertes\\\/#article\",\"isPartOf\":{\"@id\":\"https:\\\/\\\/diariotextual.com\\\/inicio\\\/index.php\\\/2021\\\/06\\\/02\\\/covid-en-la-pampa-423-nuevos-contagios-y-9-muertes\\\/\"},\"author\":{\"name\":\"Diario1 Diario1\",\"@id\":\"https:\\\/\\\/diariotextual.com\\\/inicio\\\/#\\\/schema\\\/person\\\/418fc4093c33e86ed41562db3508f958\"},\"headline\":\"Covid en La Pampa: 423 nuevos contagios y 9 muertes\",\"datePublished\":\"2021-06-02T22:54:36+00:00\",\"dateModified\":\"2021-06-03T10:39:05+00:00\",\"mainEntityOfPage\":{\"@id\":\"https:\\\/\\\/diariotextual.com\\\/inicio\\\/index.php\\\/2021\\\/06\\\/02\\\/covid-en-la-pampa-423-nuevos-contagios-y-9-muertes\\\/\"},\"wordCount\":557,\"publisher\":{\"@id\":\"https:\\\/\\\/diariotextual.com\\\/inicio\\\/#organization\"},\"image\":{\"@id\":\"https:\\\/\\\/diariotextual.com\\\/inicio\\\/index.php\\\/2021\\\/06\\\/02\\\/covid-en-la-pampa-423-nuevos-contagios-y-9-muertes\\\/#primaryimage\"},\"thumbnailUrl\":\"https:\\\/\\\/diariotextual.com\\\/inicio\\\/wp-content\\\/uploads\\\/2021\\\/05\\\/coronaviruslapampahisoparsetesteos2021-2.jpg\",\"keywords\":[\"coronavirus\"],\"articleSection\":[\"A - ES NOTICIA (van abajo)\",\"SOCIEDAD\"],\"inLanguage\":\"es\"},{\"@type\":\"WebPage\",\"@id\":\"https:\\\/\\\/diariotextual.com\\\/inicio\\\/index.php\\\/2021\\\/06\\\/02\\\/covid-en-la-pampa-423-nuevos-contagios-y-9-muertes\\\/\",\"url\":\"https:\\\/\\\/diariotextual.com\\\/inicio\\\/index.php\\\/2021\\\/06\\\/02\\\/covid-en-la-pampa-423-nuevos-contagios-y-9-muertes\\\/\",\"name\":\"Covid en La Pampa: 423 nuevos contagios y 9 muertes - Diario Textual\",\"isPartOf\":{\"@id\":\"https:\\\/\\\/diariotextual.com\\\/inicio\\\/#website\"},\"primaryImageOfPage\":{\"@id\":\"https:\\\/\\\/diariotextual.com\\\/inicio\\\/index.php\\\/2021\\\/06\\\/02\\\/covid-en-la-pampa-423-nuevos-contagios-y-9-muertes\\\/#primaryimage\"},\"image\":{\"@id\":\"https:\\\/\\\/diariotextual.com\\\/inicio\\\/index.php\\\/2021\\\/06\\\/02\\\/covid-en-la-pampa-423-nuevos-contagios-y-9-muertes\\\/#primaryimage\"},\"thumbnailUrl\":\"https:\\\/\\\/diariotextual.com\\\/inicio\\\/wp-content\\\/uploads\\\/2021\\\/05\\\/coronaviruslapampahisoparsetesteos2021-2.jpg\",\"datePublished\":\"2021-06-02T22:54:36+00:00\",\"dateModified\":\"2021-06-03T10:39:05+00:00\",\"breadcrumb\":{\"@id\":\"https:\\\/\\\/diariotextual.com\\\/inicio\\\/index.php\\\/2021\\\/06\\\/02\\\/covid-en-la-pampa-423-nuevos-contagios-y-9-muertes\\\/#breadcrumb\"},\"inLanguage\":\"es\",\"potentialAction\":[{\"@type\":\"ReadAction\",\"target\":[\"https:\\\/\\\/diariotextual.com\\\/inicio\\\/index.php\\\/2021\\\/06\\\/02\\\/covid-en-la-pampa-423-nuevos-contagios-y-9-muertes\\\/\"]}]},{\"@type\":\"ImageObject\",\"inLanguage\":\"es\",\"@id\":\"https:\\\/\\\/diariotextual.com\\\/inicio\\\/index.php\\\/2021\\\/06\\\/02\\\/covid-en-la-pampa-423-nuevos-contagios-y-9-muertes\\\/#primaryimage\",\"url\":\"https:\\\/\\\/diariotextual.com\\\/inicio\\\/wp-content\\\/uploads\\\/2021\\\/05\\\/coronaviruslapampahisoparsetesteos2021-2.jpg\",\"contentUrl\":\"https:\\\/\\\/diariotextual.com\\\/inicio\\\/wp-content\\\/uploads\\\/2021\\\/05\\\/coronaviruslapampahisoparsetesteos2021-2.jpg\",\"width\":971,\"height\":592},{\"@type\":\"BreadcrumbList\",\"@id\":\"https:\\\/\\\/diariotextual.com\\\/inicio\\\/index.php\\\/2021\\\/06\\\/02\\\/covid-en-la-pampa-423-nuevos-contagios-y-9-muertes\\\/#breadcrumb\",\"itemListElement\":[{\"@type\":\"ListItem\",\"position\":1,\"name\":\"Portada\",\"item\":\"https:\\\/\\\/diariotextual.com\\\/inicio\\\/\"},{\"@type\":\"ListItem\",\"position\":2,\"name\":\"Covid en La Pampa: 423 nuevos contagios y 9 muertes\"}]},{\"@type\":\"WebSite\",\"@id\":\"https:\\\/\\\/diariotextual.com\\\/inicio\\\/#website\",\"url\":\"https:\\\/\\\/diariotextual.com\\\/inicio\\\/\",\"name\":\"Diario Textual\",\"description\":\"\",\"publisher\":{\"@id\":\"https:\\\/\\\/diariotextual.com\\\/inicio\\\/#organization\"},\"potentialAction\":[{\"@type\":\"SearchAction\",\"target\":{\"@type\":\"EntryPoint\",\"urlTemplate\":\"https:\\\/\\\/diariotextual.com\\\/inicio\\\/?s={search_term_string}\"},\"query-input\":{\"@type\":\"PropertyValueSpecification\",\"valueRequired\":true,\"valueName\":\"search_term_string\"}}],\"inLanguage\":\"es\"},{\"@type\":\"Organization\",\"@id\":\"https:\\\/\\\/diariotextual.com\\\/inicio\\\/#organization\",\"name\":\"Diario Textual\",\"url\":\"https:\\\/\\\/diariotextual.com\\\/inicio\\\/\",\"logo\":{\"@type\":\"ImageObject\",\"inLanguage\":\"es\",\"@id\":\"https:\\\/\\\/diariotextual.com\\\/inicio\\\/#\\\/schema\\\/logo\\\/image\\\/\",\"url\":\"https:\\\/\\\/diariotextual.com\\\/inicio\\\/wp-content\\\/uploads\\\/2023\\\/05\\\/logotextual1.jpg\",\"contentUrl\":\"https:\\\/\\\/diariotextual.com\\\/inicio\\\/wp-content\\\/uploads\\\/2023\\\/05\\\/logotextual1.jpg\",\"width\":516,\"height\":76,\"caption\":\"Diario Textual\"},\"image\":{\"@id\":\"https:\\\/\\\/diariotextual.com\\\/inicio\\\/#\\\/schema\\\/logo\\\/image\\\/\"},\"sameAs\":[\"https:\\\/\\\/www.facebook.com\\\/eltextual\",\"https:\\\/\\\/x.com\\\/eltextual\",\"http:\\\/\\\/www.instagram.com\\\/eltextual\"]},{\"@type\":\"Person\",\"@id\":\"https:\\\/\\\/diariotextual.com\\\/inicio\\\/#\\\/schema\\\/person\\\/418fc4093c33e86ed41562db3508f958\",\"name\":\"Diario1 Diario1\",\"image\":{\"@type\":\"ImageObject\",\"inLanguage\":\"es\",\"@id\":\"https:\\\/\\\/secure.gravatar.com\\\/avatar\\\/9167d280179c85bc18be67aa7eda765854300033af4896dd779b608640f2ef7a?s=96&d=mm&r=g\",\"url\":\"https:\\\/\\\/secure.gravatar.com\\\/avatar\\\/9167d280179c85bc18be67aa7eda765854300033af4896dd779b608640f2ef7a?s=96&d=mm&r=g\",\"contentUrl\":\"https:\\\/\\\/secure.gravatar.com\\\/avatar\\\/9167d280179c85bc18be67aa7eda765854300033af4896dd779b608640f2ef7a?s=96&d=mm&r=g\",\"caption\":\"Diario1 Diario1\"},\"url\":\"https:\\\/\\\/diariotextual.com\\\/inicio\\\/index.php\\\/author\\\/diario1\\\/\"}]}<\/script>\n<!-- \/ Yoast SEO plugin. -->","yoast_head_json":{"title":"Covid en La Pampa: 423 nuevos contagios y 9 muertes - Diario Textual","robots":{"index":"index","follow":"follow","max-snippet":"max-snippet:-1","max-image-preview":"max-image-preview:large","max-video-preview":"max-video-preview:-1"},"canonical":"https:\/\/diariotextual.com\/inicio\/index.php\/2021\/06\/02\/covid-en-la-pampa-423-nuevos-contagios-y-9-muertes\/","og_locale":"es_ES","og_type":"article","og_title":"Covid en La Pampa: 423 nuevos contagios y 9 muertes - Diario Textual","og_description":"El Ministerio de Salud de La Pampa inform\u00f3 que este mi\u00e9rcoles se registraron 423 nuevos casos de coronavirus y report\u00f3 9 muertes. De esta manera, se sigue consolidando la baja&hellip;","og_url":"https:\/\/diariotextual.com\/inicio\/index.php\/2021\/06\/02\/covid-en-la-pampa-423-nuevos-contagios-y-9-muertes\/","og_site_name":"Diario Textual","article_publisher":"https:\/\/www.facebook.com\/eltextual","article_published_time":"2021-06-02T22:54:36+00:00","article_modified_time":"2021-06-03T10:39:05+00:00","og_image":[{"width":971,"height":592,"url":"https:\/\/diariotextual.com\/inicio\/wp-content\/uploads\/2021\/05\/coronaviruslapampahisoparsetesteos2021-2.jpg","type":"image\/jpeg"}],"author":"Diario1 Diario1","twitter_card":"summary_large_image","twitter_creator":"@eltextual","twitter_site":"@eltextual","twitter_misc":{"Escrito por":"Diario1 Diario1","Tiempo de lectura":"3 minutos"},"schema":{"@context":"https:\/\/schema.org","@graph":[{"@type":"Article","@id":"https:\/\/diariotextual.com\/inicio\/index.php\/2021\/06\/02\/covid-en-la-pampa-423-nuevos-contagios-y-9-muertes\/#article","isPartOf":{"@id":"https:\/\/diariotextual.com\/inicio\/index.php\/2021\/06\/02\/covid-en-la-pampa-423-nuevos-contagios-y-9-muertes\/"},"author":{"name":"Diario1 Diario1","@id":"https:\/\/diariotextual.com\/inicio\/#\/schema\/person\/418fc4093c33e86ed41562db3508f958"},"headline":"Covid en La Pampa: 423 nuevos contagios y 9 muertes","datePublished":"2021-06-02T22:54:36+00:00","dateModified":"2021-06-03T10:39:05+00:00","mainEntityOfPage":{"@id":"https:\/\/diariotextual.com\/inicio\/index.php\/2021\/06\/02\/covid-en-la-pampa-423-nuevos-contagios-y-9-muertes\/"},"wordCount":557,"publisher":{"@id":"https:\/\/diariotextual.com\/inicio\/#organization"},"image":{"@id":"https:\/\/diariotextual.com\/inicio\/index.php\/2021\/06\/02\/covid-en-la-pampa-423-nuevos-contagios-y-9-muertes\/#primaryimage"},"thumbnailUrl":"https:\/\/diariotextual.com\/inicio\/wp-content\/uploads\/2021\/05\/coronaviruslapampahisoparsetesteos2021-2.jpg","keywords":["coronavirus"],"articleSection":["A - ES NOTICIA (van abajo)","SOCIEDAD"],"inLanguage":"es"},{"@type":"WebPage","@id":"https:\/\/diariotextual.com\/inicio\/index.php\/2021\/06\/02\/covid-en-la-pampa-423-nuevos-contagios-y-9-muertes\/","url":"https:\/\/diariotextual.com\/inicio\/index.php\/2021\/06\/02\/covid-en-la-pampa-423-nuevos-contagios-y-9-muertes\/","name":"Covid en La Pampa: 423 nuevos contagios y 9 muertes - Diario Textual","isPartOf":{"@id":"https:\/\/diariotextual.com\/inicio\/#website"},"primaryImageOfPage":{"@id":"https:\/\/diariotextual.com\/inicio\/index.php\/2021\/06\/02\/covid-en-la-pampa-423-nuevos-contagios-y-9-muertes\/#primaryimage"},"image":{"@id":"https:\/\/diariotextual.com\/inicio\/index.php\/2021\/06\/02\/covid-en-la-pampa-423-nuevos-contagios-y-9-muertes\/#primaryimage"},"thumbnailUrl":"https:\/\/diariotextual.com\/inicio\/wp-content\/uploads\/2021\/05\/coronaviruslapampahisoparsetesteos2021-2.jpg","datePublished":"2021-06-02T22:54:36+00:00","dateModified":"2021-06-03T10:39:05+00:00","breadcrumb":{"@id":"https:\/\/diariotextual.com\/inicio\/index.php\/2021\/06\/02\/covid-en-la-pampa-423-nuevos-contagios-y-9-muertes\/#breadcrumb"},"inLanguage":"es","potentialAction":[{"@type":"ReadAction","target":["https:\/\/diariotextual.com\/inicio\/index.php\/2021\/06\/02\/covid-en-la-pampa-423-nuevos-contagios-y-9-muertes\/"]}]},{"@type":"ImageObject","inLanguage":"es","@id":"https:\/\/diariotextual.com\/inicio\/index.php\/2021\/06\/02\/covid-en-la-pampa-423-nuevos-contagios-y-9-muertes\/#primaryimage","url":"https:\/\/diariotextual.com\/inicio\/wp-content\/uploads\/2021\/05\/coronaviruslapampahisoparsetesteos2021-2.jpg","contentUrl":"https:\/\/diariotextual.com\/inicio\/wp-content\/uploads\/2021\/05\/coronaviruslapampahisoparsetesteos2021-2.jpg","width":971,"height":592},{"@type":"BreadcrumbList","@id":"https:\/\/diariotextual.com\/inicio\/index.php\/2021\/06\/02\/covid-en-la-pampa-423-nuevos-contagios-y-9-muertes\/#breadcrumb","itemListElement":[{"@type":"ListItem","position":1,"name":"Portada","item":"https:\/\/diariotextual.com\/inicio\/"},{"@type":"ListItem","position":2,"name":"Covid en La Pampa: 423 nuevos contagios y 9 muertes"}]},{"@type":"WebSite","@id":"https:\/\/diariotextual.com\/inicio\/#website","url":"https:\/\/diariotextual.com\/inicio\/","name":"Diario Textual","description":"","publisher":{"@id":"https:\/\/diariotextual.com\/inicio\/#organization"},"potentialAction":[{"@type":"SearchAction","target":{"@type":"EntryPoint","urlTemplate":"https:\/\/diariotextual.com\/inicio\/?s={search_term_string}"},"query-input":{"@type":"PropertyValueSpecification","valueRequired":true,"valueName":"search_term_string"}}],"inLanguage":"es"},{"@type":"Organization","@id":"https:\/\/diariotextual.com\/inicio\/#organization","name":"Diario Textual","url":"https:\/\/diariotextual.com\/inicio\/","logo":{"@type":"ImageObject","inLanguage":"es","@id":"https:\/\/diariotextual.com\/inicio\/#\/schema\/logo\/image\/","url":"https:\/\/diariotextual.com\/inicio\/wp-content\/uploads\/2023\/05\/logotextual1.jpg","contentUrl":"https:\/\/diariotextual.com\/inicio\/wp-content\/uploads\/2023\/05\/logotextual1.jpg","width":516,"height":76,"caption":"Diario Textual"},"image":{"@id":"https:\/\/diariotextual.com\/inicio\/#\/schema\/logo\/image\/"},"sameAs":["https:\/\/www.facebook.com\/eltextual","https:\/\/x.com\/eltextual","http:\/\/www.instagram.com\/eltextual"]},{"@type":"Person","@id":"https:\/\/diariotextual.com\/inicio\/#\/schema\/person\/418fc4093c33e86ed41562db3508f958","name":"Diario1 Diario1","image":{"@type":"ImageObject","inLanguage":"es","@id":"https:\/\/secure.gravatar.com\/avatar\/9167d280179c85bc18be67aa7eda765854300033af4896dd779b608640f2ef7a?s=96&d=mm&r=g","url":"https:\/\/secure.gravatar.com\/avatar\/9167d280179c85bc18be67aa7eda765854300033af4896dd779b608640f2ef7a?s=96&d=mm&r=g","contentUrl":"https:\/\/secure.gravatar.com\/avatar\/9167d280179c85bc18be67aa7eda765854300033af4896dd779b608640f2ef7a?s=96&d=mm&r=g","caption":"Diario1 Diario1"},"url":"https:\/\/diariotextual.com\/inicio\/index.php\/author\/diario1\/"}]}},"_links":{"self":[{"href":"https:\/\/diariotextual.com\/inicio\/index.php\/wp-json\/wp\/v2\/posts\/148667","targetHints":{"allow":["GET"]}}],"collection":[{"href":"https:\/\/diariotextual.com\/inicio\/index.php\/wp-json\/wp\/v2\/posts"}],"about":[{"href":"https:\/\/diariotextual.com\/inicio\/index.php\/wp-json\/wp\/v2\/types\/post"}],"author":[{"embeddable":true,"href":"https:\/\/diariotextual.com\/inicio\/index.php\/wp-json\/wp\/v2\/users\/3"}],"replies":[{"embeddable":true,"href":"https:\/\/diariotextual.com\/inicio\/index.php\/wp-json\/wp\/v2\/comments?post=148667"}],"version-history":[{"count":11,"href":"https:\/\/diariotextual.com\/inicio\/index.php\/wp-json\/wp\/v2\/posts\/148667\/revisions"}],"predecessor-version":[{"id":148704,"href":"https:\/\/diariotextual.com\/inicio\/index.php\/wp-json\/wp\/v2\/posts\/148667\/revisions\/148704"}],"wp:featuredmedia":[{"embeddable":true,"href":"https:\/\/diariotextual.com\/inicio\/index.php\/wp-json\/wp\/v2\/media\/147027"}],"wp:attachment":[{"href":"https:\/\/diariotextual.com\/inicio\/index.php\/wp-json\/wp\/v2\/media?parent=148667"}],"wp:term":[{"taxonomy":"category","embeddable":true,"href":"https:\/\/diariotextual.com\/inicio\/index.php\/wp-json\/wp\/v2\/categories?post=148667"},{"taxonomy":"post_tag","embeddable":true,"href":"https:\/\/diariotextual.com\/inicio\/index.php\/wp-json\/wp\/v2\/tags?post=148667"}],"curies":[{"name":"wp","href":"https:\/\/api.w.org\/{rel}","templated":true}]}}