{"id":148692,"date":"2021-06-02T20:23:44","date_gmt":"2021-06-02T23:23:44","guid":{"rendered":"https:\/\/diariotextual.com\/inicio\/?p=148692"},"modified":"2021-06-02T23:51:52","modified_gmt":"2021-06-03T02:51:52","slug":"fallecio-de-covid-nazareno-serraino-lonko-y-maestro-de-la-lengua-ranquel","status":"publish","type":"post","link":"https:\/\/diariotextual.com\/inicio\/index.php\/2021\/06\/02\/fallecio-de-covid-nazareno-serraino-lonko-y-maestro-de-la-lengua-ranquel\/","title":{"rendered":"Falleci\u00f3 v\u00edctima del covid Nazareno Serraino, lonko y maestro de la lengua ranquel"},"content":{"rendered":"\n<p>Otra muerte que conmociona a La Pampa. En las \u00faltimas horas falleci\u00f3 v\u00edctima del coronavirus el lonko y maestro de la lengua ranquel <strong>Nazareno Serraino<\/strong>, a los 45 a\u00f1os.<\/p>\n\n\n\n<p>Pedro Coria, lonko de la comunidad ranquel, lo despidi\u00f3 con un mensaje sentido, en las redes sociales. \u201cAcompa\u00f1emos al Pe\u00f1i en su viaje al kume malal, hermano querido, la comunidad Rankel Nahuel Auca y nuestra familia te env\u00eda toda la energ\u00eda para que transites este nuevo camino\u201d, escribi\u00f3. \u201cLos maestros como vos no mueren querido hermano , hoy sos un maestro ascendido para nuestro pueblo , te amamos y te seguiremos amando siempre , Peukaial Lonkito Nestor Nazareno Serraino querido\u201d, finaliz\u00f3.<\/p>\n\n\n\n<figure class=\"wp-block-image size-large\"><img fetchpriority=\"high\" decoding=\"async\" width=\"990\" height=\"641\" src=\"https:\/\/diariotextual.com\/inicio\/wp-content\/uploads\/2021\/06\/serrainonazarenomaestroranquel05.jpg\" alt=\"\" class=\"wp-image-148708\" srcset=\"https:\/\/diariotextual.com\/inicio\/wp-content\/uploads\/2021\/06\/serrainonazarenomaestroranquel05.jpg 990w, https:\/\/diariotextual.com\/inicio\/wp-content\/uploads\/2021\/06\/serrainonazarenomaestroranquel05-300x194.jpg 300w, https:\/\/diariotextual.com\/inicio\/wp-content\/uploads\/2021\/06\/serrainonazarenomaestroranquel05-768x497.jpg 768w, https:\/\/diariotextual.com\/inicio\/wp-content\/uploads\/2021\/06\/serrainonazarenomaestroranquel05-585x379.jpg 585w\" sizes=\"(max-width: 990px) 100vw, 990px\" \/><\/figure>\n\n\n\n<p>Serraino era oriundo de Victorica. Era lonko o cacique de la Comunidad Rosa Moreno Maraqueo, de Victoria, y miembro del Consejo Provincial Aborigen (CPA).<\/p>\n\n\n\n<p>Se encontraba casado con Luciana C\u00f3rdoba, trabajadora del Hospital Molas.<\/p>\n\n\n\n<p><strong>Hab\u00eda aprendido el idioma de sus ancestros de la mano del hablante Daniel Cabral. Era uno de los pocos maestros de la lengua ranquel. <\/strong>Junto a <strong>Luis Denton<\/strong>i, era uno de los referente de la modalidad de la Educaci\u00f3n Intercultural Biling\u00fce.<\/p>\n\n\n\n<figure class=\"wp-block-embed is-type-wp-embed is-provider-diario-textual wp-block-embed-diario-textual\"><div class=\"wp-block-embed__wrapper\">\n<blockquote class=\"wp-embedded-content\" data-secret=\"vKCYjaPDhv\"><a href=\"https:\/\/diariotextual.com\/inicio\/index.php\/2021\/06\/02\/el-consejo-de-lonkos-despide-a-serraino-tu-lucha-siempre-estara-con-nosotros\/\">El Consejo de Lonkos despide a Serraino: \u201cTu lucha siempre estar\u00e1 con nosotros\u201d<\/a><\/blockquote><iframe class=\"wp-embedded-content\" sandbox=\"allow-scripts\" security=\"restricted\" style=\"position: absolute; clip: rect(1px, 1px, 1px, 1px);\" title=\"\u00abEl Consejo de Lonkos despide a Serraino: \u201cTu lucha siempre estar\u00e1 con nosotros\u201d\u00bb \u2014 Diario Textual\" src=\"https:\/\/diariotextual.com\/inicio\/index.php\/2021\/06\/02\/el-consejo-de-lonkos-despide-a-serraino-tu-lucha-siempre-estara-con-nosotros\/embed\/#?secret=vKCYjaPDhv\" data-secret=\"vKCYjaPDhv\" width=\"600\" height=\"338\" frameborder=\"0\" marginwidth=\"0\" marginheight=\"0\" scrolling=\"no\"><\/iframe>\n<\/div><\/figure>\n\n\n\n<p>En 2017 hab\u00eda presentado el \u201cManual de Lengua Ranquel\u201d. Ese proyecto se remontaba a 1995, cuando un grupo de ranqueles comenz\u00f3 a trabajar en el rescate de su lengua. Con el apoyo del Ministerio de Educaci\u00f3n de La Pampa y de la Universidad Nacional de La Pampa (UNLPam) se conform\u00f3 un grupo de trabajo integrado por ling\u00fcistas, arque\u00f3logos, antrop\u00f3logos e historiadores.<\/p>\n\n\n\n<p>\u201cEl manual -dijo Nazareno en su momento- es una herramienta para democratizar y evitar que se pierda la lengua ranquel. Democratizar porque es una forma de trabajar libremente, ya que a trav\u00e9s de una p\u00e1gina web se accede al manual y a la pronunciaci\u00f3n del mismo. Es una suerte de rescate alocado o salvavidas desesperado para evitar que la lengua se termine de extinguir porque lamentablemente se encuentra en un estado avanzado de extinci\u00f3n\u201d.<\/p>\n\n\n\n<figure class=\"wp-block-image size-large\"><img decoding=\"async\" width=\"955\" height=\"647\" src=\"https:\/\/diariotextual.com\/inicio\/wp-content\/uploads\/2021\/06\/serrainonazarenomaestroranquel03.jpg\" alt=\"\" class=\"wp-image-148696\" srcset=\"https:\/\/diariotextual.com\/inicio\/wp-content\/uploads\/2021\/06\/serrainonazarenomaestroranquel03.jpg 955w, https:\/\/diariotextual.com\/inicio\/wp-content\/uploads\/2021\/06\/serrainonazarenomaestroranquel03-300x203.jpg 300w, https:\/\/diariotextual.com\/inicio\/wp-content\/uploads\/2021\/06\/serrainonazarenomaestroranquel03-768x520.jpg 768w, https:\/\/diariotextual.com\/inicio\/wp-content\/uploads\/2021\/06\/serrainonazarenomaestroranquel03-585x396.jpg 585w\" sizes=\"(max-width: 955px) 100vw, 955px\" \/><\/figure>\n\n\n\n<p>Dio positivo de covid el 21 de mayo. Se encontraba internado desde hace una semana en la cl\u00ednica Faerac, donde no se pudo recuperar.<\/p>\n\n\n\n<p>Adriana Maggio, secretaria de Cultura de La Pampa, tambi\u00e9n lo despidi\u00f3. \u201cEs muy triste. Abrazo fuerte a su familia y a la comunidad\u201d, escribi\u00f3.<\/p>\n\n\n\n<figure class=\"wp-block-embed is-type-wp-embed is-provider-diario-textual wp-block-embed-diario-textual\"><div class=\"wp-block-embed__wrapper\">\n<blockquote class=\"wp-embedded-content\" data-secret=\"SIyoP0c1uG\"><a href=\"https:\/\/diariotextual.com\/inicio\/index.php\/2021\/06\/02\/dolor-en-santa-rosa-tuvo-a-su-bebe-y-murio-victima-del-covid\/\">Dolor en Santa Rosa: Carolina tuvo a su beb\u00e9 y muri\u00f3 v\u00edctima del covid<\/a><\/blockquote><iframe class=\"wp-embedded-content\" sandbox=\"allow-scripts\" security=\"restricted\" style=\"position: absolute; clip: rect(1px, 1px, 1px, 1px);\" title=\"\u00abDolor en Santa Rosa: Carolina tuvo a su beb\u00e9 y muri\u00f3 v\u00edctima del covid\u00bb \u2014 Diario Textual\" src=\"https:\/\/diariotextual.com\/inicio\/index.php\/2021\/06\/02\/dolor-en-santa-rosa-tuvo-a-su-bebe-y-murio-victima-del-covid\/embed\/#?secret=SIyoP0c1uG\" data-secret=\"SIyoP0c1uG\" width=\"600\" height=\"338\" frameborder=\"0\" marginwidth=\"0\" marginheight=\"0\" scrolling=\"no\"><\/iframe>\n<\/div><\/figure>\n","protected":false},"excerpt":{"rendered":"<p>Otra muerte que conmociona a La Pampa. En las \u00faltimas horas falleci\u00f3 v\u00edctima del coronavirus el lonko y maestro de la lengua ranquel Nazareno Serraino, a los 45 a\u00f1os. Pedro&hellip;<\/p>\n","protected":false},"author":3,"featured_media":148712,"comment_status":"closed","ping_status":"open","sticky":false,"template":"","format":"standard","meta":{"_acf_changed":false,"footnotes":""},"categories":[1,2],"tags":[601,5573],"class_list":["post-148692","post","type-post","status-publish","format-standard","has-post-thumbnail","hentry","category-es-noticia","category-cultura","tag-lonko","tag-serraino"],"acf":[],"yoast_head":"<!-- This site is optimized with the Yoast SEO plugin v27.5 - https:\/\/yoast.com\/product\/yoast-seo-wordpress\/ -->\n<title>Falleci\u00f3 v\u00edctima del covid Nazareno Serraino, lonko y maestro de la lengua ranquel - Diario Textual<\/title>\n<meta name=\"robots\" content=\"index, follow, max-snippet:-1, max-image-preview:large, max-video-preview:-1\" \/>\n<link rel=\"canonical\" href=\"https:\/\/diariotextual.com\/inicio\/index.php\/2021\/06\/02\/fallecio-de-covid-nazareno-serraino-lonko-y-maestro-de-la-lengua-ranquel\/\" \/>\n<meta property=\"og:locale\" content=\"es_ES\" \/>\n<meta property=\"og:type\" content=\"article\" \/>\n<meta property=\"og:title\" content=\"Falleci\u00f3 v\u00edctima del covid Nazareno Serraino, lonko y maestro de la lengua ranquel - Diario Textual\" \/>\n<meta property=\"og:description\" content=\"Otra muerte que conmociona a La Pampa. En las \u00faltimas horas falleci\u00f3 v\u00edctima del coronavirus el lonko y maestro de la lengua ranquel Nazareno Serraino, a los 45 a\u00f1os. Pedro&hellip;\" \/>\n<meta property=\"og:url\" content=\"https:\/\/diariotextual.com\/inicio\/index.php\/2021\/06\/02\/fallecio-de-covid-nazareno-serraino-lonko-y-maestro-de-la-lengua-ranquel\/\" \/>\n<meta property=\"og:site_name\" content=\"Diario Textual\" \/>\n<meta property=\"article:publisher\" content=\"https:\/\/www.facebook.com\/eltextual\" \/>\n<meta property=\"article:published_time\" content=\"2021-06-02T23:23:44+00:00\" \/>\n<meta property=\"article:modified_time\" content=\"2021-06-03T02:51:52+00:00\" \/>\n<meta property=\"og:image\" content=\"https:\/\/diariotextual.com\/inicio\/wp-content\/uploads\/2021\/06\/serrainonazarenomaestroranquel08.jpg\" \/>\n\t<meta property=\"og:image:width\" content=\"640\" \/>\n\t<meta property=\"og:image:height\" content=\"452\" \/>\n\t<meta property=\"og:image:type\" content=\"image\/jpeg\" \/>\n<meta name=\"author\" content=\"Diario1 Diario1\" \/>\n<meta name=\"twitter:card\" content=\"summary_large_image\" \/>\n<meta name=\"twitter:creator\" content=\"@eltextual\" \/>\n<meta name=\"twitter:site\" content=\"@eltextual\" \/>\n<meta name=\"twitter:label1\" content=\"Escrito por\" \/>\n\t<meta name=\"twitter:data1\" content=\"Diario1 Diario1\" \/>\n\t<meta name=\"twitter:label2\" content=\"Tiempo de lectura\" \/>\n\t<meta name=\"twitter:data2\" content=\"3 minutos\" \/>\n<script type=\"application\/ld+json\" class=\"yoast-schema-graph\">{\"@context\":\"https:\\\/\\\/schema.org\",\"@graph\":[{\"@type\":\"Article\",\"@id\":\"https:\\\/\\\/diariotextual.com\\\/inicio\\\/index.php\\\/2021\\\/06\\\/02\\\/fallecio-de-covid-nazareno-serraino-lonko-y-maestro-de-la-lengua-ranquel\\\/#article\",\"isPartOf\":{\"@id\":\"https:\\\/\\\/diariotextual.com\\\/inicio\\\/index.php\\\/2021\\\/06\\\/02\\\/fallecio-de-covid-nazareno-serraino-lonko-y-maestro-de-la-lengua-ranquel\\\/\"},\"author\":{\"name\":\"Diario1 Diario1\",\"@id\":\"https:\\\/\\\/diariotextual.com\\\/inicio\\\/#\\\/schema\\\/person\\\/418fc4093c33e86ed41562db3508f958\"},\"headline\":\"Falleci\u00f3 v\u00edctima del covid Nazareno Serraino, lonko y maestro de la lengua ranquel\",\"datePublished\":\"2021-06-02T23:23:44+00:00\",\"dateModified\":\"2021-06-03T02:51:52+00:00\",\"mainEntityOfPage\":{\"@id\":\"https:\\\/\\\/diariotextual.com\\\/inicio\\\/index.php\\\/2021\\\/06\\\/02\\\/fallecio-de-covid-nazareno-serraino-lonko-y-maestro-de-la-lengua-ranquel\\\/\"},\"wordCount\":410,\"publisher\":{\"@id\":\"https:\\\/\\\/diariotextual.com\\\/inicio\\\/#organization\"},\"image\":{\"@id\":\"https:\\\/\\\/diariotextual.com\\\/inicio\\\/index.php\\\/2021\\\/06\\\/02\\\/fallecio-de-covid-nazareno-serraino-lonko-y-maestro-de-la-lengua-ranquel\\\/#primaryimage\"},\"thumbnailUrl\":\"https:\\\/\\\/diariotextual.com\\\/inicio\\\/wp-content\\\/uploads\\\/2021\\\/06\\\/serrainonazarenomaestroranquel08.jpg\",\"keywords\":[\"lonko\",\"serraino\"],\"articleSection\":[\"A - ES NOTICIA (van abajo)\",\"CULTURA\"],\"inLanguage\":\"es\"},{\"@type\":\"WebPage\",\"@id\":\"https:\\\/\\\/diariotextual.com\\\/inicio\\\/index.php\\\/2021\\\/06\\\/02\\\/fallecio-de-covid-nazareno-serraino-lonko-y-maestro-de-la-lengua-ranquel\\\/\",\"url\":\"https:\\\/\\\/diariotextual.com\\\/inicio\\\/index.php\\\/2021\\\/06\\\/02\\\/fallecio-de-covid-nazareno-serraino-lonko-y-maestro-de-la-lengua-ranquel\\\/\",\"name\":\"Falleci\u00f3 v\u00edctima del covid Nazareno Serraino, lonko y maestro de la lengua ranquel - Diario Textual\",\"isPartOf\":{\"@id\":\"https:\\\/\\\/diariotextual.com\\\/inicio\\\/#website\"},\"primaryImageOfPage\":{\"@id\":\"https:\\\/\\\/diariotextual.com\\\/inicio\\\/index.php\\\/2021\\\/06\\\/02\\\/fallecio-de-covid-nazareno-serraino-lonko-y-maestro-de-la-lengua-ranquel\\\/#primaryimage\"},\"image\":{\"@id\":\"https:\\\/\\\/diariotextual.com\\\/inicio\\\/index.php\\\/2021\\\/06\\\/02\\\/fallecio-de-covid-nazareno-serraino-lonko-y-maestro-de-la-lengua-ranquel\\\/#primaryimage\"},\"thumbnailUrl\":\"https:\\\/\\\/diariotextual.com\\\/inicio\\\/wp-content\\\/uploads\\\/2021\\\/06\\\/serrainonazarenomaestroranquel08.jpg\",\"datePublished\":\"2021-06-02T23:23:44+00:00\",\"dateModified\":\"2021-06-03T02:51:52+00:00\",\"breadcrumb\":{\"@id\":\"https:\\\/\\\/diariotextual.com\\\/inicio\\\/index.php\\\/2021\\\/06\\\/02\\\/fallecio-de-covid-nazareno-serraino-lonko-y-maestro-de-la-lengua-ranquel\\\/#breadcrumb\"},\"inLanguage\":\"es\",\"potentialAction\":[{\"@type\":\"ReadAction\",\"target\":[\"https:\\\/\\\/diariotextual.com\\\/inicio\\\/index.php\\\/2021\\\/06\\\/02\\\/fallecio-de-covid-nazareno-serraino-lonko-y-maestro-de-la-lengua-ranquel\\\/\"]}]},{\"@type\":\"ImageObject\",\"inLanguage\":\"es\",\"@id\":\"https:\\\/\\\/diariotextual.com\\\/inicio\\\/index.php\\\/2021\\\/06\\\/02\\\/fallecio-de-covid-nazareno-serraino-lonko-y-maestro-de-la-lengua-ranquel\\\/#primaryimage\",\"url\":\"https:\\\/\\\/diariotextual.com\\\/inicio\\\/wp-content\\\/uploads\\\/2021\\\/06\\\/serrainonazarenomaestroranquel08.jpg\",\"contentUrl\":\"https:\\\/\\\/diariotextual.com\\\/inicio\\\/wp-content\\\/uploads\\\/2021\\\/06\\\/serrainonazarenomaestroranquel08.jpg\",\"width\":640,\"height\":452},{\"@type\":\"BreadcrumbList\",\"@id\":\"https:\\\/\\\/diariotextual.com\\\/inicio\\\/index.php\\\/2021\\\/06\\\/02\\\/fallecio-de-covid-nazareno-serraino-lonko-y-maestro-de-la-lengua-ranquel\\\/#breadcrumb\",\"itemListElement\":[{\"@type\":\"ListItem\",\"position\":1,\"name\":\"Portada\",\"item\":\"https:\\\/\\\/diariotextual.com\\\/inicio\\\/\"},{\"@type\":\"ListItem\",\"position\":2,\"name\":\"Falleci\u00f3 v\u00edctima del covid Nazareno Serraino, lonko y maestro de la lengua ranquel\"}]},{\"@type\":\"WebSite\",\"@id\":\"https:\\\/\\\/diariotextual.com\\\/inicio\\\/#website\",\"url\":\"https:\\\/\\\/diariotextual.com\\\/inicio\\\/\",\"name\":\"Diario Textual\",\"description\":\"\",\"publisher\":{\"@id\":\"https:\\\/\\\/diariotextual.com\\\/inicio\\\/#organization\"},\"potentialAction\":[{\"@type\":\"SearchAction\",\"target\":{\"@type\":\"EntryPoint\",\"urlTemplate\":\"https:\\\/\\\/diariotextual.com\\\/inicio\\\/?s={search_term_string}\"},\"query-input\":{\"@type\":\"PropertyValueSpecification\",\"valueRequired\":true,\"valueName\":\"search_term_string\"}}],\"inLanguage\":\"es\"},{\"@type\":\"Organization\",\"@id\":\"https:\\\/\\\/diariotextual.com\\\/inicio\\\/#organization\",\"name\":\"Diario Textual\",\"url\":\"https:\\\/\\\/diariotextual.com\\\/inicio\\\/\",\"logo\":{\"@type\":\"ImageObject\",\"inLanguage\":\"es\",\"@id\":\"https:\\\/\\\/diariotextual.com\\\/inicio\\\/#\\\/schema\\\/logo\\\/image\\\/\",\"url\":\"https:\\\/\\\/diariotextual.com\\\/inicio\\\/wp-content\\\/uploads\\\/2023\\\/05\\\/logotextual1.jpg\",\"contentUrl\":\"https:\\\/\\\/diariotextual.com\\\/inicio\\\/wp-content\\\/uploads\\\/2023\\\/05\\\/logotextual1.jpg\",\"width\":516,\"height\":76,\"caption\":\"Diario Textual\"},\"image\":{\"@id\":\"https:\\\/\\\/diariotextual.com\\\/inicio\\\/#\\\/schema\\\/logo\\\/image\\\/\"},\"sameAs\":[\"https:\\\/\\\/www.facebook.com\\\/eltextual\",\"https:\\\/\\\/x.com\\\/eltextual\",\"http:\\\/\\\/www.instagram.com\\\/eltextual\"]},{\"@type\":\"Person\",\"@id\":\"https:\\\/\\\/diariotextual.com\\\/inicio\\\/#\\\/schema\\\/person\\\/418fc4093c33e86ed41562db3508f958\",\"name\":\"Diario1 Diario1\",\"image\":{\"@type\":\"ImageObject\",\"inLanguage\":\"es\",\"@id\":\"https:\\\/\\\/secure.gravatar.com\\\/avatar\\\/9167d280179c85bc18be67aa7eda765854300033af4896dd779b608640f2ef7a?s=96&d=mm&r=g\",\"url\":\"https:\\\/\\\/secure.gravatar.com\\\/avatar\\\/9167d280179c85bc18be67aa7eda765854300033af4896dd779b608640f2ef7a?s=96&d=mm&r=g\",\"contentUrl\":\"https:\\\/\\\/secure.gravatar.com\\\/avatar\\\/9167d280179c85bc18be67aa7eda765854300033af4896dd779b608640f2ef7a?s=96&d=mm&r=g\",\"caption\":\"Diario1 Diario1\"},\"url\":\"https:\\\/\\\/diariotextual.com\\\/inicio\\\/index.php\\\/author\\\/diario1\\\/\"}]}<\/script>\n<!-- \/ Yoast SEO plugin. -->","yoast_head_json":{"title":"Falleci\u00f3 v\u00edctima del covid Nazareno Serraino, lonko y maestro de la lengua ranquel - Diario Textual","robots":{"index":"index","follow":"follow","max-snippet":"max-snippet:-1","max-image-preview":"max-image-preview:large","max-video-preview":"max-video-preview:-1"},"canonical":"https:\/\/diariotextual.com\/inicio\/index.php\/2021\/06\/02\/fallecio-de-covid-nazareno-serraino-lonko-y-maestro-de-la-lengua-ranquel\/","og_locale":"es_ES","og_type":"article","og_title":"Falleci\u00f3 v\u00edctima del covid Nazareno Serraino, lonko y maestro de la lengua ranquel - Diario Textual","og_description":"Otra muerte que conmociona a La Pampa. En las \u00faltimas horas falleci\u00f3 v\u00edctima del coronavirus el lonko y maestro de la lengua ranquel Nazareno Serraino, a los 45 a\u00f1os. Pedro&hellip;","og_url":"https:\/\/diariotextual.com\/inicio\/index.php\/2021\/06\/02\/fallecio-de-covid-nazareno-serraino-lonko-y-maestro-de-la-lengua-ranquel\/","og_site_name":"Diario Textual","article_publisher":"https:\/\/www.facebook.com\/eltextual","article_published_time":"2021-06-02T23:23:44+00:00","article_modified_time":"2021-06-03T02:51:52+00:00","og_image":[{"width":640,"height":452,"url":"https:\/\/diariotextual.com\/inicio\/wp-content\/uploads\/2021\/06\/serrainonazarenomaestroranquel08.jpg","type":"image\/jpeg"}],"author":"Diario1 Diario1","twitter_card":"summary_large_image","twitter_creator":"@eltextual","twitter_site":"@eltextual","twitter_misc":{"Escrito por":"Diario1 Diario1","Tiempo de lectura":"3 minutos"},"schema":{"@context":"https:\/\/schema.org","@graph":[{"@type":"Article","@id":"https:\/\/diariotextual.com\/inicio\/index.php\/2021\/06\/02\/fallecio-de-covid-nazareno-serraino-lonko-y-maestro-de-la-lengua-ranquel\/#article","isPartOf":{"@id":"https:\/\/diariotextual.com\/inicio\/index.php\/2021\/06\/02\/fallecio-de-covid-nazareno-serraino-lonko-y-maestro-de-la-lengua-ranquel\/"},"author":{"name":"Diario1 Diario1","@id":"https:\/\/diariotextual.com\/inicio\/#\/schema\/person\/418fc4093c33e86ed41562db3508f958"},"headline":"Falleci\u00f3 v\u00edctima del covid Nazareno Serraino, lonko y maestro de la lengua ranquel","datePublished":"2021-06-02T23:23:44+00:00","dateModified":"2021-06-03T02:51:52+00:00","mainEntityOfPage":{"@id":"https:\/\/diariotextual.com\/inicio\/index.php\/2021\/06\/02\/fallecio-de-covid-nazareno-serraino-lonko-y-maestro-de-la-lengua-ranquel\/"},"wordCount":410,"publisher":{"@id":"https:\/\/diariotextual.com\/inicio\/#organization"},"image":{"@id":"https:\/\/diariotextual.com\/inicio\/index.php\/2021\/06\/02\/fallecio-de-covid-nazareno-serraino-lonko-y-maestro-de-la-lengua-ranquel\/#primaryimage"},"thumbnailUrl":"https:\/\/diariotextual.com\/inicio\/wp-content\/uploads\/2021\/06\/serrainonazarenomaestroranquel08.jpg","keywords":["lonko","serraino"],"articleSection":["A - ES NOTICIA (van abajo)","CULTURA"],"inLanguage":"es"},{"@type":"WebPage","@id":"https:\/\/diariotextual.com\/inicio\/index.php\/2021\/06\/02\/fallecio-de-covid-nazareno-serraino-lonko-y-maestro-de-la-lengua-ranquel\/","url":"https:\/\/diariotextual.com\/inicio\/index.php\/2021\/06\/02\/fallecio-de-covid-nazareno-serraino-lonko-y-maestro-de-la-lengua-ranquel\/","name":"Falleci\u00f3 v\u00edctima del covid Nazareno Serraino, lonko y maestro de la lengua ranquel - Diario Textual","isPartOf":{"@id":"https:\/\/diariotextual.com\/inicio\/#website"},"primaryImageOfPage":{"@id":"https:\/\/diariotextual.com\/inicio\/index.php\/2021\/06\/02\/fallecio-de-covid-nazareno-serraino-lonko-y-maestro-de-la-lengua-ranquel\/#primaryimage"},"image":{"@id":"https:\/\/diariotextual.com\/inicio\/index.php\/2021\/06\/02\/fallecio-de-covid-nazareno-serraino-lonko-y-maestro-de-la-lengua-ranquel\/#primaryimage"},"thumbnailUrl":"https:\/\/diariotextual.com\/inicio\/wp-content\/uploads\/2021\/06\/serrainonazarenomaestroranquel08.jpg","datePublished":"2021-06-02T23:23:44+00:00","dateModified":"2021-06-03T02:51:52+00:00","breadcrumb":{"@id":"https:\/\/diariotextual.com\/inicio\/index.php\/2021\/06\/02\/fallecio-de-covid-nazareno-serraino-lonko-y-maestro-de-la-lengua-ranquel\/#breadcrumb"},"inLanguage":"es","potentialAction":[{"@type":"ReadAction","target":["https:\/\/diariotextual.com\/inicio\/index.php\/2021\/06\/02\/fallecio-de-covid-nazareno-serraino-lonko-y-maestro-de-la-lengua-ranquel\/"]}]},{"@type":"ImageObject","inLanguage":"es","@id":"https:\/\/diariotextual.com\/inicio\/index.php\/2021\/06\/02\/fallecio-de-covid-nazareno-serraino-lonko-y-maestro-de-la-lengua-ranquel\/#primaryimage","url":"https:\/\/diariotextual.com\/inicio\/wp-content\/uploads\/2021\/06\/serrainonazarenomaestroranquel08.jpg","contentUrl":"https:\/\/diariotextual.com\/inicio\/wp-content\/uploads\/2021\/06\/serrainonazarenomaestroranquel08.jpg","width":640,"height":452},{"@type":"BreadcrumbList","@id":"https:\/\/diariotextual.com\/inicio\/index.php\/2021\/06\/02\/fallecio-de-covid-nazareno-serraino-lonko-y-maestro-de-la-lengua-ranquel\/#breadcrumb","itemListElement":[{"@type":"ListItem","position":1,"name":"Portada","item":"https:\/\/diariotextual.com\/inicio\/"},{"@type":"ListItem","position":2,"name":"Falleci\u00f3 v\u00edctima del covid Nazareno Serraino, lonko y maestro de la lengua ranquel"}]},{"@type":"WebSite","@id":"https:\/\/diariotextual.com\/inicio\/#website","url":"https:\/\/diariotextual.com\/inicio\/","name":"Diario Textual","description":"","publisher":{"@id":"https:\/\/diariotextual.com\/inicio\/#organization"},"potentialAction":[{"@type":"SearchAction","target":{"@type":"EntryPoint","urlTemplate":"https:\/\/diariotextual.com\/inicio\/?s={search_term_string}"},"query-input":{"@type":"PropertyValueSpecification","valueRequired":true,"valueName":"search_term_string"}}],"inLanguage":"es"},{"@type":"Organization","@id":"https:\/\/diariotextual.com\/inicio\/#organization","name":"Diario Textual","url":"https:\/\/diariotextual.com\/inicio\/","logo":{"@type":"ImageObject","inLanguage":"es","@id":"https:\/\/diariotextual.com\/inicio\/#\/schema\/logo\/image\/","url":"https:\/\/diariotextual.com\/inicio\/wp-content\/uploads\/2023\/05\/logotextual1.jpg","contentUrl":"https:\/\/diariotextual.com\/inicio\/wp-content\/uploads\/2023\/05\/logotextual1.jpg","width":516,"height":76,"caption":"Diario Textual"},"image":{"@id":"https:\/\/diariotextual.com\/inicio\/#\/schema\/logo\/image\/"},"sameAs":["https:\/\/www.facebook.com\/eltextual","https:\/\/x.com\/eltextual","http:\/\/www.instagram.com\/eltextual"]},{"@type":"Person","@id":"https:\/\/diariotextual.com\/inicio\/#\/schema\/person\/418fc4093c33e86ed41562db3508f958","name":"Diario1 Diario1","image":{"@type":"ImageObject","inLanguage":"es","@id":"https:\/\/secure.gravatar.com\/avatar\/9167d280179c85bc18be67aa7eda765854300033af4896dd779b608640f2ef7a?s=96&d=mm&r=g","url":"https:\/\/secure.gravatar.com\/avatar\/9167d280179c85bc18be67aa7eda765854300033af4896dd779b608640f2ef7a?s=96&d=mm&r=g","contentUrl":"https:\/\/secure.gravatar.com\/avatar\/9167d280179c85bc18be67aa7eda765854300033af4896dd779b608640f2ef7a?s=96&d=mm&r=g","caption":"Diario1 Diario1"},"url":"https:\/\/diariotextual.com\/inicio\/index.php\/author\/diario1\/"}]}},"_links":{"self":[{"href":"https:\/\/diariotextual.com\/inicio\/index.php\/wp-json\/wp\/v2\/posts\/148692","targetHints":{"allow":["GET"]}}],"collection":[{"href":"https:\/\/diariotextual.com\/inicio\/index.php\/wp-json\/wp\/v2\/posts"}],"about":[{"href":"https:\/\/diariotextual.com\/inicio\/index.php\/wp-json\/wp\/v2\/types\/post"}],"author":[{"embeddable":true,"href":"https:\/\/diariotextual.com\/inicio\/index.php\/wp-json\/wp\/v2\/users\/3"}],"replies":[{"embeddable":true,"href":"https:\/\/diariotextual.com\/inicio\/index.php\/wp-json\/wp\/v2\/comments?post=148692"}],"version-history":[{"count":15,"href":"https:\/\/diariotextual.com\/inicio\/index.php\/wp-json\/wp\/v2\/posts\/148692\/revisions"}],"predecessor-version":[{"id":148722,"href":"https:\/\/diariotextual.com\/inicio\/index.php\/wp-json\/wp\/v2\/posts\/148692\/revisions\/148722"}],"wp:featuredmedia":[{"embeddable":true,"href":"https:\/\/diariotextual.com\/inicio\/index.php\/wp-json\/wp\/v2\/media\/148712"}],"wp:attachment":[{"href":"https:\/\/diariotextual.com\/inicio\/index.php\/wp-json\/wp\/v2\/media?parent=148692"}],"wp:term":[{"taxonomy":"category","embeddable":true,"href":"https:\/\/diariotextual.com\/inicio\/index.php\/wp-json\/wp\/v2\/categories?post=148692"},{"taxonomy":"post_tag","embeddable":true,"href":"https:\/\/diariotextual.com\/inicio\/index.php\/wp-json\/wp\/v2\/tags?post=148692"}],"curies":[{"name":"wp","href":"https:\/\/api.w.org\/{rel}","templated":true}]}}