{"id":148847,"date":"2021-06-03T19:16:03","date_gmt":"2021-06-03T22:16:03","guid":{"rendered":"https:\/\/diariotextual.com\/inicio\/?p=148847"},"modified":"2021-06-03T23:17:59","modified_gmt":"2021-06-04T02:17:59","slug":"el-gobierno-porteno-confirmo-que-no-pudo-comprar-vacunas-contra-el-covid-y-descoloco-a-la-oposicion-pampeana","status":"publish","type":"post","link":"https:\/\/diariotextual.com\/inicio\/index.php\/2021\/06\/03\/el-gobierno-porteno-confirmo-que-no-pudo-comprar-vacunas-contra-el-covid-y-descoloco-a-la-oposicion-pampeana\/","title":{"rendered":"El Gobierno porte\u00f1o confirm\u00f3 que no pudo comprar vacunas contra el covid y descoloc\u00f3 a la oposici\u00f3n pampeana"},"content":{"rendered":"\n<p>El Gobierno macrista de <strong>Horacio Rodr\u00edguez Larreta<\/strong> confirm\u00f3 que fracas\u00f3 y no pudo comprar vacunas contra el coronavirus.<\/p>\n\n\n\n<p>El ministro de Salud porte\u00f1o, <strong>Fern\u00e1n Quir\u00f3s<\/strong>, asegur\u00f3 que el Gobierno de la ciudad de<strong> Buenos Aires inici\u00f3 gestiones para comprar vacunas contra el coronavirus pero los laboratorios les informaron que \u201ca\u00fan no hab\u00edan podido cumplir con los compromisos con los Estados nacionales\u201d y no pod\u00edan firmar contratos con \u201cEstados subnacionales\u201d<\/strong>.<\/p>\n\n\n\n<p>La relevaci\u00f3n de Quir\u00f3s dej\u00f3 <strong>mal parados <\/strong>a los dirigentes pampeanos de la <strong>UCR, PRO, MID y Mofepa<\/strong> que vienen reclamando, desde hace unos quince d\u00edas, que el gobernador <strong>Sergio Ziliotto <\/strong>salga a comprar vacunas.<\/p>\n\n\n\n<p>Es que el ministro porte\u00f1o confirm\u00f3 lo expresado por Ziliotto: hace unos diez d\u00edas,<strong> el gobernador pampeano dijo que ten\u00eda el dinero para comprar las vacunas, pero que, ante la escasez de dosis, los laboratorios venden solo a Estados nacionales<\/strong>. Es decir, sostuvo, los laboratorios no est\u00e1n vendiendo a provincias. Al menos en el corto plazo.<\/p>\n\n\n\n<p>\u201cNosotros desde el primer d\u00eda nos relacionamos con todos los fabricantes de vacunas del mundo\u201d, dijo Quir\u00f3s en una entrevista que brind\u00f3 al canal Am\u00e9rica TV.<\/p>\n\n\n\n<p>\u201cLas empresas privadas que en ese momento ten\u00edan vacunas, que son 3, contestaron las 3 que a\u00fan no hab\u00edan podido cumplir con los compromisos con los Estados nacionales, por lo cual hasta que no terminen esos compromisos no pod\u00edan dialogar sobre los nuevos compromisos con Estados subnacionales\u201d, dijo. \u201cEfectivamente es una pol\u00edtica global de esas empresas en el mundo\u00bb, sostuvo, y a\u00f1adi\u00f3 que \u00abestamos explorando todas las posibilidades que hay, no solo para el corto plazo, porque ahora en el corto plazo hay cierto flujo de vacunas, sino adem\u00e1s para ser una opci\u00f3n m\u00e1s en la compra en el mediano y en el largo plazo\u201d.<\/p>\n\n\n\n<figure class=\"wp-block-embed is-type-wp-embed is-provider-diario-textual wp-block-embed-diario-textual\"><div class=\"wp-block-embed__wrapper\">\n<blockquote class=\"wp-embedded-content\" data-secret=\"cloK2jXtEv\"><a href=\"https:\/\/diariotextual.com\/inicio\/index.php\/2021\/06\/03\/covid-la-pampa-alcanza-a-vacunar-este-jueves-a-100-mil-personas\/\">Covid: La Pampa ya vacun\u00f3 a 100 mil personas<\/a><\/blockquote><iframe class=\"wp-embedded-content\" sandbox=\"allow-scripts\" security=\"restricted\" style=\"position: absolute; clip: rect(1px, 1px, 1px, 1px);\" title=\"\u00abCovid: La Pampa ya vacun\u00f3 a 100 mil personas\u00bb \u2014 Diario Textual\" src=\"https:\/\/diariotextual.com\/inicio\/index.php\/2021\/06\/03\/covid-la-pampa-alcanza-a-vacunar-este-jueves-a-100-mil-personas\/embed\/#?secret=cloK2jXtEv\" data-secret=\"cloK2jXtEv\" width=\"600\" height=\"338\" frameborder=\"0\" marginwidth=\"0\" marginheight=\"0\" scrolling=\"no\"><\/iframe>\n<\/div><\/figure>\n\n\n\n<p>De esta manera, Quir\u00f3s coincidi\u00f3 con las informaciones brindadas por el Gobierno nacional acerca de las negociaciones que desarrollan las diversas jurisdicciones para comprar vacunas y los inconvenientes para rubricar contratos, especialmente por la provisi\u00f3n de los medicamentos.<\/p>\n\n\n\n<p>Por lo pronto, en La Pampa, los\u00a0<strong>enfermeros\u00a0<\/strong>y las\u00a0<strong>enfermeras\u00a0<\/strong>de los<strong>\u00a0102 vacunatorios<\/strong>\u00a0de la provincia alcanzaron este jueves la cifra de<strong>\u00a0100 mil<\/strong>\u00a0pampeanos con\u00a0<strong>la primera dosis contra el coronavirus<\/strong>. Este<strong>\u00a0hito<\/strong>, en\u00a0<strong>el mayor plan de vacunaci\u00f3n\u00a0<\/strong>en La Pampa, se\u00a0<strong>cumpli\u00f3 pasado el mediod\u00eda<\/strong>.<\/p>\n\n\n\n<p>La Pampa, la provincia que est\u00e1 vacunando con mayor velocidad,<strong>&nbsp;ya tiene inmunizada a cerca del 30 por ciento de la poblaci\u00f3n.<\/strong><\/p>\n\n\n\n<p>Se trata de 100 mil pampeanos con la primera dosis y, de ellos, unos 37.500 con la segunda.<\/p>\n\n\n\n<p>De esta manera, se encuentra cada vez m\u00e1s cerca la posibilidad de vacunar con una dosis a la \u201cpoblaci\u00f3n objetivo\u201d establecida hace seis meses en&nbsp;<strong>113.200<\/strong>&nbsp;personas.&nbsp;<strong>Se trata de personal de Salud -que ya hace un tiempo est\u00e1 totalmente vacunado-, polic\u00edas, docentes, mayores de 60 a\u00f1os y personas de entre 18 y 59 a\u00f1os con comorbilidades.<\/strong><\/p>\n\n\n\n<p>Esa&nbsp;<strong>\u201cpoblaci\u00f3n target\u201d<\/strong>&nbsp;podr\u00eda estar vacunada de siete a 10 d\u00edas, si siguen llegando vacunas.<\/p>\n","protected":false},"excerpt":{"rendered":"<p>El Gobierno macrista de Horacio Rodr\u00edguez Larreta confirm\u00f3 que fracas\u00f3 y no pudo comprar vacunas contra el coronavirus. El ministro de Salud porte\u00f1o, Fern\u00e1n Quir\u00f3s, asegur\u00f3 que el Gobierno de&hellip;<\/p>\n","protected":false},"author":3,"featured_media":98797,"comment_status":"closed","ping_status":"open","sticky":false,"template":"","format":"standard","meta":{"_acf_changed":false,"footnotes":""},"categories":[10,8],"tags":[3443],"class_list":["post-148847","post","type-post","status-publish","format-standard","has-post-thumbnail","hentry","category-portada-2","category-politica","tag-quiros"],"acf":[],"yoast_head":"<!-- This site is optimized with the Yoast SEO plugin v27.5 - https:\/\/yoast.com\/product\/yoast-seo-wordpress\/ -->\n<title>El Gobierno porte\u00f1o confirm\u00f3 que no pudo comprar vacunas contra el covid y descoloc\u00f3 a la oposici\u00f3n pampeana - Diario Textual<\/title>\n<meta name=\"robots\" content=\"index, follow, max-snippet:-1, max-image-preview:large, max-video-preview:-1\" \/>\n<link rel=\"canonical\" href=\"https:\/\/diariotextual.com\/inicio\/index.php\/2021\/06\/03\/el-gobierno-porteno-confirmo-que-no-pudo-comprar-vacunas-contra-el-covid-y-descoloco-a-la-oposicion-pampeana\/\" \/>\n<meta property=\"og:locale\" content=\"es_ES\" \/>\n<meta property=\"og:type\" content=\"article\" \/>\n<meta property=\"og:title\" content=\"El Gobierno porte\u00f1o confirm\u00f3 que no pudo comprar vacunas contra el covid y descoloc\u00f3 a la oposici\u00f3n pampeana - Diario Textual\" \/>\n<meta property=\"og:description\" content=\"El Gobierno macrista de Horacio Rodr\u00edguez Larreta confirm\u00f3 que fracas\u00f3 y no pudo comprar vacunas contra el coronavirus. El ministro de Salud porte\u00f1o, Fern\u00e1n Quir\u00f3s, asegur\u00f3 que el Gobierno de&hellip;\" \/>\n<meta property=\"og:url\" content=\"https:\/\/diariotextual.com\/inicio\/index.php\/2021\/06\/03\/el-gobierno-porteno-confirmo-que-no-pudo-comprar-vacunas-contra-el-covid-y-descoloco-a-la-oposicion-pampeana\/\" \/>\n<meta property=\"og:site_name\" content=\"Diario Textual\" \/>\n<meta property=\"article:publisher\" content=\"https:\/\/www.facebook.com\/eltextual\" \/>\n<meta property=\"article:published_time\" content=\"2021-06-03T22:16:03+00:00\" \/>\n<meta property=\"article:modified_time\" content=\"2021-06-04T02:17:59+00:00\" \/>\n<meta property=\"og:image\" content=\"https:\/\/diariotextual.com\/inicio\/wp-content\/uploads\/2020\/06\/rodriguezlarretaquiros.png\" \/>\n\t<meta property=\"og:image:width\" content=\"700\" \/>\n\t<meta property=\"og:image:height\" content=\"394\" \/>\n\t<meta property=\"og:image:type\" content=\"image\/png\" \/>\n<meta name=\"author\" content=\"Diario1 Diario1\" \/>\n<meta name=\"twitter:card\" content=\"summary_large_image\" \/>\n<meta name=\"twitter:creator\" content=\"@eltextual\" \/>\n<meta name=\"twitter:site\" content=\"@eltextual\" \/>\n<meta name=\"twitter:label1\" content=\"Escrito por\" \/>\n\t<meta name=\"twitter:data1\" content=\"Diario1 Diario1\" \/>\n\t<meta name=\"twitter:label2\" content=\"Tiempo de lectura\" \/>\n\t<meta name=\"twitter:data2\" content=\"3 minutos\" \/>\n<script type=\"application\/ld+json\" class=\"yoast-schema-graph\">{\"@context\":\"https:\\\/\\\/schema.org\",\"@graph\":[{\"@type\":\"Article\",\"@id\":\"https:\\\/\\\/diariotextual.com\\\/inicio\\\/index.php\\\/2021\\\/06\\\/03\\\/el-gobierno-porteno-confirmo-que-no-pudo-comprar-vacunas-contra-el-covid-y-descoloco-a-la-oposicion-pampeana\\\/#article\",\"isPartOf\":{\"@id\":\"https:\\\/\\\/diariotextual.com\\\/inicio\\\/index.php\\\/2021\\\/06\\\/03\\\/el-gobierno-porteno-confirmo-que-no-pudo-comprar-vacunas-contra-el-covid-y-descoloco-a-la-oposicion-pampeana\\\/\"},\"author\":{\"name\":\"Diario1 Diario1\",\"@id\":\"https:\\\/\\\/diariotextual.com\\\/inicio\\\/#\\\/schema\\\/person\\\/418fc4093c33e86ed41562db3508f958\"},\"headline\":\"El Gobierno porte\u00f1o confirm\u00f3 que no pudo comprar vacunas contra el covid y descoloc\u00f3 a la oposici\u00f3n pampeana\",\"datePublished\":\"2021-06-03T22:16:03+00:00\",\"dateModified\":\"2021-06-04T02:17:59+00:00\",\"mainEntityOfPage\":{\"@id\":\"https:\\\/\\\/diariotextual.com\\\/inicio\\\/index.php\\\/2021\\\/06\\\/03\\\/el-gobierno-porteno-confirmo-que-no-pudo-comprar-vacunas-contra-el-covid-y-descoloco-a-la-oposicion-pampeana\\\/\"},\"wordCount\":552,\"publisher\":{\"@id\":\"https:\\\/\\\/diariotextual.com\\\/inicio\\\/#organization\"},\"image\":{\"@id\":\"https:\\\/\\\/diariotextual.com\\\/inicio\\\/index.php\\\/2021\\\/06\\\/03\\\/el-gobierno-porteno-confirmo-que-no-pudo-comprar-vacunas-contra-el-covid-y-descoloco-a-la-oposicion-pampeana\\\/#primaryimage\"},\"thumbnailUrl\":\"https:\\\/\\\/diariotextual.com\\\/inicio\\\/wp-content\\\/uploads\\\/2020\\\/06\\\/rodriguezlarretaquiros.png\",\"keywords\":[\"Quir\u00f3s\"],\"articleSection\":[\"A - PORTADA2\",\"POLITICA\"],\"inLanguage\":\"es\"},{\"@type\":\"WebPage\",\"@id\":\"https:\\\/\\\/diariotextual.com\\\/inicio\\\/index.php\\\/2021\\\/06\\\/03\\\/el-gobierno-porteno-confirmo-que-no-pudo-comprar-vacunas-contra-el-covid-y-descoloco-a-la-oposicion-pampeana\\\/\",\"url\":\"https:\\\/\\\/diariotextual.com\\\/inicio\\\/index.php\\\/2021\\\/06\\\/03\\\/el-gobierno-porteno-confirmo-que-no-pudo-comprar-vacunas-contra-el-covid-y-descoloco-a-la-oposicion-pampeana\\\/\",\"name\":\"El Gobierno porte\u00f1o confirm\u00f3 que no pudo comprar vacunas contra el covid y descoloc\u00f3 a la oposici\u00f3n pampeana - Diario Textual\",\"isPartOf\":{\"@id\":\"https:\\\/\\\/diariotextual.com\\\/inicio\\\/#website\"},\"primaryImageOfPage\":{\"@id\":\"https:\\\/\\\/diariotextual.com\\\/inicio\\\/index.php\\\/2021\\\/06\\\/03\\\/el-gobierno-porteno-confirmo-que-no-pudo-comprar-vacunas-contra-el-covid-y-descoloco-a-la-oposicion-pampeana\\\/#primaryimage\"},\"image\":{\"@id\":\"https:\\\/\\\/diariotextual.com\\\/inicio\\\/index.php\\\/2021\\\/06\\\/03\\\/el-gobierno-porteno-confirmo-que-no-pudo-comprar-vacunas-contra-el-covid-y-descoloco-a-la-oposicion-pampeana\\\/#primaryimage\"},\"thumbnailUrl\":\"https:\\\/\\\/diariotextual.com\\\/inicio\\\/wp-content\\\/uploads\\\/2020\\\/06\\\/rodriguezlarretaquiros.png\",\"datePublished\":\"2021-06-03T22:16:03+00:00\",\"dateModified\":\"2021-06-04T02:17:59+00:00\",\"breadcrumb\":{\"@id\":\"https:\\\/\\\/diariotextual.com\\\/inicio\\\/index.php\\\/2021\\\/06\\\/03\\\/el-gobierno-porteno-confirmo-que-no-pudo-comprar-vacunas-contra-el-covid-y-descoloco-a-la-oposicion-pampeana\\\/#breadcrumb\"},\"inLanguage\":\"es\",\"potentialAction\":[{\"@type\":\"ReadAction\",\"target\":[\"https:\\\/\\\/diariotextual.com\\\/inicio\\\/index.php\\\/2021\\\/06\\\/03\\\/el-gobierno-porteno-confirmo-que-no-pudo-comprar-vacunas-contra-el-covid-y-descoloco-a-la-oposicion-pampeana\\\/\"]}]},{\"@type\":\"ImageObject\",\"inLanguage\":\"es\",\"@id\":\"https:\\\/\\\/diariotextual.com\\\/inicio\\\/index.php\\\/2021\\\/06\\\/03\\\/el-gobierno-porteno-confirmo-que-no-pudo-comprar-vacunas-contra-el-covid-y-descoloco-a-la-oposicion-pampeana\\\/#primaryimage\",\"url\":\"https:\\\/\\\/diariotextual.com\\\/inicio\\\/wp-content\\\/uploads\\\/2020\\\/06\\\/rodriguezlarretaquiros.png\",\"contentUrl\":\"https:\\\/\\\/diariotextual.com\\\/inicio\\\/wp-content\\\/uploads\\\/2020\\\/06\\\/rodriguezlarretaquiros.png\",\"width\":700,\"height\":394},{\"@type\":\"BreadcrumbList\",\"@id\":\"https:\\\/\\\/diariotextual.com\\\/inicio\\\/index.php\\\/2021\\\/06\\\/03\\\/el-gobierno-porteno-confirmo-que-no-pudo-comprar-vacunas-contra-el-covid-y-descoloco-a-la-oposicion-pampeana\\\/#breadcrumb\",\"itemListElement\":[{\"@type\":\"ListItem\",\"position\":1,\"name\":\"Portada\",\"item\":\"https:\\\/\\\/diariotextual.com\\\/inicio\\\/\"},{\"@type\":\"ListItem\",\"position\":2,\"name\":\"El Gobierno porte\u00f1o confirm\u00f3 que no pudo comprar vacunas contra el covid y descoloc\u00f3 a la oposici\u00f3n pampeana\"}]},{\"@type\":\"WebSite\",\"@id\":\"https:\\\/\\\/diariotextual.com\\\/inicio\\\/#website\",\"url\":\"https:\\\/\\\/diariotextual.com\\\/inicio\\\/\",\"name\":\"Diario Textual\",\"description\":\"\",\"publisher\":{\"@id\":\"https:\\\/\\\/diariotextual.com\\\/inicio\\\/#organization\"},\"potentialAction\":[{\"@type\":\"SearchAction\",\"target\":{\"@type\":\"EntryPoint\",\"urlTemplate\":\"https:\\\/\\\/diariotextual.com\\\/inicio\\\/?s={search_term_string}\"},\"query-input\":{\"@type\":\"PropertyValueSpecification\",\"valueRequired\":true,\"valueName\":\"search_term_string\"}}],\"inLanguage\":\"es\"},{\"@type\":\"Organization\",\"@id\":\"https:\\\/\\\/diariotextual.com\\\/inicio\\\/#organization\",\"name\":\"Diario Textual\",\"url\":\"https:\\\/\\\/diariotextual.com\\\/inicio\\\/\",\"logo\":{\"@type\":\"ImageObject\",\"inLanguage\":\"es\",\"@id\":\"https:\\\/\\\/diariotextual.com\\\/inicio\\\/#\\\/schema\\\/logo\\\/image\\\/\",\"url\":\"https:\\\/\\\/diariotextual.com\\\/inicio\\\/wp-content\\\/uploads\\\/2023\\\/05\\\/logotextual1.jpg\",\"contentUrl\":\"https:\\\/\\\/diariotextual.com\\\/inicio\\\/wp-content\\\/uploads\\\/2023\\\/05\\\/logotextual1.jpg\",\"width\":516,\"height\":76,\"caption\":\"Diario Textual\"},\"image\":{\"@id\":\"https:\\\/\\\/diariotextual.com\\\/inicio\\\/#\\\/schema\\\/logo\\\/image\\\/\"},\"sameAs\":[\"https:\\\/\\\/www.facebook.com\\\/eltextual\",\"https:\\\/\\\/x.com\\\/eltextual\",\"http:\\\/\\\/www.instagram.com\\\/eltextual\"]},{\"@type\":\"Person\",\"@id\":\"https:\\\/\\\/diariotextual.com\\\/inicio\\\/#\\\/schema\\\/person\\\/418fc4093c33e86ed41562db3508f958\",\"name\":\"Diario1 Diario1\",\"image\":{\"@type\":\"ImageObject\",\"inLanguage\":\"es\",\"@id\":\"https:\\\/\\\/secure.gravatar.com\\\/avatar\\\/9167d280179c85bc18be67aa7eda765854300033af4896dd779b608640f2ef7a?s=96&d=mm&r=g\",\"url\":\"https:\\\/\\\/secure.gravatar.com\\\/avatar\\\/9167d280179c85bc18be67aa7eda765854300033af4896dd779b608640f2ef7a?s=96&d=mm&r=g\",\"contentUrl\":\"https:\\\/\\\/secure.gravatar.com\\\/avatar\\\/9167d280179c85bc18be67aa7eda765854300033af4896dd779b608640f2ef7a?s=96&d=mm&r=g\",\"caption\":\"Diario1 Diario1\"},\"url\":\"https:\\\/\\\/diariotextual.com\\\/inicio\\\/index.php\\\/author\\\/diario1\\\/\"}]}<\/script>\n<!-- \/ Yoast SEO plugin. -->","yoast_head_json":{"title":"El Gobierno porte\u00f1o confirm\u00f3 que no pudo comprar vacunas contra el covid y descoloc\u00f3 a la oposici\u00f3n pampeana - Diario Textual","robots":{"index":"index","follow":"follow","max-snippet":"max-snippet:-1","max-image-preview":"max-image-preview:large","max-video-preview":"max-video-preview:-1"},"canonical":"https:\/\/diariotextual.com\/inicio\/index.php\/2021\/06\/03\/el-gobierno-porteno-confirmo-que-no-pudo-comprar-vacunas-contra-el-covid-y-descoloco-a-la-oposicion-pampeana\/","og_locale":"es_ES","og_type":"article","og_title":"El Gobierno porte\u00f1o confirm\u00f3 que no pudo comprar vacunas contra el covid y descoloc\u00f3 a la oposici\u00f3n pampeana - Diario Textual","og_description":"El Gobierno macrista de Horacio Rodr\u00edguez Larreta confirm\u00f3 que fracas\u00f3 y no pudo comprar vacunas contra el coronavirus. El ministro de Salud porte\u00f1o, Fern\u00e1n Quir\u00f3s, asegur\u00f3 que el Gobierno de&hellip;","og_url":"https:\/\/diariotextual.com\/inicio\/index.php\/2021\/06\/03\/el-gobierno-porteno-confirmo-que-no-pudo-comprar-vacunas-contra-el-covid-y-descoloco-a-la-oposicion-pampeana\/","og_site_name":"Diario Textual","article_publisher":"https:\/\/www.facebook.com\/eltextual","article_published_time":"2021-06-03T22:16:03+00:00","article_modified_time":"2021-06-04T02:17:59+00:00","og_image":[{"width":700,"height":394,"url":"https:\/\/diariotextual.com\/inicio\/wp-content\/uploads\/2020\/06\/rodriguezlarretaquiros.png","type":"image\/png"}],"author":"Diario1 Diario1","twitter_card":"summary_large_image","twitter_creator":"@eltextual","twitter_site":"@eltextual","twitter_misc":{"Escrito por":"Diario1 Diario1","Tiempo de lectura":"3 minutos"},"schema":{"@context":"https:\/\/schema.org","@graph":[{"@type":"Article","@id":"https:\/\/diariotextual.com\/inicio\/index.php\/2021\/06\/03\/el-gobierno-porteno-confirmo-que-no-pudo-comprar-vacunas-contra-el-covid-y-descoloco-a-la-oposicion-pampeana\/#article","isPartOf":{"@id":"https:\/\/diariotextual.com\/inicio\/index.php\/2021\/06\/03\/el-gobierno-porteno-confirmo-que-no-pudo-comprar-vacunas-contra-el-covid-y-descoloco-a-la-oposicion-pampeana\/"},"author":{"name":"Diario1 Diario1","@id":"https:\/\/diariotextual.com\/inicio\/#\/schema\/person\/418fc4093c33e86ed41562db3508f958"},"headline":"El Gobierno porte\u00f1o confirm\u00f3 que no pudo comprar vacunas contra el covid y descoloc\u00f3 a la oposici\u00f3n pampeana","datePublished":"2021-06-03T22:16:03+00:00","dateModified":"2021-06-04T02:17:59+00:00","mainEntityOfPage":{"@id":"https:\/\/diariotextual.com\/inicio\/index.php\/2021\/06\/03\/el-gobierno-porteno-confirmo-que-no-pudo-comprar-vacunas-contra-el-covid-y-descoloco-a-la-oposicion-pampeana\/"},"wordCount":552,"publisher":{"@id":"https:\/\/diariotextual.com\/inicio\/#organization"},"image":{"@id":"https:\/\/diariotextual.com\/inicio\/index.php\/2021\/06\/03\/el-gobierno-porteno-confirmo-que-no-pudo-comprar-vacunas-contra-el-covid-y-descoloco-a-la-oposicion-pampeana\/#primaryimage"},"thumbnailUrl":"https:\/\/diariotextual.com\/inicio\/wp-content\/uploads\/2020\/06\/rodriguezlarretaquiros.png","keywords":["Quir\u00f3s"],"articleSection":["A - PORTADA2","POLITICA"],"inLanguage":"es"},{"@type":"WebPage","@id":"https:\/\/diariotextual.com\/inicio\/index.php\/2021\/06\/03\/el-gobierno-porteno-confirmo-que-no-pudo-comprar-vacunas-contra-el-covid-y-descoloco-a-la-oposicion-pampeana\/","url":"https:\/\/diariotextual.com\/inicio\/index.php\/2021\/06\/03\/el-gobierno-porteno-confirmo-que-no-pudo-comprar-vacunas-contra-el-covid-y-descoloco-a-la-oposicion-pampeana\/","name":"El Gobierno porte\u00f1o confirm\u00f3 que no pudo comprar vacunas contra el covid y descoloc\u00f3 a la oposici\u00f3n pampeana - Diario Textual","isPartOf":{"@id":"https:\/\/diariotextual.com\/inicio\/#website"},"primaryImageOfPage":{"@id":"https:\/\/diariotextual.com\/inicio\/index.php\/2021\/06\/03\/el-gobierno-porteno-confirmo-que-no-pudo-comprar-vacunas-contra-el-covid-y-descoloco-a-la-oposicion-pampeana\/#primaryimage"},"image":{"@id":"https:\/\/diariotextual.com\/inicio\/index.php\/2021\/06\/03\/el-gobierno-porteno-confirmo-que-no-pudo-comprar-vacunas-contra-el-covid-y-descoloco-a-la-oposicion-pampeana\/#primaryimage"},"thumbnailUrl":"https:\/\/diariotextual.com\/inicio\/wp-content\/uploads\/2020\/06\/rodriguezlarretaquiros.png","datePublished":"2021-06-03T22:16:03+00:00","dateModified":"2021-06-04T02:17:59+00:00","breadcrumb":{"@id":"https:\/\/diariotextual.com\/inicio\/index.php\/2021\/06\/03\/el-gobierno-porteno-confirmo-que-no-pudo-comprar-vacunas-contra-el-covid-y-descoloco-a-la-oposicion-pampeana\/#breadcrumb"},"inLanguage":"es","potentialAction":[{"@type":"ReadAction","target":["https:\/\/diariotextual.com\/inicio\/index.php\/2021\/06\/03\/el-gobierno-porteno-confirmo-que-no-pudo-comprar-vacunas-contra-el-covid-y-descoloco-a-la-oposicion-pampeana\/"]}]},{"@type":"ImageObject","inLanguage":"es","@id":"https:\/\/diariotextual.com\/inicio\/index.php\/2021\/06\/03\/el-gobierno-porteno-confirmo-que-no-pudo-comprar-vacunas-contra-el-covid-y-descoloco-a-la-oposicion-pampeana\/#primaryimage","url":"https:\/\/diariotextual.com\/inicio\/wp-content\/uploads\/2020\/06\/rodriguezlarretaquiros.png","contentUrl":"https:\/\/diariotextual.com\/inicio\/wp-content\/uploads\/2020\/06\/rodriguezlarretaquiros.png","width":700,"height":394},{"@type":"BreadcrumbList","@id":"https:\/\/diariotextual.com\/inicio\/index.php\/2021\/06\/03\/el-gobierno-porteno-confirmo-que-no-pudo-comprar-vacunas-contra-el-covid-y-descoloco-a-la-oposicion-pampeana\/#breadcrumb","itemListElement":[{"@type":"ListItem","position":1,"name":"Portada","item":"https:\/\/diariotextual.com\/inicio\/"},{"@type":"ListItem","position":2,"name":"El Gobierno porte\u00f1o confirm\u00f3 que no pudo comprar vacunas contra el covid y descoloc\u00f3 a la oposici\u00f3n pampeana"}]},{"@type":"WebSite","@id":"https:\/\/diariotextual.com\/inicio\/#website","url":"https:\/\/diariotextual.com\/inicio\/","name":"Diario Textual","description":"","publisher":{"@id":"https:\/\/diariotextual.com\/inicio\/#organization"},"potentialAction":[{"@type":"SearchAction","target":{"@type":"EntryPoint","urlTemplate":"https:\/\/diariotextual.com\/inicio\/?s={search_term_string}"},"query-input":{"@type":"PropertyValueSpecification","valueRequired":true,"valueName":"search_term_string"}}],"inLanguage":"es"},{"@type":"Organization","@id":"https:\/\/diariotextual.com\/inicio\/#organization","name":"Diario Textual","url":"https:\/\/diariotextual.com\/inicio\/","logo":{"@type":"ImageObject","inLanguage":"es","@id":"https:\/\/diariotextual.com\/inicio\/#\/schema\/logo\/image\/","url":"https:\/\/diariotextual.com\/inicio\/wp-content\/uploads\/2023\/05\/logotextual1.jpg","contentUrl":"https:\/\/diariotextual.com\/inicio\/wp-content\/uploads\/2023\/05\/logotextual1.jpg","width":516,"height":76,"caption":"Diario Textual"},"image":{"@id":"https:\/\/diariotextual.com\/inicio\/#\/schema\/logo\/image\/"},"sameAs":["https:\/\/www.facebook.com\/eltextual","https:\/\/x.com\/eltextual","http:\/\/www.instagram.com\/eltextual"]},{"@type":"Person","@id":"https:\/\/diariotextual.com\/inicio\/#\/schema\/person\/418fc4093c33e86ed41562db3508f958","name":"Diario1 Diario1","image":{"@type":"ImageObject","inLanguage":"es","@id":"https:\/\/secure.gravatar.com\/avatar\/9167d280179c85bc18be67aa7eda765854300033af4896dd779b608640f2ef7a?s=96&d=mm&r=g","url":"https:\/\/secure.gravatar.com\/avatar\/9167d280179c85bc18be67aa7eda765854300033af4896dd779b608640f2ef7a?s=96&d=mm&r=g","contentUrl":"https:\/\/secure.gravatar.com\/avatar\/9167d280179c85bc18be67aa7eda765854300033af4896dd779b608640f2ef7a?s=96&d=mm&r=g","caption":"Diario1 Diario1"},"url":"https:\/\/diariotextual.com\/inicio\/index.php\/author\/diario1\/"}]}},"_links":{"self":[{"href":"https:\/\/diariotextual.com\/inicio\/index.php\/wp-json\/wp\/v2\/posts\/148847","targetHints":{"allow":["GET"]}}],"collection":[{"href":"https:\/\/diariotextual.com\/inicio\/index.php\/wp-json\/wp\/v2\/posts"}],"about":[{"href":"https:\/\/diariotextual.com\/inicio\/index.php\/wp-json\/wp\/v2\/types\/post"}],"author":[{"embeddable":true,"href":"https:\/\/diariotextual.com\/inicio\/index.php\/wp-json\/wp\/v2\/users\/3"}],"replies":[{"embeddable":true,"href":"https:\/\/diariotextual.com\/inicio\/index.php\/wp-json\/wp\/v2\/comments?post=148847"}],"version-history":[{"count":6,"href":"https:\/\/diariotextual.com\/inicio\/index.php\/wp-json\/wp\/v2\/posts\/148847\/revisions"}],"predecessor-version":[{"id":148853,"href":"https:\/\/diariotextual.com\/inicio\/index.php\/wp-json\/wp\/v2\/posts\/148847\/revisions\/148853"}],"wp:featuredmedia":[{"embeddable":true,"href":"https:\/\/diariotextual.com\/inicio\/index.php\/wp-json\/wp\/v2\/media\/98797"}],"wp:attachment":[{"href":"https:\/\/diariotextual.com\/inicio\/index.php\/wp-json\/wp\/v2\/media?parent=148847"}],"wp:term":[{"taxonomy":"category","embeddable":true,"href":"https:\/\/diariotextual.com\/inicio\/index.php\/wp-json\/wp\/v2\/categories?post=148847"},{"taxonomy":"post_tag","embeddable":true,"href":"https:\/\/diariotextual.com\/inicio\/index.php\/wp-json\/wp\/v2\/tags?post=148847"}],"curies":[{"name":"wp","href":"https:\/\/api.w.org\/{rel}","templated":true}]}}