{"id":148929,"date":"2021-06-04T09:38:44","date_gmt":"2021-06-04T12:38:44","guid":{"rendered":"https:\/\/diariotextual.com\/inicio\/?p=148929"},"modified":"2021-06-04T11:45:15","modified_gmt":"2021-06-04T14:45:15","slug":"la-ministra-gonzalez-confirmo-que-disolvio-el-instituto-de-promocion-productiva","status":"publish","type":"post","link":"https:\/\/diariotextual.com\/inicio\/index.php\/2021\/06\/04\/la-ministra-gonzalez-confirmo-que-disolvio-el-instituto-de-promocion-productiva\/","title":{"rendered":"La ministra Gonz\u00e1lez confirm\u00f3 que \u201cdisolvi\u00f3\u201d el Instituto de Promoci\u00f3n Productiva"},"content":{"rendered":"\n<p>La ministra de la Producci\u00f3n de La Pampa,<strong> Fernanda Gonz\u00e1lez<\/strong>, confirm\u00f3 a <strong>Diario Textual <\/strong>que<strong> \u201cdisolvi\u00f3\u201d<\/strong> el <strong>Instituto de Promoci\u00f3n Productiva <\/strong>(IPP) y sostuvo que las principales tareas estar\u00e1n a cargo de la flamante <strong>Agencia La Pampa de Inversiones y Comercio Exterior<\/strong>, creada el a\u00f1o pasado.<\/p>\n\n\n\n<p><strong>El personal t\u00e9cnico fue reubicado<\/strong> en otras \u00e1reas. <strong>\u201cSe disolvi\u00f3. La intenci\u00f3n es una refuncionalizaci\u00f3n y un ordenamiento del \u00e1rea\u201d<\/strong>, justific\u00f3 la nueva ministra.<\/p>\n\n\n\n<p>Algunos sectores vinculados a la producci\u00f3n hab\u00edan alertado a Diario Textual que, con esta decisi\u00f3n, pod\u00eda <strong>\u201cprimarizarse\u201d <\/strong>a\u00fan m\u00e1s la econom\u00eda pampeana. La funcionaria lo neg\u00f3 de plano. \u201cPara nada\u201d, sostuvo. <strong>\u201cLa idea es complementar y no superponer\u201d,<\/strong> agreg\u00f3.<\/p>\n\n\n\n<p>La decisi\u00f3n, en rigor, fue respaldada por otros actores. Es que, contaron en sinton\u00eda con las expresiones de la ministra, <strong>las tareas del IPP se superpon\u00edan, por ejemplo, con la flamante Agencia La Pampa de Inversiones y Comercio Exterior y otros organismos.<\/strong><\/p>\n\n\n\n<p>El IPP, por ejemplo, realizaba estudios espec\u00edficos sobre la producci\u00f3n, la econom\u00eda y la inversi\u00f3n, y ahora ya los estaba realizando la agencia. En ese marco, la intenci\u00f3n es mejorar el uso de los recursos p\u00fablicos y ordenar y coordinar mejor las actividades de estas \u00e1reas gubernamentales.<\/p>\n\n\n\n<p>La ministra sostuvo que la intenci\u00f3n es seguir diversificando la producci\u00f3n. \u201cLa provincia de La Pampa viene desarrollando un modelo de crecimiento econ\u00f3mico y productivo, que se inici\u00f3 con el exgobernador Carlos Verna y se profundiz\u00f3 fuertemente con la gesti\u00f3n del gobernador Sergio Ziliotto, a\u00fan en el marco de pandemia que nos toca transitar\u201d, dijo d\u00edas atr\u00e1s. \u201cHay una clara convicci\u00f3n del Gobernador y de este equipo de trabajo, de lograr la diversificaci\u00f3n de la matriz productiva, el agregado de valor y el posicionamiento hacia los nuevos mercados; junto al sector privado, apuntando a la competitividad, innovaci\u00f3n y generaci\u00f3n de puestos de trabajos\u201d, sostuvo Gonz\u00e1lez a la Agencia Provincial de Noticias. \u201cLa Provincia, a\u00fan en un contexto tan desalentador como lo es en esta pandemia, logr\u00f3 avanzar en esta direcci\u00f3n, nuestro desaf\u00edo es potenciar el trabajo realizado y garantizar todos los mecanismos necesarios para que la econom\u00eda y calidad de vida de los pampeanos y pampeanas siga creciendo\u201d, agreg\u00f3.<\/p>\n","protected":false},"excerpt":{"rendered":"<p>La ministra de la Producci\u00f3n de La Pampa, Fernanda Gonz\u00e1lez, confirm\u00f3 a Diario Textual que \u201cdisolvi\u00f3\u201d el Instituto de Promoci\u00f3n Productiva (IPP) y sostuvo que las principales tareas estar\u00e1n a&hellip;<\/p>\n","protected":false},"author":3,"featured_media":148932,"comment_status":"closed","ping_status":"open","sticky":false,"template":"","format":"standard","meta":{"_acf_changed":false,"footnotes":""},"categories":[10,5],"tags":[76,5584],"class_list":["post-148929","post","type-post","status-publish","format-standard","has-post-thumbnail","hentry","category-portada-2","category-economia","tag-gonzalez","tag-ipp"],"acf":[],"yoast_head":"<!-- This site is optimized with the Yoast SEO plugin v27.5 - https:\/\/yoast.com\/product\/yoast-seo-wordpress\/ -->\n<title>La ministra Gonz\u00e1lez confirm\u00f3 que \u201cdisolvi\u00f3\u201d el Instituto de Promoci\u00f3n Productiva - Diario Textual<\/title>\n<meta name=\"robots\" content=\"index, follow, max-snippet:-1, max-image-preview:large, max-video-preview:-1\" \/>\n<link rel=\"canonical\" href=\"https:\/\/diariotextual.com\/inicio\/index.php\/2021\/06\/04\/la-ministra-gonzalez-confirmo-que-disolvio-el-instituto-de-promocion-productiva\/\" \/>\n<meta property=\"og:locale\" content=\"es_ES\" \/>\n<meta property=\"og:type\" content=\"article\" \/>\n<meta property=\"og:title\" content=\"La ministra Gonz\u00e1lez confirm\u00f3 que \u201cdisolvi\u00f3\u201d el Instituto de Promoci\u00f3n Productiva - Diario Textual\" \/>\n<meta property=\"og:description\" content=\"La ministra de la Producci\u00f3n de La Pampa, Fernanda Gonz\u00e1lez, confirm\u00f3 a Diario Textual que \u201cdisolvi\u00f3\u201d el Instituto de Promoci\u00f3n Productiva (IPP) y sostuvo que las principales tareas estar\u00e1n a&hellip;\" \/>\n<meta property=\"og:url\" content=\"https:\/\/diariotextual.com\/inicio\/index.php\/2021\/06\/04\/la-ministra-gonzalez-confirmo-que-disolvio-el-instituto-de-promocion-productiva\/\" \/>\n<meta property=\"og:site_name\" content=\"Diario Textual\" \/>\n<meta property=\"article:publisher\" content=\"https:\/\/www.facebook.com\/eltextual\" \/>\n<meta property=\"article:published_time\" content=\"2021-06-04T12:38:44+00:00\" \/>\n<meta property=\"article:modified_time\" content=\"2021-06-04T14:45:15+00:00\" \/>\n<meta property=\"og:image\" content=\"https:\/\/diariotextual.com\/inicio\/wp-content\/uploads\/2021\/06\/gonzalezfernanda2021-10.jpg\" \/>\n\t<meta property=\"og:image:width\" content=\"1500\" \/>\n\t<meta property=\"og:image:height\" content=\"1034\" \/>\n\t<meta property=\"og:image:type\" content=\"image\/jpeg\" \/>\n<meta name=\"author\" content=\"Diario1 Diario1\" \/>\n<meta name=\"twitter:card\" content=\"summary_large_image\" \/>\n<meta name=\"twitter:creator\" content=\"@eltextual\" \/>\n<meta name=\"twitter:site\" content=\"@eltextual\" \/>\n<meta name=\"twitter:label1\" content=\"Escrito por\" \/>\n\t<meta name=\"twitter:data1\" content=\"Diario1 Diario1\" \/>\n\t<meta name=\"twitter:label2\" content=\"Tiempo de lectura\" \/>\n\t<meta name=\"twitter:data2\" content=\"2 minutos\" \/>\n<script type=\"application\/ld+json\" class=\"yoast-schema-graph\">{\"@context\":\"https:\\\/\\\/schema.org\",\"@graph\":[{\"@type\":\"Article\",\"@id\":\"https:\\\/\\\/diariotextual.com\\\/inicio\\\/index.php\\\/2021\\\/06\\\/04\\\/la-ministra-gonzalez-confirmo-que-disolvio-el-instituto-de-promocion-productiva\\\/#article\",\"isPartOf\":{\"@id\":\"https:\\\/\\\/diariotextual.com\\\/inicio\\\/index.php\\\/2021\\\/06\\\/04\\\/la-ministra-gonzalez-confirmo-que-disolvio-el-instituto-de-promocion-productiva\\\/\"},\"author\":{\"name\":\"Diario1 Diario1\",\"@id\":\"https:\\\/\\\/diariotextual.com\\\/inicio\\\/#\\\/schema\\\/person\\\/418fc4093c33e86ed41562db3508f958\"},\"headline\":\"La ministra Gonz\u00e1lez confirm\u00f3 que \u201cdisolvi\u00f3\u201d el Instituto de Promoci\u00f3n Productiva\",\"datePublished\":\"2021-06-04T12:38:44+00:00\",\"dateModified\":\"2021-06-04T14:45:15+00:00\",\"mainEntityOfPage\":{\"@id\":\"https:\\\/\\\/diariotextual.com\\\/inicio\\\/index.php\\\/2021\\\/06\\\/04\\\/la-ministra-gonzalez-confirmo-que-disolvio-el-instituto-de-promocion-productiva\\\/\"},\"wordCount\":410,\"publisher\":{\"@id\":\"https:\\\/\\\/diariotextual.com\\\/inicio\\\/#organization\"},\"image\":{\"@id\":\"https:\\\/\\\/diariotextual.com\\\/inicio\\\/index.php\\\/2021\\\/06\\\/04\\\/la-ministra-gonzalez-confirmo-que-disolvio-el-instituto-de-promocion-productiva\\\/#primaryimage\"},\"thumbnailUrl\":\"https:\\\/\\\/diariotextual.com\\\/inicio\\\/wp-content\\\/uploads\\\/2021\\\/06\\\/gonzalezfernanda2021-10.jpg\",\"keywords\":[\"gonzalez\",\"ipp\"],\"articleSection\":[\"A - PORTADA2\",\"ECONOMIA\"],\"inLanguage\":\"es\"},{\"@type\":\"WebPage\",\"@id\":\"https:\\\/\\\/diariotextual.com\\\/inicio\\\/index.php\\\/2021\\\/06\\\/04\\\/la-ministra-gonzalez-confirmo-que-disolvio-el-instituto-de-promocion-productiva\\\/\",\"url\":\"https:\\\/\\\/diariotextual.com\\\/inicio\\\/index.php\\\/2021\\\/06\\\/04\\\/la-ministra-gonzalez-confirmo-que-disolvio-el-instituto-de-promocion-productiva\\\/\",\"name\":\"La ministra Gonz\u00e1lez confirm\u00f3 que \u201cdisolvi\u00f3\u201d el Instituto de Promoci\u00f3n Productiva - Diario Textual\",\"isPartOf\":{\"@id\":\"https:\\\/\\\/diariotextual.com\\\/inicio\\\/#website\"},\"primaryImageOfPage\":{\"@id\":\"https:\\\/\\\/diariotextual.com\\\/inicio\\\/index.php\\\/2021\\\/06\\\/04\\\/la-ministra-gonzalez-confirmo-que-disolvio-el-instituto-de-promocion-productiva\\\/#primaryimage\"},\"image\":{\"@id\":\"https:\\\/\\\/diariotextual.com\\\/inicio\\\/index.php\\\/2021\\\/06\\\/04\\\/la-ministra-gonzalez-confirmo-que-disolvio-el-instituto-de-promocion-productiva\\\/#primaryimage\"},\"thumbnailUrl\":\"https:\\\/\\\/diariotextual.com\\\/inicio\\\/wp-content\\\/uploads\\\/2021\\\/06\\\/gonzalezfernanda2021-10.jpg\",\"datePublished\":\"2021-06-04T12:38:44+00:00\",\"dateModified\":\"2021-06-04T14:45:15+00:00\",\"breadcrumb\":{\"@id\":\"https:\\\/\\\/diariotextual.com\\\/inicio\\\/index.php\\\/2021\\\/06\\\/04\\\/la-ministra-gonzalez-confirmo-que-disolvio-el-instituto-de-promocion-productiva\\\/#breadcrumb\"},\"inLanguage\":\"es\",\"potentialAction\":[{\"@type\":\"ReadAction\",\"target\":[\"https:\\\/\\\/diariotextual.com\\\/inicio\\\/index.php\\\/2021\\\/06\\\/04\\\/la-ministra-gonzalez-confirmo-que-disolvio-el-instituto-de-promocion-productiva\\\/\"]}]},{\"@type\":\"ImageObject\",\"inLanguage\":\"es\",\"@id\":\"https:\\\/\\\/diariotextual.com\\\/inicio\\\/index.php\\\/2021\\\/06\\\/04\\\/la-ministra-gonzalez-confirmo-que-disolvio-el-instituto-de-promocion-productiva\\\/#primaryimage\",\"url\":\"https:\\\/\\\/diariotextual.com\\\/inicio\\\/wp-content\\\/uploads\\\/2021\\\/06\\\/gonzalezfernanda2021-10.jpg\",\"contentUrl\":\"https:\\\/\\\/diariotextual.com\\\/inicio\\\/wp-content\\\/uploads\\\/2021\\\/06\\\/gonzalezfernanda2021-10.jpg\",\"width\":1500,\"height\":1034},{\"@type\":\"BreadcrumbList\",\"@id\":\"https:\\\/\\\/diariotextual.com\\\/inicio\\\/index.php\\\/2021\\\/06\\\/04\\\/la-ministra-gonzalez-confirmo-que-disolvio-el-instituto-de-promocion-productiva\\\/#breadcrumb\",\"itemListElement\":[{\"@type\":\"ListItem\",\"position\":1,\"name\":\"Portada\",\"item\":\"https:\\\/\\\/diariotextual.com\\\/inicio\\\/\"},{\"@type\":\"ListItem\",\"position\":2,\"name\":\"La ministra Gonz\u00e1lez confirm\u00f3 que \u201cdisolvi\u00f3\u201d el Instituto de Promoci\u00f3n Productiva\"}]},{\"@type\":\"WebSite\",\"@id\":\"https:\\\/\\\/diariotextual.com\\\/inicio\\\/#website\",\"url\":\"https:\\\/\\\/diariotextual.com\\\/inicio\\\/\",\"name\":\"Diario Textual\",\"description\":\"\",\"publisher\":{\"@id\":\"https:\\\/\\\/diariotextual.com\\\/inicio\\\/#organization\"},\"potentialAction\":[{\"@type\":\"SearchAction\",\"target\":{\"@type\":\"EntryPoint\",\"urlTemplate\":\"https:\\\/\\\/diariotextual.com\\\/inicio\\\/?s={search_term_string}\"},\"query-input\":{\"@type\":\"PropertyValueSpecification\",\"valueRequired\":true,\"valueName\":\"search_term_string\"}}],\"inLanguage\":\"es\"},{\"@type\":\"Organization\",\"@id\":\"https:\\\/\\\/diariotextual.com\\\/inicio\\\/#organization\",\"name\":\"Diario Textual\",\"url\":\"https:\\\/\\\/diariotextual.com\\\/inicio\\\/\",\"logo\":{\"@type\":\"ImageObject\",\"inLanguage\":\"es\",\"@id\":\"https:\\\/\\\/diariotextual.com\\\/inicio\\\/#\\\/schema\\\/logo\\\/image\\\/\",\"url\":\"https:\\\/\\\/diariotextual.com\\\/inicio\\\/wp-content\\\/uploads\\\/2023\\\/05\\\/logotextual1.jpg\",\"contentUrl\":\"https:\\\/\\\/diariotextual.com\\\/inicio\\\/wp-content\\\/uploads\\\/2023\\\/05\\\/logotextual1.jpg\",\"width\":516,\"height\":76,\"caption\":\"Diario Textual\"},\"image\":{\"@id\":\"https:\\\/\\\/diariotextual.com\\\/inicio\\\/#\\\/schema\\\/logo\\\/image\\\/\"},\"sameAs\":[\"https:\\\/\\\/www.facebook.com\\\/eltextual\",\"https:\\\/\\\/x.com\\\/eltextual\",\"http:\\\/\\\/www.instagram.com\\\/eltextual\"]},{\"@type\":\"Person\",\"@id\":\"https:\\\/\\\/diariotextual.com\\\/inicio\\\/#\\\/schema\\\/person\\\/418fc4093c33e86ed41562db3508f958\",\"name\":\"Diario1 Diario1\",\"image\":{\"@type\":\"ImageObject\",\"inLanguage\":\"es\",\"@id\":\"https:\\\/\\\/secure.gravatar.com\\\/avatar\\\/9167d280179c85bc18be67aa7eda765854300033af4896dd779b608640f2ef7a?s=96&d=mm&r=g\",\"url\":\"https:\\\/\\\/secure.gravatar.com\\\/avatar\\\/9167d280179c85bc18be67aa7eda765854300033af4896dd779b608640f2ef7a?s=96&d=mm&r=g\",\"contentUrl\":\"https:\\\/\\\/secure.gravatar.com\\\/avatar\\\/9167d280179c85bc18be67aa7eda765854300033af4896dd779b608640f2ef7a?s=96&d=mm&r=g\",\"caption\":\"Diario1 Diario1\"},\"url\":\"https:\\\/\\\/diariotextual.com\\\/inicio\\\/index.php\\\/author\\\/diario1\\\/\"}]}<\/script>\n<!-- \/ Yoast SEO plugin. -->","yoast_head_json":{"title":"La ministra Gonz\u00e1lez confirm\u00f3 que \u201cdisolvi\u00f3\u201d el Instituto de Promoci\u00f3n Productiva - Diario Textual","robots":{"index":"index","follow":"follow","max-snippet":"max-snippet:-1","max-image-preview":"max-image-preview:large","max-video-preview":"max-video-preview:-1"},"canonical":"https:\/\/diariotextual.com\/inicio\/index.php\/2021\/06\/04\/la-ministra-gonzalez-confirmo-que-disolvio-el-instituto-de-promocion-productiva\/","og_locale":"es_ES","og_type":"article","og_title":"La ministra Gonz\u00e1lez confirm\u00f3 que \u201cdisolvi\u00f3\u201d el Instituto de Promoci\u00f3n Productiva - Diario Textual","og_description":"La ministra de la Producci\u00f3n de La Pampa, Fernanda Gonz\u00e1lez, confirm\u00f3 a Diario Textual que \u201cdisolvi\u00f3\u201d el Instituto de Promoci\u00f3n Productiva (IPP) y sostuvo que las principales tareas estar\u00e1n a&hellip;","og_url":"https:\/\/diariotextual.com\/inicio\/index.php\/2021\/06\/04\/la-ministra-gonzalez-confirmo-que-disolvio-el-instituto-de-promocion-productiva\/","og_site_name":"Diario Textual","article_publisher":"https:\/\/www.facebook.com\/eltextual","article_published_time":"2021-06-04T12:38:44+00:00","article_modified_time":"2021-06-04T14:45:15+00:00","og_image":[{"width":1500,"height":1034,"url":"https:\/\/diariotextual.com\/inicio\/wp-content\/uploads\/2021\/06\/gonzalezfernanda2021-10.jpg","type":"image\/jpeg"}],"author":"Diario1 Diario1","twitter_card":"summary_large_image","twitter_creator":"@eltextual","twitter_site":"@eltextual","twitter_misc":{"Escrito por":"Diario1 Diario1","Tiempo de lectura":"2 minutos"},"schema":{"@context":"https:\/\/schema.org","@graph":[{"@type":"Article","@id":"https:\/\/diariotextual.com\/inicio\/index.php\/2021\/06\/04\/la-ministra-gonzalez-confirmo-que-disolvio-el-instituto-de-promocion-productiva\/#article","isPartOf":{"@id":"https:\/\/diariotextual.com\/inicio\/index.php\/2021\/06\/04\/la-ministra-gonzalez-confirmo-que-disolvio-el-instituto-de-promocion-productiva\/"},"author":{"name":"Diario1 Diario1","@id":"https:\/\/diariotextual.com\/inicio\/#\/schema\/person\/418fc4093c33e86ed41562db3508f958"},"headline":"La ministra Gonz\u00e1lez confirm\u00f3 que \u201cdisolvi\u00f3\u201d el Instituto de Promoci\u00f3n Productiva","datePublished":"2021-06-04T12:38:44+00:00","dateModified":"2021-06-04T14:45:15+00:00","mainEntityOfPage":{"@id":"https:\/\/diariotextual.com\/inicio\/index.php\/2021\/06\/04\/la-ministra-gonzalez-confirmo-que-disolvio-el-instituto-de-promocion-productiva\/"},"wordCount":410,"publisher":{"@id":"https:\/\/diariotextual.com\/inicio\/#organization"},"image":{"@id":"https:\/\/diariotextual.com\/inicio\/index.php\/2021\/06\/04\/la-ministra-gonzalez-confirmo-que-disolvio-el-instituto-de-promocion-productiva\/#primaryimage"},"thumbnailUrl":"https:\/\/diariotextual.com\/inicio\/wp-content\/uploads\/2021\/06\/gonzalezfernanda2021-10.jpg","keywords":["gonzalez","ipp"],"articleSection":["A - PORTADA2","ECONOMIA"],"inLanguage":"es"},{"@type":"WebPage","@id":"https:\/\/diariotextual.com\/inicio\/index.php\/2021\/06\/04\/la-ministra-gonzalez-confirmo-que-disolvio-el-instituto-de-promocion-productiva\/","url":"https:\/\/diariotextual.com\/inicio\/index.php\/2021\/06\/04\/la-ministra-gonzalez-confirmo-que-disolvio-el-instituto-de-promocion-productiva\/","name":"La ministra Gonz\u00e1lez confirm\u00f3 que \u201cdisolvi\u00f3\u201d el Instituto de Promoci\u00f3n Productiva - Diario Textual","isPartOf":{"@id":"https:\/\/diariotextual.com\/inicio\/#website"},"primaryImageOfPage":{"@id":"https:\/\/diariotextual.com\/inicio\/index.php\/2021\/06\/04\/la-ministra-gonzalez-confirmo-que-disolvio-el-instituto-de-promocion-productiva\/#primaryimage"},"image":{"@id":"https:\/\/diariotextual.com\/inicio\/index.php\/2021\/06\/04\/la-ministra-gonzalez-confirmo-que-disolvio-el-instituto-de-promocion-productiva\/#primaryimage"},"thumbnailUrl":"https:\/\/diariotextual.com\/inicio\/wp-content\/uploads\/2021\/06\/gonzalezfernanda2021-10.jpg","datePublished":"2021-06-04T12:38:44+00:00","dateModified":"2021-06-04T14:45:15+00:00","breadcrumb":{"@id":"https:\/\/diariotextual.com\/inicio\/index.php\/2021\/06\/04\/la-ministra-gonzalez-confirmo-que-disolvio-el-instituto-de-promocion-productiva\/#breadcrumb"},"inLanguage":"es","potentialAction":[{"@type":"ReadAction","target":["https:\/\/diariotextual.com\/inicio\/index.php\/2021\/06\/04\/la-ministra-gonzalez-confirmo-que-disolvio-el-instituto-de-promocion-productiva\/"]}]},{"@type":"ImageObject","inLanguage":"es","@id":"https:\/\/diariotextual.com\/inicio\/index.php\/2021\/06\/04\/la-ministra-gonzalez-confirmo-que-disolvio-el-instituto-de-promocion-productiva\/#primaryimage","url":"https:\/\/diariotextual.com\/inicio\/wp-content\/uploads\/2021\/06\/gonzalezfernanda2021-10.jpg","contentUrl":"https:\/\/diariotextual.com\/inicio\/wp-content\/uploads\/2021\/06\/gonzalezfernanda2021-10.jpg","width":1500,"height":1034},{"@type":"BreadcrumbList","@id":"https:\/\/diariotextual.com\/inicio\/index.php\/2021\/06\/04\/la-ministra-gonzalez-confirmo-que-disolvio-el-instituto-de-promocion-productiva\/#breadcrumb","itemListElement":[{"@type":"ListItem","position":1,"name":"Portada","item":"https:\/\/diariotextual.com\/inicio\/"},{"@type":"ListItem","position":2,"name":"La ministra Gonz\u00e1lez confirm\u00f3 que \u201cdisolvi\u00f3\u201d el Instituto de Promoci\u00f3n Productiva"}]},{"@type":"WebSite","@id":"https:\/\/diariotextual.com\/inicio\/#website","url":"https:\/\/diariotextual.com\/inicio\/","name":"Diario Textual","description":"","publisher":{"@id":"https:\/\/diariotextual.com\/inicio\/#organization"},"potentialAction":[{"@type":"SearchAction","target":{"@type":"EntryPoint","urlTemplate":"https:\/\/diariotextual.com\/inicio\/?s={search_term_string}"},"query-input":{"@type":"PropertyValueSpecification","valueRequired":true,"valueName":"search_term_string"}}],"inLanguage":"es"},{"@type":"Organization","@id":"https:\/\/diariotextual.com\/inicio\/#organization","name":"Diario Textual","url":"https:\/\/diariotextual.com\/inicio\/","logo":{"@type":"ImageObject","inLanguage":"es","@id":"https:\/\/diariotextual.com\/inicio\/#\/schema\/logo\/image\/","url":"https:\/\/diariotextual.com\/inicio\/wp-content\/uploads\/2023\/05\/logotextual1.jpg","contentUrl":"https:\/\/diariotextual.com\/inicio\/wp-content\/uploads\/2023\/05\/logotextual1.jpg","width":516,"height":76,"caption":"Diario Textual"},"image":{"@id":"https:\/\/diariotextual.com\/inicio\/#\/schema\/logo\/image\/"},"sameAs":["https:\/\/www.facebook.com\/eltextual","https:\/\/x.com\/eltextual","http:\/\/www.instagram.com\/eltextual"]},{"@type":"Person","@id":"https:\/\/diariotextual.com\/inicio\/#\/schema\/person\/418fc4093c33e86ed41562db3508f958","name":"Diario1 Diario1","image":{"@type":"ImageObject","inLanguage":"es","@id":"https:\/\/secure.gravatar.com\/avatar\/9167d280179c85bc18be67aa7eda765854300033af4896dd779b608640f2ef7a?s=96&d=mm&r=g","url":"https:\/\/secure.gravatar.com\/avatar\/9167d280179c85bc18be67aa7eda765854300033af4896dd779b608640f2ef7a?s=96&d=mm&r=g","contentUrl":"https:\/\/secure.gravatar.com\/avatar\/9167d280179c85bc18be67aa7eda765854300033af4896dd779b608640f2ef7a?s=96&d=mm&r=g","caption":"Diario1 Diario1"},"url":"https:\/\/diariotextual.com\/inicio\/index.php\/author\/diario1\/"}]}},"_links":{"self":[{"href":"https:\/\/diariotextual.com\/inicio\/index.php\/wp-json\/wp\/v2\/posts\/148929","targetHints":{"allow":["GET"]}}],"collection":[{"href":"https:\/\/diariotextual.com\/inicio\/index.php\/wp-json\/wp\/v2\/posts"}],"about":[{"href":"https:\/\/diariotextual.com\/inicio\/index.php\/wp-json\/wp\/v2\/types\/post"}],"author":[{"embeddable":true,"href":"https:\/\/diariotextual.com\/inicio\/index.php\/wp-json\/wp\/v2\/users\/3"}],"replies":[{"embeddable":true,"href":"https:\/\/diariotextual.com\/inicio\/index.php\/wp-json\/wp\/v2\/comments?post=148929"}],"version-history":[{"count":4,"href":"https:\/\/diariotextual.com\/inicio\/index.php\/wp-json\/wp\/v2\/posts\/148929\/revisions"}],"predecessor-version":[{"id":148941,"href":"https:\/\/diariotextual.com\/inicio\/index.php\/wp-json\/wp\/v2\/posts\/148929\/revisions\/148941"}],"wp:featuredmedia":[{"embeddable":true,"href":"https:\/\/diariotextual.com\/inicio\/index.php\/wp-json\/wp\/v2\/media\/148932"}],"wp:attachment":[{"href":"https:\/\/diariotextual.com\/inicio\/index.php\/wp-json\/wp\/v2\/media?parent=148929"}],"wp:term":[{"taxonomy":"category","embeddable":true,"href":"https:\/\/diariotextual.com\/inicio\/index.php\/wp-json\/wp\/v2\/categories?post=148929"},{"taxonomy":"post_tag","embeddable":true,"href":"https:\/\/diariotextual.com\/inicio\/index.php\/wp-json\/wp\/v2\/tags?post=148929"}],"curies":[{"name":"wp","href":"https:\/\/api.w.org\/{rel}","templated":true}]}}