{"id":149424,"date":"2021-07-28T08:00:00","date_gmt":"2021-07-28T11:00:00","guid":{"rendered":"https:\/\/diariotextual.com\/inicio\/?p=149424"},"modified":"2021-07-28T13:05:01","modified_gmt":"2021-07-28T16:05:01","slug":"el-28-de-julio-inicia-el-juicio-por-el-caso-nadia-lucero","status":"publish","type":"post","link":"https:\/\/diariotextual.com\/inicio\/index.php\/2021\/07\/28\/el-28-de-julio-inicia-el-juicio-por-el-caso-nadia-lucero\/","title":{"rendered":"Juicio por el caso Nadia: Gonz\u00e1lez dijo que no quiso matarla y que la llev\u00f3 al hospital porque tuvo convulsiones"},"content":{"rendered":"\n<p>Este mi\u00e9rcoles comenz\u00f3 en el Centro Judicial de Santa Rosa, por zoom, el juicio por el intento de femicidio de <strong>Nadia Lucero<\/strong>. En el banquillo est\u00e1 sentado su expareja, <strong>Laureano Gonz\u00e1lez<\/strong>, quien est\u00e1 detenido con prisi\u00f3n preventiva. Ser\u00e1n siete d\u00edas de audiencias con alrededor de 60 testigos. <\/p>\n\n\n\n<p>Gonz\u00e1lez est\u00e1 acusado de intento de homicidio triplemente calificado. Los otros imputados, por encubrimiento agravado, son <strong>Claudio Ezequiel Reyna, Daiana Manuela Escudero y Franco Luciano Devia.<\/strong><\/p>\n\n\n\n<p>Los cuatro declararon durante la jornada inicial del debate. <strong>Gonz\u00e1lez neg\u00f3 que quisiera matarla. Dijo que la llev\u00f3 al hospital Molas porque tuvo convulsiones y que huy\u00f3 porque se asust\u00f3 al ver a la polic\u00eda.<\/strong><\/p>\n\n\n\n<p>Reyna y Escudero afirmaron que no avisaron que Gonz\u00e1lez estaba escondido en su casa porque ten\u00eda una carabina, y los amenaz\u00f3 con matarle a su hija.<\/p>\n\n\n\n<p>Devia expres\u00f3 que es amigo de Gonz\u00e1lez y que lo llev\u00f3 hasta la vivienda de Reyna porque le dijo que hab\u00eda discutido con Lucero y no volver\u00eda a so domicilio por dos o tres d\u00edas.<\/p>\n\n\n\n<p><strong>El ataque a Nadia<\/strong><\/p>\n\n\n\n<p>Nadia fue brutalmente golpeada y torturada el domingo 15 de diciembre de 2019 por parte de Gonz\u00e1lez. El ataque ocurri\u00f3 en una vivienda de la calle&nbsp;San Francisco de As\u00eds al 300, en el barrio Escondido, de Santa Rosa. Hac\u00eda un mes que se hab\u00edan ido a vivir all\u00ed, juntos.<\/p>\n\n\n\n<p>Nadia -madre de dos ni\u00f1os- trabajaba en una rotiser\u00eda. Ese domingo a la madrugada, comenzaron los golpes y los cortes. Le hizo un centenar de cortes.<\/p>\n\n\n\n<figure class=\"wp-block-image size-large\"><img fetchpriority=\"high\" decoding=\"async\" width=\"928\" height=\"594\" src=\"https:\/\/diariotextual.com\/inicio\/wp-content\/uploads\/2020\/02\/gonzalezlaureano82.jpg\" alt=\"\" class=\"wp-image-78376\" srcset=\"https:\/\/diariotextual.com\/inicio\/wp-content\/uploads\/2020\/02\/gonzalezlaureano82.jpg 928w, https:\/\/diariotextual.com\/inicio\/wp-content\/uploads\/2020\/02\/gonzalezlaureano82-300x192.jpg 300w, https:\/\/diariotextual.com\/inicio\/wp-content\/uploads\/2020\/02\/gonzalezlaureano82-768x492.jpg 768w, https:\/\/diariotextual.com\/inicio\/wp-content\/uploads\/2020\/02\/gonzalezlaureano82-585x374.jpg 585w\" sizes=\"(max-width: 928px) 100vw, 928px\" \/><\/figure>\n\n\n\n<p>La tortura, que la dej\u00f3 desvanecida, se extendi\u00f3 durante unas 20 horas, hasta que Gonz\u00e1lez decidi\u00f3 llevarla, inconsciente, al Hospital Molas. Ingres\u00f3 con la joven, la dej\u00f3 en la Guardia del Molas y se retir\u00f3 en su auto. Finalmente dos d\u00edas despu\u00e9s fue detenido y acusado del delito de&nbsp;intento de femicidio.<\/p>\n\n\n\n<p>Durante una audiencia que se desarroll\u00f3 a principios de este a\u00f1o Gonz\u00e1lez dijo que las heridas que presentaba Nadia se debieron a que se arroj\u00f3 del auto en movimiento.<\/p>\n\n\n\n<p>Por haberlo ayudado a esconderse, ya fueron condenados dos hombres y una mujer: Daiana Escudero, Claudio Reyna y Franco Devia, todos por encubrimiento agravado.<\/p>\n\n\n\n<p>Escudero fue condenada a un a\u00f1o y medio en suspenso; Reyna fue condenado a tres a\u00f1os y medio de prisi\u00f3n efectiva; y Devia a dos a\u00f1os de prisi\u00f3n efectiva.<\/p>\n\n\n\n<p><\/p>\n","protected":false},"excerpt":{"rendered":"<p>Este mi\u00e9rcoles comenz\u00f3 en el Centro Judicial de Santa Rosa, por zoom, el juicio por el intento de femicidio de Nadia Lucero. En el banquillo est\u00e1 sentado su expareja, Laureano&hellip;<\/p>\n","protected":false},"author":7,"featured_media":155910,"comment_status":"closed","ping_status":"open","sticky":false,"template":"","format":"standard","meta":{"_acf_changed":false,"footnotes":""},"categories":[10,12],"tags":[2519,2518],"class_list":["post-149424","post","type-post","status-publish","format-standard","has-post-thumbnail","hentry","category-portada-2","category-sociedad","tag-laureano-gonzalez","tag-nadia-lucero"],"acf":[],"yoast_head":"<!-- This site is optimized with the Yoast SEO plugin v27.5 - https:\/\/yoast.com\/product\/yoast-seo-wordpress\/ -->\n<title>Juicio por el caso Nadia: Gonz\u00e1lez dijo que no quiso matarla y que la llev\u00f3 al hospital porque tuvo convulsiones - Diario Textual<\/title>\n<meta name=\"robots\" content=\"index, follow, max-snippet:-1, max-image-preview:large, max-video-preview:-1\" \/>\n<link rel=\"canonical\" href=\"https:\/\/diariotextual.com\/inicio\/index.php\/2021\/07\/28\/el-28-de-julio-inicia-el-juicio-por-el-caso-nadia-lucero\/\" \/>\n<meta property=\"og:locale\" content=\"es_ES\" \/>\n<meta property=\"og:type\" content=\"article\" \/>\n<meta property=\"og:title\" content=\"Juicio por el caso Nadia: Gonz\u00e1lez dijo que no quiso matarla y que la llev\u00f3 al hospital porque tuvo convulsiones - Diario Textual\" \/>\n<meta property=\"og:description\" content=\"Este mi\u00e9rcoles comenz\u00f3 en el Centro Judicial de Santa Rosa, por zoom, el juicio por el intento de femicidio de Nadia Lucero. En el banquillo est\u00e1 sentado su expareja, Laureano&hellip;\" \/>\n<meta property=\"og:url\" content=\"https:\/\/diariotextual.com\/inicio\/index.php\/2021\/07\/28\/el-28-de-julio-inicia-el-juicio-por-el-caso-nadia-lucero\/\" \/>\n<meta property=\"og:site_name\" content=\"Diario Textual\" \/>\n<meta property=\"article:publisher\" content=\"https:\/\/www.facebook.com\/eltextual\" \/>\n<meta property=\"article:published_time\" content=\"2021-07-28T11:00:00+00:00\" \/>\n<meta property=\"article:modified_time\" content=\"2021-07-28T16:05:01+00:00\" \/>\n<meta property=\"og:image\" content=\"https:\/\/diariotextual.com\/inicio\/wp-content\/uploads\/2021\/07\/nadialucerojuiciozoom.jpg\" \/>\n\t<meta property=\"og:image:width\" content=\"1280\" \/>\n\t<meta property=\"og:image:height\" content=\"960\" \/>\n\t<meta property=\"og:image:type\" content=\"image\/jpeg\" \/>\n<meta name=\"author\" content=\"diario5\" \/>\n<meta name=\"twitter:card\" content=\"summary_large_image\" \/>\n<meta name=\"twitter:creator\" content=\"@eltextual\" \/>\n<meta name=\"twitter:site\" content=\"@eltextual\" \/>\n<meta name=\"twitter:label1\" content=\"Escrito por\" \/>\n\t<meta name=\"twitter:data1\" content=\"diario5\" \/>\n\t<meta name=\"twitter:label2\" content=\"Tiempo de lectura\" \/>\n\t<meta name=\"twitter:data2\" content=\"2 minutos\" \/>\n<script type=\"application\/ld+json\" class=\"yoast-schema-graph\">{\"@context\":\"https:\\\/\\\/schema.org\",\"@graph\":[{\"@type\":\"Article\",\"@id\":\"https:\\\/\\\/diariotextual.com\\\/inicio\\\/index.php\\\/2021\\\/07\\\/28\\\/el-28-de-julio-inicia-el-juicio-por-el-caso-nadia-lucero\\\/#article\",\"isPartOf\":{\"@id\":\"https:\\\/\\\/diariotextual.com\\\/inicio\\\/index.php\\\/2021\\\/07\\\/28\\\/el-28-de-julio-inicia-el-juicio-por-el-caso-nadia-lucero\\\/\"},\"author\":{\"name\":\"diario5\",\"@id\":\"https:\\\/\\\/diariotextual.com\\\/inicio\\\/#\\\/schema\\\/person\\\/c7834961ad8b29b1d9cdbf4571299067\"},\"headline\":\"Juicio por el caso Nadia: Gonz\u00e1lez dijo que no quiso matarla y que la llev\u00f3 al hospital porque tuvo convulsiones\",\"datePublished\":\"2021-07-28T11:00:00+00:00\",\"dateModified\":\"2021-07-28T16:05:01+00:00\",\"mainEntityOfPage\":{\"@id\":\"https:\\\/\\\/diariotextual.com\\\/inicio\\\/index.php\\\/2021\\\/07\\\/28\\\/el-28-de-julio-inicia-el-juicio-por-el-caso-nadia-lucero\\\/\"},\"wordCount\":431,\"publisher\":{\"@id\":\"https:\\\/\\\/diariotextual.com\\\/inicio\\\/#organization\"},\"image\":{\"@id\":\"https:\\\/\\\/diariotextual.com\\\/inicio\\\/index.php\\\/2021\\\/07\\\/28\\\/el-28-de-julio-inicia-el-juicio-por-el-caso-nadia-lucero\\\/#primaryimage\"},\"thumbnailUrl\":\"https:\\\/\\\/diariotextual.com\\\/inicio\\\/wp-content\\\/uploads\\\/2021\\\/07\\\/nadialucerojuiciozoom.jpg\",\"keywords\":[\"Laureano Gonz\u00e1lez\",\"Nadia Lucero\"],\"articleSection\":[\"A - PORTADA2\",\"SOCIEDAD\"],\"inLanguage\":\"es\"},{\"@type\":\"WebPage\",\"@id\":\"https:\\\/\\\/diariotextual.com\\\/inicio\\\/index.php\\\/2021\\\/07\\\/28\\\/el-28-de-julio-inicia-el-juicio-por-el-caso-nadia-lucero\\\/\",\"url\":\"https:\\\/\\\/diariotextual.com\\\/inicio\\\/index.php\\\/2021\\\/07\\\/28\\\/el-28-de-julio-inicia-el-juicio-por-el-caso-nadia-lucero\\\/\",\"name\":\"Juicio por el caso Nadia: Gonz\u00e1lez dijo que no quiso matarla y que la llev\u00f3 al hospital porque tuvo convulsiones - Diario Textual\",\"isPartOf\":{\"@id\":\"https:\\\/\\\/diariotextual.com\\\/inicio\\\/#website\"},\"primaryImageOfPage\":{\"@id\":\"https:\\\/\\\/diariotextual.com\\\/inicio\\\/index.php\\\/2021\\\/07\\\/28\\\/el-28-de-julio-inicia-el-juicio-por-el-caso-nadia-lucero\\\/#primaryimage\"},\"image\":{\"@id\":\"https:\\\/\\\/diariotextual.com\\\/inicio\\\/index.php\\\/2021\\\/07\\\/28\\\/el-28-de-julio-inicia-el-juicio-por-el-caso-nadia-lucero\\\/#primaryimage\"},\"thumbnailUrl\":\"https:\\\/\\\/diariotextual.com\\\/inicio\\\/wp-content\\\/uploads\\\/2021\\\/07\\\/nadialucerojuiciozoom.jpg\",\"datePublished\":\"2021-07-28T11:00:00+00:00\",\"dateModified\":\"2021-07-28T16:05:01+00:00\",\"breadcrumb\":{\"@id\":\"https:\\\/\\\/diariotextual.com\\\/inicio\\\/index.php\\\/2021\\\/07\\\/28\\\/el-28-de-julio-inicia-el-juicio-por-el-caso-nadia-lucero\\\/#breadcrumb\"},\"inLanguage\":\"es\",\"potentialAction\":[{\"@type\":\"ReadAction\",\"target\":[\"https:\\\/\\\/diariotextual.com\\\/inicio\\\/index.php\\\/2021\\\/07\\\/28\\\/el-28-de-julio-inicia-el-juicio-por-el-caso-nadia-lucero\\\/\"]}]},{\"@type\":\"ImageObject\",\"inLanguage\":\"es\",\"@id\":\"https:\\\/\\\/diariotextual.com\\\/inicio\\\/index.php\\\/2021\\\/07\\\/28\\\/el-28-de-julio-inicia-el-juicio-por-el-caso-nadia-lucero\\\/#primaryimage\",\"url\":\"https:\\\/\\\/diariotextual.com\\\/inicio\\\/wp-content\\\/uploads\\\/2021\\\/07\\\/nadialucerojuiciozoom.jpg\",\"contentUrl\":\"https:\\\/\\\/diariotextual.com\\\/inicio\\\/wp-content\\\/uploads\\\/2021\\\/07\\\/nadialucerojuiciozoom.jpg\",\"width\":1280,\"height\":960},{\"@type\":\"BreadcrumbList\",\"@id\":\"https:\\\/\\\/diariotextual.com\\\/inicio\\\/index.php\\\/2021\\\/07\\\/28\\\/el-28-de-julio-inicia-el-juicio-por-el-caso-nadia-lucero\\\/#breadcrumb\",\"itemListElement\":[{\"@type\":\"ListItem\",\"position\":1,\"name\":\"Portada\",\"item\":\"https:\\\/\\\/diariotextual.com\\\/inicio\\\/\"},{\"@type\":\"ListItem\",\"position\":2,\"name\":\"Juicio por el caso Nadia: Gonz\u00e1lez dijo que no quiso matarla y que la llev\u00f3 al hospital porque tuvo convulsiones\"}]},{\"@type\":\"WebSite\",\"@id\":\"https:\\\/\\\/diariotextual.com\\\/inicio\\\/#website\",\"url\":\"https:\\\/\\\/diariotextual.com\\\/inicio\\\/\",\"name\":\"Diario Textual\",\"description\":\"\",\"publisher\":{\"@id\":\"https:\\\/\\\/diariotextual.com\\\/inicio\\\/#organization\"},\"potentialAction\":[{\"@type\":\"SearchAction\",\"target\":{\"@type\":\"EntryPoint\",\"urlTemplate\":\"https:\\\/\\\/diariotextual.com\\\/inicio\\\/?s={search_term_string}\"},\"query-input\":{\"@type\":\"PropertyValueSpecification\",\"valueRequired\":true,\"valueName\":\"search_term_string\"}}],\"inLanguage\":\"es\"},{\"@type\":\"Organization\",\"@id\":\"https:\\\/\\\/diariotextual.com\\\/inicio\\\/#organization\",\"name\":\"Diario Textual\",\"url\":\"https:\\\/\\\/diariotextual.com\\\/inicio\\\/\",\"logo\":{\"@type\":\"ImageObject\",\"inLanguage\":\"es\",\"@id\":\"https:\\\/\\\/diariotextual.com\\\/inicio\\\/#\\\/schema\\\/logo\\\/image\\\/\",\"url\":\"https:\\\/\\\/diariotextual.com\\\/inicio\\\/wp-content\\\/uploads\\\/2023\\\/05\\\/logotextual1.jpg\",\"contentUrl\":\"https:\\\/\\\/diariotextual.com\\\/inicio\\\/wp-content\\\/uploads\\\/2023\\\/05\\\/logotextual1.jpg\",\"width\":516,\"height\":76,\"caption\":\"Diario Textual\"},\"image\":{\"@id\":\"https:\\\/\\\/diariotextual.com\\\/inicio\\\/#\\\/schema\\\/logo\\\/image\\\/\"},\"sameAs\":[\"https:\\\/\\\/www.facebook.com\\\/eltextual\",\"https:\\\/\\\/x.com\\\/eltextual\",\"http:\\\/\\\/www.instagram.com\\\/eltextual\"]},{\"@type\":\"Person\",\"@id\":\"https:\\\/\\\/diariotextual.com\\\/inicio\\\/#\\\/schema\\\/person\\\/c7834961ad8b29b1d9cdbf4571299067\",\"name\":\"diario5\",\"image\":{\"@type\":\"ImageObject\",\"inLanguage\":\"es\",\"@id\":\"https:\\\/\\\/secure.gravatar.com\\\/avatar\\\/948c893b847ca6df68216ead81b63f363408ec9b0f600fefc0641ce78613b111?s=96&d=mm&r=g\",\"url\":\"https:\\\/\\\/secure.gravatar.com\\\/avatar\\\/948c893b847ca6df68216ead81b63f363408ec9b0f600fefc0641ce78613b111?s=96&d=mm&r=g\",\"contentUrl\":\"https:\\\/\\\/secure.gravatar.com\\\/avatar\\\/948c893b847ca6df68216ead81b63f363408ec9b0f600fefc0641ce78613b111?s=96&d=mm&r=g\",\"caption\":\"diario5\"},\"url\":\"https:\\\/\\\/diariotextual.com\\\/inicio\\\/index.php\\\/author\\\/diario5\\\/\"}]}<\/script>\n<!-- \/ Yoast SEO plugin. -->","yoast_head_json":{"title":"Juicio por el caso Nadia: Gonz\u00e1lez dijo que no quiso matarla y que la llev\u00f3 al hospital porque tuvo convulsiones - Diario Textual","robots":{"index":"index","follow":"follow","max-snippet":"max-snippet:-1","max-image-preview":"max-image-preview:large","max-video-preview":"max-video-preview:-1"},"canonical":"https:\/\/diariotextual.com\/inicio\/index.php\/2021\/07\/28\/el-28-de-julio-inicia-el-juicio-por-el-caso-nadia-lucero\/","og_locale":"es_ES","og_type":"article","og_title":"Juicio por el caso Nadia: Gonz\u00e1lez dijo que no quiso matarla y que la llev\u00f3 al hospital porque tuvo convulsiones - Diario Textual","og_description":"Este mi\u00e9rcoles comenz\u00f3 en el Centro Judicial de Santa Rosa, por zoom, el juicio por el intento de femicidio de Nadia Lucero. En el banquillo est\u00e1 sentado su expareja, Laureano&hellip;","og_url":"https:\/\/diariotextual.com\/inicio\/index.php\/2021\/07\/28\/el-28-de-julio-inicia-el-juicio-por-el-caso-nadia-lucero\/","og_site_name":"Diario Textual","article_publisher":"https:\/\/www.facebook.com\/eltextual","article_published_time":"2021-07-28T11:00:00+00:00","article_modified_time":"2021-07-28T16:05:01+00:00","og_image":[{"width":1280,"height":960,"url":"https:\/\/diariotextual.com\/inicio\/wp-content\/uploads\/2021\/07\/nadialucerojuiciozoom.jpg","type":"image\/jpeg"}],"author":"diario5","twitter_card":"summary_large_image","twitter_creator":"@eltextual","twitter_site":"@eltextual","twitter_misc":{"Escrito por":"diario5","Tiempo de lectura":"2 minutos"},"schema":{"@context":"https:\/\/schema.org","@graph":[{"@type":"Article","@id":"https:\/\/diariotextual.com\/inicio\/index.php\/2021\/07\/28\/el-28-de-julio-inicia-el-juicio-por-el-caso-nadia-lucero\/#article","isPartOf":{"@id":"https:\/\/diariotextual.com\/inicio\/index.php\/2021\/07\/28\/el-28-de-julio-inicia-el-juicio-por-el-caso-nadia-lucero\/"},"author":{"name":"diario5","@id":"https:\/\/diariotextual.com\/inicio\/#\/schema\/person\/c7834961ad8b29b1d9cdbf4571299067"},"headline":"Juicio por el caso Nadia: Gonz\u00e1lez dijo que no quiso matarla y que la llev\u00f3 al hospital porque tuvo convulsiones","datePublished":"2021-07-28T11:00:00+00:00","dateModified":"2021-07-28T16:05:01+00:00","mainEntityOfPage":{"@id":"https:\/\/diariotextual.com\/inicio\/index.php\/2021\/07\/28\/el-28-de-julio-inicia-el-juicio-por-el-caso-nadia-lucero\/"},"wordCount":431,"publisher":{"@id":"https:\/\/diariotextual.com\/inicio\/#organization"},"image":{"@id":"https:\/\/diariotextual.com\/inicio\/index.php\/2021\/07\/28\/el-28-de-julio-inicia-el-juicio-por-el-caso-nadia-lucero\/#primaryimage"},"thumbnailUrl":"https:\/\/diariotextual.com\/inicio\/wp-content\/uploads\/2021\/07\/nadialucerojuiciozoom.jpg","keywords":["Laureano Gonz\u00e1lez","Nadia Lucero"],"articleSection":["A - PORTADA2","SOCIEDAD"],"inLanguage":"es"},{"@type":"WebPage","@id":"https:\/\/diariotextual.com\/inicio\/index.php\/2021\/07\/28\/el-28-de-julio-inicia-el-juicio-por-el-caso-nadia-lucero\/","url":"https:\/\/diariotextual.com\/inicio\/index.php\/2021\/07\/28\/el-28-de-julio-inicia-el-juicio-por-el-caso-nadia-lucero\/","name":"Juicio por el caso Nadia: Gonz\u00e1lez dijo que no quiso matarla y que la llev\u00f3 al hospital porque tuvo convulsiones - Diario Textual","isPartOf":{"@id":"https:\/\/diariotextual.com\/inicio\/#website"},"primaryImageOfPage":{"@id":"https:\/\/diariotextual.com\/inicio\/index.php\/2021\/07\/28\/el-28-de-julio-inicia-el-juicio-por-el-caso-nadia-lucero\/#primaryimage"},"image":{"@id":"https:\/\/diariotextual.com\/inicio\/index.php\/2021\/07\/28\/el-28-de-julio-inicia-el-juicio-por-el-caso-nadia-lucero\/#primaryimage"},"thumbnailUrl":"https:\/\/diariotextual.com\/inicio\/wp-content\/uploads\/2021\/07\/nadialucerojuiciozoom.jpg","datePublished":"2021-07-28T11:00:00+00:00","dateModified":"2021-07-28T16:05:01+00:00","breadcrumb":{"@id":"https:\/\/diariotextual.com\/inicio\/index.php\/2021\/07\/28\/el-28-de-julio-inicia-el-juicio-por-el-caso-nadia-lucero\/#breadcrumb"},"inLanguage":"es","potentialAction":[{"@type":"ReadAction","target":["https:\/\/diariotextual.com\/inicio\/index.php\/2021\/07\/28\/el-28-de-julio-inicia-el-juicio-por-el-caso-nadia-lucero\/"]}]},{"@type":"ImageObject","inLanguage":"es","@id":"https:\/\/diariotextual.com\/inicio\/index.php\/2021\/07\/28\/el-28-de-julio-inicia-el-juicio-por-el-caso-nadia-lucero\/#primaryimage","url":"https:\/\/diariotextual.com\/inicio\/wp-content\/uploads\/2021\/07\/nadialucerojuiciozoom.jpg","contentUrl":"https:\/\/diariotextual.com\/inicio\/wp-content\/uploads\/2021\/07\/nadialucerojuiciozoom.jpg","width":1280,"height":960},{"@type":"BreadcrumbList","@id":"https:\/\/diariotextual.com\/inicio\/index.php\/2021\/07\/28\/el-28-de-julio-inicia-el-juicio-por-el-caso-nadia-lucero\/#breadcrumb","itemListElement":[{"@type":"ListItem","position":1,"name":"Portada","item":"https:\/\/diariotextual.com\/inicio\/"},{"@type":"ListItem","position":2,"name":"Juicio por el caso Nadia: Gonz\u00e1lez dijo que no quiso matarla y que la llev\u00f3 al hospital porque tuvo convulsiones"}]},{"@type":"WebSite","@id":"https:\/\/diariotextual.com\/inicio\/#website","url":"https:\/\/diariotextual.com\/inicio\/","name":"Diario Textual","description":"","publisher":{"@id":"https:\/\/diariotextual.com\/inicio\/#organization"},"potentialAction":[{"@type":"SearchAction","target":{"@type":"EntryPoint","urlTemplate":"https:\/\/diariotextual.com\/inicio\/?s={search_term_string}"},"query-input":{"@type":"PropertyValueSpecification","valueRequired":true,"valueName":"search_term_string"}}],"inLanguage":"es"},{"@type":"Organization","@id":"https:\/\/diariotextual.com\/inicio\/#organization","name":"Diario Textual","url":"https:\/\/diariotextual.com\/inicio\/","logo":{"@type":"ImageObject","inLanguage":"es","@id":"https:\/\/diariotextual.com\/inicio\/#\/schema\/logo\/image\/","url":"https:\/\/diariotextual.com\/inicio\/wp-content\/uploads\/2023\/05\/logotextual1.jpg","contentUrl":"https:\/\/diariotextual.com\/inicio\/wp-content\/uploads\/2023\/05\/logotextual1.jpg","width":516,"height":76,"caption":"Diario Textual"},"image":{"@id":"https:\/\/diariotextual.com\/inicio\/#\/schema\/logo\/image\/"},"sameAs":["https:\/\/www.facebook.com\/eltextual","https:\/\/x.com\/eltextual","http:\/\/www.instagram.com\/eltextual"]},{"@type":"Person","@id":"https:\/\/diariotextual.com\/inicio\/#\/schema\/person\/c7834961ad8b29b1d9cdbf4571299067","name":"diario5","image":{"@type":"ImageObject","inLanguage":"es","@id":"https:\/\/secure.gravatar.com\/avatar\/948c893b847ca6df68216ead81b63f363408ec9b0f600fefc0641ce78613b111?s=96&d=mm&r=g","url":"https:\/\/secure.gravatar.com\/avatar\/948c893b847ca6df68216ead81b63f363408ec9b0f600fefc0641ce78613b111?s=96&d=mm&r=g","contentUrl":"https:\/\/secure.gravatar.com\/avatar\/948c893b847ca6df68216ead81b63f363408ec9b0f600fefc0641ce78613b111?s=96&d=mm&r=g","caption":"diario5"},"url":"https:\/\/diariotextual.com\/inicio\/index.php\/author\/diario5\/"}]}},"_links":{"self":[{"href":"https:\/\/diariotextual.com\/inicio\/index.php\/wp-json\/wp\/v2\/posts\/149424","targetHints":{"allow":["GET"]}}],"collection":[{"href":"https:\/\/diariotextual.com\/inicio\/index.php\/wp-json\/wp\/v2\/posts"}],"about":[{"href":"https:\/\/diariotextual.com\/inicio\/index.php\/wp-json\/wp\/v2\/types\/post"}],"author":[{"embeddable":true,"href":"https:\/\/diariotextual.com\/inicio\/index.php\/wp-json\/wp\/v2\/users\/7"}],"replies":[{"embeddable":true,"href":"https:\/\/diariotextual.com\/inicio\/index.php\/wp-json\/wp\/v2\/comments?post=149424"}],"version-history":[{"count":11,"href":"https:\/\/diariotextual.com\/inicio\/index.php\/wp-json\/wp\/v2\/posts\/149424\/revisions"}],"predecessor-version":[{"id":155929,"href":"https:\/\/diariotextual.com\/inicio\/index.php\/wp-json\/wp\/v2\/posts\/149424\/revisions\/155929"}],"wp:featuredmedia":[{"embeddable":true,"href":"https:\/\/diariotextual.com\/inicio\/index.php\/wp-json\/wp\/v2\/media\/155910"}],"wp:attachment":[{"href":"https:\/\/diariotextual.com\/inicio\/index.php\/wp-json\/wp\/v2\/media?parent=149424"}],"wp:term":[{"taxonomy":"category","embeddable":true,"href":"https:\/\/diariotextual.com\/inicio\/index.php\/wp-json\/wp\/v2\/categories?post=149424"},{"taxonomy":"post_tag","embeddable":true,"href":"https:\/\/diariotextual.com\/inicio\/index.php\/wp-json\/wp\/v2\/tags?post=149424"}],"curies":[{"name":"wp","href":"https:\/\/api.w.org\/{rel}","templated":true}]}}