{"id":14954,"date":"2018-07-27T14:03:52","date_gmt":"2018-07-27T17:03:52","guid":{"rendered":"http:\/\/diariotextual.com\/inicio\/?p=14954"},"modified":"2018-07-27T14:27:56","modified_gmt":"2018-07-27T17:27:56","slug":"ajuste-recortaron-las-asignaciones-familiares-afecta-los-pampeanos","status":"publish","type":"post","link":"https:\/\/diariotextual.com\/inicio\/index.php\/2018\/07\/27\/ajuste-recortaron-las-asignaciones-familiares-afecta-los-pampeanos\/","title":{"rendered":"Por el ajuste recortaron las asignaciones familiares: en qu\u00e9 afecta a los pampeanos"},"content":{"rendered":"<p>El Gobierno nacional comenz\u00f3 a <strong>meter tijera<\/strong> en la Anses. Dispuso este viernes por decreto <b>una adecuaci\u00f3n del l\u00edmite m\u00e1ximo de ingresos para determinar el cobro de las asignaciones familiares<\/b> y, a la vez,<b> elimin\u00f3 los beneficios extra<\/b> que alcanzaban a algunas provincias de la Patagonia y del norte del pa\u00eds.<\/p>\n<p><b>\u00bfEn qu\u00e9 afecta a los pampeanos? <\/b>En que<b> habr\u00e1 desde\u00a0septiembre trabajadores en relaci\u00f3n de dependencia que dejar\u00e1n de percibir la asignaci\u00f3n familiar por hijo. Ahora ese tope se baj\u00f3 de $ 94.786 actuales a $ 83.917.<\/b><\/p>\n<p>A su vez, <b>el recorte por los \u00abbeneficios extra\u00bb no alcanzar\u00e1 a los pampeanos: <\/b>los afectados ser\u00e1n, en rigor, empleados radicados en provincias como Tierra del Fuego y Santa Cruz, dijeron desde la Anses a<b> Diario Textual. \u00abEl decreto equipara a esos trabajadores a los pampeanos, que seguir\u00e1n cobrando lo mismo\u00bb, consideraron.<\/b><\/p>\n<p>La medida se tom\u00f3 a trav\u00e9s de un decreto firmado por\u00a0<b>Gabriela Michetti<\/b>\u00a0y publicado este viernes en el Bolet\u00edn Oficial, que comenzar\u00e1 a regir para las asignaciones familiares que se perciban durante septiembre pr\u00f3ximo. Lo suscribi\u00f3 la vicepresidente porque\u00a0<b>Mauricio Macr<\/b>i se encuentra afuera del pa\u00eds, participando de la cumbre de los BRICS en Sud\u00e1frica.<\/p>\n<p>Con esta medida, la administraci\u00f3n de Cambiemos achic\u00f3 el techo o tope m\u00e1ximo de ingresos aplicables a los beneficiarios de asignaciones familiares,\u00a0<b>que baj\u00f3 de $ 94.786 actuales a $ 83.917.\u00a0<\/b>Pero adem\u00e1s, la nueva normativa aclar\u00f3 que si uno de los integrantes del grupo familiar\u00a0<b>tuviera un ingreso superior a los $ 41.959<\/b>, quedar\u00e1 excluido del cobro de las asignaciones. Antes, el salario m\u00e1ximo para un integrante era de\u00a0<b>$ 47.393.\u00a0<\/b><\/p>\n<p>Seg\u00fan el Decreto 702\/2018, estos l\u00edmites \u00ab<b>no resultan aplicables para la determinaci\u00f3n del valor de la Asignaci\u00f3n por Maternidad\u00bb,<\/b>\u00a0ni para los beneficiarios de la prestaci\u00f3n por desempleo.<\/p>\n<p>El Poder Ejecutivo record\u00f3 que en 2012, la expresidente\u00a0<b>Cristina de Kirchner<\/b>\u00a0modific\u00f3 las condiciones de acceso a las asignaciones familiares, considerando al grupo familiar a los efectos del pago, en lugar de los ingresos de un solo titular.<br \/>\nEn consecuencia, indic\u00f3 que ahora\u00a0<b>\u00abresulta conveniente asociar el valor del l\u00edmite de ingresos m\u00ednimo habilitante para la liquidaci\u00f3n de asignaciones familiares, con el valor de la base imponible m\u00ednima previsional\u00bb.\u00a0<\/b><\/p>\n<p>La adecuaci\u00f3n, seg\u00fan el texto oficial, permitir\u00e1\u00a0<b>\u00abevitar la eventual captaci\u00f3n indebida de prestaciones de la seguridad social cuando los importes de las remuneraciones son declarados por el empleador en forma ileg\u00edtima, por un monto inferior al m\u00ednimo\u00bb.<\/b><\/p>\n<p>Al mismo tiempo, <strong>el Gobierno elimin\u00f3 los beneficios extras que alcanzaban a m\u00e1s de 100.000 chicos de algunas provincias de la Patagonia y de zonas del norte<\/strong>, que cobraban m\u00e1s que el resto del pa\u00eds.<\/p>\n<p>Seg\u00fan el decreto, <strong>desde septiembre a los trabajadores en relaci\u00f3n de dependencia del Interior se les ajustar\u00e1 las asignaciones familiares en hasta un 53% del monto que recib\u00edan<\/strong>.<\/p>\n<p>Anteriormente, la Anses divid\u00eda al pa\u00eds en cuatro zonas, sobre las cuales les aplicaba un r\u00e9gimen diferencial de la seguridad social.\u00a0<b>El \u00abvalor general\u00bb por hijo se ubic\u00f3 en $ 1.578 hasta junio pasado para el \u00e1rea metropolitana y la mayor\u00eda de las provincias, como La Pampa, pero se incrementaba entre $ 3.155 y $ 3.407 para otros distritos<\/b>, dependiendo tambi\u00e9n de los ingresos de los c\u00f3nyuges.<\/p>\n<p>Ese plus se percib\u00eda seg\u00fan donde vivieran, atento al costo de vida m\u00e1s elevado en determinadas regiones del pa\u00eds, en varias ocasiones en condiciones desfavorables, como ocurre en la Patagonia.<\/p>\n<p>\u00abEl objetivo es seguir aumentando la cobertura de las asignaciones y queremos que sea pareja para todos. El extra no ten\u00eda un criterio de lugares con mayores niveles de pobreza. Era algo antiguo para poblar regiones y no se pod\u00eda sostener\u00bb, le dijo el director de la ANSeS, Emilio Basavilbaso, al diario Clar\u00edn.<\/p>\n<p>Asimismo, para evitar irregularidades y \u00abdobles beneficios\u00bb,\u00a0<b>el Decreto 702 elev\u00f3 de $ 200 a $ 2.816 el piso del salario mensual para acceder a las asignaciones familiares<\/b>. Seg\u00fan el Ejecutivo, hab\u00eda empresarios que declaraban trabajadores con sueldos de $ 200 y recib\u00edan $ 3.000 de asignaciones.<\/p>\n<p>Desde la Casa Rosada aclararon que en el caso de los hijos con discapacidad no se modificar\u00e1n los diferenciales por zonas. Adem\u00e1s de Michetti, firmaron\u00a0<b>Marcos Pe\u00f1a y Jorge Triaca<\/b>.<\/p>\n<p>&nbsp;<\/p>\n<p>&nbsp;<\/p>\n<p>&nbsp;<\/p>\n<p>&nbsp;<\/p>\n<p>&nbsp;<\/p>\n<p>&nbsp;<\/p>\n","protected":false},"excerpt":{"rendered":"<p>El Gobierno nacional comenz\u00f3 a meter tijera en la Anses. Dispuso este viernes por decreto una adecuaci\u00f3n del l\u00edmite m\u00e1ximo de ingresos para determinar el cobro de las asignaciones familiares&hellip;<\/p>\n","protected":false},"author":3,"featured_media":9676,"comment_status":"closed","ping_status":"open","sticky":false,"template":"","format":"standard","meta":{"_acf_changed":false,"footnotes":""},"categories":[4,1,12],"tags":[],"class_list":["post-14954","post","type-post","status-publish","format-standard","has-post-thumbnail","hentry","category-destacadas","category-es-noticia","category-sociedad"],"acf":[],"yoast_head":"<!-- This site is optimized with the Yoast SEO plugin v27.5 - https:\/\/yoast.com\/product\/yoast-seo-wordpress\/ -->\n<title>Por el ajuste recortaron las asignaciones familiares: en qu\u00e9 afecta a los pampeanos - Diario Textual<\/title>\n<meta name=\"robots\" content=\"index, follow, max-snippet:-1, max-image-preview:large, max-video-preview:-1\" \/>\n<link rel=\"canonical\" href=\"https:\/\/diariotextual.com\/inicio\/index.php\/2018\/07\/27\/ajuste-recortaron-las-asignaciones-familiares-afecta-los-pampeanos\/\" \/>\n<meta property=\"og:locale\" content=\"es_ES\" \/>\n<meta property=\"og:type\" content=\"article\" \/>\n<meta property=\"og:title\" content=\"Por el ajuste recortaron las asignaciones familiares: en qu\u00e9 afecta a los pampeanos - Diario Textual\" \/>\n<meta property=\"og:description\" content=\"El Gobierno nacional comenz\u00f3 a meter tijera en la Anses. Dispuso este viernes por decreto una adecuaci\u00f3n del l\u00edmite m\u00e1ximo de ingresos para determinar el cobro de las asignaciones familiares&hellip;\" \/>\n<meta property=\"og:url\" content=\"https:\/\/diariotextual.com\/inicio\/index.php\/2018\/07\/27\/ajuste-recortaron-las-asignaciones-familiares-afecta-los-pampeanos\/\" \/>\n<meta property=\"og:site_name\" content=\"Diario Textual\" \/>\n<meta property=\"article:publisher\" content=\"https:\/\/www.facebook.com\/eltextual\" \/>\n<meta property=\"article:published_time\" content=\"2018-07-27T17:03:52+00:00\" \/>\n<meta property=\"article:modified_time\" content=\"2018-07-27T17:27:56+00:00\" \/>\n<meta property=\"og:image\" content=\"https:\/\/diariotextual.com\/inicio\/wp-content\/uploads\/2018\/06\/anses.jpg\" \/>\n\t<meta property=\"og:image:width\" content=\"1024\" \/>\n\t<meta property=\"og:image:height\" content=\"768\" \/>\n\t<meta property=\"og:image:type\" content=\"image\/jpeg\" \/>\n<meta name=\"author\" content=\"Diario1 Diario1\" \/>\n<meta name=\"twitter:card\" content=\"summary_large_image\" \/>\n<meta name=\"twitter:creator\" content=\"@eltextual\" \/>\n<meta name=\"twitter:site\" content=\"@eltextual\" \/>\n<meta name=\"twitter:label1\" content=\"Escrito por\" \/>\n\t<meta name=\"twitter:data1\" content=\"Diario1 Diario1\" \/>\n\t<meta name=\"twitter:label2\" content=\"Tiempo de lectura\" \/>\n\t<meta name=\"twitter:data2\" content=\"4 minutos\" \/>\n<script type=\"application\/ld+json\" class=\"yoast-schema-graph\">{\"@context\":\"https:\\\/\\\/schema.org\",\"@graph\":[{\"@type\":\"Article\",\"@id\":\"https:\\\/\\\/diariotextual.com\\\/inicio\\\/index.php\\\/2018\\\/07\\\/27\\\/ajuste-recortaron-las-asignaciones-familiares-afecta-los-pampeanos\\\/#article\",\"isPartOf\":{\"@id\":\"https:\\\/\\\/diariotextual.com\\\/inicio\\\/index.php\\\/2018\\\/07\\\/27\\\/ajuste-recortaron-las-asignaciones-familiares-afecta-los-pampeanos\\\/\"},\"author\":{\"name\":\"Diario1 Diario1\",\"@id\":\"https:\\\/\\\/diariotextual.com\\\/inicio\\\/#\\\/schema\\\/person\\\/418fc4093c33e86ed41562db3508f958\"},\"headline\":\"Por el ajuste recortaron las asignaciones familiares: en qu\u00e9 afecta a los pampeanos\",\"datePublished\":\"2018-07-27T17:03:52+00:00\",\"dateModified\":\"2018-07-27T17:27:56+00:00\",\"mainEntityOfPage\":{\"@id\":\"https:\\\/\\\/diariotextual.com\\\/inicio\\\/index.php\\\/2018\\\/07\\\/27\\\/ajuste-recortaron-las-asignaciones-familiares-afecta-los-pampeanos\\\/\"},\"wordCount\":739,\"publisher\":{\"@id\":\"https:\\\/\\\/diariotextual.com\\\/inicio\\\/#organization\"},\"image\":{\"@id\":\"https:\\\/\\\/diariotextual.com\\\/inicio\\\/index.php\\\/2018\\\/07\\\/27\\\/ajuste-recortaron-las-asignaciones-familiares-afecta-los-pampeanos\\\/#primaryimage\"},\"thumbnailUrl\":\"https:\\\/\\\/diariotextual.com\\\/inicio\\\/wp-content\\\/uploads\\\/2018\\\/06\\\/anses.jpg\",\"articleSection\":[\"A - DESTACADAS (mod 16)\",\"A - ES NOTICIA (van abajo)\",\"SOCIEDAD\"],\"inLanguage\":\"es\"},{\"@type\":\"WebPage\",\"@id\":\"https:\\\/\\\/diariotextual.com\\\/inicio\\\/index.php\\\/2018\\\/07\\\/27\\\/ajuste-recortaron-las-asignaciones-familiares-afecta-los-pampeanos\\\/\",\"url\":\"https:\\\/\\\/diariotextual.com\\\/inicio\\\/index.php\\\/2018\\\/07\\\/27\\\/ajuste-recortaron-las-asignaciones-familiares-afecta-los-pampeanos\\\/\",\"name\":\"Por el ajuste recortaron las asignaciones familiares: en qu\u00e9 afecta a los pampeanos - Diario Textual\",\"isPartOf\":{\"@id\":\"https:\\\/\\\/diariotextual.com\\\/inicio\\\/#website\"},\"primaryImageOfPage\":{\"@id\":\"https:\\\/\\\/diariotextual.com\\\/inicio\\\/index.php\\\/2018\\\/07\\\/27\\\/ajuste-recortaron-las-asignaciones-familiares-afecta-los-pampeanos\\\/#primaryimage\"},\"image\":{\"@id\":\"https:\\\/\\\/diariotextual.com\\\/inicio\\\/index.php\\\/2018\\\/07\\\/27\\\/ajuste-recortaron-las-asignaciones-familiares-afecta-los-pampeanos\\\/#primaryimage\"},\"thumbnailUrl\":\"https:\\\/\\\/diariotextual.com\\\/inicio\\\/wp-content\\\/uploads\\\/2018\\\/06\\\/anses.jpg\",\"datePublished\":\"2018-07-27T17:03:52+00:00\",\"dateModified\":\"2018-07-27T17:27:56+00:00\",\"breadcrumb\":{\"@id\":\"https:\\\/\\\/diariotextual.com\\\/inicio\\\/index.php\\\/2018\\\/07\\\/27\\\/ajuste-recortaron-las-asignaciones-familiares-afecta-los-pampeanos\\\/#breadcrumb\"},\"inLanguage\":\"es\",\"potentialAction\":[{\"@type\":\"ReadAction\",\"target\":[\"https:\\\/\\\/diariotextual.com\\\/inicio\\\/index.php\\\/2018\\\/07\\\/27\\\/ajuste-recortaron-las-asignaciones-familiares-afecta-los-pampeanos\\\/\"]}]},{\"@type\":\"ImageObject\",\"inLanguage\":\"es\",\"@id\":\"https:\\\/\\\/diariotextual.com\\\/inicio\\\/index.php\\\/2018\\\/07\\\/27\\\/ajuste-recortaron-las-asignaciones-familiares-afecta-los-pampeanos\\\/#primaryimage\",\"url\":\"https:\\\/\\\/diariotextual.com\\\/inicio\\\/wp-content\\\/uploads\\\/2018\\\/06\\\/anses.jpg\",\"contentUrl\":\"https:\\\/\\\/diariotextual.com\\\/inicio\\\/wp-content\\\/uploads\\\/2018\\\/06\\\/anses.jpg\",\"width\":1024,\"height\":768},{\"@type\":\"BreadcrumbList\",\"@id\":\"https:\\\/\\\/diariotextual.com\\\/inicio\\\/index.php\\\/2018\\\/07\\\/27\\\/ajuste-recortaron-las-asignaciones-familiares-afecta-los-pampeanos\\\/#breadcrumb\",\"itemListElement\":[{\"@type\":\"ListItem\",\"position\":1,\"name\":\"Portada\",\"item\":\"https:\\\/\\\/diariotextual.com\\\/inicio\\\/\"},{\"@type\":\"ListItem\",\"position\":2,\"name\":\"Por el ajuste recortaron las asignaciones familiares: en qu\u00e9 afecta a los pampeanos\"}]},{\"@type\":\"WebSite\",\"@id\":\"https:\\\/\\\/diariotextual.com\\\/inicio\\\/#website\",\"url\":\"https:\\\/\\\/diariotextual.com\\\/inicio\\\/\",\"name\":\"Diario Textual\",\"description\":\"\",\"publisher\":{\"@id\":\"https:\\\/\\\/diariotextual.com\\\/inicio\\\/#organization\"},\"potentialAction\":[{\"@type\":\"SearchAction\",\"target\":{\"@type\":\"EntryPoint\",\"urlTemplate\":\"https:\\\/\\\/diariotextual.com\\\/inicio\\\/?s={search_term_string}\"},\"query-input\":{\"@type\":\"PropertyValueSpecification\",\"valueRequired\":true,\"valueName\":\"search_term_string\"}}],\"inLanguage\":\"es\"},{\"@type\":\"Organization\",\"@id\":\"https:\\\/\\\/diariotextual.com\\\/inicio\\\/#organization\",\"name\":\"Diario Textual\",\"url\":\"https:\\\/\\\/diariotextual.com\\\/inicio\\\/\",\"logo\":{\"@type\":\"ImageObject\",\"inLanguage\":\"es\",\"@id\":\"https:\\\/\\\/diariotextual.com\\\/inicio\\\/#\\\/schema\\\/logo\\\/image\\\/\",\"url\":\"https:\\\/\\\/diariotextual.com\\\/inicio\\\/wp-content\\\/uploads\\\/2023\\\/05\\\/logotextual1.jpg\",\"contentUrl\":\"https:\\\/\\\/diariotextual.com\\\/inicio\\\/wp-content\\\/uploads\\\/2023\\\/05\\\/logotextual1.jpg\",\"width\":516,\"height\":76,\"caption\":\"Diario Textual\"},\"image\":{\"@id\":\"https:\\\/\\\/diariotextual.com\\\/inicio\\\/#\\\/schema\\\/logo\\\/image\\\/\"},\"sameAs\":[\"https:\\\/\\\/www.facebook.com\\\/eltextual\",\"https:\\\/\\\/x.com\\\/eltextual\",\"http:\\\/\\\/www.instagram.com\\\/eltextual\"]},{\"@type\":\"Person\",\"@id\":\"https:\\\/\\\/diariotextual.com\\\/inicio\\\/#\\\/schema\\\/person\\\/418fc4093c33e86ed41562db3508f958\",\"name\":\"Diario1 Diario1\",\"image\":{\"@type\":\"ImageObject\",\"inLanguage\":\"es\",\"@id\":\"https:\\\/\\\/secure.gravatar.com\\\/avatar\\\/9167d280179c85bc18be67aa7eda765854300033af4896dd779b608640f2ef7a?s=96&d=mm&r=g\",\"url\":\"https:\\\/\\\/secure.gravatar.com\\\/avatar\\\/9167d280179c85bc18be67aa7eda765854300033af4896dd779b608640f2ef7a?s=96&d=mm&r=g\",\"contentUrl\":\"https:\\\/\\\/secure.gravatar.com\\\/avatar\\\/9167d280179c85bc18be67aa7eda765854300033af4896dd779b608640f2ef7a?s=96&d=mm&r=g\",\"caption\":\"Diario1 Diario1\"},\"url\":\"https:\\\/\\\/diariotextual.com\\\/inicio\\\/index.php\\\/author\\\/diario1\\\/\"}]}<\/script>\n<!-- \/ Yoast SEO plugin. -->","yoast_head_json":{"title":"Por el ajuste recortaron las asignaciones familiares: en qu\u00e9 afecta a los pampeanos - Diario Textual","robots":{"index":"index","follow":"follow","max-snippet":"max-snippet:-1","max-image-preview":"max-image-preview:large","max-video-preview":"max-video-preview:-1"},"canonical":"https:\/\/diariotextual.com\/inicio\/index.php\/2018\/07\/27\/ajuste-recortaron-las-asignaciones-familiares-afecta-los-pampeanos\/","og_locale":"es_ES","og_type":"article","og_title":"Por el ajuste recortaron las asignaciones familiares: en qu\u00e9 afecta a los pampeanos - Diario Textual","og_description":"El Gobierno nacional comenz\u00f3 a meter tijera en la Anses. Dispuso este viernes por decreto una adecuaci\u00f3n del l\u00edmite m\u00e1ximo de ingresos para determinar el cobro de las asignaciones familiares&hellip;","og_url":"https:\/\/diariotextual.com\/inicio\/index.php\/2018\/07\/27\/ajuste-recortaron-las-asignaciones-familiares-afecta-los-pampeanos\/","og_site_name":"Diario Textual","article_publisher":"https:\/\/www.facebook.com\/eltextual","article_published_time":"2018-07-27T17:03:52+00:00","article_modified_time":"2018-07-27T17:27:56+00:00","og_image":[{"width":1024,"height":768,"url":"https:\/\/diariotextual.com\/inicio\/wp-content\/uploads\/2018\/06\/anses.jpg","type":"image\/jpeg"}],"author":"Diario1 Diario1","twitter_card":"summary_large_image","twitter_creator":"@eltextual","twitter_site":"@eltextual","twitter_misc":{"Escrito por":"Diario1 Diario1","Tiempo de lectura":"4 minutos"},"schema":{"@context":"https:\/\/schema.org","@graph":[{"@type":"Article","@id":"https:\/\/diariotextual.com\/inicio\/index.php\/2018\/07\/27\/ajuste-recortaron-las-asignaciones-familiares-afecta-los-pampeanos\/#article","isPartOf":{"@id":"https:\/\/diariotextual.com\/inicio\/index.php\/2018\/07\/27\/ajuste-recortaron-las-asignaciones-familiares-afecta-los-pampeanos\/"},"author":{"name":"Diario1 Diario1","@id":"https:\/\/diariotextual.com\/inicio\/#\/schema\/person\/418fc4093c33e86ed41562db3508f958"},"headline":"Por el ajuste recortaron las asignaciones familiares: en qu\u00e9 afecta a los pampeanos","datePublished":"2018-07-27T17:03:52+00:00","dateModified":"2018-07-27T17:27:56+00:00","mainEntityOfPage":{"@id":"https:\/\/diariotextual.com\/inicio\/index.php\/2018\/07\/27\/ajuste-recortaron-las-asignaciones-familiares-afecta-los-pampeanos\/"},"wordCount":739,"publisher":{"@id":"https:\/\/diariotextual.com\/inicio\/#organization"},"image":{"@id":"https:\/\/diariotextual.com\/inicio\/index.php\/2018\/07\/27\/ajuste-recortaron-las-asignaciones-familiares-afecta-los-pampeanos\/#primaryimage"},"thumbnailUrl":"https:\/\/diariotextual.com\/inicio\/wp-content\/uploads\/2018\/06\/anses.jpg","articleSection":["A - DESTACADAS (mod 16)","A - ES NOTICIA (van abajo)","SOCIEDAD"],"inLanguage":"es"},{"@type":"WebPage","@id":"https:\/\/diariotextual.com\/inicio\/index.php\/2018\/07\/27\/ajuste-recortaron-las-asignaciones-familiares-afecta-los-pampeanos\/","url":"https:\/\/diariotextual.com\/inicio\/index.php\/2018\/07\/27\/ajuste-recortaron-las-asignaciones-familiares-afecta-los-pampeanos\/","name":"Por el ajuste recortaron las asignaciones familiares: en qu\u00e9 afecta a los pampeanos - Diario Textual","isPartOf":{"@id":"https:\/\/diariotextual.com\/inicio\/#website"},"primaryImageOfPage":{"@id":"https:\/\/diariotextual.com\/inicio\/index.php\/2018\/07\/27\/ajuste-recortaron-las-asignaciones-familiares-afecta-los-pampeanos\/#primaryimage"},"image":{"@id":"https:\/\/diariotextual.com\/inicio\/index.php\/2018\/07\/27\/ajuste-recortaron-las-asignaciones-familiares-afecta-los-pampeanos\/#primaryimage"},"thumbnailUrl":"https:\/\/diariotextual.com\/inicio\/wp-content\/uploads\/2018\/06\/anses.jpg","datePublished":"2018-07-27T17:03:52+00:00","dateModified":"2018-07-27T17:27:56+00:00","breadcrumb":{"@id":"https:\/\/diariotextual.com\/inicio\/index.php\/2018\/07\/27\/ajuste-recortaron-las-asignaciones-familiares-afecta-los-pampeanos\/#breadcrumb"},"inLanguage":"es","potentialAction":[{"@type":"ReadAction","target":["https:\/\/diariotextual.com\/inicio\/index.php\/2018\/07\/27\/ajuste-recortaron-las-asignaciones-familiares-afecta-los-pampeanos\/"]}]},{"@type":"ImageObject","inLanguage":"es","@id":"https:\/\/diariotextual.com\/inicio\/index.php\/2018\/07\/27\/ajuste-recortaron-las-asignaciones-familiares-afecta-los-pampeanos\/#primaryimage","url":"https:\/\/diariotextual.com\/inicio\/wp-content\/uploads\/2018\/06\/anses.jpg","contentUrl":"https:\/\/diariotextual.com\/inicio\/wp-content\/uploads\/2018\/06\/anses.jpg","width":1024,"height":768},{"@type":"BreadcrumbList","@id":"https:\/\/diariotextual.com\/inicio\/index.php\/2018\/07\/27\/ajuste-recortaron-las-asignaciones-familiares-afecta-los-pampeanos\/#breadcrumb","itemListElement":[{"@type":"ListItem","position":1,"name":"Portada","item":"https:\/\/diariotextual.com\/inicio\/"},{"@type":"ListItem","position":2,"name":"Por el ajuste recortaron las asignaciones familiares: en qu\u00e9 afecta a los pampeanos"}]},{"@type":"WebSite","@id":"https:\/\/diariotextual.com\/inicio\/#website","url":"https:\/\/diariotextual.com\/inicio\/","name":"Diario Textual","description":"","publisher":{"@id":"https:\/\/diariotextual.com\/inicio\/#organization"},"potentialAction":[{"@type":"SearchAction","target":{"@type":"EntryPoint","urlTemplate":"https:\/\/diariotextual.com\/inicio\/?s={search_term_string}"},"query-input":{"@type":"PropertyValueSpecification","valueRequired":true,"valueName":"search_term_string"}}],"inLanguage":"es"},{"@type":"Organization","@id":"https:\/\/diariotextual.com\/inicio\/#organization","name":"Diario Textual","url":"https:\/\/diariotextual.com\/inicio\/","logo":{"@type":"ImageObject","inLanguage":"es","@id":"https:\/\/diariotextual.com\/inicio\/#\/schema\/logo\/image\/","url":"https:\/\/diariotextual.com\/inicio\/wp-content\/uploads\/2023\/05\/logotextual1.jpg","contentUrl":"https:\/\/diariotextual.com\/inicio\/wp-content\/uploads\/2023\/05\/logotextual1.jpg","width":516,"height":76,"caption":"Diario Textual"},"image":{"@id":"https:\/\/diariotextual.com\/inicio\/#\/schema\/logo\/image\/"},"sameAs":["https:\/\/www.facebook.com\/eltextual","https:\/\/x.com\/eltextual","http:\/\/www.instagram.com\/eltextual"]},{"@type":"Person","@id":"https:\/\/diariotextual.com\/inicio\/#\/schema\/person\/418fc4093c33e86ed41562db3508f958","name":"Diario1 Diario1","image":{"@type":"ImageObject","inLanguage":"es","@id":"https:\/\/secure.gravatar.com\/avatar\/9167d280179c85bc18be67aa7eda765854300033af4896dd779b608640f2ef7a?s=96&d=mm&r=g","url":"https:\/\/secure.gravatar.com\/avatar\/9167d280179c85bc18be67aa7eda765854300033af4896dd779b608640f2ef7a?s=96&d=mm&r=g","contentUrl":"https:\/\/secure.gravatar.com\/avatar\/9167d280179c85bc18be67aa7eda765854300033af4896dd779b608640f2ef7a?s=96&d=mm&r=g","caption":"Diario1 Diario1"},"url":"https:\/\/diariotextual.com\/inicio\/index.php\/author\/diario1\/"}]}},"_links":{"self":[{"href":"https:\/\/diariotextual.com\/inicio\/index.php\/wp-json\/wp\/v2\/posts\/14954","targetHints":{"allow":["GET"]}}],"collection":[{"href":"https:\/\/diariotextual.com\/inicio\/index.php\/wp-json\/wp\/v2\/posts"}],"about":[{"href":"https:\/\/diariotextual.com\/inicio\/index.php\/wp-json\/wp\/v2\/types\/post"}],"author":[{"embeddable":true,"href":"https:\/\/diariotextual.com\/inicio\/index.php\/wp-json\/wp\/v2\/users\/3"}],"replies":[{"embeddable":true,"href":"https:\/\/diariotextual.com\/inicio\/index.php\/wp-json\/wp\/v2\/comments?post=14954"}],"version-history":[{"count":14,"href":"https:\/\/diariotextual.com\/inicio\/index.php\/wp-json\/wp\/v2\/posts\/14954\/revisions"}],"predecessor-version":[{"id":14981,"href":"https:\/\/diariotextual.com\/inicio\/index.php\/wp-json\/wp\/v2\/posts\/14954\/revisions\/14981"}],"wp:featuredmedia":[{"embeddable":true,"href":"https:\/\/diariotextual.com\/inicio\/index.php\/wp-json\/wp\/v2\/media\/9676"}],"wp:attachment":[{"href":"https:\/\/diariotextual.com\/inicio\/index.php\/wp-json\/wp\/v2\/media?parent=14954"}],"wp:term":[{"taxonomy":"category","embeddable":true,"href":"https:\/\/diariotextual.com\/inicio\/index.php\/wp-json\/wp\/v2\/categories?post=14954"},{"taxonomy":"post_tag","embeddable":true,"href":"https:\/\/diariotextual.com\/inicio\/index.php\/wp-json\/wp\/v2\/tags?post=14954"}],"curies":[{"name":"wp","href":"https:\/\/api.w.org\/{rel}","templated":true}]}}