{"id":149724,"date":"2021-06-09T20:30:30","date_gmt":"2021-06-09T23:30:30","guid":{"rendered":"https:\/\/diariotextual.com\/inicio\/?p=149724"},"modified":"2021-06-10T07:24:11","modified_gmt":"2021-06-10T10:24:11","slug":"pasaron-100-anos-y-se-volvio-a-celebrar-un-enterratorio-ranquel-en-la-pampa","status":"publish","type":"post","link":"https:\/\/diariotextual.com\/inicio\/index.php\/2021\/06\/09\/pasaron-100-anos-y-se-volvio-a-celebrar-un-enterratorio-ranquel-en-la-pampa\/","title":{"rendered":"Pasaron 100 a\u00f1os y se volvi\u00f3 a celebrar un enterratorio ranquel en La Pampa"},"content":{"rendered":"\n<p><strong>Despu\u00e9s de unos cien a\u00f1os, volvi\u00f3 a celebrarse un enterratorio a la manera ancestral en La Pampa. <\/strong>Se trat\u00f3 de una ceremonia por <strong>Nazareno Serraino<\/strong>, lonko de la comunidad Rosa Moreno Mariqueo en Victorica, quien <strong><a href=\"https:\/\/diariotextual.com\/inicio\/index.php\/2021\/06\/02\/fallecio-de-covid-nazareno-serraino-lonko-y-maestro-de-la-lengua-ranquel\/\" target=\"_blank\" rel=\"noreferrer noopener\">falleci\u00f3 hace unos d\u00edas v\u00edctima del coronavirus<\/a><\/strong>.<\/p>\n\n\n\n<p>Nazareno<strong> fue enterrado en su espacio comunitario<\/strong>, en una loma, como lo hac\u00edan los ancestros<strong>. Fue cerca de un cald\u00e9n, el huitr\u00fa, una figura emblem\u00e1tica para los ranqueles.<\/strong><\/p>\n\n\n\n<p>Por cuestiones de protocolo,<strong> fue una ceremonia muy reducida pero con la participaci\u00f3n de los lonkos de las comunidades que pudieron llegar al lugar.<\/strong><\/p>\n\n\n\n<p><strong>Fue a la vieja usanza: con sus prendas m\u00e1s preciadas, el agua, la comida y su orientaci\u00f3n de la cabeza hacia el este, es decir, hacia la salida del sol.<\/strong> \u201cHemos recuperado, a pesar de la desgracia de haber perdido a nuestro lonko, nuestras ceremonias y con la alegr\u00eda de que nos sigue guiando y que lo seguir\u00e1 haciendo por la recuperaci\u00f3n de la cultura y la Naci\u00f3n Rankulche\u201d, dijo <strong>Pedro Coria<\/strong>, lonko de la comunidad Nahuel Auca de Parera, en representaci\u00f3n del Consejo de Lonkos de la Naci\u00f3n Rankulche.<\/p>\n\n\n\n<figure class=\"wp-block-image size-large\"><img fetchpriority=\"high\" decoding=\"async\" width=\"960\" height=\"720\" src=\"https:\/\/diariotextual.com\/inicio\/wp-content\/uploads\/2021\/06\/serrainonazarenomaestroranquel02.jpg\" alt=\"\" class=\"wp-image-148695\" srcset=\"https:\/\/diariotextual.com\/inicio\/wp-content\/uploads\/2021\/06\/serrainonazarenomaestroranquel02.jpg 960w, https:\/\/diariotextual.com\/inicio\/wp-content\/uploads\/2021\/06\/serrainonazarenomaestroranquel02-300x225.jpg 300w, https:\/\/diariotextual.com\/inicio\/wp-content\/uploads\/2021\/06\/serrainonazarenomaestroranquel02-768x576.jpg 768w, https:\/\/diariotextual.com\/inicio\/wp-content\/uploads\/2021\/06\/serrainonazarenomaestroranquel02-585x439.jpg 585w\" sizes=\"(max-width: 960px) 100vw, 960px\" \/><\/figure>\n\n\n\n<p>El enterratorio se realiz\u00f3 d\u00edas pasados en Victorica, La Pampa. Entre otros, estuvieron V\u00edctor Vincen, lonko de la comunidad Rank\u00fcl de Rancul; Mercedes Soria, lonko de la comunidad Rali-c\u00f3 de Realic\u00f3; Juan P\u00e9rez, lonko de la comunidad Baigorrita de Santa Rosa; Luis Dentoni Yancamil, lonko de la comunidad Yancamil de Victorica; la familia de Nazareno y de Luciana, su compa\u00f1era; y autoridades del Consejo Provincial Aborigen (CPA).<\/p>\n\n\n\n<p>\u201cDeseo recalcarlo como un hecho hist\u00f3rico, porque destaca el camino que sigue marcando el lonko Nazareno, no solamente en lo que tiene que ver con la difusi\u00f3n de la lengua y todo lo que ha dejado plasmado respecto de ello, como los&nbsp; manuales y diccionarios, por supuesto en colaboraci\u00f3n con otros hermanos como Daniel Cabral o Dentoni Yancamil, lonko de Victorica; sino tambi\u00e9n por haber marcado este volver a los enterratorios ranqueles como corresponde, con la ceremonia de los lonkos, de las jefas espirituales, de la familia; a la manera ancestral\u201d, dijo Coria.<\/p>\n\n\n\n<p>\u201cA pesar de la tristeza fue un momento muy hermoso para la Naci\u00f3n Ranquel y para la comunidad Rosa Moreno Mariqueo, porque es volver a nuestras ra\u00edces, volver a vivir lo que sintieron nuestros ancestros; esa espiritualidad que nos marca lo que somos. Somos parte de la tierra y nos elevamos en esp\u00edritu al \u2018Cume Malal\u2019, al corral de los buenos, acompa\u00f1ados por las comunidades y por la familia\u201d, sostuvo.<\/p>\n\n\n\n<p>\u201cDespu\u00e9s de m\u00e1s de cien a\u00f1os, vuelve a celebrarse un enterratorio a la manera ancestral, a restituir a la tierra nuestro cuerpo. La \u00d1uque Mapu, la Madre Tierra, abraz\u00f3 los restos de nuestro lonko, lo vuelve a cobijar como buena madre, para que su cuerpo descanse ah\u00ed\u201d, manifest\u00f3.<\/p>\n\n\n\n<p>\u201cEs muy importante&nbsp; visibilizar la lucha del pueblo ranquel, el avance de esa lucha y todo lo que hizo nuestro lonko y hermano pe\u00f1i Nazareno Serraino, como lonko de la comunidad Rosa Moreno Mariqueo en Victorica\u201d, expres\u00f3.<\/p>\n\n\n\n<p>\u201cEse momento, donde devolvimos el hijo de la tierra a la tierra, en una lomita, cerca de un cald\u00e9n fue muy emotivo y muy importante para el pueblo ranquel, porque fij\u00f3 un precedente que tiene que ver con el avance de la lucha y por todo lo que ha hecho Nazareno que fue y sigue siendo un maestro, nada m\u00e1s que hoy nuestro maestro ha ascendido al Cume Malal y ya es una ancestro del pueblo ranquel que nos va a guiar desde all\u00ed para seguir adelante en la lucha\u201d, dijo Coria.<\/p>\n\n\n\n<figure class=\"wp-block-embed is-type-wp-embed is-provider-diario-textual wp-block-embed-diario-textual\"><div class=\"wp-block-embed__wrapper\">\n<blockquote class=\"wp-embedded-content\" data-secret=\"WylnWhlu7q\"><a href=\"https:\/\/diariotextual.com\/inicio\/index.php\/2021\/06\/02\/fallecio-de-covid-nazareno-serraino-lonko-y-maestro-de-la-lengua-ranquel\/\">Falleci\u00f3 v\u00edctima del covid Nazareno Serraino, lonko y maestro de la lengua ranquel<\/a><\/blockquote><iframe class=\"wp-embedded-content\" sandbox=\"allow-scripts\" security=\"restricted\" style=\"position: absolute; clip: rect(1px, 1px, 1px, 1px);\" title=\"\u00abFalleci\u00f3 v\u00edctima del covid Nazareno Serraino, lonko y maestro de la lengua ranquel\u00bb \u2014 Diario Textual\" src=\"https:\/\/diariotextual.com\/inicio\/index.php\/2021\/06\/02\/fallecio-de-covid-nazareno-serraino-lonko-y-maestro-de-la-lengua-ranquel\/embed\/#?secret=WylnWhlu7q\" data-secret=\"WylnWhlu7q\" width=\"600\" height=\"338\" frameborder=\"0\" marginwidth=\"0\" marginheight=\"0\" scrolling=\"no\"><\/iframe>\n<\/div><\/figure>\n","protected":false},"excerpt":{"rendered":"<p>Despu\u00e9s de unos cien a\u00f1os, volvi\u00f3 a celebrarse un enterratorio a la manera ancestral en La Pampa. Se trat\u00f3 de una ceremonia por Nazareno Serraino, lonko de la comunidad Rosa&hellip;<\/p>\n","protected":false},"author":3,"featured_media":78300,"comment_status":"closed","ping_status":"open","sticky":false,"template":"","format":"standard","meta":{"_acf_changed":false,"footnotes":""},"categories":[10,20],"tags":[5613,5573],"class_list":["post-149724","post","type-post","status-publish","format-standard","has-post-thumbnail","hentry","category-portada-2","category-campo","tag-nazareno","tag-serraino"],"acf":[],"yoast_head":"<!-- This site is optimized with the Yoast SEO plugin v27.5 - https:\/\/yoast.com\/product\/yoast-seo-wordpress\/ -->\n<title>Pasaron 100 a\u00f1os y se volvi\u00f3 a celebrar un enterratorio ranquel en La Pampa - Diario Textual<\/title>\n<meta name=\"robots\" content=\"index, follow, max-snippet:-1, max-image-preview:large, max-video-preview:-1\" \/>\n<link rel=\"canonical\" href=\"https:\/\/diariotextual.com\/inicio\/index.php\/2021\/06\/09\/pasaron-100-anos-y-se-volvio-a-celebrar-un-enterratorio-ranquel-en-la-pampa\/\" \/>\n<meta property=\"og:locale\" content=\"es_ES\" \/>\n<meta property=\"og:type\" content=\"article\" \/>\n<meta property=\"og:title\" content=\"Pasaron 100 a\u00f1os y se volvi\u00f3 a celebrar un enterratorio ranquel en La Pampa - Diario Textual\" \/>\n<meta property=\"og:description\" content=\"Despu\u00e9s de unos cien a\u00f1os, volvi\u00f3 a celebrarse un enterratorio a la manera ancestral en La Pampa. Se trat\u00f3 de una ceremonia por Nazareno Serraino, lonko de la comunidad Rosa&hellip;\" \/>\n<meta property=\"og:url\" content=\"https:\/\/diariotextual.com\/inicio\/index.php\/2021\/06\/09\/pasaron-100-anos-y-se-volvio-a-celebrar-un-enterratorio-ranquel-en-la-pampa\/\" \/>\n<meta property=\"og:site_name\" content=\"Diario Textual\" \/>\n<meta property=\"article:publisher\" content=\"https:\/\/www.facebook.com\/eltextual\" \/>\n<meta property=\"article:published_time\" content=\"2021-06-09T23:30:30+00:00\" \/>\n<meta property=\"article:modified_time\" content=\"2021-06-10T10:24:11+00:00\" \/>\n<meta property=\"og:image\" content=\"https:\/\/diariotextual.com\/inicio\/wp-content\/uploads\/2020\/02\/ranqueles1.jpg\" \/>\n\t<meta property=\"og:image:width\" content=\"702\" \/>\n\t<meta property=\"og:image:height\" content=\"471\" \/>\n\t<meta property=\"og:image:type\" content=\"image\/jpeg\" \/>\n<meta name=\"author\" content=\"Diario1 Diario1\" \/>\n<meta name=\"twitter:card\" content=\"summary_large_image\" \/>\n<meta name=\"twitter:creator\" content=\"@eltextual\" \/>\n<meta name=\"twitter:site\" content=\"@eltextual\" \/>\n<meta name=\"twitter:label1\" content=\"Escrito por\" \/>\n\t<meta name=\"twitter:data1\" content=\"Diario1 Diario1\" \/>\n\t<meta name=\"twitter:label2\" content=\"Tiempo de lectura\" \/>\n\t<meta name=\"twitter:data2\" content=\"3 minutos\" \/>\n<script type=\"application\/ld+json\" class=\"yoast-schema-graph\">{\"@context\":\"https:\\\/\\\/schema.org\",\"@graph\":[{\"@type\":\"Article\",\"@id\":\"https:\\\/\\\/diariotextual.com\\\/inicio\\\/index.php\\\/2021\\\/06\\\/09\\\/pasaron-100-anos-y-se-volvio-a-celebrar-un-enterratorio-ranquel-en-la-pampa\\\/#article\",\"isPartOf\":{\"@id\":\"https:\\\/\\\/diariotextual.com\\\/inicio\\\/index.php\\\/2021\\\/06\\\/09\\\/pasaron-100-anos-y-se-volvio-a-celebrar-un-enterratorio-ranquel-en-la-pampa\\\/\"},\"author\":{\"name\":\"Diario1 Diario1\",\"@id\":\"https:\\\/\\\/diariotextual.com\\\/inicio\\\/#\\\/schema\\\/person\\\/418fc4093c33e86ed41562db3508f958\"},\"headline\":\"Pasaron 100 a\u00f1os y se volvi\u00f3 a celebrar un enterratorio ranquel en La Pampa\",\"datePublished\":\"2021-06-09T23:30:30+00:00\",\"dateModified\":\"2021-06-10T10:24:11+00:00\",\"mainEntityOfPage\":{\"@id\":\"https:\\\/\\\/diariotextual.com\\\/inicio\\\/index.php\\\/2021\\\/06\\\/09\\\/pasaron-100-anos-y-se-volvio-a-celebrar-un-enterratorio-ranquel-en-la-pampa\\\/\"},\"wordCount\":648,\"publisher\":{\"@id\":\"https:\\\/\\\/diariotextual.com\\\/inicio\\\/#organization\"},\"image\":{\"@id\":\"https:\\\/\\\/diariotextual.com\\\/inicio\\\/index.php\\\/2021\\\/06\\\/09\\\/pasaron-100-anos-y-se-volvio-a-celebrar-un-enterratorio-ranquel-en-la-pampa\\\/#primaryimage\"},\"thumbnailUrl\":\"https:\\\/\\\/diariotextual.com\\\/inicio\\\/wp-content\\\/uploads\\\/2020\\\/02\\\/ranqueles1.jpg\",\"keywords\":[\"nazareno\",\"serraino\"],\"articleSection\":[\"A - PORTADA2\",\"CAMPO\"],\"inLanguage\":\"es\"},{\"@type\":\"WebPage\",\"@id\":\"https:\\\/\\\/diariotextual.com\\\/inicio\\\/index.php\\\/2021\\\/06\\\/09\\\/pasaron-100-anos-y-se-volvio-a-celebrar-un-enterratorio-ranquel-en-la-pampa\\\/\",\"url\":\"https:\\\/\\\/diariotextual.com\\\/inicio\\\/index.php\\\/2021\\\/06\\\/09\\\/pasaron-100-anos-y-se-volvio-a-celebrar-un-enterratorio-ranquel-en-la-pampa\\\/\",\"name\":\"Pasaron 100 a\u00f1os y se volvi\u00f3 a celebrar un enterratorio ranquel en La Pampa - Diario Textual\",\"isPartOf\":{\"@id\":\"https:\\\/\\\/diariotextual.com\\\/inicio\\\/#website\"},\"primaryImageOfPage\":{\"@id\":\"https:\\\/\\\/diariotextual.com\\\/inicio\\\/index.php\\\/2021\\\/06\\\/09\\\/pasaron-100-anos-y-se-volvio-a-celebrar-un-enterratorio-ranquel-en-la-pampa\\\/#primaryimage\"},\"image\":{\"@id\":\"https:\\\/\\\/diariotextual.com\\\/inicio\\\/index.php\\\/2021\\\/06\\\/09\\\/pasaron-100-anos-y-se-volvio-a-celebrar-un-enterratorio-ranquel-en-la-pampa\\\/#primaryimage\"},\"thumbnailUrl\":\"https:\\\/\\\/diariotextual.com\\\/inicio\\\/wp-content\\\/uploads\\\/2020\\\/02\\\/ranqueles1.jpg\",\"datePublished\":\"2021-06-09T23:30:30+00:00\",\"dateModified\":\"2021-06-10T10:24:11+00:00\",\"breadcrumb\":{\"@id\":\"https:\\\/\\\/diariotextual.com\\\/inicio\\\/index.php\\\/2021\\\/06\\\/09\\\/pasaron-100-anos-y-se-volvio-a-celebrar-un-enterratorio-ranquel-en-la-pampa\\\/#breadcrumb\"},\"inLanguage\":\"es\",\"potentialAction\":[{\"@type\":\"ReadAction\",\"target\":[\"https:\\\/\\\/diariotextual.com\\\/inicio\\\/index.php\\\/2021\\\/06\\\/09\\\/pasaron-100-anos-y-se-volvio-a-celebrar-un-enterratorio-ranquel-en-la-pampa\\\/\"]}]},{\"@type\":\"ImageObject\",\"inLanguage\":\"es\",\"@id\":\"https:\\\/\\\/diariotextual.com\\\/inicio\\\/index.php\\\/2021\\\/06\\\/09\\\/pasaron-100-anos-y-se-volvio-a-celebrar-un-enterratorio-ranquel-en-la-pampa\\\/#primaryimage\",\"url\":\"https:\\\/\\\/diariotextual.com\\\/inicio\\\/wp-content\\\/uploads\\\/2020\\\/02\\\/ranqueles1.jpg\",\"contentUrl\":\"https:\\\/\\\/diariotextual.com\\\/inicio\\\/wp-content\\\/uploads\\\/2020\\\/02\\\/ranqueles1.jpg\",\"width\":702,\"height\":471},{\"@type\":\"BreadcrumbList\",\"@id\":\"https:\\\/\\\/diariotextual.com\\\/inicio\\\/index.php\\\/2021\\\/06\\\/09\\\/pasaron-100-anos-y-se-volvio-a-celebrar-un-enterratorio-ranquel-en-la-pampa\\\/#breadcrumb\",\"itemListElement\":[{\"@type\":\"ListItem\",\"position\":1,\"name\":\"Portada\",\"item\":\"https:\\\/\\\/diariotextual.com\\\/inicio\\\/\"},{\"@type\":\"ListItem\",\"position\":2,\"name\":\"Pasaron 100 a\u00f1os y se volvi\u00f3 a celebrar un enterratorio ranquel en La Pampa\"}]},{\"@type\":\"WebSite\",\"@id\":\"https:\\\/\\\/diariotextual.com\\\/inicio\\\/#website\",\"url\":\"https:\\\/\\\/diariotextual.com\\\/inicio\\\/\",\"name\":\"Diario Textual\",\"description\":\"\",\"publisher\":{\"@id\":\"https:\\\/\\\/diariotextual.com\\\/inicio\\\/#organization\"},\"potentialAction\":[{\"@type\":\"SearchAction\",\"target\":{\"@type\":\"EntryPoint\",\"urlTemplate\":\"https:\\\/\\\/diariotextual.com\\\/inicio\\\/?s={search_term_string}\"},\"query-input\":{\"@type\":\"PropertyValueSpecification\",\"valueRequired\":true,\"valueName\":\"search_term_string\"}}],\"inLanguage\":\"es\"},{\"@type\":\"Organization\",\"@id\":\"https:\\\/\\\/diariotextual.com\\\/inicio\\\/#organization\",\"name\":\"Diario Textual\",\"url\":\"https:\\\/\\\/diariotextual.com\\\/inicio\\\/\",\"logo\":{\"@type\":\"ImageObject\",\"inLanguage\":\"es\",\"@id\":\"https:\\\/\\\/diariotextual.com\\\/inicio\\\/#\\\/schema\\\/logo\\\/image\\\/\",\"url\":\"https:\\\/\\\/diariotextual.com\\\/inicio\\\/wp-content\\\/uploads\\\/2023\\\/05\\\/logotextual1.jpg\",\"contentUrl\":\"https:\\\/\\\/diariotextual.com\\\/inicio\\\/wp-content\\\/uploads\\\/2023\\\/05\\\/logotextual1.jpg\",\"width\":516,\"height\":76,\"caption\":\"Diario Textual\"},\"image\":{\"@id\":\"https:\\\/\\\/diariotextual.com\\\/inicio\\\/#\\\/schema\\\/logo\\\/image\\\/\"},\"sameAs\":[\"https:\\\/\\\/www.facebook.com\\\/eltextual\",\"https:\\\/\\\/x.com\\\/eltextual\",\"http:\\\/\\\/www.instagram.com\\\/eltextual\"]},{\"@type\":\"Person\",\"@id\":\"https:\\\/\\\/diariotextual.com\\\/inicio\\\/#\\\/schema\\\/person\\\/418fc4093c33e86ed41562db3508f958\",\"name\":\"Diario1 Diario1\",\"image\":{\"@type\":\"ImageObject\",\"inLanguage\":\"es\",\"@id\":\"https:\\\/\\\/secure.gravatar.com\\\/avatar\\\/9167d280179c85bc18be67aa7eda765854300033af4896dd779b608640f2ef7a?s=96&d=mm&r=g\",\"url\":\"https:\\\/\\\/secure.gravatar.com\\\/avatar\\\/9167d280179c85bc18be67aa7eda765854300033af4896dd779b608640f2ef7a?s=96&d=mm&r=g\",\"contentUrl\":\"https:\\\/\\\/secure.gravatar.com\\\/avatar\\\/9167d280179c85bc18be67aa7eda765854300033af4896dd779b608640f2ef7a?s=96&d=mm&r=g\",\"caption\":\"Diario1 Diario1\"},\"url\":\"https:\\\/\\\/diariotextual.com\\\/inicio\\\/index.php\\\/author\\\/diario1\\\/\"}]}<\/script>\n<!-- \/ Yoast SEO plugin. -->","yoast_head_json":{"title":"Pasaron 100 a\u00f1os y se volvi\u00f3 a celebrar un enterratorio ranquel en La Pampa - Diario Textual","robots":{"index":"index","follow":"follow","max-snippet":"max-snippet:-1","max-image-preview":"max-image-preview:large","max-video-preview":"max-video-preview:-1"},"canonical":"https:\/\/diariotextual.com\/inicio\/index.php\/2021\/06\/09\/pasaron-100-anos-y-se-volvio-a-celebrar-un-enterratorio-ranquel-en-la-pampa\/","og_locale":"es_ES","og_type":"article","og_title":"Pasaron 100 a\u00f1os y se volvi\u00f3 a celebrar un enterratorio ranquel en La Pampa - Diario Textual","og_description":"Despu\u00e9s de unos cien a\u00f1os, volvi\u00f3 a celebrarse un enterratorio a la manera ancestral en La Pampa. Se trat\u00f3 de una ceremonia por Nazareno Serraino, lonko de la comunidad Rosa&hellip;","og_url":"https:\/\/diariotextual.com\/inicio\/index.php\/2021\/06\/09\/pasaron-100-anos-y-se-volvio-a-celebrar-un-enterratorio-ranquel-en-la-pampa\/","og_site_name":"Diario Textual","article_publisher":"https:\/\/www.facebook.com\/eltextual","article_published_time":"2021-06-09T23:30:30+00:00","article_modified_time":"2021-06-10T10:24:11+00:00","og_image":[{"width":702,"height":471,"url":"https:\/\/diariotextual.com\/inicio\/wp-content\/uploads\/2020\/02\/ranqueles1.jpg","type":"image\/jpeg"}],"author":"Diario1 Diario1","twitter_card":"summary_large_image","twitter_creator":"@eltextual","twitter_site":"@eltextual","twitter_misc":{"Escrito por":"Diario1 Diario1","Tiempo de lectura":"3 minutos"},"schema":{"@context":"https:\/\/schema.org","@graph":[{"@type":"Article","@id":"https:\/\/diariotextual.com\/inicio\/index.php\/2021\/06\/09\/pasaron-100-anos-y-se-volvio-a-celebrar-un-enterratorio-ranquel-en-la-pampa\/#article","isPartOf":{"@id":"https:\/\/diariotextual.com\/inicio\/index.php\/2021\/06\/09\/pasaron-100-anos-y-se-volvio-a-celebrar-un-enterratorio-ranquel-en-la-pampa\/"},"author":{"name":"Diario1 Diario1","@id":"https:\/\/diariotextual.com\/inicio\/#\/schema\/person\/418fc4093c33e86ed41562db3508f958"},"headline":"Pasaron 100 a\u00f1os y se volvi\u00f3 a celebrar un enterratorio ranquel en La Pampa","datePublished":"2021-06-09T23:30:30+00:00","dateModified":"2021-06-10T10:24:11+00:00","mainEntityOfPage":{"@id":"https:\/\/diariotextual.com\/inicio\/index.php\/2021\/06\/09\/pasaron-100-anos-y-se-volvio-a-celebrar-un-enterratorio-ranquel-en-la-pampa\/"},"wordCount":648,"publisher":{"@id":"https:\/\/diariotextual.com\/inicio\/#organization"},"image":{"@id":"https:\/\/diariotextual.com\/inicio\/index.php\/2021\/06\/09\/pasaron-100-anos-y-se-volvio-a-celebrar-un-enterratorio-ranquel-en-la-pampa\/#primaryimage"},"thumbnailUrl":"https:\/\/diariotextual.com\/inicio\/wp-content\/uploads\/2020\/02\/ranqueles1.jpg","keywords":["nazareno","serraino"],"articleSection":["A - PORTADA2","CAMPO"],"inLanguage":"es"},{"@type":"WebPage","@id":"https:\/\/diariotextual.com\/inicio\/index.php\/2021\/06\/09\/pasaron-100-anos-y-se-volvio-a-celebrar-un-enterratorio-ranquel-en-la-pampa\/","url":"https:\/\/diariotextual.com\/inicio\/index.php\/2021\/06\/09\/pasaron-100-anos-y-se-volvio-a-celebrar-un-enterratorio-ranquel-en-la-pampa\/","name":"Pasaron 100 a\u00f1os y se volvi\u00f3 a celebrar un enterratorio ranquel en La Pampa - Diario Textual","isPartOf":{"@id":"https:\/\/diariotextual.com\/inicio\/#website"},"primaryImageOfPage":{"@id":"https:\/\/diariotextual.com\/inicio\/index.php\/2021\/06\/09\/pasaron-100-anos-y-se-volvio-a-celebrar-un-enterratorio-ranquel-en-la-pampa\/#primaryimage"},"image":{"@id":"https:\/\/diariotextual.com\/inicio\/index.php\/2021\/06\/09\/pasaron-100-anos-y-se-volvio-a-celebrar-un-enterratorio-ranquel-en-la-pampa\/#primaryimage"},"thumbnailUrl":"https:\/\/diariotextual.com\/inicio\/wp-content\/uploads\/2020\/02\/ranqueles1.jpg","datePublished":"2021-06-09T23:30:30+00:00","dateModified":"2021-06-10T10:24:11+00:00","breadcrumb":{"@id":"https:\/\/diariotextual.com\/inicio\/index.php\/2021\/06\/09\/pasaron-100-anos-y-se-volvio-a-celebrar-un-enterratorio-ranquel-en-la-pampa\/#breadcrumb"},"inLanguage":"es","potentialAction":[{"@type":"ReadAction","target":["https:\/\/diariotextual.com\/inicio\/index.php\/2021\/06\/09\/pasaron-100-anos-y-se-volvio-a-celebrar-un-enterratorio-ranquel-en-la-pampa\/"]}]},{"@type":"ImageObject","inLanguage":"es","@id":"https:\/\/diariotextual.com\/inicio\/index.php\/2021\/06\/09\/pasaron-100-anos-y-se-volvio-a-celebrar-un-enterratorio-ranquel-en-la-pampa\/#primaryimage","url":"https:\/\/diariotextual.com\/inicio\/wp-content\/uploads\/2020\/02\/ranqueles1.jpg","contentUrl":"https:\/\/diariotextual.com\/inicio\/wp-content\/uploads\/2020\/02\/ranqueles1.jpg","width":702,"height":471},{"@type":"BreadcrumbList","@id":"https:\/\/diariotextual.com\/inicio\/index.php\/2021\/06\/09\/pasaron-100-anos-y-se-volvio-a-celebrar-un-enterratorio-ranquel-en-la-pampa\/#breadcrumb","itemListElement":[{"@type":"ListItem","position":1,"name":"Portada","item":"https:\/\/diariotextual.com\/inicio\/"},{"@type":"ListItem","position":2,"name":"Pasaron 100 a\u00f1os y se volvi\u00f3 a celebrar un enterratorio ranquel en La Pampa"}]},{"@type":"WebSite","@id":"https:\/\/diariotextual.com\/inicio\/#website","url":"https:\/\/diariotextual.com\/inicio\/","name":"Diario Textual","description":"","publisher":{"@id":"https:\/\/diariotextual.com\/inicio\/#organization"},"potentialAction":[{"@type":"SearchAction","target":{"@type":"EntryPoint","urlTemplate":"https:\/\/diariotextual.com\/inicio\/?s={search_term_string}"},"query-input":{"@type":"PropertyValueSpecification","valueRequired":true,"valueName":"search_term_string"}}],"inLanguage":"es"},{"@type":"Organization","@id":"https:\/\/diariotextual.com\/inicio\/#organization","name":"Diario Textual","url":"https:\/\/diariotextual.com\/inicio\/","logo":{"@type":"ImageObject","inLanguage":"es","@id":"https:\/\/diariotextual.com\/inicio\/#\/schema\/logo\/image\/","url":"https:\/\/diariotextual.com\/inicio\/wp-content\/uploads\/2023\/05\/logotextual1.jpg","contentUrl":"https:\/\/diariotextual.com\/inicio\/wp-content\/uploads\/2023\/05\/logotextual1.jpg","width":516,"height":76,"caption":"Diario Textual"},"image":{"@id":"https:\/\/diariotextual.com\/inicio\/#\/schema\/logo\/image\/"},"sameAs":["https:\/\/www.facebook.com\/eltextual","https:\/\/x.com\/eltextual","http:\/\/www.instagram.com\/eltextual"]},{"@type":"Person","@id":"https:\/\/diariotextual.com\/inicio\/#\/schema\/person\/418fc4093c33e86ed41562db3508f958","name":"Diario1 Diario1","image":{"@type":"ImageObject","inLanguage":"es","@id":"https:\/\/secure.gravatar.com\/avatar\/9167d280179c85bc18be67aa7eda765854300033af4896dd779b608640f2ef7a?s=96&d=mm&r=g","url":"https:\/\/secure.gravatar.com\/avatar\/9167d280179c85bc18be67aa7eda765854300033af4896dd779b608640f2ef7a?s=96&d=mm&r=g","contentUrl":"https:\/\/secure.gravatar.com\/avatar\/9167d280179c85bc18be67aa7eda765854300033af4896dd779b608640f2ef7a?s=96&d=mm&r=g","caption":"Diario1 Diario1"},"url":"https:\/\/diariotextual.com\/inicio\/index.php\/author\/diario1\/"}]}},"_links":{"self":[{"href":"https:\/\/diariotextual.com\/inicio\/index.php\/wp-json\/wp\/v2\/posts\/149724","targetHints":{"allow":["GET"]}}],"collection":[{"href":"https:\/\/diariotextual.com\/inicio\/index.php\/wp-json\/wp\/v2\/posts"}],"about":[{"href":"https:\/\/diariotextual.com\/inicio\/index.php\/wp-json\/wp\/v2\/types\/post"}],"author":[{"embeddable":true,"href":"https:\/\/diariotextual.com\/inicio\/index.php\/wp-json\/wp\/v2\/users\/3"}],"replies":[{"embeddable":true,"href":"https:\/\/diariotextual.com\/inicio\/index.php\/wp-json\/wp\/v2\/comments?post=149724"}],"version-history":[{"count":2,"href":"https:\/\/diariotextual.com\/inicio\/index.php\/wp-json\/wp\/v2\/posts\/149724\/revisions"}],"predecessor-version":[{"id":149726,"href":"https:\/\/diariotextual.com\/inicio\/index.php\/wp-json\/wp\/v2\/posts\/149724\/revisions\/149726"}],"wp:featuredmedia":[{"embeddable":true,"href":"https:\/\/diariotextual.com\/inicio\/index.php\/wp-json\/wp\/v2\/media\/78300"}],"wp:attachment":[{"href":"https:\/\/diariotextual.com\/inicio\/index.php\/wp-json\/wp\/v2\/media?parent=149724"}],"wp:term":[{"taxonomy":"category","embeddable":true,"href":"https:\/\/diariotextual.com\/inicio\/index.php\/wp-json\/wp\/v2\/categories?post=149724"},{"taxonomy":"post_tag","embeddable":true,"href":"https:\/\/diariotextual.com\/inicio\/index.php\/wp-json\/wp\/v2\/tags?post=149724"}],"curies":[{"name":"wp","href":"https:\/\/api.w.org\/{rel}","templated":true}]}}