{"id":149747,"date":"2021-06-10T07:22:24","date_gmt":"2021-06-10T10:22:24","guid":{"rendered":"https:\/\/diariotextual.com\/inicio\/?p=149747"},"modified":"2021-06-10T09:44:13","modified_gmt":"2021-06-10T12:44:13","slug":"impulsan-mejoras-y-piden-una-revision-del-retroactivo-del-monotributo","status":"publish","type":"post","link":"https:\/\/diariotextual.com\/inicio\/index.php\/2021\/06\/10\/impulsan-mejoras-y-piden-una-revision-del-retroactivo-del-monotributo\/","title":{"rendered":"Impulsan mejoras y piden una revisi\u00f3n del retroactivo del monotributo"},"content":{"rendered":"\n<p>El presidente Alberto Fern\u00e1ndez le solicit\u00f3 al titular de la C\u00e1mara de Diputados, Sergio Massa, que impulse en el Congreso <strong>un programa de mejoras para el monotributo y de alivio fiscal, lo que incluir\u00e1 la revisi\u00f3n del retroactivo<\/strong> fijado por la AFIP a los contribuyentes tras la recategorizaci\u00f3n.<br><br>As\u00ed lo plante\u00f3 el Presidente al encabezar este mi\u00e9rcoles por la tarde un encuentro en la&nbsp;<strong>Casa Rosada&nbsp;<\/strong>con&nbsp;<strong>Massa<\/strong>, el ministro de Econom\u00eda,&nbsp;<strong>Mart\u00edn Guzm\u00e1n<\/strong>; y el secretario de Hacienda,&nbsp;<strong>Ra\u00fal Rigo<\/strong>, informaron fuentes oficiales.<br><br>El jefe de Estado analiz\u00f3 el impacto del R\u00e9gimen de Sostenimiento e Inclusi\u00f3n Fiscal para Peque\u00f1os Contribuyentes, que se implement\u00f3 por ley, explicaron los voceros del encuentro.<br><br>De esta manera \u201c<strong>se avanzar\u00e1 en un proyecto de ley que permita resolver el problema del retroactivo\u201d<\/strong>, agregaron las fuentes, al se\u00f1alar que la AFIP efectiviz\u00f3 el reclamo a los contribuyentes del sistema en los t\u00e9rminos que dispone la legislaci\u00f3n vigente.<br><br>Cuando la nueva norma sea aprobada en las pr\u00f3ximas semanas por el Congreso, los contribuyentes&nbsp;<strong>monotributistas quedar\u00e1n eximidos de abonar la potencial deuda&nbsp;<\/strong>generada de manera retroactiva en base a lo que determina el r\u00e9gimen sancionado en abril pasado por el Parlamento.<br><br>El nuevo proyecto habilitar\u00e1 al organismo que conduce Mercedes Marc\u00f3 del Pont a eximir de las deudas reclamadas por las diferencias acumuladas entre enero y junio de este a\u00f1o, originadas por la demora en la sanci\u00f3n de la ley que estableci\u00f3 las nuevas escalas del Monotributo con un ajuste del 35,3%.<br><br>Pero&nbsp;<strong>tambi\u00e9n se incorporar\u00e1 una \u201cmejora del esquema del Monotributo con car\u00e1cter progresivo\u201d<\/strong>&nbsp;de manera de&nbsp;<strong>reducir la presi\u00f3n impositiva en las escalas mas bajas<\/strong>, en el marco de la menor actividad laboral que registraron muchos de los trabajadores independientes por la pandemia.<br><br>La semana pasada la AFIP categoriz\u00f3 a m\u00e1s de 4 millones de monotributistas de acuerdo con la escala que correspond\u00eda encontrarse encuadrado a partir de febrero de este a\u00f1o, en funci\u00f3n de lo establecido por ley y en igual proporci\u00f3n que la evoluci\u00f3n del haber m\u00ednimo jubilatorio.<br><br>Para atenuar el impacto en los trabajadores independientes, tambi\u00e9n dispuso un plan por el cual los peque\u00f1os contribuyentes podr\u00edan financiar hasta en 20 cuotas el pago de la diferencia generada como resultado del proceso de categorizaci\u00f3n.<br><br>La medida no obstante gener\u00f3 reclamos de los contribuyentes alcanzados por la aplicaci\u00f3n del retroactivo, en particular a trav\u00e9s del colectivo Monotributistas Organizados que se congreg\u00f3 en Plaza de Mayo en rechazo del retroactivo, al que consideraron \u201cilegal, ileg\u00edtimo e inconstitucional\u201d.<br><br>La Ley de Sostenimiento e Inclusi\u00f3n Fiscal para Peque\u00f1os Contribuyentes, aprobada en abril introdujo modificaciones en el monotributo que facilitan la transici\u00f3n hacia el r\u00e9gimen general de aut\u00f3nomos, con algunos beneficios, y al mismo tiempo actualiza los valores a pagar por las distintas categor\u00edas, con efecto retroactivo a enero de 2021.<br><br>La legislaci\u00f3n contempla que las escalas y los tres componentes del monotributo (impositivo, seguridad social y obra social) se actualizan una vez al a\u00f1o, en enero, lo que t\u00e9cnicamente origin\u00f3 la aplicaci\u00f3n del retroactivo.<br><br>Seg\u00fan la AFIP, la actualizaci\u00f3n \u201cgarantiza el financiamiento a la seguridad social y el sistema de salud, al tiempo que incrementa los montos que pueden facturarse anualmente en cada escala. En cada oportunidad los monotributistas deben recategorizarse en forma obligatoria\u201d.<br><br>La normativa vigente establece que la actualizaci\u00f3n es equivalente a la variaci\u00f3n del haber jubilatorio m\u00ednimo garantizado.<br><br>Sin embargo, la movilidad jubilatoria estuvo suspendida durante la segunda parte de 2020. Por eso, en enero de 2021 no fue posible adecuar los valores y escalas del monotributo. De esta forma, los peque\u00f1os contribuyentes debieron recategorizarse en enero con valores y escalas que no hab\u00edan sido actualizadas.<br><br>La ley que cre\u00f3 el R\u00e9gimen de Sostenimiento e Inclusi\u00f3n Fiscal para Peque\u00f1os Contribuyentes sancionada en abril de 2021 subsan\u00f3 esos problemas al instrumentar nuevamente la movilidad y contemplar, por \u00fanica vez, una categorizaci\u00f3n que se realiz\u00f3 a partir de la informaci\u00f3n disponible en la AFIP sobre la facturaci\u00f3n de cada contribuyente.<br><br>Esa medida permite facturar m\u00e1s y al mismo tiempo actualiza los montos de las obligaciones que fundamentalmente financian la seguridad social y el sistema de salud.<\/p>\n","protected":false},"excerpt":{"rendered":"<p>El presidente Alberto Fern\u00e1ndez le solicit\u00f3 al titular de la C\u00e1mara de Diputados, Sergio Massa, que impulse en el Congreso un programa de mejoras para el monotributo y de alivio&hellip;<\/p>\n","protected":false},"author":4,"featured_media":68676,"comment_status":"closed","ping_status":"open","sticky":false,"template":"","format":"standard","meta":{"_acf_changed":false,"footnotes":""},"categories":[10,5],"tags":[1209],"class_list":["post-149747","post","type-post","status-publish","format-standard","has-post-thumbnail","hentry","category-portada-2","category-economia","tag-monotributo"],"acf":[],"yoast_head":"<!-- This site is optimized with the Yoast SEO plugin v27.5 - https:\/\/yoast.com\/product\/yoast-seo-wordpress\/ -->\n<title>Impulsan mejoras y piden una revisi\u00f3n del retroactivo del monotributo - Diario Textual<\/title>\n<meta name=\"robots\" content=\"index, follow, max-snippet:-1, max-image-preview:large, max-video-preview:-1\" \/>\n<link rel=\"canonical\" href=\"https:\/\/diariotextual.com\/inicio\/index.php\/2021\/06\/10\/impulsan-mejoras-y-piden-una-revision-del-retroactivo-del-monotributo\/\" \/>\n<meta property=\"og:locale\" content=\"es_ES\" \/>\n<meta property=\"og:type\" content=\"article\" \/>\n<meta property=\"og:title\" content=\"Impulsan mejoras y piden una revisi\u00f3n del retroactivo del monotributo - Diario Textual\" \/>\n<meta property=\"og:description\" content=\"El presidente Alberto Fern\u00e1ndez le solicit\u00f3 al titular de la C\u00e1mara de Diputados, Sergio Massa, que impulse en el Congreso un programa de mejoras para el monotributo y de alivio&hellip;\" \/>\n<meta property=\"og:url\" content=\"https:\/\/diariotextual.com\/inicio\/index.php\/2021\/06\/10\/impulsan-mejoras-y-piden-una-revision-del-retroactivo-del-monotributo\/\" \/>\n<meta property=\"og:site_name\" content=\"Diario Textual\" \/>\n<meta property=\"article:publisher\" content=\"https:\/\/www.facebook.com\/eltextual\" \/>\n<meta property=\"article:published_time\" content=\"2021-06-10T10:22:24+00:00\" \/>\n<meta property=\"article:modified_time\" content=\"2021-06-10T12:44:13+00:00\" \/>\n<meta property=\"og:image\" content=\"https:\/\/diariotextual.com\/inicio\/wp-content\/uploads\/2019\/11\/afipmonotributo2.jpg\" \/>\n\t<meta property=\"og:image:width\" content=\"810\" \/>\n\t<meta property=\"og:image:height\" content=\"450\" \/>\n\t<meta property=\"og:image:type\" content=\"image\/jpeg\" \/>\n<meta name=\"author\" content=\"diario2\" \/>\n<meta name=\"twitter:card\" content=\"summary_large_image\" \/>\n<meta name=\"twitter:creator\" content=\"@eltextual\" \/>\n<meta name=\"twitter:site\" content=\"@eltextual\" \/>\n<meta name=\"twitter:label1\" content=\"Escrito por\" \/>\n\t<meta name=\"twitter:data1\" content=\"diario2\" \/>\n\t<meta name=\"twitter:label2\" content=\"Tiempo de lectura\" \/>\n\t<meta name=\"twitter:data2\" content=\"3 minutos\" \/>\n<script type=\"application\/ld+json\" class=\"yoast-schema-graph\">{\"@context\":\"https:\\\/\\\/schema.org\",\"@graph\":[{\"@type\":\"Article\",\"@id\":\"https:\\\/\\\/diariotextual.com\\\/inicio\\\/index.php\\\/2021\\\/06\\\/10\\\/impulsan-mejoras-y-piden-una-revision-del-retroactivo-del-monotributo\\\/#article\",\"isPartOf\":{\"@id\":\"https:\\\/\\\/diariotextual.com\\\/inicio\\\/index.php\\\/2021\\\/06\\\/10\\\/impulsan-mejoras-y-piden-una-revision-del-retroactivo-del-monotributo\\\/\"},\"author\":{\"name\":\"diario2\",\"@id\":\"https:\\\/\\\/diariotextual.com\\\/inicio\\\/#\\\/schema\\\/person\\\/694f60677f23c4a530867a98f22b3768\"},\"headline\":\"Impulsan mejoras y piden una revisi\u00f3n del retroactivo del monotributo\",\"datePublished\":\"2021-06-10T10:22:24+00:00\",\"dateModified\":\"2021-06-10T12:44:13+00:00\",\"mainEntityOfPage\":{\"@id\":\"https:\\\/\\\/diariotextual.com\\\/inicio\\\/index.php\\\/2021\\\/06\\\/10\\\/impulsan-mejoras-y-piden-una-revision-del-retroactivo-del-monotributo\\\/\"},\"wordCount\":755,\"publisher\":{\"@id\":\"https:\\\/\\\/diariotextual.com\\\/inicio\\\/#organization\"},\"image\":{\"@id\":\"https:\\\/\\\/diariotextual.com\\\/inicio\\\/index.php\\\/2021\\\/06\\\/10\\\/impulsan-mejoras-y-piden-una-revision-del-retroactivo-del-monotributo\\\/#primaryimage\"},\"thumbnailUrl\":\"https:\\\/\\\/diariotextual.com\\\/inicio\\\/wp-content\\\/uploads\\\/2019\\\/11\\\/afipmonotributo2.jpg\",\"keywords\":[\"monotributo\"],\"articleSection\":[\"A - PORTADA2\",\"ECONOMIA\"],\"inLanguage\":\"es\"},{\"@type\":\"WebPage\",\"@id\":\"https:\\\/\\\/diariotextual.com\\\/inicio\\\/index.php\\\/2021\\\/06\\\/10\\\/impulsan-mejoras-y-piden-una-revision-del-retroactivo-del-monotributo\\\/\",\"url\":\"https:\\\/\\\/diariotextual.com\\\/inicio\\\/index.php\\\/2021\\\/06\\\/10\\\/impulsan-mejoras-y-piden-una-revision-del-retroactivo-del-monotributo\\\/\",\"name\":\"Impulsan mejoras y piden una revisi\u00f3n del retroactivo del monotributo - Diario Textual\",\"isPartOf\":{\"@id\":\"https:\\\/\\\/diariotextual.com\\\/inicio\\\/#website\"},\"primaryImageOfPage\":{\"@id\":\"https:\\\/\\\/diariotextual.com\\\/inicio\\\/index.php\\\/2021\\\/06\\\/10\\\/impulsan-mejoras-y-piden-una-revision-del-retroactivo-del-monotributo\\\/#primaryimage\"},\"image\":{\"@id\":\"https:\\\/\\\/diariotextual.com\\\/inicio\\\/index.php\\\/2021\\\/06\\\/10\\\/impulsan-mejoras-y-piden-una-revision-del-retroactivo-del-monotributo\\\/#primaryimage\"},\"thumbnailUrl\":\"https:\\\/\\\/diariotextual.com\\\/inicio\\\/wp-content\\\/uploads\\\/2019\\\/11\\\/afipmonotributo2.jpg\",\"datePublished\":\"2021-06-10T10:22:24+00:00\",\"dateModified\":\"2021-06-10T12:44:13+00:00\",\"breadcrumb\":{\"@id\":\"https:\\\/\\\/diariotextual.com\\\/inicio\\\/index.php\\\/2021\\\/06\\\/10\\\/impulsan-mejoras-y-piden-una-revision-del-retroactivo-del-monotributo\\\/#breadcrumb\"},\"inLanguage\":\"es\",\"potentialAction\":[{\"@type\":\"ReadAction\",\"target\":[\"https:\\\/\\\/diariotextual.com\\\/inicio\\\/index.php\\\/2021\\\/06\\\/10\\\/impulsan-mejoras-y-piden-una-revision-del-retroactivo-del-monotributo\\\/\"]}]},{\"@type\":\"ImageObject\",\"inLanguage\":\"es\",\"@id\":\"https:\\\/\\\/diariotextual.com\\\/inicio\\\/index.php\\\/2021\\\/06\\\/10\\\/impulsan-mejoras-y-piden-una-revision-del-retroactivo-del-monotributo\\\/#primaryimage\",\"url\":\"https:\\\/\\\/diariotextual.com\\\/inicio\\\/wp-content\\\/uploads\\\/2019\\\/11\\\/afipmonotributo2.jpg\",\"contentUrl\":\"https:\\\/\\\/diariotextual.com\\\/inicio\\\/wp-content\\\/uploads\\\/2019\\\/11\\\/afipmonotributo2.jpg\",\"width\":810,\"height\":450},{\"@type\":\"BreadcrumbList\",\"@id\":\"https:\\\/\\\/diariotextual.com\\\/inicio\\\/index.php\\\/2021\\\/06\\\/10\\\/impulsan-mejoras-y-piden-una-revision-del-retroactivo-del-monotributo\\\/#breadcrumb\",\"itemListElement\":[{\"@type\":\"ListItem\",\"position\":1,\"name\":\"Portada\",\"item\":\"https:\\\/\\\/diariotextual.com\\\/inicio\\\/\"},{\"@type\":\"ListItem\",\"position\":2,\"name\":\"Impulsan mejoras y piden una revisi\u00f3n del retroactivo del monotributo\"}]},{\"@type\":\"WebSite\",\"@id\":\"https:\\\/\\\/diariotextual.com\\\/inicio\\\/#website\",\"url\":\"https:\\\/\\\/diariotextual.com\\\/inicio\\\/\",\"name\":\"Diario Textual\",\"description\":\"\",\"publisher\":{\"@id\":\"https:\\\/\\\/diariotextual.com\\\/inicio\\\/#organization\"},\"potentialAction\":[{\"@type\":\"SearchAction\",\"target\":{\"@type\":\"EntryPoint\",\"urlTemplate\":\"https:\\\/\\\/diariotextual.com\\\/inicio\\\/?s={search_term_string}\"},\"query-input\":{\"@type\":\"PropertyValueSpecification\",\"valueRequired\":true,\"valueName\":\"search_term_string\"}}],\"inLanguage\":\"es\"},{\"@type\":\"Organization\",\"@id\":\"https:\\\/\\\/diariotextual.com\\\/inicio\\\/#organization\",\"name\":\"Diario Textual\",\"url\":\"https:\\\/\\\/diariotextual.com\\\/inicio\\\/\",\"logo\":{\"@type\":\"ImageObject\",\"inLanguage\":\"es\",\"@id\":\"https:\\\/\\\/diariotextual.com\\\/inicio\\\/#\\\/schema\\\/logo\\\/image\\\/\",\"url\":\"https:\\\/\\\/diariotextual.com\\\/inicio\\\/wp-content\\\/uploads\\\/2023\\\/05\\\/logotextual1.jpg\",\"contentUrl\":\"https:\\\/\\\/diariotextual.com\\\/inicio\\\/wp-content\\\/uploads\\\/2023\\\/05\\\/logotextual1.jpg\",\"width\":516,\"height\":76,\"caption\":\"Diario Textual\"},\"image\":{\"@id\":\"https:\\\/\\\/diariotextual.com\\\/inicio\\\/#\\\/schema\\\/logo\\\/image\\\/\"},\"sameAs\":[\"https:\\\/\\\/www.facebook.com\\\/eltextual\",\"https:\\\/\\\/x.com\\\/eltextual\",\"http:\\\/\\\/www.instagram.com\\\/eltextual\"]},{\"@type\":\"Person\",\"@id\":\"https:\\\/\\\/diariotextual.com\\\/inicio\\\/#\\\/schema\\\/person\\\/694f60677f23c4a530867a98f22b3768\",\"name\":\"diario2\",\"image\":{\"@type\":\"ImageObject\",\"inLanguage\":\"es\",\"@id\":\"https:\\\/\\\/secure.gravatar.com\\\/avatar\\\/5a2567495ba16b852fcd8f1ed006a2e24fcace936018ed8237e95f488ad6e0a7?s=96&d=mm&r=g\",\"url\":\"https:\\\/\\\/secure.gravatar.com\\\/avatar\\\/5a2567495ba16b852fcd8f1ed006a2e24fcace936018ed8237e95f488ad6e0a7?s=96&d=mm&r=g\",\"contentUrl\":\"https:\\\/\\\/secure.gravatar.com\\\/avatar\\\/5a2567495ba16b852fcd8f1ed006a2e24fcace936018ed8237e95f488ad6e0a7?s=96&d=mm&r=g\",\"caption\":\"diario2\"},\"url\":\"https:\\\/\\\/diariotextual.com\\\/inicio\\\/index.php\\\/author\\\/diario2\\\/\"}]}<\/script>\n<!-- \/ Yoast SEO plugin. -->","yoast_head_json":{"title":"Impulsan mejoras y piden una revisi\u00f3n del retroactivo del monotributo - Diario Textual","robots":{"index":"index","follow":"follow","max-snippet":"max-snippet:-1","max-image-preview":"max-image-preview:large","max-video-preview":"max-video-preview:-1"},"canonical":"https:\/\/diariotextual.com\/inicio\/index.php\/2021\/06\/10\/impulsan-mejoras-y-piden-una-revision-del-retroactivo-del-monotributo\/","og_locale":"es_ES","og_type":"article","og_title":"Impulsan mejoras y piden una revisi\u00f3n del retroactivo del monotributo - Diario Textual","og_description":"El presidente Alberto Fern\u00e1ndez le solicit\u00f3 al titular de la C\u00e1mara de Diputados, Sergio Massa, que impulse en el Congreso un programa de mejoras para el monotributo y de alivio&hellip;","og_url":"https:\/\/diariotextual.com\/inicio\/index.php\/2021\/06\/10\/impulsan-mejoras-y-piden-una-revision-del-retroactivo-del-monotributo\/","og_site_name":"Diario Textual","article_publisher":"https:\/\/www.facebook.com\/eltextual","article_published_time":"2021-06-10T10:22:24+00:00","article_modified_time":"2021-06-10T12:44:13+00:00","og_image":[{"width":810,"height":450,"url":"https:\/\/diariotextual.com\/inicio\/wp-content\/uploads\/2019\/11\/afipmonotributo2.jpg","type":"image\/jpeg"}],"author":"diario2","twitter_card":"summary_large_image","twitter_creator":"@eltextual","twitter_site":"@eltextual","twitter_misc":{"Escrito por":"diario2","Tiempo de lectura":"3 minutos"},"schema":{"@context":"https:\/\/schema.org","@graph":[{"@type":"Article","@id":"https:\/\/diariotextual.com\/inicio\/index.php\/2021\/06\/10\/impulsan-mejoras-y-piden-una-revision-del-retroactivo-del-monotributo\/#article","isPartOf":{"@id":"https:\/\/diariotextual.com\/inicio\/index.php\/2021\/06\/10\/impulsan-mejoras-y-piden-una-revision-del-retroactivo-del-monotributo\/"},"author":{"name":"diario2","@id":"https:\/\/diariotextual.com\/inicio\/#\/schema\/person\/694f60677f23c4a530867a98f22b3768"},"headline":"Impulsan mejoras y piden una revisi\u00f3n del retroactivo del monotributo","datePublished":"2021-06-10T10:22:24+00:00","dateModified":"2021-06-10T12:44:13+00:00","mainEntityOfPage":{"@id":"https:\/\/diariotextual.com\/inicio\/index.php\/2021\/06\/10\/impulsan-mejoras-y-piden-una-revision-del-retroactivo-del-monotributo\/"},"wordCount":755,"publisher":{"@id":"https:\/\/diariotextual.com\/inicio\/#organization"},"image":{"@id":"https:\/\/diariotextual.com\/inicio\/index.php\/2021\/06\/10\/impulsan-mejoras-y-piden-una-revision-del-retroactivo-del-monotributo\/#primaryimage"},"thumbnailUrl":"https:\/\/diariotextual.com\/inicio\/wp-content\/uploads\/2019\/11\/afipmonotributo2.jpg","keywords":["monotributo"],"articleSection":["A - PORTADA2","ECONOMIA"],"inLanguage":"es"},{"@type":"WebPage","@id":"https:\/\/diariotextual.com\/inicio\/index.php\/2021\/06\/10\/impulsan-mejoras-y-piden-una-revision-del-retroactivo-del-monotributo\/","url":"https:\/\/diariotextual.com\/inicio\/index.php\/2021\/06\/10\/impulsan-mejoras-y-piden-una-revision-del-retroactivo-del-monotributo\/","name":"Impulsan mejoras y piden una revisi\u00f3n del retroactivo del monotributo - Diario Textual","isPartOf":{"@id":"https:\/\/diariotextual.com\/inicio\/#website"},"primaryImageOfPage":{"@id":"https:\/\/diariotextual.com\/inicio\/index.php\/2021\/06\/10\/impulsan-mejoras-y-piden-una-revision-del-retroactivo-del-monotributo\/#primaryimage"},"image":{"@id":"https:\/\/diariotextual.com\/inicio\/index.php\/2021\/06\/10\/impulsan-mejoras-y-piden-una-revision-del-retroactivo-del-monotributo\/#primaryimage"},"thumbnailUrl":"https:\/\/diariotextual.com\/inicio\/wp-content\/uploads\/2019\/11\/afipmonotributo2.jpg","datePublished":"2021-06-10T10:22:24+00:00","dateModified":"2021-06-10T12:44:13+00:00","breadcrumb":{"@id":"https:\/\/diariotextual.com\/inicio\/index.php\/2021\/06\/10\/impulsan-mejoras-y-piden-una-revision-del-retroactivo-del-monotributo\/#breadcrumb"},"inLanguage":"es","potentialAction":[{"@type":"ReadAction","target":["https:\/\/diariotextual.com\/inicio\/index.php\/2021\/06\/10\/impulsan-mejoras-y-piden-una-revision-del-retroactivo-del-monotributo\/"]}]},{"@type":"ImageObject","inLanguage":"es","@id":"https:\/\/diariotextual.com\/inicio\/index.php\/2021\/06\/10\/impulsan-mejoras-y-piden-una-revision-del-retroactivo-del-monotributo\/#primaryimage","url":"https:\/\/diariotextual.com\/inicio\/wp-content\/uploads\/2019\/11\/afipmonotributo2.jpg","contentUrl":"https:\/\/diariotextual.com\/inicio\/wp-content\/uploads\/2019\/11\/afipmonotributo2.jpg","width":810,"height":450},{"@type":"BreadcrumbList","@id":"https:\/\/diariotextual.com\/inicio\/index.php\/2021\/06\/10\/impulsan-mejoras-y-piden-una-revision-del-retroactivo-del-monotributo\/#breadcrumb","itemListElement":[{"@type":"ListItem","position":1,"name":"Portada","item":"https:\/\/diariotextual.com\/inicio\/"},{"@type":"ListItem","position":2,"name":"Impulsan mejoras y piden una revisi\u00f3n del retroactivo del monotributo"}]},{"@type":"WebSite","@id":"https:\/\/diariotextual.com\/inicio\/#website","url":"https:\/\/diariotextual.com\/inicio\/","name":"Diario Textual","description":"","publisher":{"@id":"https:\/\/diariotextual.com\/inicio\/#organization"},"potentialAction":[{"@type":"SearchAction","target":{"@type":"EntryPoint","urlTemplate":"https:\/\/diariotextual.com\/inicio\/?s={search_term_string}"},"query-input":{"@type":"PropertyValueSpecification","valueRequired":true,"valueName":"search_term_string"}}],"inLanguage":"es"},{"@type":"Organization","@id":"https:\/\/diariotextual.com\/inicio\/#organization","name":"Diario Textual","url":"https:\/\/diariotextual.com\/inicio\/","logo":{"@type":"ImageObject","inLanguage":"es","@id":"https:\/\/diariotextual.com\/inicio\/#\/schema\/logo\/image\/","url":"https:\/\/diariotextual.com\/inicio\/wp-content\/uploads\/2023\/05\/logotextual1.jpg","contentUrl":"https:\/\/diariotextual.com\/inicio\/wp-content\/uploads\/2023\/05\/logotextual1.jpg","width":516,"height":76,"caption":"Diario Textual"},"image":{"@id":"https:\/\/diariotextual.com\/inicio\/#\/schema\/logo\/image\/"},"sameAs":["https:\/\/www.facebook.com\/eltextual","https:\/\/x.com\/eltextual","http:\/\/www.instagram.com\/eltextual"]},{"@type":"Person","@id":"https:\/\/diariotextual.com\/inicio\/#\/schema\/person\/694f60677f23c4a530867a98f22b3768","name":"diario2","image":{"@type":"ImageObject","inLanguage":"es","@id":"https:\/\/secure.gravatar.com\/avatar\/5a2567495ba16b852fcd8f1ed006a2e24fcace936018ed8237e95f488ad6e0a7?s=96&d=mm&r=g","url":"https:\/\/secure.gravatar.com\/avatar\/5a2567495ba16b852fcd8f1ed006a2e24fcace936018ed8237e95f488ad6e0a7?s=96&d=mm&r=g","contentUrl":"https:\/\/secure.gravatar.com\/avatar\/5a2567495ba16b852fcd8f1ed006a2e24fcace936018ed8237e95f488ad6e0a7?s=96&d=mm&r=g","caption":"diario2"},"url":"https:\/\/diariotextual.com\/inicio\/index.php\/author\/diario2\/"}]}},"_links":{"self":[{"href":"https:\/\/diariotextual.com\/inicio\/index.php\/wp-json\/wp\/v2\/posts\/149747","targetHints":{"allow":["GET"]}}],"collection":[{"href":"https:\/\/diariotextual.com\/inicio\/index.php\/wp-json\/wp\/v2\/posts"}],"about":[{"href":"https:\/\/diariotextual.com\/inicio\/index.php\/wp-json\/wp\/v2\/types\/post"}],"author":[{"embeddable":true,"href":"https:\/\/diariotextual.com\/inicio\/index.php\/wp-json\/wp\/v2\/users\/4"}],"replies":[{"embeddable":true,"href":"https:\/\/diariotextual.com\/inicio\/index.php\/wp-json\/wp\/v2\/comments?post=149747"}],"version-history":[{"count":2,"href":"https:\/\/diariotextual.com\/inicio\/index.php\/wp-json\/wp\/v2\/posts\/149747\/revisions"}],"predecessor-version":[{"id":149761,"href":"https:\/\/diariotextual.com\/inicio\/index.php\/wp-json\/wp\/v2\/posts\/149747\/revisions\/149761"}],"wp:featuredmedia":[{"embeddable":true,"href":"https:\/\/diariotextual.com\/inicio\/index.php\/wp-json\/wp\/v2\/media\/68676"}],"wp:attachment":[{"href":"https:\/\/diariotextual.com\/inicio\/index.php\/wp-json\/wp\/v2\/media?parent=149747"}],"wp:term":[{"taxonomy":"category","embeddable":true,"href":"https:\/\/diariotextual.com\/inicio\/index.php\/wp-json\/wp\/v2\/categories?post=149747"},{"taxonomy":"post_tag","embeddable":true,"href":"https:\/\/diariotextual.com\/inicio\/index.php\/wp-json\/wp\/v2\/tags?post=149747"}],"curies":[{"name":"wp","href":"https:\/\/api.w.org\/{rel}","templated":true}]}}