{"id":149825,"date":"2021-06-10T17:58:14","date_gmt":"2021-06-10T20:58:14","guid":{"rendered":"https:\/\/diariotextual.com\/inicio\/?p=149825"},"modified":"2021-06-11T11:51:34","modified_gmt":"2021-06-11T14:51:34","slug":"ziliotto-asumio-la-presidencia-del-pj-voy-a-escuchar-a-todas-y-todos","status":"publish","type":"post","link":"https:\/\/diariotextual.com\/inicio\/index.php\/2021\/06\/10\/ziliotto-asumio-la-presidencia-del-pj-voy-a-escuchar-a-todas-y-todos\/","title":{"rendered":"Ziliotto asumi\u00f3 la presidencia del PJ: \u201cVoy a escuchar a todas y todos\u201d"},"content":{"rendered":"\n<p>Sergio Ziliotto y Mar\u00eda Luz Alonso asumieron los cargos de presidente y vicepresidenta, respectivamente del Partido Justicialista &#8211; Distrito La Pampa. El gobernador y flamante titular del PJ, en una carta, destac\u00f3 las figuras de Rub\u00e9n Mar\u00edn, Oscar Jorge y Carlos Verna. \u201cPondr\u00e9 en pr\u00e1ctica la misma impronta que en la gesti\u00f3n p\u00fablica, convocando y escuchando a todas y a todos\u201d, dijo el reemplazante de Mar\u00edn.<\/p>\n\n\n\n<p>La proclamaci\u00f3n de las flamantes autoridades incluye a la totalidad de los cargos que no ser\u00e1n dirimidos en elecciones internas, por haberse logrado listas de unidad. De tal manera, que ya est\u00e1n en funciones las autoridades del Consejo Provincial, delegados departamentales, congresales e integrantes del Consejo Local de Unidades B\u00e1sicas y dirigentes de las Unidades B\u00e1sicas.<\/p>\n\n\n\n<p>Tambi\u00e9n se resolvi\u00f3 prorrogar los mandatos de las autoridades de aquellos cargos donde se oficializ\u00f3 m\u00e1s de una lista de candidatos, hasta tanto puedan llevarse a cabo elecciones internas, en fecha a designarse seg\u00fan lo permita el curso de la pandemia de Covid-19.<\/p>\n\n\n<p>La siguiente es la carta p\u00fablica de Ziliotto:<\/p>\n<p><\/p>\n<h2><strong><em>A las y los peronistas de La Pampa<\/em><\/strong><\/h2>\n<p><\/p>\n<p><em>Con orgullo asumo la presidencia del Consejo Provincial del Partido Justicialista.<\/em><\/p>\n<p><\/p>\n<p><em>La historia del peronismo pampeano, su inserci\u00f3n en el tejido social provincial y el respeto obtenido en el contexto nacional, resumen la enorme responsabilidad que mi nueva tarea impone. Y m\u00e1s a\u00fan cuando \u00e9sta proviene de un amplio consenso.<\/em><\/p>\n<p><\/p>\n<p><em>Pondr\u00e9 en pr\u00e1ctica la misma impronta que en la gesti\u00f3n p\u00fablica, convocando y escuchando a todas y a todos. Proyecto las estructuras partidarias como imprescindibles para debatir, generar consensos, potenciar el sentido de pertenencia con nuestra doctrina y consolidar la unidad del peronismo pampeano.<\/em><\/p>\n<p><\/p>\n<p><em>Ese debe ser el \u00e1mbito que custodie y mantenga viva la doctrina justicialista. Incorporarla en cada pol\u00edtica p\u00fablica permiti\u00f3 que el pueblo de La Pampa nos elija cada vez que pudo decidir en las urnas.<\/em><\/p>\n<p><\/p>\n<p><em>Pero ello no ser\u00e1 posible si s\u00f3lo se trata de una decisi\u00f3n personal. Deber\u00e1 ser el mayor objetivo del conjunto de cuarenta y dos compa\u00f1eras y compa\u00f1eros que integramos el Consejo Provincial en representaci\u00f3n de cada rama partidaria y de nuestro mosaico territorial y sectorial.<\/em><\/p>\n<p><\/p>\n<p><em>Contamos con el respaldo de la enorme mayor\u00eda de todas y todos los peronistas y sin dudas con el invalorable aporte de la experiencia de los compa\u00f1eros Rub\u00e9n Mar\u00edn, Oscar Jorge y Carlos Verna, quienes seguramente seguir\u00e1n sumando para el bien del peronismo y de la provincia.<\/em><\/p>\n<p><\/p>\n<p><em>A cada peronista de La Pampa no puedo pedirles m\u00e1s.<\/em><\/p>\n<p><\/p>\n<p><em>Su militancia y su lealtad al movimiento me han permitido el mayor orgullo que puedo sentir como dirigente: gobernar esta querida provincia y presidir el partido en el que transcurr\u00ed toda mi vida pol\u00edtica.<\/em><\/p>\n<p><\/p>\n<p><em>Les prometo que har\u00e9 el mayor esfuerzo para corresponder la confianza con la que me han honrado. Ese ser\u00e1 mi principal desaf\u00edo.<\/em><\/p>\n<p><\/p>\n<p><\/p>","protected":false},"excerpt":{"rendered":"<p>Sergio Ziliotto y Mar\u00eda Luz Alonso asumieron los cargos de presidente y vicepresidenta, respectivamente del Partido Justicialista &#8211; Distrito La Pampa. El gobernador y flamante titular del PJ, en una&hellip;<\/p>\n","protected":false},"author":3,"featured_media":140891,"comment_status":"closed","ping_status":"open","sticky":false,"template":"","format":"standard","meta":{"_acf_changed":false,"footnotes":""},"categories":[10,11],"tags":[424],"class_list":["post-149825","post","type-post","status-publish","format-standard","has-post-thumbnail","hentry","category-portada-2","category-que-pasa","tag-ziliotto"],"acf":[],"yoast_head":"<!-- This site is optimized with the Yoast SEO plugin v27.5 - https:\/\/yoast.com\/product\/yoast-seo-wordpress\/ -->\n<title>Ziliotto asumi\u00f3 la presidencia del PJ: \u201cVoy a escuchar a todas y todos\u201d - Diario Textual<\/title>\n<meta name=\"robots\" content=\"index, follow, max-snippet:-1, max-image-preview:large, max-video-preview:-1\" \/>\n<link rel=\"canonical\" href=\"https:\/\/diariotextual.com\/inicio\/index.php\/2021\/06\/10\/ziliotto-asumio-la-presidencia-del-pj-voy-a-escuchar-a-todas-y-todos\/\" \/>\n<meta property=\"og:locale\" content=\"es_ES\" \/>\n<meta property=\"og:type\" content=\"article\" \/>\n<meta property=\"og:title\" content=\"Ziliotto asumi\u00f3 la presidencia del PJ: \u201cVoy a escuchar a todas y todos\u201d - Diario Textual\" \/>\n<meta property=\"og:description\" content=\"Sergio Ziliotto y Mar\u00eda Luz Alonso asumieron los cargos de presidente y vicepresidenta, respectivamente del Partido Justicialista &#8211; Distrito La Pampa. El gobernador y flamante titular del PJ, en una&hellip;\" \/>\n<meta property=\"og:url\" content=\"https:\/\/diariotextual.com\/inicio\/index.php\/2021\/06\/10\/ziliotto-asumio-la-presidencia-del-pj-voy-a-escuchar-a-todas-y-todos\/\" \/>\n<meta property=\"og:site_name\" content=\"Diario Textual\" \/>\n<meta property=\"article:publisher\" content=\"https:\/\/www.facebook.com\/eltextual\" \/>\n<meta property=\"article:published_time\" content=\"2021-06-10T20:58:14+00:00\" \/>\n<meta property=\"article:modified_time\" content=\"2021-06-11T14:51:34+00:00\" \/>\n<meta property=\"og:image\" content=\"https:\/\/diariotextual.com\/inicio\/wp-content\/uploads\/2021\/04\/ziliottosergio70001.jpeg\" \/>\n\t<meta property=\"og:image:width\" content=\"1000\" \/>\n\t<meta property=\"og:image:height\" content=\"667\" \/>\n\t<meta property=\"og:image:type\" content=\"image\/jpeg\" \/>\n<meta name=\"author\" content=\"Diario1 Diario1\" \/>\n<meta name=\"twitter:card\" content=\"summary_large_image\" \/>\n<meta name=\"twitter:creator\" content=\"@eltextual\" \/>\n<meta name=\"twitter:site\" content=\"@eltextual\" \/>\n<meta name=\"twitter:label1\" content=\"Escrito por\" \/>\n\t<meta name=\"twitter:data1\" content=\"Diario1 Diario1\" \/>\n\t<meta name=\"twitter:label2\" content=\"Tiempo de lectura\" \/>\n\t<meta name=\"twitter:data2\" content=\"3 minutos\" \/>\n<script type=\"application\/ld+json\" class=\"yoast-schema-graph\">{\"@context\":\"https:\\\/\\\/schema.org\",\"@graph\":[{\"@type\":\"Article\",\"@id\":\"https:\\\/\\\/diariotextual.com\\\/inicio\\\/index.php\\\/2021\\\/06\\\/10\\\/ziliotto-asumio-la-presidencia-del-pj-voy-a-escuchar-a-todas-y-todos\\\/#article\",\"isPartOf\":{\"@id\":\"https:\\\/\\\/diariotextual.com\\\/inicio\\\/index.php\\\/2021\\\/06\\\/10\\\/ziliotto-asumio-la-presidencia-del-pj-voy-a-escuchar-a-todas-y-todos\\\/\"},\"author\":{\"name\":\"Diario1 Diario1\",\"@id\":\"https:\\\/\\\/diariotextual.com\\\/inicio\\\/#\\\/schema\\\/person\\\/418fc4093c33e86ed41562db3508f958\"},\"headline\":\"Ziliotto asumi\u00f3 la presidencia del PJ: \u201cVoy a escuchar a todas y todos\u201d\",\"datePublished\":\"2021-06-10T20:58:14+00:00\",\"dateModified\":\"2021-06-11T14:51:34+00:00\",\"mainEntityOfPage\":{\"@id\":\"https:\\\/\\\/diariotextual.com\\\/inicio\\\/index.php\\\/2021\\\/06\\\/10\\\/ziliotto-asumio-la-presidencia-del-pj-voy-a-escuchar-a-todas-y-todos\\\/\"},\"wordCount\":518,\"publisher\":{\"@id\":\"https:\\\/\\\/diariotextual.com\\\/inicio\\\/#organization\"},\"image\":{\"@id\":\"https:\\\/\\\/diariotextual.com\\\/inicio\\\/index.php\\\/2021\\\/06\\\/10\\\/ziliotto-asumio-la-presidencia-del-pj-voy-a-escuchar-a-todas-y-todos\\\/#primaryimage\"},\"thumbnailUrl\":\"https:\\\/\\\/diariotextual.com\\\/inicio\\\/wp-content\\\/uploads\\\/2021\\\/04\\\/ziliottosergio70001.jpeg\",\"keywords\":[\"ziliotto\"],\"articleSection\":[\"A - PORTADA2\",\"A - QUE PASA (al costado)\"],\"inLanguage\":\"es\"},{\"@type\":\"WebPage\",\"@id\":\"https:\\\/\\\/diariotextual.com\\\/inicio\\\/index.php\\\/2021\\\/06\\\/10\\\/ziliotto-asumio-la-presidencia-del-pj-voy-a-escuchar-a-todas-y-todos\\\/\",\"url\":\"https:\\\/\\\/diariotextual.com\\\/inicio\\\/index.php\\\/2021\\\/06\\\/10\\\/ziliotto-asumio-la-presidencia-del-pj-voy-a-escuchar-a-todas-y-todos\\\/\",\"name\":\"Ziliotto asumi\u00f3 la presidencia del PJ: \u201cVoy a escuchar a todas y todos\u201d - Diario Textual\",\"isPartOf\":{\"@id\":\"https:\\\/\\\/diariotextual.com\\\/inicio\\\/#website\"},\"primaryImageOfPage\":{\"@id\":\"https:\\\/\\\/diariotextual.com\\\/inicio\\\/index.php\\\/2021\\\/06\\\/10\\\/ziliotto-asumio-la-presidencia-del-pj-voy-a-escuchar-a-todas-y-todos\\\/#primaryimage\"},\"image\":{\"@id\":\"https:\\\/\\\/diariotextual.com\\\/inicio\\\/index.php\\\/2021\\\/06\\\/10\\\/ziliotto-asumio-la-presidencia-del-pj-voy-a-escuchar-a-todas-y-todos\\\/#primaryimage\"},\"thumbnailUrl\":\"https:\\\/\\\/diariotextual.com\\\/inicio\\\/wp-content\\\/uploads\\\/2021\\\/04\\\/ziliottosergio70001.jpeg\",\"datePublished\":\"2021-06-10T20:58:14+00:00\",\"dateModified\":\"2021-06-11T14:51:34+00:00\",\"breadcrumb\":{\"@id\":\"https:\\\/\\\/diariotextual.com\\\/inicio\\\/index.php\\\/2021\\\/06\\\/10\\\/ziliotto-asumio-la-presidencia-del-pj-voy-a-escuchar-a-todas-y-todos\\\/#breadcrumb\"},\"inLanguage\":\"es\",\"potentialAction\":[{\"@type\":\"ReadAction\",\"target\":[\"https:\\\/\\\/diariotextual.com\\\/inicio\\\/index.php\\\/2021\\\/06\\\/10\\\/ziliotto-asumio-la-presidencia-del-pj-voy-a-escuchar-a-todas-y-todos\\\/\"]}]},{\"@type\":\"ImageObject\",\"inLanguage\":\"es\",\"@id\":\"https:\\\/\\\/diariotextual.com\\\/inicio\\\/index.php\\\/2021\\\/06\\\/10\\\/ziliotto-asumio-la-presidencia-del-pj-voy-a-escuchar-a-todas-y-todos\\\/#primaryimage\",\"url\":\"https:\\\/\\\/diariotextual.com\\\/inicio\\\/wp-content\\\/uploads\\\/2021\\\/04\\\/ziliottosergio70001.jpeg\",\"contentUrl\":\"https:\\\/\\\/diariotextual.com\\\/inicio\\\/wp-content\\\/uploads\\\/2021\\\/04\\\/ziliottosergio70001.jpeg\",\"width\":1000,\"height\":667},{\"@type\":\"BreadcrumbList\",\"@id\":\"https:\\\/\\\/diariotextual.com\\\/inicio\\\/index.php\\\/2021\\\/06\\\/10\\\/ziliotto-asumio-la-presidencia-del-pj-voy-a-escuchar-a-todas-y-todos\\\/#breadcrumb\",\"itemListElement\":[{\"@type\":\"ListItem\",\"position\":1,\"name\":\"Portada\",\"item\":\"https:\\\/\\\/diariotextual.com\\\/inicio\\\/\"},{\"@type\":\"ListItem\",\"position\":2,\"name\":\"Ziliotto asumi\u00f3 la presidencia del PJ: \u201cVoy a escuchar a todas y todos\u201d\"}]},{\"@type\":\"WebSite\",\"@id\":\"https:\\\/\\\/diariotextual.com\\\/inicio\\\/#website\",\"url\":\"https:\\\/\\\/diariotextual.com\\\/inicio\\\/\",\"name\":\"Diario Textual\",\"description\":\"\",\"publisher\":{\"@id\":\"https:\\\/\\\/diariotextual.com\\\/inicio\\\/#organization\"},\"potentialAction\":[{\"@type\":\"SearchAction\",\"target\":{\"@type\":\"EntryPoint\",\"urlTemplate\":\"https:\\\/\\\/diariotextual.com\\\/inicio\\\/?s={search_term_string}\"},\"query-input\":{\"@type\":\"PropertyValueSpecification\",\"valueRequired\":true,\"valueName\":\"search_term_string\"}}],\"inLanguage\":\"es\"},{\"@type\":\"Organization\",\"@id\":\"https:\\\/\\\/diariotextual.com\\\/inicio\\\/#organization\",\"name\":\"Diario Textual\",\"url\":\"https:\\\/\\\/diariotextual.com\\\/inicio\\\/\",\"logo\":{\"@type\":\"ImageObject\",\"inLanguage\":\"es\",\"@id\":\"https:\\\/\\\/diariotextual.com\\\/inicio\\\/#\\\/schema\\\/logo\\\/image\\\/\",\"url\":\"https:\\\/\\\/diariotextual.com\\\/inicio\\\/wp-content\\\/uploads\\\/2023\\\/05\\\/logotextual1.jpg\",\"contentUrl\":\"https:\\\/\\\/diariotextual.com\\\/inicio\\\/wp-content\\\/uploads\\\/2023\\\/05\\\/logotextual1.jpg\",\"width\":516,\"height\":76,\"caption\":\"Diario Textual\"},\"image\":{\"@id\":\"https:\\\/\\\/diariotextual.com\\\/inicio\\\/#\\\/schema\\\/logo\\\/image\\\/\"},\"sameAs\":[\"https:\\\/\\\/www.facebook.com\\\/eltextual\",\"https:\\\/\\\/x.com\\\/eltextual\",\"http:\\\/\\\/www.instagram.com\\\/eltextual\"]},{\"@type\":\"Person\",\"@id\":\"https:\\\/\\\/diariotextual.com\\\/inicio\\\/#\\\/schema\\\/person\\\/418fc4093c33e86ed41562db3508f958\",\"name\":\"Diario1 Diario1\",\"image\":{\"@type\":\"ImageObject\",\"inLanguage\":\"es\",\"@id\":\"https:\\\/\\\/secure.gravatar.com\\\/avatar\\\/9167d280179c85bc18be67aa7eda765854300033af4896dd779b608640f2ef7a?s=96&d=mm&r=g\",\"url\":\"https:\\\/\\\/secure.gravatar.com\\\/avatar\\\/9167d280179c85bc18be67aa7eda765854300033af4896dd779b608640f2ef7a?s=96&d=mm&r=g\",\"contentUrl\":\"https:\\\/\\\/secure.gravatar.com\\\/avatar\\\/9167d280179c85bc18be67aa7eda765854300033af4896dd779b608640f2ef7a?s=96&d=mm&r=g\",\"caption\":\"Diario1 Diario1\"},\"url\":\"https:\\\/\\\/diariotextual.com\\\/inicio\\\/index.php\\\/author\\\/diario1\\\/\"}]}<\/script>\n<!-- \/ Yoast SEO plugin. -->","yoast_head_json":{"title":"Ziliotto asumi\u00f3 la presidencia del PJ: \u201cVoy a escuchar a todas y todos\u201d - Diario Textual","robots":{"index":"index","follow":"follow","max-snippet":"max-snippet:-1","max-image-preview":"max-image-preview:large","max-video-preview":"max-video-preview:-1"},"canonical":"https:\/\/diariotextual.com\/inicio\/index.php\/2021\/06\/10\/ziliotto-asumio-la-presidencia-del-pj-voy-a-escuchar-a-todas-y-todos\/","og_locale":"es_ES","og_type":"article","og_title":"Ziliotto asumi\u00f3 la presidencia del PJ: \u201cVoy a escuchar a todas y todos\u201d - Diario Textual","og_description":"Sergio Ziliotto y Mar\u00eda Luz Alonso asumieron los cargos de presidente y vicepresidenta, respectivamente del Partido Justicialista &#8211; Distrito La Pampa. El gobernador y flamante titular del PJ, en una&hellip;","og_url":"https:\/\/diariotextual.com\/inicio\/index.php\/2021\/06\/10\/ziliotto-asumio-la-presidencia-del-pj-voy-a-escuchar-a-todas-y-todos\/","og_site_name":"Diario Textual","article_publisher":"https:\/\/www.facebook.com\/eltextual","article_published_time":"2021-06-10T20:58:14+00:00","article_modified_time":"2021-06-11T14:51:34+00:00","og_image":[{"width":1000,"height":667,"url":"https:\/\/diariotextual.com\/inicio\/wp-content\/uploads\/2021\/04\/ziliottosergio70001.jpeg","type":"image\/jpeg"}],"author":"Diario1 Diario1","twitter_card":"summary_large_image","twitter_creator":"@eltextual","twitter_site":"@eltextual","twitter_misc":{"Escrito por":"Diario1 Diario1","Tiempo de lectura":"3 minutos"},"schema":{"@context":"https:\/\/schema.org","@graph":[{"@type":"Article","@id":"https:\/\/diariotextual.com\/inicio\/index.php\/2021\/06\/10\/ziliotto-asumio-la-presidencia-del-pj-voy-a-escuchar-a-todas-y-todos\/#article","isPartOf":{"@id":"https:\/\/diariotextual.com\/inicio\/index.php\/2021\/06\/10\/ziliotto-asumio-la-presidencia-del-pj-voy-a-escuchar-a-todas-y-todos\/"},"author":{"name":"Diario1 Diario1","@id":"https:\/\/diariotextual.com\/inicio\/#\/schema\/person\/418fc4093c33e86ed41562db3508f958"},"headline":"Ziliotto asumi\u00f3 la presidencia del PJ: \u201cVoy a escuchar a todas y todos\u201d","datePublished":"2021-06-10T20:58:14+00:00","dateModified":"2021-06-11T14:51:34+00:00","mainEntityOfPage":{"@id":"https:\/\/diariotextual.com\/inicio\/index.php\/2021\/06\/10\/ziliotto-asumio-la-presidencia-del-pj-voy-a-escuchar-a-todas-y-todos\/"},"wordCount":518,"publisher":{"@id":"https:\/\/diariotextual.com\/inicio\/#organization"},"image":{"@id":"https:\/\/diariotextual.com\/inicio\/index.php\/2021\/06\/10\/ziliotto-asumio-la-presidencia-del-pj-voy-a-escuchar-a-todas-y-todos\/#primaryimage"},"thumbnailUrl":"https:\/\/diariotextual.com\/inicio\/wp-content\/uploads\/2021\/04\/ziliottosergio70001.jpeg","keywords":["ziliotto"],"articleSection":["A - PORTADA2","A - QUE PASA (al costado)"],"inLanguage":"es"},{"@type":"WebPage","@id":"https:\/\/diariotextual.com\/inicio\/index.php\/2021\/06\/10\/ziliotto-asumio-la-presidencia-del-pj-voy-a-escuchar-a-todas-y-todos\/","url":"https:\/\/diariotextual.com\/inicio\/index.php\/2021\/06\/10\/ziliotto-asumio-la-presidencia-del-pj-voy-a-escuchar-a-todas-y-todos\/","name":"Ziliotto asumi\u00f3 la presidencia del PJ: \u201cVoy a escuchar a todas y todos\u201d - Diario Textual","isPartOf":{"@id":"https:\/\/diariotextual.com\/inicio\/#website"},"primaryImageOfPage":{"@id":"https:\/\/diariotextual.com\/inicio\/index.php\/2021\/06\/10\/ziliotto-asumio-la-presidencia-del-pj-voy-a-escuchar-a-todas-y-todos\/#primaryimage"},"image":{"@id":"https:\/\/diariotextual.com\/inicio\/index.php\/2021\/06\/10\/ziliotto-asumio-la-presidencia-del-pj-voy-a-escuchar-a-todas-y-todos\/#primaryimage"},"thumbnailUrl":"https:\/\/diariotextual.com\/inicio\/wp-content\/uploads\/2021\/04\/ziliottosergio70001.jpeg","datePublished":"2021-06-10T20:58:14+00:00","dateModified":"2021-06-11T14:51:34+00:00","breadcrumb":{"@id":"https:\/\/diariotextual.com\/inicio\/index.php\/2021\/06\/10\/ziliotto-asumio-la-presidencia-del-pj-voy-a-escuchar-a-todas-y-todos\/#breadcrumb"},"inLanguage":"es","potentialAction":[{"@type":"ReadAction","target":["https:\/\/diariotextual.com\/inicio\/index.php\/2021\/06\/10\/ziliotto-asumio-la-presidencia-del-pj-voy-a-escuchar-a-todas-y-todos\/"]}]},{"@type":"ImageObject","inLanguage":"es","@id":"https:\/\/diariotextual.com\/inicio\/index.php\/2021\/06\/10\/ziliotto-asumio-la-presidencia-del-pj-voy-a-escuchar-a-todas-y-todos\/#primaryimage","url":"https:\/\/diariotextual.com\/inicio\/wp-content\/uploads\/2021\/04\/ziliottosergio70001.jpeg","contentUrl":"https:\/\/diariotextual.com\/inicio\/wp-content\/uploads\/2021\/04\/ziliottosergio70001.jpeg","width":1000,"height":667},{"@type":"BreadcrumbList","@id":"https:\/\/diariotextual.com\/inicio\/index.php\/2021\/06\/10\/ziliotto-asumio-la-presidencia-del-pj-voy-a-escuchar-a-todas-y-todos\/#breadcrumb","itemListElement":[{"@type":"ListItem","position":1,"name":"Portada","item":"https:\/\/diariotextual.com\/inicio\/"},{"@type":"ListItem","position":2,"name":"Ziliotto asumi\u00f3 la presidencia del PJ: \u201cVoy a escuchar a todas y todos\u201d"}]},{"@type":"WebSite","@id":"https:\/\/diariotextual.com\/inicio\/#website","url":"https:\/\/diariotextual.com\/inicio\/","name":"Diario Textual","description":"","publisher":{"@id":"https:\/\/diariotextual.com\/inicio\/#organization"},"potentialAction":[{"@type":"SearchAction","target":{"@type":"EntryPoint","urlTemplate":"https:\/\/diariotextual.com\/inicio\/?s={search_term_string}"},"query-input":{"@type":"PropertyValueSpecification","valueRequired":true,"valueName":"search_term_string"}}],"inLanguage":"es"},{"@type":"Organization","@id":"https:\/\/diariotextual.com\/inicio\/#organization","name":"Diario Textual","url":"https:\/\/diariotextual.com\/inicio\/","logo":{"@type":"ImageObject","inLanguage":"es","@id":"https:\/\/diariotextual.com\/inicio\/#\/schema\/logo\/image\/","url":"https:\/\/diariotextual.com\/inicio\/wp-content\/uploads\/2023\/05\/logotextual1.jpg","contentUrl":"https:\/\/diariotextual.com\/inicio\/wp-content\/uploads\/2023\/05\/logotextual1.jpg","width":516,"height":76,"caption":"Diario Textual"},"image":{"@id":"https:\/\/diariotextual.com\/inicio\/#\/schema\/logo\/image\/"},"sameAs":["https:\/\/www.facebook.com\/eltextual","https:\/\/x.com\/eltextual","http:\/\/www.instagram.com\/eltextual"]},{"@type":"Person","@id":"https:\/\/diariotextual.com\/inicio\/#\/schema\/person\/418fc4093c33e86ed41562db3508f958","name":"Diario1 Diario1","image":{"@type":"ImageObject","inLanguage":"es","@id":"https:\/\/secure.gravatar.com\/avatar\/9167d280179c85bc18be67aa7eda765854300033af4896dd779b608640f2ef7a?s=96&d=mm&r=g","url":"https:\/\/secure.gravatar.com\/avatar\/9167d280179c85bc18be67aa7eda765854300033af4896dd779b608640f2ef7a?s=96&d=mm&r=g","contentUrl":"https:\/\/secure.gravatar.com\/avatar\/9167d280179c85bc18be67aa7eda765854300033af4896dd779b608640f2ef7a?s=96&d=mm&r=g","caption":"Diario1 Diario1"},"url":"https:\/\/diariotextual.com\/inicio\/index.php\/author\/diario1\/"}]}},"_links":{"self":[{"href":"https:\/\/diariotextual.com\/inicio\/index.php\/wp-json\/wp\/v2\/posts\/149825","targetHints":{"allow":["GET"]}}],"collection":[{"href":"https:\/\/diariotextual.com\/inicio\/index.php\/wp-json\/wp\/v2\/posts"}],"about":[{"href":"https:\/\/diariotextual.com\/inicio\/index.php\/wp-json\/wp\/v2\/types\/post"}],"author":[{"embeddable":true,"href":"https:\/\/diariotextual.com\/inicio\/index.php\/wp-json\/wp\/v2\/users\/3"}],"replies":[{"embeddable":true,"href":"https:\/\/diariotextual.com\/inicio\/index.php\/wp-json\/wp\/v2\/comments?post=149825"}],"version-history":[{"count":4,"href":"https:\/\/diariotextual.com\/inicio\/index.php\/wp-json\/wp\/v2\/posts\/149825\/revisions"}],"predecessor-version":[{"id":149940,"href":"https:\/\/diariotextual.com\/inicio\/index.php\/wp-json\/wp\/v2\/posts\/149825\/revisions\/149940"}],"wp:featuredmedia":[{"embeddable":true,"href":"https:\/\/diariotextual.com\/inicio\/index.php\/wp-json\/wp\/v2\/media\/140891"}],"wp:attachment":[{"href":"https:\/\/diariotextual.com\/inicio\/index.php\/wp-json\/wp\/v2\/media?parent=149825"}],"wp:term":[{"taxonomy":"category","embeddable":true,"href":"https:\/\/diariotextual.com\/inicio\/index.php\/wp-json\/wp\/v2\/categories?post=149825"},{"taxonomy":"post_tag","embeddable":true,"href":"https:\/\/diariotextual.com\/inicio\/index.php\/wp-json\/wp\/v2\/tags?post=149825"}],"curies":[{"name":"wp","href":"https:\/\/api.w.org\/{rel}","templated":true}]}}