{"id":150133,"date":"2021-06-13T12:01:13","date_gmt":"2021-06-13T15:01:13","guid":{"rendered":"https:\/\/diariotextual.com\/inicio\/?p=150133"},"modified":"2021-06-14T11:06:12","modified_gmt":"2021-06-14T14:06:12","slug":"gimnasios-esperan-por-la-autorizacion-para-reabrir-y-meten-presion","status":"publish","type":"post","link":"https:\/\/diariotextual.com\/inicio\/index.php\/2021\/06\/13\/gimnasios-esperan-por-la-autorizacion-para-reabrir-y-meten-presion\/","title":{"rendered":"Gimnasios esperan por la autorizaci\u00f3n para reabrir y meten presi\u00f3n"},"content":{"rendered":"\n<p>La C\u00e1mara de Gimnasios de La Pampa pidi\u00f3 nuevamente que los autoricen a reabrir sus locales. \u201cSolicitamos la apertura inmediata, dado que la baja de casos en la provincia es notable\u201d, dijeron en un documento.<\/p>\n\n\n\n<p>La semana pasada, precisamente, el Gobierno pampeano pidi\u00f3 a la Jefatura de Gabinete de la Naci\u00f3n que lo autorice a permitir la reapertura de estos locales. Pero a\u00fan no ha obtenido respuestas.<\/p>\n\n\n\n<p>Actualmente los gimnasios pueden funcionar al aire libre y con un m\u00e1ximo de 10 personas.<\/p>\n\n\n\n<p>Desde la c\u00e1mara le apuntaron al Gobierno provincial. Sin embargo, por el DNU vigente, la decisi\u00f3n debe recaer en Naci\u00f3n.<\/p>\n\n\n\n<p>\u201cLamentablemente no hemos sido escuchados, nuestro pedido desesperado ha ca\u00eddo en saco roto\u201d, dijeron en el documento. \u201cSi la situaci\u00f3n era desesperante hace 15 d\u00edas hoy se ha vuelto para varios de nosotros un tema sin retorno, pues varios colegas han tomado la decisi\u00f3n de cerrar definitivamente sus puertas a pesar de haber acompa\u00f1ado con todo respeto las medidas de restricci\u00f3n\u201d.<\/p>\n\n\n\n<p>\u201cLa responsabilidad en la toma de decisiones afecta directamente a la econom\u00eda de las personas, las familias y su entorno. Lamentablemente sentimos que los gimnasios somos un sector menospreciado por el gobierno provincial. A estas alturas creemos que no hace falta recordar la \u00edntima relaci\u00f3n que tiene de la actividad f\u00edsica y la salud. Se ha presentado un Proyecto de Ley para que los gimnasios sean declarados actividad esencial, solicitamos que dicho proyecto sea tratado en C\u00e1mara de Diputados\u201d, expresaron.<\/p>\n\n\n\n<p>\u201cLa actividad f\u00edsica probablemente no sea una prioridad en medio de nuestra preocupaci\u00f3n por protegernos a nosotros mismos, a nuestras familias y a nuestras comunidades durante la pandemia de COVID-19, pero cuidado, quiz\u00e1s deber\u00eda serlo, porque la actividad f\u00edsica puede ser una herramienta valiosa para controlar las infecciones por COVID-19 y mantener la calidad de vida, debemos aprovechar el poder salutog\u00e9nico que la actividad f\u00edsica ofrece\u201d, advirtieron.<\/p>\n\n\n\n<p>\u201cEsper\u00e1bamos poder abrir este lunes como la mayor\u00eda de las actividades que abrieron el viernes 11, sin embargo habiendo solicitado a Naci\u00f3n la apertura seg\u00fan se dio a conocer en los medios del 10 de Junio, no hemos tenido respuesta\u201d, expresaron. \u201cA partir del lunes las temperaturas m\u00e1ximas van a ser de 9\u00b0 C durante toda la semana, \u00bfpretenden que la gente entrene afuera? Va a ser imposible\u201d, dijeron.<\/p>\n","protected":false},"excerpt":{"rendered":"<p>La C\u00e1mara de Gimnasios de La Pampa pidi\u00f3 nuevamente que los autoricen a reabrir sus locales. \u201cSolicitamos la apertura inmediata, dado que la baja de casos en la provincia es&hellip;<\/p>\n","protected":false},"author":3,"featured_media":150135,"comment_status":"closed","ping_status":"open","sticky":false,"template":"","format":"standard","meta":{"_acf_changed":false,"footnotes":""},"categories":[11,12],"tags":[3144],"class_list":["post-150133","post","type-post","status-publish","format-standard","has-post-thumbnail","hentry","category-que-pasa","category-sociedad","tag-gimnasios"],"acf":[],"yoast_head":"<!-- This site is optimized with the Yoast SEO plugin v27.5 - https:\/\/yoast.com\/product\/yoast-seo-wordpress\/ -->\n<title>Gimnasios esperan por la autorizaci\u00f3n para reabrir y meten presi\u00f3n - Diario Textual<\/title>\n<meta name=\"robots\" content=\"index, follow, max-snippet:-1, max-image-preview:large, max-video-preview:-1\" \/>\n<link rel=\"canonical\" href=\"https:\/\/diariotextual.com\/inicio\/index.php\/2021\/06\/13\/gimnasios-esperan-por-la-autorizacion-para-reabrir-y-meten-presion\/\" \/>\n<meta property=\"og:locale\" content=\"es_ES\" \/>\n<meta property=\"og:type\" content=\"article\" \/>\n<meta property=\"og:title\" content=\"Gimnasios esperan por la autorizaci\u00f3n para reabrir y meten presi\u00f3n - Diario Textual\" \/>\n<meta property=\"og:description\" content=\"La C\u00e1mara de Gimnasios de La Pampa pidi\u00f3 nuevamente que los autoricen a reabrir sus locales. \u201cSolicitamos la apertura inmediata, dado que la baja de casos en la provincia es&hellip;\" \/>\n<meta property=\"og:url\" content=\"https:\/\/diariotextual.com\/inicio\/index.php\/2021\/06\/13\/gimnasios-esperan-por-la-autorizacion-para-reabrir-y-meten-presion\/\" \/>\n<meta property=\"og:site_name\" content=\"Diario Textual\" \/>\n<meta property=\"article:publisher\" content=\"https:\/\/www.facebook.com\/eltextual\" \/>\n<meta property=\"article:published_time\" content=\"2021-06-13T15:01:13+00:00\" \/>\n<meta property=\"article:modified_time\" content=\"2021-06-14T14:06:12+00:00\" \/>\n<meta property=\"og:image\" content=\"https:\/\/diariotextual.com\/inicio\/wp-content\/uploads\/2021\/06\/gimnasiosreclamoscoronavirus2021-1.jpg\" \/>\n\t<meta property=\"og:image:width\" content=\"1050\" \/>\n\t<meta property=\"og:image:height\" content=\"597\" \/>\n\t<meta property=\"og:image:type\" content=\"image\/jpeg\" \/>\n<meta name=\"author\" content=\"Diario1 Diario1\" \/>\n<meta name=\"twitter:card\" content=\"summary_large_image\" \/>\n<meta name=\"twitter:creator\" content=\"@eltextual\" \/>\n<meta name=\"twitter:site\" content=\"@eltextual\" \/>\n<meta name=\"twitter:label1\" content=\"Escrito por\" \/>\n\t<meta name=\"twitter:data1\" content=\"Diario1 Diario1\" \/>\n\t<meta name=\"twitter:label2\" content=\"Tiempo de lectura\" \/>\n\t<meta name=\"twitter:data2\" content=\"2 minutos\" \/>\n<script type=\"application\/ld+json\" class=\"yoast-schema-graph\">{\"@context\":\"https:\\\/\\\/schema.org\",\"@graph\":[{\"@type\":\"Article\",\"@id\":\"https:\\\/\\\/diariotextual.com\\\/inicio\\\/index.php\\\/2021\\\/06\\\/13\\\/gimnasios-esperan-por-la-autorizacion-para-reabrir-y-meten-presion\\\/#article\",\"isPartOf\":{\"@id\":\"https:\\\/\\\/diariotextual.com\\\/inicio\\\/index.php\\\/2021\\\/06\\\/13\\\/gimnasios-esperan-por-la-autorizacion-para-reabrir-y-meten-presion\\\/\"},\"author\":{\"name\":\"Diario1 Diario1\",\"@id\":\"https:\\\/\\\/diariotextual.com\\\/inicio\\\/#\\\/schema\\\/person\\\/418fc4093c33e86ed41562db3508f958\"},\"headline\":\"Gimnasios esperan por la autorizaci\u00f3n para reabrir y meten presi\u00f3n\",\"datePublished\":\"2021-06-13T15:01:13+00:00\",\"dateModified\":\"2021-06-14T14:06:12+00:00\",\"mainEntityOfPage\":{\"@id\":\"https:\\\/\\\/diariotextual.com\\\/inicio\\\/index.php\\\/2021\\\/06\\\/13\\\/gimnasios-esperan-por-la-autorizacion-para-reabrir-y-meten-presion\\\/\"},\"wordCount\":415,\"publisher\":{\"@id\":\"https:\\\/\\\/diariotextual.com\\\/inicio\\\/#organization\"},\"image\":{\"@id\":\"https:\\\/\\\/diariotextual.com\\\/inicio\\\/index.php\\\/2021\\\/06\\\/13\\\/gimnasios-esperan-por-la-autorizacion-para-reabrir-y-meten-presion\\\/#primaryimage\"},\"thumbnailUrl\":\"https:\\\/\\\/diariotextual.com\\\/inicio\\\/wp-content\\\/uploads\\\/2021\\\/06\\\/gimnasiosreclamoscoronavirus2021-1.jpg\",\"keywords\":[\"gimnasios\"],\"articleSection\":[\"A - QUE PASA (al costado)\",\"SOCIEDAD\"],\"inLanguage\":\"es\"},{\"@type\":\"WebPage\",\"@id\":\"https:\\\/\\\/diariotextual.com\\\/inicio\\\/index.php\\\/2021\\\/06\\\/13\\\/gimnasios-esperan-por-la-autorizacion-para-reabrir-y-meten-presion\\\/\",\"url\":\"https:\\\/\\\/diariotextual.com\\\/inicio\\\/index.php\\\/2021\\\/06\\\/13\\\/gimnasios-esperan-por-la-autorizacion-para-reabrir-y-meten-presion\\\/\",\"name\":\"Gimnasios esperan por la autorizaci\u00f3n para reabrir y meten presi\u00f3n - Diario Textual\",\"isPartOf\":{\"@id\":\"https:\\\/\\\/diariotextual.com\\\/inicio\\\/#website\"},\"primaryImageOfPage\":{\"@id\":\"https:\\\/\\\/diariotextual.com\\\/inicio\\\/index.php\\\/2021\\\/06\\\/13\\\/gimnasios-esperan-por-la-autorizacion-para-reabrir-y-meten-presion\\\/#primaryimage\"},\"image\":{\"@id\":\"https:\\\/\\\/diariotextual.com\\\/inicio\\\/index.php\\\/2021\\\/06\\\/13\\\/gimnasios-esperan-por-la-autorizacion-para-reabrir-y-meten-presion\\\/#primaryimage\"},\"thumbnailUrl\":\"https:\\\/\\\/diariotextual.com\\\/inicio\\\/wp-content\\\/uploads\\\/2021\\\/06\\\/gimnasiosreclamoscoronavirus2021-1.jpg\",\"datePublished\":\"2021-06-13T15:01:13+00:00\",\"dateModified\":\"2021-06-14T14:06:12+00:00\",\"breadcrumb\":{\"@id\":\"https:\\\/\\\/diariotextual.com\\\/inicio\\\/index.php\\\/2021\\\/06\\\/13\\\/gimnasios-esperan-por-la-autorizacion-para-reabrir-y-meten-presion\\\/#breadcrumb\"},\"inLanguage\":\"es\",\"potentialAction\":[{\"@type\":\"ReadAction\",\"target\":[\"https:\\\/\\\/diariotextual.com\\\/inicio\\\/index.php\\\/2021\\\/06\\\/13\\\/gimnasios-esperan-por-la-autorizacion-para-reabrir-y-meten-presion\\\/\"]}]},{\"@type\":\"ImageObject\",\"inLanguage\":\"es\",\"@id\":\"https:\\\/\\\/diariotextual.com\\\/inicio\\\/index.php\\\/2021\\\/06\\\/13\\\/gimnasios-esperan-por-la-autorizacion-para-reabrir-y-meten-presion\\\/#primaryimage\",\"url\":\"https:\\\/\\\/diariotextual.com\\\/inicio\\\/wp-content\\\/uploads\\\/2021\\\/06\\\/gimnasiosreclamoscoronavirus2021-1.jpg\",\"contentUrl\":\"https:\\\/\\\/diariotextual.com\\\/inicio\\\/wp-content\\\/uploads\\\/2021\\\/06\\\/gimnasiosreclamoscoronavirus2021-1.jpg\",\"width\":1050,\"height\":597},{\"@type\":\"BreadcrumbList\",\"@id\":\"https:\\\/\\\/diariotextual.com\\\/inicio\\\/index.php\\\/2021\\\/06\\\/13\\\/gimnasios-esperan-por-la-autorizacion-para-reabrir-y-meten-presion\\\/#breadcrumb\",\"itemListElement\":[{\"@type\":\"ListItem\",\"position\":1,\"name\":\"Portada\",\"item\":\"https:\\\/\\\/diariotextual.com\\\/inicio\\\/\"},{\"@type\":\"ListItem\",\"position\":2,\"name\":\"Gimnasios esperan por la autorizaci\u00f3n para reabrir y meten presi\u00f3n\"}]},{\"@type\":\"WebSite\",\"@id\":\"https:\\\/\\\/diariotextual.com\\\/inicio\\\/#website\",\"url\":\"https:\\\/\\\/diariotextual.com\\\/inicio\\\/\",\"name\":\"Diario Textual\",\"description\":\"\",\"publisher\":{\"@id\":\"https:\\\/\\\/diariotextual.com\\\/inicio\\\/#organization\"},\"potentialAction\":[{\"@type\":\"SearchAction\",\"target\":{\"@type\":\"EntryPoint\",\"urlTemplate\":\"https:\\\/\\\/diariotextual.com\\\/inicio\\\/?s={search_term_string}\"},\"query-input\":{\"@type\":\"PropertyValueSpecification\",\"valueRequired\":true,\"valueName\":\"search_term_string\"}}],\"inLanguage\":\"es\"},{\"@type\":\"Organization\",\"@id\":\"https:\\\/\\\/diariotextual.com\\\/inicio\\\/#organization\",\"name\":\"Diario Textual\",\"url\":\"https:\\\/\\\/diariotextual.com\\\/inicio\\\/\",\"logo\":{\"@type\":\"ImageObject\",\"inLanguage\":\"es\",\"@id\":\"https:\\\/\\\/diariotextual.com\\\/inicio\\\/#\\\/schema\\\/logo\\\/image\\\/\",\"url\":\"https:\\\/\\\/diariotextual.com\\\/inicio\\\/wp-content\\\/uploads\\\/2023\\\/05\\\/logotextual1.jpg\",\"contentUrl\":\"https:\\\/\\\/diariotextual.com\\\/inicio\\\/wp-content\\\/uploads\\\/2023\\\/05\\\/logotextual1.jpg\",\"width\":516,\"height\":76,\"caption\":\"Diario Textual\"},\"image\":{\"@id\":\"https:\\\/\\\/diariotextual.com\\\/inicio\\\/#\\\/schema\\\/logo\\\/image\\\/\"},\"sameAs\":[\"https:\\\/\\\/www.facebook.com\\\/eltextual\",\"https:\\\/\\\/x.com\\\/eltextual\",\"http:\\\/\\\/www.instagram.com\\\/eltextual\"]},{\"@type\":\"Person\",\"@id\":\"https:\\\/\\\/diariotextual.com\\\/inicio\\\/#\\\/schema\\\/person\\\/418fc4093c33e86ed41562db3508f958\",\"name\":\"Diario1 Diario1\",\"image\":{\"@type\":\"ImageObject\",\"inLanguage\":\"es\",\"@id\":\"https:\\\/\\\/secure.gravatar.com\\\/avatar\\\/9167d280179c85bc18be67aa7eda765854300033af4896dd779b608640f2ef7a?s=96&d=mm&r=g\",\"url\":\"https:\\\/\\\/secure.gravatar.com\\\/avatar\\\/9167d280179c85bc18be67aa7eda765854300033af4896dd779b608640f2ef7a?s=96&d=mm&r=g\",\"contentUrl\":\"https:\\\/\\\/secure.gravatar.com\\\/avatar\\\/9167d280179c85bc18be67aa7eda765854300033af4896dd779b608640f2ef7a?s=96&d=mm&r=g\",\"caption\":\"Diario1 Diario1\"},\"url\":\"https:\\\/\\\/diariotextual.com\\\/inicio\\\/index.php\\\/author\\\/diario1\\\/\"}]}<\/script>\n<!-- \/ Yoast SEO plugin. -->","yoast_head_json":{"title":"Gimnasios esperan por la autorizaci\u00f3n para reabrir y meten presi\u00f3n - Diario Textual","robots":{"index":"index","follow":"follow","max-snippet":"max-snippet:-1","max-image-preview":"max-image-preview:large","max-video-preview":"max-video-preview:-1"},"canonical":"https:\/\/diariotextual.com\/inicio\/index.php\/2021\/06\/13\/gimnasios-esperan-por-la-autorizacion-para-reabrir-y-meten-presion\/","og_locale":"es_ES","og_type":"article","og_title":"Gimnasios esperan por la autorizaci\u00f3n para reabrir y meten presi\u00f3n - Diario Textual","og_description":"La C\u00e1mara de Gimnasios de La Pampa pidi\u00f3 nuevamente que los autoricen a reabrir sus locales. \u201cSolicitamos la apertura inmediata, dado que la baja de casos en la provincia es&hellip;","og_url":"https:\/\/diariotextual.com\/inicio\/index.php\/2021\/06\/13\/gimnasios-esperan-por-la-autorizacion-para-reabrir-y-meten-presion\/","og_site_name":"Diario Textual","article_publisher":"https:\/\/www.facebook.com\/eltextual","article_published_time":"2021-06-13T15:01:13+00:00","article_modified_time":"2021-06-14T14:06:12+00:00","og_image":[{"width":1050,"height":597,"url":"https:\/\/diariotextual.com\/inicio\/wp-content\/uploads\/2021\/06\/gimnasiosreclamoscoronavirus2021-1.jpg","type":"image\/jpeg"}],"author":"Diario1 Diario1","twitter_card":"summary_large_image","twitter_creator":"@eltextual","twitter_site":"@eltextual","twitter_misc":{"Escrito por":"Diario1 Diario1","Tiempo de lectura":"2 minutos"},"schema":{"@context":"https:\/\/schema.org","@graph":[{"@type":"Article","@id":"https:\/\/diariotextual.com\/inicio\/index.php\/2021\/06\/13\/gimnasios-esperan-por-la-autorizacion-para-reabrir-y-meten-presion\/#article","isPartOf":{"@id":"https:\/\/diariotextual.com\/inicio\/index.php\/2021\/06\/13\/gimnasios-esperan-por-la-autorizacion-para-reabrir-y-meten-presion\/"},"author":{"name":"Diario1 Diario1","@id":"https:\/\/diariotextual.com\/inicio\/#\/schema\/person\/418fc4093c33e86ed41562db3508f958"},"headline":"Gimnasios esperan por la autorizaci\u00f3n para reabrir y meten presi\u00f3n","datePublished":"2021-06-13T15:01:13+00:00","dateModified":"2021-06-14T14:06:12+00:00","mainEntityOfPage":{"@id":"https:\/\/diariotextual.com\/inicio\/index.php\/2021\/06\/13\/gimnasios-esperan-por-la-autorizacion-para-reabrir-y-meten-presion\/"},"wordCount":415,"publisher":{"@id":"https:\/\/diariotextual.com\/inicio\/#organization"},"image":{"@id":"https:\/\/diariotextual.com\/inicio\/index.php\/2021\/06\/13\/gimnasios-esperan-por-la-autorizacion-para-reabrir-y-meten-presion\/#primaryimage"},"thumbnailUrl":"https:\/\/diariotextual.com\/inicio\/wp-content\/uploads\/2021\/06\/gimnasiosreclamoscoronavirus2021-1.jpg","keywords":["gimnasios"],"articleSection":["A - QUE PASA (al costado)","SOCIEDAD"],"inLanguage":"es"},{"@type":"WebPage","@id":"https:\/\/diariotextual.com\/inicio\/index.php\/2021\/06\/13\/gimnasios-esperan-por-la-autorizacion-para-reabrir-y-meten-presion\/","url":"https:\/\/diariotextual.com\/inicio\/index.php\/2021\/06\/13\/gimnasios-esperan-por-la-autorizacion-para-reabrir-y-meten-presion\/","name":"Gimnasios esperan por la autorizaci\u00f3n para reabrir y meten presi\u00f3n - Diario Textual","isPartOf":{"@id":"https:\/\/diariotextual.com\/inicio\/#website"},"primaryImageOfPage":{"@id":"https:\/\/diariotextual.com\/inicio\/index.php\/2021\/06\/13\/gimnasios-esperan-por-la-autorizacion-para-reabrir-y-meten-presion\/#primaryimage"},"image":{"@id":"https:\/\/diariotextual.com\/inicio\/index.php\/2021\/06\/13\/gimnasios-esperan-por-la-autorizacion-para-reabrir-y-meten-presion\/#primaryimage"},"thumbnailUrl":"https:\/\/diariotextual.com\/inicio\/wp-content\/uploads\/2021\/06\/gimnasiosreclamoscoronavirus2021-1.jpg","datePublished":"2021-06-13T15:01:13+00:00","dateModified":"2021-06-14T14:06:12+00:00","breadcrumb":{"@id":"https:\/\/diariotextual.com\/inicio\/index.php\/2021\/06\/13\/gimnasios-esperan-por-la-autorizacion-para-reabrir-y-meten-presion\/#breadcrumb"},"inLanguage":"es","potentialAction":[{"@type":"ReadAction","target":["https:\/\/diariotextual.com\/inicio\/index.php\/2021\/06\/13\/gimnasios-esperan-por-la-autorizacion-para-reabrir-y-meten-presion\/"]}]},{"@type":"ImageObject","inLanguage":"es","@id":"https:\/\/diariotextual.com\/inicio\/index.php\/2021\/06\/13\/gimnasios-esperan-por-la-autorizacion-para-reabrir-y-meten-presion\/#primaryimage","url":"https:\/\/diariotextual.com\/inicio\/wp-content\/uploads\/2021\/06\/gimnasiosreclamoscoronavirus2021-1.jpg","contentUrl":"https:\/\/diariotextual.com\/inicio\/wp-content\/uploads\/2021\/06\/gimnasiosreclamoscoronavirus2021-1.jpg","width":1050,"height":597},{"@type":"BreadcrumbList","@id":"https:\/\/diariotextual.com\/inicio\/index.php\/2021\/06\/13\/gimnasios-esperan-por-la-autorizacion-para-reabrir-y-meten-presion\/#breadcrumb","itemListElement":[{"@type":"ListItem","position":1,"name":"Portada","item":"https:\/\/diariotextual.com\/inicio\/"},{"@type":"ListItem","position":2,"name":"Gimnasios esperan por la autorizaci\u00f3n para reabrir y meten presi\u00f3n"}]},{"@type":"WebSite","@id":"https:\/\/diariotextual.com\/inicio\/#website","url":"https:\/\/diariotextual.com\/inicio\/","name":"Diario Textual","description":"","publisher":{"@id":"https:\/\/diariotextual.com\/inicio\/#organization"},"potentialAction":[{"@type":"SearchAction","target":{"@type":"EntryPoint","urlTemplate":"https:\/\/diariotextual.com\/inicio\/?s={search_term_string}"},"query-input":{"@type":"PropertyValueSpecification","valueRequired":true,"valueName":"search_term_string"}}],"inLanguage":"es"},{"@type":"Organization","@id":"https:\/\/diariotextual.com\/inicio\/#organization","name":"Diario Textual","url":"https:\/\/diariotextual.com\/inicio\/","logo":{"@type":"ImageObject","inLanguage":"es","@id":"https:\/\/diariotextual.com\/inicio\/#\/schema\/logo\/image\/","url":"https:\/\/diariotextual.com\/inicio\/wp-content\/uploads\/2023\/05\/logotextual1.jpg","contentUrl":"https:\/\/diariotextual.com\/inicio\/wp-content\/uploads\/2023\/05\/logotextual1.jpg","width":516,"height":76,"caption":"Diario Textual"},"image":{"@id":"https:\/\/diariotextual.com\/inicio\/#\/schema\/logo\/image\/"},"sameAs":["https:\/\/www.facebook.com\/eltextual","https:\/\/x.com\/eltextual","http:\/\/www.instagram.com\/eltextual"]},{"@type":"Person","@id":"https:\/\/diariotextual.com\/inicio\/#\/schema\/person\/418fc4093c33e86ed41562db3508f958","name":"Diario1 Diario1","image":{"@type":"ImageObject","inLanguage":"es","@id":"https:\/\/secure.gravatar.com\/avatar\/9167d280179c85bc18be67aa7eda765854300033af4896dd779b608640f2ef7a?s=96&d=mm&r=g","url":"https:\/\/secure.gravatar.com\/avatar\/9167d280179c85bc18be67aa7eda765854300033af4896dd779b608640f2ef7a?s=96&d=mm&r=g","contentUrl":"https:\/\/secure.gravatar.com\/avatar\/9167d280179c85bc18be67aa7eda765854300033af4896dd779b608640f2ef7a?s=96&d=mm&r=g","caption":"Diario1 Diario1"},"url":"https:\/\/diariotextual.com\/inicio\/index.php\/author\/diario1\/"}]}},"_links":{"self":[{"href":"https:\/\/diariotextual.com\/inicio\/index.php\/wp-json\/wp\/v2\/posts\/150133","targetHints":{"allow":["GET"]}}],"collection":[{"href":"https:\/\/diariotextual.com\/inicio\/index.php\/wp-json\/wp\/v2\/posts"}],"about":[{"href":"https:\/\/diariotextual.com\/inicio\/index.php\/wp-json\/wp\/v2\/types\/post"}],"author":[{"embeddable":true,"href":"https:\/\/diariotextual.com\/inicio\/index.php\/wp-json\/wp\/v2\/users\/3"}],"replies":[{"embeddable":true,"href":"https:\/\/diariotextual.com\/inicio\/index.php\/wp-json\/wp\/v2\/comments?post=150133"}],"version-history":[{"count":1,"href":"https:\/\/diariotextual.com\/inicio\/index.php\/wp-json\/wp\/v2\/posts\/150133\/revisions"}],"predecessor-version":[{"id":150134,"href":"https:\/\/diariotextual.com\/inicio\/index.php\/wp-json\/wp\/v2\/posts\/150133\/revisions\/150134"}],"wp:featuredmedia":[{"embeddable":true,"href":"https:\/\/diariotextual.com\/inicio\/index.php\/wp-json\/wp\/v2\/media\/150135"}],"wp:attachment":[{"href":"https:\/\/diariotextual.com\/inicio\/index.php\/wp-json\/wp\/v2\/media?parent=150133"}],"wp:term":[{"taxonomy":"category","embeddable":true,"href":"https:\/\/diariotextual.com\/inicio\/index.php\/wp-json\/wp\/v2\/categories?post=150133"},{"taxonomy":"post_tag","embeddable":true,"href":"https:\/\/diariotextual.com\/inicio\/index.php\/wp-json\/wp\/v2\/tags?post=150133"}],"curies":[{"name":"wp","href":"https:\/\/api.w.org\/{rel}","templated":true}]}}