{"id":150200,"date":"2021-06-14T05:42:46","date_gmt":"2021-06-14T08:42:46","guid":{"rendered":"https:\/\/diariotextual.com\/inicio\/?p=150200"},"modified":"2021-06-14T10:06:00","modified_gmt":"2021-06-14T13:06:00","slug":"pensar-en-2021-o-2023-la-politica-pampeana-define-liderazgos","status":"publish","type":"post","link":"https:\/\/diariotextual.com\/inicio\/index.php\/2021\/06\/14\/pensar-en-2021-o-2023-la-politica-pampeana-define-liderazgos\/","title":{"rendered":"\u00bfPensar en 2021 o 2023? La pol\u00edtica pampeana define liderazgos"},"content":{"rendered":"\n<h2 class=\"wp-block-heading\">Por Norberto G. Asquini<\/h2>\n\n\n\n<p><strong>Hay quienes tienen puesta la cabeza en 2021 y quienes la tienen en 2023. C\u00f3mo juega en esto la \u201chip\u00f3tesis de los ocho a\u00f1os\u201d de gobiernos del PJ, la sociedad Verna-Ziliotto y la situaci\u00f3n de \u201cempate interno\u201d de la UCR.<\/strong><\/p>\n\n\n\n<p>Las elecciones legislativas de este a\u00f1o ser\u00e1n importantes para el mundo de la pol\u00edtica porque marcar\u00e1n liderazgos y rumbos en cada espacio para dentro de dos a\u00f1os. Esto no solo ocurre a nivel nacional, sino tambi\u00e9n en La Pampa.<\/p>\n\n\n\n<p><strong>En la provincia hay quienes tienen m\u00e1s la mirada puesta en 2023 que en las elecciones intermedias.<\/strong> Son las gestiones. El gobernador <strong>Sergio Ziliotto<\/strong>, el intendente de Santa Rosa <strong>Luciano di N\u00e1poli <\/strong>y la intendenta de Genera Pico, <strong>Fernanda Alonso<\/strong>, pueden ser reelectos y la posibilidad de repetir es su fortaleza. <strong>Sobrevuela desde el inicio de sus gobiernos la hip\u00f3tesis de los \u201cochos a\u00f1os\u201d, en los que se va a mantener el status quo en las tres gestiones hasta 2027.<\/strong> Despu\u00e9s ser\u00e1 otra historia. Por supuesto, esa idea que debe tener en cuenta lo que pueda llegar a pasar en la realidad concreta.<\/p>\n\n\n\n<p>Esta \u201chip\u00f3tesis de los ocho a\u00f1os\u201d lo hacen deslizar desde Casa de Gobierno o desde la oficina de Luchy Alonso en el Senado como garant\u00eda de lo que va a venir. Es que<strong> la alianza estrat\u00e9gica vernismo-kirchnerismo tambi\u00e9n suelda por arriba el rumbo del peronismo pampeano y mientras se mantenga, todo seguir\u00e1, m\u00e1s o menos, igual.<\/strong> Por eso <strong>nadie quiere hacer olas<\/strong>. Por ejemplo, la publicaci\u00f3n de una actividad de La C\u00e1mpora en General Pico la semana pasada, enseguida hizo que desde el kirchnerismo llamaran para dar explicaciones y evitar cualquier confusi\u00f3n.<\/p>\n\n\n\n<p>Si el vernismo y el kirchnerismo tienen una visi\u00f3n a m\u00e1s largo plazo por tener los cargos ejecutivos, el resto de los espacios internos presionan sobre el armado de las listas porque no hay 2023 sin 2021. En pol\u00edtica nadie regala nada y se tiene que llegar lo mejor armado dentro de dos a\u00f1os para ser parte.<\/p>\n\n\n\n<div style=\"height:100px\" aria-hidden=\"true\" class=\"wp-block-spacer\"><\/div>\n\n\n\n<p><strong>La sociedad Verna-Ziliotto<\/strong><\/p>\n\n\n\n<p>Igualmente 2021 ser\u00e1 un reto para el PJ.<strong> El gobernador en la provincia y las y los intendentes en sus localidades tendr\u00e1n que legitimar sus gestiones y construcciones pol\u00edticas con votos, m\u00e1s all\u00e1 que las campa\u00f1as se nacionalizar\u00e1n y el PJ pampeano tratar\u00e1 de provincializarlas para no quedar tan pegado a Casa Rosada.<\/strong><\/p>\n\n\n\n<p>Hoy el ex gobernador <strong>Carlos Verna es el conductor del PJ<\/strong> y su nombre permite alinear a los distintos sectores del peronismo detr\u00e1s de su nombre. Su precandidatura ser\u00eda el escenario ideal para el PJ en las legislativas. Pero todav\u00eda falta saber si ser\u00e1 candidato a senador este a\u00f1o. Si no lo fuera, Ziliotto que ejerce un liderazgo basado en el gobierno y el partido, deber\u00e1 buscar adem\u00e1s ser avalado por los votos de la lista oficialista. Es que los liderazgos se ganan, y el poder no se transfiere. Hoy prevalece esa sociedad construida entre Verna y Ziliotto que le da forma y contenci\u00f3n al peronismo pampeano. La que puede verse de dos maneras seg\u00fan el inter\u00e9s del analista de turno: una asociaci\u00f3n virtuosa en la que los dos conviven y se respaldan por a\u00f1os compartidos de pol\u00edtica; y los que hablan de una constante tensi\u00f3n entre ambos.<\/p>\n\n\n\n<div style=\"height:100px\" aria-hidden=\"true\" class=\"wp-block-spacer\"><\/div>\n\n\n\n<p><strong>El empate interno radical<\/strong><\/p>\n\n\n\n<p><strong>La oposici\u00f3n, ya lo hab\u00edamos adelantado en esta columna, est\u00e1 enfrascada en 2021. A nivel nacional se disputan los liderazgos, y esto se replica en cada provincia. Entre los del mismo partido y entre las distintas fuerzas de Juntos por el Cambio<\/strong>. El periodista Diego Genoud indica que \u201cel choque en c\u00e1mara lenta que protagonizan Mauricio Macri y Horacio Rodr\u00edguez Larreta desde que el primer fracas\u00f3 en el poder entr\u00f3 en fase de aceleraci\u00f3n\u201d. M\u00e1s tarde o m\u00e1s temprano van a confrontar por el liderazgo. Y tambi\u00e9n las y los aliados de cada uno, como son el caso de Vidal y Bullrich. En la UCR ocurre lo mismo, aunque las divisiones se dan m\u00e1s a nivel provincial y se observan en distritos como Buenos Aires, Entre R\u00edos, Santa Fe o C\u00f3rdoba.<\/p>\n\n\n\n<p><strong>En La Pampa la UCR se juega en 2021 a mantener el predominio sobre el PRO<\/strong>, y tambi\u00e9n a dirimir la situaci\u00f3n de \u201cempate interno\u201d en sus propias filas de cara a 2023. Esto lleva, desde 2015 en adelante, a que cada vez que se disputan elecciones la confrontaci\u00f3n interna prevalece y llegan a consensos forzados.<\/p>\n\n\n\n<p>En el radicalismo se van perfilando precandidaturas para encabezar boletas (hasta ahora manifestadas puertas adentro de manera informal) como las de Poli Altolaguirre de los \u201ccelestes\u201d m\u00e1s aliados; y la de Daniel Kroneberger con los propios m\u00e1s aliados como son los \u201cazules\u201d. Habr\u00e1 otros sectores que jugar\u00e1n las PASO, pero las estructuras son las que pesan. El 2021 definir\u00e1 en las filas radicales d\u00f3nde estar\u00e1 ubicado cada espacio cuando se discuta 2023.<\/p>\n\n\n\n<p>Se viene as\u00ed un choque de planetas, que algunos tratan de que sea lo m\u00e1s medido posible porque no quieren que se repita lo de 2017. Las divisiones radicales llevan a que termine imponi\u00e9ndose (de concretarse Juntos por el Cambio) el PRO + aliados en las primarias. <strong>En el PRO pampeano tambi\u00e9n hay, dijimos antes, \u201chalcones\u201d y \u201cpalomas\u201d que est\u00e1n pensando en estas elecciones para definir espacios internos de cara a 2023 cuando se jueguen los cargos.<\/strong><\/p>\n\n\n\n<p>Empiezan a correr los tiempos electorales y ya todas y todos sacan cuentas. Algunos con la mirada puesta a corto plazo, otros calculando posibilidades para dentro de dos a\u00f1os. Los votos decidir\u00e1n d\u00f3nde quedar\u00e1 ubicado cada espacio pol\u00edtico de cara a las discusiones futuras.<\/p>\n\n\n\n<p><\/p>\n","protected":false},"excerpt":{"rendered":"<p>Por Norberto G. Asquini Hay quienes tienen puesta la cabeza en 2021 y quienes la tienen en 2023. C\u00f3mo juega en esto la \u201chip\u00f3tesis de los ocho a\u00f1os\u201d de gobiernos&hellip;<\/p>\n","protected":false},"author":3,"featured_media":150203,"comment_status":"closed","ping_status":"open","sticky":false,"template":"","format":"standard","meta":{"_acf_changed":false,"footnotes":""},"categories":[10,8],"tags":[125],"class_list":["post-150200","post","type-post","status-publish","format-standard","has-post-thumbnail","hentry","category-portada-2","category-politica","tag-elecciones"],"acf":[],"yoast_head":"<!-- This site is optimized with the Yoast SEO plugin v27.5 - https:\/\/yoast.com\/product\/yoast-seo-wordpress\/ -->\n<title>\u00bfPensar en 2021 o 2023? La pol\u00edtica pampeana define liderazgos - Diario Textual<\/title>\n<meta name=\"robots\" content=\"index, follow, max-snippet:-1, max-image-preview:large, max-video-preview:-1\" \/>\n<link rel=\"canonical\" href=\"https:\/\/diariotextual.com\/inicio\/index.php\/2021\/06\/14\/pensar-en-2021-o-2023-la-politica-pampeana-define-liderazgos\/\" \/>\n<meta property=\"og:locale\" content=\"es_ES\" \/>\n<meta property=\"og:type\" content=\"article\" \/>\n<meta property=\"og:title\" content=\"\u00bfPensar en 2021 o 2023? La pol\u00edtica pampeana define liderazgos - Diario Textual\" \/>\n<meta property=\"og:description\" content=\"Por Norberto G. Asquini Hay quienes tienen puesta la cabeza en 2021 y quienes la tienen en 2023. C\u00f3mo juega en esto la \u201chip\u00f3tesis de los ocho a\u00f1os\u201d de gobiernos&hellip;\" \/>\n<meta property=\"og:url\" content=\"https:\/\/diariotextual.com\/inicio\/index.php\/2021\/06\/14\/pensar-en-2021-o-2023-la-politica-pampeana-define-liderazgos\/\" \/>\n<meta property=\"og:site_name\" content=\"Diario Textual\" \/>\n<meta property=\"article:publisher\" content=\"https:\/\/www.facebook.com\/eltextual\" \/>\n<meta property=\"article:published_time\" content=\"2021-06-14T08:42:46+00:00\" \/>\n<meta property=\"article:modified_time\" content=\"2021-06-14T13:06:00+00:00\" \/>\n<meta property=\"og:image\" content=\"https:\/\/diariotextual.com\/inicio\/wp-content\/uploads\/2021\/06\/politicaeleccionesvector009.jpg\" \/>\n\t<meta property=\"og:image:width\" content=\"626\" \/>\n\t<meta property=\"og:image:height\" content=\"391\" \/>\n\t<meta property=\"og:image:type\" content=\"image\/jpeg\" \/>\n<meta name=\"author\" content=\"Diario1 Diario1\" \/>\n<meta name=\"twitter:card\" content=\"summary_large_image\" \/>\n<meta name=\"twitter:creator\" content=\"@eltextual\" \/>\n<meta name=\"twitter:site\" content=\"@eltextual\" \/>\n<meta name=\"twitter:label1\" content=\"Escrito por\" \/>\n\t<meta name=\"twitter:data1\" content=\"Diario1 Diario1\" \/>\n\t<meta name=\"twitter:label2\" content=\"Tiempo de lectura\" \/>\n\t<meta name=\"twitter:data2\" content=\"5 minutos\" \/>\n<script type=\"application\/ld+json\" class=\"yoast-schema-graph\">{\"@context\":\"https:\\\/\\\/schema.org\",\"@graph\":[{\"@type\":\"Article\",\"@id\":\"https:\\\/\\\/diariotextual.com\\\/inicio\\\/index.php\\\/2021\\\/06\\\/14\\\/pensar-en-2021-o-2023-la-politica-pampeana-define-liderazgos\\\/#article\",\"isPartOf\":{\"@id\":\"https:\\\/\\\/diariotextual.com\\\/inicio\\\/index.php\\\/2021\\\/06\\\/14\\\/pensar-en-2021-o-2023-la-politica-pampeana-define-liderazgos\\\/\"},\"author\":{\"name\":\"Diario1 Diario1\",\"@id\":\"https:\\\/\\\/diariotextual.com\\\/inicio\\\/#\\\/schema\\\/person\\\/418fc4093c33e86ed41562db3508f958\"},\"headline\":\"\u00bfPensar en 2021 o 2023? La pol\u00edtica pampeana define liderazgos\",\"datePublished\":\"2021-06-14T08:42:46+00:00\",\"dateModified\":\"2021-06-14T13:06:00+00:00\",\"mainEntityOfPage\":{\"@id\":\"https:\\\/\\\/diariotextual.com\\\/inicio\\\/index.php\\\/2021\\\/06\\\/14\\\/pensar-en-2021-o-2023-la-politica-pampeana-define-liderazgos\\\/\"},\"wordCount\":987,\"publisher\":{\"@id\":\"https:\\\/\\\/diariotextual.com\\\/inicio\\\/#organization\"},\"image\":{\"@id\":\"https:\\\/\\\/diariotextual.com\\\/inicio\\\/index.php\\\/2021\\\/06\\\/14\\\/pensar-en-2021-o-2023-la-politica-pampeana-define-liderazgos\\\/#primaryimage\"},\"thumbnailUrl\":\"https:\\\/\\\/diariotextual.com\\\/inicio\\\/wp-content\\\/uploads\\\/2021\\\/06\\\/politicaeleccionesvector009.jpg\",\"keywords\":[\"elecciones\"],\"articleSection\":[\"A - PORTADA2\",\"POLITICA\"],\"inLanguage\":\"es\"},{\"@type\":\"WebPage\",\"@id\":\"https:\\\/\\\/diariotextual.com\\\/inicio\\\/index.php\\\/2021\\\/06\\\/14\\\/pensar-en-2021-o-2023-la-politica-pampeana-define-liderazgos\\\/\",\"url\":\"https:\\\/\\\/diariotextual.com\\\/inicio\\\/index.php\\\/2021\\\/06\\\/14\\\/pensar-en-2021-o-2023-la-politica-pampeana-define-liderazgos\\\/\",\"name\":\"\u00bfPensar en 2021 o 2023? La pol\u00edtica pampeana define liderazgos - Diario Textual\",\"isPartOf\":{\"@id\":\"https:\\\/\\\/diariotextual.com\\\/inicio\\\/#website\"},\"primaryImageOfPage\":{\"@id\":\"https:\\\/\\\/diariotextual.com\\\/inicio\\\/index.php\\\/2021\\\/06\\\/14\\\/pensar-en-2021-o-2023-la-politica-pampeana-define-liderazgos\\\/#primaryimage\"},\"image\":{\"@id\":\"https:\\\/\\\/diariotextual.com\\\/inicio\\\/index.php\\\/2021\\\/06\\\/14\\\/pensar-en-2021-o-2023-la-politica-pampeana-define-liderazgos\\\/#primaryimage\"},\"thumbnailUrl\":\"https:\\\/\\\/diariotextual.com\\\/inicio\\\/wp-content\\\/uploads\\\/2021\\\/06\\\/politicaeleccionesvector009.jpg\",\"datePublished\":\"2021-06-14T08:42:46+00:00\",\"dateModified\":\"2021-06-14T13:06:00+00:00\",\"breadcrumb\":{\"@id\":\"https:\\\/\\\/diariotextual.com\\\/inicio\\\/index.php\\\/2021\\\/06\\\/14\\\/pensar-en-2021-o-2023-la-politica-pampeana-define-liderazgos\\\/#breadcrumb\"},\"inLanguage\":\"es\",\"potentialAction\":[{\"@type\":\"ReadAction\",\"target\":[\"https:\\\/\\\/diariotextual.com\\\/inicio\\\/index.php\\\/2021\\\/06\\\/14\\\/pensar-en-2021-o-2023-la-politica-pampeana-define-liderazgos\\\/\"]}]},{\"@type\":\"ImageObject\",\"inLanguage\":\"es\",\"@id\":\"https:\\\/\\\/diariotextual.com\\\/inicio\\\/index.php\\\/2021\\\/06\\\/14\\\/pensar-en-2021-o-2023-la-politica-pampeana-define-liderazgos\\\/#primaryimage\",\"url\":\"https:\\\/\\\/diariotextual.com\\\/inicio\\\/wp-content\\\/uploads\\\/2021\\\/06\\\/politicaeleccionesvector009.jpg\",\"contentUrl\":\"https:\\\/\\\/diariotextual.com\\\/inicio\\\/wp-content\\\/uploads\\\/2021\\\/06\\\/politicaeleccionesvector009.jpg\",\"width\":626,\"height\":391},{\"@type\":\"BreadcrumbList\",\"@id\":\"https:\\\/\\\/diariotextual.com\\\/inicio\\\/index.php\\\/2021\\\/06\\\/14\\\/pensar-en-2021-o-2023-la-politica-pampeana-define-liderazgos\\\/#breadcrumb\",\"itemListElement\":[{\"@type\":\"ListItem\",\"position\":1,\"name\":\"Portada\",\"item\":\"https:\\\/\\\/diariotextual.com\\\/inicio\\\/\"},{\"@type\":\"ListItem\",\"position\":2,\"name\":\"\u00bfPensar en 2021 o 2023? La pol\u00edtica pampeana define liderazgos\"}]},{\"@type\":\"WebSite\",\"@id\":\"https:\\\/\\\/diariotextual.com\\\/inicio\\\/#website\",\"url\":\"https:\\\/\\\/diariotextual.com\\\/inicio\\\/\",\"name\":\"Diario Textual\",\"description\":\"\",\"publisher\":{\"@id\":\"https:\\\/\\\/diariotextual.com\\\/inicio\\\/#organization\"},\"potentialAction\":[{\"@type\":\"SearchAction\",\"target\":{\"@type\":\"EntryPoint\",\"urlTemplate\":\"https:\\\/\\\/diariotextual.com\\\/inicio\\\/?s={search_term_string}\"},\"query-input\":{\"@type\":\"PropertyValueSpecification\",\"valueRequired\":true,\"valueName\":\"search_term_string\"}}],\"inLanguage\":\"es\"},{\"@type\":\"Organization\",\"@id\":\"https:\\\/\\\/diariotextual.com\\\/inicio\\\/#organization\",\"name\":\"Diario Textual\",\"url\":\"https:\\\/\\\/diariotextual.com\\\/inicio\\\/\",\"logo\":{\"@type\":\"ImageObject\",\"inLanguage\":\"es\",\"@id\":\"https:\\\/\\\/diariotextual.com\\\/inicio\\\/#\\\/schema\\\/logo\\\/image\\\/\",\"url\":\"https:\\\/\\\/diariotextual.com\\\/inicio\\\/wp-content\\\/uploads\\\/2023\\\/05\\\/logotextual1.jpg\",\"contentUrl\":\"https:\\\/\\\/diariotextual.com\\\/inicio\\\/wp-content\\\/uploads\\\/2023\\\/05\\\/logotextual1.jpg\",\"width\":516,\"height\":76,\"caption\":\"Diario Textual\"},\"image\":{\"@id\":\"https:\\\/\\\/diariotextual.com\\\/inicio\\\/#\\\/schema\\\/logo\\\/image\\\/\"},\"sameAs\":[\"https:\\\/\\\/www.facebook.com\\\/eltextual\",\"https:\\\/\\\/x.com\\\/eltextual\",\"http:\\\/\\\/www.instagram.com\\\/eltextual\"]},{\"@type\":\"Person\",\"@id\":\"https:\\\/\\\/diariotextual.com\\\/inicio\\\/#\\\/schema\\\/person\\\/418fc4093c33e86ed41562db3508f958\",\"name\":\"Diario1 Diario1\",\"image\":{\"@type\":\"ImageObject\",\"inLanguage\":\"es\",\"@id\":\"https:\\\/\\\/secure.gravatar.com\\\/avatar\\\/9167d280179c85bc18be67aa7eda765854300033af4896dd779b608640f2ef7a?s=96&d=mm&r=g\",\"url\":\"https:\\\/\\\/secure.gravatar.com\\\/avatar\\\/9167d280179c85bc18be67aa7eda765854300033af4896dd779b608640f2ef7a?s=96&d=mm&r=g\",\"contentUrl\":\"https:\\\/\\\/secure.gravatar.com\\\/avatar\\\/9167d280179c85bc18be67aa7eda765854300033af4896dd779b608640f2ef7a?s=96&d=mm&r=g\",\"caption\":\"Diario1 Diario1\"},\"url\":\"https:\\\/\\\/diariotextual.com\\\/inicio\\\/index.php\\\/author\\\/diario1\\\/\"}]}<\/script>\n<!-- \/ Yoast SEO plugin. -->","yoast_head_json":{"title":"\u00bfPensar en 2021 o 2023? La pol\u00edtica pampeana define liderazgos - Diario Textual","robots":{"index":"index","follow":"follow","max-snippet":"max-snippet:-1","max-image-preview":"max-image-preview:large","max-video-preview":"max-video-preview:-1"},"canonical":"https:\/\/diariotextual.com\/inicio\/index.php\/2021\/06\/14\/pensar-en-2021-o-2023-la-politica-pampeana-define-liderazgos\/","og_locale":"es_ES","og_type":"article","og_title":"\u00bfPensar en 2021 o 2023? La pol\u00edtica pampeana define liderazgos - Diario Textual","og_description":"Por Norberto G. Asquini Hay quienes tienen puesta la cabeza en 2021 y quienes la tienen en 2023. C\u00f3mo juega en esto la \u201chip\u00f3tesis de los ocho a\u00f1os\u201d de gobiernos&hellip;","og_url":"https:\/\/diariotextual.com\/inicio\/index.php\/2021\/06\/14\/pensar-en-2021-o-2023-la-politica-pampeana-define-liderazgos\/","og_site_name":"Diario Textual","article_publisher":"https:\/\/www.facebook.com\/eltextual","article_published_time":"2021-06-14T08:42:46+00:00","article_modified_time":"2021-06-14T13:06:00+00:00","og_image":[{"width":626,"height":391,"url":"https:\/\/diariotextual.com\/inicio\/wp-content\/uploads\/2021\/06\/politicaeleccionesvector009.jpg","type":"image\/jpeg"}],"author":"Diario1 Diario1","twitter_card":"summary_large_image","twitter_creator":"@eltextual","twitter_site":"@eltextual","twitter_misc":{"Escrito por":"Diario1 Diario1","Tiempo de lectura":"5 minutos"},"schema":{"@context":"https:\/\/schema.org","@graph":[{"@type":"Article","@id":"https:\/\/diariotextual.com\/inicio\/index.php\/2021\/06\/14\/pensar-en-2021-o-2023-la-politica-pampeana-define-liderazgos\/#article","isPartOf":{"@id":"https:\/\/diariotextual.com\/inicio\/index.php\/2021\/06\/14\/pensar-en-2021-o-2023-la-politica-pampeana-define-liderazgos\/"},"author":{"name":"Diario1 Diario1","@id":"https:\/\/diariotextual.com\/inicio\/#\/schema\/person\/418fc4093c33e86ed41562db3508f958"},"headline":"\u00bfPensar en 2021 o 2023? La pol\u00edtica pampeana define liderazgos","datePublished":"2021-06-14T08:42:46+00:00","dateModified":"2021-06-14T13:06:00+00:00","mainEntityOfPage":{"@id":"https:\/\/diariotextual.com\/inicio\/index.php\/2021\/06\/14\/pensar-en-2021-o-2023-la-politica-pampeana-define-liderazgos\/"},"wordCount":987,"publisher":{"@id":"https:\/\/diariotextual.com\/inicio\/#organization"},"image":{"@id":"https:\/\/diariotextual.com\/inicio\/index.php\/2021\/06\/14\/pensar-en-2021-o-2023-la-politica-pampeana-define-liderazgos\/#primaryimage"},"thumbnailUrl":"https:\/\/diariotextual.com\/inicio\/wp-content\/uploads\/2021\/06\/politicaeleccionesvector009.jpg","keywords":["elecciones"],"articleSection":["A - PORTADA2","POLITICA"],"inLanguage":"es"},{"@type":"WebPage","@id":"https:\/\/diariotextual.com\/inicio\/index.php\/2021\/06\/14\/pensar-en-2021-o-2023-la-politica-pampeana-define-liderazgos\/","url":"https:\/\/diariotextual.com\/inicio\/index.php\/2021\/06\/14\/pensar-en-2021-o-2023-la-politica-pampeana-define-liderazgos\/","name":"\u00bfPensar en 2021 o 2023? La pol\u00edtica pampeana define liderazgos - Diario Textual","isPartOf":{"@id":"https:\/\/diariotextual.com\/inicio\/#website"},"primaryImageOfPage":{"@id":"https:\/\/diariotextual.com\/inicio\/index.php\/2021\/06\/14\/pensar-en-2021-o-2023-la-politica-pampeana-define-liderazgos\/#primaryimage"},"image":{"@id":"https:\/\/diariotextual.com\/inicio\/index.php\/2021\/06\/14\/pensar-en-2021-o-2023-la-politica-pampeana-define-liderazgos\/#primaryimage"},"thumbnailUrl":"https:\/\/diariotextual.com\/inicio\/wp-content\/uploads\/2021\/06\/politicaeleccionesvector009.jpg","datePublished":"2021-06-14T08:42:46+00:00","dateModified":"2021-06-14T13:06:00+00:00","breadcrumb":{"@id":"https:\/\/diariotextual.com\/inicio\/index.php\/2021\/06\/14\/pensar-en-2021-o-2023-la-politica-pampeana-define-liderazgos\/#breadcrumb"},"inLanguage":"es","potentialAction":[{"@type":"ReadAction","target":["https:\/\/diariotextual.com\/inicio\/index.php\/2021\/06\/14\/pensar-en-2021-o-2023-la-politica-pampeana-define-liderazgos\/"]}]},{"@type":"ImageObject","inLanguage":"es","@id":"https:\/\/diariotextual.com\/inicio\/index.php\/2021\/06\/14\/pensar-en-2021-o-2023-la-politica-pampeana-define-liderazgos\/#primaryimage","url":"https:\/\/diariotextual.com\/inicio\/wp-content\/uploads\/2021\/06\/politicaeleccionesvector009.jpg","contentUrl":"https:\/\/diariotextual.com\/inicio\/wp-content\/uploads\/2021\/06\/politicaeleccionesvector009.jpg","width":626,"height":391},{"@type":"BreadcrumbList","@id":"https:\/\/diariotextual.com\/inicio\/index.php\/2021\/06\/14\/pensar-en-2021-o-2023-la-politica-pampeana-define-liderazgos\/#breadcrumb","itemListElement":[{"@type":"ListItem","position":1,"name":"Portada","item":"https:\/\/diariotextual.com\/inicio\/"},{"@type":"ListItem","position":2,"name":"\u00bfPensar en 2021 o 2023? La pol\u00edtica pampeana define liderazgos"}]},{"@type":"WebSite","@id":"https:\/\/diariotextual.com\/inicio\/#website","url":"https:\/\/diariotextual.com\/inicio\/","name":"Diario Textual","description":"","publisher":{"@id":"https:\/\/diariotextual.com\/inicio\/#organization"},"potentialAction":[{"@type":"SearchAction","target":{"@type":"EntryPoint","urlTemplate":"https:\/\/diariotextual.com\/inicio\/?s={search_term_string}"},"query-input":{"@type":"PropertyValueSpecification","valueRequired":true,"valueName":"search_term_string"}}],"inLanguage":"es"},{"@type":"Organization","@id":"https:\/\/diariotextual.com\/inicio\/#organization","name":"Diario Textual","url":"https:\/\/diariotextual.com\/inicio\/","logo":{"@type":"ImageObject","inLanguage":"es","@id":"https:\/\/diariotextual.com\/inicio\/#\/schema\/logo\/image\/","url":"https:\/\/diariotextual.com\/inicio\/wp-content\/uploads\/2023\/05\/logotextual1.jpg","contentUrl":"https:\/\/diariotextual.com\/inicio\/wp-content\/uploads\/2023\/05\/logotextual1.jpg","width":516,"height":76,"caption":"Diario Textual"},"image":{"@id":"https:\/\/diariotextual.com\/inicio\/#\/schema\/logo\/image\/"},"sameAs":["https:\/\/www.facebook.com\/eltextual","https:\/\/x.com\/eltextual","http:\/\/www.instagram.com\/eltextual"]},{"@type":"Person","@id":"https:\/\/diariotextual.com\/inicio\/#\/schema\/person\/418fc4093c33e86ed41562db3508f958","name":"Diario1 Diario1","image":{"@type":"ImageObject","inLanguage":"es","@id":"https:\/\/secure.gravatar.com\/avatar\/9167d280179c85bc18be67aa7eda765854300033af4896dd779b608640f2ef7a?s=96&d=mm&r=g","url":"https:\/\/secure.gravatar.com\/avatar\/9167d280179c85bc18be67aa7eda765854300033af4896dd779b608640f2ef7a?s=96&d=mm&r=g","contentUrl":"https:\/\/secure.gravatar.com\/avatar\/9167d280179c85bc18be67aa7eda765854300033af4896dd779b608640f2ef7a?s=96&d=mm&r=g","caption":"Diario1 Diario1"},"url":"https:\/\/diariotextual.com\/inicio\/index.php\/author\/diario1\/"}]}},"_links":{"self":[{"href":"https:\/\/diariotextual.com\/inicio\/index.php\/wp-json\/wp\/v2\/posts\/150200","targetHints":{"allow":["GET"]}}],"collection":[{"href":"https:\/\/diariotextual.com\/inicio\/index.php\/wp-json\/wp\/v2\/posts"}],"about":[{"href":"https:\/\/diariotextual.com\/inicio\/index.php\/wp-json\/wp\/v2\/types\/post"}],"author":[{"embeddable":true,"href":"https:\/\/diariotextual.com\/inicio\/index.php\/wp-json\/wp\/v2\/users\/3"}],"replies":[{"embeddable":true,"href":"https:\/\/diariotextual.com\/inicio\/index.php\/wp-json\/wp\/v2\/comments?post=150200"}],"version-history":[{"count":2,"href":"https:\/\/diariotextual.com\/inicio\/index.php\/wp-json\/wp\/v2\/posts\/150200\/revisions"}],"predecessor-version":[{"id":150202,"href":"https:\/\/diariotextual.com\/inicio\/index.php\/wp-json\/wp\/v2\/posts\/150200\/revisions\/150202"}],"wp:featuredmedia":[{"embeddable":true,"href":"https:\/\/diariotextual.com\/inicio\/index.php\/wp-json\/wp\/v2\/media\/150203"}],"wp:attachment":[{"href":"https:\/\/diariotextual.com\/inicio\/index.php\/wp-json\/wp\/v2\/media?parent=150200"}],"wp:term":[{"taxonomy":"category","embeddable":true,"href":"https:\/\/diariotextual.com\/inicio\/index.php\/wp-json\/wp\/v2\/categories?post=150200"},{"taxonomy":"post_tag","embeddable":true,"href":"https:\/\/diariotextual.com\/inicio\/index.php\/wp-json\/wp\/v2\/tags?post=150200"}],"curies":[{"name":"wp","href":"https:\/\/api.w.org\/{rel}","templated":true}]}}