{"id":150292,"date":"2021-06-14T21:21:28","date_gmt":"2021-06-15T00:21:28","guid":{"rendered":"https:\/\/diariotextual.com\/inicio\/?p=150292"},"modified":"2021-06-15T08:02:40","modified_gmt":"2021-06-15T11:02:40","slug":"le-pidieron-un-rescate-por-un-secuestro-en-santa-rosa-les-dejo-una-bolsa-vacia-y-los-detuvieron","status":"publish","type":"post","link":"https:\/\/diariotextual.com\/inicio\/index.php\/2021\/06\/14\/le-pidieron-un-rescate-por-un-secuestro-en-santa-rosa-les-dejo-una-bolsa-vacia-y-los-detuvieron\/","title":{"rendered":"Le pidieron un \u201crescate\u201d por un \u201csecuestro\u201d en Santa Rosa, les dej\u00f3 una bolsa vac\u00eda y los detuvieron"},"content":{"rendered":"\n<p>Un hombre y una mujer, de Buenos Aires y Chaco, respectivamente, fueron detenidos, acusados de un secuestro virtual en Santa Rosa.<\/p>\n\n\n\n<p>La apuntada fue una mujer de 70 a\u00f1os de edad, dijeron voceros a Diario Textual. Ocurri\u00f3 a las 14.15 de hoy, en una vivienda de calle O\u2019Higgins casi Gil.<\/p>\n\n\n\n<p>\u201cCont\u00f3 que hab\u00eda recibido llamados telef\u00f3nicos de personas que alud\u00edan haber secuestrado a su hijo\u201d, sostuvieron los voceros. \u201cReclamaron que dejara una bolsa con d\u00f3lares en su vereda. Por eso sac\u00f3 una bolsa, pero no con dinero dado que no ten\u00eda. Luego recibi\u00f3 varios llamados m\u00e1s de la misma persona, presionando psicol\u00f3gicamente\u201d, dijeron desde la comisar\u00eda Primera, a cargo de Lorena P\u00e9rez.<\/p>\n\n\n\n<p>Posteriormente, la Polic\u00eda detuvo a una pareja de 40 a\u00f1os de edad. \u201cSe secuestraron elementos de inter\u00e9s para la causa, los cuales fueron secuestrados junto al automotor.&nbsp; Horas m\u00e1s tarde la femenina fue notificada en libertad a disposici\u00f3n de fiscal\u00eda interviniente, quedando detenido comunicado el masculino\u201d, contaron.<\/p>\n","protected":false},"excerpt":{"rendered":"<p>Un hombre y una mujer, de Buenos Aires y Chaco, respectivamente, fueron detenidos, acusados de un secuestro virtual en Santa Rosa. La apuntada fue una mujer de 70 a\u00f1os de&hellip;<\/p>\n","protected":false},"author":3,"featured_media":150294,"comment_status":"closed","ping_status":"open","sticky":false,"template":"","format":"standard","meta":{"_acf_changed":false,"footnotes":""},"categories":[10,12],"tags":[4750],"class_list":["post-150292","post","type-post","status-publish","format-standard","has-post-thumbnail","hentry","category-portada-2","category-sociedad","tag-secuestro"],"acf":[],"yoast_head":"<!-- This site is optimized with the Yoast SEO plugin v27.5 - https:\/\/yoast.com\/product\/yoast-seo-wordpress\/ -->\n<title>Le pidieron un \u201crescate\u201d por un \u201csecuestro\u201d en Santa Rosa, les dej\u00f3 una bolsa vac\u00eda y los detuvieron - Diario Textual<\/title>\n<meta name=\"robots\" content=\"index, follow, max-snippet:-1, max-image-preview:large, max-video-preview:-1\" \/>\n<link rel=\"canonical\" href=\"https:\/\/diariotextual.com\/inicio\/index.php\/2021\/06\/14\/le-pidieron-un-rescate-por-un-secuestro-en-santa-rosa-les-dejo-una-bolsa-vacia-y-los-detuvieron\/\" \/>\n<meta property=\"og:locale\" content=\"es_ES\" \/>\n<meta property=\"og:type\" content=\"article\" \/>\n<meta property=\"og:title\" content=\"Le pidieron un \u201crescate\u201d por un \u201csecuestro\u201d en Santa Rosa, les dej\u00f3 una bolsa vac\u00eda y los detuvieron - Diario Textual\" \/>\n<meta property=\"og:description\" content=\"Un hombre y una mujer, de Buenos Aires y Chaco, respectivamente, fueron detenidos, acusados de un secuestro virtual en Santa Rosa. La apuntada fue una mujer de 70 a\u00f1os de&hellip;\" \/>\n<meta property=\"og:url\" content=\"https:\/\/diariotextual.com\/inicio\/index.php\/2021\/06\/14\/le-pidieron-un-rescate-por-un-secuestro-en-santa-rosa-les-dejo-una-bolsa-vacia-y-los-detuvieron\/\" \/>\n<meta property=\"og:site_name\" content=\"Diario Textual\" \/>\n<meta property=\"article:publisher\" content=\"https:\/\/www.facebook.com\/eltextual\" \/>\n<meta property=\"article:published_time\" content=\"2021-06-15T00:21:28+00:00\" \/>\n<meta property=\"article:modified_time\" content=\"2021-06-15T11:02:40+00:00\" \/>\n<meta property=\"og:image\" content=\"https:\/\/diariotextual.com\/inicio\/wp-content\/uploads\/2021\/06\/secuestrovirtual14junio2021-1.jpeg\" \/>\n\t<meta property=\"og:image:width\" content=\"1280\" \/>\n\t<meta property=\"og:image:height\" content=\"960\" \/>\n\t<meta property=\"og:image:type\" content=\"image\/jpeg\" \/>\n<meta name=\"author\" content=\"Diario1 Diario1\" \/>\n<meta name=\"twitter:card\" content=\"summary_large_image\" \/>\n<meta name=\"twitter:creator\" content=\"@eltextual\" \/>\n<meta name=\"twitter:site\" content=\"@eltextual\" \/>\n<meta name=\"twitter:label1\" content=\"Escrito por\" \/>\n\t<meta name=\"twitter:data1\" content=\"Diario1 Diario1\" \/>\n\t<meta name=\"twitter:label2\" content=\"Tiempo de lectura\" \/>\n\t<meta name=\"twitter:data2\" content=\"1 minuto\" \/>\n<script type=\"application\/ld+json\" class=\"yoast-schema-graph\">{\"@context\":\"https:\\\/\\\/schema.org\",\"@graph\":[{\"@type\":\"Article\",\"@id\":\"https:\\\/\\\/diariotextual.com\\\/inicio\\\/index.php\\\/2021\\\/06\\\/14\\\/le-pidieron-un-rescate-por-un-secuestro-en-santa-rosa-les-dejo-una-bolsa-vacia-y-los-detuvieron\\\/#article\",\"isPartOf\":{\"@id\":\"https:\\\/\\\/diariotextual.com\\\/inicio\\\/index.php\\\/2021\\\/06\\\/14\\\/le-pidieron-un-rescate-por-un-secuestro-en-santa-rosa-les-dejo-una-bolsa-vacia-y-los-detuvieron\\\/\"},\"author\":{\"name\":\"Diario1 Diario1\",\"@id\":\"https:\\\/\\\/diariotextual.com\\\/inicio\\\/#\\\/schema\\\/person\\\/418fc4093c33e86ed41562db3508f958\"},\"headline\":\"Le pidieron un \u201crescate\u201d por un \u201csecuestro\u201d en Santa Rosa, les dej\u00f3 una bolsa vac\u00eda y los detuvieron\",\"datePublished\":\"2021-06-15T00:21:28+00:00\",\"dateModified\":\"2021-06-15T11:02:40+00:00\",\"mainEntityOfPage\":{\"@id\":\"https:\\\/\\\/diariotextual.com\\\/inicio\\\/index.php\\\/2021\\\/06\\\/14\\\/le-pidieron-un-rescate-por-un-secuestro-en-santa-rosa-les-dejo-una-bolsa-vacia-y-los-detuvieron\\\/\"},\"wordCount\":193,\"publisher\":{\"@id\":\"https:\\\/\\\/diariotextual.com\\\/inicio\\\/#organization\"},\"image\":{\"@id\":\"https:\\\/\\\/diariotextual.com\\\/inicio\\\/index.php\\\/2021\\\/06\\\/14\\\/le-pidieron-un-rescate-por-un-secuestro-en-santa-rosa-les-dejo-una-bolsa-vacia-y-los-detuvieron\\\/#primaryimage\"},\"thumbnailUrl\":\"https:\\\/\\\/diariotextual.com\\\/inicio\\\/wp-content\\\/uploads\\\/2021\\\/06\\\/secuestrovirtual14junio2021-1.jpeg\",\"keywords\":[\"secuestro\"],\"articleSection\":[\"A - PORTADA2\",\"SOCIEDAD\"],\"inLanguage\":\"es\"},{\"@type\":\"WebPage\",\"@id\":\"https:\\\/\\\/diariotextual.com\\\/inicio\\\/index.php\\\/2021\\\/06\\\/14\\\/le-pidieron-un-rescate-por-un-secuestro-en-santa-rosa-les-dejo-una-bolsa-vacia-y-los-detuvieron\\\/\",\"url\":\"https:\\\/\\\/diariotextual.com\\\/inicio\\\/index.php\\\/2021\\\/06\\\/14\\\/le-pidieron-un-rescate-por-un-secuestro-en-santa-rosa-les-dejo-una-bolsa-vacia-y-los-detuvieron\\\/\",\"name\":\"Le pidieron un \u201crescate\u201d por un \u201csecuestro\u201d en Santa Rosa, les dej\u00f3 una bolsa vac\u00eda y los detuvieron - Diario Textual\",\"isPartOf\":{\"@id\":\"https:\\\/\\\/diariotextual.com\\\/inicio\\\/#website\"},\"primaryImageOfPage\":{\"@id\":\"https:\\\/\\\/diariotextual.com\\\/inicio\\\/index.php\\\/2021\\\/06\\\/14\\\/le-pidieron-un-rescate-por-un-secuestro-en-santa-rosa-les-dejo-una-bolsa-vacia-y-los-detuvieron\\\/#primaryimage\"},\"image\":{\"@id\":\"https:\\\/\\\/diariotextual.com\\\/inicio\\\/index.php\\\/2021\\\/06\\\/14\\\/le-pidieron-un-rescate-por-un-secuestro-en-santa-rosa-les-dejo-una-bolsa-vacia-y-los-detuvieron\\\/#primaryimage\"},\"thumbnailUrl\":\"https:\\\/\\\/diariotextual.com\\\/inicio\\\/wp-content\\\/uploads\\\/2021\\\/06\\\/secuestrovirtual14junio2021-1.jpeg\",\"datePublished\":\"2021-06-15T00:21:28+00:00\",\"dateModified\":\"2021-06-15T11:02:40+00:00\",\"breadcrumb\":{\"@id\":\"https:\\\/\\\/diariotextual.com\\\/inicio\\\/index.php\\\/2021\\\/06\\\/14\\\/le-pidieron-un-rescate-por-un-secuestro-en-santa-rosa-les-dejo-una-bolsa-vacia-y-los-detuvieron\\\/#breadcrumb\"},\"inLanguage\":\"es\",\"potentialAction\":[{\"@type\":\"ReadAction\",\"target\":[\"https:\\\/\\\/diariotextual.com\\\/inicio\\\/index.php\\\/2021\\\/06\\\/14\\\/le-pidieron-un-rescate-por-un-secuestro-en-santa-rosa-les-dejo-una-bolsa-vacia-y-los-detuvieron\\\/\"]}]},{\"@type\":\"ImageObject\",\"inLanguage\":\"es\",\"@id\":\"https:\\\/\\\/diariotextual.com\\\/inicio\\\/index.php\\\/2021\\\/06\\\/14\\\/le-pidieron-un-rescate-por-un-secuestro-en-santa-rosa-les-dejo-una-bolsa-vacia-y-los-detuvieron\\\/#primaryimage\",\"url\":\"https:\\\/\\\/diariotextual.com\\\/inicio\\\/wp-content\\\/uploads\\\/2021\\\/06\\\/secuestrovirtual14junio2021-1.jpeg\",\"contentUrl\":\"https:\\\/\\\/diariotextual.com\\\/inicio\\\/wp-content\\\/uploads\\\/2021\\\/06\\\/secuestrovirtual14junio2021-1.jpeg\",\"width\":1280,\"height\":960},{\"@type\":\"BreadcrumbList\",\"@id\":\"https:\\\/\\\/diariotextual.com\\\/inicio\\\/index.php\\\/2021\\\/06\\\/14\\\/le-pidieron-un-rescate-por-un-secuestro-en-santa-rosa-les-dejo-una-bolsa-vacia-y-los-detuvieron\\\/#breadcrumb\",\"itemListElement\":[{\"@type\":\"ListItem\",\"position\":1,\"name\":\"Portada\",\"item\":\"https:\\\/\\\/diariotextual.com\\\/inicio\\\/\"},{\"@type\":\"ListItem\",\"position\":2,\"name\":\"Le pidieron un \u201crescate\u201d por un \u201csecuestro\u201d en Santa Rosa, les dej\u00f3 una bolsa vac\u00eda y los detuvieron\"}]},{\"@type\":\"WebSite\",\"@id\":\"https:\\\/\\\/diariotextual.com\\\/inicio\\\/#website\",\"url\":\"https:\\\/\\\/diariotextual.com\\\/inicio\\\/\",\"name\":\"Diario Textual\",\"description\":\"\",\"publisher\":{\"@id\":\"https:\\\/\\\/diariotextual.com\\\/inicio\\\/#organization\"},\"potentialAction\":[{\"@type\":\"SearchAction\",\"target\":{\"@type\":\"EntryPoint\",\"urlTemplate\":\"https:\\\/\\\/diariotextual.com\\\/inicio\\\/?s={search_term_string}\"},\"query-input\":{\"@type\":\"PropertyValueSpecification\",\"valueRequired\":true,\"valueName\":\"search_term_string\"}}],\"inLanguage\":\"es\"},{\"@type\":\"Organization\",\"@id\":\"https:\\\/\\\/diariotextual.com\\\/inicio\\\/#organization\",\"name\":\"Diario Textual\",\"url\":\"https:\\\/\\\/diariotextual.com\\\/inicio\\\/\",\"logo\":{\"@type\":\"ImageObject\",\"inLanguage\":\"es\",\"@id\":\"https:\\\/\\\/diariotextual.com\\\/inicio\\\/#\\\/schema\\\/logo\\\/image\\\/\",\"url\":\"https:\\\/\\\/diariotextual.com\\\/inicio\\\/wp-content\\\/uploads\\\/2023\\\/05\\\/logotextual1.jpg\",\"contentUrl\":\"https:\\\/\\\/diariotextual.com\\\/inicio\\\/wp-content\\\/uploads\\\/2023\\\/05\\\/logotextual1.jpg\",\"width\":516,\"height\":76,\"caption\":\"Diario Textual\"},\"image\":{\"@id\":\"https:\\\/\\\/diariotextual.com\\\/inicio\\\/#\\\/schema\\\/logo\\\/image\\\/\"},\"sameAs\":[\"https:\\\/\\\/www.facebook.com\\\/eltextual\",\"https:\\\/\\\/x.com\\\/eltextual\",\"http:\\\/\\\/www.instagram.com\\\/eltextual\"]},{\"@type\":\"Person\",\"@id\":\"https:\\\/\\\/diariotextual.com\\\/inicio\\\/#\\\/schema\\\/person\\\/418fc4093c33e86ed41562db3508f958\",\"name\":\"Diario1 Diario1\",\"image\":{\"@type\":\"ImageObject\",\"inLanguage\":\"es\",\"@id\":\"https:\\\/\\\/secure.gravatar.com\\\/avatar\\\/9167d280179c85bc18be67aa7eda765854300033af4896dd779b608640f2ef7a?s=96&d=mm&r=g\",\"url\":\"https:\\\/\\\/secure.gravatar.com\\\/avatar\\\/9167d280179c85bc18be67aa7eda765854300033af4896dd779b608640f2ef7a?s=96&d=mm&r=g\",\"contentUrl\":\"https:\\\/\\\/secure.gravatar.com\\\/avatar\\\/9167d280179c85bc18be67aa7eda765854300033af4896dd779b608640f2ef7a?s=96&d=mm&r=g\",\"caption\":\"Diario1 Diario1\"},\"url\":\"https:\\\/\\\/diariotextual.com\\\/inicio\\\/index.php\\\/author\\\/diario1\\\/\"}]}<\/script>\n<!-- \/ Yoast SEO plugin. -->","yoast_head_json":{"title":"Le pidieron un \u201crescate\u201d por un \u201csecuestro\u201d en Santa Rosa, les dej\u00f3 una bolsa vac\u00eda y los detuvieron - Diario Textual","robots":{"index":"index","follow":"follow","max-snippet":"max-snippet:-1","max-image-preview":"max-image-preview:large","max-video-preview":"max-video-preview:-1"},"canonical":"https:\/\/diariotextual.com\/inicio\/index.php\/2021\/06\/14\/le-pidieron-un-rescate-por-un-secuestro-en-santa-rosa-les-dejo-una-bolsa-vacia-y-los-detuvieron\/","og_locale":"es_ES","og_type":"article","og_title":"Le pidieron un \u201crescate\u201d por un \u201csecuestro\u201d en Santa Rosa, les dej\u00f3 una bolsa vac\u00eda y los detuvieron - Diario Textual","og_description":"Un hombre y una mujer, de Buenos Aires y Chaco, respectivamente, fueron detenidos, acusados de un secuestro virtual en Santa Rosa. La apuntada fue una mujer de 70 a\u00f1os de&hellip;","og_url":"https:\/\/diariotextual.com\/inicio\/index.php\/2021\/06\/14\/le-pidieron-un-rescate-por-un-secuestro-en-santa-rosa-les-dejo-una-bolsa-vacia-y-los-detuvieron\/","og_site_name":"Diario Textual","article_publisher":"https:\/\/www.facebook.com\/eltextual","article_published_time":"2021-06-15T00:21:28+00:00","article_modified_time":"2021-06-15T11:02:40+00:00","og_image":[{"width":1280,"height":960,"url":"https:\/\/diariotextual.com\/inicio\/wp-content\/uploads\/2021\/06\/secuestrovirtual14junio2021-1.jpeg","type":"image\/jpeg"}],"author":"Diario1 Diario1","twitter_card":"summary_large_image","twitter_creator":"@eltextual","twitter_site":"@eltextual","twitter_misc":{"Escrito por":"Diario1 Diario1","Tiempo de lectura":"1 minuto"},"schema":{"@context":"https:\/\/schema.org","@graph":[{"@type":"Article","@id":"https:\/\/diariotextual.com\/inicio\/index.php\/2021\/06\/14\/le-pidieron-un-rescate-por-un-secuestro-en-santa-rosa-les-dejo-una-bolsa-vacia-y-los-detuvieron\/#article","isPartOf":{"@id":"https:\/\/diariotextual.com\/inicio\/index.php\/2021\/06\/14\/le-pidieron-un-rescate-por-un-secuestro-en-santa-rosa-les-dejo-una-bolsa-vacia-y-los-detuvieron\/"},"author":{"name":"Diario1 Diario1","@id":"https:\/\/diariotextual.com\/inicio\/#\/schema\/person\/418fc4093c33e86ed41562db3508f958"},"headline":"Le pidieron un \u201crescate\u201d por un \u201csecuestro\u201d en Santa Rosa, les dej\u00f3 una bolsa vac\u00eda y los detuvieron","datePublished":"2021-06-15T00:21:28+00:00","dateModified":"2021-06-15T11:02:40+00:00","mainEntityOfPage":{"@id":"https:\/\/diariotextual.com\/inicio\/index.php\/2021\/06\/14\/le-pidieron-un-rescate-por-un-secuestro-en-santa-rosa-les-dejo-una-bolsa-vacia-y-los-detuvieron\/"},"wordCount":193,"publisher":{"@id":"https:\/\/diariotextual.com\/inicio\/#organization"},"image":{"@id":"https:\/\/diariotextual.com\/inicio\/index.php\/2021\/06\/14\/le-pidieron-un-rescate-por-un-secuestro-en-santa-rosa-les-dejo-una-bolsa-vacia-y-los-detuvieron\/#primaryimage"},"thumbnailUrl":"https:\/\/diariotextual.com\/inicio\/wp-content\/uploads\/2021\/06\/secuestrovirtual14junio2021-1.jpeg","keywords":["secuestro"],"articleSection":["A - PORTADA2","SOCIEDAD"],"inLanguage":"es"},{"@type":"WebPage","@id":"https:\/\/diariotextual.com\/inicio\/index.php\/2021\/06\/14\/le-pidieron-un-rescate-por-un-secuestro-en-santa-rosa-les-dejo-una-bolsa-vacia-y-los-detuvieron\/","url":"https:\/\/diariotextual.com\/inicio\/index.php\/2021\/06\/14\/le-pidieron-un-rescate-por-un-secuestro-en-santa-rosa-les-dejo-una-bolsa-vacia-y-los-detuvieron\/","name":"Le pidieron un \u201crescate\u201d por un \u201csecuestro\u201d en Santa Rosa, les dej\u00f3 una bolsa vac\u00eda y los detuvieron - Diario Textual","isPartOf":{"@id":"https:\/\/diariotextual.com\/inicio\/#website"},"primaryImageOfPage":{"@id":"https:\/\/diariotextual.com\/inicio\/index.php\/2021\/06\/14\/le-pidieron-un-rescate-por-un-secuestro-en-santa-rosa-les-dejo-una-bolsa-vacia-y-los-detuvieron\/#primaryimage"},"image":{"@id":"https:\/\/diariotextual.com\/inicio\/index.php\/2021\/06\/14\/le-pidieron-un-rescate-por-un-secuestro-en-santa-rosa-les-dejo-una-bolsa-vacia-y-los-detuvieron\/#primaryimage"},"thumbnailUrl":"https:\/\/diariotextual.com\/inicio\/wp-content\/uploads\/2021\/06\/secuestrovirtual14junio2021-1.jpeg","datePublished":"2021-06-15T00:21:28+00:00","dateModified":"2021-06-15T11:02:40+00:00","breadcrumb":{"@id":"https:\/\/diariotextual.com\/inicio\/index.php\/2021\/06\/14\/le-pidieron-un-rescate-por-un-secuestro-en-santa-rosa-les-dejo-una-bolsa-vacia-y-los-detuvieron\/#breadcrumb"},"inLanguage":"es","potentialAction":[{"@type":"ReadAction","target":["https:\/\/diariotextual.com\/inicio\/index.php\/2021\/06\/14\/le-pidieron-un-rescate-por-un-secuestro-en-santa-rosa-les-dejo-una-bolsa-vacia-y-los-detuvieron\/"]}]},{"@type":"ImageObject","inLanguage":"es","@id":"https:\/\/diariotextual.com\/inicio\/index.php\/2021\/06\/14\/le-pidieron-un-rescate-por-un-secuestro-en-santa-rosa-les-dejo-una-bolsa-vacia-y-los-detuvieron\/#primaryimage","url":"https:\/\/diariotextual.com\/inicio\/wp-content\/uploads\/2021\/06\/secuestrovirtual14junio2021-1.jpeg","contentUrl":"https:\/\/diariotextual.com\/inicio\/wp-content\/uploads\/2021\/06\/secuestrovirtual14junio2021-1.jpeg","width":1280,"height":960},{"@type":"BreadcrumbList","@id":"https:\/\/diariotextual.com\/inicio\/index.php\/2021\/06\/14\/le-pidieron-un-rescate-por-un-secuestro-en-santa-rosa-les-dejo-una-bolsa-vacia-y-los-detuvieron\/#breadcrumb","itemListElement":[{"@type":"ListItem","position":1,"name":"Portada","item":"https:\/\/diariotextual.com\/inicio\/"},{"@type":"ListItem","position":2,"name":"Le pidieron un \u201crescate\u201d por un \u201csecuestro\u201d en Santa Rosa, les dej\u00f3 una bolsa vac\u00eda y los detuvieron"}]},{"@type":"WebSite","@id":"https:\/\/diariotextual.com\/inicio\/#website","url":"https:\/\/diariotextual.com\/inicio\/","name":"Diario Textual","description":"","publisher":{"@id":"https:\/\/diariotextual.com\/inicio\/#organization"},"potentialAction":[{"@type":"SearchAction","target":{"@type":"EntryPoint","urlTemplate":"https:\/\/diariotextual.com\/inicio\/?s={search_term_string}"},"query-input":{"@type":"PropertyValueSpecification","valueRequired":true,"valueName":"search_term_string"}}],"inLanguage":"es"},{"@type":"Organization","@id":"https:\/\/diariotextual.com\/inicio\/#organization","name":"Diario Textual","url":"https:\/\/diariotextual.com\/inicio\/","logo":{"@type":"ImageObject","inLanguage":"es","@id":"https:\/\/diariotextual.com\/inicio\/#\/schema\/logo\/image\/","url":"https:\/\/diariotextual.com\/inicio\/wp-content\/uploads\/2023\/05\/logotextual1.jpg","contentUrl":"https:\/\/diariotextual.com\/inicio\/wp-content\/uploads\/2023\/05\/logotextual1.jpg","width":516,"height":76,"caption":"Diario Textual"},"image":{"@id":"https:\/\/diariotextual.com\/inicio\/#\/schema\/logo\/image\/"},"sameAs":["https:\/\/www.facebook.com\/eltextual","https:\/\/x.com\/eltextual","http:\/\/www.instagram.com\/eltextual"]},{"@type":"Person","@id":"https:\/\/diariotextual.com\/inicio\/#\/schema\/person\/418fc4093c33e86ed41562db3508f958","name":"Diario1 Diario1","image":{"@type":"ImageObject","inLanguage":"es","@id":"https:\/\/secure.gravatar.com\/avatar\/9167d280179c85bc18be67aa7eda765854300033af4896dd779b608640f2ef7a?s=96&d=mm&r=g","url":"https:\/\/secure.gravatar.com\/avatar\/9167d280179c85bc18be67aa7eda765854300033af4896dd779b608640f2ef7a?s=96&d=mm&r=g","contentUrl":"https:\/\/secure.gravatar.com\/avatar\/9167d280179c85bc18be67aa7eda765854300033af4896dd779b608640f2ef7a?s=96&d=mm&r=g","caption":"Diario1 Diario1"},"url":"https:\/\/diariotextual.com\/inicio\/index.php\/author\/diario1\/"}]}},"_links":{"self":[{"href":"https:\/\/diariotextual.com\/inicio\/index.php\/wp-json\/wp\/v2\/posts\/150292","targetHints":{"allow":["GET"]}}],"collection":[{"href":"https:\/\/diariotextual.com\/inicio\/index.php\/wp-json\/wp\/v2\/posts"}],"about":[{"href":"https:\/\/diariotextual.com\/inicio\/index.php\/wp-json\/wp\/v2\/types\/post"}],"author":[{"embeddable":true,"href":"https:\/\/diariotextual.com\/inicio\/index.php\/wp-json\/wp\/v2\/users\/3"}],"replies":[{"embeddable":true,"href":"https:\/\/diariotextual.com\/inicio\/index.php\/wp-json\/wp\/v2\/comments?post=150292"}],"version-history":[{"count":3,"href":"https:\/\/diariotextual.com\/inicio\/index.php\/wp-json\/wp\/v2\/posts\/150292\/revisions"}],"predecessor-version":[{"id":150296,"href":"https:\/\/diariotextual.com\/inicio\/index.php\/wp-json\/wp\/v2\/posts\/150292\/revisions\/150296"}],"wp:featuredmedia":[{"embeddable":true,"href":"https:\/\/diariotextual.com\/inicio\/index.php\/wp-json\/wp\/v2\/media\/150294"}],"wp:attachment":[{"href":"https:\/\/diariotextual.com\/inicio\/index.php\/wp-json\/wp\/v2\/media?parent=150292"}],"wp:term":[{"taxonomy":"category","embeddable":true,"href":"https:\/\/diariotextual.com\/inicio\/index.php\/wp-json\/wp\/v2\/categories?post=150292"},{"taxonomy":"post_tag","embeddable":true,"href":"https:\/\/diariotextual.com\/inicio\/index.php\/wp-json\/wp\/v2\/tags?post=150292"}],"curies":[{"name":"wp","href":"https:\/\/api.w.org\/{rel}","templated":true}]}}