{"id":150358,"date":"2021-06-15T14:20:32","date_gmt":"2021-06-15T17:20:32","guid":{"rendered":"https:\/\/diariotextual.com\/inicio\/?p=150358"},"modified":"2021-06-16T07:50:15","modified_gmt":"2021-06-16T10:50:15","slug":"el-22-de-junio-regresan-las-clases-presenciales-en-forma-focalizada","status":"publish","type":"post","link":"https:\/\/diariotextual.com\/inicio\/index.php\/2021\/06\/15\/el-22-de-junio-regresan-las-clases-presenciales-en-forma-focalizada\/","title":{"rendered":"El 22 de junio regresan las clases presenciales en unos 70 pueblos de La Pampa"},"content":{"rendered":"\n<p>El Ministerio de Educaci\u00f3n anunci\u00f3 que el 22 de junio regresan las clases presenciales en forma focalizada en La Pampa. Vuelven en todas las localidades, excepto en los <strong>departamentos Capital, Toay y Marac\u00f3, y en las localidades de Tel\u00e9n, Victorica, Eduardo Castex, Trenel, Realic\u00f3, Intendente Alvear, 25 de Mayo y Catril\u00f3.<\/strong><\/p>\n\n\n\n<p>La novedad fue anunciada este martes a representantes de los tres gremios docentes de la Provincia en el marco de la Comisi\u00f3n Mixta de Salud y Seguridad en el Trabajo y tambi\u00e9n a Coordinadores\/as de \u00c1rea de todos los niveles y modalidades del sistema educativo provincial.<\/p>\n\n\n\n<p>La Resoluci\u00f3n N\u00b0 387\/21 del Consejo Federal de Educaci\u00f3n establece \u201cpriorizar la apertura de las escuelas y la reanudaci\u00f3n de clases presenciales en todo el pa\u00eds bajo condiciones de seguridad sanitaria y cuidado de la salud de la comunidad educativa, en forma escalonada, conforme con la situaci\u00f3n epidemiol\u00f3gica en las unidades geogr\u00e1ficas de menor escala en las que resulte posible evaluar el riesgo sanitario y epidemiol\u00f3gico imperante\u201d. <\/p>\n\n\n\n<p>En este marco, se inform\u00f3 el <strong>regreso focalizado a clases presenciales en todas las localidades pampeanas a partir del 22 de junio, a excepci\u00f3n de los departamentos Capital, Toay y Marac\u00f3, y en las localidades de Tel\u00e9n, Victorica, Eduardo Castex, Trenel, Realic\u00f3, Intendente Alvear, 25 de Mayo y Catril\u00f3. <\/strong>En estas localidades, dada la situaci\u00f3n epidemiol\u00f3gica particular resulta conveniente mantener la suspensi\u00f3n de clases presenciales.<\/p>\n\n\n\n<p>De todos modos,<strong> la definici\u00f3n podr\u00e1 ser modificada la pr\u00f3xima semana en funci\u00f3n de la evoluci\u00f3n sanitaria que se realiza diariamente.<\/strong><\/p>\n\n\n\n<p>El retorno ser\u00e1 focalizado y respetar\u00e1 los planes institucionales de cada uno de los establecimientos escolares de la Provincia. En este sentido, nuevamente cada escuela comunicar\u00e1 a las familias el modo y la frecuencia en que regresar\u00e1n sus estudiantes.<\/p>\n\n\n\n<p>Durante la reuni\u00f3n, se expusieron datos estad\u00edsticos que respaldan la decisi\u00f3n acordada por el Gobierno provincial. Dentro de ellos, se inform\u00f3 que &#8211; al 10 de mayo inclusive &#8211; 72.917 era el n\u00famero de personas vacunadas contra la&nbsp;COVID-19 en la Provincia. En el d\u00eda de la fecha, el plan de inmunizaci\u00f3n alcanz\u00f3 a 119.926 personas. A su vez, se detall\u00f3 que, el \u00faltimo d\u00eda de clases presenciales en La Pampa &#8211; 10 de mayo &#8211; se registraron 581 casos positivos en el d\u00eda a nivel Provincial. Actualmente, ese n\u00famero descendi\u00f3 a 272 personas diarias.<\/p>\n\n\n\n<p>En relaci\u00f3n al Plan de Vacunaci\u00f3n del Personal de Educaci\u00f3n, comunicaron que &#8211; al 10 de mayo inclusive &#8211; se encontraba vacunado el 40% de los\/as docentes frente a estudiantes en todos los niveles y modalidades. Dicho porcentaje se duplic\u00f3 &#8211; al 14 de junio inclusive &#8211; al 84%. Respecto al personal no docente, al 10 de mayo recibi\u00f3 la vacuna el 51% y al 14 de junio inclusive se cubri\u00f3 el 85% de dichos\/as trabajadores\/as de la Educaci\u00f3n.<\/p>\n\n\n\n<p>En el encuentro, <strong>se confirm\u00f3 que no se modificar\u00e1n las fechas de receso invernal del Calendario Escolar 2021, a desarrollarse entre los d\u00edas 9 y 23 de julio inclusive en todos los niveles y modalidades.<\/strong> <\/p>\n\n\n\n<p>Al finalizar, recordaron que en la p\u00e1gina web del Ministerio de Educaci\u00f3n de La Pampa &#8211;&nbsp;<a href=\"https:\/\/bit.ly\/3xp2RXi\" target=\"_blank\" rel=\"noreferrer noopener\">https:\/\/bit.ly\/3xp2RXi<\/a>&nbsp;&#8211; se encuentra disponible la actualizaci\u00f3n de informaci\u00f3n estad\u00edstica &#8211; al 15 de junio inclusive &#8211; sobre el escenario escolar no presencial vigente, el avance de la vacunaci\u00f3n de docentes frente a estudiantes en todos los niveles y modalidades y personal no docente, y los casos de COVID-19 en el sistema educativo provincial.&nbsp;&nbsp;<\/p>\n","protected":false},"excerpt":{"rendered":"<p>El Ministerio de Educaci\u00f3n anunci\u00f3 que el 22 de junio regresan las clases presenciales en forma focalizada en La Pampa. Vuelven en todas las localidades, excepto en los departamentos Capital,&hellip;<\/p>\n","protected":false},"author":4,"featured_media":135444,"comment_status":"closed","ping_status":"open","sticky":false,"template":"","format":"standard","meta":{"_acf_changed":false,"footnotes":""},"categories":[10,12],"tags":[3674],"class_list":["post-150358","post","type-post","status-publish","format-standard","has-post-thumbnail","hentry","category-portada-2","category-sociedad","tag-clases-presenciales"],"acf":[],"yoast_head":"<!-- This site is optimized with the Yoast SEO plugin v27.5 - https:\/\/yoast.com\/product\/yoast-seo-wordpress\/ -->\n<title>El 22 de junio regresan las clases presenciales en unos 70 pueblos de La Pampa - Diario Textual<\/title>\n<meta name=\"robots\" content=\"index, follow, max-snippet:-1, max-image-preview:large, max-video-preview:-1\" \/>\n<link rel=\"canonical\" href=\"https:\/\/diariotextual.com\/inicio\/index.php\/2021\/06\/15\/el-22-de-junio-regresan-las-clases-presenciales-en-forma-focalizada\/\" \/>\n<meta property=\"og:locale\" content=\"es_ES\" \/>\n<meta property=\"og:type\" content=\"article\" \/>\n<meta property=\"og:title\" content=\"El 22 de junio regresan las clases presenciales en unos 70 pueblos de La Pampa - Diario Textual\" \/>\n<meta property=\"og:description\" content=\"El Ministerio de Educaci\u00f3n anunci\u00f3 que el 22 de junio regresan las clases presenciales en forma focalizada en La Pampa. Vuelven en todas las localidades, excepto en los departamentos Capital,&hellip;\" \/>\n<meta property=\"og:url\" content=\"https:\/\/diariotextual.com\/inicio\/index.php\/2021\/06\/15\/el-22-de-junio-regresan-las-clases-presenciales-en-forma-focalizada\/\" \/>\n<meta property=\"og:site_name\" content=\"Diario Textual\" \/>\n<meta property=\"article:publisher\" content=\"https:\/\/www.facebook.com\/eltextual\" \/>\n<meta property=\"article:published_time\" content=\"2021-06-15T17:20:32+00:00\" \/>\n<meta property=\"article:modified_time\" content=\"2021-06-16T10:50:15+00:00\" \/>\n<meta property=\"og:image\" content=\"https:\/\/diariotextual.com\/inicio\/wp-content\/uploads\/2021\/03\/clasesaulasalumnosescuelascoronavirusprevencion2021-1.jpg\" \/>\n\t<meta property=\"og:image:width\" content=\"902\" \/>\n\t<meta property=\"og:image:height\" content=\"583\" \/>\n\t<meta property=\"og:image:type\" content=\"image\/jpeg\" \/>\n<meta name=\"author\" content=\"diario2\" \/>\n<meta name=\"twitter:card\" content=\"summary_large_image\" \/>\n<meta name=\"twitter:creator\" content=\"@eltextual\" \/>\n<meta name=\"twitter:site\" content=\"@eltextual\" \/>\n<meta name=\"twitter:label1\" content=\"Escrito por\" \/>\n\t<meta name=\"twitter:data1\" content=\"diario2\" \/>\n\t<meta name=\"twitter:label2\" content=\"Tiempo de lectura\" \/>\n\t<meta name=\"twitter:data2\" content=\"3 minutos\" \/>\n<script type=\"application\/ld+json\" class=\"yoast-schema-graph\">{\"@context\":\"https:\\\/\\\/schema.org\",\"@graph\":[{\"@type\":\"Article\",\"@id\":\"https:\\\/\\\/diariotextual.com\\\/inicio\\\/index.php\\\/2021\\\/06\\\/15\\\/el-22-de-junio-regresan-las-clases-presenciales-en-forma-focalizada\\\/#article\",\"isPartOf\":{\"@id\":\"https:\\\/\\\/diariotextual.com\\\/inicio\\\/index.php\\\/2021\\\/06\\\/15\\\/el-22-de-junio-regresan-las-clases-presenciales-en-forma-focalizada\\\/\"},\"author\":{\"name\":\"diario2\",\"@id\":\"https:\\\/\\\/diariotextual.com\\\/inicio\\\/#\\\/schema\\\/person\\\/694f60677f23c4a530867a98f22b3768\"},\"headline\":\"El 22 de junio regresan las clases presenciales en unos 70 pueblos de La Pampa\",\"datePublished\":\"2021-06-15T17:20:32+00:00\",\"dateModified\":\"2021-06-16T10:50:15+00:00\",\"mainEntityOfPage\":{\"@id\":\"https:\\\/\\\/diariotextual.com\\\/inicio\\\/index.php\\\/2021\\\/06\\\/15\\\/el-22-de-junio-regresan-las-clases-presenciales-en-forma-focalizada\\\/\"},\"wordCount\":614,\"publisher\":{\"@id\":\"https:\\\/\\\/diariotextual.com\\\/inicio\\\/#organization\"},\"image\":{\"@id\":\"https:\\\/\\\/diariotextual.com\\\/inicio\\\/index.php\\\/2021\\\/06\\\/15\\\/el-22-de-junio-regresan-las-clases-presenciales-en-forma-focalizada\\\/#primaryimage\"},\"thumbnailUrl\":\"https:\\\/\\\/diariotextual.com\\\/inicio\\\/wp-content\\\/uploads\\\/2021\\\/03\\\/clasesaulasalumnosescuelascoronavirusprevencion2021-1.jpg\",\"keywords\":[\"clases presenciales\"],\"articleSection\":[\"A - PORTADA2\",\"SOCIEDAD\"],\"inLanguage\":\"es\"},{\"@type\":\"WebPage\",\"@id\":\"https:\\\/\\\/diariotextual.com\\\/inicio\\\/index.php\\\/2021\\\/06\\\/15\\\/el-22-de-junio-regresan-las-clases-presenciales-en-forma-focalizada\\\/\",\"url\":\"https:\\\/\\\/diariotextual.com\\\/inicio\\\/index.php\\\/2021\\\/06\\\/15\\\/el-22-de-junio-regresan-las-clases-presenciales-en-forma-focalizada\\\/\",\"name\":\"El 22 de junio regresan las clases presenciales en unos 70 pueblos de La Pampa - Diario Textual\",\"isPartOf\":{\"@id\":\"https:\\\/\\\/diariotextual.com\\\/inicio\\\/#website\"},\"primaryImageOfPage\":{\"@id\":\"https:\\\/\\\/diariotextual.com\\\/inicio\\\/index.php\\\/2021\\\/06\\\/15\\\/el-22-de-junio-regresan-las-clases-presenciales-en-forma-focalizada\\\/#primaryimage\"},\"image\":{\"@id\":\"https:\\\/\\\/diariotextual.com\\\/inicio\\\/index.php\\\/2021\\\/06\\\/15\\\/el-22-de-junio-regresan-las-clases-presenciales-en-forma-focalizada\\\/#primaryimage\"},\"thumbnailUrl\":\"https:\\\/\\\/diariotextual.com\\\/inicio\\\/wp-content\\\/uploads\\\/2021\\\/03\\\/clasesaulasalumnosescuelascoronavirusprevencion2021-1.jpg\",\"datePublished\":\"2021-06-15T17:20:32+00:00\",\"dateModified\":\"2021-06-16T10:50:15+00:00\",\"breadcrumb\":{\"@id\":\"https:\\\/\\\/diariotextual.com\\\/inicio\\\/index.php\\\/2021\\\/06\\\/15\\\/el-22-de-junio-regresan-las-clases-presenciales-en-forma-focalizada\\\/#breadcrumb\"},\"inLanguage\":\"es\",\"potentialAction\":[{\"@type\":\"ReadAction\",\"target\":[\"https:\\\/\\\/diariotextual.com\\\/inicio\\\/index.php\\\/2021\\\/06\\\/15\\\/el-22-de-junio-regresan-las-clases-presenciales-en-forma-focalizada\\\/\"]}]},{\"@type\":\"ImageObject\",\"inLanguage\":\"es\",\"@id\":\"https:\\\/\\\/diariotextual.com\\\/inicio\\\/index.php\\\/2021\\\/06\\\/15\\\/el-22-de-junio-regresan-las-clases-presenciales-en-forma-focalizada\\\/#primaryimage\",\"url\":\"https:\\\/\\\/diariotextual.com\\\/inicio\\\/wp-content\\\/uploads\\\/2021\\\/03\\\/clasesaulasalumnosescuelascoronavirusprevencion2021-1.jpg\",\"contentUrl\":\"https:\\\/\\\/diariotextual.com\\\/inicio\\\/wp-content\\\/uploads\\\/2021\\\/03\\\/clasesaulasalumnosescuelascoronavirusprevencion2021-1.jpg\",\"width\":902,\"height\":583},{\"@type\":\"BreadcrumbList\",\"@id\":\"https:\\\/\\\/diariotextual.com\\\/inicio\\\/index.php\\\/2021\\\/06\\\/15\\\/el-22-de-junio-regresan-las-clases-presenciales-en-forma-focalizada\\\/#breadcrumb\",\"itemListElement\":[{\"@type\":\"ListItem\",\"position\":1,\"name\":\"Portada\",\"item\":\"https:\\\/\\\/diariotextual.com\\\/inicio\\\/\"},{\"@type\":\"ListItem\",\"position\":2,\"name\":\"El 22 de junio regresan las clases presenciales en unos 70 pueblos de La Pampa\"}]},{\"@type\":\"WebSite\",\"@id\":\"https:\\\/\\\/diariotextual.com\\\/inicio\\\/#website\",\"url\":\"https:\\\/\\\/diariotextual.com\\\/inicio\\\/\",\"name\":\"Diario Textual\",\"description\":\"\",\"publisher\":{\"@id\":\"https:\\\/\\\/diariotextual.com\\\/inicio\\\/#organization\"},\"potentialAction\":[{\"@type\":\"SearchAction\",\"target\":{\"@type\":\"EntryPoint\",\"urlTemplate\":\"https:\\\/\\\/diariotextual.com\\\/inicio\\\/?s={search_term_string}\"},\"query-input\":{\"@type\":\"PropertyValueSpecification\",\"valueRequired\":true,\"valueName\":\"search_term_string\"}}],\"inLanguage\":\"es\"},{\"@type\":\"Organization\",\"@id\":\"https:\\\/\\\/diariotextual.com\\\/inicio\\\/#organization\",\"name\":\"Diario Textual\",\"url\":\"https:\\\/\\\/diariotextual.com\\\/inicio\\\/\",\"logo\":{\"@type\":\"ImageObject\",\"inLanguage\":\"es\",\"@id\":\"https:\\\/\\\/diariotextual.com\\\/inicio\\\/#\\\/schema\\\/logo\\\/image\\\/\",\"url\":\"https:\\\/\\\/diariotextual.com\\\/inicio\\\/wp-content\\\/uploads\\\/2023\\\/05\\\/logotextual1.jpg\",\"contentUrl\":\"https:\\\/\\\/diariotextual.com\\\/inicio\\\/wp-content\\\/uploads\\\/2023\\\/05\\\/logotextual1.jpg\",\"width\":516,\"height\":76,\"caption\":\"Diario Textual\"},\"image\":{\"@id\":\"https:\\\/\\\/diariotextual.com\\\/inicio\\\/#\\\/schema\\\/logo\\\/image\\\/\"},\"sameAs\":[\"https:\\\/\\\/www.facebook.com\\\/eltextual\",\"https:\\\/\\\/x.com\\\/eltextual\",\"http:\\\/\\\/www.instagram.com\\\/eltextual\"]},{\"@type\":\"Person\",\"@id\":\"https:\\\/\\\/diariotextual.com\\\/inicio\\\/#\\\/schema\\\/person\\\/694f60677f23c4a530867a98f22b3768\",\"name\":\"diario2\",\"image\":{\"@type\":\"ImageObject\",\"inLanguage\":\"es\",\"@id\":\"https:\\\/\\\/secure.gravatar.com\\\/avatar\\\/5a2567495ba16b852fcd8f1ed006a2e24fcace936018ed8237e95f488ad6e0a7?s=96&d=mm&r=g\",\"url\":\"https:\\\/\\\/secure.gravatar.com\\\/avatar\\\/5a2567495ba16b852fcd8f1ed006a2e24fcace936018ed8237e95f488ad6e0a7?s=96&d=mm&r=g\",\"contentUrl\":\"https:\\\/\\\/secure.gravatar.com\\\/avatar\\\/5a2567495ba16b852fcd8f1ed006a2e24fcace936018ed8237e95f488ad6e0a7?s=96&d=mm&r=g\",\"caption\":\"diario2\"},\"url\":\"https:\\\/\\\/diariotextual.com\\\/inicio\\\/index.php\\\/author\\\/diario2\\\/\"}]}<\/script>\n<!-- \/ Yoast SEO plugin. -->","yoast_head_json":{"title":"El 22 de junio regresan las clases presenciales en unos 70 pueblos de La Pampa - Diario Textual","robots":{"index":"index","follow":"follow","max-snippet":"max-snippet:-1","max-image-preview":"max-image-preview:large","max-video-preview":"max-video-preview:-1"},"canonical":"https:\/\/diariotextual.com\/inicio\/index.php\/2021\/06\/15\/el-22-de-junio-regresan-las-clases-presenciales-en-forma-focalizada\/","og_locale":"es_ES","og_type":"article","og_title":"El 22 de junio regresan las clases presenciales en unos 70 pueblos de La Pampa - Diario Textual","og_description":"El Ministerio de Educaci\u00f3n anunci\u00f3 que el 22 de junio regresan las clases presenciales en forma focalizada en La Pampa. Vuelven en todas las localidades, excepto en los departamentos Capital,&hellip;","og_url":"https:\/\/diariotextual.com\/inicio\/index.php\/2021\/06\/15\/el-22-de-junio-regresan-las-clases-presenciales-en-forma-focalizada\/","og_site_name":"Diario Textual","article_publisher":"https:\/\/www.facebook.com\/eltextual","article_published_time":"2021-06-15T17:20:32+00:00","article_modified_time":"2021-06-16T10:50:15+00:00","og_image":[{"width":902,"height":583,"url":"https:\/\/diariotextual.com\/inicio\/wp-content\/uploads\/2021\/03\/clasesaulasalumnosescuelascoronavirusprevencion2021-1.jpg","type":"image\/jpeg"}],"author":"diario2","twitter_card":"summary_large_image","twitter_creator":"@eltextual","twitter_site":"@eltextual","twitter_misc":{"Escrito por":"diario2","Tiempo de lectura":"3 minutos"},"schema":{"@context":"https:\/\/schema.org","@graph":[{"@type":"Article","@id":"https:\/\/diariotextual.com\/inicio\/index.php\/2021\/06\/15\/el-22-de-junio-regresan-las-clases-presenciales-en-forma-focalizada\/#article","isPartOf":{"@id":"https:\/\/diariotextual.com\/inicio\/index.php\/2021\/06\/15\/el-22-de-junio-regresan-las-clases-presenciales-en-forma-focalizada\/"},"author":{"name":"diario2","@id":"https:\/\/diariotextual.com\/inicio\/#\/schema\/person\/694f60677f23c4a530867a98f22b3768"},"headline":"El 22 de junio regresan las clases presenciales en unos 70 pueblos de La Pampa","datePublished":"2021-06-15T17:20:32+00:00","dateModified":"2021-06-16T10:50:15+00:00","mainEntityOfPage":{"@id":"https:\/\/diariotextual.com\/inicio\/index.php\/2021\/06\/15\/el-22-de-junio-regresan-las-clases-presenciales-en-forma-focalizada\/"},"wordCount":614,"publisher":{"@id":"https:\/\/diariotextual.com\/inicio\/#organization"},"image":{"@id":"https:\/\/diariotextual.com\/inicio\/index.php\/2021\/06\/15\/el-22-de-junio-regresan-las-clases-presenciales-en-forma-focalizada\/#primaryimage"},"thumbnailUrl":"https:\/\/diariotextual.com\/inicio\/wp-content\/uploads\/2021\/03\/clasesaulasalumnosescuelascoronavirusprevencion2021-1.jpg","keywords":["clases presenciales"],"articleSection":["A - PORTADA2","SOCIEDAD"],"inLanguage":"es"},{"@type":"WebPage","@id":"https:\/\/diariotextual.com\/inicio\/index.php\/2021\/06\/15\/el-22-de-junio-regresan-las-clases-presenciales-en-forma-focalizada\/","url":"https:\/\/diariotextual.com\/inicio\/index.php\/2021\/06\/15\/el-22-de-junio-regresan-las-clases-presenciales-en-forma-focalizada\/","name":"El 22 de junio regresan las clases presenciales en unos 70 pueblos de La Pampa - Diario Textual","isPartOf":{"@id":"https:\/\/diariotextual.com\/inicio\/#website"},"primaryImageOfPage":{"@id":"https:\/\/diariotextual.com\/inicio\/index.php\/2021\/06\/15\/el-22-de-junio-regresan-las-clases-presenciales-en-forma-focalizada\/#primaryimage"},"image":{"@id":"https:\/\/diariotextual.com\/inicio\/index.php\/2021\/06\/15\/el-22-de-junio-regresan-las-clases-presenciales-en-forma-focalizada\/#primaryimage"},"thumbnailUrl":"https:\/\/diariotextual.com\/inicio\/wp-content\/uploads\/2021\/03\/clasesaulasalumnosescuelascoronavirusprevencion2021-1.jpg","datePublished":"2021-06-15T17:20:32+00:00","dateModified":"2021-06-16T10:50:15+00:00","breadcrumb":{"@id":"https:\/\/diariotextual.com\/inicio\/index.php\/2021\/06\/15\/el-22-de-junio-regresan-las-clases-presenciales-en-forma-focalizada\/#breadcrumb"},"inLanguage":"es","potentialAction":[{"@type":"ReadAction","target":["https:\/\/diariotextual.com\/inicio\/index.php\/2021\/06\/15\/el-22-de-junio-regresan-las-clases-presenciales-en-forma-focalizada\/"]}]},{"@type":"ImageObject","inLanguage":"es","@id":"https:\/\/diariotextual.com\/inicio\/index.php\/2021\/06\/15\/el-22-de-junio-regresan-las-clases-presenciales-en-forma-focalizada\/#primaryimage","url":"https:\/\/diariotextual.com\/inicio\/wp-content\/uploads\/2021\/03\/clasesaulasalumnosescuelascoronavirusprevencion2021-1.jpg","contentUrl":"https:\/\/diariotextual.com\/inicio\/wp-content\/uploads\/2021\/03\/clasesaulasalumnosescuelascoronavirusprevencion2021-1.jpg","width":902,"height":583},{"@type":"BreadcrumbList","@id":"https:\/\/diariotextual.com\/inicio\/index.php\/2021\/06\/15\/el-22-de-junio-regresan-las-clases-presenciales-en-forma-focalizada\/#breadcrumb","itemListElement":[{"@type":"ListItem","position":1,"name":"Portada","item":"https:\/\/diariotextual.com\/inicio\/"},{"@type":"ListItem","position":2,"name":"El 22 de junio regresan las clases presenciales en unos 70 pueblos de La Pampa"}]},{"@type":"WebSite","@id":"https:\/\/diariotextual.com\/inicio\/#website","url":"https:\/\/diariotextual.com\/inicio\/","name":"Diario Textual","description":"","publisher":{"@id":"https:\/\/diariotextual.com\/inicio\/#organization"},"potentialAction":[{"@type":"SearchAction","target":{"@type":"EntryPoint","urlTemplate":"https:\/\/diariotextual.com\/inicio\/?s={search_term_string}"},"query-input":{"@type":"PropertyValueSpecification","valueRequired":true,"valueName":"search_term_string"}}],"inLanguage":"es"},{"@type":"Organization","@id":"https:\/\/diariotextual.com\/inicio\/#organization","name":"Diario Textual","url":"https:\/\/diariotextual.com\/inicio\/","logo":{"@type":"ImageObject","inLanguage":"es","@id":"https:\/\/diariotextual.com\/inicio\/#\/schema\/logo\/image\/","url":"https:\/\/diariotextual.com\/inicio\/wp-content\/uploads\/2023\/05\/logotextual1.jpg","contentUrl":"https:\/\/diariotextual.com\/inicio\/wp-content\/uploads\/2023\/05\/logotextual1.jpg","width":516,"height":76,"caption":"Diario Textual"},"image":{"@id":"https:\/\/diariotextual.com\/inicio\/#\/schema\/logo\/image\/"},"sameAs":["https:\/\/www.facebook.com\/eltextual","https:\/\/x.com\/eltextual","http:\/\/www.instagram.com\/eltextual"]},{"@type":"Person","@id":"https:\/\/diariotextual.com\/inicio\/#\/schema\/person\/694f60677f23c4a530867a98f22b3768","name":"diario2","image":{"@type":"ImageObject","inLanguage":"es","@id":"https:\/\/secure.gravatar.com\/avatar\/5a2567495ba16b852fcd8f1ed006a2e24fcace936018ed8237e95f488ad6e0a7?s=96&d=mm&r=g","url":"https:\/\/secure.gravatar.com\/avatar\/5a2567495ba16b852fcd8f1ed006a2e24fcace936018ed8237e95f488ad6e0a7?s=96&d=mm&r=g","contentUrl":"https:\/\/secure.gravatar.com\/avatar\/5a2567495ba16b852fcd8f1ed006a2e24fcace936018ed8237e95f488ad6e0a7?s=96&d=mm&r=g","caption":"diario2"},"url":"https:\/\/diariotextual.com\/inicio\/index.php\/author\/diario2\/"}]}},"_links":{"self":[{"href":"https:\/\/diariotextual.com\/inicio\/index.php\/wp-json\/wp\/v2\/posts\/150358","targetHints":{"allow":["GET"]}}],"collection":[{"href":"https:\/\/diariotextual.com\/inicio\/index.php\/wp-json\/wp\/v2\/posts"}],"about":[{"href":"https:\/\/diariotextual.com\/inicio\/index.php\/wp-json\/wp\/v2\/types\/post"}],"author":[{"embeddable":true,"href":"https:\/\/diariotextual.com\/inicio\/index.php\/wp-json\/wp\/v2\/users\/4"}],"replies":[{"embeddable":true,"href":"https:\/\/diariotextual.com\/inicio\/index.php\/wp-json\/wp\/v2\/comments?post=150358"}],"version-history":[{"count":8,"href":"https:\/\/diariotextual.com\/inicio\/index.php\/wp-json\/wp\/v2\/posts\/150358\/revisions"}],"predecessor-version":[{"id":150374,"href":"https:\/\/diariotextual.com\/inicio\/index.php\/wp-json\/wp\/v2\/posts\/150358\/revisions\/150374"}],"wp:featuredmedia":[{"embeddable":true,"href":"https:\/\/diariotextual.com\/inicio\/index.php\/wp-json\/wp\/v2\/media\/135444"}],"wp:attachment":[{"href":"https:\/\/diariotextual.com\/inicio\/index.php\/wp-json\/wp\/v2\/media?parent=150358"}],"wp:term":[{"taxonomy":"category","embeddable":true,"href":"https:\/\/diariotextual.com\/inicio\/index.php\/wp-json\/wp\/v2\/categories?post=150358"},{"taxonomy":"post_tag","embeddable":true,"href":"https:\/\/diariotextual.com\/inicio\/index.php\/wp-json\/wp\/v2\/tags?post=150358"}],"curies":[{"name":"wp","href":"https:\/\/api.w.org\/{rel}","templated":true}]}}