{"id":150535,"date":"2021-06-16T18:31:24","date_gmt":"2021-06-16T21:31:24","guid":{"rendered":"https:\/\/diariotextual.com\/inicio\/?p=150535"},"modified":"2021-06-17T07:56:12","modified_gmt":"2021-06-17T10:56:12","slug":"nuevo-plan-ganadero-ziliotto-presento-a-basterra-los-cambios-para-la-fabrica-de-los-terneros","status":"publish","type":"post","link":"https:\/\/diariotextual.com\/inicio\/index.php\/2021\/06\/16\/nuevo-plan-ganadero-ziliotto-presento-a-basterra-los-cambios-para-la-fabrica-de-los-terneros\/","title":{"rendered":"Nuevo Plan Ganadero:  Ziliotto present\u00f3 a Basterra los cambios para la f\u00e1brica de los terneros"},"content":{"rendered":"\n<p>El gobernador<strong> Sergio Ziliotto <\/strong>se reuni\u00f3 hoy con el titular del ministerio de Agricultura, Ganader\u00eda y Pesca de Naci\u00f3n, <strong>Luis Basterra<\/strong>, para presentar el Plan Ganadero pampeano\u00a0 y detallar las herramientas que la provincia incorporar\u00e1 para actualizarlo y reformularlo y, en este caso, complementarlo con medidas de apoyo nacional. El objetivo es que la iniciativa provincial pueda ser integrada al plan que impulsa el Gobierno Nacional y que presentar\u00e1 en los pr\u00f3ximos d\u00edas.<\/p>\n\n\n\n<p>El plan ganadero pampeano est\u00e1 vigente desde 16 a\u00f1os y permiti\u00f3 aumentar el \u00edndice de destete en unos 10 puntos. Pero<strong> la intenci\u00f3n es reformarlo para aumentar esos n\u00fameros. Pretenden m\u00e1s eficiencia y productividad.<\/strong><\/p>\n\n\n\n<p>\u201cEl Gobierno Nacional -dijo Ziliotto- est\u00e1 trabajando para resolver c\u00f3mo defendemos la mesa de los argentinos y tambi\u00e9n c\u00f3mo potenciamos la producci\u00f3n de carne en nuestras regiones. En esta direcci\u00f3n, el trabajo conjunto entre la Naci\u00f3n y la provincia es fundamental para promover un mayor desarrollo ganadero\u201d.<\/p>\n\n\n\n<p>En tal sentido, el mandatario pampeano instruy\u00f3 al equipo de gesti\u00f3n del Ministerio de la Producci\u00f3n para que el Plan Ganadero Provincial centre su eje en propiciar el aumento progresivo y sostenido de la producci\u00f3n de carne.<\/p>\n\n\n\n<p>\u201c<strong>Se debe trabajar para que la oferta satisfaga la demanda del consumo interno y la demanda del mercado internacional, de modo que el aumento de la producci\u00f3n, que por ende es un aumento de la oferta, elimine la conflictividad entre precio interno y externo de la carne<\/strong>\u201d, dijo.<\/p>\n\n\n\n<p>Para avanzar en la concreci\u00f3n de acciones que permitan afianzar la b\u00fasqueda de ese objetivo, el gobernador pampeano mantuvo esta reuni\u00f3n de trabajo, informando los alcances del Plan Ganadero vigente en la provincia y, al mismo tiempo, poner en conocimiento sobre las herramientas que La Pampa considera necesarias para actualizarlo y reformularlo en concordancia al contexto actual.<\/p>\n\n\n\n<p>Por su parte, el ministro nacional, Luis Basterra, a trav\u00e9s de su gabinete de prensa, destac\u00f3 que el encuentro permiti\u00f3 a avanzar en una agenda com\u00fan para la implementaci\u00f3n del Plan Ganadero Federal.<\/p>\n\n\n\n<p>\u201cLa Pampa tiene una historia muy exitosa en la articulaci\u00f3n entre el sector productivo y el Estado provincial\u201d, dijo. \u201cEs uno de los modelos que nosotros rescatamos porque tiene un valor determinante para lograr los objetivos de mejorar la eficiencia e incrementar la producci\u00f3n de la ganader\u00eda argentina en una articulaci\u00f3n federal, entre la Naci\u00f3n y las provincias, como nos propuso el presidente Alberto Fern\u00e1ndez\u00bb.<\/p>\n\n\n\n<p>En t\u00e9rminos generales, el nuevo plan pampeano se propone generar condiciones para una profunda transformaci\u00f3n del sector ganadero bovino, con una fuerte inversi\u00f3n basada principalmente en lograr una mayor y mejor infraestructura y en el incremento de tecnolog\u00edas aplicadas a sus procesos productivos. Asimismo, su ejecuci\u00f3n requerir\u00e1 del esfuerzo de los propios productores y de los Estados Provincial y Nacional, conjuntamente con la mayor cantidad de instituciones t\u00e9cnicas representativas del sector.<\/p>\n\n\n\n<p>La provincia de La Pampa viene ejecutando desde 2005 su Plan Provincial de Activaci\u00f3n Ganadera con el fin de potenciar la producci\u00f3n del sector, la especializaci\u00f3n de los recursos humanos y la incorporaci\u00f3n de nuevas tecnolog\u00edas que apunten a la innovaci\u00f3n y competitividad.<\/p>\n\n\n\n<p>Desde su creaci\u00f3n se plantearon como objetivos generales&nbsp; brindarles apoyo provincial a los distintos circuitos productivos como son la cr\u00eda, la recr\u00eda, la invernada;&nbsp; aumentar el \u00edndice de extracci\u00f3n del rodeo; y tener m\u00e1s terneros con la misma cantidad de vacas, lo que implicaba inversi\u00f3n en infraestructura, pero sobre todo implicaba manejo.<\/p>\n\n\n\n<p>Se realizaron capacitaciones a productores y se gener\u00f3 una pol\u00edtica de cr\u00e9dito blando para la compra de vaquillonas o la reposici\u00f3n de vientres.<\/p>\n\n\n\n<p>Adem\u00e1s, el Gobierno destac\u00f3 que La Pampa es la \u00fanica provincia que cuenta desde 2005 con un Plan Provincial de Control de Enfermedades Ven\u00e9reas en Bovinos.<\/p>\n\n\n\n<p>Ese plan permiti\u00f3 mejorar y ser eficientes en los \u00edndices en la actividad productiva&nbsp; ganadera, donde por ejemplo en 2005 exist\u00eda un 1.400.000 vacas de vacas en el stock general, que se trabajaban con unos 81.000 toros, y se generaba un 58,12 % de destete. En la actualidad existe 1.323.000 vacas en el stock general, que se trabajan con unos 49.300 toros, y se genera un 66,22 % de destete.<\/p>\n","protected":false},"excerpt":{"rendered":"<p>El gobernador Sergio Ziliotto se reuni\u00f3 hoy con el titular del ministerio de Agricultura, Ganader\u00eda y Pesca de Naci\u00f3n, Luis Basterra, para presentar el Plan Ganadero pampeano\u00a0 y detallar las&hellip;<\/p>\n","protected":false},"author":3,"featured_media":150539,"comment_status":"closed","ping_status":"open","sticky":false,"template":"","format":"standard","meta":{"_acf_changed":false,"footnotes":""},"categories":[10,20],"tags":[2802,424],"class_list":["post-150535","post","type-post","status-publish","format-standard","has-post-thumbnail","hentry","category-portada-2","category-campo","tag-basterra","tag-ziliotto"],"acf":[],"yoast_head":"<!-- This site is optimized with the Yoast SEO plugin v27.5 - https:\/\/yoast.com\/product\/yoast-seo-wordpress\/ -->\n<title>Nuevo Plan Ganadero: Ziliotto present\u00f3 a Basterra los cambios para la f\u00e1brica de los terneros - Diario Textual<\/title>\n<meta name=\"robots\" content=\"index, follow, max-snippet:-1, max-image-preview:large, max-video-preview:-1\" \/>\n<link rel=\"canonical\" href=\"https:\/\/diariotextual.com\/inicio\/index.php\/2021\/06\/16\/nuevo-plan-ganadero-ziliotto-presento-a-basterra-los-cambios-para-la-fabrica-de-los-terneros\/\" \/>\n<meta property=\"og:locale\" content=\"es_ES\" \/>\n<meta property=\"og:type\" content=\"article\" \/>\n<meta property=\"og:title\" content=\"Nuevo Plan Ganadero: Ziliotto present\u00f3 a Basterra los cambios para la f\u00e1brica de los terneros - Diario Textual\" \/>\n<meta property=\"og:description\" content=\"El gobernador Sergio Ziliotto se reuni\u00f3 hoy con el titular del ministerio de Agricultura, Ganader\u00eda y Pesca de Naci\u00f3n, Luis Basterra, para presentar el Plan Ganadero pampeano\u00a0 y detallar las&hellip;\" \/>\n<meta property=\"og:url\" content=\"https:\/\/diariotextual.com\/inicio\/index.php\/2021\/06\/16\/nuevo-plan-ganadero-ziliotto-presento-a-basterra-los-cambios-para-la-fabrica-de-los-terneros\/\" \/>\n<meta property=\"og:site_name\" content=\"Diario Textual\" \/>\n<meta property=\"article:publisher\" content=\"https:\/\/www.facebook.com\/eltextual\" \/>\n<meta property=\"article:published_time\" content=\"2021-06-16T21:31:24+00:00\" \/>\n<meta property=\"article:modified_time\" content=\"2021-06-17T10:56:12+00:00\" \/>\n<meta property=\"og:image\" content=\"https:\/\/diariotextual.com\/inicio\/wp-content\/uploads\/2021\/06\/ziliottosergiobasterraplanganadero2021-1.jpeg\" \/>\n\t<meta property=\"og:image:width\" content=\"1280\" \/>\n\t<meta property=\"og:image:height\" content=\"905\" \/>\n\t<meta property=\"og:image:type\" content=\"image\/jpeg\" \/>\n<meta name=\"author\" content=\"Diario1 Diario1\" \/>\n<meta name=\"twitter:card\" content=\"summary_large_image\" \/>\n<meta name=\"twitter:creator\" content=\"@eltextual\" \/>\n<meta name=\"twitter:site\" content=\"@eltextual\" \/>\n<meta name=\"twitter:label1\" content=\"Escrito por\" \/>\n\t<meta name=\"twitter:data1\" content=\"Diario1 Diario1\" \/>\n\t<meta name=\"twitter:label2\" content=\"Tiempo de lectura\" \/>\n\t<meta name=\"twitter:data2\" content=\"3 minutos\" \/>\n<script type=\"application\/ld+json\" class=\"yoast-schema-graph\">{\"@context\":\"https:\\\/\\\/schema.org\",\"@graph\":[{\"@type\":\"Article\",\"@id\":\"https:\\\/\\\/diariotextual.com\\\/inicio\\\/index.php\\\/2021\\\/06\\\/16\\\/nuevo-plan-ganadero-ziliotto-presento-a-basterra-los-cambios-para-la-fabrica-de-los-terneros\\\/#article\",\"isPartOf\":{\"@id\":\"https:\\\/\\\/diariotextual.com\\\/inicio\\\/index.php\\\/2021\\\/06\\\/16\\\/nuevo-plan-ganadero-ziliotto-presento-a-basterra-los-cambios-para-la-fabrica-de-los-terneros\\\/\"},\"author\":{\"name\":\"Diario1 Diario1\",\"@id\":\"https:\\\/\\\/diariotextual.com\\\/inicio\\\/#\\\/schema\\\/person\\\/418fc4093c33e86ed41562db3508f958\"},\"headline\":\"Nuevo Plan Ganadero: Ziliotto present\u00f3 a Basterra los cambios para la f\u00e1brica de los terneros\",\"datePublished\":\"2021-06-16T21:31:24+00:00\",\"dateModified\":\"2021-06-17T10:56:12+00:00\",\"mainEntityOfPage\":{\"@id\":\"https:\\\/\\\/diariotextual.com\\\/inicio\\\/index.php\\\/2021\\\/06\\\/16\\\/nuevo-plan-ganadero-ziliotto-presento-a-basterra-los-cambios-para-la-fabrica-de-los-terneros\\\/\"},\"wordCount\":739,\"publisher\":{\"@id\":\"https:\\\/\\\/diariotextual.com\\\/inicio\\\/#organization\"},\"image\":{\"@id\":\"https:\\\/\\\/diariotextual.com\\\/inicio\\\/index.php\\\/2021\\\/06\\\/16\\\/nuevo-plan-ganadero-ziliotto-presento-a-basterra-los-cambios-para-la-fabrica-de-los-terneros\\\/#primaryimage\"},\"thumbnailUrl\":\"https:\\\/\\\/diariotextual.com\\\/inicio\\\/wp-content\\\/uploads\\\/2021\\\/06\\\/ziliottosergiobasterraplanganadero2021-1.jpeg\",\"keywords\":[\"basterra\",\"ziliotto\"],\"articleSection\":[\"A - PORTADA2\",\"CAMPO\"],\"inLanguage\":\"es\"},{\"@type\":\"WebPage\",\"@id\":\"https:\\\/\\\/diariotextual.com\\\/inicio\\\/index.php\\\/2021\\\/06\\\/16\\\/nuevo-plan-ganadero-ziliotto-presento-a-basterra-los-cambios-para-la-fabrica-de-los-terneros\\\/\",\"url\":\"https:\\\/\\\/diariotextual.com\\\/inicio\\\/index.php\\\/2021\\\/06\\\/16\\\/nuevo-plan-ganadero-ziliotto-presento-a-basterra-los-cambios-para-la-fabrica-de-los-terneros\\\/\",\"name\":\"Nuevo Plan Ganadero: Ziliotto present\u00f3 a Basterra los cambios para la f\u00e1brica de los terneros - Diario Textual\",\"isPartOf\":{\"@id\":\"https:\\\/\\\/diariotextual.com\\\/inicio\\\/#website\"},\"primaryImageOfPage\":{\"@id\":\"https:\\\/\\\/diariotextual.com\\\/inicio\\\/index.php\\\/2021\\\/06\\\/16\\\/nuevo-plan-ganadero-ziliotto-presento-a-basterra-los-cambios-para-la-fabrica-de-los-terneros\\\/#primaryimage\"},\"image\":{\"@id\":\"https:\\\/\\\/diariotextual.com\\\/inicio\\\/index.php\\\/2021\\\/06\\\/16\\\/nuevo-plan-ganadero-ziliotto-presento-a-basterra-los-cambios-para-la-fabrica-de-los-terneros\\\/#primaryimage\"},\"thumbnailUrl\":\"https:\\\/\\\/diariotextual.com\\\/inicio\\\/wp-content\\\/uploads\\\/2021\\\/06\\\/ziliottosergiobasterraplanganadero2021-1.jpeg\",\"datePublished\":\"2021-06-16T21:31:24+00:00\",\"dateModified\":\"2021-06-17T10:56:12+00:00\",\"breadcrumb\":{\"@id\":\"https:\\\/\\\/diariotextual.com\\\/inicio\\\/index.php\\\/2021\\\/06\\\/16\\\/nuevo-plan-ganadero-ziliotto-presento-a-basterra-los-cambios-para-la-fabrica-de-los-terneros\\\/#breadcrumb\"},\"inLanguage\":\"es\",\"potentialAction\":[{\"@type\":\"ReadAction\",\"target\":[\"https:\\\/\\\/diariotextual.com\\\/inicio\\\/index.php\\\/2021\\\/06\\\/16\\\/nuevo-plan-ganadero-ziliotto-presento-a-basterra-los-cambios-para-la-fabrica-de-los-terneros\\\/\"]}]},{\"@type\":\"ImageObject\",\"inLanguage\":\"es\",\"@id\":\"https:\\\/\\\/diariotextual.com\\\/inicio\\\/index.php\\\/2021\\\/06\\\/16\\\/nuevo-plan-ganadero-ziliotto-presento-a-basterra-los-cambios-para-la-fabrica-de-los-terneros\\\/#primaryimage\",\"url\":\"https:\\\/\\\/diariotextual.com\\\/inicio\\\/wp-content\\\/uploads\\\/2021\\\/06\\\/ziliottosergiobasterraplanganadero2021-1.jpeg\",\"contentUrl\":\"https:\\\/\\\/diariotextual.com\\\/inicio\\\/wp-content\\\/uploads\\\/2021\\\/06\\\/ziliottosergiobasterraplanganadero2021-1.jpeg\",\"width\":1280,\"height\":905},{\"@type\":\"BreadcrumbList\",\"@id\":\"https:\\\/\\\/diariotextual.com\\\/inicio\\\/index.php\\\/2021\\\/06\\\/16\\\/nuevo-plan-ganadero-ziliotto-presento-a-basterra-los-cambios-para-la-fabrica-de-los-terneros\\\/#breadcrumb\",\"itemListElement\":[{\"@type\":\"ListItem\",\"position\":1,\"name\":\"Portada\",\"item\":\"https:\\\/\\\/diariotextual.com\\\/inicio\\\/\"},{\"@type\":\"ListItem\",\"position\":2,\"name\":\"Nuevo Plan Ganadero: Ziliotto present\u00f3 a Basterra los cambios para la f\u00e1brica de los terneros\"}]},{\"@type\":\"WebSite\",\"@id\":\"https:\\\/\\\/diariotextual.com\\\/inicio\\\/#website\",\"url\":\"https:\\\/\\\/diariotextual.com\\\/inicio\\\/\",\"name\":\"Diario Textual\",\"description\":\"\",\"publisher\":{\"@id\":\"https:\\\/\\\/diariotextual.com\\\/inicio\\\/#organization\"},\"potentialAction\":[{\"@type\":\"SearchAction\",\"target\":{\"@type\":\"EntryPoint\",\"urlTemplate\":\"https:\\\/\\\/diariotextual.com\\\/inicio\\\/?s={search_term_string}\"},\"query-input\":{\"@type\":\"PropertyValueSpecification\",\"valueRequired\":true,\"valueName\":\"search_term_string\"}}],\"inLanguage\":\"es\"},{\"@type\":\"Organization\",\"@id\":\"https:\\\/\\\/diariotextual.com\\\/inicio\\\/#organization\",\"name\":\"Diario Textual\",\"url\":\"https:\\\/\\\/diariotextual.com\\\/inicio\\\/\",\"logo\":{\"@type\":\"ImageObject\",\"inLanguage\":\"es\",\"@id\":\"https:\\\/\\\/diariotextual.com\\\/inicio\\\/#\\\/schema\\\/logo\\\/image\\\/\",\"url\":\"https:\\\/\\\/diariotextual.com\\\/inicio\\\/wp-content\\\/uploads\\\/2023\\\/05\\\/logotextual1.jpg\",\"contentUrl\":\"https:\\\/\\\/diariotextual.com\\\/inicio\\\/wp-content\\\/uploads\\\/2023\\\/05\\\/logotextual1.jpg\",\"width\":516,\"height\":76,\"caption\":\"Diario Textual\"},\"image\":{\"@id\":\"https:\\\/\\\/diariotextual.com\\\/inicio\\\/#\\\/schema\\\/logo\\\/image\\\/\"},\"sameAs\":[\"https:\\\/\\\/www.facebook.com\\\/eltextual\",\"https:\\\/\\\/x.com\\\/eltextual\",\"http:\\\/\\\/www.instagram.com\\\/eltextual\"]},{\"@type\":\"Person\",\"@id\":\"https:\\\/\\\/diariotextual.com\\\/inicio\\\/#\\\/schema\\\/person\\\/418fc4093c33e86ed41562db3508f958\",\"name\":\"Diario1 Diario1\",\"image\":{\"@type\":\"ImageObject\",\"inLanguage\":\"es\",\"@id\":\"https:\\\/\\\/secure.gravatar.com\\\/avatar\\\/9167d280179c85bc18be67aa7eda765854300033af4896dd779b608640f2ef7a?s=96&d=mm&r=g\",\"url\":\"https:\\\/\\\/secure.gravatar.com\\\/avatar\\\/9167d280179c85bc18be67aa7eda765854300033af4896dd779b608640f2ef7a?s=96&d=mm&r=g\",\"contentUrl\":\"https:\\\/\\\/secure.gravatar.com\\\/avatar\\\/9167d280179c85bc18be67aa7eda765854300033af4896dd779b608640f2ef7a?s=96&d=mm&r=g\",\"caption\":\"Diario1 Diario1\"},\"url\":\"https:\\\/\\\/diariotextual.com\\\/inicio\\\/index.php\\\/author\\\/diario1\\\/\"}]}<\/script>\n<!-- \/ Yoast SEO plugin. -->","yoast_head_json":{"title":"Nuevo Plan Ganadero: Ziliotto present\u00f3 a Basterra los cambios para la f\u00e1brica de los terneros - Diario Textual","robots":{"index":"index","follow":"follow","max-snippet":"max-snippet:-1","max-image-preview":"max-image-preview:large","max-video-preview":"max-video-preview:-1"},"canonical":"https:\/\/diariotextual.com\/inicio\/index.php\/2021\/06\/16\/nuevo-plan-ganadero-ziliotto-presento-a-basterra-los-cambios-para-la-fabrica-de-los-terneros\/","og_locale":"es_ES","og_type":"article","og_title":"Nuevo Plan Ganadero: Ziliotto present\u00f3 a Basterra los cambios para la f\u00e1brica de los terneros - Diario Textual","og_description":"El gobernador Sergio Ziliotto se reuni\u00f3 hoy con el titular del ministerio de Agricultura, Ganader\u00eda y Pesca de Naci\u00f3n, Luis Basterra, para presentar el Plan Ganadero pampeano\u00a0 y detallar las&hellip;","og_url":"https:\/\/diariotextual.com\/inicio\/index.php\/2021\/06\/16\/nuevo-plan-ganadero-ziliotto-presento-a-basterra-los-cambios-para-la-fabrica-de-los-terneros\/","og_site_name":"Diario Textual","article_publisher":"https:\/\/www.facebook.com\/eltextual","article_published_time":"2021-06-16T21:31:24+00:00","article_modified_time":"2021-06-17T10:56:12+00:00","og_image":[{"width":1280,"height":905,"url":"https:\/\/diariotextual.com\/inicio\/wp-content\/uploads\/2021\/06\/ziliottosergiobasterraplanganadero2021-1.jpeg","type":"image\/jpeg"}],"author":"Diario1 Diario1","twitter_card":"summary_large_image","twitter_creator":"@eltextual","twitter_site":"@eltextual","twitter_misc":{"Escrito por":"Diario1 Diario1","Tiempo de lectura":"3 minutos"},"schema":{"@context":"https:\/\/schema.org","@graph":[{"@type":"Article","@id":"https:\/\/diariotextual.com\/inicio\/index.php\/2021\/06\/16\/nuevo-plan-ganadero-ziliotto-presento-a-basterra-los-cambios-para-la-fabrica-de-los-terneros\/#article","isPartOf":{"@id":"https:\/\/diariotextual.com\/inicio\/index.php\/2021\/06\/16\/nuevo-plan-ganadero-ziliotto-presento-a-basterra-los-cambios-para-la-fabrica-de-los-terneros\/"},"author":{"name":"Diario1 Diario1","@id":"https:\/\/diariotextual.com\/inicio\/#\/schema\/person\/418fc4093c33e86ed41562db3508f958"},"headline":"Nuevo Plan Ganadero: Ziliotto present\u00f3 a Basterra los cambios para la f\u00e1brica de los terneros","datePublished":"2021-06-16T21:31:24+00:00","dateModified":"2021-06-17T10:56:12+00:00","mainEntityOfPage":{"@id":"https:\/\/diariotextual.com\/inicio\/index.php\/2021\/06\/16\/nuevo-plan-ganadero-ziliotto-presento-a-basterra-los-cambios-para-la-fabrica-de-los-terneros\/"},"wordCount":739,"publisher":{"@id":"https:\/\/diariotextual.com\/inicio\/#organization"},"image":{"@id":"https:\/\/diariotextual.com\/inicio\/index.php\/2021\/06\/16\/nuevo-plan-ganadero-ziliotto-presento-a-basterra-los-cambios-para-la-fabrica-de-los-terneros\/#primaryimage"},"thumbnailUrl":"https:\/\/diariotextual.com\/inicio\/wp-content\/uploads\/2021\/06\/ziliottosergiobasterraplanganadero2021-1.jpeg","keywords":["basterra","ziliotto"],"articleSection":["A - PORTADA2","CAMPO"],"inLanguage":"es"},{"@type":"WebPage","@id":"https:\/\/diariotextual.com\/inicio\/index.php\/2021\/06\/16\/nuevo-plan-ganadero-ziliotto-presento-a-basterra-los-cambios-para-la-fabrica-de-los-terneros\/","url":"https:\/\/diariotextual.com\/inicio\/index.php\/2021\/06\/16\/nuevo-plan-ganadero-ziliotto-presento-a-basterra-los-cambios-para-la-fabrica-de-los-terneros\/","name":"Nuevo Plan Ganadero: Ziliotto present\u00f3 a Basterra los cambios para la f\u00e1brica de los terneros - Diario Textual","isPartOf":{"@id":"https:\/\/diariotextual.com\/inicio\/#website"},"primaryImageOfPage":{"@id":"https:\/\/diariotextual.com\/inicio\/index.php\/2021\/06\/16\/nuevo-plan-ganadero-ziliotto-presento-a-basterra-los-cambios-para-la-fabrica-de-los-terneros\/#primaryimage"},"image":{"@id":"https:\/\/diariotextual.com\/inicio\/index.php\/2021\/06\/16\/nuevo-plan-ganadero-ziliotto-presento-a-basterra-los-cambios-para-la-fabrica-de-los-terneros\/#primaryimage"},"thumbnailUrl":"https:\/\/diariotextual.com\/inicio\/wp-content\/uploads\/2021\/06\/ziliottosergiobasterraplanganadero2021-1.jpeg","datePublished":"2021-06-16T21:31:24+00:00","dateModified":"2021-06-17T10:56:12+00:00","breadcrumb":{"@id":"https:\/\/diariotextual.com\/inicio\/index.php\/2021\/06\/16\/nuevo-plan-ganadero-ziliotto-presento-a-basterra-los-cambios-para-la-fabrica-de-los-terneros\/#breadcrumb"},"inLanguage":"es","potentialAction":[{"@type":"ReadAction","target":["https:\/\/diariotextual.com\/inicio\/index.php\/2021\/06\/16\/nuevo-plan-ganadero-ziliotto-presento-a-basterra-los-cambios-para-la-fabrica-de-los-terneros\/"]}]},{"@type":"ImageObject","inLanguage":"es","@id":"https:\/\/diariotextual.com\/inicio\/index.php\/2021\/06\/16\/nuevo-plan-ganadero-ziliotto-presento-a-basterra-los-cambios-para-la-fabrica-de-los-terneros\/#primaryimage","url":"https:\/\/diariotextual.com\/inicio\/wp-content\/uploads\/2021\/06\/ziliottosergiobasterraplanganadero2021-1.jpeg","contentUrl":"https:\/\/diariotextual.com\/inicio\/wp-content\/uploads\/2021\/06\/ziliottosergiobasterraplanganadero2021-1.jpeg","width":1280,"height":905},{"@type":"BreadcrumbList","@id":"https:\/\/diariotextual.com\/inicio\/index.php\/2021\/06\/16\/nuevo-plan-ganadero-ziliotto-presento-a-basterra-los-cambios-para-la-fabrica-de-los-terneros\/#breadcrumb","itemListElement":[{"@type":"ListItem","position":1,"name":"Portada","item":"https:\/\/diariotextual.com\/inicio\/"},{"@type":"ListItem","position":2,"name":"Nuevo Plan Ganadero: Ziliotto present\u00f3 a Basterra los cambios para la f\u00e1brica de los terneros"}]},{"@type":"WebSite","@id":"https:\/\/diariotextual.com\/inicio\/#website","url":"https:\/\/diariotextual.com\/inicio\/","name":"Diario Textual","description":"","publisher":{"@id":"https:\/\/diariotextual.com\/inicio\/#organization"},"potentialAction":[{"@type":"SearchAction","target":{"@type":"EntryPoint","urlTemplate":"https:\/\/diariotextual.com\/inicio\/?s={search_term_string}"},"query-input":{"@type":"PropertyValueSpecification","valueRequired":true,"valueName":"search_term_string"}}],"inLanguage":"es"},{"@type":"Organization","@id":"https:\/\/diariotextual.com\/inicio\/#organization","name":"Diario Textual","url":"https:\/\/diariotextual.com\/inicio\/","logo":{"@type":"ImageObject","inLanguage":"es","@id":"https:\/\/diariotextual.com\/inicio\/#\/schema\/logo\/image\/","url":"https:\/\/diariotextual.com\/inicio\/wp-content\/uploads\/2023\/05\/logotextual1.jpg","contentUrl":"https:\/\/diariotextual.com\/inicio\/wp-content\/uploads\/2023\/05\/logotextual1.jpg","width":516,"height":76,"caption":"Diario Textual"},"image":{"@id":"https:\/\/diariotextual.com\/inicio\/#\/schema\/logo\/image\/"},"sameAs":["https:\/\/www.facebook.com\/eltextual","https:\/\/x.com\/eltextual","http:\/\/www.instagram.com\/eltextual"]},{"@type":"Person","@id":"https:\/\/diariotextual.com\/inicio\/#\/schema\/person\/418fc4093c33e86ed41562db3508f958","name":"Diario1 Diario1","image":{"@type":"ImageObject","inLanguage":"es","@id":"https:\/\/secure.gravatar.com\/avatar\/9167d280179c85bc18be67aa7eda765854300033af4896dd779b608640f2ef7a?s=96&d=mm&r=g","url":"https:\/\/secure.gravatar.com\/avatar\/9167d280179c85bc18be67aa7eda765854300033af4896dd779b608640f2ef7a?s=96&d=mm&r=g","contentUrl":"https:\/\/secure.gravatar.com\/avatar\/9167d280179c85bc18be67aa7eda765854300033af4896dd779b608640f2ef7a?s=96&d=mm&r=g","caption":"Diario1 Diario1"},"url":"https:\/\/diariotextual.com\/inicio\/index.php\/author\/diario1\/"}]}},"_links":{"self":[{"href":"https:\/\/diariotextual.com\/inicio\/index.php\/wp-json\/wp\/v2\/posts\/150535","targetHints":{"allow":["GET"]}}],"collection":[{"href":"https:\/\/diariotextual.com\/inicio\/index.php\/wp-json\/wp\/v2\/posts"}],"about":[{"href":"https:\/\/diariotextual.com\/inicio\/index.php\/wp-json\/wp\/v2\/types\/post"}],"author":[{"embeddable":true,"href":"https:\/\/diariotextual.com\/inicio\/index.php\/wp-json\/wp\/v2\/users\/3"}],"replies":[{"embeddable":true,"href":"https:\/\/diariotextual.com\/inicio\/index.php\/wp-json\/wp\/v2\/comments?post=150535"}],"version-history":[{"count":3,"href":"https:\/\/diariotextual.com\/inicio\/index.php\/wp-json\/wp\/v2\/posts\/150535\/revisions"}],"predecessor-version":[{"id":150538,"href":"https:\/\/diariotextual.com\/inicio\/index.php\/wp-json\/wp\/v2\/posts\/150535\/revisions\/150538"}],"wp:featuredmedia":[{"embeddable":true,"href":"https:\/\/diariotextual.com\/inicio\/index.php\/wp-json\/wp\/v2\/media\/150539"}],"wp:attachment":[{"href":"https:\/\/diariotextual.com\/inicio\/index.php\/wp-json\/wp\/v2\/media?parent=150535"}],"wp:term":[{"taxonomy":"category","embeddable":true,"href":"https:\/\/diariotextual.com\/inicio\/index.php\/wp-json\/wp\/v2\/categories?post=150535"},{"taxonomy":"post_tag","embeddable":true,"href":"https:\/\/diariotextual.com\/inicio\/index.php\/wp-json\/wp\/v2\/tags?post=150535"}],"curies":[{"name":"wp","href":"https:\/\/api.w.org\/{rel}","templated":true}]}}