{"id":150591,"date":"2021-06-17T08:58:59","date_gmt":"2021-06-17T11:58:59","guid":{"rendered":"https:\/\/diariotextual.com\/inicio\/?p=150591"},"modified":"2021-06-17T11:10:29","modified_gmt":"2021-06-17T14:10:29","slug":"la-camara-de-taxis-dice-que-el-aumento-del-35-en-santa-rosa-es-insuficiente","status":"publish","type":"post","link":"https:\/\/diariotextual.com\/inicio\/index.php\/2021\/06\/17\/la-camara-de-taxis-dice-que-el-aumento-del-35-en-santa-rosa-es-insuficiente\/","title":{"rendered":"La C\u00e1mara de Taxis dice que el aumento del 35% en Santa Rosa es insuficiente"},"content":{"rendered":"\n<p>La C\u00e1mara de Propietarios de Taxis expres\u00f3 su rechazo al 35% de aumento en la tarifa que envi\u00f3 el intendente de Santa Rosa para su tratamiento en el concejo deliberante. \u201cEs insuficiente\u201d, dijo Ernesto Forastiero. <\/p>\n\n\n\n<figure class=\"wp-block-embed is-type-wp-embed is-provider-diario-textual wp-block-embed-diario-textual\"><div class=\"wp-block-embed__wrapper\">\n<blockquote class=\"wp-embedded-content\" data-secret=\"ZNeD13vZx7\"><a href=\"https:\/\/diariotextual.com\/inicio\/index.php\/2021\/06\/16\/se-viene-un-aumento-del-35-en-los-taxis-de-santa-rosa\/\">Se viene un aumento del 35% en los taxis de Santa Rosa<\/a><\/blockquote><iframe class=\"wp-embedded-content\" sandbox=\"allow-scripts\" security=\"restricted\" style=\"position: absolute; clip: rect(1px, 1px, 1px, 1px);\" title=\"\u00abSe viene un aumento del 35% en los taxis de Santa Rosa\u00bb \u2014 Diario Textual\" src=\"https:\/\/diariotextual.com\/inicio\/index.php\/2021\/06\/16\/se-viene-un-aumento-del-35-en-los-taxis-de-santa-rosa\/embed\/#?secret=ZNeD13vZx7\" data-secret=\"ZNeD13vZx7\" width=\"600\" height=\"338\" frameborder=\"0\" marginwidth=\"0\" marginheight=\"0\" scrolling=\"no\"><\/iframe>\n<\/div><\/figure>\n\n\n\n<p>Ayer, tal como inform\u00f3 Diario Textual, el Ejecutivo santarrose\u00f1o envi\u00f3 al concejo deliberante -ingresar\u00e1 en la sesi\u00f3n de este jueves- un proyecto de ordenanza con un incremento del 35% para el servicio de taxis, de acuerdo al resultado que arroj\u00f3 la f\u00f3rmula polin\u00f3mica, que coteja costos.<\/p>\n\n\n\n<p>Con este porcentaje de incremento la bajada de bandera pasar\u00e1 de $79,84 a $107,37 y la ficha de $4,61 a $6,20.<\/p>\n\n\n\n<p>\u201cEs insuficiente. Eso no refleja los incrementos que tuvimos en repuestos, gomas, equipos de gas, tapizados, etc\u201d, dijo Ernesto Forastiero, vocero de los propietarios de taxis.<\/p>\n\n\n\n<p>\u201cCre\u00edamos que hab\u00eda cambiado, pero todo sigue igual: los taxistas siempre vamos detr\u00e1s de la zanahoria\u201d, grafic\u00f3.<\/p>\n\n\n\n<p>Forastiero asegur\u00f3 que la c\u00e1mara sac\u00f3 su propia polin\u00f3mica, que arroj\u00f3 un porcentaje muy superior al de la intendencia. \u201cEsto as\u00ed como est\u00e1 no alcanza\u201d, dijo.<\/p>\n","protected":false},"excerpt":{"rendered":"<p>La C\u00e1mara de Propietarios de Taxis expres\u00f3 su rechazo al 35% de aumento en la tarifa que envi\u00f3 el intendente de Santa Rosa para su tratamiento en el concejo deliberante.&hellip;<\/p>\n","protected":false},"author":7,"featured_media":7023,"comment_status":"closed","ping_status":"open","sticky":false,"template":"","format":"standard","meta":{"_acf_changed":false,"footnotes":""},"categories":[10,12],"tags":[659,1731],"class_list":["post-150591","post","type-post","status-publish","format-standard","has-post-thumbnail","hentry","category-portada-2","category-sociedad","tag-aumento","tag-taxis"],"acf":[],"yoast_head":"<!-- This site is optimized with the Yoast SEO plugin v27.5 - https:\/\/yoast.com\/product\/yoast-seo-wordpress\/ -->\n<title>La C\u00e1mara de Taxis dice que el aumento del 35% en Santa Rosa es insuficiente - Diario Textual<\/title>\n<meta name=\"robots\" content=\"index, follow, max-snippet:-1, max-image-preview:large, max-video-preview:-1\" \/>\n<link rel=\"canonical\" href=\"https:\/\/diariotextual.com\/inicio\/index.php\/2021\/06\/17\/la-camara-de-taxis-dice-que-el-aumento-del-35-en-santa-rosa-es-insuficiente\/\" \/>\n<meta property=\"og:locale\" content=\"es_ES\" \/>\n<meta property=\"og:type\" content=\"article\" \/>\n<meta property=\"og:title\" content=\"La C\u00e1mara de Taxis dice que el aumento del 35% en Santa Rosa es insuficiente - Diario Textual\" \/>\n<meta property=\"og:description\" content=\"La C\u00e1mara de Propietarios de Taxis expres\u00f3 su rechazo al 35% de aumento en la tarifa que envi\u00f3 el intendente de Santa Rosa para su tratamiento en el concejo deliberante.&hellip;\" \/>\n<meta property=\"og:url\" content=\"https:\/\/diariotextual.com\/inicio\/index.php\/2021\/06\/17\/la-camara-de-taxis-dice-que-el-aumento-del-35-en-santa-rosa-es-insuficiente\/\" \/>\n<meta property=\"og:site_name\" content=\"Diario Textual\" \/>\n<meta property=\"article:publisher\" content=\"https:\/\/www.facebook.com\/eltextual\" \/>\n<meta property=\"article:published_time\" content=\"2021-06-17T11:58:59+00:00\" \/>\n<meta property=\"article:modified_time\" content=\"2021-06-17T14:10:29+00:00\" \/>\n<meta property=\"og:image\" content=\"https:\/\/diariotextual.com\/inicio\/wp-content\/uploads\/2018\/05\/taxisantarosa.jpg\" \/>\n\t<meta property=\"og:image:width\" content=\"546\" \/>\n\t<meta property=\"og:image:height\" content=\"388\" \/>\n\t<meta property=\"og:image:type\" content=\"image\/jpeg\" \/>\n<meta name=\"author\" content=\"diario5\" \/>\n<meta name=\"twitter:card\" content=\"summary_large_image\" \/>\n<meta name=\"twitter:creator\" content=\"@eltextual\" \/>\n<meta name=\"twitter:site\" content=\"@eltextual\" \/>\n<meta name=\"twitter:label1\" content=\"Escrito por\" \/>\n\t<meta name=\"twitter:data1\" content=\"diario5\" \/>\n\t<meta name=\"twitter:label2\" content=\"Tiempo de lectura\" \/>\n\t<meta name=\"twitter:data2\" content=\"1 minuto\" \/>\n<script type=\"application\/ld+json\" class=\"yoast-schema-graph\">{\"@context\":\"https:\\\/\\\/schema.org\",\"@graph\":[{\"@type\":\"Article\",\"@id\":\"https:\\\/\\\/diariotextual.com\\\/inicio\\\/index.php\\\/2021\\\/06\\\/17\\\/la-camara-de-taxis-dice-que-el-aumento-del-35-en-santa-rosa-es-insuficiente\\\/#article\",\"isPartOf\":{\"@id\":\"https:\\\/\\\/diariotextual.com\\\/inicio\\\/index.php\\\/2021\\\/06\\\/17\\\/la-camara-de-taxis-dice-que-el-aumento-del-35-en-santa-rosa-es-insuficiente\\\/\"},\"author\":{\"name\":\"diario5\",\"@id\":\"https:\\\/\\\/diariotextual.com\\\/inicio\\\/#\\\/schema\\\/person\\\/c7834961ad8b29b1d9cdbf4571299067\"},\"headline\":\"La C\u00e1mara de Taxis dice que el aumento del 35% en Santa Rosa es insuficiente\",\"datePublished\":\"2021-06-17T11:58:59+00:00\",\"dateModified\":\"2021-06-17T14:10:29+00:00\",\"mainEntityOfPage\":{\"@id\":\"https:\\\/\\\/diariotextual.com\\\/inicio\\\/index.php\\\/2021\\\/06\\\/17\\\/la-camara-de-taxis-dice-que-el-aumento-del-35-en-santa-rosa-es-insuficiente\\\/\"},\"wordCount\":198,\"publisher\":{\"@id\":\"https:\\\/\\\/diariotextual.com\\\/inicio\\\/#organization\"},\"image\":{\"@id\":\"https:\\\/\\\/diariotextual.com\\\/inicio\\\/index.php\\\/2021\\\/06\\\/17\\\/la-camara-de-taxis-dice-que-el-aumento-del-35-en-santa-rosa-es-insuficiente\\\/#primaryimage\"},\"thumbnailUrl\":\"https:\\\/\\\/diariotextual.com\\\/inicio\\\/wp-content\\\/uploads\\\/2018\\\/05\\\/taxisantarosa.jpg\",\"keywords\":[\"aumento\",\"taxis\"],\"articleSection\":[\"A - PORTADA2\",\"SOCIEDAD\"],\"inLanguage\":\"es\"},{\"@type\":\"WebPage\",\"@id\":\"https:\\\/\\\/diariotextual.com\\\/inicio\\\/index.php\\\/2021\\\/06\\\/17\\\/la-camara-de-taxis-dice-que-el-aumento-del-35-en-santa-rosa-es-insuficiente\\\/\",\"url\":\"https:\\\/\\\/diariotextual.com\\\/inicio\\\/index.php\\\/2021\\\/06\\\/17\\\/la-camara-de-taxis-dice-que-el-aumento-del-35-en-santa-rosa-es-insuficiente\\\/\",\"name\":\"La C\u00e1mara de Taxis dice que el aumento del 35% en Santa Rosa es insuficiente - Diario Textual\",\"isPartOf\":{\"@id\":\"https:\\\/\\\/diariotextual.com\\\/inicio\\\/#website\"},\"primaryImageOfPage\":{\"@id\":\"https:\\\/\\\/diariotextual.com\\\/inicio\\\/index.php\\\/2021\\\/06\\\/17\\\/la-camara-de-taxis-dice-que-el-aumento-del-35-en-santa-rosa-es-insuficiente\\\/#primaryimage\"},\"image\":{\"@id\":\"https:\\\/\\\/diariotextual.com\\\/inicio\\\/index.php\\\/2021\\\/06\\\/17\\\/la-camara-de-taxis-dice-que-el-aumento-del-35-en-santa-rosa-es-insuficiente\\\/#primaryimage\"},\"thumbnailUrl\":\"https:\\\/\\\/diariotextual.com\\\/inicio\\\/wp-content\\\/uploads\\\/2018\\\/05\\\/taxisantarosa.jpg\",\"datePublished\":\"2021-06-17T11:58:59+00:00\",\"dateModified\":\"2021-06-17T14:10:29+00:00\",\"breadcrumb\":{\"@id\":\"https:\\\/\\\/diariotextual.com\\\/inicio\\\/index.php\\\/2021\\\/06\\\/17\\\/la-camara-de-taxis-dice-que-el-aumento-del-35-en-santa-rosa-es-insuficiente\\\/#breadcrumb\"},\"inLanguage\":\"es\",\"potentialAction\":[{\"@type\":\"ReadAction\",\"target\":[\"https:\\\/\\\/diariotextual.com\\\/inicio\\\/index.php\\\/2021\\\/06\\\/17\\\/la-camara-de-taxis-dice-que-el-aumento-del-35-en-santa-rosa-es-insuficiente\\\/\"]}]},{\"@type\":\"ImageObject\",\"inLanguage\":\"es\",\"@id\":\"https:\\\/\\\/diariotextual.com\\\/inicio\\\/index.php\\\/2021\\\/06\\\/17\\\/la-camara-de-taxis-dice-que-el-aumento-del-35-en-santa-rosa-es-insuficiente\\\/#primaryimage\",\"url\":\"https:\\\/\\\/diariotextual.com\\\/inicio\\\/wp-content\\\/uploads\\\/2018\\\/05\\\/taxisantarosa.jpg\",\"contentUrl\":\"https:\\\/\\\/diariotextual.com\\\/inicio\\\/wp-content\\\/uploads\\\/2018\\\/05\\\/taxisantarosa.jpg\",\"width\":546,\"height\":388},{\"@type\":\"BreadcrumbList\",\"@id\":\"https:\\\/\\\/diariotextual.com\\\/inicio\\\/index.php\\\/2021\\\/06\\\/17\\\/la-camara-de-taxis-dice-que-el-aumento-del-35-en-santa-rosa-es-insuficiente\\\/#breadcrumb\",\"itemListElement\":[{\"@type\":\"ListItem\",\"position\":1,\"name\":\"Portada\",\"item\":\"https:\\\/\\\/diariotextual.com\\\/inicio\\\/\"},{\"@type\":\"ListItem\",\"position\":2,\"name\":\"La C\u00e1mara de Taxis dice que el aumento del 35% en Santa Rosa es insuficiente\"}]},{\"@type\":\"WebSite\",\"@id\":\"https:\\\/\\\/diariotextual.com\\\/inicio\\\/#website\",\"url\":\"https:\\\/\\\/diariotextual.com\\\/inicio\\\/\",\"name\":\"Diario Textual\",\"description\":\"\",\"publisher\":{\"@id\":\"https:\\\/\\\/diariotextual.com\\\/inicio\\\/#organization\"},\"potentialAction\":[{\"@type\":\"SearchAction\",\"target\":{\"@type\":\"EntryPoint\",\"urlTemplate\":\"https:\\\/\\\/diariotextual.com\\\/inicio\\\/?s={search_term_string}\"},\"query-input\":{\"@type\":\"PropertyValueSpecification\",\"valueRequired\":true,\"valueName\":\"search_term_string\"}}],\"inLanguage\":\"es\"},{\"@type\":\"Organization\",\"@id\":\"https:\\\/\\\/diariotextual.com\\\/inicio\\\/#organization\",\"name\":\"Diario Textual\",\"url\":\"https:\\\/\\\/diariotextual.com\\\/inicio\\\/\",\"logo\":{\"@type\":\"ImageObject\",\"inLanguage\":\"es\",\"@id\":\"https:\\\/\\\/diariotextual.com\\\/inicio\\\/#\\\/schema\\\/logo\\\/image\\\/\",\"url\":\"https:\\\/\\\/diariotextual.com\\\/inicio\\\/wp-content\\\/uploads\\\/2023\\\/05\\\/logotextual1.jpg\",\"contentUrl\":\"https:\\\/\\\/diariotextual.com\\\/inicio\\\/wp-content\\\/uploads\\\/2023\\\/05\\\/logotextual1.jpg\",\"width\":516,\"height\":76,\"caption\":\"Diario Textual\"},\"image\":{\"@id\":\"https:\\\/\\\/diariotextual.com\\\/inicio\\\/#\\\/schema\\\/logo\\\/image\\\/\"},\"sameAs\":[\"https:\\\/\\\/www.facebook.com\\\/eltextual\",\"https:\\\/\\\/x.com\\\/eltextual\",\"http:\\\/\\\/www.instagram.com\\\/eltextual\"]},{\"@type\":\"Person\",\"@id\":\"https:\\\/\\\/diariotextual.com\\\/inicio\\\/#\\\/schema\\\/person\\\/c7834961ad8b29b1d9cdbf4571299067\",\"name\":\"diario5\",\"image\":{\"@type\":\"ImageObject\",\"inLanguage\":\"es\",\"@id\":\"https:\\\/\\\/secure.gravatar.com\\\/avatar\\\/948c893b847ca6df68216ead81b63f363408ec9b0f600fefc0641ce78613b111?s=96&d=mm&r=g\",\"url\":\"https:\\\/\\\/secure.gravatar.com\\\/avatar\\\/948c893b847ca6df68216ead81b63f363408ec9b0f600fefc0641ce78613b111?s=96&d=mm&r=g\",\"contentUrl\":\"https:\\\/\\\/secure.gravatar.com\\\/avatar\\\/948c893b847ca6df68216ead81b63f363408ec9b0f600fefc0641ce78613b111?s=96&d=mm&r=g\",\"caption\":\"diario5\"},\"url\":\"https:\\\/\\\/diariotextual.com\\\/inicio\\\/index.php\\\/author\\\/diario5\\\/\"}]}<\/script>\n<!-- \/ Yoast SEO plugin. -->","yoast_head_json":{"title":"La C\u00e1mara de Taxis dice que el aumento del 35% en Santa Rosa es insuficiente - Diario Textual","robots":{"index":"index","follow":"follow","max-snippet":"max-snippet:-1","max-image-preview":"max-image-preview:large","max-video-preview":"max-video-preview:-1"},"canonical":"https:\/\/diariotextual.com\/inicio\/index.php\/2021\/06\/17\/la-camara-de-taxis-dice-que-el-aumento-del-35-en-santa-rosa-es-insuficiente\/","og_locale":"es_ES","og_type":"article","og_title":"La C\u00e1mara de Taxis dice que el aumento del 35% en Santa Rosa es insuficiente - Diario Textual","og_description":"La C\u00e1mara de Propietarios de Taxis expres\u00f3 su rechazo al 35% de aumento en la tarifa que envi\u00f3 el intendente de Santa Rosa para su tratamiento en el concejo deliberante.&hellip;","og_url":"https:\/\/diariotextual.com\/inicio\/index.php\/2021\/06\/17\/la-camara-de-taxis-dice-que-el-aumento-del-35-en-santa-rosa-es-insuficiente\/","og_site_name":"Diario Textual","article_publisher":"https:\/\/www.facebook.com\/eltextual","article_published_time":"2021-06-17T11:58:59+00:00","article_modified_time":"2021-06-17T14:10:29+00:00","og_image":[{"width":546,"height":388,"url":"https:\/\/diariotextual.com\/inicio\/wp-content\/uploads\/2018\/05\/taxisantarosa.jpg","type":"image\/jpeg"}],"author":"diario5","twitter_card":"summary_large_image","twitter_creator":"@eltextual","twitter_site":"@eltextual","twitter_misc":{"Escrito por":"diario5","Tiempo de lectura":"1 minuto"},"schema":{"@context":"https:\/\/schema.org","@graph":[{"@type":"Article","@id":"https:\/\/diariotextual.com\/inicio\/index.php\/2021\/06\/17\/la-camara-de-taxis-dice-que-el-aumento-del-35-en-santa-rosa-es-insuficiente\/#article","isPartOf":{"@id":"https:\/\/diariotextual.com\/inicio\/index.php\/2021\/06\/17\/la-camara-de-taxis-dice-que-el-aumento-del-35-en-santa-rosa-es-insuficiente\/"},"author":{"name":"diario5","@id":"https:\/\/diariotextual.com\/inicio\/#\/schema\/person\/c7834961ad8b29b1d9cdbf4571299067"},"headline":"La C\u00e1mara de Taxis dice que el aumento del 35% en Santa Rosa es insuficiente","datePublished":"2021-06-17T11:58:59+00:00","dateModified":"2021-06-17T14:10:29+00:00","mainEntityOfPage":{"@id":"https:\/\/diariotextual.com\/inicio\/index.php\/2021\/06\/17\/la-camara-de-taxis-dice-que-el-aumento-del-35-en-santa-rosa-es-insuficiente\/"},"wordCount":198,"publisher":{"@id":"https:\/\/diariotextual.com\/inicio\/#organization"},"image":{"@id":"https:\/\/diariotextual.com\/inicio\/index.php\/2021\/06\/17\/la-camara-de-taxis-dice-que-el-aumento-del-35-en-santa-rosa-es-insuficiente\/#primaryimage"},"thumbnailUrl":"https:\/\/diariotextual.com\/inicio\/wp-content\/uploads\/2018\/05\/taxisantarosa.jpg","keywords":["aumento","taxis"],"articleSection":["A - PORTADA2","SOCIEDAD"],"inLanguage":"es"},{"@type":"WebPage","@id":"https:\/\/diariotextual.com\/inicio\/index.php\/2021\/06\/17\/la-camara-de-taxis-dice-que-el-aumento-del-35-en-santa-rosa-es-insuficiente\/","url":"https:\/\/diariotextual.com\/inicio\/index.php\/2021\/06\/17\/la-camara-de-taxis-dice-que-el-aumento-del-35-en-santa-rosa-es-insuficiente\/","name":"La C\u00e1mara de Taxis dice que el aumento del 35% en Santa Rosa es insuficiente - Diario Textual","isPartOf":{"@id":"https:\/\/diariotextual.com\/inicio\/#website"},"primaryImageOfPage":{"@id":"https:\/\/diariotextual.com\/inicio\/index.php\/2021\/06\/17\/la-camara-de-taxis-dice-que-el-aumento-del-35-en-santa-rosa-es-insuficiente\/#primaryimage"},"image":{"@id":"https:\/\/diariotextual.com\/inicio\/index.php\/2021\/06\/17\/la-camara-de-taxis-dice-que-el-aumento-del-35-en-santa-rosa-es-insuficiente\/#primaryimage"},"thumbnailUrl":"https:\/\/diariotextual.com\/inicio\/wp-content\/uploads\/2018\/05\/taxisantarosa.jpg","datePublished":"2021-06-17T11:58:59+00:00","dateModified":"2021-06-17T14:10:29+00:00","breadcrumb":{"@id":"https:\/\/diariotextual.com\/inicio\/index.php\/2021\/06\/17\/la-camara-de-taxis-dice-que-el-aumento-del-35-en-santa-rosa-es-insuficiente\/#breadcrumb"},"inLanguage":"es","potentialAction":[{"@type":"ReadAction","target":["https:\/\/diariotextual.com\/inicio\/index.php\/2021\/06\/17\/la-camara-de-taxis-dice-que-el-aumento-del-35-en-santa-rosa-es-insuficiente\/"]}]},{"@type":"ImageObject","inLanguage":"es","@id":"https:\/\/diariotextual.com\/inicio\/index.php\/2021\/06\/17\/la-camara-de-taxis-dice-que-el-aumento-del-35-en-santa-rosa-es-insuficiente\/#primaryimage","url":"https:\/\/diariotextual.com\/inicio\/wp-content\/uploads\/2018\/05\/taxisantarosa.jpg","contentUrl":"https:\/\/diariotextual.com\/inicio\/wp-content\/uploads\/2018\/05\/taxisantarosa.jpg","width":546,"height":388},{"@type":"BreadcrumbList","@id":"https:\/\/diariotextual.com\/inicio\/index.php\/2021\/06\/17\/la-camara-de-taxis-dice-que-el-aumento-del-35-en-santa-rosa-es-insuficiente\/#breadcrumb","itemListElement":[{"@type":"ListItem","position":1,"name":"Portada","item":"https:\/\/diariotextual.com\/inicio\/"},{"@type":"ListItem","position":2,"name":"La C\u00e1mara de Taxis dice que el aumento del 35% en Santa Rosa es insuficiente"}]},{"@type":"WebSite","@id":"https:\/\/diariotextual.com\/inicio\/#website","url":"https:\/\/diariotextual.com\/inicio\/","name":"Diario Textual","description":"","publisher":{"@id":"https:\/\/diariotextual.com\/inicio\/#organization"},"potentialAction":[{"@type":"SearchAction","target":{"@type":"EntryPoint","urlTemplate":"https:\/\/diariotextual.com\/inicio\/?s={search_term_string}"},"query-input":{"@type":"PropertyValueSpecification","valueRequired":true,"valueName":"search_term_string"}}],"inLanguage":"es"},{"@type":"Organization","@id":"https:\/\/diariotextual.com\/inicio\/#organization","name":"Diario Textual","url":"https:\/\/diariotextual.com\/inicio\/","logo":{"@type":"ImageObject","inLanguage":"es","@id":"https:\/\/diariotextual.com\/inicio\/#\/schema\/logo\/image\/","url":"https:\/\/diariotextual.com\/inicio\/wp-content\/uploads\/2023\/05\/logotextual1.jpg","contentUrl":"https:\/\/diariotextual.com\/inicio\/wp-content\/uploads\/2023\/05\/logotextual1.jpg","width":516,"height":76,"caption":"Diario Textual"},"image":{"@id":"https:\/\/diariotextual.com\/inicio\/#\/schema\/logo\/image\/"},"sameAs":["https:\/\/www.facebook.com\/eltextual","https:\/\/x.com\/eltextual","http:\/\/www.instagram.com\/eltextual"]},{"@type":"Person","@id":"https:\/\/diariotextual.com\/inicio\/#\/schema\/person\/c7834961ad8b29b1d9cdbf4571299067","name":"diario5","image":{"@type":"ImageObject","inLanguage":"es","@id":"https:\/\/secure.gravatar.com\/avatar\/948c893b847ca6df68216ead81b63f363408ec9b0f600fefc0641ce78613b111?s=96&d=mm&r=g","url":"https:\/\/secure.gravatar.com\/avatar\/948c893b847ca6df68216ead81b63f363408ec9b0f600fefc0641ce78613b111?s=96&d=mm&r=g","contentUrl":"https:\/\/secure.gravatar.com\/avatar\/948c893b847ca6df68216ead81b63f363408ec9b0f600fefc0641ce78613b111?s=96&d=mm&r=g","caption":"diario5"},"url":"https:\/\/diariotextual.com\/inicio\/index.php\/author\/diario5\/"}]}},"_links":{"self":[{"href":"https:\/\/diariotextual.com\/inicio\/index.php\/wp-json\/wp\/v2\/posts\/150591","targetHints":{"allow":["GET"]}}],"collection":[{"href":"https:\/\/diariotextual.com\/inicio\/index.php\/wp-json\/wp\/v2\/posts"}],"about":[{"href":"https:\/\/diariotextual.com\/inicio\/index.php\/wp-json\/wp\/v2\/types\/post"}],"author":[{"embeddable":true,"href":"https:\/\/diariotextual.com\/inicio\/index.php\/wp-json\/wp\/v2\/users\/7"}],"replies":[{"embeddable":true,"href":"https:\/\/diariotextual.com\/inicio\/index.php\/wp-json\/wp\/v2\/comments?post=150591"}],"version-history":[{"count":1,"href":"https:\/\/diariotextual.com\/inicio\/index.php\/wp-json\/wp\/v2\/posts\/150591\/revisions"}],"predecessor-version":[{"id":150592,"href":"https:\/\/diariotextual.com\/inicio\/index.php\/wp-json\/wp\/v2\/posts\/150591\/revisions\/150592"}],"wp:featuredmedia":[{"embeddable":true,"href":"https:\/\/diariotextual.com\/inicio\/index.php\/wp-json\/wp\/v2\/media\/7023"}],"wp:attachment":[{"href":"https:\/\/diariotextual.com\/inicio\/index.php\/wp-json\/wp\/v2\/media?parent=150591"}],"wp:term":[{"taxonomy":"category","embeddable":true,"href":"https:\/\/diariotextual.com\/inicio\/index.php\/wp-json\/wp\/v2\/categories?post=150591"},{"taxonomy":"post_tag","embeddable":true,"href":"https:\/\/diariotextual.com\/inicio\/index.php\/wp-json\/wp\/v2\/tags?post=150591"}],"curies":[{"name":"wp","href":"https:\/\/api.w.org\/{rel}","templated":true}]}}